{"id":46254,"date":"2025-04-21T22:15:25","date_gmt":"2025-04-21T22:15:25","guid":{"rendered":"https:\/\/jornalboasnoticias.com.br\/home\/?p=46254"},"modified":"2025-04-21T22:15:25","modified_gmt":"2025-04-21T22:15:25","slug":"culto-de-louvores-e-adoracao-marca-47a-ago-em-sao-paulo","status":"publish","type":"post","link":"https:\/\/jornalboasnoticias.com.br\/home\/culto-de-louvores-e-adoracao-marca-47a-ago-em-sao-paulo\/","title":{"rendered":"Culto de louvores e adora\u00e7\u00e3o marca 47\u00aa AGO em S\u00e3o Paulo"},"content":{"rendered":"<p style=\"text-align: center;\"><em><strong>O evento tem como tema &#8220;Cheios do Esp\u00edrito Santo para anunciar com ousadia a Palavra de Deus&#8221; (Atos 4.31)<\/strong><\/em><\/p>\n<p><img loading=\"lazy\" decoding=\"async\" class=\"alignnone size-full wp-image-46258\" src=\"https:\/\/jornalboasnoticias.com.br\/home\/wp-content\/uploads\/2025\/04\/Preletor.jpg\" alt=\"\" width=\"775\" height=\"475\" srcset=\"https:\/\/jornalboasnoticias.com.br\/home\/wp-content\/uploads\/2025\/04\/Preletor.jpg 775w, https:\/\/jornalboasnoticias.com.br\/home\/wp-content\/uploads\/2025\/04\/Preletor-300x184.jpg 300w, https:\/\/jornalboasnoticias.com.br\/home\/wp-content\/uploads\/2025\/04\/Preletor-768x471.jpg 768w\" sizes=\"auto, (max-width: 775px) 100vw, 775px\" \/><\/p>\n<p>Dando continuidade a programa\u00e7\u00e3o da 47\u00aa Assembleia Geral Ordin\u00e1ria (AGO) da Conven\u00e7\u00e3o Geral dos Ministros das Igrejas Evang\u00e9licas Assembleia de Deus do Brasil (CGADB), foi realizado mais um culto na noite deste domingo (20), no templo-sede da Assembleia de Deus Minist\u00e9rio do Bel\u00e9m em S\u00e3o Paulo.<\/p>\n<p>O irm\u00e3o Ronaldo Rodrigues de Souza, diretor executivo da Casa Publicadora das Assembleias de Deus (CPAD) deu a abertura a programa\u00e7\u00e3o e cantou os hinos da Harpa Crist\u00e3, juntamente com os irm\u00e3os presentes.<\/p>\n<p>Na oportunidade, ele convidou ao pastor Jos\u00e9 Wellington Costa J\u00fanior, presidente da CGADB, e demais membros da diretoria para compor \u00e1 Mesa. A leitura b\u00edblica da noite, com base no tema escolhido\u00a0 \u2013 \u201cCheios do Esp\u00edrito Santo para anunciar com ousadia a Palavra de Deus\u201c -, foi feito pelo pastor Ailton Jos\u00e9 Alves Junior (AD Sede em PE).<\/p>\n<p>O conclave contou com a participa\u00e7\u00e3o do coral da igreja, das crian\u00e7as, dos adolescentes, dos jovens e do Quarteto Gileade. A cantora Eli\u00e3 Oliveira cantou com o grande grupo de mulheres da igreja.<\/p>\n<p>A Palavra de Deus foi pregada pelo pastor Juliano Fraga, com base em 2Co 15.26,45,52.<\/p>\n<p><strong>CPAD News<\/strong><\/p>\n","protected":false},"excerpt":{"rendered":"<p>O evento tem como tema &#8220;Cheios do Esp\u00edrito Santo para anunciar com ousadia a Palavra<\/p>\n","protected":false},"author":3,"featured_media":46258,"comment_status":"open","ping_status":"open","sticky":false,"template":"","format":"standard","meta":{"footnotes":""},"categories":[6],"tags":[],"class_list":["post-46254","post","type-post","status-publish","format-standard","has-post-thumbnail","hentry","category-brasil"],"yoast_head":"<!-- This site is optimized with the Yoast SEO plugin v27.5 - https:\/\/yoast.com\/product\/yoast-seo-wordpress\/ -->\n<title>Culto de louvores e adora\u00e7\u00e3o marca 47\u00aa AGO em S\u00e3o Paulo - Jornal<\/title>\n<meta name=\"description\" content=\"Culto de louvores e adora\u00e7\u00e3o marca 47\u00aa AGO em S\u00e3o Paulo\" \/>\n<meta name=\"robots\" content=\"index, follow, max-snippet:-1, max-image-preview:large, max-video-preview:-1\" \/>\n<link rel=\"canonical\" href=\"https:\/\/jornalboasnoticias.com.br\/home\/culto-de-louvores-e-adoracao-marca-47a-ago-em-sao-paulo\/\" \/>\n<meta property=\"og:locale\" content=\"pt_BR\" \/>\n<meta property=\"og:type\" content=\"article\" \/>\n<meta property=\"og:title\" content=\"Culto de louvores e adora\u00e7\u00e3o marca 47\u00aa AGO em S\u00e3o Paulo - Jornal\" \/>\n<meta property=\"og:description\" content=\"Culto de louvores e adora\u00e7\u00e3o marca 47\u00aa AGO em S\u00e3o Paulo\" \/>\n<meta property=\"og:url\" content=\"https:\/\/jornalboasnoticias.com.br\/home\/culto-de-louvores-e-adoracao-marca-47a-ago-em-sao-paulo\/\" \/>\n<meta property=\"og:site_name\" content=\"Jornal\" \/>\n<meta property=\"article:publisher\" content=\"https:\/\/www.facebook.com\/boasnoticiasjornal\" \/>\n<meta property=\"article:published_time\" content=\"2025-04-21T22:15:25+00:00\" \/>\n<meta property=\"og:image\" content=\"https:\/\/jornalboasnoticias.com.br\/home\/wp-content\/uploads\/2025\/04\/Preletor.jpg\" \/>\n\t<meta property=\"og:image:width\" content=\"775\" \/>\n\t<meta property=\"og:image:height\" content=\"475\" \/>\n\t<meta property=\"og:image:type\" content=\"image\/jpeg\" \/>\n<meta name=\"author\" content=\"Luiz Carlos da Cruz\" \/>\n<meta name=\"twitter:card\" content=\"summary_large_image\" \/>\n<meta name=\"twitter:label1\" content=\"Escrito por\" \/>\n\t<meta name=\"twitter:data1\" content=\"Luiz Carlos da Cruz\" \/>\n\t<meta name=\"twitter:label2\" content=\"Est. tempo de leitura\" \/>\n\t<meta name=\"twitter:data2\" content=\"2 minutos\" \/>\n<script type=\"application\/ld+json\" class=\"yoast-schema-graph\">{\"@context\":\"https:\\\/\\\/schema.org\",\"@graph\":[{\"@type\":\"Article\",\"@id\":\"https:\\\/\\\/jornalboasnoticias.com.br\\\/home\\\/culto-de-louvores-e-adoracao-marca-47a-ago-em-sao-paulo\\\/#article\",\"isPartOf\":{\"@id\":\"https:\\\/\\\/jornalboasnoticias.com.br\\\/home\\\/culto-de-louvores-e-adoracao-marca-47a-ago-em-sao-paulo\\\/\"},\"author\":{\"name\":\"Luiz Carlos da Cruz\",\"@id\":\"https:\\\/\\\/jornalboasnoticias.com.br\\\/home\\\/#\\\/schema\\\/person\\\/75f9ebde398c998c166475fb446bda62\"},\"headline\":\"Culto de louvores e adora\u00e7\u00e3o marca 47\u00aa AGO em S\u00e3o Paulo\",\"datePublished\":\"2025-04-21T22:15:25+00:00\",\"mainEntityOfPage\":{\"@id\":\"https:\\\/\\\/jornalboasnoticias.com.br\\\/home\\\/culto-de-louvores-e-adoracao-marca-47a-ago-em-sao-paulo\\\/\"},\"wordCount\":228,\"commentCount\":0,\"publisher\":{\"@id\":\"https:\\\/\\\/jornalboasnoticias.com.br\\\/home\\\/#organization\"},\"image\":{\"@id\":\"https:\\\/\\\/jornalboasnoticias.com.br\\\/home\\\/culto-de-louvores-e-adoracao-marca-47a-ago-em-sao-paulo\\\/#primaryimage\"},\"thumbnailUrl\":\"https:\\\/\\\/jornalboasnoticias.com.br\\\/home\\\/wp-content\\\/uploads\\\/2025\\\/04\\\/Preletor.jpg\",\"articleSection\":[\"BRASIL\"],\"inLanguage\":\"pt-BR\",\"potentialAction\":[{\"@type\":\"CommentAction\",\"name\":\"Comment\",\"target\":[\"https:\\\/\\\/jornalboasnoticias.com.br\\\/home\\\/culto-de-louvores-e-adoracao-marca-47a-ago-em-sao-paulo\\\/#respond\"]}]},{\"@type\":\"WebPage\",\"@id\":\"https:\\\/\\\/jornalboasnoticias.com.br\\\/home\\\/culto-de-louvores-e-adoracao-marca-47a-ago-em-sao-paulo\\\/\",\"url\":\"https:\\\/\\\/jornalboasnoticias.com.br\\\/home\\\/culto-de-louvores-e-adoracao-marca-47a-ago-em-sao-paulo\\\/\",\"name\":\"Culto de louvores e adora\u00e7\u00e3o marca 47\u00aa AGO em S\u00e3o Paulo - Jornal\",\"isPartOf\":{\"@id\":\"https:\\\/\\\/jornalboasnoticias.com.br\\\/home\\\/#website\"},\"primaryImageOfPage\":{\"@id\":\"https:\\\/\\\/jornalboasnoticias.com.br\\\/home\\\/culto-de-louvores-e-adoracao-marca-47a-ago-em-sao-paulo\\\/#primaryimage\"},\"image\":{\"@id\":\"https:\\\/\\\/jornalboasnoticias.com.br\\\/home\\\/culto-de-louvores-e-adoracao-marca-47a-ago-em-sao-paulo\\\/#primaryimage\"},\"thumbnailUrl\":\"https:\\\/\\\/jornalboasnoticias.com.br\\\/home\\\/wp-content\\\/uploads\\\/2025\\\/04\\\/Preletor.jpg\",\"datePublished\":\"2025-04-21T22:15:25+00:00\",\"description\":\"Culto de louvores e adora\u00e7\u00e3o marca 47\u00aa AGO em S\u00e3o Paulo\",\"breadcrumb\":{\"@id\":\"https:\\\/\\\/jornalboasnoticias.com.br\\\/home\\\/culto-de-louvores-e-adoracao-marca-47a-ago-em-sao-paulo\\\/#breadcrumb\"},\"inLanguage\":\"pt-BR\",\"potentialAction\":[{\"@type\":\"ReadAction\",\"target\":[\"https:\\\/\\\/jornalboasnoticias.com.br\\\/home\\\/culto-de-louvores-e-adoracao-marca-47a-ago-em-sao-paulo\\\/\"]}]},{\"@type\":\"ImageObject\",\"inLanguage\":\"pt-BR\",\"@id\":\"https:\\\/\\\/jornalboasnoticias.com.br\\\/home\\\/culto-de-louvores-e-adoracao-marca-47a-ago-em-sao-paulo\\\/#primaryimage\",\"url\":\"https:\\\/\\\/jornalboasnoticias.com.br\\\/home\\\/wp-content\\\/uploads\\\/2025\\\/04\\\/Preletor.jpg\",\"contentUrl\":\"https:\\\/\\\/jornalboasnoticias.com.br\\\/home\\\/wp-content\\\/uploads\\\/2025\\\/04\\\/Preletor.jpg\",\"width\":775,\"height\":475},{\"@type\":\"BreadcrumbList\",\"@id\":\"https:\\\/\\\/jornalboasnoticias.com.br\\\/home\\\/culto-de-louvores-e-adoracao-marca-47a-ago-em-sao-paulo\\\/#breadcrumb\",\"itemListElement\":[{\"@type\":\"ListItem\",\"position\":1,\"name\":\"In\u00edcio\",\"item\":\"https:\\\/\\\/jornalboasnoticias.com.br\\\/home\\\/\"},{\"@type\":\"ListItem\",\"position\":2,\"name\":\"Culto de louvores e adora\u00e7\u00e3o marca 47\u00aa AGO em S\u00e3o Paulo\"}]},{\"@type\":\"WebSite\",\"@id\":\"https:\\\/\\\/jornalboasnoticias.com.br\\\/home\\\/#website\",\"url\":\"https:\\\/\\\/jornalboasnoticias.com.br\\\/home\\\/\",\"name\":\"Jornal Boas Not\u00edcias\",\"description\":\"Boas not\u00edcias\",\"publisher\":{\"@id\":\"https:\\\/\\\/jornalboasnoticias.com.br\\\/home\\\/#organization\"},\"potentialAction\":[{\"@type\":\"SearchAction\",\"target\":{\"@type\":\"EntryPoint\",\"urlTemplate\":\"https:\\\/\\\/jornalboasnoticias.com.br\\\/home\\\/?s={search_term_string}\"},\"query-input\":{\"@type\":\"PropertyValueSpecification\",\"valueRequired\":true,\"valueName\":\"search_term_string\"}}],\"inLanguage\":\"pt-BR\"},{\"@type\":\"Organization\",\"@id\":\"https:\\\/\\\/jornalboasnoticias.com.br\\\/home\\\/#organization\",\"name\":\"Coq Editora Ltda\",\"alternateName\":\"Jornal Boas Noticias\",\"url\":\"https:\\\/\\\/jornalboasnoticias.com.br\\\/home\\\/\",\"logo\":{\"@type\":\"ImageObject\",\"inLanguage\":\"pt-BR\",\"@id\":\"https:\\\/\\\/jornalboasnoticias.com.br\\\/home\\\/#\\\/schema\\\/logo\\\/image\\\/\",\"url\":\"https:\\\/\\\/jornalboasnoticias.com.br\\\/home\\\/wp-content\\\/uploads\\\/2024\\\/07\\\/cropped-logo.jpg\",\"contentUrl\":\"https:\\\/\\\/jornalboasnoticias.com.br\\\/home\\\/wp-content\\\/uploads\\\/2024\\\/07\\\/cropped-logo.jpg\",\"width\":290,\"height\":142,\"caption\":\"Coq Editora Ltda\"},\"image\":{\"@id\":\"https:\\\/\\\/jornalboasnoticias.com.br\\\/home\\\/#\\\/schema\\\/logo\\\/image\\\/\"},\"sameAs\":[\"https:\\\/\\\/www.facebook.com\\\/boasnoticiasjornal\"]},{\"@type\":\"Person\",\"@id\":\"https:\\\/\\\/jornalboasnoticias.com.br\\\/home\\\/#\\\/schema\\\/person\\\/75f9ebde398c998c166475fb446bda62\",\"name\":\"Luiz Carlos da Cruz\",\"image\":{\"@type\":\"ImageObject\",\"inLanguage\":\"pt-BR\",\"@id\":\"https:\\\/\\\/secure.gravatar.com\\\/avatar\\\/e6f4f45301b6cb8572f7b076572e8ac11c1db80e805d8c8d0858cf286ce3ac3b?s=96&d=mm&r=g\",\"url\":\"https:\\\/\\\/secure.gravatar.com\\\/avatar\\\/e6f4f45301b6cb8572f7b076572e8ac11c1db80e805d8c8d0858cf286ce3ac3b?s=96&d=mm&r=g\",\"contentUrl\":\"https:\\\/\\\/secure.gravatar.com\\\/avatar\\\/e6f4f45301b6cb8572f7b076572e8ac11c1db80e805d8c8d0858cf286ce3ac3b?s=96&d=mm&r=g\",\"caption\":\"Luiz Carlos da Cruz\"},\"url\":\"https:\\\/\\\/jornalboasnoticias.com.br\\\/home\\\/author\\\/luiz-carlos-da-cruz\\\/\"}]}<\/script>\n<!-- \/ Yoast SEO plugin. -->","yoast_head_json":{"title":"Culto de louvores e adora\u00e7\u00e3o marca 47\u00aa AGO em S\u00e3o Paulo - Jornal","description":"Culto de louvores e adora\u00e7\u00e3o marca 47\u00aa AGO em S\u00e3o Paulo","robots":{"index":"index","follow":"follow","max-snippet":"max-snippet:-1","max-image-preview":"max-image-preview:large","max-video-preview":"max-video-preview:-1"},"canonical":"https:\/\/jornalboasnoticias.com.br\/home\/culto-de-louvores-e-adoracao-marca-47a-ago-em-sao-paulo\/","og_locale":"pt_BR","og_type":"article","og_title":"Culto de louvores e adora\u00e7\u00e3o marca 47\u00aa AGO em S\u00e3o Paulo - Jornal","og_description":"Culto de louvores e adora\u00e7\u00e3o marca 47\u00aa AGO em S\u00e3o Paulo","og_url":"https:\/\/jornalboasnoticias.com.br\/home\/culto-de-louvores-e-adoracao-marca-47a-ago-em-sao-paulo\/","og_site_name":"Jornal","article_publisher":"https:\/\/www.facebook.com\/boasnoticiasjornal","article_published_time":"2025-04-21T22:15:25+00:00","og_image":[{"width":775,"height":475,"url":"https:\/\/jornalboasnoticias.com.br\/home\/wp-content\/uploads\/2025\/04\/Preletor.jpg","type":"image\/jpeg"}],"author":"Luiz Carlos da Cruz","twitter_card":"summary_large_image","twitter_misc":{"Escrito por":"Luiz Carlos da Cruz","Est. tempo de leitura":"2 minutos"},"schema":{"@context":"https:\/\/schema.org","@graph":[{"@type":"Article","@id":"https:\/\/jornalboasnoticias.com.br\/home\/culto-de-louvores-e-adoracao-marca-47a-ago-em-sao-paulo\/#article","isPartOf":{"@id":"https:\/\/jornalboasnoticias.com.br\/home\/culto-de-louvores-e-adoracao-marca-47a-ago-em-sao-paulo\/"},"author":{"name":"Luiz Carlos da Cruz","@id":"https:\/\/jornalboasnoticias.com.br\/home\/#\/schema\/person\/75f9ebde398c998c166475fb446bda62"},"headline":"Culto de louvores e adora\u00e7\u00e3o marca 47\u00aa AGO em S\u00e3o Paulo","datePublished":"2025-04-21T22:15:25+00:00","mainEntityOfPage":{"@id":"https:\/\/jornalboasnoticias.com.br\/home\/culto-de-louvores-e-adoracao-marca-47a-ago-em-sao-paulo\/"},"wordCount":228,"commentCount":0,"publisher":{"@id":"https:\/\/jornalboasnoticias.com.br\/home\/#organization"},"image":{"@id":"https:\/\/jornalboasnoticias.com.br\/home\/culto-de-louvores-e-adoracao-marca-47a-ago-em-sao-paulo\/#primaryimage"},"thumbnailUrl":"https:\/\/jornalboasnoticias.com.br\/home\/wp-content\/uploads\/2025\/04\/Preletor.jpg","articleSection":["BRASIL"],"inLanguage":"pt-BR","potentialAction":[{"@type":"CommentAction","name":"Comment","target":["https:\/\/jornalboasnoticias.com.br\/home\/culto-de-louvores-e-adoracao-marca-47a-ago-em-sao-paulo\/#respond"]}]},{"@type":"WebPage","@id":"https:\/\/jornalboasnoticias.com.br\/home\/culto-de-louvores-e-adoracao-marca-47a-ago-em-sao-paulo\/","url":"https:\/\/jornalboasnoticias.com.br\/home\/culto-de-louvores-e-adoracao-marca-47a-ago-em-sao-paulo\/","name":"Culto de louvores e adora\u00e7\u00e3o marca 47\u00aa AGO em S\u00e3o Paulo - Jornal","isPartOf":{"@id":"https:\/\/jornalboasnoticias.com.br\/home\/#website"},"primaryImageOfPage":{"@id":"https:\/\/jornalboasnoticias.com.br\/home\/culto-de-louvores-e-adoracao-marca-47a-ago-em-sao-paulo\/#primaryimage"},"image":{"@id":"https:\/\/jornalboasnoticias.com.br\/home\/culto-de-louvores-e-adoracao-marca-47a-ago-em-sao-paulo\/#primaryimage"},"thumbnailUrl":"https:\/\/jornalboasnoticias.com.br\/home\/wp-content\/uploads\/2025\/04\/Preletor.jpg","datePublished":"2025-04-21T22:15:25+00:00","description":"Culto de louvores e adora\u00e7\u00e3o marca 47\u00aa AGO em S\u00e3o Paulo","breadcrumb":{"@id":"https:\/\/jornalboasnoticias.com.br\/home\/culto-de-louvores-e-adoracao-marca-47a-ago-em-sao-paulo\/#breadcrumb"},"inLanguage":"pt-BR","potentialAction":[{"@type":"ReadAction","target":["https:\/\/jornalboasnoticias.com.br\/home\/culto-de-louvores-e-adoracao-marca-47a-ago-em-sao-paulo\/"]}]},{"@type":"ImageObject","inLanguage":"pt-BR","@id":"https:\/\/jornalboasnoticias.com.br\/home\/culto-de-louvores-e-adoracao-marca-47a-ago-em-sao-paulo\/#primaryimage","url":"https:\/\/jornalboasnoticias.com.br\/home\/wp-content\/uploads\/2025\/04\/Preletor.jpg","contentUrl":"https:\/\/jornalboasnoticias.com.br\/home\/wp-content\/uploads\/2025\/04\/Preletor.jpg","width":775,"height":475},{"@type":"BreadcrumbList","@id":"https:\/\/jornalboasnoticias.com.br\/home\/culto-de-louvores-e-adoracao-marca-47a-ago-em-sao-paulo\/#breadcrumb","itemListElement":[{"@type":"ListItem","position":1,"name":"In\u00edcio","item":"https:\/\/jornalboasnoticias.com.br\/home\/"},{"@type":"ListItem","position":2,"name":"Culto de louvores e adora\u00e7\u00e3o marca 47\u00aa AGO em S\u00e3o Paulo"}]},{"@type":"WebSite","@id":"https:\/\/jornalboasnoticias.com.br\/home\/#website","url":"https:\/\/jornalboasnoticias.com.br\/home\/","name":"Jornal Boas Not\u00edcias","description":"Boas not\u00edcias","publisher":{"@id":"https:\/\/jornalboasnoticias.com.br\/home\/#organization"},"potentialAction":[{"@type":"SearchAction","target":{"@type":"EntryPoint","urlTemplate":"https:\/\/jornalboasnoticias.com.br\/home\/?s={search_term_string}"},"query-input":{"@type":"PropertyValueSpecification","valueRequired":true,"valueName":"search_term_string"}}],"inLanguage":"pt-BR"},{"@type":"Organization","@id":"https:\/\/jornalboasnoticias.com.br\/home\/#organization","name":"Coq Editora Ltda","alternateName":"Jornal Boas Noticias","url":"https:\/\/jornalboasnoticias.com.br\/home\/","logo":{"@type":"ImageObject","inLanguage":"pt-BR","@id":"https:\/\/jornalboasnoticias.com.br\/home\/#\/schema\/logo\/image\/","url":"https:\/\/jornalboasnoticias.com.br\/home\/wp-content\/uploads\/2024\/07\/cropped-logo.jpg","contentUrl":"https:\/\/jornalboasnoticias.com.br\/home\/wp-content\/uploads\/2024\/07\/cropped-logo.jpg","width":290,"height":142,"caption":"Coq Editora Ltda"},"image":{"@id":"https:\/\/jornalboasnoticias.com.br\/home\/#\/schema\/logo\/image\/"},"sameAs":["https:\/\/www.facebook.com\/boasnoticiasjornal"]},{"@type":"Person","@id":"https:\/\/jornalboasnoticias.com.br\/home\/#\/schema\/person\/75f9ebde398c998c166475fb446bda62","name":"Luiz Carlos da Cruz","image":{"@type":"ImageObject","inLanguage":"pt-BR","@id":"https:\/\/secure.gravatar.com\/avatar\/e6f4f45301b6cb8572f7b076572e8ac11c1db80e805d8c8d0858cf286ce3ac3b?s=96&d=mm&r=g","url":"https:\/\/secure.gravatar.com\/avatar\/e6f4f45301b6cb8572f7b076572e8ac11c1db80e805d8c8d0858cf286ce3ac3b?s=96&d=mm&r=g","contentUrl":"https:\/\/secure.gravatar.com\/avatar\/e6f4f45301b6cb8572f7b076572e8ac11c1db80e805d8c8d0858cf286ce3ac3b?s=96&d=mm&r=g","caption":"Luiz Carlos da Cruz"},"url":"https:\/\/jornalboasnoticias.com.br\/home\/author\/luiz-carlos-da-cruz\/"}]}},"_links":{"self":[{"href":"https:\/\/jornalboasnoticias.com.br\/home\/wp-json\/wp\/v2\/posts\/46254","targetHints":{"allow":["GET"]}}],"collection":[{"href":"https:\/\/jornalboasnoticias.com.br\/home\/wp-json\/wp\/v2\/posts"}],"about":[{"href":"https:\/\/jornalboasnoticias.com.br\/home\/wp-json\/wp\/v2\/types\/post"}],"author":[{"embeddable":true,"href":"https:\/\/jornalboasnoticias.com.br\/home\/wp-json\/wp\/v2\/users\/3"}],"replies":[{"embeddable":true,"href":"https:\/\/jornalboasnoticias.com.br\/home\/wp-json\/wp\/v2\/comments?post=46254"}],"version-history":[{"count":1,"href":"https:\/\/jornalboasnoticias.com.br\/home\/wp-json\/wp\/v2\/posts\/46254\/revisions"}],"predecessor-version":[{"id":46259,"href":"https:\/\/jornalboasnoticias.com.br\/home\/wp-json\/wp\/v2\/posts\/46254\/revisions\/46259"}],"wp:featuredmedia":[{"embeddable":true,"href":"https:\/\/jornalboasnoticias.com.br\/home\/wp-json\/wp\/v2\/media\/46258"}],"wp:attachment":[{"href":"https:\/\/jornalboasnoticias.com.br\/home\/wp-json\/wp\/v2\/media?parent=46254"}],"wp:term":[{"taxonomy":"category","embeddable":true,"href":"https:\/\/jornalboasnoticias.com.br\/home\/wp-json\/wp\/v2\/categories?post=46254"},{"taxonomy":"post_tag","embeddable":true,"href":"https:\/\/jornalboasnoticias.com.br\/home\/wp-json\/wp\/v2\/tags?post=46254"}],"curies":[{"name":"wp","href":"https:\/\/api.w.org\/{rel}","templated":true}]}}