{"id":46222,"date":"2025-02-07T00:21:34","date_gmt":"2025-02-07T00:21:34","guid":{"rendered":"https:\/\/jornalboasnoticias.com.br\/home\/?p=46222"},"modified":"2025-02-07T00:21:34","modified_gmt":"2025-02-07T00:21:34","slug":"pastores-de-igrejas-brasileiras-nos-eua-pedem-para-a-comunidade-manter-a-calma","status":"publish","type":"post","link":"https:\/\/jornalboasnoticias.com.br\/home\/pastores-de-igrejas-brasileiras-nos-eua-pedem-para-a-comunidade-manter-a-calma\/","title":{"rendered":"Pastores de igrejas brasileiras nos EUA pedem para a comunidade manter a calma"},"content":{"rendered":"<p><img loading=\"lazy\" decoding=\"async\" class=\"alignnone size-full wp-image-46223\" src=\"https:\/\/jornalboasnoticias.com.br\/home\/wp-content\/uploads\/2025\/02\/77.jpg\" alt=\"\" width=\"960\" height=\"640\" srcset=\"https:\/\/jornalboasnoticias.com.br\/home\/wp-content\/uploads\/2025\/02\/77.jpg 960w, https:\/\/jornalboasnoticias.com.br\/home\/wp-content\/uploads\/2025\/02\/77-300x200.jpg 300w, https:\/\/jornalboasnoticias.com.br\/home\/wp-content\/uploads\/2025\/02\/77-768x512.jpg 768w, https:\/\/jornalboasnoticias.com.br\/home\/wp-content\/uploads\/2025\/02\/77-900x600.jpg 900w\" sizes=\"auto, (max-width: 960px) 100vw, 960px\" \/><\/p>\n<p>A execu\u00e7\u00e3o do programa voltado \u00e0 deporta\u00e7\u00e3o de indocumentados deflagrado depois da posse de Donald Trump no dia 20 de janeiro deste ano deixou esse grupo de imigrantes preocupados, temerosos de terem de retornar aos seus pa\u00edses de origem de repente, deixando para tr\u00e1s fam\u00edlias, sonhos e esperan\u00e7a de uma vida melhor.<\/p>\n<p>Entrar em p\u00e2nico n\u00e3o \u00e9 a solu\u00e7\u00e3o, prega o pastor Lierte Soares Jr., presidente da BCNE (Baptist Churches of New England). \u201cQueremos colaborar com as leis americanas, mas temos o dever de prestar assist\u00eancia \u00e0queles que est\u00e3o aqui fora do status legal. O que me deixa frustrado \u00e9 o fato das amea\u00e7as de invadirem igrejas, escolas e hospitais, que s\u00e3o \u00e1reas protegidas\u201d, diz Lierte.<\/p>\n<p>Ele \u00e9 a favor da 4\u00aa Emenda (que protege as pessoas de sofrerem abordagens sem justificativa), e acha que o governo n\u00e3o pode extrapolar suas prerrogativas. \u201cAqui ainda \u00e9 a p\u00e1tria da democracia, da defesa dos direitos e eu, como batista, me sinto incomodado com essas atitudes. Precisamos voltar aos tempos da concilia\u00e7\u00e3o, quando apenas havia advers\u00e1rios pol\u00edticos e n\u00e3o essa cultura de \u00f3dio que se instalou no pa\u00eds\u201d, disse o religioso.<\/p>\n<p>Lierte afirma n\u00e3o ter inclina\u00e7\u00e3o nem pelos republicanos nem pelos democratas porque, segundo ele, nenhum dos dois partidos se preocupam em melhorar a na\u00e7\u00e3o. Pelo contr\u00e1rio, ambos est\u00e3o preocupados em semear o medo na popula\u00e7\u00e3o. \u201cTrump deveria se concentrar no novo mapa geopol\u00edtico do mundo. Deveria dedicar seus primeiros 100 dias de governo para priorizar as rela\u00e7\u00f5es internacionais, e n\u00e3o ficar perseguindo pessoas que apenas desejam contribuir para o crescimento da na\u00e7\u00e3o e da sociedade\u201d, disse.<\/p>\n<p>O pastor batista elogia l\u00edderes como Abraham Lincoln, Ronald Reagan (republicanos) e Bill Clinton (democrata) que fizeram bons governos, elevaram o conceito dos Estados Unidos tanto no plano dom\u00e9stico como no internacional.<\/p>\n<h2 class=\"wp-block-heading\"><strong>Cartilha de orienta\u00e7\u00f5es<\/strong><\/h2>\n<p>A fim de acalmar a popula\u00e7\u00e3o, assustada com essa ca\u00e7a \u00e0s bruxas, o pastor Soares Jr., cuja igreja est\u00e1 sediada em Massachusetts (um estado-santu\u00e1rio, que protege imigrantes indocumentados), e outros pastores est\u00e3o confeccionando um guia sobre como a comunidade deve proceder para evitar problemas com os agentes da imigra\u00e7\u00e3o. Afinal, em Framingham, onde se concentra um grupo grande de brasileiros, a aus\u00eancia escolar chegou a 60%, enquanto as igrejas viram a frequ\u00eancia diminuir entre 30 e 70%.<\/p>\n<p>Os fieis sabem que podem contar com o apoio das igrejas locais no sentido de dar guarida \u00e0queles que se encontram em condi\u00e7\u00f5es mais fr\u00e1geis diante da legisla\u00e7\u00e3o do pa\u00eds.<\/p>\n<p>Abaixo alguns itens que comp\u00f5em o guia elaborado para auxiliar a comunidade brasileira em todas cidades americanas:<\/p>\n<h2 class=\"wp-block-heading\"><strong>O que a igreja n\u00e3o deve fazer?<\/strong><\/h2>\n<ul>\n<li>N\u00e3o vamos manter informa\u00e7\u00f5es sobre membros onde elas podem ser vistas.<\/li>\n<li>N\u00e3o vamos coletar informa\u00e7\u00e3o do status imigrat\u00f3rio dos fieis.<\/li>\n<li>N\u00e3o iremos permitir que agentes do ICE entrem nas depend\u00eancias da igreja sem um mandado judicial apropriado e sem a permissa\u00e3o do pastor ou do diretor executivo da BCNE.<\/li>\n<\/ul>\n<h2 class=\"wp-block-heading\"><strong>Orientar aos membros que est\u00e3o sem status imigrat\u00f3rio para as seguintes a\u00e7\u00f5es:<\/strong><\/h2>\n<p>Tenha certeza que uma pessoa de confian\u00e7a saiba:<\/p>\n<ul>\n<li>Como ter acesso a suas contas e documentos<\/li>\n<li>Quem pode pegar sua crian\u00e7a na escola<\/li>\n<li>Como contactar um advogado de imigra\u00e7\u00e3o em seu favor.<\/li>\n<li>Se a pessoa n\u00e3o tiver um advogado de imigra\u00e7\u00e3o, existe uma alternativa: Immigration Defense Hotline (617) 988-0606<\/li>\n<\/ul>\n<h2 class=\"wp-block-heading\"><strong>O que os membros da igreja devem fazer?<\/strong><\/h2>\n<ul>\n<li>N\u00e3o acredite em tudo que voc\u00ea ler nas redes sociais. A maior parte dos relat\u00f3rios de a\u00e7\u00f5es do ICE s\u00e3o falsos.<\/li>\n<li>N\u00e3o abra a sua porta se voc\u00ea n\u00e3o souber quem \u00e9 a pessoa.<\/li>\n<li>Voc\u00ea n\u00e3o precisa deixar ningu\u00e9m entrar se a pessoa n\u00e3o tiver um mandado judicial apropriado assinado por um juiz de corte distrital federal.<\/li>\n<li>Se voc\u00ea tiver uma carteira de motorista de Massachusetts (ou de outro estado, quando estiver v\u00e1lida), sempre utilize a mesma como documento de identifica\u00e7\u00e3o e evite andar com o passaporte.<\/li>\n<\/ul>\n<h2 class=\"wp-block-heading\"><strong>Orientar aos membros que est\u00e3o sem status imigrat\u00f3rio para as seguintes a\u00e7\u00f5es:<\/strong><\/h2>\n<ul>\n<li>Se tiver filhos, tenha certeza que a escola tenha a informa\u00e7\u00e3o da pessoa alternativa para pegar sua crian\u00e7a. Ligue para escola e adicione o nome e contato dessa pessoa.<\/li>\n<li>Voc\u00ea pode preencher o formul\u00e1rio de autoriza\u00e7\u00e3o para cuidado de sua crian\u00e7a, caso voc\u00ea n\u00e3o possa estar l\u00e1 por causa do ICE. Ser\u00e1 necess\u00e1rio um not\u00e1rio publico e a BCNE vai ajudar com isso sem cobrar taxa.<\/li>\n<li>Memorize o telefone da pessoa de confian\u00e7a.<\/li>\n<\/ul>\n<p>Na Fl\u00f3rida n\u00e3o \u00e9 diferente. O pastor Silair de Almeida, que atua junto \u00e0s igrejas batistas americanas, ratifica os conselhos dados pelos membros da BCNE e d\u00e1 seu testemunho pessoal: \u201cEstava em um voo e vi uma pessoa sendo detida por ser indocumentada. Ou seja, meu conselho para aqueles que est\u00e3o fora do sttus legal imigrat\u00f3rio \u00e9 evitar transportes p\u00fablicos, como avi\u00f5es, trens, \u00f4nibus de longa dist\u00e2ncia, porque isto implica frequentar aeroportos, esta\u00e7\u00f5es rodovi\u00e1rias e ferrovi\u00e1rias\u201d.<\/p>\n<p>Assim como o pastor de Massachusetts, Silair de Almeida acredita que esse clima de terror n\u00e3o vai perdurar por muito tempo. Por\u00e9m, enquanto a sanha deportat\u00f3ria estiver em alta, o melhor mesmo \u00e9 evitar ao m\u00e1ximo se expor e chamar a aten\u00e7\u00e3o dos policiais das patrulhas de imigra\u00e7\u00e3o.<\/p>\n<p><strong>Fonte: Achei USA<\/strong><\/p>\n","protected":false},"excerpt":{"rendered":"<p>A execu\u00e7\u00e3o do programa voltado \u00e0 deporta\u00e7\u00e3o de indocumentados deflagrado depois da posse de Donald<\/p>\n","protected":false},"author":3,"featured_media":46223,"comment_status":"open","ping_status":"open","sticky":false,"template":"","format":"standard","meta":{"footnotes":""},"categories":[9],"tags":[44],"class_list":["post-46222","post","type-post","status-publish","format-standard","has-post-thumbnail","hentry","category-internacional","tag-estados-unidos"],"yoast_head":"<!-- This site is optimized with the Yoast SEO plugin v27.5 - https:\/\/yoast.com\/product\/yoast-seo-wordpress\/ -->\n<title>Pastores de igrejas brasileiras nos EUA pedem para a comunidade manter a calma - Jornal<\/title>\n<meta name=\"description\" content=\"Pastores de igrejas brasileiras nos EUA pedem para a comunidade manter a calma\" \/>\n<meta name=\"robots\" content=\"index, follow, max-snippet:-1, max-image-preview:large, max-video-preview:-1\" \/>\n<link rel=\"canonical\" href=\"https:\/\/jornalboasnoticias.com.br\/home\/pastores-de-igrejas-brasileiras-nos-eua-pedem-para-a-comunidade-manter-a-calma\/\" \/>\n<meta property=\"og:locale\" content=\"pt_BR\" \/>\n<meta property=\"og:type\" content=\"article\" \/>\n<meta property=\"og:title\" content=\"Pastores de igrejas brasileiras nos EUA pedem para a comunidade manter a calma - Jornal\" \/>\n<meta property=\"og:description\" content=\"Pastores de igrejas brasileiras nos EUA pedem para a comunidade manter a calma\" \/>\n<meta property=\"og:url\" content=\"https:\/\/jornalboasnoticias.com.br\/home\/pastores-de-igrejas-brasileiras-nos-eua-pedem-para-a-comunidade-manter-a-calma\/\" \/>\n<meta property=\"og:site_name\" content=\"Jornal\" \/>\n<meta property=\"article:publisher\" content=\"https:\/\/www.facebook.com\/boasnoticiasjornal\" \/>\n<meta property=\"article:published_time\" content=\"2025-02-07T00:21:34+00:00\" \/>\n<meta property=\"og:image\" content=\"https:\/\/jornalboasnoticias.com.br\/home\/wp-content\/uploads\/2025\/02\/77.jpg\" \/>\n\t<meta property=\"og:image:width\" content=\"960\" \/>\n\t<meta property=\"og:image:height\" content=\"640\" \/>\n\t<meta property=\"og:image:type\" content=\"image\/jpeg\" \/>\n<meta name=\"author\" content=\"Luiz Carlos da Cruz\" \/>\n<meta name=\"twitter:card\" content=\"summary_large_image\" \/>\n<meta name=\"twitter:label1\" content=\"Escrito por\" \/>\n\t<meta name=\"twitter:data1\" content=\"Luiz Carlos da Cruz\" \/>\n\t<meta name=\"twitter:label2\" content=\"Est. tempo de leitura\" \/>\n\t<meta name=\"twitter:data2\" content=\"6 minutos\" \/>\n<script type=\"application\/ld+json\" class=\"yoast-schema-graph\">{\"@context\":\"https:\\\/\\\/schema.org\",\"@graph\":[{\"@type\":\"Article\",\"@id\":\"https:\\\/\\\/jornalboasnoticias.com.br\\\/home\\\/pastores-de-igrejas-brasileiras-nos-eua-pedem-para-a-comunidade-manter-a-calma\\\/#article\",\"isPartOf\":{\"@id\":\"https:\\\/\\\/jornalboasnoticias.com.br\\\/home\\\/pastores-de-igrejas-brasileiras-nos-eua-pedem-para-a-comunidade-manter-a-calma\\\/\"},\"author\":{\"name\":\"Luiz Carlos da Cruz\",\"@id\":\"https:\\\/\\\/jornalboasnoticias.com.br\\\/home\\\/#\\\/schema\\\/person\\\/75f9ebde398c998c166475fb446bda62\"},\"headline\":\"Pastores de igrejas brasileiras nos EUA pedem para a comunidade manter a calma\",\"datePublished\":\"2025-02-07T00:21:34+00:00\",\"mainEntityOfPage\":{\"@id\":\"https:\\\/\\\/jornalboasnoticias.com.br\\\/home\\\/pastores-de-igrejas-brasileiras-nos-eua-pedem-para-a-comunidade-manter-a-calma\\\/\"},\"wordCount\":945,\"commentCount\":0,\"publisher\":{\"@id\":\"https:\\\/\\\/jornalboasnoticias.com.br\\\/home\\\/#organization\"},\"image\":{\"@id\":\"https:\\\/\\\/jornalboasnoticias.com.br\\\/home\\\/pastores-de-igrejas-brasileiras-nos-eua-pedem-para-a-comunidade-manter-a-calma\\\/#primaryimage\"},\"thumbnailUrl\":\"https:\\\/\\\/jornalboasnoticias.com.br\\\/home\\\/wp-content\\\/uploads\\\/2025\\\/02\\\/77.jpg\",\"keywords\":[\"Estados Unidos\"],\"articleSection\":[\"INTERNACIONAL\"],\"inLanguage\":\"pt-BR\",\"potentialAction\":[{\"@type\":\"CommentAction\",\"name\":\"Comment\",\"target\":[\"https:\\\/\\\/jornalboasnoticias.com.br\\\/home\\\/pastores-de-igrejas-brasileiras-nos-eua-pedem-para-a-comunidade-manter-a-calma\\\/#respond\"]}]},{\"@type\":\"WebPage\",\"@id\":\"https:\\\/\\\/jornalboasnoticias.com.br\\\/home\\\/pastores-de-igrejas-brasileiras-nos-eua-pedem-para-a-comunidade-manter-a-calma\\\/\",\"url\":\"https:\\\/\\\/jornalboasnoticias.com.br\\\/home\\\/pastores-de-igrejas-brasileiras-nos-eua-pedem-para-a-comunidade-manter-a-calma\\\/\",\"name\":\"Pastores de igrejas brasileiras nos EUA pedem para a comunidade manter a calma - Jornal\",\"isPartOf\":{\"@id\":\"https:\\\/\\\/jornalboasnoticias.com.br\\\/home\\\/#website\"},\"primaryImageOfPage\":{\"@id\":\"https:\\\/\\\/jornalboasnoticias.com.br\\\/home\\\/pastores-de-igrejas-brasileiras-nos-eua-pedem-para-a-comunidade-manter-a-calma\\\/#primaryimage\"},\"image\":{\"@id\":\"https:\\\/\\\/jornalboasnoticias.com.br\\\/home\\\/pastores-de-igrejas-brasileiras-nos-eua-pedem-para-a-comunidade-manter-a-calma\\\/#primaryimage\"},\"thumbnailUrl\":\"https:\\\/\\\/jornalboasnoticias.com.br\\\/home\\\/wp-content\\\/uploads\\\/2025\\\/02\\\/77.jpg\",\"datePublished\":\"2025-02-07T00:21:34+00:00\",\"description\":\"Pastores de igrejas brasileiras nos EUA pedem para a comunidade manter a calma\",\"breadcrumb\":{\"@id\":\"https:\\\/\\\/jornalboasnoticias.com.br\\\/home\\\/pastores-de-igrejas-brasileiras-nos-eua-pedem-para-a-comunidade-manter-a-calma\\\/#breadcrumb\"},\"inLanguage\":\"pt-BR\",\"potentialAction\":[{\"@type\":\"ReadAction\",\"target\":[\"https:\\\/\\\/jornalboasnoticias.com.br\\\/home\\\/pastores-de-igrejas-brasileiras-nos-eua-pedem-para-a-comunidade-manter-a-calma\\\/\"]}]},{\"@type\":\"ImageObject\",\"inLanguage\":\"pt-BR\",\"@id\":\"https:\\\/\\\/jornalboasnoticias.com.br\\\/home\\\/pastores-de-igrejas-brasileiras-nos-eua-pedem-para-a-comunidade-manter-a-calma\\\/#primaryimage\",\"url\":\"https:\\\/\\\/jornalboasnoticias.com.br\\\/home\\\/wp-content\\\/uploads\\\/2025\\\/02\\\/77.jpg\",\"contentUrl\":\"https:\\\/\\\/jornalboasnoticias.com.br\\\/home\\\/wp-content\\\/uploads\\\/2025\\\/02\\\/77.jpg\",\"width\":960,\"height\":640},{\"@type\":\"BreadcrumbList\",\"@id\":\"https:\\\/\\\/jornalboasnoticias.com.br\\\/home\\\/pastores-de-igrejas-brasileiras-nos-eua-pedem-para-a-comunidade-manter-a-calma\\\/#breadcrumb\",\"itemListElement\":[{\"@type\":\"ListItem\",\"position\":1,\"name\":\"In\u00edcio\",\"item\":\"https:\\\/\\\/jornalboasnoticias.com.br\\\/home\\\/\"},{\"@type\":\"ListItem\",\"position\":2,\"name\":\"Pastores de igrejas brasileiras nos EUA pedem para a comunidade manter a calma\"}]},{\"@type\":\"WebSite\",\"@id\":\"https:\\\/\\\/jornalboasnoticias.com.br\\\/home\\\/#website\",\"url\":\"https:\\\/\\\/jornalboasnoticias.com.br\\\/home\\\/\",\"name\":\"Jornal Boas Not\u00edcias\",\"description\":\"Boas not\u00edcias\",\"publisher\":{\"@id\":\"https:\\\/\\\/jornalboasnoticias.com.br\\\/home\\\/#organization\"},\"potentialAction\":[{\"@type\":\"SearchAction\",\"target\":{\"@type\":\"EntryPoint\",\"urlTemplate\":\"https:\\\/\\\/jornalboasnoticias.com.br\\\/home\\\/?s={search_term_string}\"},\"query-input\":{\"@type\":\"PropertyValueSpecification\",\"valueRequired\":true,\"valueName\":\"search_term_string\"}}],\"inLanguage\":\"pt-BR\"},{\"@type\":\"Organization\",\"@id\":\"https:\\\/\\\/jornalboasnoticias.com.br\\\/home\\\/#organization\",\"name\":\"Coq Editora Ltda\",\"alternateName\":\"Jornal Boas Noticias\",\"url\":\"https:\\\/\\\/jornalboasnoticias.com.br\\\/home\\\/\",\"logo\":{\"@type\":\"ImageObject\",\"inLanguage\":\"pt-BR\",\"@id\":\"https:\\\/\\\/jornalboasnoticias.com.br\\\/home\\\/#\\\/schema\\\/logo\\\/image\\\/\",\"url\":\"https:\\\/\\\/jornalboasnoticias.com.br\\\/home\\\/wp-content\\\/uploads\\\/2024\\\/07\\\/cropped-logo.jpg\",\"contentUrl\":\"https:\\\/\\\/jornalboasnoticias.com.br\\\/home\\\/wp-content\\\/uploads\\\/2024\\\/07\\\/cropped-logo.jpg\",\"width\":290,\"height\":142,\"caption\":\"Coq Editora Ltda\"},\"image\":{\"@id\":\"https:\\\/\\\/jornalboasnoticias.com.br\\\/home\\\/#\\\/schema\\\/logo\\\/image\\\/\"},\"sameAs\":[\"https:\\\/\\\/www.facebook.com\\\/boasnoticiasjornal\"]},{\"@type\":\"Person\",\"@id\":\"https:\\\/\\\/jornalboasnoticias.com.br\\\/home\\\/#\\\/schema\\\/person\\\/75f9ebde398c998c166475fb446bda62\",\"name\":\"Luiz Carlos da Cruz\",\"image\":{\"@type\":\"ImageObject\",\"inLanguage\":\"pt-BR\",\"@id\":\"https:\\\/\\\/secure.gravatar.com\\\/avatar\\\/e6f4f45301b6cb8572f7b076572e8ac11c1db80e805d8c8d0858cf286ce3ac3b?s=96&d=mm&r=g\",\"url\":\"https:\\\/\\\/secure.gravatar.com\\\/avatar\\\/e6f4f45301b6cb8572f7b076572e8ac11c1db80e805d8c8d0858cf286ce3ac3b?s=96&d=mm&r=g\",\"contentUrl\":\"https:\\\/\\\/secure.gravatar.com\\\/avatar\\\/e6f4f45301b6cb8572f7b076572e8ac11c1db80e805d8c8d0858cf286ce3ac3b?s=96&d=mm&r=g\",\"caption\":\"Luiz Carlos da Cruz\"},\"url\":\"https:\\\/\\\/jornalboasnoticias.com.br\\\/home\\\/author\\\/luiz-carlos-da-cruz\\\/\"}]}<\/script>\n<!-- \/ Yoast SEO plugin. -->","yoast_head_json":{"title":"Pastores de igrejas brasileiras nos EUA pedem para a comunidade manter a calma - Jornal","description":"Pastores de igrejas brasileiras nos EUA pedem para a comunidade manter a calma","robots":{"index":"index","follow":"follow","max-snippet":"max-snippet:-1","max-image-preview":"max-image-preview:large","max-video-preview":"max-video-preview:-1"},"canonical":"https:\/\/jornalboasnoticias.com.br\/home\/pastores-de-igrejas-brasileiras-nos-eua-pedem-para-a-comunidade-manter-a-calma\/","og_locale":"pt_BR","og_type":"article","og_title":"Pastores de igrejas brasileiras nos EUA pedem para a comunidade manter a calma - Jornal","og_description":"Pastores de igrejas brasileiras nos EUA pedem para a comunidade manter a calma","og_url":"https:\/\/jornalboasnoticias.com.br\/home\/pastores-de-igrejas-brasileiras-nos-eua-pedem-para-a-comunidade-manter-a-calma\/","og_site_name":"Jornal","article_publisher":"https:\/\/www.facebook.com\/boasnoticiasjornal","article_published_time":"2025-02-07T00:21:34+00:00","og_image":[{"width":960,"height":640,"url":"https:\/\/jornalboasnoticias.com.br\/home\/wp-content\/uploads\/2025\/02\/77.jpg","type":"image\/jpeg"}],"author":"Luiz Carlos da Cruz","twitter_card":"summary_large_image","twitter_misc":{"Escrito por":"Luiz Carlos da Cruz","Est. tempo de leitura":"6 minutos"},"schema":{"@context":"https:\/\/schema.org","@graph":[{"@type":"Article","@id":"https:\/\/jornalboasnoticias.com.br\/home\/pastores-de-igrejas-brasileiras-nos-eua-pedem-para-a-comunidade-manter-a-calma\/#article","isPartOf":{"@id":"https:\/\/jornalboasnoticias.com.br\/home\/pastores-de-igrejas-brasileiras-nos-eua-pedem-para-a-comunidade-manter-a-calma\/"},"author":{"name":"Luiz Carlos da Cruz","@id":"https:\/\/jornalboasnoticias.com.br\/home\/#\/schema\/person\/75f9ebde398c998c166475fb446bda62"},"headline":"Pastores de igrejas brasileiras nos EUA pedem para a comunidade manter a calma","datePublished":"2025-02-07T00:21:34+00:00","mainEntityOfPage":{"@id":"https:\/\/jornalboasnoticias.com.br\/home\/pastores-de-igrejas-brasileiras-nos-eua-pedem-para-a-comunidade-manter-a-calma\/"},"wordCount":945,"commentCount":0,"publisher":{"@id":"https:\/\/jornalboasnoticias.com.br\/home\/#organization"},"image":{"@id":"https:\/\/jornalboasnoticias.com.br\/home\/pastores-de-igrejas-brasileiras-nos-eua-pedem-para-a-comunidade-manter-a-calma\/#primaryimage"},"thumbnailUrl":"https:\/\/jornalboasnoticias.com.br\/home\/wp-content\/uploads\/2025\/02\/77.jpg","keywords":["Estados Unidos"],"articleSection":["INTERNACIONAL"],"inLanguage":"pt-BR","potentialAction":[{"@type":"CommentAction","name":"Comment","target":["https:\/\/jornalboasnoticias.com.br\/home\/pastores-de-igrejas-brasileiras-nos-eua-pedem-para-a-comunidade-manter-a-calma\/#respond"]}]},{"@type":"WebPage","@id":"https:\/\/jornalboasnoticias.com.br\/home\/pastores-de-igrejas-brasileiras-nos-eua-pedem-para-a-comunidade-manter-a-calma\/","url":"https:\/\/jornalboasnoticias.com.br\/home\/pastores-de-igrejas-brasileiras-nos-eua-pedem-para-a-comunidade-manter-a-calma\/","name":"Pastores de igrejas brasileiras nos EUA pedem para a comunidade manter a calma - Jornal","isPartOf":{"@id":"https:\/\/jornalboasnoticias.com.br\/home\/#website"},"primaryImageOfPage":{"@id":"https:\/\/jornalboasnoticias.com.br\/home\/pastores-de-igrejas-brasileiras-nos-eua-pedem-para-a-comunidade-manter-a-calma\/#primaryimage"},"image":{"@id":"https:\/\/jornalboasnoticias.com.br\/home\/pastores-de-igrejas-brasileiras-nos-eua-pedem-para-a-comunidade-manter-a-calma\/#primaryimage"},"thumbnailUrl":"https:\/\/jornalboasnoticias.com.br\/home\/wp-content\/uploads\/2025\/02\/77.jpg","datePublished":"2025-02-07T00:21:34+00:00","description":"Pastores de igrejas brasileiras nos EUA pedem para a comunidade manter a calma","breadcrumb":{"@id":"https:\/\/jornalboasnoticias.com.br\/home\/pastores-de-igrejas-brasileiras-nos-eua-pedem-para-a-comunidade-manter-a-calma\/#breadcrumb"},"inLanguage":"pt-BR","potentialAction":[{"@type":"ReadAction","target":["https:\/\/jornalboasnoticias.com.br\/home\/pastores-de-igrejas-brasileiras-nos-eua-pedem-para-a-comunidade-manter-a-calma\/"]}]},{"@type":"ImageObject","inLanguage":"pt-BR","@id":"https:\/\/jornalboasnoticias.com.br\/home\/pastores-de-igrejas-brasileiras-nos-eua-pedem-para-a-comunidade-manter-a-calma\/#primaryimage","url":"https:\/\/jornalboasnoticias.com.br\/home\/wp-content\/uploads\/2025\/02\/77.jpg","contentUrl":"https:\/\/jornalboasnoticias.com.br\/home\/wp-content\/uploads\/2025\/02\/77.jpg","width":960,"height":640},{"@type":"BreadcrumbList","@id":"https:\/\/jornalboasnoticias.com.br\/home\/pastores-de-igrejas-brasileiras-nos-eua-pedem-para-a-comunidade-manter-a-calma\/#breadcrumb","itemListElement":[{"@type":"ListItem","position":1,"name":"In\u00edcio","item":"https:\/\/jornalboasnoticias.com.br\/home\/"},{"@type":"ListItem","position":2,"name":"Pastores de igrejas brasileiras nos EUA pedem para a comunidade manter a calma"}]},{"@type":"WebSite","@id":"https:\/\/jornalboasnoticias.com.br\/home\/#website","url":"https:\/\/jornalboasnoticias.com.br\/home\/","name":"Jornal Boas Not\u00edcias","description":"Boas not\u00edcias","publisher":{"@id":"https:\/\/jornalboasnoticias.com.br\/home\/#organization"},"potentialAction":[{"@type":"SearchAction","target":{"@type":"EntryPoint","urlTemplate":"https:\/\/jornalboasnoticias.com.br\/home\/?s={search_term_string}"},"query-input":{"@type":"PropertyValueSpecification","valueRequired":true,"valueName":"search_term_string"}}],"inLanguage":"pt-BR"},{"@type":"Organization","@id":"https:\/\/jornalboasnoticias.com.br\/home\/#organization","name":"Coq Editora Ltda","alternateName":"Jornal Boas Noticias","url":"https:\/\/jornalboasnoticias.com.br\/home\/","logo":{"@type":"ImageObject","inLanguage":"pt-BR","@id":"https:\/\/jornalboasnoticias.com.br\/home\/#\/schema\/logo\/image\/","url":"https:\/\/jornalboasnoticias.com.br\/home\/wp-content\/uploads\/2024\/07\/cropped-logo.jpg","contentUrl":"https:\/\/jornalboasnoticias.com.br\/home\/wp-content\/uploads\/2024\/07\/cropped-logo.jpg","width":290,"height":142,"caption":"Coq Editora Ltda"},"image":{"@id":"https:\/\/jornalboasnoticias.com.br\/home\/#\/schema\/logo\/image\/"},"sameAs":["https:\/\/www.facebook.com\/boasnoticiasjornal"]},{"@type":"Person","@id":"https:\/\/jornalboasnoticias.com.br\/home\/#\/schema\/person\/75f9ebde398c998c166475fb446bda62","name":"Luiz Carlos da Cruz","image":{"@type":"ImageObject","inLanguage":"pt-BR","@id":"https:\/\/secure.gravatar.com\/avatar\/e6f4f45301b6cb8572f7b076572e8ac11c1db80e805d8c8d0858cf286ce3ac3b?s=96&d=mm&r=g","url":"https:\/\/secure.gravatar.com\/avatar\/e6f4f45301b6cb8572f7b076572e8ac11c1db80e805d8c8d0858cf286ce3ac3b?s=96&d=mm&r=g","contentUrl":"https:\/\/secure.gravatar.com\/avatar\/e6f4f45301b6cb8572f7b076572e8ac11c1db80e805d8c8d0858cf286ce3ac3b?s=96&d=mm&r=g","caption":"Luiz Carlos da Cruz"},"url":"https:\/\/jornalboasnoticias.com.br\/home\/author\/luiz-carlos-da-cruz\/"}]}},"_links":{"self":[{"href":"https:\/\/jornalboasnoticias.com.br\/home\/wp-json\/wp\/v2\/posts\/46222","targetHints":{"allow":["GET"]}}],"collection":[{"href":"https:\/\/jornalboasnoticias.com.br\/home\/wp-json\/wp\/v2\/posts"}],"about":[{"href":"https:\/\/jornalboasnoticias.com.br\/home\/wp-json\/wp\/v2\/types\/post"}],"author":[{"embeddable":true,"href":"https:\/\/jornalboasnoticias.com.br\/home\/wp-json\/wp\/v2\/users\/3"}],"replies":[{"embeddable":true,"href":"https:\/\/jornalboasnoticias.com.br\/home\/wp-json\/wp\/v2\/comments?post=46222"}],"version-history":[{"count":1,"href":"https:\/\/jornalboasnoticias.com.br\/home\/wp-json\/wp\/v2\/posts\/46222\/revisions"}],"predecessor-version":[{"id":46224,"href":"https:\/\/jornalboasnoticias.com.br\/home\/wp-json\/wp\/v2\/posts\/46222\/revisions\/46224"}],"wp:featuredmedia":[{"embeddable":true,"href":"https:\/\/jornalboasnoticias.com.br\/home\/wp-json\/wp\/v2\/media\/46223"}],"wp:attachment":[{"href":"https:\/\/jornalboasnoticias.com.br\/home\/wp-json\/wp\/v2\/media?parent=46222"}],"wp:term":[{"taxonomy":"category","embeddable":true,"href":"https:\/\/jornalboasnoticias.com.br\/home\/wp-json\/wp\/v2\/categories?post=46222"},{"taxonomy":"post_tag","embeddable":true,"href":"https:\/\/jornalboasnoticias.com.br\/home\/wp-json\/wp\/v2\/tags?post=46222"}],"curies":[{"name":"wp","href":"https:\/\/api.w.org\/{rel}","templated":true}]}}