{"id":46216,"date":"2025-02-04T20:08:02","date_gmt":"2025-02-04T20:08:02","guid":{"rendered":"https:\/\/jornalboasnoticias.com.br\/home\/?p=46216"},"modified":"2025-02-04T20:26:52","modified_gmt":"2025-02-04T20:26:52","slug":"pastor-luiz-carlos-pires-deixa-legado-de-fe-apos-45-anos-de-ministerio","status":"publish","type":"post","link":"https:\/\/jornalboasnoticias.com.br\/home\/pastor-luiz-carlos-pires-deixa-legado-de-fe-apos-45-anos-de-ministerio\/","title":{"rendered":"Pastor Luiz Carlos Pires deixa legado de f\u00e9 ap\u00f3s 45 anos de minist\u00e9rio"},"content":{"rendered":"<p><img loading=\"lazy\" decoding=\"async\" class=\"alignnone size-full wp-image-46217\" src=\"https:\/\/jornalboasnoticias.com.br\/home\/wp-content\/uploads\/2025\/02\/pastor-luis.webp\" alt=\"\" width=\"1200\" height=\"796\" srcset=\"https:\/\/jornalboasnoticias.com.br\/home\/wp-content\/uploads\/2025\/02\/pastor-luis.webp 1200w, https:\/\/jornalboasnoticias.com.br\/home\/wp-content\/uploads\/2025\/02\/pastor-luis-300x199.webp 300w, https:\/\/jornalboasnoticias.com.br\/home\/wp-content\/uploads\/2025\/02\/pastor-luis-1024x679.webp 1024w, https:\/\/jornalboasnoticias.com.br\/home\/wp-content\/uploads\/2025\/02\/pastor-luis-768x509.webp 768w\" sizes=\"auto, (max-width: 1200px) 100vw, 1200px\" \/><\/p>\n<p>O pastor Luiz Carlos Pires morreu neste domingo (2) aos 66 anos, na cidade de Apucarana, no Paran\u00e1. Ele foi o fundador da Igreja O Brasil Para Cristo na cidade. A causa da morte n\u00e3o foi divulgada.<\/p>\n<p>O prefeito de Apucarana, Rodolfo Mota, publicou uma nota de pesar nas redes sociais. Al\u00e9m de servir no Evangelho por mais de 45 anos, Luiz Carlos tamb\u00e9m foi funcion\u00e1rio p\u00fablico no munic\u00edpio paranaense.<\/p>\n<p>A not\u00edcia, recebida como um sopro de luto, atravessou grupos de ora\u00e7\u00e3o, redes sociais e os corredores de comunidades evang\u00e9licas em todo o pa\u00eds. \u201cEle n\u00e3o era apenas um pastor; era um pai espiritual para muitos de n\u00f3s\u201d, compartilhou um membro da igreja h\u00e1 30 anos, enquanto enxugava as l\u00e1grimas.<\/p>\n<p>Nascido em um tempo onde a f\u00e9 e a simplicidade caminhavam lado a lado, Luiz Carlos Pires come\u00e7ou seu minist\u00e9rio em um pequeno sal\u00e3o nos anos 1970. Com uma B\u00edblia nas m\u00e3os e um cora\u00e7\u00e3o aberto, transformou pr\u00e9dios vazios em abrigos para fam\u00edlias, e discursos em mensagens que tocavam at\u00e9 os mais c\u00e9ticos. \u201cEle tinha um dom para falar de Deus como se estivesse conversando na mesa de jantar\u201d, lembra o pastor Jo\u00e3o Mendes, amigo de longa data.<\/p>\n<p>Sua igreja,\u00a0<em>O Brasil Para Cristo<\/em>, n\u00e3o cresceu apenas em n\u00fameros. Tornou-se um porto seguro para m\u00e3es solteiras, jovens em busca de prop\u00f3sito e idosos esquecidos pela sociedade. Todos os s\u00e1bados, ele mesmo organizava cestas b\u00e1sicas para comunidades carentes. \u201cUma vez, entregou seu pr\u00f3prio casaco a um morador de rua durante um culto. Disse que \u2018Deus o aqueceria duas vezes\u2019\u201d, contou um volunt\u00e1rio, emocionado.<\/p>\n<div class=\"jeg_ad jeg_ad_article jnews_content_inline_2_ads \">\n<div class=\"ads-wrapper align-center \">\n<div class=\"ads_shortcode\">\n<p><strong>O vazio e a esperan\u00e7a<\/strong><\/p>\n<p>Nas redes sociais, fotos de batismos, casamentos e abra\u00e7os apertados inundaram as timelines. \u201cEle me ensinou que f\u00e9 n\u00e3o \u00e9 sobre perfei\u00e7\u00e3o, mas sobre persist\u00eancia\u201d, escreveu um jovem que encontrou na igreja o apoio para superar um v\u00edcio. Entre l\u00edderes religiosos, a dor foi un\u00e2nime. \u201cPastor Luiz era um farol em tempos de tempestade. Sua aus\u00eancia nos desafia a continuar seu trabalho\u201d, declarou o bispo Rafael Torres.<\/p>\n<p><strong>Para al\u00e9m dos p\u00falpitos<\/strong><\/p>\n<p>Luiz Carlos Pires n\u00e3o ser\u00e1 lembrado apenas por serm\u00f5es eloquentes, mas por gestos que traduziram amor em a\u00e7\u00e3o. Deixou projetos de alfabetiza\u00e7\u00e3o para adultos, parcerias com abrigos infantis e uma rede de apoio que sobrevive \u00e0 sua partida. \u201cEle costumava dizer que \u2018igreja n\u00e3o \u00e9 um clube, \u00e9 um hospital para os quebrantados\u2019\u201d, relembra uma diaconisa.<\/p>\n<p><em><strong>Com informa\u00e7\u00f5es do portal JM Not\u00edcias<\/strong><\/em><\/p>\n<\/div>\n<\/div>\n<\/div>\n","protected":false},"excerpt":{"rendered":"<p>O pastor Luiz Carlos Pires morreu neste domingo (2) aos 66 anos, na cidade de<\/p>\n","protected":false},"author":3,"featured_media":46217,"comment_status":"open","ping_status":"open","sticky":false,"template":"","format":"standard","meta":{"footnotes":""},"categories":[3,4],"tags":[141],"class_list":["post-46216","post","type-post","status-publish","format-standard","has-post-thumbnail","hentry","category-destaques","category-parana","tag-o-brasil-para-cristo"],"yoast_head":"<!-- This site is optimized with the Yoast SEO plugin v27.5 - https:\/\/yoast.com\/product\/yoast-seo-wordpress\/ -->\n<title>Pastor Luiz Carlos Pires deixa legado de f\u00e9 ap\u00f3s 45 anos de minist\u00e9rio - Jornal<\/title>\n<meta name=\"description\" content=\"Pastor Luiz Carlos Pires deixa legado de f\u00e9 ap\u00f3s 45 anos de minist\u00e9rio\" \/>\n<meta name=\"robots\" content=\"index, follow, max-snippet:-1, max-image-preview:large, max-video-preview:-1\" \/>\n<link rel=\"canonical\" href=\"https:\/\/jornalboasnoticias.com.br\/home\/pastor-luiz-carlos-pires-deixa-legado-de-fe-apos-45-anos-de-ministerio\/\" \/>\n<meta property=\"og:locale\" content=\"pt_BR\" \/>\n<meta property=\"og:type\" content=\"article\" \/>\n<meta property=\"og:title\" content=\"Pastor Luiz Carlos Pires deixa legado de f\u00e9 ap\u00f3s 45 anos de minist\u00e9rio - Jornal\" \/>\n<meta property=\"og:description\" content=\"Pastor Luiz Carlos Pires deixa legado de f\u00e9 ap\u00f3s 45 anos de minist\u00e9rio\" \/>\n<meta property=\"og:url\" content=\"https:\/\/jornalboasnoticias.com.br\/home\/pastor-luiz-carlos-pires-deixa-legado-de-fe-apos-45-anos-de-ministerio\/\" \/>\n<meta property=\"og:site_name\" content=\"Jornal\" \/>\n<meta property=\"article:publisher\" content=\"https:\/\/www.facebook.com\/boasnoticiasjornal\" \/>\n<meta property=\"article:published_time\" content=\"2025-02-04T20:08:02+00:00\" \/>\n<meta property=\"article:modified_time\" content=\"2025-02-04T20:26:52+00:00\" \/>\n<meta property=\"og:image\" content=\"https:\/\/jornalboasnoticias.com.br\/home\/wp-content\/uploads\/2025\/02\/pastor-luis.webp\" \/>\n\t<meta property=\"og:image:width\" content=\"1200\" \/>\n\t<meta property=\"og:image:height\" content=\"796\" \/>\n\t<meta property=\"og:image:type\" content=\"image\/webp\" \/>\n<meta name=\"author\" content=\"Luiz Carlos da Cruz\" \/>\n<meta name=\"twitter:card\" content=\"summary_large_image\" \/>\n<meta name=\"twitter:label1\" content=\"Escrito por\" \/>\n\t<meta name=\"twitter:data1\" content=\"Luiz Carlos da Cruz\" \/>\n\t<meta name=\"twitter:label2\" content=\"Est. tempo de leitura\" \/>\n\t<meta name=\"twitter:data2\" content=\"3 minutos\" \/>\n<script type=\"application\/ld+json\" class=\"yoast-schema-graph\">{\"@context\":\"https:\\\/\\\/schema.org\",\"@graph\":[{\"@type\":\"Article\",\"@id\":\"https:\\\/\\\/jornalboasnoticias.com.br\\\/home\\\/pastor-luiz-carlos-pires-deixa-legado-de-fe-apos-45-anos-de-ministerio\\\/#article\",\"isPartOf\":{\"@id\":\"https:\\\/\\\/jornalboasnoticias.com.br\\\/home\\\/pastor-luiz-carlos-pires-deixa-legado-de-fe-apos-45-anos-de-ministerio\\\/\"},\"author\":{\"name\":\"Luiz Carlos da Cruz\",\"@id\":\"https:\\\/\\\/jornalboasnoticias.com.br\\\/home\\\/#\\\/schema\\\/person\\\/75f9ebde398c998c166475fb446bda62\"},\"headline\":\"Pastor Luiz Carlos Pires deixa legado de f\u00e9 ap\u00f3s 45 anos de minist\u00e9rio\",\"datePublished\":\"2025-02-04T20:08:02+00:00\",\"dateModified\":\"2025-02-04T20:26:52+00:00\",\"mainEntityOfPage\":{\"@id\":\"https:\\\/\\\/jornalboasnoticias.com.br\\\/home\\\/pastor-luiz-carlos-pires-deixa-legado-de-fe-apos-45-anos-de-ministerio\\\/\"},\"wordCount\":454,\"commentCount\":0,\"publisher\":{\"@id\":\"https:\\\/\\\/jornalboasnoticias.com.br\\\/home\\\/#organization\"},\"image\":{\"@id\":\"https:\\\/\\\/jornalboasnoticias.com.br\\\/home\\\/pastor-luiz-carlos-pires-deixa-legado-de-fe-apos-45-anos-de-ministerio\\\/#primaryimage\"},\"thumbnailUrl\":\"https:\\\/\\\/jornalboasnoticias.com.br\\\/home\\\/wp-content\\\/uploads\\\/2025\\\/02\\\/pastor-luis.webp\",\"keywords\":[\"O Brasil para Cristo\"],\"articleSection\":[\"DESTAQUE\",\"PARAN\u00c1\"],\"inLanguage\":\"pt-BR\",\"potentialAction\":[{\"@type\":\"CommentAction\",\"name\":\"Comment\",\"target\":[\"https:\\\/\\\/jornalboasnoticias.com.br\\\/home\\\/pastor-luiz-carlos-pires-deixa-legado-de-fe-apos-45-anos-de-ministerio\\\/#respond\"]}]},{\"@type\":\"WebPage\",\"@id\":\"https:\\\/\\\/jornalboasnoticias.com.br\\\/home\\\/pastor-luiz-carlos-pires-deixa-legado-de-fe-apos-45-anos-de-ministerio\\\/\",\"url\":\"https:\\\/\\\/jornalboasnoticias.com.br\\\/home\\\/pastor-luiz-carlos-pires-deixa-legado-de-fe-apos-45-anos-de-ministerio\\\/\",\"name\":\"Pastor Luiz Carlos Pires deixa legado de f\u00e9 ap\u00f3s 45 anos de minist\u00e9rio - Jornal\",\"isPartOf\":{\"@id\":\"https:\\\/\\\/jornalboasnoticias.com.br\\\/home\\\/#website\"},\"primaryImageOfPage\":{\"@id\":\"https:\\\/\\\/jornalboasnoticias.com.br\\\/home\\\/pastor-luiz-carlos-pires-deixa-legado-de-fe-apos-45-anos-de-ministerio\\\/#primaryimage\"},\"image\":{\"@id\":\"https:\\\/\\\/jornalboasnoticias.com.br\\\/home\\\/pastor-luiz-carlos-pires-deixa-legado-de-fe-apos-45-anos-de-ministerio\\\/#primaryimage\"},\"thumbnailUrl\":\"https:\\\/\\\/jornalboasnoticias.com.br\\\/home\\\/wp-content\\\/uploads\\\/2025\\\/02\\\/pastor-luis.webp\",\"datePublished\":\"2025-02-04T20:08:02+00:00\",\"dateModified\":\"2025-02-04T20:26:52+00:00\",\"description\":\"Pastor Luiz Carlos Pires deixa legado de f\u00e9 ap\u00f3s 45 anos de minist\u00e9rio\",\"breadcrumb\":{\"@id\":\"https:\\\/\\\/jornalboasnoticias.com.br\\\/home\\\/pastor-luiz-carlos-pires-deixa-legado-de-fe-apos-45-anos-de-ministerio\\\/#breadcrumb\"},\"inLanguage\":\"pt-BR\",\"potentialAction\":[{\"@type\":\"ReadAction\",\"target\":[\"https:\\\/\\\/jornalboasnoticias.com.br\\\/home\\\/pastor-luiz-carlos-pires-deixa-legado-de-fe-apos-45-anos-de-ministerio\\\/\"]}]},{\"@type\":\"ImageObject\",\"inLanguage\":\"pt-BR\",\"@id\":\"https:\\\/\\\/jornalboasnoticias.com.br\\\/home\\\/pastor-luiz-carlos-pires-deixa-legado-de-fe-apos-45-anos-de-ministerio\\\/#primaryimage\",\"url\":\"https:\\\/\\\/jornalboasnoticias.com.br\\\/home\\\/wp-content\\\/uploads\\\/2025\\\/02\\\/pastor-luis.webp\",\"contentUrl\":\"https:\\\/\\\/jornalboasnoticias.com.br\\\/home\\\/wp-content\\\/uploads\\\/2025\\\/02\\\/pastor-luis.webp\",\"width\":1200,\"height\":796},{\"@type\":\"BreadcrumbList\",\"@id\":\"https:\\\/\\\/jornalboasnoticias.com.br\\\/home\\\/pastor-luiz-carlos-pires-deixa-legado-de-fe-apos-45-anos-de-ministerio\\\/#breadcrumb\",\"itemListElement\":[{\"@type\":\"ListItem\",\"position\":1,\"name\":\"In\u00edcio\",\"item\":\"https:\\\/\\\/jornalboasnoticias.com.br\\\/home\\\/\"},{\"@type\":\"ListItem\",\"position\":2,\"name\":\"Pastor Luiz Carlos Pires deixa legado de f\u00e9 ap\u00f3s 45 anos de minist\u00e9rio\"}]},{\"@type\":\"WebSite\",\"@id\":\"https:\\\/\\\/jornalboasnoticias.com.br\\\/home\\\/#website\",\"url\":\"https:\\\/\\\/jornalboasnoticias.com.br\\\/home\\\/\",\"name\":\"Jornal Boas Not\u00edcias\",\"description\":\"Boas not\u00edcias\",\"publisher\":{\"@id\":\"https:\\\/\\\/jornalboasnoticias.com.br\\\/home\\\/#organization\"},\"potentialAction\":[{\"@type\":\"SearchAction\",\"target\":{\"@type\":\"EntryPoint\",\"urlTemplate\":\"https:\\\/\\\/jornalboasnoticias.com.br\\\/home\\\/?s={search_term_string}\"},\"query-input\":{\"@type\":\"PropertyValueSpecification\",\"valueRequired\":true,\"valueName\":\"search_term_string\"}}],\"inLanguage\":\"pt-BR\"},{\"@type\":\"Organization\",\"@id\":\"https:\\\/\\\/jornalboasnoticias.com.br\\\/home\\\/#organization\",\"name\":\"Coq Editora Ltda\",\"alternateName\":\"Jornal Boas Noticias\",\"url\":\"https:\\\/\\\/jornalboasnoticias.com.br\\\/home\\\/\",\"logo\":{\"@type\":\"ImageObject\",\"inLanguage\":\"pt-BR\",\"@id\":\"https:\\\/\\\/jornalboasnoticias.com.br\\\/home\\\/#\\\/schema\\\/logo\\\/image\\\/\",\"url\":\"https:\\\/\\\/jornalboasnoticias.com.br\\\/home\\\/wp-content\\\/uploads\\\/2024\\\/07\\\/cropped-logo.jpg\",\"contentUrl\":\"https:\\\/\\\/jornalboasnoticias.com.br\\\/home\\\/wp-content\\\/uploads\\\/2024\\\/07\\\/cropped-logo.jpg\",\"width\":290,\"height\":142,\"caption\":\"Coq Editora Ltda\"},\"image\":{\"@id\":\"https:\\\/\\\/jornalboasnoticias.com.br\\\/home\\\/#\\\/schema\\\/logo\\\/image\\\/\"},\"sameAs\":[\"https:\\\/\\\/www.facebook.com\\\/boasnoticiasjornal\"]},{\"@type\":\"Person\",\"@id\":\"https:\\\/\\\/jornalboasnoticias.com.br\\\/home\\\/#\\\/schema\\\/person\\\/75f9ebde398c998c166475fb446bda62\",\"name\":\"Luiz Carlos da Cruz\",\"image\":{\"@type\":\"ImageObject\",\"inLanguage\":\"pt-BR\",\"@id\":\"https:\\\/\\\/secure.gravatar.com\\\/avatar\\\/e6f4f45301b6cb8572f7b076572e8ac11c1db80e805d8c8d0858cf286ce3ac3b?s=96&d=mm&r=g\",\"url\":\"https:\\\/\\\/secure.gravatar.com\\\/avatar\\\/e6f4f45301b6cb8572f7b076572e8ac11c1db80e805d8c8d0858cf286ce3ac3b?s=96&d=mm&r=g\",\"contentUrl\":\"https:\\\/\\\/secure.gravatar.com\\\/avatar\\\/e6f4f45301b6cb8572f7b076572e8ac11c1db80e805d8c8d0858cf286ce3ac3b?s=96&d=mm&r=g\",\"caption\":\"Luiz Carlos da Cruz\"},\"url\":\"https:\\\/\\\/jornalboasnoticias.com.br\\\/home\\\/author\\\/luiz-carlos-da-cruz\\\/\"}]}<\/script>\n<!-- \/ Yoast SEO plugin. -->","yoast_head_json":{"title":"Pastor Luiz Carlos Pires deixa legado de f\u00e9 ap\u00f3s 45 anos de minist\u00e9rio - Jornal","description":"Pastor Luiz Carlos Pires deixa legado de f\u00e9 ap\u00f3s 45 anos de minist\u00e9rio","robots":{"index":"index","follow":"follow","max-snippet":"max-snippet:-1","max-image-preview":"max-image-preview:large","max-video-preview":"max-video-preview:-1"},"canonical":"https:\/\/jornalboasnoticias.com.br\/home\/pastor-luiz-carlos-pires-deixa-legado-de-fe-apos-45-anos-de-ministerio\/","og_locale":"pt_BR","og_type":"article","og_title":"Pastor Luiz Carlos Pires deixa legado de f\u00e9 ap\u00f3s 45 anos de minist\u00e9rio - Jornal","og_description":"Pastor Luiz Carlos Pires deixa legado de f\u00e9 ap\u00f3s 45 anos de minist\u00e9rio","og_url":"https:\/\/jornalboasnoticias.com.br\/home\/pastor-luiz-carlos-pires-deixa-legado-de-fe-apos-45-anos-de-ministerio\/","og_site_name":"Jornal","article_publisher":"https:\/\/www.facebook.com\/boasnoticiasjornal","article_published_time":"2025-02-04T20:08:02+00:00","article_modified_time":"2025-02-04T20:26:52+00:00","og_image":[{"width":1200,"height":796,"url":"https:\/\/jornalboasnoticias.com.br\/home\/wp-content\/uploads\/2025\/02\/pastor-luis.webp","type":"image\/webp"}],"author":"Luiz Carlos da Cruz","twitter_card":"summary_large_image","twitter_misc":{"Escrito por":"Luiz Carlos da Cruz","Est. tempo de leitura":"3 minutos"},"schema":{"@context":"https:\/\/schema.org","@graph":[{"@type":"Article","@id":"https:\/\/jornalboasnoticias.com.br\/home\/pastor-luiz-carlos-pires-deixa-legado-de-fe-apos-45-anos-de-ministerio\/#article","isPartOf":{"@id":"https:\/\/jornalboasnoticias.com.br\/home\/pastor-luiz-carlos-pires-deixa-legado-de-fe-apos-45-anos-de-ministerio\/"},"author":{"name":"Luiz Carlos da Cruz","@id":"https:\/\/jornalboasnoticias.com.br\/home\/#\/schema\/person\/75f9ebde398c998c166475fb446bda62"},"headline":"Pastor Luiz Carlos Pires deixa legado de f\u00e9 ap\u00f3s 45 anos de minist\u00e9rio","datePublished":"2025-02-04T20:08:02+00:00","dateModified":"2025-02-04T20:26:52+00:00","mainEntityOfPage":{"@id":"https:\/\/jornalboasnoticias.com.br\/home\/pastor-luiz-carlos-pires-deixa-legado-de-fe-apos-45-anos-de-ministerio\/"},"wordCount":454,"commentCount":0,"publisher":{"@id":"https:\/\/jornalboasnoticias.com.br\/home\/#organization"},"image":{"@id":"https:\/\/jornalboasnoticias.com.br\/home\/pastor-luiz-carlos-pires-deixa-legado-de-fe-apos-45-anos-de-ministerio\/#primaryimage"},"thumbnailUrl":"https:\/\/jornalboasnoticias.com.br\/home\/wp-content\/uploads\/2025\/02\/pastor-luis.webp","keywords":["O Brasil para Cristo"],"articleSection":["DESTAQUE","PARAN\u00c1"],"inLanguage":"pt-BR","potentialAction":[{"@type":"CommentAction","name":"Comment","target":["https:\/\/jornalboasnoticias.com.br\/home\/pastor-luiz-carlos-pires-deixa-legado-de-fe-apos-45-anos-de-ministerio\/#respond"]}]},{"@type":"WebPage","@id":"https:\/\/jornalboasnoticias.com.br\/home\/pastor-luiz-carlos-pires-deixa-legado-de-fe-apos-45-anos-de-ministerio\/","url":"https:\/\/jornalboasnoticias.com.br\/home\/pastor-luiz-carlos-pires-deixa-legado-de-fe-apos-45-anos-de-ministerio\/","name":"Pastor Luiz Carlos Pires deixa legado de f\u00e9 ap\u00f3s 45 anos de minist\u00e9rio - Jornal","isPartOf":{"@id":"https:\/\/jornalboasnoticias.com.br\/home\/#website"},"primaryImageOfPage":{"@id":"https:\/\/jornalboasnoticias.com.br\/home\/pastor-luiz-carlos-pires-deixa-legado-de-fe-apos-45-anos-de-ministerio\/#primaryimage"},"image":{"@id":"https:\/\/jornalboasnoticias.com.br\/home\/pastor-luiz-carlos-pires-deixa-legado-de-fe-apos-45-anos-de-ministerio\/#primaryimage"},"thumbnailUrl":"https:\/\/jornalboasnoticias.com.br\/home\/wp-content\/uploads\/2025\/02\/pastor-luis.webp","datePublished":"2025-02-04T20:08:02+00:00","dateModified":"2025-02-04T20:26:52+00:00","description":"Pastor Luiz Carlos Pires deixa legado de f\u00e9 ap\u00f3s 45 anos de minist\u00e9rio","breadcrumb":{"@id":"https:\/\/jornalboasnoticias.com.br\/home\/pastor-luiz-carlos-pires-deixa-legado-de-fe-apos-45-anos-de-ministerio\/#breadcrumb"},"inLanguage":"pt-BR","potentialAction":[{"@type":"ReadAction","target":["https:\/\/jornalboasnoticias.com.br\/home\/pastor-luiz-carlos-pires-deixa-legado-de-fe-apos-45-anos-de-ministerio\/"]}]},{"@type":"ImageObject","inLanguage":"pt-BR","@id":"https:\/\/jornalboasnoticias.com.br\/home\/pastor-luiz-carlos-pires-deixa-legado-de-fe-apos-45-anos-de-ministerio\/#primaryimage","url":"https:\/\/jornalboasnoticias.com.br\/home\/wp-content\/uploads\/2025\/02\/pastor-luis.webp","contentUrl":"https:\/\/jornalboasnoticias.com.br\/home\/wp-content\/uploads\/2025\/02\/pastor-luis.webp","width":1200,"height":796},{"@type":"BreadcrumbList","@id":"https:\/\/jornalboasnoticias.com.br\/home\/pastor-luiz-carlos-pires-deixa-legado-de-fe-apos-45-anos-de-ministerio\/#breadcrumb","itemListElement":[{"@type":"ListItem","position":1,"name":"In\u00edcio","item":"https:\/\/jornalboasnoticias.com.br\/home\/"},{"@type":"ListItem","position":2,"name":"Pastor Luiz Carlos Pires deixa legado de f\u00e9 ap\u00f3s 45 anos de minist\u00e9rio"}]},{"@type":"WebSite","@id":"https:\/\/jornalboasnoticias.com.br\/home\/#website","url":"https:\/\/jornalboasnoticias.com.br\/home\/","name":"Jornal Boas Not\u00edcias","description":"Boas not\u00edcias","publisher":{"@id":"https:\/\/jornalboasnoticias.com.br\/home\/#organization"},"potentialAction":[{"@type":"SearchAction","target":{"@type":"EntryPoint","urlTemplate":"https:\/\/jornalboasnoticias.com.br\/home\/?s={search_term_string}"},"query-input":{"@type":"PropertyValueSpecification","valueRequired":true,"valueName":"search_term_string"}}],"inLanguage":"pt-BR"},{"@type":"Organization","@id":"https:\/\/jornalboasnoticias.com.br\/home\/#organization","name":"Coq Editora Ltda","alternateName":"Jornal Boas Noticias","url":"https:\/\/jornalboasnoticias.com.br\/home\/","logo":{"@type":"ImageObject","inLanguage":"pt-BR","@id":"https:\/\/jornalboasnoticias.com.br\/home\/#\/schema\/logo\/image\/","url":"https:\/\/jornalboasnoticias.com.br\/home\/wp-content\/uploads\/2024\/07\/cropped-logo.jpg","contentUrl":"https:\/\/jornalboasnoticias.com.br\/home\/wp-content\/uploads\/2024\/07\/cropped-logo.jpg","width":290,"height":142,"caption":"Coq Editora Ltda"},"image":{"@id":"https:\/\/jornalboasnoticias.com.br\/home\/#\/schema\/logo\/image\/"},"sameAs":["https:\/\/www.facebook.com\/boasnoticiasjornal"]},{"@type":"Person","@id":"https:\/\/jornalboasnoticias.com.br\/home\/#\/schema\/person\/75f9ebde398c998c166475fb446bda62","name":"Luiz Carlos da Cruz","image":{"@type":"ImageObject","inLanguage":"pt-BR","@id":"https:\/\/secure.gravatar.com\/avatar\/e6f4f45301b6cb8572f7b076572e8ac11c1db80e805d8c8d0858cf286ce3ac3b?s=96&d=mm&r=g","url":"https:\/\/secure.gravatar.com\/avatar\/e6f4f45301b6cb8572f7b076572e8ac11c1db80e805d8c8d0858cf286ce3ac3b?s=96&d=mm&r=g","contentUrl":"https:\/\/secure.gravatar.com\/avatar\/e6f4f45301b6cb8572f7b076572e8ac11c1db80e805d8c8d0858cf286ce3ac3b?s=96&d=mm&r=g","caption":"Luiz Carlos da Cruz"},"url":"https:\/\/jornalboasnoticias.com.br\/home\/author\/luiz-carlos-da-cruz\/"}]}},"_links":{"self":[{"href":"https:\/\/jornalboasnoticias.com.br\/home\/wp-json\/wp\/v2\/posts\/46216","targetHints":{"allow":["GET"]}}],"collection":[{"href":"https:\/\/jornalboasnoticias.com.br\/home\/wp-json\/wp\/v2\/posts"}],"about":[{"href":"https:\/\/jornalboasnoticias.com.br\/home\/wp-json\/wp\/v2\/types\/post"}],"author":[{"embeddable":true,"href":"https:\/\/jornalboasnoticias.com.br\/home\/wp-json\/wp\/v2\/users\/3"}],"replies":[{"embeddable":true,"href":"https:\/\/jornalboasnoticias.com.br\/home\/wp-json\/wp\/v2\/comments?post=46216"}],"version-history":[{"count":1,"href":"https:\/\/jornalboasnoticias.com.br\/home\/wp-json\/wp\/v2\/posts\/46216\/revisions"}],"predecessor-version":[{"id":46218,"href":"https:\/\/jornalboasnoticias.com.br\/home\/wp-json\/wp\/v2\/posts\/46216\/revisions\/46218"}],"wp:featuredmedia":[{"embeddable":true,"href":"https:\/\/jornalboasnoticias.com.br\/home\/wp-json\/wp\/v2\/media\/46217"}],"wp:attachment":[{"href":"https:\/\/jornalboasnoticias.com.br\/home\/wp-json\/wp\/v2\/media?parent=46216"}],"wp:term":[{"taxonomy":"category","embeddable":true,"href":"https:\/\/jornalboasnoticias.com.br\/home\/wp-json\/wp\/v2\/categories?post=46216"},{"taxonomy":"post_tag","embeddable":true,"href":"https:\/\/jornalboasnoticias.com.br\/home\/wp-json\/wp\/v2\/tags?post=46216"}],"curies":[{"name":"wp","href":"https:\/\/api.w.org\/{rel}","templated":true}]}}