{"id":46213,"date":"2025-02-04T20:00:06","date_gmt":"2025-02-04T20:00:06","guid":{"rendered":"https:\/\/jornalboasnoticias.com.br\/home\/?p=46213"},"modified":"2025-02-04T20:00:06","modified_gmt":"2025-02-04T20:00:06","slug":"igreja-nomeia-novo-secretario-assistente-do-servico-voluntario-adventista-para-sp","status":"publish","type":"post","link":"https:\/\/jornalboasnoticias.com.br\/home\/igreja-nomeia-novo-secretario-assistente-do-servico-voluntario-adventista-para-sp\/","title":{"rendered":"Igreja nomeia novo secret\u00e1rio-assistente do Servi\u00e7o Volunt\u00e1rio Adventista para SP"},"content":{"rendered":"<p class=\"mb-3 pb-3\" style=\"text-align: center;\"><strong><em>Pr. Everton Almeida ocupar\u00e1 a fun\u00e7\u00e3o at\u00e9 ent\u00e3o exercida pelo Pr. Caio Concei\u00e7\u00e3o<\/em><\/strong><\/p>\n<p><img loading=\"lazy\" decoding=\"async\" class=\"alignnone size-full wp-image-46214\" src=\"https:\/\/jornalboasnoticias.com.br\/home\/wp-content\/uploads\/2025\/02\/111.jpeg\" alt=\"\" width=\"1080\" height=\"890\" srcset=\"https:\/\/jornalboasnoticias.com.br\/home\/wp-content\/uploads\/2025\/02\/111.jpeg 1080w, https:\/\/jornalboasnoticias.com.br\/home\/wp-content\/uploads\/2025\/02\/111-300x247.jpeg 300w, https:\/\/jornalboasnoticias.com.br\/home\/wp-content\/uploads\/2025\/02\/111-1024x844.jpeg 1024w, https:\/\/jornalboasnoticias.com.br\/home\/wp-content\/uploads\/2025\/02\/111-768x633.jpeg 768w\" sizes=\"auto, (max-width: 1080px) 100vw, 1080px\" \/><\/p>\n<p>Na manh\u00e3 desta ter\u00e7a-feira (4),, a Comiss\u00e3o Diretiva da Uni\u00e3o Central Brasileira (UCB) nomeou o pastor Everton Almeida como novo secret\u00e1rio-assistente do Servi\u00e7o Volunt\u00e1rio Adventista (SVA)\u00a0para o estado de S\u00e3o Paulo. Almeida assume a fun\u00e7\u00e3o at\u00e9 ent\u00e3o ocupada pelo pastor Caio Concei\u00e7\u00e3o, que atendeu um chamado oficial da Igreja para ser mission\u00e1rio no Oriente M\u00e9dio pelos pr\u00f3ximos cinco anos.<\/p>\n<h4 class=\"wp-block-heading\"><strong>Conhe\u00e7a o novo l\u00edder<\/strong><\/h4>\n<p>Everton Almeida \u00e9 bacharel e mestre em teologia pelo UNASP campus Engenheiro Coelho e iniciou seu minist\u00e9rio pastoral em 2013 como capel\u00e3o e professor de Ensino Religioso. A partir de 2014 atuou como pastor distrital no interior de S\u00e3o Paulo, e desde 2021 liderava o Minist\u00e9rio Jovem na Associa\u00e7\u00e3o Paulista Oeste (APO). \u00c9 casado com a professora Andr\u00e9a Almeida e pai de duas filhas: Isabela e Larissa.<\/p>\n","protected":false},"excerpt":{"rendered":"<p>Pr. Everton Almeida ocupar\u00e1 a fun\u00e7\u00e3o at\u00e9 ent\u00e3o exercida pelo Pr. Caio Concei\u00e7\u00e3o Na manh\u00e3<\/p>\n","protected":false},"author":3,"featured_media":46214,"comment_status":"open","ping_status":"open","sticky":false,"template":"","format":"standard","meta":{"footnotes":""},"categories":[6],"tags":[140],"class_list":["post-46213","post","type-post","status-publish","format-standard","has-post-thumbnail","hentry","category-brasil","tag-adventista"],"yoast_head":"<!-- This site is optimized with the Yoast SEO plugin v27.5 - https:\/\/yoast.com\/product\/yoast-seo-wordpress\/ -->\n<title>Igreja nomeia novo secret\u00e1rio-assistente do Servi\u00e7o Volunt\u00e1rio Adventista para SP - Jornal<\/title>\n<meta name=\"description\" content=\"Igreja nomeia novo secret\u00e1rio-assistente do Servi\u00e7o Volunt\u00e1rio Adventista para SP\" \/>\n<meta name=\"robots\" content=\"index, follow, max-snippet:-1, max-image-preview:large, max-video-preview:-1\" \/>\n<link rel=\"canonical\" href=\"https:\/\/jornalboasnoticias.com.br\/home\/igreja-nomeia-novo-secretario-assistente-do-servico-voluntario-adventista-para-sp\/\" \/>\n<meta property=\"og:locale\" content=\"pt_BR\" \/>\n<meta property=\"og:type\" content=\"article\" \/>\n<meta property=\"og:title\" content=\"Igreja nomeia novo secret\u00e1rio-assistente do Servi\u00e7o Volunt\u00e1rio Adventista para SP - Jornal\" \/>\n<meta property=\"og:description\" content=\"Igreja nomeia novo secret\u00e1rio-assistente do Servi\u00e7o Volunt\u00e1rio Adventista para SP\" \/>\n<meta property=\"og:url\" content=\"https:\/\/jornalboasnoticias.com.br\/home\/igreja-nomeia-novo-secretario-assistente-do-servico-voluntario-adventista-para-sp\/\" \/>\n<meta property=\"og:site_name\" content=\"Jornal\" \/>\n<meta property=\"article:publisher\" content=\"https:\/\/www.facebook.com\/boasnoticiasjornal\" \/>\n<meta property=\"article:published_time\" content=\"2025-02-04T20:00:06+00:00\" \/>\n<meta property=\"og:image\" content=\"https:\/\/jornalboasnoticias.com.br\/home\/wp-content\/uploads\/2025\/02\/111.jpeg\" \/>\n\t<meta property=\"og:image:width\" content=\"1080\" \/>\n\t<meta property=\"og:image:height\" content=\"890\" \/>\n\t<meta property=\"og:image:type\" content=\"image\/jpeg\" \/>\n<meta name=\"author\" content=\"Luiz Carlos da Cruz\" \/>\n<meta name=\"twitter:card\" content=\"summary_large_image\" \/>\n<meta name=\"twitter:label1\" content=\"Escrito por\" \/>\n\t<meta name=\"twitter:data1\" content=\"Luiz Carlos da Cruz\" \/>\n\t<meta name=\"twitter:label2\" content=\"Est. tempo de leitura\" \/>\n\t<meta name=\"twitter:data2\" content=\"2 minutos\" \/>\n<script type=\"application\/ld+json\" class=\"yoast-schema-graph\">{\"@context\":\"https:\\\/\\\/schema.org\",\"@graph\":[{\"@type\":\"Article\",\"@id\":\"https:\\\/\\\/jornalboasnoticias.com.br\\\/home\\\/igreja-nomeia-novo-secretario-assistente-do-servico-voluntario-adventista-para-sp\\\/#article\",\"isPartOf\":{\"@id\":\"https:\\\/\\\/jornalboasnoticias.com.br\\\/home\\\/igreja-nomeia-novo-secretario-assistente-do-servico-voluntario-adventista-para-sp\\\/\"},\"author\":{\"name\":\"Luiz Carlos da Cruz\",\"@id\":\"https:\\\/\\\/jornalboasnoticias.com.br\\\/home\\\/#\\\/schema\\\/person\\\/75f9ebde398c998c166475fb446bda62\"},\"headline\":\"Igreja nomeia novo secret\u00e1rio-assistente do Servi\u00e7o Volunt\u00e1rio Adventista para SP\",\"datePublished\":\"2025-02-04T20:00:06+00:00\",\"mainEntityOfPage\":{\"@id\":\"https:\\\/\\\/jornalboasnoticias.com.br\\\/home\\\/igreja-nomeia-novo-secretario-assistente-do-servico-voluntario-adventista-para-sp\\\/\"},\"wordCount\":175,\"commentCount\":0,\"publisher\":{\"@id\":\"https:\\\/\\\/jornalboasnoticias.com.br\\\/home\\\/#organization\"},\"image\":{\"@id\":\"https:\\\/\\\/jornalboasnoticias.com.br\\\/home\\\/igreja-nomeia-novo-secretario-assistente-do-servico-voluntario-adventista-para-sp\\\/#primaryimage\"},\"thumbnailUrl\":\"https:\\\/\\\/jornalboasnoticias.com.br\\\/home\\\/wp-content\\\/uploads\\\/2025\\\/02\\\/111.jpeg\",\"keywords\":[\"Adventista\"],\"articleSection\":[\"BRASIL\"],\"inLanguage\":\"pt-BR\",\"potentialAction\":[{\"@type\":\"CommentAction\",\"name\":\"Comment\",\"target\":[\"https:\\\/\\\/jornalboasnoticias.com.br\\\/home\\\/igreja-nomeia-novo-secretario-assistente-do-servico-voluntario-adventista-para-sp\\\/#respond\"]}]},{\"@type\":\"WebPage\",\"@id\":\"https:\\\/\\\/jornalboasnoticias.com.br\\\/home\\\/igreja-nomeia-novo-secretario-assistente-do-servico-voluntario-adventista-para-sp\\\/\",\"url\":\"https:\\\/\\\/jornalboasnoticias.com.br\\\/home\\\/igreja-nomeia-novo-secretario-assistente-do-servico-voluntario-adventista-para-sp\\\/\",\"name\":\"Igreja nomeia novo secret\u00e1rio-assistente do Servi\u00e7o Volunt\u00e1rio Adventista para SP - Jornal\",\"isPartOf\":{\"@id\":\"https:\\\/\\\/jornalboasnoticias.com.br\\\/home\\\/#website\"},\"primaryImageOfPage\":{\"@id\":\"https:\\\/\\\/jornalboasnoticias.com.br\\\/home\\\/igreja-nomeia-novo-secretario-assistente-do-servico-voluntario-adventista-para-sp\\\/#primaryimage\"},\"image\":{\"@id\":\"https:\\\/\\\/jornalboasnoticias.com.br\\\/home\\\/igreja-nomeia-novo-secretario-assistente-do-servico-voluntario-adventista-para-sp\\\/#primaryimage\"},\"thumbnailUrl\":\"https:\\\/\\\/jornalboasnoticias.com.br\\\/home\\\/wp-content\\\/uploads\\\/2025\\\/02\\\/111.jpeg\",\"datePublished\":\"2025-02-04T20:00:06+00:00\",\"description\":\"Igreja nomeia novo secret\u00e1rio-assistente do Servi\u00e7o Volunt\u00e1rio Adventista para SP\",\"breadcrumb\":{\"@id\":\"https:\\\/\\\/jornalboasnoticias.com.br\\\/home\\\/igreja-nomeia-novo-secretario-assistente-do-servico-voluntario-adventista-para-sp\\\/#breadcrumb\"},\"inLanguage\":\"pt-BR\",\"potentialAction\":[{\"@type\":\"ReadAction\",\"target\":[\"https:\\\/\\\/jornalboasnoticias.com.br\\\/home\\\/igreja-nomeia-novo-secretario-assistente-do-servico-voluntario-adventista-para-sp\\\/\"]}]},{\"@type\":\"ImageObject\",\"inLanguage\":\"pt-BR\",\"@id\":\"https:\\\/\\\/jornalboasnoticias.com.br\\\/home\\\/igreja-nomeia-novo-secretario-assistente-do-servico-voluntario-adventista-para-sp\\\/#primaryimage\",\"url\":\"https:\\\/\\\/jornalboasnoticias.com.br\\\/home\\\/wp-content\\\/uploads\\\/2025\\\/02\\\/111.jpeg\",\"contentUrl\":\"https:\\\/\\\/jornalboasnoticias.com.br\\\/home\\\/wp-content\\\/uploads\\\/2025\\\/02\\\/111.jpeg\",\"width\":1080,\"height\":890},{\"@type\":\"BreadcrumbList\",\"@id\":\"https:\\\/\\\/jornalboasnoticias.com.br\\\/home\\\/igreja-nomeia-novo-secretario-assistente-do-servico-voluntario-adventista-para-sp\\\/#breadcrumb\",\"itemListElement\":[{\"@type\":\"ListItem\",\"position\":1,\"name\":\"In\u00edcio\",\"item\":\"https:\\\/\\\/jornalboasnoticias.com.br\\\/home\\\/\"},{\"@type\":\"ListItem\",\"position\":2,\"name\":\"Igreja nomeia novo secret\u00e1rio-assistente do Servi\u00e7o Volunt\u00e1rio Adventista para SP\"}]},{\"@type\":\"WebSite\",\"@id\":\"https:\\\/\\\/jornalboasnoticias.com.br\\\/home\\\/#website\",\"url\":\"https:\\\/\\\/jornalboasnoticias.com.br\\\/home\\\/\",\"name\":\"Jornal Boas Not\u00edcias\",\"description\":\"Boas not\u00edcias\",\"publisher\":{\"@id\":\"https:\\\/\\\/jornalboasnoticias.com.br\\\/home\\\/#organization\"},\"potentialAction\":[{\"@type\":\"SearchAction\",\"target\":{\"@type\":\"EntryPoint\",\"urlTemplate\":\"https:\\\/\\\/jornalboasnoticias.com.br\\\/home\\\/?s={search_term_string}\"},\"query-input\":{\"@type\":\"PropertyValueSpecification\",\"valueRequired\":true,\"valueName\":\"search_term_string\"}}],\"inLanguage\":\"pt-BR\"},{\"@type\":\"Organization\",\"@id\":\"https:\\\/\\\/jornalboasnoticias.com.br\\\/home\\\/#organization\",\"name\":\"Coq Editora Ltda\",\"alternateName\":\"Jornal Boas Noticias\",\"url\":\"https:\\\/\\\/jornalboasnoticias.com.br\\\/home\\\/\",\"logo\":{\"@type\":\"ImageObject\",\"inLanguage\":\"pt-BR\",\"@id\":\"https:\\\/\\\/jornalboasnoticias.com.br\\\/home\\\/#\\\/schema\\\/logo\\\/image\\\/\",\"url\":\"https:\\\/\\\/jornalboasnoticias.com.br\\\/home\\\/wp-content\\\/uploads\\\/2024\\\/07\\\/cropped-logo.jpg\",\"contentUrl\":\"https:\\\/\\\/jornalboasnoticias.com.br\\\/home\\\/wp-content\\\/uploads\\\/2024\\\/07\\\/cropped-logo.jpg\",\"width\":290,\"height\":142,\"caption\":\"Coq Editora Ltda\"},\"image\":{\"@id\":\"https:\\\/\\\/jornalboasnoticias.com.br\\\/home\\\/#\\\/schema\\\/logo\\\/image\\\/\"},\"sameAs\":[\"https:\\\/\\\/www.facebook.com\\\/boasnoticiasjornal\"]},{\"@type\":\"Person\",\"@id\":\"https:\\\/\\\/jornalboasnoticias.com.br\\\/home\\\/#\\\/schema\\\/person\\\/75f9ebde398c998c166475fb446bda62\",\"name\":\"Luiz Carlos da Cruz\",\"image\":{\"@type\":\"ImageObject\",\"inLanguage\":\"pt-BR\",\"@id\":\"https:\\\/\\\/secure.gravatar.com\\\/avatar\\\/e6f4f45301b6cb8572f7b076572e8ac11c1db80e805d8c8d0858cf286ce3ac3b?s=96&d=mm&r=g\",\"url\":\"https:\\\/\\\/secure.gravatar.com\\\/avatar\\\/e6f4f45301b6cb8572f7b076572e8ac11c1db80e805d8c8d0858cf286ce3ac3b?s=96&d=mm&r=g\",\"contentUrl\":\"https:\\\/\\\/secure.gravatar.com\\\/avatar\\\/e6f4f45301b6cb8572f7b076572e8ac11c1db80e805d8c8d0858cf286ce3ac3b?s=96&d=mm&r=g\",\"caption\":\"Luiz Carlos da Cruz\"},\"url\":\"https:\\\/\\\/jornalboasnoticias.com.br\\\/home\\\/author\\\/luiz-carlos-da-cruz\\\/\"}]}<\/script>\n<!-- \/ Yoast SEO plugin. -->","yoast_head_json":{"title":"Igreja nomeia novo secret\u00e1rio-assistente do Servi\u00e7o Volunt\u00e1rio Adventista para SP - Jornal","description":"Igreja nomeia novo secret\u00e1rio-assistente do Servi\u00e7o Volunt\u00e1rio Adventista para SP","robots":{"index":"index","follow":"follow","max-snippet":"max-snippet:-1","max-image-preview":"max-image-preview:large","max-video-preview":"max-video-preview:-1"},"canonical":"https:\/\/jornalboasnoticias.com.br\/home\/igreja-nomeia-novo-secretario-assistente-do-servico-voluntario-adventista-para-sp\/","og_locale":"pt_BR","og_type":"article","og_title":"Igreja nomeia novo secret\u00e1rio-assistente do Servi\u00e7o Volunt\u00e1rio Adventista para SP - Jornal","og_description":"Igreja nomeia novo secret\u00e1rio-assistente do Servi\u00e7o Volunt\u00e1rio Adventista para SP","og_url":"https:\/\/jornalboasnoticias.com.br\/home\/igreja-nomeia-novo-secretario-assistente-do-servico-voluntario-adventista-para-sp\/","og_site_name":"Jornal","article_publisher":"https:\/\/www.facebook.com\/boasnoticiasjornal","article_published_time":"2025-02-04T20:00:06+00:00","og_image":[{"width":1080,"height":890,"url":"https:\/\/jornalboasnoticias.com.br\/home\/wp-content\/uploads\/2025\/02\/111.jpeg","type":"image\/jpeg"}],"author":"Luiz Carlos da Cruz","twitter_card":"summary_large_image","twitter_misc":{"Escrito por":"Luiz Carlos da Cruz","Est. tempo de leitura":"2 minutos"},"schema":{"@context":"https:\/\/schema.org","@graph":[{"@type":"Article","@id":"https:\/\/jornalboasnoticias.com.br\/home\/igreja-nomeia-novo-secretario-assistente-do-servico-voluntario-adventista-para-sp\/#article","isPartOf":{"@id":"https:\/\/jornalboasnoticias.com.br\/home\/igreja-nomeia-novo-secretario-assistente-do-servico-voluntario-adventista-para-sp\/"},"author":{"name":"Luiz Carlos da Cruz","@id":"https:\/\/jornalboasnoticias.com.br\/home\/#\/schema\/person\/75f9ebde398c998c166475fb446bda62"},"headline":"Igreja nomeia novo secret\u00e1rio-assistente do Servi\u00e7o Volunt\u00e1rio Adventista para SP","datePublished":"2025-02-04T20:00:06+00:00","mainEntityOfPage":{"@id":"https:\/\/jornalboasnoticias.com.br\/home\/igreja-nomeia-novo-secretario-assistente-do-servico-voluntario-adventista-para-sp\/"},"wordCount":175,"commentCount":0,"publisher":{"@id":"https:\/\/jornalboasnoticias.com.br\/home\/#organization"},"image":{"@id":"https:\/\/jornalboasnoticias.com.br\/home\/igreja-nomeia-novo-secretario-assistente-do-servico-voluntario-adventista-para-sp\/#primaryimage"},"thumbnailUrl":"https:\/\/jornalboasnoticias.com.br\/home\/wp-content\/uploads\/2025\/02\/111.jpeg","keywords":["Adventista"],"articleSection":["BRASIL"],"inLanguage":"pt-BR","potentialAction":[{"@type":"CommentAction","name":"Comment","target":["https:\/\/jornalboasnoticias.com.br\/home\/igreja-nomeia-novo-secretario-assistente-do-servico-voluntario-adventista-para-sp\/#respond"]}]},{"@type":"WebPage","@id":"https:\/\/jornalboasnoticias.com.br\/home\/igreja-nomeia-novo-secretario-assistente-do-servico-voluntario-adventista-para-sp\/","url":"https:\/\/jornalboasnoticias.com.br\/home\/igreja-nomeia-novo-secretario-assistente-do-servico-voluntario-adventista-para-sp\/","name":"Igreja nomeia novo secret\u00e1rio-assistente do Servi\u00e7o Volunt\u00e1rio Adventista para SP - Jornal","isPartOf":{"@id":"https:\/\/jornalboasnoticias.com.br\/home\/#website"},"primaryImageOfPage":{"@id":"https:\/\/jornalboasnoticias.com.br\/home\/igreja-nomeia-novo-secretario-assistente-do-servico-voluntario-adventista-para-sp\/#primaryimage"},"image":{"@id":"https:\/\/jornalboasnoticias.com.br\/home\/igreja-nomeia-novo-secretario-assistente-do-servico-voluntario-adventista-para-sp\/#primaryimage"},"thumbnailUrl":"https:\/\/jornalboasnoticias.com.br\/home\/wp-content\/uploads\/2025\/02\/111.jpeg","datePublished":"2025-02-04T20:00:06+00:00","description":"Igreja nomeia novo secret\u00e1rio-assistente do Servi\u00e7o Volunt\u00e1rio Adventista para SP","breadcrumb":{"@id":"https:\/\/jornalboasnoticias.com.br\/home\/igreja-nomeia-novo-secretario-assistente-do-servico-voluntario-adventista-para-sp\/#breadcrumb"},"inLanguage":"pt-BR","potentialAction":[{"@type":"ReadAction","target":["https:\/\/jornalboasnoticias.com.br\/home\/igreja-nomeia-novo-secretario-assistente-do-servico-voluntario-adventista-para-sp\/"]}]},{"@type":"ImageObject","inLanguage":"pt-BR","@id":"https:\/\/jornalboasnoticias.com.br\/home\/igreja-nomeia-novo-secretario-assistente-do-servico-voluntario-adventista-para-sp\/#primaryimage","url":"https:\/\/jornalboasnoticias.com.br\/home\/wp-content\/uploads\/2025\/02\/111.jpeg","contentUrl":"https:\/\/jornalboasnoticias.com.br\/home\/wp-content\/uploads\/2025\/02\/111.jpeg","width":1080,"height":890},{"@type":"BreadcrumbList","@id":"https:\/\/jornalboasnoticias.com.br\/home\/igreja-nomeia-novo-secretario-assistente-do-servico-voluntario-adventista-para-sp\/#breadcrumb","itemListElement":[{"@type":"ListItem","position":1,"name":"In\u00edcio","item":"https:\/\/jornalboasnoticias.com.br\/home\/"},{"@type":"ListItem","position":2,"name":"Igreja nomeia novo secret\u00e1rio-assistente do Servi\u00e7o Volunt\u00e1rio Adventista para SP"}]},{"@type":"WebSite","@id":"https:\/\/jornalboasnoticias.com.br\/home\/#website","url":"https:\/\/jornalboasnoticias.com.br\/home\/","name":"Jornal Boas Not\u00edcias","description":"Boas not\u00edcias","publisher":{"@id":"https:\/\/jornalboasnoticias.com.br\/home\/#organization"},"potentialAction":[{"@type":"SearchAction","target":{"@type":"EntryPoint","urlTemplate":"https:\/\/jornalboasnoticias.com.br\/home\/?s={search_term_string}"},"query-input":{"@type":"PropertyValueSpecification","valueRequired":true,"valueName":"search_term_string"}}],"inLanguage":"pt-BR"},{"@type":"Organization","@id":"https:\/\/jornalboasnoticias.com.br\/home\/#organization","name":"Coq Editora Ltda","alternateName":"Jornal Boas Noticias","url":"https:\/\/jornalboasnoticias.com.br\/home\/","logo":{"@type":"ImageObject","inLanguage":"pt-BR","@id":"https:\/\/jornalboasnoticias.com.br\/home\/#\/schema\/logo\/image\/","url":"https:\/\/jornalboasnoticias.com.br\/home\/wp-content\/uploads\/2024\/07\/cropped-logo.jpg","contentUrl":"https:\/\/jornalboasnoticias.com.br\/home\/wp-content\/uploads\/2024\/07\/cropped-logo.jpg","width":290,"height":142,"caption":"Coq Editora Ltda"},"image":{"@id":"https:\/\/jornalboasnoticias.com.br\/home\/#\/schema\/logo\/image\/"},"sameAs":["https:\/\/www.facebook.com\/boasnoticiasjornal"]},{"@type":"Person","@id":"https:\/\/jornalboasnoticias.com.br\/home\/#\/schema\/person\/75f9ebde398c998c166475fb446bda62","name":"Luiz Carlos da Cruz","image":{"@type":"ImageObject","inLanguage":"pt-BR","@id":"https:\/\/secure.gravatar.com\/avatar\/e6f4f45301b6cb8572f7b076572e8ac11c1db80e805d8c8d0858cf286ce3ac3b?s=96&d=mm&r=g","url":"https:\/\/secure.gravatar.com\/avatar\/e6f4f45301b6cb8572f7b076572e8ac11c1db80e805d8c8d0858cf286ce3ac3b?s=96&d=mm&r=g","contentUrl":"https:\/\/secure.gravatar.com\/avatar\/e6f4f45301b6cb8572f7b076572e8ac11c1db80e805d8c8d0858cf286ce3ac3b?s=96&d=mm&r=g","caption":"Luiz Carlos da Cruz"},"url":"https:\/\/jornalboasnoticias.com.br\/home\/author\/luiz-carlos-da-cruz\/"}]}},"_links":{"self":[{"href":"https:\/\/jornalboasnoticias.com.br\/home\/wp-json\/wp\/v2\/posts\/46213","targetHints":{"allow":["GET"]}}],"collection":[{"href":"https:\/\/jornalboasnoticias.com.br\/home\/wp-json\/wp\/v2\/posts"}],"about":[{"href":"https:\/\/jornalboasnoticias.com.br\/home\/wp-json\/wp\/v2\/types\/post"}],"author":[{"embeddable":true,"href":"https:\/\/jornalboasnoticias.com.br\/home\/wp-json\/wp\/v2\/users\/3"}],"replies":[{"embeddable":true,"href":"https:\/\/jornalboasnoticias.com.br\/home\/wp-json\/wp\/v2\/comments?post=46213"}],"version-history":[{"count":1,"href":"https:\/\/jornalboasnoticias.com.br\/home\/wp-json\/wp\/v2\/posts\/46213\/revisions"}],"predecessor-version":[{"id":46215,"href":"https:\/\/jornalboasnoticias.com.br\/home\/wp-json\/wp\/v2\/posts\/46213\/revisions\/46215"}],"wp:featuredmedia":[{"embeddable":true,"href":"https:\/\/jornalboasnoticias.com.br\/home\/wp-json\/wp\/v2\/media\/46214"}],"wp:attachment":[{"href":"https:\/\/jornalboasnoticias.com.br\/home\/wp-json\/wp\/v2\/media?parent=46213"}],"wp:term":[{"taxonomy":"category","embeddable":true,"href":"https:\/\/jornalboasnoticias.com.br\/home\/wp-json\/wp\/v2\/categories?post=46213"},{"taxonomy":"post_tag","embeddable":true,"href":"https:\/\/jornalboasnoticias.com.br\/home\/wp-json\/wp\/v2\/tags?post=46213"}],"curies":[{"name":"wp","href":"https:\/\/api.w.org\/{rel}","templated":true}]}}