{"id":46210,"date":"2025-02-04T19:53:49","date_gmt":"2025-02-04T19:53:49","guid":{"rendered":"https:\/\/jornalboasnoticias.com.br\/home\/?p=46210"},"modified":"2025-02-04T19:53:49","modified_gmt":"2025-02-04T19:53:49","slug":"copom-aponta-para-aumento-da-selic-em-1-ponto-em-marco","status":"publish","type":"post","link":"https:\/\/jornalboasnoticias.com.br\/home\/copom-aponta-para-aumento-da-selic-em-1-ponto-em-marco\/","title":{"rendered":"Copom aponta para aumento da Selic em 1 ponto em mar\u00e7o"},"content":{"rendered":"<p style=\"text-align: center;\"><em><strong>Ata do comit\u00ea explica as raz\u00f5es do aumento da taxa de juros<\/strong><\/em><\/p>\n<figure id=\"attachment_46211\" aria-describedby=\"caption-attachment-46211\" style=\"width: 1170px\" class=\"wp-caption alignnone\"><img loading=\"lazy\" decoding=\"async\" class=\"wp-image-46211 size-full\" src=\"https:\/\/jornalboasnoticias.com.br\/home\/wp-content\/uploads\/2025\/02\/copom.webp\" alt=\"\" width=\"1170\" height=\"700\" srcset=\"https:\/\/jornalboasnoticias.com.br\/home\/wp-content\/uploads\/2025\/02\/copom.webp 1170w, https:\/\/jornalboasnoticias.com.br\/home\/wp-content\/uploads\/2025\/02\/copom-300x179.webp 300w, https:\/\/jornalboasnoticias.com.br\/home\/wp-content\/uploads\/2025\/02\/copom-1024x613.webp 1024w, https:\/\/jornalboasnoticias.com.br\/home\/wp-content\/uploads\/2025\/02\/copom-768x459.webp 768w\" sizes=\"auto, (max-width: 1170px) 100vw, 1170px\" \/><figcaption id=\"caption-attachment-46211\" class=\"wp-caption-text\">\u00a9 Raphael Ribeiro\/ Banco Central<\/figcaption><\/figure>\n<p>A taxa b\u00e1sica de juros da economia, a Selic, deve aumentar novamente em um ponto percentual (p.p), em mar\u00e7o. \u00c9 o que aponta a ata da reuni\u00e3o do Comit\u00ea de Pol\u00edtica Monet\u00e1ria (Copom) divulgada nesta ter\u00e7a-feira (4). Segundo o Copom, o cen\u00e1rio de infla\u00e7\u00e3o de curto prazo segue adverso, principalmente em raz\u00e3o do aumento nos pre\u00e7os dos alimentos. Mantido esse cen\u00e1rio, o comit\u00ea aponta que a infla\u00e7\u00e3o deve ficar acima da meta pelos pr\u00f3ximos 6 meses.<img decoding=\"async\" src=\"https:\/\/agenciabrasil.ebc.com.br\/ebc.png?id=1629019&amp;o=node\" \/><img decoding=\"async\" src=\"https:\/\/agenciabrasil.ebc.com.br\/ebc.gif?id=1629019&amp;o=node\" \/><\/p>\n<p>\u201cDiante da continuidade do cen\u00e1rio adverso para a converg\u00eancia da infla\u00e7\u00e3o, o comit\u00ea antev\u00ea, em se confirmando o cen\u00e1rio esperado, um ajuste de mesma magnitude na pr\u00f3xima reuni\u00e3o\u201d, informa o Copom.<\/p>\n<p>Na semana passada, o\u00a0comit\u00ea aumentou a Selic para 13,25% ao ano, por entender que a decis\u00e3o \u00e9 compat\u00edvel com a estrat\u00e9gia de converg\u00eancia da infla\u00e7\u00e3o para o redor da meta. A ata destacou que os pre\u00e7os dos alimentos se elevaram de forma significativa, em fun\u00e7\u00e3o, dentre outros fatores, da estiagem observada ao longo do ano passado e da eleva\u00e7\u00e3o de pre\u00e7os de carnes, tamb\u00e9m afetada pelo ciclo do boi.<\/p>\n<p>Com rela\u00e7\u00e3o aos bens industrializados, o movimento recente de aumento do d\u00f3lar pressiona pre\u00e7os e margens, sugerindo maior aumento em tais componentes nos pr\u00f3ximos meses.<\/p>\n<p>Para os integrantes do comit\u00ea, esse aumento tende a se propagar para o m\u00e9dio prazo. &#8220;Essa decis\u00e3o [de aumentar a Selic] \u00e9 compat\u00edvel com a estrat\u00e9gia de converg\u00eancia da infla\u00e7\u00e3o para o redor da meta ao longo do horizonte relevante. Sem preju\u00edzo de seu objetivo fundamental de assegurar a estabilidade de pre\u00e7os, essa decis\u00e3o tamb\u00e9m implica suaviza\u00e7\u00e3o das flutua\u00e7\u00f5es do n\u00edvel de atividade econ\u00f4mica e fomento do pleno emprego&#8221;, explica o comit\u00ea na ata.<\/p>\n<p>Ainda segundo o Copom, a infla\u00e7\u00e3o de servi\u00e7os segue acima do n\u00edvel compat\u00edvel com o cumprimento da meta, de acordo com as observa\u00e7\u00f5es mais recentes. A ata destaca que, ao longo dos \u00faltimos trimestres, a atividade econ\u00f4mica manteve o dinamismo, em particular, no ritmo de crescimento do consumo das fam\u00edlias.<\/p>\n<p>Outro ponto destacado \u00e9 que o mercado de trabalho tamb\u00e9m se mostrou aquecido, juntamente com o mercado de cr\u00e9dito. Esse quadro foge do cen\u00e1rio-base defendido pelo comit\u00ea para o recuo da infla\u00e7\u00e3o. Esse cen\u00e1rio envolve uma pol\u00edtica econ\u00f4mica contracionista, com desacelera\u00e7\u00e3o da atividade econ\u00f4mica.<\/p>\n<p>\u201cFoi destacado, na an\u00e1lise de curto prazo, que, em se concretizando as proje\u00e7\u00f5es do cen\u00e1rio de refer\u00eancia, a infla\u00e7\u00e3o acumulada em 12 meses permanecer\u00e1 acima do limite superior do intervalo de toler\u00e2ncia da meta nos pr\u00f3ximos 6 meses consecutivos. Desse modo, com a infla\u00e7\u00e3o de junho deste ano, configurar-se-ia descumprimento da meta sob a nova sistem\u00e1tica do regime de metas\u201d, disse o Copom.<\/p>\n<p>O regime de meta de infla\u00e7\u00e3o determina que o \u00edndice deve ficar em 3% no acumulado em 12 meses, com bandas de 1,5 p.p. para cima ou para baixo. Se ficar acima do limite da banda por mais de 6 meses seguidos, h\u00e1 o descumprimento da meta.<\/p>\n<p>O BC voltou a apontar o dinamismo da economia com vigor nas concess\u00f5es de cr\u00e9dito amplo, pol\u00edtica fiscal expansionista e o fomento do pleno emprego como fatores que t\u00eam dado suporte ao consumo e \u00e0 demanda agregada, pressionando a infla\u00e7\u00e3o.<\/p>\n<p>O Copom adiantou que vai seguir observando esses fatores para o desempenho da \u201cestrat\u00e9gia de converg\u00eancia da infla\u00e7\u00e3o para o redor da meta ao longo do horizonte relevante\u201d.<\/p>\n<p>&#8220;Como o mercado de trabalho segue aquecido, \u00e9 dif\u00edcil avaliar em que medida uma eventual desacelera\u00e7\u00e3o refletiria enfraquecimento da demanda ou press\u00f5es de oferta, portanto, com impactos diferentes sobre a infla\u00e7\u00e3o. O Comit\u00ea seguir\u00e1 acompanhando a atividade econ\u00f4mica e refor\u00e7a que o arrefecimento da demanda agregada \u00e9 um elemento essencial do processo de reequil\u00edbrio entre oferta e demanda da economia e converg\u00eancia da infla\u00e7\u00e3o \u00e0 meta\u201d.<\/p>\n<p>Em rela\u00e7\u00e3o ao cen\u00e1rio externo, o Copom aponta ainda que o cen\u00e1rio tamb\u00e9m permanece desafiador, em fun\u00e7\u00e3o, principalmente, da conjuntura e da pol\u00edtica econ\u00f4mica nos Estados Unidos. O cen\u00e1rio-base do comit\u00ea segue sendo de desacelera\u00e7\u00e3o gradual e ordenada da economia norte-americana.<\/p>\n<p>Entretanto, o comit\u00ea chama a aten\u00e7\u00e3o para algumas incertezas na pol\u00edtica econ\u00f4mica, tais como a introdu\u00e7\u00e3o de tarifas \u00e0 importa\u00e7\u00e3o, ado\u00e7\u00e3o de poss\u00edveis est\u00edmulos fiscais, restri\u00e7\u00f5es na oferta de trabalho, e altera\u00e7\u00f5es importantes em pre\u00e7os relativos decorrentes de reorienta\u00e7\u00f5es da matriz energ\u00e9tica, \u201co que pode impactar negativamente as condi\u00e7\u00f5es financeiras e os fluxos de capital para economias emergentes.\u201d<\/p>\n<p>\u201cO comit\u00ea acompanhou com aten\u00e7\u00e3o os movimentos do c\u00e2mbio, que tem reagido, notadamente, \u00e0s not\u00edcias fiscais dom\u00e9sticas, \u00e0s not\u00edcias da pol\u00edtica econ\u00f4mica norte-americana e ao diferencial de juros. A consecu\u00e7\u00e3o de determinadas pol\u00edticas nos Estados Unidos pode pressionar os pre\u00e7os de ativos dom\u00e9sticos\u201d, diz a ata.<\/p>\n<p><strong>Ag\u00eancia Brasil<\/strong><\/p>\n","protected":false},"excerpt":{"rendered":"<p>Ata do comit\u00ea explica as raz\u00f5es do aumento da taxa de juros A taxa b\u00e1sica<\/p>\n","protected":false},"author":3,"featured_media":46211,"comment_status":"open","ping_status":"open","sticky":false,"template":"","format":"standard","meta":{"footnotes":""},"categories":[3,5],"tags":[138,139],"class_list":["post-46210","post","type-post","status-publish","format-standard","has-post-thumbnail","hentry","category-destaques","category-economia","tag-copom","tag-juros"],"yoast_head":"<!-- This site is optimized with the Yoast SEO plugin v27.5 - https:\/\/yoast.com\/product\/yoast-seo-wordpress\/ -->\n<title>Copom aponta para aumento da Selic em 1 ponto em mar\u00e7o - Jornal<\/title>\n<meta name=\"description\" content=\"Copom aponta para aumento da Selic em 1 ponto em mar\u00e7o\" \/>\n<meta name=\"robots\" content=\"index, follow, max-snippet:-1, max-image-preview:large, max-video-preview:-1\" \/>\n<link rel=\"canonical\" href=\"https:\/\/jornalboasnoticias.com.br\/home\/copom-aponta-para-aumento-da-selic-em-1-ponto-em-marco\/\" \/>\n<meta property=\"og:locale\" content=\"pt_BR\" \/>\n<meta property=\"og:type\" content=\"article\" \/>\n<meta property=\"og:title\" content=\"Copom aponta para aumento da Selic em 1 ponto em mar\u00e7o - Jornal\" \/>\n<meta property=\"og:description\" content=\"Copom aponta para aumento da Selic em 1 ponto em mar\u00e7o\" \/>\n<meta property=\"og:url\" content=\"https:\/\/jornalboasnoticias.com.br\/home\/copom-aponta-para-aumento-da-selic-em-1-ponto-em-marco\/\" \/>\n<meta property=\"og:site_name\" content=\"Jornal\" \/>\n<meta property=\"article:publisher\" content=\"https:\/\/www.facebook.com\/boasnoticiasjornal\" \/>\n<meta property=\"article:published_time\" content=\"2025-02-04T19:53:49+00:00\" \/>\n<meta property=\"og:image\" content=\"https:\/\/jornalboasnoticias.com.br\/home\/wp-content\/uploads\/2025\/02\/copom.webp\" \/>\n\t<meta property=\"og:image:width\" content=\"1170\" \/>\n\t<meta property=\"og:image:height\" content=\"700\" \/>\n\t<meta property=\"og:image:type\" content=\"image\/webp\" \/>\n<meta name=\"author\" content=\"Luiz Carlos da Cruz\" \/>\n<meta name=\"twitter:card\" content=\"summary_large_image\" \/>\n<meta name=\"twitter:label1\" content=\"Escrito por\" \/>\n\t<meta name=\"twitter:data1\" content=\"Luiz Carlos da Cruz\" \/>\n\t<meta name=\"twitter:label2\" content=\"Est. tempo de leitura\" \/>\n\t<meta name=\"twitter:data2\" content=\"6 minutos\" \/>\n<script type=\"application\/ld+json\" class=\"yoast-schema-graph\">{\"@context\":\"https:\\\/\\\/schema.org\",\"@graph\":[{\"@type\":\"Article\",\"@id\":\"https:\\\/\\\/jornalboasnoticias.com.br\\\/home\\\/copom-aponta-para-aumento-da-selic-em-1-ponto-em-marco\\\/#article\",\"isPartOf\":{\"@id\":\"https:\\\/\\\/jornalboasnoticias.com.br\\\/home\\\/copom-aponta-para-aumento-da-selic-em-1-ponto-em-marco\\\/\"},\"author\":{\"name\":\"Luiz Carlos da Cruz\",\"@id\":\"https:\\\/\\\/jornalboasnoticias.com.br\\\/home\\\/#\\\/schema\\\/person\\\/75f9ebde398c998c166475fb446bda62\"},\"headline\":\"Copom aponta para aumento da Selic em 1 ponto em mar\u00e7o\",\"datePublished\":\"2025-02-04T19:53:49+00:00\",\"mainEntityOfPage\":{\"@id\":\"https:\\\/\\\/jornalboasnoticias.com.br\\\/home\\\/copom-aponta-para-aumento-da-selic-em-1-ponto-em-marco\\\/\"},\"wordCount\":905,\"commentCount\":0,\"publisher\":{\"@id\":\"https:\\\/\\\/jornalboasnoticias.com.br\\\/home\\\/#organization\"},\"image\":{\"@id\":\"https:\\\/\\\/jornalboasnoticias.com.br\\\/home\\\/copom-aponta-para-aumento-da-selic-em-1-ponto-em-marco\\\/#primaryimage\"},\"thumbnailUrl\":\"https:\\\/\\\/jornalboasnoticias.com.br\\\/home\\\/wp-content\\\/uploads\\\/2025\\\/02\\\/copom.webp\",\"keywords\":[\"Copom\",\"juros\"],\"articleSection\":[\"DESTAQUE\",\"ECONOMIA\"],\"inLanguage\":\"pt-BR\",\"potentialAction\":[{\"@type\":\"CommentAction\",\"name\":\"Comment\",\"target\":[\"https:\\\/\\\/jornalboasnoticias.com.br\\\/home\\\/copom-aponta-para-aumento-da-selic-em-1-ponto-em-marco\\\/#respond\"]}]},{\"@type\":\"WebPage\",\"@id\":\"https:\\\/\\\/jornalboasnoticias.com.br\\\/home\\\/copom-aponta-para-aumento-da-selic-em-1-ponto-em-marco\\\/\",\"url\":\"https:\\\/\\\/jornalboasnoticias.com.br\\\/home\\\/copom-aponta-para-aumento-da-selic-em-1-ponto-em-marco\\\/\",\"name\":\"Copom aponta para aumento da Selic em 1 ponto em mar\u00e7o - Jornal\",\"isPartOf\":{\"@id\":\"https:\\\/\\\/jornalboasnoticias.com.br\\\/home\\\/#website\"},\"primaryImageOfPage\":{\"@id\":\"https:\\\/\\\/jornalboasnoticias.com.br\\\/home\\\/copom-aponta-para-aumento-da-selic-em-1-ponto-em-marco\\\/#primaryimage\"},\"image\":{\"@id\":\"https:\\\/\\\/jornalboasnoticias.com.br\\\/home\\\/copom-aponta-para-aumento-da-selic-em-1-ponto-em-marco\\\/#primaryimage\"},\"thumbnailUrl\":\"https:\\\/\\\/jornalboasnoticias.com.br\\\/home\\\/wp-content\\\/uploads\\\/2025\\\/02\\\/copom.webp\",\"datePublished\":\"2025-02-04T19:53:49+00:00\",\"description\":\"Copom aponta para aumento da Selic em 1 ponto em mar\u00e7o\",\"breadcrumb\":{\"@id\":\"https:\\\/\\\/jornalboasnoticias.com.br\\\/home\\\/copom-aponta-para-aumento-da-selic-em-1-ponto-em-marco\\\/#breadcrumb\"},\"inLanguage\":\"pt-BR\",\"potentialAction\":[{\"@type\":\"ReadAction\",\"target\":[\"https:\\\/\\\/jornalboasnoticias.com.br\\\/home\\\/copom-aponta-para-aumento-da-selic-em-1-ponto-em-marco\\\/\"]}]},{\"@type\":\"ImageObject\",\"inLanguage\":\"pt-BR\",\"@id\":\"https:\\\/\\\/jornalboasnoticias.com.br\\\/home\\\/copom-aponta-para-aumento-da-selic-em-1-ponto-em-marco\\\/#primaryimage\",\"url\":\"https:\\\/\\\/jornalboasnoticias.com.br\\\/home\\\/wp-content\\\/uploads\\\/2025\\\/02\\\/copom.webp\",\"contentUrl\":\"https:\\\/\\\/jornalboasnoticias.com.br\\\/home\\\/wp-content\\\/uploads\\\/2025\\\/02\\\/copom.webp\",\"width\":1170,\"height\":700},{\"@type\":\"BreadcrumbList\",\"@id\":\"https:\\\/\\\/jornalboasnoticias.com.br\\\/home\\\/copom-aponta-para-aumento-da-selic-em-1-ponto-em-marco\\\/#breadcrumb\",\"itemListElement\":[{\"@type\":\"ListItem\",\"position\":1,\"name\":\"In\u00edcio\",\"item\":\"https:\\\/\\\/jornalboasnoticias.com.br\\\/home\\\/\"},{\"@type\":\"ListItem\",\"position\":2,\"name\":\"Copom aponta para aumento da Selic em 1 ponto em mar\u00e7o\"}]},{\"@type\":\"WebSite\",\"@id\":\"https:\\\/\\\/jornalboasnoticias.com.br\\\/home\\\/#website\",\"url\":\"https:\\\/\\\/jornalboasnoticias.com.br\\\/home\\\/\",\"name\":\"Jornal Boas Not\u00edcias\",\"description\":\"Boas not\u00edcias\",\"publisher\":{\"@id\":\"https:\\\/\\\/jornalboasnoticias.com.br\\\/home\\\/#organization\"},\"potentialAction\":[{\"@type\":\"SearchAction\",\"target\":{\"@type\":\"EntryPoint\",\"urlTemplate\":\"https:\\\/\\\/jornalboasnoticias.com.br\\\/home\\\/?s={search_term_string}\"},\"query-input\":{\"@type\":\"PropertyValueSpecification\",\"valueRequired\":true,\"valueName\":\"search_term_string\"}}],\"inLanguage\":\"pt-BR\"},{\"@type\":\"Organization\",\"@id\":\"https:\\\/\\\/jornalboasnoticias.com.br\\\/home\\\/#organization\",\"name\":\"Coq Editora Ltda\",\"alternateName\":\"Jornal Boas Noticias\",\"url\":\"https:\\\/\\\/jornalboasnoticias.com.br\\\/home\\\/\",\"logo\":{\"@type\":\"ImageObject\",\"inLanguage\":\"pt-BR\",\"@id\":\"https:\\\/\\\/jornalboasnoticias.com.br\\\/home\\\/#\\\/schema\\\/logo\\\/image\\\/\",\"url\":\"https:\\\/\\\/jornalboasnoticias.com.br\\\/home\\\/wp-content\\\/uploads\\\/2024\\\/07\\\/cropped-logo.jpg\",\"contentUrl\":\"https:\\\/\\\/jornalboasnoticias.com.br\\\/home\\\/wp-content\\\/uploads\\\/2024\\\/07\\\/cropped-logo.jpg\",\"width\":290,\"height\":142,\"caption\":\"Coq Editora Ltda\"},\"image\":{\"@id\":\"https:\\\/\\\/jornalboasnoticias.com.br\\\/home\\\/#\\\/schema\\\/logo\\\/image\\\/\"},\"sameAs\":[\"https:\\\/\\\/www.facebook.com\\\/boasnoticiasjornal\"]},{\"@type\":\"Person\",\"@id\":\"https:\\\/\\\/jornalboasnoticias.com.br\\\/home\\\/#\\\/schema\\\/person\\\/75f9ebde398c998c166475fb446bda62\",\"name\":\"Luiz Carlos da Cruz\",\"image\":{\"@type\":\"ImageObject\",\"inLanguage\":\"pt-BR\",\"@id\":\"https:\\\/\\\/secure.gravatar.com\\\/avatar\\\/e6f4f45301b6cb8572f7b076572e8ac11c1db80e805d8c8d0858cf286ce3ac3b?s=96&d=mm&r=g\",\"url\":\"https:\\\/\\\/secure.gravatar.com\\\/avatar\\\/e6f4f45301b6cb8572f7b076572e8ac11c1db80e805d8c8d0858cf286ce3ac3b?s=96&d=mm&r=g\",\"contentUrl\":\"https:\\\/\\\/secure.gravatar.com\\\/avatar\\\/e6f4f45301b6cb8572f7b076572e8ac11c1db80e805d8c8d0858cf286ce3ac3b?s=96&d=mm&r=g\",\"caption\":\"Luiz Carlos da Cruz\"},\"url\":\"https:\\\/\\\/jornalboasnoticias.com.br\\\/home\\\/author\\\/luiz-carlos-da-cruz\\\/\"}]}<\/script>\n<!-- \/ Yoast SEO plugin. -->","yoast_head_json":{"title":"Copom aponta para aumento da Selic em 1 ponto em mar\u00e7o - Jornal","description":"Copom aponta para aumento da Selic em 1 ponto em mar\u00e7o","robots":{"index":"index","follow":"follow","max-snippet":"max-snippet:-1","max-image-preview":"max-image-preview:large","max-video-preview":"max-video-preview:-1"},"canonical":"https:\/\/jornalboasnoticias.com.br\/home\/copom-aponta-para-aumento-da-selic-em-1-ponto-em-marco\/","og_locale":"pt_BR","og_type":"article","og_title":"Copom aponta para aumento da Selic em 1 ponto em mar\u00e7o - Jornal","og_description":"Copom aponta para aumento da Selic em 1 ponto em mar\u00e7o","og_url":"https:\/\/jornalboasnoticias.com.br\/home\/copom-aponta-para-aumento-da-selic-em-1-ponto-em-marco\/","og_site_name":"Jornal","article_publisher":"https:\/\/www.facebook.com\/boasnoticiasjornal","article_published_time":"2025-02-04T19:53:49+00:00","og_image":[{"width":1170,"height":700,"url":"https:\/\/jornalboasnoticias.com.br\/home\/wp-content\/uploads\/2025\/02\/copom.webp","type":"image\/webp"}],"author":"Luiz Carlos da Cruz","twitter_card":"summary_large_image","twitter_misc":{"Escrito por":"Luiz Carlos da Cruz","Est. tempo de leitura":"6 minutos"},"schema":{"@context":"https:\/\/schema.org","@graph":[{"@type":"Article","@id":"https:\/\/jornalboasnoticias.com.br\/home\/copom-aponta-para-aumento-da-selic-em-1-ponto-em-marco\/#article","isPartOf":{"@id":"https:\/\/jornalboasnoticias.com.br\/home\/copom-aponta-para-aumento-da-selic-em-1-ponto-em-marco\/"},"author":{"name":"Luiz Carlos da Cruz","@id":"https:\/\/jornalboasnoticias.com.br\/home\/#\/schema\/person\/75f9ebde398c998c166475fb446bda62"},"headline":"Copom aponta para aumento da Selic em 1 ponto em mar\u00e7o","datePublished":"2025-02-04T19:53:49+00:00","mainEntityOfPage":{"@id":"https:\/\/jornalboasnoticias.com.br\/home\/copom-aponta-para-aumento-da-selic-em-1-ponto-em-marco\/"},"wordCount":905,"commentCount":0,"publisher":{"@id":"https:\/\/jornalboasnoticias.com.br\/home\/#organization"},"image":{"@id":"https:\/\/jornalboasnoticias.com.br\/home\/copom-aponta-para-aumento-da-selic-em-1-ponto-em-marco\/#primaryimage"},"thumbnailUrl":"https:\/\/jornalboasnoticias.com.br\/home\/wp-content\/uploads\/2025\/02\/copom.webp","keywords":["Copom","juros"],"articleSection":["DESTAQUE","ECONOMIA"],"inLanguage":"pt-BR","potentialAction":[{"@type":"CommentAction","name":"Comment","target":["https:\/\/jornalboasnoticias.com.br\/home\/copom-aponta-para-aumento-da-selic-em-1-ponto-em-marco\/#respond"]}]},{"@type":"WebPage","@id":"https:\/\/jornalboasnoticias.com.br\/home\/copom-aponta-para-aumento-da-selic-em-1-ponto-em-marco\/","url":"https:\/\/jornalboasnoticias.com.br\/home\/copom-aponta-para-aumento-da-selic-em-1-ponto-em-marco\/","name":"Copom aponta para aumento da Selic em 1 ponto em mar\u00e7o - Jornal","isPartOf":{"@id":"https:\/\/jornalboasnoticias.com.br\/home\/#website"},"primaryImageOfPage":{"@id":"https:\/\/jornalboasnoticias.com.br\/home\/copom-aponta-para-aumento-da-selic-em-1-ponto-em-marco\/#primaryimage"},"image":{"@id":"https:\/\/jornalboasnoticias.com.br\/home\/copom-aponta-para-aumento-da-selic-em-1-ponto-em-marco\/#primaryimage"},"thumbnailUrl":"https:\/\/jornalboasnoticias.com.br\/home\/wp-content\/uploads\/2025\/02\/copom.webp","datePublished":"2025-02-04T19:53:49+00:00","description":"Copom aponta para aumento da Selic em 1 ponto em mar\u00e7o","breadcrumb":{"@id":"https:\/\/jornalboasnoticias.com.br\/home\/copom-aponta-para-aumento-da-selic-em-1-ponto-em-marco\/#breadcrumb"},"inLanguage":"pt-BR","potentialAction":[{"@type":"ReadAction","target":["https:\/\/jornalboasnoticias.com.br\/home\/copom-aponta-para-aumento-da-selic-em-1-ponto-em-marco\/"]}]},{"@type":"ImageObject","inLanguage":"pt-BR","@id":"https:\/\/jornalboasnoticias.com.br\/home\/copom-aponta-para-aumento-da-selic-em-1-ponto-em-marco\/#primaryimage","url":"https:\/\/jornalboasnoticias.com.br\/home\/wp-content\/uploads\/2025\/02\/copom.webp","contentUrl":"https:\/\/jornalboasnoticias.com.br\/home\/wp-content\/uploads\/2025\/02\/copom.webp","width":1170,"height":700},{"@type":"BreadcrumbList","@id":"https:\/\/jornalboasnoticias.com.br\/home\/copom-aponta-para-aumento-da-selic-em-1-ponto-em-marco\/#breadcrumb","itemListElement":[{"@type":"ListItem","position":1,"name":"In\u00edcio","item":"https:\/\/jornalboasnoticias.com.br\/home\/"},{"@type":"ListItem","position":2,"name":"Copom aponta para aumento da Selic em 1 ponto em mar\u00e7o"}]},{"@type":"WebSite","@id":"https:\/\/jornalboasnoticias.com.br\/home\/#website","url":"https:\/\/jornalboasnoticias.com.br\/home\/","name":"Jornal Boas Not\u00edcias","description":"Boas not\u00edcias","publisher":{"@id":"https:\/\/jornalboasnoticias.com.br\/home\/#organization"},"potentialAction":[{"@type":"SearchAction","target":{"@type":"EntryPoint","urlTemplate":"https:\/\/jornalboasnoticias.com.br\/home\/?s={search_term_string}"},"query-input":{"@type":"PropertyValueSpecification","valueRequired":true,"valueName":"search_term_string"}}],"inLanguage":"pt-BR"},{"@type":"Organization","@id":"https:\/\/jornalboasnoticias.com.br\/home\/#organization","name":"Coq Editora Ltda","alternateName":"Jornal Boas Noticias","url":"https:\/\/jornalboasnoticias.com.br\/home\/","logo":{"@type":"ImageObject","inLanguage":"pt-BR","@id":"https:\/\/jornalboasnoticias.com.br\/home\/#\/schema\/logo\/image\/","url":"https:\/\/jornalboasnoticias.com.br\/home\/wp-content\/uploads\/2024\/07\/cropped-logo.jpg","contentUrl":"https:\/\/jornalboasnoticias.com.br\/home\/wp-content\/uploads\/2024\/07\/cropped-logo.jpg","width":290,"height":142,"caption":"Coq Editora Ltda"},"image":{"@id":"https:\/\/jornalboasnoticias.com.br\/home\/#\/schema\/logo\/image\/"},"sameAs":["https:\/\/www.facebook.com\/boasnoticiasjornal"]},{"@type":"Person","@id":"https:\/\/jornalboasnoticias.com.br\/home\/#\/schema\/person\/75f9ebde398c998c166475fb446bda62","name":"Luiz Carlos da Cruz","image":{"@type":"ImageObject","inLanguage":"pt-BR","@id":"https:\/\/secure.gravatar.com\/avatar\/e6f4f45301b6cb8572f7b076572e8ac11c1db80e805d8c8d0858cf286ce3ac3b?s=96&d=mm&r=g","url":"https:\/\/secure.gravatar.com\/avatar\/e6f4f45301b6cb8572f7b076572e8ac11c1db80e805d8c8d0858cf286ce3ac3b?s=96&d=mm&r=g","contentUrl":"https:\/\/secure.gravatar.com\/avatar\/e6f4f45301b6cb8572f7b076572e8ac11c1db80e805d8c8d0858cf286ce3ac3b?s=96&d=mm&r=g","caption":"Luiz Carlos da Cruz"},"url":"https:\/\/jornalboasnoticias.com.br\/home\/author\/luiz-carlos-da-cruz\/"}]}},"_links":{"self":[{"href":"https:\/\/jornalboasnoticias.com.br\/home\/wp-json\/wp\/v2\/posts\/46210","targetHints":{"allow":["GET"]}}],"collection":[{"href":"https:\/\/jornalboasnoticias.com.br\/home\/wp-json\/wp\/v2\/posts"}],"about":[{"href":"https:\/\/jornalboasnoticias.com.br\/home\/wp-json\/wp\/v2\/types\/post"}],"author":[{"embeddable":true,"href":"https:\/\/jornalboasnoticias.com.br\/home\/wp-json\/wp\/v2\/users\/3"}],"replies":[{"embeddable":true,"href":"https:\/\/jornalboasnoticias.com.br\/home\/wp-json\/wp\/v2\/comments?post=46210"}],"version-history":[{"count":1,"href":"https:\/\/jornalboasnoticias.com.br\/home\/wp-json\/wp\/v2\/posts\/46210\/revisions"}],"predecessor-version":[{"id":46212,"href":"https:\/\/jornalboasnoticias.com.br\/home\/wp-json\/wp\/v2\/posts\/46210\/revisions\/46212"}],"wp:featuredmedia":[{"embeddable":true,"href":"https:\/\/jornalboasnoticias.com.br\/home\/wp-json\/wp\/v2\/media\/46211"}],"wp:attachment":[{"href":"https:\/\/jornalboasnoticias.com.br\/home\/wp-json\/wp\/v2\/media?parent=46210"}],"wp:term":[{"taxonomy":"category","embeddable":true,"href":"https:\/\/jornalboasnoticias.com.br\/home\/wp-json\/wp\/v2\/categories?post=46210"},{"taxonomy":"post_tag","embeddable":true,"href":"https:\/\/jornalboasnoticias.com.br\/home\/wp-json\/wp\/v2\/tags?post=46210"}],"curies":[{"name":"wp","href":"https:\/\/api.w.org\/{rel}","templated":true}]}}