{"id":46201,"date":"2025-02-04T02:33:22","date_gmt":"2025-02-04T02:33:22","guid":{"rendered":"https:\/\/jornalboasnoticias.com.br\/home\/?p=46201"},"modified":"2025-02-04T02:33:22","modified_gmt":"2025-02-04T02:33:22","slug":"bolsonaro-tarcisio-e-nunes-participam-de-velorio-da-bispa-keila-ferreira","status":"publish","type":"post","link":"https:\/\/jornalboasnoticias.com.br\/home\/bolsonaro-tarcisio-e-nunes-participam-de-velorio-da-bispa-keila-ferreira\/","title":{"rendered":"Bolsonaro, Tarc\u00edsio e Nunes participam de vel\u00f3rio da Bispa Keila Ferreira"},"content":{"rendered":"<figure id=\"attachment_46202\" aria-describedby=\"caption-attachment-46202\" style=\"width: 1532px\" class=\"wp-caption alignnone\"><img loading=\"lazy\" decoding=\"async\" class=\"size-full wp-image-46202\" src=\"https:\/\/jornalboasnoticias.com.br\/home\/wp-content\/uploads\/2025\/02\/bispa-culto-funebre.jpg\" alt=\"\" width=\"1532\" height=\"762\" srcset=\"https:\/\/jornalboasnoticias.com.br\/home\/wp-content\/uploads\/2025\/02\/bispa-culto-funebre.jpg 1532w, https:\/\/jornalboasnoticias.com.br\/home\/wp-content\/uploads\/2025\/02\/bispa-culto-funebre-300x149.jpg 300w, https:\/\/jornalboasnoticias.com.br\/home\/wp-content\/uploads\/2025\/02\/bispa-culto-funebre-1024x509.jpg 1024w, https:\/\/jornalboasnoticias.com.br\/home\/wp-content\/uploads\/2025\/02\/bispa-culto-funebre-768x382.jpg 768w\" sizes=\"auto, (max-width: 1532px) 100vw, 1532px\" \/><figcaption id=\"caption-attachment-46202\" class=\"wp-caption-text\">Culto f\u00fanebre reuniu uma multid\u00e3o na AD do Br\u00e1s &#8211; Foto: Reprodu\u00e7\u00e3o\/Redes sociais<\/figcaption><\/figure>\n<p><strong>S\u00e3o Paulo (SP) &#8211; <\/strong>O ex-presidente Jair Bolsonaro (PL), o governador Tarc\u00edsio de Freitase o prefeito Ricardo Nunes (MDB) foram ao vel\u00f3rio da bispa Keila Ferreira na noite desta segunda-feira (3), em S\u00e3o Paulo. O culto foi realizado na igreja Assembleia de Deus no Br\u00e1s, na regi\u00e3o central da capital paulista.<\/p>\n<p>&#8220;Existem pessoas que s\u00e3o dignas do sacrif\u00edcio de Cristo na cruz, e a bispa Keila \u00e9 uma dessas pessoas. Deus comanda tudo, sabe o tempo de tudo&#8221;, disse. &#8220;N\u00e3o tenho d\u00favida que a Bispa Keila est\u00e1 em um lugar muito especial&#8221;, disse o governador de S\u00e3o Paulo.<\/p>\n<p>A morte da bispa repercutiu entre pol\u00edticos de direita \u00e0 esquerda no fim de semana. O presidente Lula (PT) lamentou a morte da l\u00edder religiosa e publicou uma nota de pesar na manh\u00e3 de domingo (2).<\/p>\n<p>&#8220;Importante lideran\u00e7a das mulheres, a bispa Keila era uma refer\u00eancia de f\u00e9 inabal\u00e1vel e amor genu\u00edno ao pr\u00f3ximo. Sua vida foi marcada pelo compromisso incans\u00e1vel em servir, inspirando muitos com seu exemplo e ensinamentos&#8221;, escreveu o presidente.<\/p>\n<p>Keila presidia a Confedera\u00e7\u00e3o de Irm\u00e3s Beneficentes Evang\u00e9licas Nacional (CIBEN), o Congresso Feminino de Ora\u00e7\u00e3o e A\u00e7\u00e3o do Estado de S\u00e3o Paulo (CORAFESP) e o Instituto de Desenvolvimento Educacional e Assist\u00eancia Social (IDEAS).<\/p>\n<p>A bispa era casada havia mais de 30 anos com o bispo Samuel Ferreira, tinha dois filhos \u2014 o pastor Manoel Ferreira Neto e a evangelista Marinna Ferreira \u2014 e dois netos.<\/p>\n<p><strong>Com informa\u00e7\u00f5es do UOL e G1<\/strong><\/p>\n","protected":false},"excerpt":{"rendered":"<p>S\u00e3o Paulo (SP) &#8211; O ex-presidente Jair Bolsonaro (PL), o governador Tarc\u00edsio de Freitase o<\/p>\n","protected":false},"author":3,"featured_media":46202,"comment_status":"open","ping_status":"open","sticky":false,"template":"","format":"standard","meta":{"footnotes":""},"categories":[6,3],"tags":[133],"class_list":["post-46201","post","type-post","status-publish","format-standard","has-post-thumbnail","hentry","category-brasil","category-destaques","tag-bispa-keila"],"yoast_head":"<!-- This site is optimized with the Yoast SEO plugin v27.5 - https:\/\/yoast.com\/product\/yoast-seo-wordpress\/ -->\n<title>Bolsonaro, Tarc\u00edsio e Nunes participam de vel\u00f3rio da Bispa Keila Ferreira - Jornal<\/title>\n<meta name=\"description\" content=\"Bolsonaro, Tarc\u00edsio e Nunes participam de vel\u00f3rio da Bispa Keila Ferreira\" \/>\n<meta name=\"robots\" content=\"index, follow, max-snippet:-1, max-image-preview:large, max-video-preview:-1\" \/>\n<link rel=\"canonical\" href=\"https:\/\/jornalboasnoticias.com.br\/home\/bolsonaro-tarcisio-e-nunes-participam-de-velorio-da-bispa-keila-ferreira\/\" \/>\n<meta property=\"og:locale\" content=\"pt_BR\" \/>\n<meta property=\"og:type\" content=\"article\" \/>\n<meta property=\"og:title\" content=\"Bolsonaro, Tarc\u00edsio e Nunes participam de vel\u00f3rio da Bispa Keila Ferreira - Jornal\" \/>\n<meta property=\"og:description\" content=\"Bolsonaro, Tarc\u00edsio e Nunes participam de vel\u00f3rio da Bispa Keila Ferreira\" \/>\n<meta property=\"og:url\" content=\"https:\/\/jornalboasnoticias.com.br\/home\/bolsonaro-tarcisio-e-nunes-participam-de-velorio-da-bispa-keila-ferreira\/\" \/>\n<meta property=\"og:site_name\" content=\"Jornal\" \/>\n<meta property=\"article:publisher\" content=\"https:\/\/www.facebook.com\/boasnoticiasjornal\" \/>\n<meta property=\"article:published_time\" content=\"2025-02-04T02:33:22+00:00\" \/>\n<meta property=\"og:image\" content=\"https:\/\/jornalboasnoticias.com.br\/home\/wp-content\/uploads\/2025\/02\/bispa-culto-funebre.jpg\" \/>\n\t<meta property=\"og:image:width\" content=\"1532\" \/>\n\t<meta property=\"og:image:height\" content=\"762\" \/>\n\t<meta property=\"og:image:type\" content=\"image\/jpeg\" \/>\n<meta name=\"author\" content=\"Luiz Carlos da Cruz\" \/>\n<meta name=\"twitter:card\" content=\"summary_large_image\" \/>\n<meta name=\"twitter:label1\" content=\"Escrito por\" \/>\n\t<meta name=\"twitter:data1\" content=\"Luiz Carlos da Cruz\" \/>\n\t<meta name=\"twitter:label2\" content=\"Est. tempo de leitura\" \/>\n\t<meta name=\"twitter:data2\" content=\"2 minutos\" \/>\n<script type=\"application\/ld+json\" class=\"yoast-schema-graph\">{\"@context\":\"https:\\\/\\\/schema.org\",\"@graph\":[{\"@type\":\"Article\",\"@id\":\"https:\\\/\\\/jornalboasnoticias.com.br\\\/home\\\/bolsonaro-tarcisio-e-nunes-participam-de-velorio-da-bispa-keila-ferreira\\\/#article\",\"isPartOf\":{\"@id\":\"https:\\\/\\\/jornalboasnoticias.com.br\\\/home\\\/bolsonaro-tarcisio-e-nunes-participam-de-velorio-da-bispa-keila-ferreira\\\/\"},\"author\":{\"name\":\"Luiz Carlos da Cruz\",\"@id\":\"https:\\\/\\\/jornalboasnoticias.com.br\\\/home\\\/#\\\/schema\\\/person\\\/75f9ebde398c998c166475fb446bda62\"},\"headline\":\"Bolsonaro, Tarc\u00edsio e Nunes participam de vel\u00f3rio da Bispa Keila Ferreira\",\"datePublished\":\"2025-02-04T02:33:22+00:00\",\"mainEntityOfPage\":{\"@id\":\"https:\\\/\\\/jornalboasnoticias.com.br\\\/home\\\/bolsonaro-tarcisio-e-nunes-participam-de-velorio-da-bispa-keila-ferreira\\\/\"},\"wordCount\":300,\"commentCount\":0,\"publisher\":{\"@id\":\"https:\\\/\\\/jornalboasnoticias.com.br\\\/home\\\/#organization\"},\"image\":{\"@id\":\"https:\\\/\\\/jornalboasnoticias.com.br\\\/home\\\/bolsonaro-tarcisio-e-nunes-participam-de-velorio-da-bispa-keila-ferreira\\\/#primaryimage\"},\"thumbnailUrl\":\"https:\\\/\\\/jornalboasnoticias.com.br\\\/home\\\/wp-content\\\/uploads\\\/2025\\\/02\\\/bispa-culto-funebre.jpg\",\"keywords\":[\"Bispa Keila\"],\"articleSection\":[\"BRASIL\",\"DESTAQUE\"],\"inLanguage\":\"pt-BR\",\"potentialAction\":[{\"@type\":\"CommentAction\",\"name\":\"Comment\",\"target\":[\"https:\\\/\\\/jornalboasnoticias.com.br\\\/home\\\/bolsonaro-tarcisio-e-nunes-participam-de-velorio-da-bispa-keila-ferreira\\\/#respond\"]}]},{\"@type\":\"WebPage\",\"@id\":\"https:\\\/\\\/jornalboasnoticias.com.br\\\/home\\\/bolsonaro-tarcisio-e-nunes-participam-de-velorio-da-bispa-keila-ferreira\\\/\",\"url\":\"https:\\\/\\\/jornalboasnoticias.com.br\\\/home\\\/bolsonaro-tarcisio-e-nunes-participam-de-velorio-da-bispa-keila-ferreira\\\/\",\"name\":\"Bolsonaro, Tarc\u00edsio e Nunes participam de vel\u00f3rio da Bispa Keila Ferreira - Jornal\",\"isPartOf\":{\"@id\":\"https:\\\/\\\/jornalboasnoticias.com.br\\\/home\\\/#website\"},\"primaryImageOfPage\":{\"@id\":\"https:\\\/\\\/jornalboasnoticias.com.br\\\/home\\\/bolsonaro-tarcisio-e-nunes-participam-de-velorio-da-bispa-keila-ferreira\\\/#primaryimage\"},\"image\":{\"@id\":\"https:\\\/\\\/jornalboasnoticias.com.br\\\/home\\\/bolsonaro-tarcisio-e-nunes-participam-de-velorio-da-bispa-keila-ferreira\\\/#primaryimage\"},\"thumbnailUrl\":\"https:\\\/\\\/jornalboasnoticias.com.br\\\/home\\\/wp-content\\\/uploads\\\/2025\\\/02\\\/bispa-culto-funebre.jpg\",\"datePublished\":\"2025-02-04T02:33:22+00:00\",\"description\":\"Bolsonaro, Tarc\u00edsio e Nunes participam de vel\u00f3rio da Bispa Keila Ferreira\",\"breadcrumb\":{\"@id\":\"https:\\\/\\\/jornalboasnoticias.com.br\\\/home\\\/bolsonaro-tarcisio-e-nunes-participam-de-velorio-da-bispa-keila-ferreira\\\/#breadcrumb\"},\"inLanguage\":\"pt-BR\",\"potentialAction\":[{\"@type\":\"ReadAction\",\"target\":[\"https:\\\/\\\/jornalboasnoticias.com.br\\\/home\\\/bolsonaro-tarcisio-e-nunes-participam-de-velorio-da-bispa-keila-ferreira\\\/\"]}]},{\"@type\":\"ImageObject\",\"inLanguage\":\"pt-BR\",\"@id\":\"https:\\\/\\\/jornalboasnoticias.com.br\\\/home\\\/bolsonaro-tarcisio-e-nunes-participam-de-velorio-da-bispa-keila-ferreira\\\/#primaryimage\",\"url\":\"https:\\\/\\\/jornalboasnoticias.com.br\\\/home\\\/wp-content\\\/uploads\\\/2025\\\/02\\\/bispa-culto-funebre.jpg\",\"contentUrl\":\"https:\\\/\\\/jornalboasnoticias.com.br\\\/home\\\/wp-content\\\/uploads\\\/2025\\\/02\\\/bispa-culto-funebre.jpg\",\"width\":1532,\"height\":762,\"caption\":\"Culto f\u00fanebre reuniu uma multid\u00e3o na AD do Br\u00e1s - Foto: Reprodu\u00e7\u00e3o\\\/Redes sociais\"},{\"@type\":\"BreadcrumbList\",\"@id\":\"https:\\\/\\\/jornalboasnoticias.com.br\\\/home\\\/bolsonaro-tarcisio-e-nunes-participam-de-velorio-da-bispa-keila-ferreira\\\/#breadcrumb\",\"itemListElement\":[{\"@type\":\"ListItem\",\"position\":1,\"name\":\"In\u00edcio\",\"item\":\"https:\\\/\\\/jornalboasnoticias.com.br\\\/home\\\/\"},{\"@type\":\"ListItem\",\"position\":2,\"name\":\"Bolsonaro, Tarc\u00edsio e Nunes participam de vel\u00f3rio da Bispa Keila Ferreira\"}]},{\"@type\":\"WebSite\",\"@id\":\"https:\\\/\\\/jornalboasnoticias.com.br\\\/home\\\/#website\",\"url\":\"https:\\\/\\\/jornalboasnoticias.com.br\\\/home\\\/\",\"name\":\"Jornal Boas Not\u00edcias\",\"description\":\"Boas not\u00edcias\",\"publisher\":{\"@id\":\"https:\\\/\\\/jornalboasnoticias.com.br\\\/home\\\/#organization\"},\"potentialAction\":[{\"@type\":\"SearchAction\",\"target\":{\"@type\":\"EntryPoint\",\"urlTemplate\":\"https:\\\/\\\/jornalboasnoticias.com.br\\\/home\\\/?s={search_term_string}\"},\"query-input\":{\"@type\":\"PropertyValueSpecification\",\"valueRequired\":true,\"valueName\":\"search_term_string\"}}],\"inLanguage\":\"pt-BR\"},{\"@type\":\"Organization\",\"@id\":\"https:\\\/\\\/jornalboasnoticias.com.br\\\/home\\\/#organization\",\"name\":\"Coq Editora Ltda\",\"alternateName\":\"Jornal Boas Noticias\",\"url\":\"https:\\\/\\\/jornalboasnoticias.com.br\\\/home\\\/\",\"logo\":{\"@type\":\"ImageObject\",\"inLanguage\":\"pt-BR\",\"@id\":\"https:\\\/\\\/jornalboasnoticias.com.br\\\/home\\\/#\\\/schema\\\/logo\\\/image\\\/\",\"url\":\"https:\\\/\\\/jornalboasnoticias.com.br\\\/home\\\/wp-content\\\/uploads\\\/2024\\\/07\\\/cropped-logo.jpg\",\"contentUrl\":\"https:\\\/\\\/jornalboasnoticias.com.br\\\/home\\\/wp-content\\\/uploads\\\/2024\\\/07\\\/cropped-logo.jpg\",\"width\":290,\"height\":142,\"caption\":\"Coq Editora Ltda\"},\"image\":{\"@id\":\"https:\\\/\\\/jornalboasnoticias.com.br\\\/home\\\/#\\\/schema\\\/logo\\\/image\\\/\"},\"sameAs\":[\"https:\\\/\\\/www.facebook.com\\\/boasnoticiasjornal\"]},{\"@type\":\"Person\",\"@id\":\"https:\\\/\\\/jornalboasnoticias.com.br\\\/home\\\/#\\\/schema\\\/person\\\/75f9ebde398c998c166475fb446bda62\",\"name\":\"Luiz Carlos da Cruz\",\"image\":{\"@type\":\"ImageObject\",\"inLanguage\":\"pt-BR\",\"@id\":\"https:\\\/\\\/secure.gravatar.com\\\/avatar\\\/e6f4f45301b6cb8572f7b076572e8ac11c1db80e805d8c8d0858cf286ce3ac3b?s=96&d=mm&r=g\",\"url\":\"https:\\\/\\\/secure.gravatar.com\\\/avatar\\\/e6f4f45301b6cb8572f7b076572e8ac11c1db80e805d8c8d0858cf286ce3ac3b?s=96&d=mm&r=g\",\"contentUrl\":\"https:\\\/\\\/secure.gravatar.com\\\/avatar\\\/e6f4f45301b6cb8572f7b076572e8ac11c1db80e805d8c8d0858cf286ce3ac3b?s=96&d=mm&r=g\",\"caption\":\"Luiz Carlos da Cruz\"},\"url\":\"https:\\\/\\\/jornalboasnoticias.com.br\\\/home\\\/author\\\/luiz-carlos-da-cruz\\\/\"}]}<\/script>\n<!-- \/ Yoast SEO plugin. -->","yoast_head_json":{"title":"Bolsonaro, Tarc\u00edsio e Nunes participam de vel\u00f3rio da Bispa Keila Ferreira - Jornal","description":"Bolsonaro, Tarc\u00edsio e Nunes participam de vel\u00f3rio da Bispa Keila Ferreira","robots":{"index":"index","follow":"follow","max-snippet":"max-snippet:-1","max-image-preview":"max-image-preview:large","max-video-preview":"max-video-preview:-1"},"canonical":"https:\/\/jornalboasnoticias.com.br\/home\/bolsonaro-tarcisio-e-nunes-participam-de-velorio-da-bispa-keila-ferreira\/","og_locale":"pt_BR","og_type":"article","og_title":"Bolsonaro, Tarc\u00edsio e Nunes participam de vel\u00f3rio da Bispa Keila Ferreira - Jornal","og_description":"Bolsonaro, Tarc\u00edsio e Nunes participam de vel\u00f3rio da Bispa Keila Ferreira","og_url":"https:\/\/jornalboasnoticias.com.br\/home\/bolsonaro-tarcisio-e-nunes-participam-de-velorio-da-bispa-keila-ferreira\/","og_site_name":"Jornal","article_publisher":"https:\/\/www.facebook.com\/boasnoticiasjornal","article_published_time":"2025-02-04T02:33:22+00:00","og_image":[{"width":1532,"height":762,"url":"https:\/\/jornalboasnoticias.com.br\/home\/wp-content\/uploads\/2025\/02\/bispa-culto-funebre.jpg","type":"image\/jpeg"}],"author":"Luiz Carlos da Cruz","twitter_card":"summary_large_image","twitter_misc":{"Escrito por":"Luiz Carlos da Cruz","Est. tempo de leitura":"2 minutos"},"schema":{"@context":"https:\/\/schema.org","@graph":[{"@type":"Article","@id":"https:\/\/jornalboasnoticias.com.br\/home\/bolsonaro-tarcisio-e-nunes-participam-de-velorio-da-bispa-keila-ferreira\/#article","isPartOf":{"@id":"https:\/\/jornalboasnoticias.com.br\/home\/bolsonaro-tarcisio-e-nunes-participam-de-velorio-da-bispa-keila-ferreira\/"},"author":{"name":"Luiz Carlos da Cruz","@id":"https:\/\/jornalboasnoticias.com.br\/home\/#\/schema\/person\/75f9ebde398c998c166475fb446bda62"},"headline":"Bolsonaro, Tarc\u00edsio e Nunes participam de vel\u00f3rio da Bispa Keila Ferreira","datePublished":"2025-02-04T02:33:22+00:00","mainEntityOfPage":{"@id":"https:\/\/jornalboasnoticias.com.br\/home\/bolsonaro-tarcisio-e-nunes-participam-de-velorio-da-bispa-keila-ferreira\/"},"wordCount":300,"commentCount":0,"publisher":{"@id":"https:\/\/jornalboasnoticias.com.br\/home\/#organization"},"image":{"@id":"https:\/\/jornalboasnoticias.com.br\/home\/bolsonaro-tarcisio-e-nunes-participam-de-velorio-da-bispa-keila-ferreira\/#primaryimage"},"thumbnailUrl":"https:\/\/jornalboasnoticias.com.br\/home\/wp-content\/uploads\/2025\/02\/bispa-culto-funebre.jpg","keywords":["Bispa Keila"],"articleSection":["BRASIL","DESTAQUE"],"inLanguage":"pt-BR","potentialAction":[{"@type":"CommentAction","name":"Comment","target":["https:\/\/jornalboasnoticias.com.br\/home\/bolsonaro-tarcisio-e-nunes-participam-de-velorio-da-bispa-keila-ferreira\/#respond"]}]},{"@type":"WebPage","@id":"https:\/\/jornalboasnoticias.com.br\/home\/bolsonaro-tarcisio-e-nunes-participam-de-velorio-da-bispa-keila-ferreira\/","url":"https:\/\/jornalboasnoticias.com.br\/home\/bolsonaro-tarcisio-e-nunes-participam-de-velorio-da-bispa-keila-ferreira\/","name":"Bolsonaro, Tarc\u00edsio e Nunes participam de vel\u00f3rio da Bispa Keila Ferreira - Jornal","isPartOf":{"@id":"https:\/\/jornalboasnoticias.com.br\/home\/#website"},"primaryImageOfPage":{"@id":"https:\/\/jornalboasnoticias.com.br\/home\/bolsonaro-tarcisio-e-nunes-participam-de-velorio-da-bispa-keila-ferreira\/#primaryimage"},"image":{"@id":"https:\/\/jornalboasnoticias.com.br\/home\/bolsonaro-tarcisio-e-nunes-participam-de-velorio-da-bispa-keila-ferreira\/#primaryimage"},"thumbnailUrl":"https:\/\/jornalboasnoticias.com.br\/home\/wp-content\/uploads\/2025\/02\/bispa-culto-funebre.jpg","datePublished":"2025-02-04T02:33:22+00:00","description":"Bolsonaro, Tarc\u00edsio e Nunes participam de vel\u00f3rio da Bispa Keila Ferreira","breadcrumb":{"@id":"https:\/\/jornalboasnoticias.com.br\/home\/bolsonaro-tarcisio-e-nunes-participam-de-velorio-da-bispa-keila-ferreira\/#breadcrumb"},"inLanguage":"pt-BR","potentialAction":[{"@type":"ReadAction","target":["https:\/\/jornalboasnoticias.com.br\/home\/bolsonaro-tarcisio-e-nunes-participam-de-velorio-da-bispa-keila-ferreira\/"]}]},{"@type":"ImageObject","inLanguage":"pt-BR","@id":"https:\/\/jornalboasnoticias.com.br\/home\/bolsonaro-tarcisio-e-nunes-participam-de-velorio-da-bispa-keila-ferreira\/#primaryimage","url":"https:\/\/jornalboasnoticias.com.br\/home\/wp-content\/uploads\/2025\/02\/bispa-culto-funebre.jpg","contentUrl":"https:\/\/jornalboasnoticias.com.br\/home\/wp-content\/uploads\/2025\/02\/bispa-culto-funebre.jpg","width":1532,"height":762,"caption":"Culto f\u00fanebre reuniu uma multid\u00e3o na AD do Br\u00e1s - Foto: Reprodu\u00e7\u00e3o\/Redes sociais"},{"@type":"BreadcrumbList","@id":"https:\/\/jornalboasnoticias.com.br\/home\/bolsonaro-tarcisio-e-nunes-participam-de-velorio-da-bispa-keila-ferreira\/#breadcrumb","itemListElement":[{"@type":"ListItem","position":1,"name":"In\u00edcio","item":"https:\/\/jornalboasnoticias.com.br\/home\/"},{"@type":"ListItem","position":2,"name":"Bolsonaro, Tarc\u00edsio e Nunes participam de vel\u00f3rio da Bispa Keila Ferreira"}]},{"@type":"WebSite","@id":"https:\/\/jornalboasnoticias.com.br\/home\/#website","url":"https:\/\/jornalboasnoticias.com.br\/home\/","name":"Jornal Boas Not\u00edcias","description":"Boas not\u00edcias","publisher":{"@id":"https:\/\/jornalboasnoticias.com.br\/home\/#organization"},"potentialAction":[{"@type":"SearchAction","target":{"@type":"EntryPoint","urlTemplate":"https:\/\/jornalboasnoticias.com.br\/home\/?s={search_term_string}"},"query-input":{"@type":"PropertyValueSpecification","valueRequired":true,"valueName":"search_term_string"}}],"inLanguage":"pt-BR"},{"@type":"Organization","@id":"https:\/\/jornalboasnoticias.com.br\/home\/#organization","name":"Coq Editora Ltda","alternateName":"Jornal Boas Noticias","url":"https:\/\/jornalboasnoticias.com.br\/home\/","logo":{"@type":"ImageObject","inLanguage":"pt-BR","@id":"https:\/\/jornalboasnoticias.com.br\/home\/#\/schema\/logo\/image\/","url":"https:\/\/jornalboasnoticias.com.br\/home\/wp-content\/uploads\/2024\/07\/cropped-logo.jpg","contentUrl":"https:\/\/jornalboasnoticias.com.br\/home\/wp-content\/uploads\/2024\/07\/cropped-logo.jpg","width":290,"height":142,"caption":"Coq Editora Ltda"},"image":{"@id":"https:\/\/jornalboasnoticias.com.br\/home\/#\/schema\/logo\/image\/"},"sameAs":["https:\/\/www.facebook.com\/boasnoticiasjornal"]},{"@type":"Person","@id":"https:\/\/jornalboasnoticias.com.br\/home\/#\/schema\/person\/75f9ebde398c998c166475fb446bda62","name":"Luiz Carlos da Cruz","image":{"@type":"ImageObject","inLanguage":"pt-BR","@id":"https:\/\/secure.gravatar.com\/avatar\/e6f4f45301b6cb8572f7b076572e8ac11c1db80e805d8c8d0858cf286ce3ac3b?s=96&d=mm&r=g","url":"https:\/\/secure.gravatar.com\/avatar\/e6f4f45301b6cb8572f7b076572e8ac11c1db80e805d8c8d0858cf286ce3ac3b?s=96&d=mm&r=g","contentUrl":"https:\/\/secure.gravatar.com\/avatar\/e6f4f45301b6cb8572f7b076572e8ac11c1db80e805d8c8d0858cf286ce3ac3b?s=96&d=mm&r=g","caption":"Luiz Carlos da Cruz"},"url":"https:\/\/jornalboasnoticias.com.br\/home\/author\/luiz-carlos-da-cruz\/"}]}},"_links":{"self":[{"href":"https:\/\/jornalboasnoticias.com.br\/home\/wp-json\/wp\/v2\/posts\/46201","targetHints":{"allow":["GET"]}}],"collection":[{"href":"https:\/\/jornalboasnoticias.com.br\/home\/wp-json\/wp\/v2\/posts"}],"about":[{"href":"https:\/\/jornalboasnoticias.com.br\/home\/wp-json\/wp\/v2\/types\/post"}],"author":[{"embeddable":true,"href":"https:\/\/jornalboasnoticias.com.br\/home\/wp-json\/wp\/v2\/users\/3"}],"replies":[{"embeddable":true,"href":"https:\/\/jornalboasnoticias.com.br\/home\/wp-json\/wp\/v2\/comments?post=46201"}],"version-history":[{"count":1,"href":"https:\/\/jornalboasnoticias.com.br\/home\/wp-json\/wp\/v2\/posts\/46201\/revisions"}],"predecessor-version":[{"id":46203,"href":"https:\/\/jornalboasnoticias.com.br\/home\/wp-json\/wp\/v2\/posts\/46201\/revisions\/46203"}],"wp:featuredmedia":[{"embeddable":true,"href":"https:\/\/jornalboasnoticias.com.br\/home\/wp-json\/wp\/v2\/media\/46202"}],"wp:attachment":[{"href":"https:\/\/jornalboasnoticias.com.br\/home\/wp-json\/wp\/v2\/media?parent=46201"}],"wp:term":[{"taxonomy":"category","embeddable":true,"href":"https:\/\/jornalboasnoticias.com.br\/home\/wp-json\/wp\/v2\/categories?post=46201"},{"taxonomy":"post_tag","embeddable":true,"href":"https:\/\/jornalboasnoticias.com.br\/home\/wp-json\/wp\/v2\/tags?post=46201"}],"curies":[{"name":"wp","href":"https:\/\/api.w.org\/{rel}","templated":true}]}}