{"id":46191,"date":"2025-01-30T19:00:26","date_gmt":"2025-01-30T19:00:26","guid":{"rendered":"https:\/\/jornalboasnoticias.com.br\/home\/?p=46191"},"modified":"2025-01-30T19:00:26","modified_gmt":"2025-01-30T19:00:26","slug":"universal-nos-presidios-inaugura-espaco-de-ressocializacao-dentro-da-penitenciaria-feminina-de-santanna","status":"publish","type":"post","link":"https:\/\/jornalboasnoticias.com.br\/home\/universal-nos-presidios-inaugura-espaco-de-ressocializacao-dentro-da-penitenciaria-feminina-de-santanna\/","title":{"rendered":"Universal nos Pres\u00eddios inaugura espa\u00e7o de ressocializa\u00e7\u00e3o dentro da Penitenci\u00e1ria Feminina de Sant\u2019Anna"},"content":{"rendered":"<p style=\"text-align: center;\"><em><strong>Espa\u00e7o oferece apoio espiritual e capacita\u00e7\u00e3o profissional para reeducandas<\/strong><\/em><\/p>\n<p><img loading=\"lazy\" decoding=\"async\" class=\"size-full wp-image-46192 aligncenter\" src=\"https:\/\/jornalboasnoticias.com.br\/home\/wp-content\/uploads\/2025\/01\/5.jpg\" alt=\"\" width=\"588\" height=\"330\" srcset=\"https:\/\/jornalboasnoticias.com.br\/home\/wp-content\/uploads\/2025\/01\/5.jpg 588w, https:\/\/jornalboasnoticias.com.br\/home\/wp-content\/uploads\/2025\/01\/5-300x168.jpg 300w\" sizes=\"auto, (max-width: 588px) 100vw, 588px\" \/><\/p>\n<p>Para muitas reeducandas, a rotina atr\u00e1s das grades transmite a sensa\u00e7\u00e3o de um caminho sem volta. No entanto, no \u00faltimo dia 24 de janeiro, um novo cap\u00edtulo come\u00e7ou a ser escrito com a inaugura\u00e7\u00e3o do mais recente espa\u00e7o de ressocializa\u00e7\u00e3o dentro da Unidade Prisional de Sant\u2019Anna, localizada na Zona Norte de S\u00e3o Paulo. O espa\u00e7o visa oferecer oportunidades de recome\u00e7o e ressocializa\u00e7\u00e3o atrav\u00e9s da f\u00e9 e capacita\u00e7\u00e3o profissional.<\/p>\n<h4><strong>Mensagem de f\u00e9:<\/strong><\/h4>\n<p>O evento contou com a presen\u00e7a do\u00a0<strong>Bispo Renato Cardoso<\/strong>, l\u00edder do trabalho espiritual da Universal no Brasil, que levou uma mensagem de esperan\u00e7a \u00e0s detentas. Em vez de dizer que n\u00e3o tem mais jeito, falava o Bispo, coloquem o que Jesus disse: \u2018Tudo \u00e9 poss\u00edvel ao que cr\u00ea\u2019.<\/p>\n<p>\u201cSe tudo \u00e9 poss\u00edvel, ent\u00e3o, \u00e9 poss\u00edvel sair daqui e ser um exemplo de supera\u00e7\u00e3o\u201d, enfatizou.<\/p>\n<p>Com mais de 540 espa\u00e7os j\u00e1 em funcionamento dentro dos pres\u00eddios brasileiros, a Universal nos Pres\u00eddios (UNP) amplia seu trabalho na unidade, que j\u00e1 conta com quatro locais dedicados \u00e0s reeducandas.<\/p>\n<p>Al\u00e9m das reuni\u00f5es religiosas, a institui\u00e7\u00e3o promove cursos profissionalizantes com certificados, preparando as internas para uma nova realidade ap\u00f3s o cumprimento da pena.<\/p>\n<p>\u201cA maioria das detentas se questiona sobre o que far\u00e1 ao sair daqui. Muitas n\u00e3o t\u00eam uma profiss\u00e3o ou oportunidades, mas agora isso n\u00e3o ser\u00e1 mais um problema. Elas sair\u00e3o com novas habilidades, sem precisar recorrer ao que faziam antes\u201d, falou o Bispo Renato Cardoso.<\/p>\n<h4><strong>A fam\u00edlia como base:<\/strong><\/h4>\n<p>O trabalho da UNP tamb\u00e9m se estende \u00e0s fam\u00edlias das reeducandas, oferecendo suporte para que estejam preparadas para a reinser\u00e7\u00e3o das internas na sociedade. \u201cA fam\u00edlia \u00e9 a base. Elas precisam estar bem para reconstruir seus lares\u201d, enfatizou o Pastor Clodoaldo Rocha, respons\u00e1vel pelo grupo UNP.<\/p>\n<p>O diretor da unidade prisional, Osvaldo Bueno, relatou que a parceria com a Universal tem sido essencial na ressocializa\u00e7\u00e3o das detentas. \u201cEm 35 anos de sistema prisional, eu sempre quis proporcionar algo significativo para as reeducandas. Hoje, vejo isso acontecer por meio dessa parceria, que traz cursos e novas perspectivas de vida\u201d, destacou.<\/p>\n<h4><strong>Um novo recome\u00e7o:<\/strong><\/h4>\n<p>A inaugura\u00e7\u00e3o tamb\u00e9m foi marcada por momentos de solidariedade e f\u00e9, como a distribui\u00e7\u00e3o de kits de higiene e a realiza\u00e7\u00e3o de batismos, simbolizando um recome\u00e7o para as detentas.<\/p>\n<p>Uma das internas compartilhou sua experi\u00eancia e gratid\u00e3o: \u201cN\u00e3o \u00e9 porque estou presa que tudo acabou. Aqui, encontramos n\u00e3o apenas um curso, mas tamb\u00e9m a Palavra de Deus e ora\u00e7\u00e3o, que s\u00e3o fundamentais para nossas vidas.\u201d<\/p>\n<p>Com iniciativas como esta, a Universal nos Pres\u00eddios refor\u00e7a seu compromisso com a transforma\u00e7\u00e3o social, dando uma nova perspectiva para milhares de pessoas privadas de liberdade, ajudando-as a reconstruir suas hist\u00f3rias com dignidade e prop\u00f3sito.<\/p>\n<p><strong>Assessoria\/IURD<\/strong><\/p>\n","protected":false},"excerpt":{"rendered":"<p>Espa\u00e7o oferece apoio espiritual e capacita\u00e7\u00e3o profissional para reeducandas Para muitas reeducandas, a rotina atr\u00e1s<\/p>\n","protected":false},"author":3,"featured_media":46192,"comment_status":"open","ping_status":"open","sticky":false,"template":"","format":"standard","meta":{"footnotes":""},"categories":[6,3],"tags":[132],"class_list":["post-46191","post","type-post","status-publish","format-standard","has-post-thumbnail","hentry","category-brasil","category-destaques","tag-universal"],"yoast_head":"<!-- This site is optimized with the Yoast SEO plugin v27.5 - https:\/\/yoast.com\/product\/yoast-seo-wordpress\/ -->\n<title>Universal nos Pres\u00eddios inaugura espa\u00e7o de ressocializa\u00e7\u00e3o dentro da Penitenci\u00e1ria Feminina de Sant\u2019Anna - Jornal<\/title>\n<meta name=\"description\" content=\"Universal nos Pres\u00eddios inaugura espa\u00e7o de ressocializa\u00e7\u00e3o dentro da Penitenci\u00e1ria Feminina de Sant\u2019Anna\" \/>\n<meta name=\"robots\" content=\"index, follow, max-snippet:-1, max-image-preview:large, max-video-preview:-1\" \/>\n<link rel=\"canonical\" href=\"https:\/\/jornalboasnoticias.com.br\/home\/universal-nos-presidios-inaugura-espaco-de-ressocializacao-dentro-da-penitenciaria-feminina-de-santanna\/\" \/>\n<meta property=\"og:locale\" content=\"pt_BR\" \/>\n<meta property=\"og:type\" content=\"article\" \/>\n<meta property=\"og:title\" content=\"Universal nos Pres\u00eddios inaugura espa\u00e7o de ressocializa\u00e7\u00e3o dentro da Penitenci\u00e1ria Feminina de Sant\u2019Anna - Jornal\" \/>\n<meta property=\"og:description\" content=\"Universal nos Pres\u00eddios inaugura espa\u00e7o de ressocializa\u00e7\u00e3o dentro da Penitenci\u00e1ria Feminina de Sant\u2019Anna\" \/>\n<meta property=\"og:url\" content=\"https:\/\/jornalboasnoticias.com.br\/home\/universal-nos-presidios-inaugura-espaco-de-ressocializacao-dentro-da-penitenciaria-feminina-de-santanna\/\" \/>\n<meta property=\"og:site_name\" content=\"Jornal\" \/>\n<meta property=\"article:publisher\" content=\"https:\/\/www.facebook.com\/boasnoticiasjornal\" \/>\n<meta property=\"article:published_time\" content=\"2025-01-30T19:00:26+00:00\" \/>\n<meta property=\"og:image\" content=\"https:\/\/jornalboasnoticias.com.br\/home\/wp-content\/uploads\/2025\/01\/5.jpg\" \/>\n\t<meta property=\"og:image:width\" content=\"588\" \/>\n\t<meta property=\"og:image:height\" content=\"330\" \/>\n\t<meta property=\"og:image:type\" content=\"image\/jpeg\" \/>\n<meta name=\"author\" content=\"Luiz Carlos da Cruz\" \/>\n<meta name=\"twitter:card\" content=\"summary_large_image\" \/>\n<meta name=\"twitter:label1\" content=\"Escrito por\" \/>\n\t<meta name=\"twitter:data1\" content=\"Luiz Carlos da Cruz\" \/>\n\t<meta name=\"twitter:label2\" content=\"Est. tempo de leitura\" \/>\n\t<meta name=\"twitter:data2\" content=\"3 minutos\" \/>\n<script type=\"application\/ld+json\" class=\"yoast-schema-graph\">{\"@context\":\"https:\\\/\\\/schema.org\",\"@graph\":[{\"@type\":\"Article\",\"@id\":\"https:\\\/\\\/jornalboasnoticias.com.br\\\/home\\\/universal-nos-presidios-inaugura-espaco-de-ressocializacao-dentro-da-penitenciaria-feminina-de-santanna\\\/#article\",\"isPartOf\":{\"@id\":\"https:\\\/\\\/jornalboasnoticias.com.br\\\/home\\\/universal-nos-presidios-inaugura-espaco-de-ressocializacao-dentro-da-penitenciaria-feminina-de-santanna\\\/\"},\"author\":{\"name\":\"Luiz Carlos da Cruz\",\"@id\":\"https:\\\/\\\/jornalboasnoticias.com.br\\\/home\\\/#\\\/schema\\\/person\\\/75f9ebde398c998c166475fb446bda62\"},\"headline\":\"Universal nos Pres\u00eddios inaugura espa\u00e7o de ressocializa\u00e7\u00e3o dentro da Penitenci\u00e1ria Feminina de Sant\u2019Anna\",\"datePublished\":\"2025-01-30T19:00:26+00:00\",\"mainEntityOfPage\":{\"@id\":\"https:\\\/\\\/jornalboasnoticias.com.br\\\/home\\\/universal-nos-presidios-inaugura-espaco-de-ressocializacao-dentro-da-penitenciaria-feminina-de-santanna\\\/\"},\"wordCount\":524,\"commentCount\":0,\"publisher\":{\"@id\":\"https:\\\/\\\/jornalboasnoticias.com.br\\\/home\\\/#organization\"},\"image\":{\"@id\":\"https:\\\/\\\/jornalboasnoticias.com.br\\\/home\\\/universal-nos-presidios-inaugura-espaco-de-ressocializacao-dentro-da-penitenciaria-feminina-de-santanna\\\/#primaryimage\"},\"thumbnailUrl\":\"https:\\\/\\\/jornalboasnoticias.com.br\\\/home\\\/wp-content\\\/uploads\\\/2025\\\/01\\\/5.jpg\",\"keywords\":[\"Universal\"],\"articleSection\":[\"BRASIL\",\"DESTAQUE\"],\"inLanguage\":\"pt-BR\",\"potentialAction\":[{\"@type\":\"CommentAction\",\"name\":\"Comment\",\"target\":[\"https:\\\/\\\/jornalboasnoticias.com.br\\\/home\\\/universal-nos-presidios-inaugura-espaco-de-ressocializacao-dentro-da-penitenciaria-feminina-de-santanna\\\/#respond\"]}]},{\"@type\":\"WebPage\",\"@id\":\"https:\\\/\\\/jornalboasnoticias.com.br\\\/home\\\/universal-nos-presidios-inaugura-espaco-de-ressocializacao-dentro-da-penitenciaria-feminina-de-santanna\\\/\",\"url\":\"https:\\\/\\\/jornalboasnoticias.com.br\\\/home\\\/universal-nos-presidios-inaugura-espaco-de-ressocializacao-dentro-da-penitenciaria-feminina-de-santanna\\\/\",\"name\":\"Universal nos Pres\u00eddios inaugura espa\u00e7o de ressocializa\u00e7\u00e3o dentro da Penitenci\u00e1ria Feminina de Sant\u2019Anna - Jornal\",\"isPartOf\":{\"@id\":\"https:\\\/\\\/jornalboasnoticias.com.br\\\/home\\\/#website\"},\"primaryImageOfPage\":{\"@id\":\"https:\\\/\\\/jornalboasnoticias.com.br\\\/home\\\/universal-nos-presidios-inaugura-espaco-de-ressocializacao-dentro-da-penitenciaria-feminina-de-santanna\\\/#primaryimage\"},\"image\":{\"@id\":\"https:\\\/\\\/jornalboasnoticias.com.br\\\/home\\\/universal-nos-presidios-inaugura-espaco-de-ressocializacao-dentro-da-penitenciaria-feminina-de-santanna\\\/#primaryimage\"},\"thumbnailUrl\":\"https:\\\/\\\/jornalboasnoticias.com.br\\\/home\\\/wp-content\\\/uploads\\\/2025\\\/01\\\/5.jpg\",\"datePublished\":\"2025-01-30T19:00:26+00:00\",\"description\":\"Universal nos Pres\u00eddios inaugura espa\u00e7o de ressocializa\u00e7\u00e3o dentro da Penitenci\u00e1ria Feminina de Sant\u2019Anna\",\"breadcrumb\":{\"@id\":\"https:\\\/\\\/jornalboasnoticias.com.br\\\/home\\\/universal-nos-presidios-inaugura-espaco-de-ressocializacao-dentro-da-penitenciaria-feminina-de-santanna\\\/#breadcrumb\"},\"inLanguage\":\"pt-BR\",\"potentialAction\":[{\"@type\":\"ReadAction\",\"target\":[\"https:\\\/\\\/jornalboasnoticias.com.br\\\/home\\\/universal-nos-presidios-inaugura-espaco-de-ressocializacao-dentro-da-penitenciaria-feminina-de-santanna\\\/\"]}]},{\"@type\":\"ImageObject\",\"inLanguage\":\"pt-BR\",\"@id\":\"https:\\\/\\\/jornalboasnoticias.com.br\\\/home\\\/universal-nos-presidios-inaugura-espaco-de-ressocializacao-dentro-da-penitenciaria-feminina-de-santanna\\\/#primaryimage\",\"url\":\"https:\\\/\\\/jornalboasnoticias.com.br\\\/home\\\/wp-content\\\/uploads\\\/2025\\\/01\\\/5.jpg\",\"contentUrl\":\"https:\\\/\\\/jornalboasnoticias.com.br\\\/home\\\/wp-content\\\/uploads\\\/2025\\\/01\\\/5.jpg\",\"width\":588,\"height\":330},{\"@type\":\"BreadcrumbList\",\"@id\":\"https:\\\/\\\/jornalboasnoticias.com.br\\\/home\\\/universal-nos-presidios-inaugura-espaco-de-ressocializacao-dentro-da-penitenciaria-feminina-de-santanna\\\/#breadcrumb\",\"itemListElement\":[{\"@type\":\"ListItem\",\"position\":1,\"name\":\"In\u00edcio\",\"item\":\"https:\\\/\\\/jornalboasnoticias.com.br\\\/home\\\/\"},{\"@type\":\"ListItem\",\"position\":2,\"name\":\"Universal nos Pres\u00eddios inaugura espa\u00e7o de ressocializa\u00e7\u00e3o dentro da Penitenci\u00e1ria Feminina de Sant\u2019Anna\"}]},{\"@type\":\"WebSite\",\"@id\":\"https:\\\/\\\/jornalboasnoticias.com.br\\\/home\\\/#website\",\"url\":\"https:\\\/\\\/jornalboasnoticias.com.br\\\/home\\\/\",\"name\":\"Jornal Boas Not\u00edcias\",\"description\":\"Boas not\u00edcias\",\"publisher\":{\"@id\":\"https:\\\/\\\/jornalboasnoticias.com.br\\\/home\\\/#organization\"},\"potentialAction\":[{\"@type\":\"SearchAction\",\"target\":{\"@type\":\"EntryPoint\",\"urlTemplate\":\"https:\\\/\\\/jornalboasnoticias.com.br\\\/home\\\/?s={search_term_string}\"},\"query-input\":{\"@type\":\"PropertyValueSpecification\",\"valueRequired\":true,\"valueName\":\"search_term_string\"}}],\"inLanguage\":\"pt-BR\"},{\"@type\":\"Organization\",\"@id\":\"https:\\\/\\\/jornalboasnoticias.com.br\\\/home\\\/#organization\",\"name\":\"Coq Editora Ltda\",\"alternateName\":\"Jornal Boas Noticias\",\"url\":\"https:\\\/\\\/jornalboasnoticias.com.br\\\/home\\\/\",\"logo\":{\"@type\":\"ImageObject\",\"inLanguage\":\"pt-BR\",\"@id\":\"https:\\\/\\\/jornalboasnoticias.com.br\\\/home\\\/#\\\/schema\\\/logo\\\/image\\\/\",\"url\":\"https:\\\/\\\/jornalboasnoticias.com.br\\\/home\\\/wp-content\\\/uploads\\\/2024\\\/07\\\/cropped-logo.jpg\",\"contentUrl\":\"https:\\\/\\\/jornalboasnoticias.com.br\\\/home\\\/wp-content\\\/uploads\\\/2024\\\/07\\\/cropped-logo.jpg\",\"width\":290,\"height\":142,\"caption\":\"Coq Editora Ltda\"},\"image\":{\"@id\":\"https:\\\/\\\/jornalboasnoticias.com.br\\\/home\\\/#\\\/schema\\\/logo\\\/image\\\/\"},\"sameAs\":[\"https:\\\/\\\/www.facebook.com\\\/boasnoticiasjornal\"]},{\"@type\":\"Person\",\"@id\":\"https:\\\/\\\/jornalboasnoticias.com.br\\\/home\\\/#\\\/schema\\\/person\\\/75f9ebde398c998c166475fb446bda62\",\"name\":\"Luiz Carlos da Cruz\",\"image\":{\"@type\":\"ImageObject\",\"inLanguage\":\"pt-BR\",\"@id\":\"https:\\\/\\\/secure.gravatar.com\\\/avatar\\\/e6f4f45301b6cb8572f7b076572e8ac11c1db80e805d8c8d0858cf286ce3ac3b?s=96&d=mm&r=g\",\"url\":\"https:\\\/\\\/secure.gravatar.com\\\/avatar\\\/e6f4f45301b6cb8572f7b076572e8ac11c1db80e805d8c8d0858cf286ce3ac3b?s=96&d=mm&r=g\",\"contentUrl\":\"https:\\\/\\\/secure.gravatar.com\\\/avatar\\\/e6f4f45301b6cb8572f7b076572e8ac11c1db80e805d8c8d0858cf286ce3ac3b?s=96&d=mm&r=g\",\"caption\":\"Luiz Carlos da Cruz\"},\"url\":\"https:\\\/\\\/jornalboasnoticias.com.br\\\/home\\\/author\\\/luiz-carlos-da-cruz\\\/\"}]}<\/script>\n<!-- \/ Yoast SEO plugin. -->","yoast_head_json":{"title":"Universal nos Pres\u00eddios inaugura espa\u00e7o de ressocializa\u00e7\u00e3o dentro da Penitenci\u00e1ria Feminina de Sant\u2019Anna - Jornal","description":"Universal nos Pres\u00eddios inaugura espa\u00e7o de ressocializa\u00e7\u00e3o dentro da Penitenci\u00e1ria Feminina de Sant\u2019Anna","robots":{"index":"index","follow":"follow","max-snippet":"max-snippet:-1","max-image-preview":"max-image-preview:large","max-video-preview":"max-video-preview:-1"},"canonical":"https:\/\/jornalboasnoticias.com.br\/home\/universal-nos-presidios-inaugura-espaco-de-ressocializacao-dentro-da-penitenciaria-feminina-de-santanna\/","og_locale":"pt_BR","og_type":"article","og_title":"Universal nos Pres\u00eddios inaugura espa\u00e7o de ressocializa\u00e7\u00e3o dentro da Penitenci\u00e1ria Feminina de Sant\u2019Anna - Jornal","og_description":"Universal nos Pres\u00eddios inaugura espa\u00e7o de ressocializa\u00e7\u00e3o dentro da Penitenci\u00e1ria Feminina de Sant\u2019Anna","og_url":"https:\/\/jornalboasnoticias.com.br\/home\/universal-nos-presidios-inaugura-espaco-de-ressocializacao-dentro-da-penitenciaria-feminina-de-santanna\/","og_site_name":"Jornal","article_publisher":"https:\/\/www.facebook.com\/boasnoticiasjornal","article_published_time":"2025-01-30T19:00:26+00:00","og_image":[{"width":588,"height":330,"url":"https:\/\/jornalboasnoticias.com.br\/home\/wp-content\/uploads\/2025\/01\/5.jpg","type":"image\/jpeg"}],"author":"Luiz Carlos da Cruz","twitter_card":"summary_large_image","twitter_misc":{"Escrito por":"Luiz Carlos da Cruz","Est. tempo de leitura":"3 minutos"},"schema":{"@context":"https:\/\/schema.org","@graph":[{"@type":"Article","@id":"https:\/\/jornalboasnoticias.com.br\/home\/universal-nos-presidios-inaugura-espaco-de-ressocializacao-dentro-da-penitenciaria-feminina-de-santanna\/#article","isPartOf":{"@id":"https:\/\/jornalboasnoticias.com.br\/home\/universal-nos-presidios-inaugura-espaco-de-ressocializacao-dentro-da-penitenciaria-feminina-de-santanna\/"},"author":{"name":"Luiz Carlos da Cruz","@id":"https:\/\/jornalboasnoticias.com.br\/home\/#\/schema\/person\/75f9ebde398c998c166475fb446bda62"},"headline":"Universal nos Pres\u00eddios inaugura espa\u00e7o de ressocializa\u00e7\u00e3o dentro da Penitenci\u00e1ria Feminina de Sant\u2019Anna","datePublished":"2025-01-30T19:00:26+00:00","mainEntityOfPage":{"@id":"https:\/\/jornalboasnoticias.com.br\/home\/universal-nos-presidios-inaugura-espaco-de-ressocializacao-dentro-da-penitenciaria-feminina-de-santanna\/"},"wordCount":524,"commentCount":0,"publisher":{"@id":"https:\/\/jornalboasnoticias.com.br\/home\/#organization"},"image":{"@id":"https:\/\/jornalboasnoticias.com.br\/home\/universal-nos-presidios-inaugura-espaco-de-ressocializacao-dentro-da-penitenciaria-feminina-de-santanna\/#primaryimage"},"thumbnailUrl":"https:\/\/jornalboasnoticias.com.br\/home\/wp-content\/uploads\/2025\/01\/5.jpg","keywords":["Universal"],"articleSection":["BRASIL","DESTAQUE"],"inLanguage":"pt-BR","potentialAction":[{"@type":"CommentAction","name":"Comment","target":["https:\/\/jornalboasnoticias.com.br\/home\/universal-nos-presidios-inaugura-espaco-de-ressocializacao-dentro-da-penitenciaria-feminina-de-santanna\/#respond"]}]},{"@type":"WebPage","@id":"https:\/\/jornalboasnoticias.com.br\/home\/universal-nos-presidios-inaugura-espaco-de-ressocializacao-dentro-da-penitenciaria-feminina-de-santanna\/","url":"https:\/\/jornalboasnoticias.com.br\/home\/universal-nos-presidios-inaugura-espaco-de-ressocializacao-dentro-da-penitenciaria-feminina-de-santanna\/","name":"Universal nos Pres\u00eddios inaugura espa\u00e7o de ressocializa\u00e7\u00e3o dentro da Penitenci\u00e1ria Feminina de Sant\u2019Anna - Jornal","isPartOf":{"@id":"https:\/\/jornalboasnoticias.com.br\/home\/#website"},"primaryImageOfPage":{"@id":"https:\/\/jornalboasnoticias.com.br\/home\/universal-nos-presidios-inaugura-espaco-de-ressocializacao-dentro-da-penitenciaria-feminina-de-santanna\/#primaryimage"},"image":{"@id":"https:\/\/jornalboasnoticias.com.br\/home\/universal-nos-presidios-inaugura-espaco-de-ressocializacao-dentro-da-penitenciaria-feminina-de-santanna\/#primaryimage"},"thumbnailUrl":"https:\/\/jornalboasnoticias.com.br\/home\/wp-content\/uploads\/2025\/01\/5.jpg","datePublished":"2025-01-30T19:00:26+00:00","description":"Universal nos Pres\u00eddios inaugura espa\u00e7o de ressocializa\u00e7\u00e3o dentro da Penitenci\u00e1ria Feminina de Sant\u2019Anna","breadcrumb":{"@id":"https:\/\/jornalboasnoticias.com.br\/home\/universal-nos-presidios-inaugura-espaco-de-ressocializacao-dentro-da-penitenciaria-feminina-de-santanna\/#breadcrumb"},"inLanguage":"pt-BR","potentialAction":[{"@type":"ReadAction","target":["https:\/\/jornalboasnoticias.com.br\/home\/universal-nos-presidios-inaugura-espaco-de-ressocializacao-dentro-da-penitenciaria-feminina-de-santanna\/"]}]},{"@type":"ImageObject","inLanguage":"pt-BR","@id":"https:\/\/jornalboasnoticias.com.br\/home\/universal-nos-presidios-inaugura-espaco-de-ressocializacao-dentro-da-penitenciaria-feminina-de-santanna\/#primaryimage","url":"https:\/\/jornalboasnoticias.com.br\/home\/wp-content\/uploads\/2025\/01\/5.jpg","contentUrl":"https:\/\/jornalboasnoticias.com.br\/home\/wp-content\/uploads\/2025\/01\/5.jpg","width":588,"height":330},{"@type":"BreadcrumbList","@id":"https:\/\/jornalboasnoticias.com.br\/home\/universal-nos-presidios-inaugura-espaco-de-ressocializacao-dentro-da-penitenciaria-feminina-de-santanna\/#breadcrumb","itemListElement":[{"@type":"ListItem","position":1,"name":"In\u00edcio","item":"https:\/\/jornalboasnoticias.com.br\/home\/"},{"@type":"ListItem","position":2,"name":"Universal nos Pres\u00eddios inaugura espa\u00e7o de ressocializa\u00e7\u00e3o dentro da Penitenci\u00e1ria Feminina de Sant\u2019Anna"}]},{"@type":"WebSite","@id":"https:\/\/jornalboasnoticias.com.br\/home\/#website","url":"https:\/\/jornalboasnoticias.com.br\/home\/","name":"Jornal Boas Not\u00edcias","description":"Boas not\u00edcias","publisher":{"@id":"https:\/\/jornalboasnoticias.com.br\/home\/#organization"},"potentialAction":[{"@type":"SearchAction","target":{"@type":"EntryPoint","urlTemplate":"https:\/\/jornalboasnoticias.com.br\/home\/?s={search_term_string}"},"query-input":{"@type":"PropertyValueSpecification","valueRequired":true,"valueName":"search_term_string"}}],"inLanguage":"pt-BR"},{"@type":"Organization","@id":"https:\/\/jornalboasnoticias.com.br\/home\/#organization","name":"Coq Editora Ltda","alternateName":"Jornal Boas Noticias","url":"https:\/\/jornalboasnoticias.com.br\/home\/","logo":{"@type":"ImageObject","inLanguage":"pt-BR","@id":"https:\/\/jornalboasnoticias.com.br\/home\/#\/schema\/logo\/image\/","url":"https:\/\/jornalboasnoticias.com.br\/home\/wp-content\/uploads\/2024\/07\/cropped-logo.jpg","contentUrl":"https:\/\/jornalboasnoticias.com.br\/home\/wp-content\/uploads\/2024\/07\/cropped-logo.jpg","width":290,"height":142,"caption":"Coq Editora Ltda"},"image":{"@id":"https:\/\/jornalboasnoticias.com.br\/home\/#\/schema\/logo\/image\/"},"sameAs":["https:\/\/www.facebook.com\/boasnoticiasjornal"]},{"@type":"Person","@id":"https:\/\/jornalboasnoticias.com.br\/home\/#\/schema\/person\/75f9ebde398c998c166475fb446bda62","name":"Luiz Carlos da Cruz","image":{"@type":"ImageObject","inLanguage":"pt-BR","@id":"https:\/\/secure.gravatar.com\/avatar\/e6f4f45301b6cb8572f7b076572e8ac11c1db80e805d8c8d0858cf286ce3ac3b?s=96&d=mm&r=g","url":"https:\/\/secure.gravatar.com\/avatar\/e6f4f45301b6cb8572f7b076572e8ac11c1db80e805d8c8d0858cf286ce3ac3b?s=96&d=mm&r=g","contentUrl":"https:\/\/secure.gravatar.com\/avatar\/e6f4f45301b6cb8572f7b076572e8ac11c1db80e805d8c8d0858cf286ce3ac3b?s=96&d=mm&r=g","caption":"Luiz Carlos da Cruz"},"url":"https:\/\/jornalboasnoticias.com.br\/home\/author\/luiz-carlos-da-cruz\/"}]}},"_links":{"self":[{"href":"https:\/\/jornalboasnoticias.com.br\/home\/wp-json\/wp\/v2\/posts\/46191","targetHints":{"allow":["GET"]}}],"collection":[{"href":"https:\/\/jornalboasnoticias.com.br\/home\/wp-json\/wp\/v2\/posts"}],"about":[{"href":"https:\/\/jornalboasnoticias.com.br\/home\/wp-json\/wp\/v2\/types\/post"}],"author":[{"embeddable":true,"href":"https:\/\/jornalboasnoticias.com.br\/home\/wp-json\/wp\/v2\/users\/3"}],"replies":[{"embeddable":true,"href":"https:\/\/jornalboasnoticias.com.br\/home\/wp-json\/wp\/v2\/comments?post=46191"}],"version-history":[{"count":1,"href":"https:\/\/jornalboasnoticias.com.br\/home\/wp-json\/wp\/v2\/posts\/46191\/revisions"}],"predecessor-version":[{"id":46193,"href":"https:\/\/jornalboasnoticias.com.br\/home\/wp-json\/wp\/v2\/posts\/46191\/revisions\/46193"}],"wp:featuredmedia":[{"embeddable":true,"href":"https:\/\/jornalboasnoticias.com.br\/home\/wp-json\/wp\/v2\/media\/46192"}],"wp:attachment":[{"href":"https:\/\/jornalboasnoticias.com.br\/home\/wp-json\/wp\/v2\/media?parent=46191"}],"wp:term":[{"taxonomy":"category","embeddable":true,"href":"https:\/\/jornalboasnoticias.com.br\/home\/wp-json\/wp\/v2\/categories?post=46191"},{"taxonomy":"post_tag","embeddable":true,"href":"https:\/\/jornalboasnoticias.com.br\/home\/wp-json\/wp\/v2\/tags?post=46191"}],"curies":[{"name":"wp","href":"https:\/\/api.w.org\/{rel}","templated":true}]}}