{"id":46186,"date":"2025-01-29T14:39:46","date_gmt":"2025-01-29T14:39:46","guid":{"rendered":"https:\/\/jornalboasnoticias.com.br\/home\/?p=46186"},"modified":"2025-01-29T14:39:46","modified_gmt":"2025-01-29T14:39:46","slug":"com-218-casos-de-chikungunya-cascavel-faz-mobilizacao-para-enfrentar-o-aedes-aegypti","status":"publish","type":"post","link":"https:\/\/jornalboasnoticias.com.br\/home\/com-218-casos-de-chikungunya-cascavel-faz-mobilizacao-para-enfrentar-o-aedes-aegypti\/","title":{"rendered":"Com 218 casos de chikungunya, Cascavel faz mobiliza\u00e7\u00e3o para enfrentar o Aedes aegypti"},"content":{"rendered":"<p><img loading=\"lazy\" decoding=\"async\" class=\"alignnone size-full wp-image-46187\" src=\"https:\/\/jornalboasnoticias.com.br\/home\/wp-content\/uploads\/2025\/01\/agentes-de-endemias-em-Cascavel.jpeg\" alt=\"\" width=\"850\" height=\"566\" srcset=\"https:\/\/jornalboasnoticias.com.br\/home\/wp-content\/uploads\/2025\/01\/agentes-de-endemias-em-Cascavel.jpeg 850w, https:\/\/jornalboasnoticias.com.br\/home\/wp-content\/uploads\/2025\/01\/agentes-de-endemias-em-Cascavel-300x200.jpeg 300w, https:\/\/jornalboasnoticias.com.br\/home\/wp-content\/uploads\/2025\/01\/agentes-de-endemias-em-Cascavel-768x511.jpeg 768w\" sizes=\"auto, (max-width: 850px) 100vw, 850px\" \/><\/p>\n<p>A Prefeitura de Cascavel realiza nesta quarta-feira (29) uma grande mobiliza\u00e7\u00e3o para eliminar os criadouros do mosquito Aedes aegypti, o vetor da dengue e chikungunya. A for\u00e7a-tarefa mobiliza v\u00e1rias frentes com vistoria de agentes de sa\u00fade, a\u00e7\u00f5es orientativas, aplica\u00e7\u00e3o de fumac\u00ea, limpeza e ro\u00e7ada com maquin\u00e1rios e distribui\u00e7\u00e3o de sacos de lixo para a comunidade tamb\u00e9m entrar na guerra contra o mosquito e fazer uma faxina mais apurada nos quintais. Os trabalhos iniciaram pelo bairro Melissa, regi\u00e3o norte da cidade que concentra a maioria absoluta dos casos confirmados de chikungunya.<\/p>\n<p>Cascavel est\u00e1 em surto de chikungunya. De acordo com \u00faltimo boletim epidemiol\u00f3gico, j\u00e1 s\u00e3o 218 casos confirmados em todo o Munic\u00edpio, al\u00e9m de 46 registros de dengue.<\/p>\n<p>Segundo o secret\u00e1rio de Sa\u00fade, Ali Haidar, o alerta \u00e9 para que todos se unam nesta mobiliza\u00e7\u00e3o e fa\u00e7am a elimina\u00e7\u00e3o de criadouros em casa, independente da regi\u00e3o que morarem.\u00a0\u201cA\u00a0a\u00e7\u00e3o no bairro se estende durante a semana at\u00e9 que a gente consiga cobrir todos os pontos j\u00e1 mapeados pela Vigil\u00e2ncia Epidemiol\u00f3gica. Para que a gente fa\u00e7a realmente uma a\u00e7\u00e3o de varredura e rastreio completo na \u00e1rea. Estamos desenvolvendo a\u00e7\u00f5es de tentativa de bloqueio, a\u00e7\u00f5es preventivas, a\u00e7\u00f5es com os agentes de Endemias, e o veneno tamb\u00e9m est\u00e1 sendo passado em pontos espec\u00edficos que necessitam e t\u00eam recomenda\u00e7\u00e3o e ainda n\u00e3o surtiu efeito. J\u00e1 foram 7 ciclos de fumac\u00ea nessa regi\u00e3o e ainda a gente tem problema com ac\u00famulo de lixo, com res\u00edduos descartados incorretamente. Por isso, essa a\u00e7\u00e3o de sensibiliza\u00e7\u00e3o. De nada vai adiantar ficar passando fumac\u00ea se tem ac\u00famulo de lixo e material irregular nas resid\u00eancias. Ent\u00e3o, a gente tamb\u00e9m detecta a falta de participa\u00e7\u00e3o da popula\u00e7\u00e3o em todas essas atividades. N\u00f3s precisamos controlar o vetor, n\u00f3s precisamos eliminar essa transmiss\u00e3o. \u00c9 essencial que a gente tome essa atitude agora\u201d, alerta o secret\u00e1rio de Sa\u00fade.<\/p>\n<p>Apesar da Secretaria de Meio ambiente disponibilizar os servi\u00e7os coleta de lixo comum, de recicl\u00e1veis e at\u00e9 de volumosos, ainda foram constatados muitos casos de descarte irregular na regi\u00e3o do Melissa, inclusive no rio que h\u00e1 na \u00e1rea, explica o secret\u00e1rio da pasta, Ailton Lima. \u201cAs equipes de limpeza, atrav\u00e9s do programa Cidade Limpa, est\u00e3o fazendo uma a\u00e7\u00e3o integrada com a Secretaria de Sa\u00fade nos pontos por eles apontados, para que a gente possa fazer o recolhimento dos res\u00edduos onde a necessidade e ao mesmo tempo o recolhimento dos res\u00edduos que foram separados pelo pr\u00f3prio cidad\u00e3o, pois foram distribu\u00eddos sacos de lixo. Ao mesmo tempo as nossas equipes ir\u00e3o fazer todo o trabalho nos parques p\u00fablicos que j\u00e1 v\u00eam sendo atendidos, mas no sentido de dar exemplo a comunidade mantendo, por determina\u00e7\u00e3o do prefeito Renato Silva, todos os espa\u00e7os p\u00fablicos limpos e adequados para que o cidad\u00e3o fa\u00e7a a mesma coisa na sua resid\u00eancia\u201d, detalha.<\/p>\n<p>O prefeito Renato Silva convoca a popula\u00e7\u00e3o a se unir a essa causa de sa\u00fade p\u00fablica. \u201cEssa \u00e9 uma realidade que n\u00f3s n\u00e3o vamos fugir. Por isso, estamos presentes aqui com toda nossa equipe para fazer esse trabalho. O Munic\u00edpio est\u00e1 encabe\u00e7ando, porque sempre trabalhou e agora precisamos mais do que nunca estar presente na comunidade e pedir que todo mundo se desperte e ajude a combater esse mosquito que \u00e9 um perigo para a humanidade\u201d, pontua observa o chefe do Executivo.<\/p>\n<p>A moradora Elizangela de Lima tem visto em casa as consequ\u00eancia da chikungunya, pois a m\u00e3e dela foi uma das pessoas que ficaram doentes. \u201c\u00c9 horr\u00edvel, porque ela sentia muitas dores no corpo, n\u00e3o conseguia nem andar dentro de casa e ela ficou acho que uns dois meses seguidos sem andar direito. Por isso, a a\u00e7\u00e3o \u00e9 importante, porque se a gente cuidar do lote da gente e os vizinhos n\u00e3o cuidarem do deles n\u00e3o vai adiantar\u201d, frisa.<\/p>\n<p>Essa luta \u00e9 de todos n\u00f3s; poder p\u00fablico e comunidade. Receba os agentes do Munic\u00edpio, siga as orienta\u00e7\u00f5es para manter sua casa e sua fam\u00edlia protegidas do mosquito. Vamos nos unir contra o Aedes aegypti.<\/p>\n","protected":false},"excerpt":{"rendered":"<p>A Prefeitura de Cascavel realiza nesta quarta-feira (29) uma grande mobiliza\u00e7\u00e3o para eliminar os criadouros<\/p>\n","protected":false},"author":3,"featured_media":46187,"comment_status":"open","ping_status":"open","sticky":false,"template":"","format":"standard","meta":{"footnotes":""},"categories":[2,3],"tags":[10,130],"class_list":["post-46186","post","type-post","status-publish","format-standard","has-post-thumbnail","hentry","category-cascavel","category-destaques","tag-cascavel","tag-chicungunya"],"yoast_head":"<!-- This site is optimized with the Yoast SEO plugin v27.5 - https:\/\/yoast.com\/product\/yoast-seo-wordpress\/ -->\n<title>Com 218 casos de chikungunya, Cascavel faz mobiliza\u00e7\u00e3o para enfrentar o Aedes aegypti - Jornal<\/title>\n<meta name=\"description\" content=\"Com 218 casos de chikungunya, Cascavel faz mobiliza\u00e7\u00e3o para enfrentar o Aedes aegypti\" \/>\n<meta name=\"robots\" content=\"index, follow, max-snippet:-1, max-image-preview:large, max-video-preview:-1\" \/>\n<link rel=\"canonical\" href=\"https:\/\/jornalboasnoticias.com.br\/home\/com-218-casos-de-chikungunya-cascavel-faz-mobilizacao-para-enfrentar-o-aedes-aegypti\/\" \/>\n<meta property=\"og:locale\" content=\"pt_BR\" \/>\n<meta property=\"og:type\" content=\"article\" \/>\n<meta property=\"og:title\" content=\"Com 218 casos de chikungunya, Cascavel faz mobiliza\u00e7\u00e3o para enfrentar o Aedes aegypti - Jornal\" \/>\n<meta property=\"og:description\" content=\"Com 218 casos de chikungunya, Cascavel faz mobiliza\u00e7\u00e3o para enfrentar o Aedes aegypti\" \/>\n<meta property=\"og:url\" content=\"https:\/\/jornalboasnoticias.com.br\/home\/com-218-casos-de-chikungunya-cascavel-faz-mobilizacao-para-enfrentar-o-aedes-aegypti\/\" \/>\n<meta property=\"og:site_name\" content=\"Jornal\" \/>\n<meta property=\"article:publisher\" content=\"https:\/\/www.facebook.com\/boasnoticiasjornal\" \/>\n<meta property=\"article:published_time\" content=\"2025-01-29T14:39:46+00:00\" \/>\n<meta property=\"og:image\" content=\"https:\/\/jornalboasnoticias.com.br\/home\/wp-content\/uploads\/2025\/01\/agentes-de-endemias-em-Cascavel.jpeg\" \/>\n\t<meta property=\"og:image:width\" content=\"850\" \/>\n\t<meta property=\"og:image:height\" content=\"566\" \/>\n\t<meta property=\"og:image:type\" content=\"image\/jpeg\" \/>\n<meta name=\"author\" content=\"Luiz Carlos da Cruz\" \/>\n<meta name=\"twitter:card\" content=\"summary_large_image\" \/>\n<meta name=\"twitter:label1\" content=\"Escrito por\" \/>\n\t<meta name=\"twitter:data1\" content=\"Luiz Carlos da Cruz\" \/>\n\t<meta name=\"twitter:label2\" content=\"Est. tempo de leitura\" \/>\n\t<meta name=\"twitter:data2\" content=\"5 minutos\" \/>\n<script type=\"application\/ld+json\" class=\"yoast-schema-graph\">{\"@context\":\"https:\\\/\\\/schema.org\",\"@graph\":[{\"@type\":\"Article\",\"@id\":\"https:\\\/\\\/jornalboasnoticias.com.br\\\/home\\\/com-218-casos-de-chikungunya-cascavel-faz-mobilizacao-para-enfrentar-o-aedes-aegypti\\\/#article\",\"isPartOf\":{\"@id\":\"https:\\\/\\\/jornalboasnoticias.com.br\\\/home\\\/com-218-casos-de-chikungunya-cascavel-faz-mobilizacao-para-enfrentar-o-aedes-aegypti\\\/\"},\"author\":{\"name\":\"Luiz Carlos da Cruz\",\"@id\":\"https:\\\/\\\/jornalboasnoticias.com.br\\\/home\\\/#\\\/schema\\\/person\\\/75f9ebde398c998c166475fb446bda62\"},\"headline\":\"Com 218 casos de chikungunya, Cascavel faz mobiliza\u00e7\u00e3o para enfrentar o Aedes aegypti\",\"datePublished\":\"2025-01-29T14:39:46+00:00\",\"mainEntityOfPage\":{\"@id\":\"https:\\\/\\\/jornalboasnoticias.com.br\\\/home\\\/com-218-casos-de-chikungunya-cascavel-faz-mobilizacao-para-enfrentar-o-aedes-aegypti\\\/\"},\"wordCount\":747,\"commentCount\":0,\"publisher\":{\"@id\":\"https:\\\/\\\/jornalboasnoticias.com.br\\\/home\\\/#organization\"},\"image\":{\"@id\":\"https:\\\/\\\/jornalboasnoticias.com.br\\\/home\\\/com-218-casos-de-chikungunya-cascavel-faz-mobilizacao-para-enfrentar-o-aedes-aegypti\\\/#primaryimage\"},\"thumbnailUrl\":\"https:\\\/\\\/jornalboasnoticias.com.br\\\/home\\\/wp-content\\\/uploads\\\/2025\\\/01\\\/agentes-de-endemias-em-Cascavel.jpeg\",\"keywords\":[\"cascavel\",\"chicungunya\"],\"articleSection\":[\"CASCAVEL\",\"DESTAQUE\"],\"inLanguage\":\"pt-BR\",\"potentialAction\":[{\"@type\":\"CommentAction\",\"name\":\"Comment\",\"target\":[\"https:\\\/\\\/jornalboasnoticias.com.br\\\/home\\\/com-218-casos-de-chikungunya-cascavel-faz-mobilizacao-para-enfrentar-o-aedes-aegypti\\\/#respond\"]}]},{\"@type\":\"WebPage\",\"@id\":\"https:\\\/\\\/jornalboasnoticias.com.br\\\/home\\\/com-218-casos-de-chikungunya-cascavel-faz-mobilizacao-para-enfrentar-o-aedes-aegypti\\\/\",\"url\":\"https:\\\/\\\/jornalboasnoticias.com.br\\\/home\\\/com-218-casos-de-chikungunya-cascavel-faz-mobilizacao-para-enfrentar-o-aedes-aegypti\\\/\",\"name\":\"Com 218 casos de chikungunya, Cascavel faz mobiliza\u00e7\u00e3o para enfrentar o Aedes aegypti - Jornal\",\"isPartOf\":{\"@id\":\"https:\\\/\\\/jornalboasnoticias.com.br\\\/home\\\/#website\"},\"primaryImageOfPage\":{\"@id\":\"https:\\\/\\\/jornalboasnoticias.com.br\\\/home\\\/com-218-casos-de-chikungunya-cascavel-faz-mobilizacao-para-enfrentar-o-aedes-aegypti\\\/#primaryimage\"},\"image\":{\"@id\":\"https:\\\/\\\/jornalboasnoticias.com.br\\\/home\\\/com-218-casos-de-chikungunya-cascavel-faz-mobilizacao-para-enfrentar-o-aedes-aegypti\\\/#primaryimage\"},\"thumbnailUrl\":\"https:\\\/\\\/jornalboasnoticias.com.br\\\/home\\\/wp-content\\\/uploads\\\/2025\\\/01\\\/agentes-de-endemias-em-Cascavel.jpeg\",\"datePublished\":\"2025-01-29T14:39:46+00:00\",\"description\":\"Com 218 casos de chikungunya, Cascavel faz mobiliza\u00e7\u00e3o para enfrentar o Aedes aegypti\",\"breadcrumb\":{\"@id\":\"https:\\\/\\\/jornalboasnoticias.com.br\\\/home\\\/com-218-casos-de-chikungunya-cascavel-faz-mobilizacao-para-enfrentar-o-aedes-aegypti\\\/#breadcrumb\"},\"inLanguage\":\"pt-BR\",\"potentialAction\":[{\"@type\":\"ReadAction\",\"target\":[\"https:\\\/\\\/jornalboasnoticias.com.br\\\/home\\\/com-218-casos-de-chikungunya-cascavel-faz-mobilizacao-para-enfrentar-o-aedes-aegypti\\\/\"]}]},{\"@type\":\"ImageObject\",\"inLanguage\":\"pt-BR\",\"@id\":\"https:\\\/\\\/jornalboasnoticias.com.br\\\/home\\\/com-218-casos-de-chikungunya-cascavel-faz-mobilizacao-para-enfrentar-o-aedes-aegypti\\\/#primaryimage\",\"url\":\"https:\\\/\\\/jornalboasnoticias.com.br\\\/home\\\/wp-content\\\/uploads\\\/2025\\\/01\\\/agentes-de-endemias-em-Cascavel.jpeg\",\"contentUrl\":\"https:\\\/\\\/jornalboasnoticias.com.br\\\/home\\\/wp-content\\\/uploads\\\/2025\\\/01\\\/agentes-de-endemias-em-Cascavel.jpeg\",\"width\":850,\"height\":566},{\"@type\":\"BreadcrumbList\",\"@id\":\"https:\\\/\\\/jornalboasnoticias.com.br\\\/home\\\/com-218-casos-de-chikungunya-cascavel-faz-mobilizacao-para-enfrentar-o-aedes-aegypti\\\/#breadcrumb\",\"itemListElement\":[{\"@type\":\"ListItem\",\"position\":1,\"name\":\"In\u00edcio\",\"item\":\"https:\\\/\\\/jornalboasnoticias.com.br\\\/home\\\/\"},{\"@type\":\"ListItem\",\"position\":2,\"name\":\"Com 218 casos de chikungunya, Cascavel faz mobiliza\u00e7\u00e3o para enfrentar o Aedes aegypti\"}]},{\"@type\":\"WebSite\",\"@id\":\"https:\\\/\\\/jornalboasnoticias.com.br\\\/home\\\/#website\",\"url\":\"https:\\\/\\\/jornalboasnoticias.com.br\\\/home\\\/\",\"name\":\"Jornal Boas Not\u00edcias\",\"description\":\"Boas not\u00edcias\",\"publisher\":{\"@id\":\"https:\\\/\\\/jornalboasnoticias.com.br\\\/home\\\/#organization\"},\"potentialAction\":[{\"@type\":\"SearchAction\",\"target\":{\"@type\":\"EntryPoint\",\"urlTemplate\":\"https:\\\/\\\/jornalboasnoticias.com.br\\\/home\\\/?s={search_term_string}\"},\"query-input\":{\"@type\":\"PropertyValueSpecification\",\"valueRequired\":true,\"valueName\":\"search_term_string\"}}],\"inLanguage\":\"pt-BR\"},{\"@type\":\"Organization\",\"@id\":\"https:\\\/\\\/jornalboasnoticias.com.br\\\/home\\\/#organization\",\"name\":\"Coq Editora Ltda\",\"alternateName\":\"Jornal Boas Noticias\",\"url\":\"https:\\\/\\\/jornalboasnoticias.com.br\\\/home\\\/\",\"logo\":{\"@type\":\"ImageObject\",\"inLanguage\":\"pt-BR\",\"@id\":\"https:\\\/\\\/jornalboasnoticias.com.br\\\/home\\\/#\\\/schema\\\/logo\\\/image\\\/\",\"url\":\"https:\\\/\\\/jornalboasnoticias.com.br\\\/home\\\/wp-content\\\/uploads\\\/2024\\\/07\\\/cropped-logo.jpg\",\"contentUrl\":\"https:\\\/\\\/jornalboasnoticias.com.br\\\/home\\\/wp-content\\\/uploads\\\/2024\\\/07\\\/cropped-logo.jpg\",\"width\":290,\"height\":142,\"caption\":\"Coq Editora Ltda\"},\"image\":{\"@id\":\"https:\\\/\\\/jornalboasnoticias.com.br\\\/home\\\/#\\\/schema\\\/logo\\\/image\\\/\"},\"sameAs\":[\"https:\\\/\\\/www.facebook.com\\\/boasnoticiasjornal\"]},{\"@type\":\"Person\",\"@id\":\"https:\\\/\\\/jornalboasnoticias.com.br\\\/home\\\/#\\\/schema\\\/person\\\/75f9ebde398c998c166475fb446bda62\",\"name\":\"Luiz Carlos da Cruz\",\"image\":{\"@type\":\"ImageObject\",\"inLanguage\":\"pt-BR\",\"@id\":\"https:\\\/\\\/secure.gravatar.com\\\/avatar\\\/e6f4f45301b6cb8572f7b076572e8ac11c1db80e805d8c8d0858cf286ce3ac3b?s=96&d=mm&r=g\",\"url\":\"https:\\\/\\\/secure.gravatar.com\\\/avatar\\\/e6f4f45301b6cb8572f7b076572e8ac11c1db80e805d8c8d0858cf286ce3ac3b?s=96&d=mm&r=g\",\"contentUrl\":\"https:\\\/\\\/secure.gravatar.com\\\/avatar\\\/e6f4f45301b6cb8572f7b076572e8ac11c1db80e805d8c8d0858cf286ce3ac3b?s=96&d=mm&r=g\",\"caption\":\"Luiz Carlos da Cruz\"},\"url\":\"https:\\\/\\\/jornalboasnoticias.com.br\\\/home\\\/author\\\/luiz-carlos-da-cruz\\\/\"}]}<\/script>\n<!-- \/ Yoast SEO plugin. -->","yoast_head_json":{"title":"Com 218 casos de chikungunya, Cascavel faz mobiliza\u00e7\u00e3o para enfrentar o Aedes aegypti - Jornal","description":"Com 218 casos de chikungunya, Cascavel faz mobiliza\u00e7\u00e3o para enfrentar o Aedes aegypti","robots":{"index":"index","follow":"follow","max-snippet":"max-snippet:-1","max-image-preview":"max-image-preview:large","max-video-preview":"max-video-preview:-1"},"canonical":"https:\/\/jornalboasnoticias.com.br\/home\/com-218-casos-de-chikungunya-cascavel-faz-mobilizacao-para-enfrentar-o-aedes-aegypti\/","og_locale":"pt_BR","og_type":"article","og_title":"Com 218 casos de chikungunya, Cascavel faz mobiliza\u00e7\u00e3o para enfrentar o Aedes aegypti - Jornal","og_description":"Com 218 casos de chikungunya, Cascavel faz mobiliza\u00e7\u00e3o para enfrentar o Aedes aegypti","og_url":"https:\/\/jornalboasnoticias.com.br\/home\/com-218-casos-de-chikungunya-cascavel-faz-mobilizacao-para-enfrentar-o-aedes-aegypti\/","og_site_name":"Jornal","article_publisher":"https:\/\/www.facebook.com\/boasnoticiasjornal","article_published_time":"2025-01-29T14:39:46+00:00","og_image":[{"width":850,"height":566,"url":"https:\/\/jornalboasnoticias.com.br\/home\/wp-content\/uploads\/2025\/01\/agentes-de-endemias-em-Cascavel.jpeg","type":"image\/jpeg"}],"author":"Luiz Carlos da Cruz","twitter_card":"summary_large_image","twitter_misc":{"Escrito por":"Luiz Carlos da Cruz","Est. tempo de leitura":"5 minutos"},"schema":{"@context":"https:\/\/schema.org","@graph":[{"@type":"Article","@id":"https:\/\/jornalboasnoticias.com.br\/home\/com-218-casos-de-chikungunya-cascavel-faz-mobilizacao-para-enfrentar-o-aedes-aegypti\/#article","isPartOf":{"@id":"https:\/\/jornalboasnoticias.com.br\/home\/com-218-casos-de-chikungunya-cascavel-faz-mobilizacao-para-enfrentar-o-aedes-aegypti\/"},"author":{"name":"Luiz Carlos da Cruz","@id":"https:\/\/jornalboasnoticias.com.br\/home\/#\/schema\/person\/75f9ebde398c998c166475fb446bda62"},"headline":"Com 218 casos de chikungunya, Cascavel faz mobiliza\u00e7\u00e3o para enfrentar o Aedes aegypti","datePublished":"2025-01-29T14:39:46+00:00","mainEntityOfPage":{"@id":"https:\/\/jornalboasnoticias.com.br\/home\/com-218-casos-de-chikungunya-cascavel-faz-mobilizacao-para-enfrentar-o-aedes-aegypti\/"},"wordCount":747,"commentCount":0,"publisher":{"@id":"https:\/\/jornalboasnoticias.com.br\/home\/#organization"},"image":{"@id":"https:\/\/jornalboasnoticias.com.br\/home\/com-218-casos-de-chikungunya-cascavel-faz-mobilizacao-para-enfrentar-o-aedes-aegypti\/#primaryimage"},"thumbnailUrl":"https:\/\/jornalboasnoticias.com.br\/home\/wp-content\/uploads\/2025\/01\/agentes-de-endemias-em-Cascavel.jpeg","keywords":["cascavel","chicungunya"],"articleSection":["CASCAVEL","DESTAQUE"],"inLanguage":"pt-BR","potentialAction":[{"@type":"CommentAction","name":"Comment","target":["https:\/\/jornalboasnoticias.com.br\/home\/com-218-casos-de-chikungunya-cascavel-faz-mobilizacao-para-enfrentar-o-aedes-aegypti\/#respond"]}]},{"@type":"WebPage","@id":"https:\/\/jornalboasnoticias.com.br\/home\/com-218-casos-de-chikungunya-cascavel-faz-mobilizacao-para-enfrentar-o-aedes-aegypti\/","url":"https:\/\/jornalboasnoticias.com.br\/home\/com-218-casos-de-chikungunya-cascavel-faz-mobilizacao-para-enfrentar-o-aedes-aegypti\/","name":"Com 218 casos de chikungunya, Cascavel faz mobiliza\u00e7\u00e3o para enfrentar o Aedes aegypti - Jornal","isPartOf":{"@id":"https:\/\/jornalboasnoticias.com.br\/home\/#website"},"primaryImageOfPage":{"@id":"https:\/\/jornalboasnoticias.com.br\/home\/com-218-casos-de-chikungunya-cascavel-faz-mobilizacao-para-enfrentar-o-aedes-aegypti\/#primaryimage"},"image":{"@id":"https:\/\/jornalboasnoticias.com.br\/home\/com-218-casos-de-chikungunya-cascavel-faz-mobilizacao-para-enfrentar-o-aedes-aegypti\/#primaryimage"},"thumbnailUrl":"https:\/\/jornalboasnoticias.com.br\/home\/wp-content\/uploads\/2025\/01\/agentes-de-endemias-em-Cascavel.jpeg","datePublished":"2025-01-29T14:39:46+00:00","description":"Com 218 casos de chikungunya, Cascavel faz mobiliza\u00e7\u00e3o para enfrentar o Aedes aegypti","breadcrumb":{"@id":"https:\/\/jornalboasnoticias.com.br\/home\/com-218-casos-de-chikungunya-cascavel-faz-mobilizacao-para-enfrentar-o-aedes-aegypti\/#breadcrumb"},"inLanguage":"pt-BR","potentialAction":[{"@type":"ReadAction","target":["https:\/\/jornalboasnoticias.com.br\/home\/com-218-casos-de-chikungunya-cascavel-faz-mobilizacao-para-enfrentar-o-aedes-aegypti\/"]}]},{"@type":"ImageObject","inLanguage":"pt-BR","@id":"https:\/\/jornalboasnoticias.com.br\/home\/com-218-casos-de-chikungunya-cascavel-faz-mobilizacao-para-enfrentar-o-aedes-aegypti\/#primaryimage","url":"https:\/\/jornalboasnoticias.com.br\/home\/wp-content\/uploads\/2025\/01\/agentes-de-endemias-em-Cascavel.jpeg","contentUrl":"https:\/\/jornalboasnoticias.com.br\/home\/wp-content\/uploads\/2025\/01\/agentes-de-endemias-em-Cascavel.jpeg","width":850,"height":566},{"@type":"BreadcrumbList","@id":"https:\/\/jornalboasnoticias.com.br\/home\/com-218-casos-de-chikungunya-cascavel-faz-mobilizacao-para-enfrentar-o-aedes-aegypti\/#breadcrumb","itemListElement":[{"@type":"ListItem","position":1,"name":"In\u00edcio","item":"https:\/\/jornalboasnoticias.com.br\/home\/"},{"@type":"ListItem","position":2,"name":"Com 218 casos de chikungunya, Cascavel faz mobiliza\u00e7\u00e3o para enfrentar o Aedes aegypti"}]},{"@type":"WebSite","@id":"https:\/\/jornalboasnoticias.com.br\/home\/#website","url":"https:\/\/jornalboasnoticias.com.br\/home\/","name":"Jornal Boas Not\u00edcias","description":"Boas not\u00edcias","publisher":{"@id":"https:\/\/jornalboasnoticias.com.br\/home\/#organization"},"potentialAction":[{"@type":"SearchAction","target":{"@type":"EntryPoint","urlTemplate":"https:\/\/jornalboasnoticias.com.br\/home\/?s={search_term_string}"},"query-input":{"@type":"PropertyValueSpecification","valueRequired":true,"valueName":"search_term_string"}}],"inLanguage":"pt-BR"},{"@type":"Organization","@id":"https:\/\/jornalboasnoticias.com.br\/home\/#organization","name":"Coq Editora Ltda","alternateName":"Jornal Boas Noticias","url":"https:\/\/jornalboasnoticias.com.br\/home\/","logo":{"@type":"ImageObject","inLanguage":"pt-BR","@id":"https:\/\/jornalboasnoticias.com.br\/home\/#\/schema\/logo\/image\/","url":"https:\/\/jornalboasnoticias.com.br\/home\/wp-content\/uploads\/2024\/07\/cropped-logo.jpg","contentUrl":"https:\/\/jornalboasnoticias.com.br\/home\/wp-content\/uploads\/2024\/07\/cropped-logo.jpg","width":290,"height":142,"caption":"Coq Editora Ltda"},"image":{"@id":"https:\/\/jornalboasnoticias.com.br\/home\/#\/schema\/logo\/image\/"},"sameAs":["https:\/\/www.facebook.com\/boasnoticiasjornal"]},{"@type":"Person","@id":"https:\/\/jornalboasnoticias.com.br\/home\/#\/schema\/person\/75f9ebde398c998c166475fb446bda62","name":"Luiz Carlos da Cruz","image":{"@type":"ImageObject","inLanguage":"pt-BR","@id":"https:\/\/secure.gravatar.com\/avatar\/e6f4f45301b6cb8572f7b076572e8ac11c1db80e805d8c8d0858cf286ce3ac3b?s=96&d=mm&r=g","url":"https:\/\/secure.gravatar.com\/avatar\/e6f4f45301b6cb8572f7b076572e8ac11c1db80e805d8c8d0858cf286ce3ac3b?s=96&d=mm&r=g","contentUrl":"https:\/\/secure.gravatar.com\/avatar\/e6f4f45301b6cb8572f7b076572e8ac11c1db80e805d8c8d0858cf286ce3ac3b?s=96&d=mm&r=g","caption":"Luiz Carlos da Cruz"},"url":"https:\/\/jornalboasnoticias.com.br\/home\/author\/luiz-carlos-da-cruz\/"}]}},"_links":{"self":[{"href":"https:\/\/jornalboasnoticias.com.br\/home\/wp-json\/wp\/v2\/posts\/46186","targetHints":{"allow":["GET"]}}],"collection":[{"href":"https:\/\/jornalboasnoticias.com.br\/home\/wp-json\/wp\/v2\/posts"}],"about":[{"href":"https:\/\/jornalboasnoticias.com.br\/home\/wp-json\/wp\/v2\/types\/post"}],"author":[{"embeddable":true,"href":"https:\/\/jornalboasnoticias.com.br\/home\/wp-json\/wp\/v2\/users\/3"}],"replies":[{"embeddable":true,"href":"https:\/\/jornalboasnoticias.com.br\/home\/wp-json\/wp\/v2\/comments?post=46186"}],"version-history":[{"count":1,"href":"https:\/\/jornalboasnoticias.com.br\/home\/wp-json\/wp\/v2\/posts\/46186\/revisions"}],"predecessor-version":[{"id":46188,"href":"https:\/\/jornalboasnoticias.com.br\/home\/wp-json\/wp\/v2\/posts\/46186\/revisions\/46188"}],"wp:featuredmedia":[{"embeddable":true,"href":"https:\/\/jornalboasnoticias.com.br\/home\/wp-json\/wp\/v2\/media\/46187"}],"wp:attachment":[{"href":"https:\/\/jornalboasnoticias.com.br\/home\/wp-json\/wp\/v2\/media?parent=46186"}],"wp:term":[{"taxonomy":"category","embeddable":true,"href":"https:\/\/jornalboasnoticias.com.br\/home\/wp-json\/wp\/v2\/categories?post=46186"},{"taxonomy":"post_tag","embeddable":true,"href":"https:\/\/jornalboasnoticias.com.br\/home\/wp-json\/wp\/v2\/tags?post=46186"}],"curies":[{"name":"wp","href":"https:\/\/api.w.org\/{rel}","templated":true}]}}