{"id":46181,"date":"2025-01-29T14:25:33","date_gmt":"2025-01-29T14:25:33","guid":{"rendered":"https:\/\/jornalboasnoticias.com.br\/home\/?p=46181"},"modified":"2025-01-29T14:25:33","modified_gmt":"2025-01-29T14:25:33","slug":"copom-deve-elevar-selic-em-1-ponto-na-reuniao-desta-quarta-feira","status":"publish","type":"post","link":"https:\/\/jornalboasnoticias.com.br\/home\/copom-deve-elevar-selic-em-1-ponto-na-reuniao-desta-quarta-feira\/","title":{"rendered":"Copom deve elevar Selic em 1 ponto na reuni\u00e3o desta quarta-feira"},"content":{"rendered":"<p style=\"text-align: center;\"><em><strong>Eleva\u00e7\u00e3o havia sido anunciada na reuni\u00e3o de dezembro<br \/>\n<\/strong><\/em><\/p>\n<figure id=\"attachment_42533\" aria-describedby=\"caption-attachment-42533\" style=\"width: 800px\" class=\"wp-caption alignnone\"><img loading=\"lazy\" decoding=\"async\" class=\"size-full wp-image-42533\" src=\"https:\/\/jornalboasnoticias.com.br\/home\/wp-content\/uploads\/2024\/01\/banco_central_mcajr_abr_0104222273_0-e1704980530942.webp\" alt=\"\" width=\"800\" height=\"479\" srcset=\"https:\/\/jornalboasnoticias.com.br\/home\/wp-content\/uploads\/2024\/01\/banco_central_mcajr_abr_0104222273_0-e1704980530942.webp 800w, https:\/\/jornalboasnoticias.com.br\/home\/wp-content\/uploads\/2024\/01\/banco_central_mcajr_abr_0104222273_0-e1704980530942-300x180.webp 300w, https:\/\/jornalboasnoticias.com.br\/home\/wp-content\/uploads\/2024\/01\/banco_central_mcajr_abr_0104222273_0-e1704980530942-768x460.webp 768w\" sizes=\"auto, (max-width: 800px) 100vw, 800px\" \/><figcaption id=\"caption-attachment-42533\" class=\"wp-caption-text\">\u00a9 Marcello Casal JrAg\u00eancia Brasil<\/figcaption><\/figure>\n<p style=\"text-align: center;\"><em><strong>\u00a0<\/strong><\/em><\/p>\n<p>Pressionado pela alta do d\u00f3lar e do pre\u00e7o dos alimentos, o Comit\u00ea de Pol\u00edtica Monet\u00e1ria (Copom) do Banco Central (BC) decide nesta quarta-feira (29) em quanto elevar\u00e1 a taxa b\u00e1sica de juros, a Selic. A reuni\u00e3o \u00e9 a primeira sob o novo comando do presidente do BC, Gabriel Gal\u00edpolo.<img decoding=\"async\" src=\"https:\/\/agenciabrasil.ebc.com.br\/ebc.png?id=1628205&amp;o=node\" \/><img decoding=\"async\" src=\"https:\/\/agenciabrasil.ebc.com.br\/ebc.gif?id=1628205&amp;o=node\" \/><\/p>\n<p>Essa ser\u00e1 a quarta eleva\u00e7\u00e3o consecutiva da Selic. Segundo a edi\u00e7\u00e3o mais recente do boletim Focus, pesquisa semanal com analistas de mercado, a\u00a0taxa b\u00e1sica deve subir 1 ponto percentual\u00a0\u00a0nesta reuni\u00e3o, de 12,25% para 13,25% ao ano.<\/p>\n<p>No comunicado da \u00faltima reuni\u00e3o, em dezembro, o Copom informou que elevaria os juros b\u00e1sicos em 1 ponto percentual nas reuni\u00f5es de janeiro e de mar\u00e7o. Segundo o comit\u00ea, o agravamento das incertezas externas e os ru\u00eddos provocados pelo pacote fiscal do governo no fim do ano passado justificam o aumento dos juros b\u00e1sicos no in\u00edcio de 2025.<\/p>\n<p>Nesta quarta-feira (29), ao fim do dia, o Copom anunciar\u00e1 a decis\u00e3o. Ap\u00f3s chegar a 10,5% ao ano de junho a agosto do ano passado, a taxa come\u00e7ou a ser elevada em setembro do ano passado, com uma alta de 0,25 ponto, uma de 0,5 ponto e uma de 1 ponto percentual.<\/p>\n<h2>Infla\u00e7\u00e3o<\/h2>\n<p>Na ata da reuni\u00e3o mais recente, o Copom alertou para o prolongamento do ciclo de alta da\u00a0Taxa Selic\u00a0. O \u00f3rg\u00e3o informou que o cen\u00e1rio econ\u00f4mico exige uma pol\u00edtica monet\u00e1ria contracionista e confirmou a inten\u00e7\u00e3o de duas eleva\u00e7\u00f5es de 1 ponto. O Banco Central citou a alta recente do d\u00f3lar e da infla\u00e7\u00e3o para uma \u201cpol\u00edtica ainda mais contracionista\u201d.<\/p>\n<p>Segundo o \u00faltimo boletim Focus, pesquisa semanal com institui\u00e7\u00f5es financeiras feita pelo BC, a estimativa de infla\u00e7\u00e3o para 2025 subiu de 4,96% h\u00e1 quatro semanas para 5,5%. Isso representa infla\u00e7\u00e3o acima do teto da meta estabelecida pelo Conselho Monet\u00e1rio Nacional (CMN), de 3% para este ano, podendo chegar a 4,5% por causa do intervalo de toler\u00e2ncia de 1,5 ponto.<\/p>\n<h2>Taxa Selic<\/h2>\n<p>A taxa b\u00e1sica de juros \u00e9 usada nas negocia\u00e7\u00f5es de t\u00edtulos p\u00fablicos emitidos pelo Tesouro Nacional no Sistema Especial de Liquida\u00e7\u00e3o e Cust\u00f3dia (Selic) e serve de refer\u00eancia para as demais taxas da economia. Ela \u00e9 o principal instrumento do Banco Central para manter a infla\u00e7\u00e3o sob controle. O BC atua diariamente por meio de opera\u00e7\u00f5es de mercado aberto \u2013 comprando e vendendo t\u00edtulos p\u00fablicos federais \u2013 para manter a taxa de juros pr\u00f3xima do valor definido na reuni\u00e3o.<\/p>\n<p>Quando o Copom aumenta a taxa b\u00e1sica de juros, pretende conter a demanda aquecida, e isso causa reflexos nos pre\u00e7os porque os juros mais altos encarecem o cr\u00e9dito e estimulam a poupan\u00e7a. Desse modo, taxas mais altas tamb\u00e9m podem dificultar a expans\u00e3o da economia. Mas, al\u00e9m da Selic, os bancos consideram outros fatores na hora de definir os juros cobrados dos consumidores, como risco de inadimpl\u00eancia, lucro e despesas administrativas.<\/p>\n<p>Ao reduzir a Selic, a tend\u00eancia \u00e9 que o cr\u00e9dito fique mais barato, com incentivo \u00e0 produ\u00e7\u00e3o e ao consumo, reduzindo o controle da infla\u00e7\u00e3o e estimulando a atividade econ\u00f4mica.<\/p>\n<p>O Copom re\u00fane-se a cada 45 dias. No primeiro dia do encontro, s\u00e3o feitas apresenta\u00e7\u00f5es t\u00e9cnicas sobre a evolu\u00e7\u00e3o e as perspectivas das economias brasileira e mundial e o comportamento do mercado financeiro. No segundo dia, os membros do Copom, formado pela diretoria do BC, analisam as possibilidades e definem a Selic.<\/p>\n<h2>Meta cont\u00ednua<\/h2>\n<p>Pelo novo sistema de meta cont\u00ednua\u00a0em vigor a partir deste m\u00eas, a meta de infla\u00e7\u00e3o que deve ser perseguida pelo BC, definida pelo Conselho Monet\u00e1rio Nacional, \u00e9 3%, com intervalo de toler\u00e2ncia de 1,5 ponto percentual para cima ou para baixo. Ou seja, o limite inferior \u00e9 1,5% e o superior \u00e9 4,5%.<\/p>\n<p>No modelo de meta cont\u00ednua, a meta passa ser apurada m\u00eas a m\u00eas, considerando a infla\u00e7\u00e3o acumulada em 12 meses. Em janeiro de 2025, a infla\u00e7\u00e3o desde fevereiro de 2024 \u00e9 comparada com a meta e o intervalo de toler\u00e2ncia. Em fevereiro, o procedimento se repete, com apura\u00e7\u00e3o a partir de mar\u00e7o de 2024. Dessa forma, a verifica\u00e7\u00e3o se desloca ao longo do tempo, n\u00e3o ficando mais restrita ao \u00edndice fechado de dezembro de cada ano.<\/p>\n<p>No \u00faltimo Relat\u00f3rio de Infla\u00e7\u00e3o, divulgado no fim de dezembro pelo Banco Central, a autoridade monet\u00e1ria manteve a\u00a0previs\u00e3o de que o IPCA termine 2025 em 4,5%, mas a estimativa pode ser revista, dependendo do comportamento do d\u00f3lar e da infla\u00e7\u00e3o. O pr\u00f3ximo relat\u00f3rio ser\u00e1 divulgado no fim de mar\u00e7o.<\/p>\n<p><strong>Ag\u00eancia Brasil\u00a0<\/strong><\/p>\n","protected":false},"excerpt":{"rendered":"<p>Eleva\u00e7\u00e3o havia sido anunciada na reuni\u00e3o de dezembro \u00a0 Pressionado pela alta do d\u00f3lar e<\/p>\n","protected":false},"author":3,"featured_media":42533,"comment_status":"open","ping_status":"open","sticky":false,"template":"","format":"standard","meta":{"footnotes":""},"categories":[3,5],"tags":[],"class_list":["post-46181","post","type-post","status-publish","format-standard","has-post-thumbnail","hentry","category-destaques","category-economia"],"yoast_head":"<!-- This site is optimized with the Yoast SEO plugin v27.5 - https:\/\/yoast.com\/product\/yoast-seo-wordpress\/ -->\n<title>Copom deve elevar Selic em 1 ponto na reuni\u00e3o desta quarta-feira - Jornal<\/title>\n<meta name=\"description\" content=\"Copom deve elevar Selic em 1 ponto na reuni\u00e3o desta quarta-feira\" \/>\n<meta name=\"robots\" content=\"index, follow, max-snippet:-1, max-image-preview:large, max-video-preview:-1\" \/>\n<link rel=\"canonical\" href=\"https:\/\/jornalboasnoticias.com.br\/home\/copom-deve-elevar-selic-em-1-ponto-na-reuniao-desta-quarta-feira\/\" \/>\n<meta property=\"og:locale\" content=\"pt_BR\" \/>\n<meta property=\"og:type\" content=\"article\" \/>\n<meta property=\"og:title\" content=\"Copom deve elevar Selic em 1 ponto na reuni\u00e3o desta quarta-feira - Jornal\" \/>\n<meta property=\"og:description\" content=\"Copom deve elevar Selic em 1 ponto na reuni\u00e3o desta quarta-feira\" \/>\n<meta property=\"og:url\" content=\"https:\/\/jornalboasnoticias.com.br\/home\/copom-deve-elevar-selic-em-1-ponto-na-reuniao-desta-quarta-feira\/\" \/>\n<meta property=\"og:site_name\" content=\"Jornal\" \/>\n<meta property=\"article:publisher\" content=\"https:\/\/www.facebook.com\/boasnoticiasjornal\" \/>\n<meta property=\"article:published_time\" content=\"2025-01-29T14:25:33+00:00\" \/>\n<meta property=\"og:image\" content=\"https:\/\/jornalboasnoticias.com.br\/home\/wp-content\/uploads\/2024\/01\/banco_central_mcajr_abr_0104222273_0-e1704980530942.webp\" \/>\n\t<meta property=\"og:image:width\" content=\"800\" \/>\n\t<meta property=\"og:image:height\" content=\"479\" \/>\n\t<meta property=\"og:image:type\" content=\"image\/webp\" \/>\n<meta name=\"author\" content=\"Luiz Carlos da Cruz\" \/>\n<meta name=\"twitter:card\" content=\"summary_large_image\" \/>\n<meta name=\"twitter:label1\" content=\"Escrito por\" \/>\n\t<meta name=\"twitter:data1\" content=\"Luiz Carlos da Cruz\" \/>\n\t<meta name=\"twitter:label2\" content=\"Est. tempo de leitura\" \/>\n\t<meta name=\"twitter:data2\" content=\"5 minutos\" \/>\n<script type=\"application\/ld+json\" class=\"yoast-schema-graph\">{\"@context\":\"https:\\\/\\\/schema.org\",\"@graph\":[{\"@type\":\"Article\",\"@id\":\"https:\\\/\\\/jornalboasnoticias.com.br\\\/home\\\/copom-deve-elevar-selic-em-1-ponto-na-reuniao-desta-quarta-feira\\\/#article\",\"isPartOf\":{\"@id\":\"https:\\\/\\\/jornalboasnoticias.com.br\\\/home\\\/copom-deve-elevar-selic-em-1-ponto-na-reuniao-desta-quarta-feira\\\/\"},\"author\":{\"name\":\"Luiz Carlos da Cruz\",\"@id\":\"https:\\\/\\\/jornalboasnoticias.com.br\\\/home\\\/#\\\/schema\\\/person\\\/75f9ebde398c998c166475fb446bda62\"},\"headline\":\"Copom deve elevar Selic em 1 ponto na reuni\u00e3o desta quarta-feira\",\"datePublished\":\"2025-01-29T14:25:33+00:00\",\"mainEntityOfPage\":{\"@id\":\"https:\\\/\\\/jornalboasnoticias.com.br\\\/home\\\/copom-deve-elevar-selic-em-1-ponto-na-reuniao-desta-quarta-feira\\\/\"},\"wordCount\":821,\"commentCount\":0,\"publisher\":{\"@id\":\"https:\\\/\\\/jornalboasnoticias.com.br\\\/home\\\/#organization\"},\"image\":{\"@id\":\"https:\\\/\\\/jornalboasnoticias.com.br\\\/home\\\/copom-deve-elevar-selic-em-1-ponto-na-reuniao-desta-quarta-feira\\\/#primaryimage\"},\"thumbnailUrl\":\"https:\\\/\\\/jornalboasnoticias.com.br\\\/home\\\/wp-content\\\/uploads\\\/2024\\\/01\\\/banco_central_mcajr_abr_0104222273_0-e1704980530942.webp\",\"articleSection\":[\"DESTAQUE\",\"ECONOMIA\"],\"inLanguage\":\"pt-BR\",\"potentialAction\":[{\"@type\":\"CommentAction\",\"name\":\"Comment\",\"target\":[\"https:\\\/\\\/jornalboasnoticias.com.br\\\/home\\\/copom-deve-elevar-selic-em-1-ponto-na-reuniao-desta-quarta-feira\\\/#respond\"]}]},{\"@type\":\"WebPage\",\"@id\":\"https:\\\/\\\/jornalboasnoticias.com.br\\\/home\\\/copom-deve-elevar-selic-em-1-ponto-na-reuniao-desta-quarta-feira\\\/\",\"url\":\"https:\\\/\\\/jornalboasnoticias.com.br\\\/home\\\/copom-deve-elevar-selic-em-1-ponto-na-reuniao-desta-quarta-feira\\\/\",\"name\":\"Copom deve elevar Selic em 1 ponto na reuni\u00e3o desta quarta-feira - Jornal\",\"isPartOf\":{\"@id\":\"https:\\\/\\\/jornalboasnoticias.com.br\\\/home\\\/#website\"},\"primaryImageOfPage\":{\"@id\":\"https:\\\/\\\/jornalboasnoticias.com.br\\\/home\\\/copom-deve-elevar-selic-em-1-ponto-na-reuniao-desta-quarta-feira\\\/#primaryimage\"},\"image\":{\"@id\":\"https:\\\/\\\/jornalboasnoticias.com.br\\\/home\\\/copom-deve-elevar-selic-em-1-ponto-na-reuniao-desta-quarta-feira\\\/#primaryimage\"},\"thumbnailUrl\":\"https:\\\/\\\/jornalboasnoticias.com.br\\\/home\\\/wp-content\\\/uploads\\\/2024\\\/01\\\/banco_central_mcajr_abr_0104222273_0-e1704980530942.webp\",\"datePublished\":\"2025-01-29T14:25:33+00:00\",\"description\":\"Copom deve elevar Selic em 1 ponto na reuni\u00e3o desta quarta-feira\",\"breadcrumb\":{\"@id\":\"https:\\\/\\\/jornalboasnoticias.com.br\\\/home\\\/copom-deve-elevar-selic-em-1-ponto-na-reuniao-desta-quarta-feira\\\/#breadcrumb\"},\"inLanguage\":\"pt-BR\",\"potentialAction\":[{\"@type\":\"ReadAction\",\"target\":[\"https:\\\/\\\/jornalboasnoticias.com.br\\\/home\\\/copom-deve-elevar-selic-em-1-ponto-na-reuniao-desta-quarta-feira\\\/\"]}]},{\"@type\":\"ImageObject\",\"inLanguage\":\"pt-BR\",\"@id\":\"https:\\\/\\\/jornalboasnoticias.com.br\\\/home\\\/copom-deve-elevar-selic-em-1-ponto-na-reuniao-desta-quarta-feira\\\/#primaryimage\",\"url\":\"https:\\\/\\\/jornalboasnoticias.com.br\\\/home\\\/wp-content\\\/uploads\\\/2024\\\/01\\\/banco_central_mcajr_abr_0104222273_0-e1704980530942.webp\",\"contentUrl\":\"https:\\\/\\\/jornalboasnoticias.com.br\\\/home\\\/wp-content\\\/uploads\\\/2024\\\/01\\\/banco_central_mcajr_abr_0104222273_0-e1704980530942.webp\",\"width\":800,\"height\":479,\"caption\":\"\u00a9 Marcello Casal JrAg\u00eancia Brasil\"},{\"@type\":\"BreadcrumbList\",\"@id\":\"https:\\\/\\\/jornalboasnoticias.com.br\\\/home\\\/copom-deve-elevar-selic-em-1-ponto-na-reuniao-desta-quarta-feira\\\/#breadcrumb\",\"itemListElement\":[{\"@type\":\"ListItem\",\"position\":1,\"name\":\"In\u00edcio\",\"item\":\"https:\\\/\\\/jornalboasnoticias.com.br\\\/home\\\/\"},{\"@type\":\"ListItem\",\"position\":2,\"name\":\"Copom deve elevar Selic em 1 ponto na reuni\u00e3o desta quarta-feira\"}]},{\"@type\":\"WebSite\",\"@id\":\"https:\\\/\\\/jornalboasnoticias.com.br\\\/home\\\/#website\",\"url\":\"https:\\\/\\\/jornalboasnoticias.com.br\\\/home\\\/\",\"name\":\"Jornal Boas Not\u00edcias\",\"description\":\"Boas not\u00edcias\",\"publisher\":{\"@id\":\"https:\\\/\\\/jornalboasnoticias.com.br\\\/home\\\/#organization\"},\"potentialAction\":[{\"@type\":\"SearchAction\",\"target\":{\"@type\":\"EntryPoint\",\"urlTemplate\":\"https:\\\/\\\/jornalboasnoticias.com.br\\\/home\\\/?s={search_term_string}\"},\"query-input\":{\"@type\":\"PropertyValueSpecification\",\"valueRequired\":true,\"valueName\":\"search_term_string\"}}],\"inLanguage\":\"pt-BR\"},{\"@type\":\"Organization\",\"@id\":\"https:\\\/\\\/jornalboasnoticias.com.br\\\/home\\\/#organization\",\"name\":\"Coq Editora Ltda\",\"alternateName\":\"Jornal Boas Noticias\",\"url\":\"https:\\\/\\\/jornalboasnoticias.com.br\\\/home\\\/\",\"logo\":{\"@type\":\"ImageObject\",\"inLanguage\":\"pt-BR\",\"@id\":\"https:\\\/\\\/jornalboasnoticias.com.br\\\/home\\\/#\\\/schema\\\/logo\\\/image\\\/\",\"url\":\"https:\\\/\\\/jornalboasnoticias.com.br\\\/home\\\/wp-content\\\/uploads\\\/2024\\\/07\\\/cropped-logo.jpg\",\"contentUrl\":\"https:\\\/\\\/jornalboasnoticias.com.br\\\/home\\\/wp-content\\\/uploads\\\/2024\\\/07\\\/cropped-logo.jpg\",\"width\":290,\"height\":142,\"caption\":\"Coq Editora Ltda\"},\"image\":{\"@id\":\"https:\\\/\\\/jornalboasnoticias.com.br\\\/home\\\/#\\\/schema\\\/logo\\\/image\\\/\"},\"sameAs\":[\"https:\\\/\\\/www.facebook.com\\\/boasnoticiasjornal\"]},{\"@type\":\"Person\",\"@id\":\"https:\\\/\\\/jornalboasnoticias.com.br\\\/home\\\/#\\\/schema\\\/person\\\/75f9ebde398c998c166475fb446bda62\",\"name\":\"Luiz Carlos da Cruz\",\"image\":{\"@type\":\"ImageObject\",\"inLanguage\":\"pt-BR\",\"@id\":\"https:\\\/\\\/secure.gravatar.com\\\/avatar\\\/e6f4f45301b6cb8572f7b076572e8ac11c1db80e805d8c8d0858cf286ce3ac3b?s=96&d=mm&r=g\",\"url\":\"https:\\\/\\\/secure.gravatar.com\\\/avatar\\\/e6f4f45301b6cb8572f7b076572e8ac11c1db80e805d8c8d0858cf286ce3ac3b?s=96&d=mm&r=g\",\"contentUrl\":\"https:\\\/\\\/secure.gravatar.com\\\/avatar\\\/e6f4f45301b6cb8572f7b076572e8ac11c1db80e805d8c8d0858cf286ce3ac3b?s=96&d=mm&r=g\",\"caption\":\"Luiz Carlos da Cruz\"},\"url\":\"https:\\\/\\\/jornalboasnoticias.com.br\\\/home\\\/author\\\/luiz-carlos-da-cruz\\\/\"}]}<\/script>\n<!-- \/ Yoast SEO plugin. -->","yoast_head_json":{"title":"Copom deve elevar Selic em 1 ponto na reuni\u00e3o desta quarta-feira - Jornal","description":"Copom deve elevar Selic em 1 ponto na reuni\u00e3o desta quarta-feira","robots":{"index":"index","follow":"follow","max-snippet":"max-snippet:-1","max-image-preview":"max-image-preview:large","max-video-preview":"max-video-preview:-1"},"canonical":"https:\/\/jornalboasnoticias.com.br\/home\/copom-deve-elevar-selic-em-1-ponto-na-reuniao-desta-quarta-feira\/","og_locale":"pt_BR","og_type":"article","og_title":"Copom deve elevar Selic em 1 ponto na reuni\u00e3o desta quarta-feira - Jornal","og_description":"Copom deve elevar Selic em 1 ponto na reuni\u00e3o desta quarta-feira","og_url":"https:\/\/jornalboasnoticias.com.br\/home\/copom-deve-elevar-selic-em-1-ponto-na-reuniao-desta-quarta-feira\/","og_site_name":"Jornal","article_publisher":"https:\/\/www.facebook.com\/boasnoticiasjornal","article_published_time":"2025-01-29T14:25:33+00:00","og_image":[{"width":800,"height":479,"url":"https:\/\/jornalboasnoticias.com.br\/home\/wp-content\/uploads\/2024\/01\/banco_central_mcajr_abr_0104222273_0-e1704980530942.webp","type":"image\/webp"}],"author":"Luiz Carlos da Cruz","twitter_card":"summary_large_image","twitter_misc":{"Escrito por":"Luiz Carlos da Cruz","Est. tempo de leitura":"5 minutos"},"schema":{"@context":"https:\/\/schema.org","@graph":[{"@type":"Article","@id":"https:\/\/jornalboasnoticias.com.br\/home\/copom-deve-elevar-selic-em-1-ponto-na-reuniao-desta-quarta-feira\/#article","isPartOf":{"@id":"https:\/\/jornalboasnoticias.com.br\/home\/copom-deve-elevar-selic-em-1-ponto-na-reuniao-desta-quarta-feira\/"},"author":{"name":"Luiz Carlos da Cruz","@id":"https:\/\/jornalboasnoticias.com.br\/home\/#\/schema\/person\/75f9ebde398c998c166475fb446bda62"},"headline":"Copom deve elevar Selic em 1 ponto na reuni\u00e3o desta quarta-feira","datePublished":"2025-01-29T14:25:33+00:00","mainEntityOfPage":{"@id":"https:\/\/jornalboasnoticias.com.br\/home\/copom-deve-elevar-selic-em-1-ponto-na-reuniao-desta-quarta-feira\/"},"wordCount":821,"commentCount":0,"publisher":{"@id":"https:\/\/jornalboasnoticias.com.br\/home\/#organization"},"image":{"@id":"https:\/\/jornalboasnoticias.com.br\/home\/copom-deve-elevar-selic-em-1-ponto-na-reuniao-desta-quarta-feira\/#primaryimage"},"thumbnailUrl":"https:\/\/jornalboasnoticias.com.br\/home\/wp-content\/uploads\/2024\/01\/banco_central_mcajr_abr_0104222273_0-e1704980530942.webp","articleSection":["DESTAQUE","ECONOMIA"],"inLanguage":"pt-BR","potentialAction":[{"@type":"CommentAction","name":"Comment","target":["https:\/\/jornalboasnoticias.com.br\/home\/copom-deve-elevar-selic-em-1-ponto-na-reuniao-desta-quarta-feira\/#respond"]}]},{"@type":"WebPage","@id":"https:\/\/jornalboasnoticias.com.br\/home\/copom-deve-elevar-selic-em-1-ponto-na-reuniao-desta-quarta-feira\/","url":"https:\/\/jornalboasnoticias.com.br\/home\/copom-deve-elevar-selic-em-1-ponto-na-reuniao-desta-quarta-feira\/","name":"Copom deve elevar Selic em 1 ponto na reuni\u00e3o desta quarta-feira - Jornal","isPartOf":{"@id":"https:\/\/jornalboasnoticias.com.br\/home\/#website"},"primaryImageOfPage":{"@id":"https:\/\/jornalboasnoticias.com.br\/home\/copom-deve-elevar-selic-em-1-ponto-na-reuniao-desta-quarta-feira\/#primaryimage"},"image":{"@id":"https:\/\/jornalboasnoticias.com.br\/home\/copom-deve-elevar-selic-em-1-ponto-na-reuniao-desta-quarta-feira\/#primaryimage"},"thumbnailUrl":"https:\/\/jornalboasnoticias.com.br\/home\/wp-content\/uploads\/2024\/01\/banco_central_mcajr_abr_0104222273_0-e1704980530942.webp","datePublished":"2025-01-29T14:25:33+00:00","description":"Copom deve elevar Selic em 1 ponto na reuni\u00e3o desta quarta-feira","breadcrumb":{"@id":"https:\/\/jornalboasnoticias.com.br\/home\/copom-deve-elevar-selic-em-1-ponto-na-reuniao-desta-quarta-feira\/#breadcrumb"},"inLanguage":"pt-BR","potentialAction":[{"@type":"ReadAction","target":["https:\/\/jornalboasnoticias.com.br\/home\/copom-deve-elevar-selic-em-1-ponto-na-reuniao-desta-quarta-feira\/"]}]},{"@type":"ImageObject","inLanguage":"pt-BR","@id":"https:\/\/jornalboasnoticias.com.br\/home\/copom-deve-elevar-selic-em-1-ponto-na-reuniao-desta-quarta-feira\/#primaryimage","url":"https:\/\/jornalboasnoticias.com.br\/home\/wp-content\/uploads\/2024\/01\/banco_central_mcajr_abr_0104222273_0-e1704980530942.webp","contentUrl":"https:\/\/jornalboasnoticias.com.br\/home\/wp-content\/uploads\/2024\/01\/banco_central_mcajr_abr_0104222273_0-e1704980530942.webp","width":800,"height":479,"caption":"\u00a9 Marcello Casal JrAg\u00eancia Brasil"},{"@type":"BreadcrumbList","@id":"https:\/\/jornalboasnoticias.com.br\/home\/copom-deve-elevar-selic-em-1-ponto-na-reuniao-desta-quarta-feira\/#breadcrumb","itemListElement":[{"@type":"ListItem","position":1,"name":"In\u00edcio","item":"https:\/\/jornalboasnoticias.com.br\/home\/"},{"@type":"ListItem","position":2,"name":"Copom deve elevar Selic em 1 ponto na reuni\u00e3o desta quarta-feira"}]},{"@type":"WebSite","@id":"https:\/\/jornalboasnoticias.com.br\/home\/#website","url":"https:\/\/jornalboasnoticias.com.br\/home\/","name":"Jornal Boas Not\u00edcias","description":"Boas not\u00edcias","publisher":{"@id":"https:\/\/jornalboasnoticias.com.br\/home\/#organization"},"potentialAction":[{"@type":"SearchAction","target":{"@type":"EntryPoint","urlTemplate":"https:\/\/jornalboasnoticias.com.br\/home\/?s={search_term_string}"},"query-input":{"@type":"PropertyValueSpecification","valueRequired":true,"valueName":"search_term_string"}}],"inLanguage":"pt-BR"},{"@type":"Organization","@id":"https:\/\/jornalboasnoticias.com.br\/home\/#organization","name":"Coq Editora Ltda","alternateName":"Jornal Boas Noticias","url":"https:\/\/jornalboasnoticias.com.br\/home\/","logo":{"@type":"ImageObject","inLanguage":"pt-BR","@id":"https:\/\/jornalboasnoticias.com.br\/home\/#\/schema\/logo\/image\/","url":"https:\/\/jornalboasnoticias.com.br\/home\/wp-content\/uploads\/2024\/07\/cropped-logo.jpg","contentUrl":"https:\/\/jornalboasnoticias.com.br\/home\/wp-content\/uploads\/2024\/07\/cropped-logo.jpg","width":290,"height":142,"caption":"Coq Editora Ltda"},"image":{"@id":"https:\/\/jornalboasnoticias.com.br\/home\/#\/schema\/logo\/image\/"},"sameAs":["https:\/\/www.facebook.com\/boasnoticiasjornal"]},{"@type":"Person","@id":"https:\/\/jornalboasnoticias.com.br\/home\/#\/schema\/person\/75f9ebde398c998c166475fb446bda62","name":"Luiz Carlos da Cruz","image":{"@type":"ImageObject","inLanguage":"pt-BR","@id":"https:\/\/secure.gravatar.com\/avatar\/e6f4f45301b6cb8572f7b076572e8ac11c1db80e805d8c8d0858cf286ce3ac3b?s=96&d=mm&r=g","url":"https:\/\/secure.gravatar.com\/avatar\/e6f4f45301b6cb8572f7b076572e8ac11c1db80e805d8c8d0858cf286ce3ac3b?s=96&d=mm&r=g","contentUrl":"https:\/\/secure.gravatar.com\/avatar\/e6f4f45301b6cb8572f7b076572e8ac11c1db80e805d8c8d0858cf286ce3ac3b?s=96&d=mm&r=g","caption":"Luiz Carlos da Cruz"},"url":"https:\/\/jornalboasnoticias.com.br\/home\/author\/luiz-carlos-da-cruz\/"}]}},"_links":{"self":[{"href":"https:\/\/jornalboasnoticias.com.br\/home\/wp-json\/wp\/v2\/posts\/46181","targetHints":{"allow":["GET"]}}],"collection":[{"href":"https:\/\/jornalboasnoticias.com.br\/home\/wp-json\/wp\/v2\/posts"}],"about":[{"href":"https:\/\/jornalboasnoticias.com.br\/home\/wp-json\/wp\/v2\/types\/post"}],"author":[{"embeddable":true,"href":"https:\/\/jornalboasnoticias.com.br\/home\/wp-json\/wp\/v2\/users\/3"}],"replies":[{"embeddable":true,"href":"https:\/\/jornalboasnoticias.com.br\/home\/wp-json\/wp\/v2\/comments?post=46181"}],"version-history":[{"count":1,"href":"https:\/\/jornalboasnoticias.com.br\/home\/wp-json\/wp\/v2\/posts\/46181\/revisions"}],"predecessor-version":[{"id":46182,"href":"https:\/\/jornalboasnoticias.com.br\/home\/wp-json\/wp\/v2\/posts\/46181\/revisions\/46182"}],"wp:featuredmedia":[{"embeddable":true,"href":"https:\/\/jornalboasnoticias.com.br\/home\/wp-json\/wp\/v2\/media\/42533"}],"wp:attachment":[{"href":"https:\/\/jornalboasnoticias.com.br\/home\/wp-json\/wp\/v2\/media?parent=46181"}],"wp:term":[{"taxonomy":"category","embeddable":true,"href":"https:\/\/jornalboasnoticias.com.br\/home\/wp-json\/wp\/v2\/categories?post=46181"},{"taxonomy":"post_tag","embeddable":true,"href":"https:\/\/jornalboasnoticias.com.br\/home\/wp-json\/wp\/v2\/tags?post=46181"}],"curies":[{"name":"wp","href":"https:\/\/api.w.org\/{rel}","templated":true}]}}