{"id":46178,"date":"2025-01-29T14:20:24","date_gmt":"2025-01-29T14:20:24","guid":{"rendered":"https:\/\/jornalboasnoticias.com.br\/home\/?p=46178"},"modified":"2025-01-29T14:20:24","modified_gmt":"2025-01-29T14:20:24","slug":"ministro-da-agu-articula-culto-com-evangelicos-para-agradecer-recuperacao-de-lula-apos-acidente-domestico","status":"publish","type":"post","link":"https:\/\/jornalboasnoticias.com.br\/home\/ministro-da-agu-articula-culto-com-evangelicos-para-agradecer-recuperacao-de-lula-apos-acidente-domestico\/","title":{"rendered":"Ministro da AGU articula culto com evang\u00e9licos para agradecer recupera\u00e7\u00e3o de Lula ap\u00f3s acidente dom\u00e9stico"},"content":{"rendered":"<figure id=\"attachment_46179\" aria-describedby=\"caption-attachment-46179\" style=\"width: 1170px\" class=\"wp-caption alignnone\"><img loading=\"lazy\" decoding=\"async\" class=\"wp-image-46179 size-full\" src=\"https:\/\/jornalboasnoticias.com.br\/home\/wp-content\/uploads\/2025\/01\/jorge_messias.webp\" alt=\"\" width=\"1170\" height=\"700\" srcset=\"https:\/\/jornalboasnoticias.com.br\/home\/wp-content\/uploads\/2025\/01\/jorge_messias.webp 1170w, https:\/\/jornalboasnoticias.com.br\/home\/wp-content\/uploads\/2025\/01\/jorge_messias-300x179.webp 300w, https:\/\/jornalboasnoticias.com.br\/home\/wp-content\/uploads\/2025\/01\/jorge_messias-1024x613.webp 1024w, https:\/\/jornalboasnoticias.com.br\/home\/wp-content\/uploads\/2025\/01\/jorge_messias-768x459.webp 768w\" sizes=\"auto, (max-width: 1170px) 100vw, 1170px\" \/><figcaption id=\"caption-attachment-46179\" class=\"wp-caption-text\">Ministor Jorge Messias, da AGU &#8211; Foto: \u00a9 Valter Campanato\/Ag\u00eancia Brasil<\/figcaption><\/figure>\n<p>O advogado-geral da Uni\u00e3o, Jorge Messias, afirmou nesta segunda-feira que organiza um culto para agradecer a recupera\u00e7\u00e3o do presidente Luiz In\u00e1cio Lula da Silva (PT). O chefe do Executivo estava sentado em um banco, para cortar as unhas dos p\u00e9s, quando caiu e bateu a cabe\u00e7a no banheiro do Pal\u00e1cio do Alvorada, em 19 de outubro, e passou por cirurgia dois meses depois.<\/p>\n<p>O ministro-chefe da Advocacia-Geral da Uni\u00e3o (AGU), que \u00e9 um dos poucos representantes evang\u00e9licos da gest\u00e3o petista, comemorou o que chamou de &#8220;excelente o boletim m\u00e9dico&#8221; sobre o estado atual de sa\u00fade de Lula. A data de quando ocorrer\u00e1 o culto ainda n\u00e3o foi definida.<\/p>\n<p>&#8220;Excelente o boletim m\u00e9dico sobre a sa\u00fade do nosso querido presidente Lula. Vamos agradecer, ao nosso bom Deus, em culto de a\u00e7\u00e3o de gra\u00e7as, a plena recupera\u00e7\u00e3o do nosso mandat\u00e1rio. Lula \u00e9 um vencedor!&#8221;, disse Messias em postagem nas redes sociais.<\/p>\n<p>Lula esteve no Hospital S\u00edrio-Liban\u00eas nesta segunda-feira, em Bras\u00edlia, para realiza\u00e7\u00e3o de tomografia de controle e foi liberado para fazer viagens e atividade f\u00edsica. &#8220;O exame mostra nova redu\u00e7\u00e3o da cole\u00e7\u00e3o, compat\u00edvel com progressiva melhora do quadro&#8221;, diz o boletim m\u00e9dico.<\/p>\n<p>As informa\u00e7\u00f5es s\u00e3o do Jornal O Globo<\/p>\n","protected":false},"excerpt":{"rendered":"<p>O advogado-geral da Uni\u00e3o, Jorge Messias, afirmou nesta segunda-feira que organiza um culto para agradecer<\/p>\n","protected":false},"author":3,"featured_media":0,"comment_status":"open","ping_status":"open","sticky":false,"template":"","format":"standard","meta":{"footnotes":""},"categories":[3,96],"tags":[126,17,127],"class_list":["post-46178","post","type-post","status-publish","format-standard","hentry","category-destaques","category-politica","tag-culto","tag-lula","tag-messias"],"yoast_head":"<!-- This site is optimized with the Yoast SEO plugin v27.5 - https:\/\/yoast.com\/product\/yoast-seo-wordpress\/ -->\n<title>Ministro da AGU articula culto com evang\u00e9licos para agradecer recupera\u00e7\u00e3o de Lula ap\u00f3s acidente dom\u00e9stico - Jornal<\/title>\n<meta name=\"description\" content=\"Ministro da AGU articula culto com evang\u00e9licos para agradecer recupera\u00e7\u00e3o de Lula ap\u00f3s acidente dom\u00e9stico\" \/>\n<meta name=\"robots\" content=\"index, follow, max-snippet:-1, max-image-preview:large, max-video-preview:-1\" \/>\n<link rel=\"canonical\" href=\"https:\/\/jornalboasnoticias.com.br\/home\/ministro-da-agu-articula-culto-com-evangelicos-para-agradecer-recuperacao-de-lula-apos-acidente-domestico\/\" \/>\n<meta property=\"og:locale\" content=\"pt_BR\" \/>\n<meta property=\"og:type\" content=\"article\" \/>\n<meta property=\"og:title\" content=\"Ministro da AGU articula culto com evang\u00e9licos para agradecer recupera\u00e7\u00e3o de Lula ap\u00f3s acidente dom\u00e9stico - Jornal\" \/>\n<meta property=\"og:description\" content=\"Ministro da AGU articula culto com evang\u00e9licos para agradecer recupera\u00e7\u00e3o de Lula ap\u00f3s acidente dom\u00e9stico\" \/>\n<meta property=\"og:url\" content=\"https:\/\/jornalboasnoticias.com.br\/home\/ministro-da-agu-articula-culto-com-evangelicos-para-agradecer-recuperacao-de-lula-apos-acidente-domestico\/\" \/>\n<meta property=\"og:site_name\" content=\"Jornal\" \/>\n<meta property=\"article:publisher\" content=\"https:\/\/www.facebook.com\/boasnoticiasjornal\" \/>\n<meta property=\"article:published_time\" content=\"2025-01-29T14:20:24+00:00\" \/>\n<meta property=\"og:image\" content=\"https:\/\/jornalboasnoticias.com.br\/home\/wp-content\/uploads\/2025\/01\/jorge_messias.webp\" \/>\n\t<meta property=\"og:image:width\" content=\"1170\" \/>\n\t<meta property=\"og:image:height\" content=\"700\" \/>\n\t<meta property=\"og:image:type\" content=\"image\/webp\" \/>\n<meta name=\"author\" content=\"Luiz Carlos da Cruz\" \/>\n<meta name=\"twitter:card\" content=\"summary_large_image\" \/>\n<meta name=\"twitter:label1\" content=\"Escrito por\" \/>\n\t<meta name=\"twitter:data1\" content=\"Luiz Carlos da Cruz\" \/>\n\t<meta name=\"twitter:label2\" content=\"Est. tempo de leitura\" \/>\n\t<meta name=\"twitter:data2\" content=\"2 minutos\" \/>\n<script type=\"application\/ld+json\" class=\"yoast-schema-graph\">{\"@context\":\"https:\\\/\\\/schema.org\",\"@graph\":[{\"@type\":\"Article\",\"@id\":\"https:\\\/\\\/jornalboasnoticias.com.br\\\/home\\\/ministro-da-agu-articula-culto-com-evangelicos-para-agradecer-recuperacao-de-lula-apos-acidente-domestico\\\/#article\",\"isPartOf\":{\"@id\":\"https:\\\/\\\/jornalboasnoticias.com.br\\\/home\\\/ministro-da-agu-articula-culto-com-evangelicos-para-agradecer-recuperacao-de-lula-apos-acidente-domestico\\\/\"},\"author\":{\"name\":\"Luiz Carlos da Cruz\",\"@id\":\"https:\\\/\\\/jornalboasnoticias.com.br\\\/home\\\/#\\\/schema\\\/person\\\/75f9ebde398c998c166475fb446bda62\"},\"headline\":\"Ministro da AGU articula culto com evang\u00e9licos para agradecer recupera\u00e7\u00e3o de Lula ap\u00f3s acidente dom\u00e9stico\",\"datePublished\":\"2025-01-29T14:20:24+00:00\",\"mainEntityOfPage\":{\"@id\":\"https:\\\/\\\/jornalboasnoticias.com.br\\\/home\\\/ministro-da-agu-articula-culto-com-evangelicos-para-agradecer-recuperacao-de-lula-apos-acidente-domestico\\\/\"},\"wordCount\":261,\"commentCount\":0,\"publisher\":{\"@id\":\"https:\\\/\\\/jornalboasnoticias.com.br\\\/home\\\/#organization\"},\"image\":{\"@id\":\"https:\\\/\\\/jornalboasnoticias.com.br\\\/home\\\/ministro-da-agu-articula-culto-com-evangelicos-para-agradecer-recuperacao-de-lula-apos-acidente-domestico\\\/#primaryimage\"},\"thumbnailUrl\":\"https:\\\/\\\/jornalboasnoticias.com.br\\\/home\\\/wp-content\\\/uploads\\\/2025\\\/01\\\/jorge_messias.webp\",\"keywords\":[\"Culto\",\"lula\",\"Messias\"],\"articleSection\":[\"DESTAQUE\",\"POL\u00cdTICA\"],\"inLanguage\":\"pt-BR\",\"potentialAction\":[{\"@type\":\"CommentAction\",\"name\":\"Comment\",\"target\":[\"https:\\\/\\\/jornalboasnoticias.com.br\\\/home\\\/ministro-da-agu-articula-culto-com-evangelicos-para-agradecer-recuperacao-de-lula-apos-acidente-domestico\\\/#respond\"]}]},{\"@type\":\"WebPage\",\"@id\":\"https:\\\/\\\/jornalboasnoticias.com.br\\\/home\\\/ministro-da-agu-articula-culto-com-evangelicos-para-agradecer-recuperacao-de-lula-apos-acidente-domestico\\\/\",\"url\":\"https:\\\/\\\/jornalboasnoticias.com.br\\\/home\\\/ministro-da-agu-articula-culto-com-evangelicos-para-agradecer-recuperacao-de-lula-apos-acidente-domestico\\\/\",\"name\":\"Ministro da AGU articula culto com evang\u00e9licos para agradecer recupera\u00e7\u00e3o de Lula ap\u00f3s acidente dom\u00e9stico - Jornal\",\"isPartOf\":{\"@id\":\"https:\\\/\\\/jornalboasnoticias.com.br\\\/home\\\/#website\"},\"primaryImageOfPage\":{\"@id\":\"https:\\\/\\\/jornalboasnoticias.com.br\\\/home\\\/ministro-da-agu-articula-culto-com-evangelicos-para-agradecer-recuperacao-de-lula-apos-acidente-domestico\\\/#primaryimage\"},\"image\":{\"@id\":\"https:\\\/\\\/jornalboasnoticias.com.br\\\/home\\\/ministro-da-agu-articula-culto-com-evangelicos-para-agradecer-recuperacao-de-lula-apos-acidente-domestico\\\/#primaryimage\"},\"thumbnailUrl\":\"https:\\\/\\\/jornalboasnoticias.com.br\\\/home\\\/wp-content\\\/uploads\\\/2025\\\/01\\\/jorge_messias.webp\",\"datePublished\":\"2025-01-29T14:20:24+00:00\",\"description\":\"Ministro da AGU articula culto com evang\u00e9licos para agradecer recupera\u00e7\u00e3o de Lula ap\u00f3s acidente dom\u00e9stico\",\"breadcrumb\":{\"@id\":\"https:\\\/\\\/jornalboasnoticias.com.br\\\/home\\\/ministro-da-agu-articula-culto-com-evangelicos-para-agradecer-recuperacao-de-lula-apos-acidente-domestico\\\/#breadcrumb\"},\"inLanguage\":\"pt-BR\",\"potentialAction\":[{\"@type\":\"ReadAction\",\"target\":[\"https:\\\/\\\/jornalboasnoticias.com.br\\\/home\\\/ministro-da-agu-articula-culto-com-evangelicos-para-agradecer-recuperacao-de-lula-apos-acidente-domestico\\\/\"]}]},{\"@type\":\"ImageObject\",\"inLanguage\":\"pt-BR\",\"@id\":\"https:\\\/\\\/jornalboasnoticias.com.br\\\/home\\\/ministro-da-agu-articula-culto-com-evangelicos-para-agradecer-recuperacao-de-lula-apos-acidente-domestico\\\/#primaryimage\",\"url\":\"https:\\\/\\\/jornalboasnoticias.com.br\\\/home\\\/wp-content\\\/uploads\\\/2025\\\/01\\\/jorge_messias.webp\",\"contentUrl\":\"https:\\\/\\\/jornalboasnoticias.com.br\\\/home\\\/wp-content\\\/uploads\\\/2025\\\/01\\\/jorge_messias.webp\",\"width\":1170,\"height\":700},{\"@type\":\"BreadcrumbList\",\"@id\":\"https:\\\/\\\/jornalboasnoticias.com.br\\\/home\\\/ministro-da-agu-articula-culto-com-evangelicos-para-agradecer-recuperacao-de-lula-apos-acidente-domestico\\\/#breadcrumb\",\"itemListElement\":[{\"@type\":\"ListItem\",\"position\":1,\"name\":\"In\u00edcio\",\"item\":\"https:\\\/\\\/jornalboasnoticias.com.br\\\/home\\\/\"},{\"@type\":\"ListItem\",\"position\":2,\"name\":\"Ministro da AGU articula culto com evang\u00e9licos para agradecer recupera\u00e7\u00e3o de Lula ap\u00f3s acidente dom\u00e9stico\"}]},{\"@type\":\"WebSite\",\"@id\":\"https:\\\/\\\/jornalboasnoticias.com.br\\\/home\\\/#website\",\"url\":\"https:\\\/\\\/jornalboasnoticias.com.br\\\/home\\\/\",\"name\":\"Jornal Boas Not\u00edcias\",\"description\":\"Boas not\u00edcias\",\"publisher\":{\"@id\":\"https:\\\/\\\/jornalboasnoticias.com.br\\\/home\\\/#organization\"},\"potentialAction\":[{\"@type\":\"SearchAction\",\"target\":{\"@type\":\"EntryPoint\",\"urlTemplate\":\"https:\\\/\\\/jornalboasnoticias.com.br\\\/home\\\/?s={search_term_string}\"},\"query-input\":{\"@type\":\"PropertyValueSpecification\",\"valueRequired\":true,\"valueName\":\"search_term_string\"}}],\"inLanguage\":\"pt-BR\"},{\"@type\":\"Organization\",\"@id\":\"https:\\\/\\\/jornalboasnoticias.com.br\\\/home\\\/#organization\",\"name\":\"Coq Editora Ltda\",\"alternateName\":\"Jornal Boas Noticias\",\"url\":\"https:\\\/\\\/jornalboasnoticias.com.br\\\/home\\\/\",\"logo\":{\"@type\":\"ImageObject\",\"inLanguage\":\"pt-BR\",\"@id\":\"https:\\\/\\\/jornalboasnoticias.com.br\\\/home\\\/#\\\/schema\\\/logo\\\/image\\\/\",\"url\":\"https:\\\/\\\/jornalboasnoticias.com.br\\\/home\\\/wp-content\\\/uploads\\\/2024\\\/07\\\/cropped-logo.jpg\",\"contentUrl\":\"https:\\\/\\\/jornalboasnoticias.com.br\\\/home\\\/wp-content\\\/uploads\\\/2024\\\/07\\\/cropped-logo.jpg\",\"width\":290,\"height\":142,\"caption\":\"Coq Editora Ltda\"},\"image\":{\"@id\":\"https:\\\/\\\/jornalboasnoticias.com.br\\\/home\\\/#\\\/schema\\\/logo\\\/image\\\/\"},\"sameAs\":[\"https:\\\/\\\/www.facebook.com\\\/boasnoticiasjornal\"]},{\"@type\":\"Person\",\"@id\":\"https:\\\/\\\/jornalboasnoticias.com.br\\\/home\\\/#\\\/schema\\\/person\\\/75f9ebde398c998c166475fb446bda62\",\"name\":\"Luiz Carlos da Cruz\",\"image\":{\"@type\":\"ImageObject\",\"inLanguage\":\"pt-BR\",\"@id\":\"https:\\\/\\\/secure.gravatar.com\\\/avatar\\\/e6f4f45301b6cb8572f7b076572e8ac11c1db80e805d8c8d0858cf286ce3ac3b?s=96&d=mm&r=g\",\"url\":\"https:\\\/\\\/secure.gravatar.com\\\/avatar\\\/e6f4f45301b6cb8572f7b076572e8ac11c1db80e805d8c8d0858cf286ce3ac3b?s=96&d=mm&r=g\",\"contentUrl\":\"https:\\\/\\\/secure.gravatar.com\\\/avatar\\\/e6f4f45301b6cb8572f7b076572e8ac11c1db80e805d8c8d0858cf286ce3ac3b?s=96&d=mm&r=g\",\"caption\":\"Luiz Carlos da Cruz\"},\"url\":\"https:\\\/\\\/jornalboasnoticias.com.br\\\/home\\\/author\\\/luiz-carlos-da-cruz\\\/\"}]}<\/script>\n<!-- \/ Yoast SEO plugin. -->","yoast_head_json":{"title":"Ministro da AGU articula culto com evang\u00e9licos para agradecer recupera\u00e7\u00e3o de Lula ap\u00f3s acidente dom\u00e9stico - Jornal","description":"Ministro da AGU articula culto com evang\u00e9licos para agradecer recupera\u00e7\u00e3o de Lula ap\u00f3s acidente dom\u00e9stico","robots":{"index":"index","follow":"follow","max-snippet":"max-snippet:-1","max-image-preview":"max-image-preview:large","max-video-preview":"max-video-preview:-1"},"canonical":"https:\/\/jornalboasnoticias.com.br\/home\/ministro-da-agu-articula-culto-com-evangelicos-para-agradecer-recuperacao-de-lula-apos-acidente-domestico\/","og_locale":"pt_BR","og_type":"article","og_title":"Ministro da AGU articula culto com evang\u00e9licos para agradecer recupera\u00e7\u00e3o de Lula ap\u00f3s acidente dom\u00e9stico - Jornal","og_description":"Ministro da AGU articula culto com evang\u00e9licos para agradecer recupera\u00e7\u00e3o de Lula ap\u00f3s acidente dom\u00e9stico","og_url":"https:\/\/jornalboasnoticias.com.br\/home\/ministro-da-agu-articula-culto-com-evangelicos-para-agradecer-recuperacao-de-lula-apos-acidente-domestico\/","og_site_name":"Jornal","article_publisher":"https:\/\/www.facebook.com\/boasnoticiasjornal","article_published_time":"2025-01-29T14:20:24+00:00","og_image":[{"width":1170,"height":700,"url":"https:\/\/jornalboasnoticias.com.br\/home\/wp-content\/uploads\/2025\/01\/jorge_messias.webp","type":"image\/webp"}],"author":"Luiz Carlos da Cruz","twitter_card":"summary_large_image","twitter_misc":{"Escrito por":"Luiz Carlos da Cruz","Est. tempo de leitura":"2 minutos"},"schema":{"@context":"https:\/\/schema.org","@graph":[{"@type":"Article","@id":"https:\/\/jornalboasnoticias.com.br\/home\/ministro-da-agu-articula-culto-com-evangelicos-para-agradecer-recuperacao-de-lula-apos-acidente-domestico\/#article","isPartOf":{"@id":"https:\/\/jornalboasnoticias.com.br\/home\/ministro-da-agu-articula-culto-com-evangelicos-para-agradecer-recuperacao-de-lula-apos-acidente-domestico\/"},"author":{"name":"Luiz Carlos da Cruz","@id":"https:\/\/jornalboasnoticias.com.br\/home\/#\/schema\/person\/75f9ebde398c998c166475fb446bda62"},"headline":"Ministro da AGU articula culto com evang\u00e9licos para agradecer recupera\u00e7\u00e3o de Lula ap\u00f3s acidente dom\u00e9stico","datePublished":"2025-01-29T14:20:24+00:00","mainEntityOfPage":{"@id":"https:\/\/jornalboasnoticias.com.br\/home\/ministro-da-agu-articula-culto-com-evangelicos-para-agradecer-recuperacao-de-lula-apos-acidente-domestico\/"},"wordCount":261,"commentCount":0,"publisher":{"@id":"https:\/\/jornalboasnoticias.com.br\/home\/#organization"},"image":{"@id":"https:\/\/jornalboasnoticias.com.br\/home\/ministro-da-agu-articula-culto-com-evangelicos-para-agradecer-recuperacao-de-lula-apos-acidente-domestico\/#primaryimage"},"thumbnailUrl":"https:\/\/jornalboasnoticias.com.br\/home\/wp-content\/uploads\/2025\/01\/jorge_messias.webp","keywords":["Culto","lula","Messias"],"articleSection":["DESTAQUE","POL\u00cdTICA"],"inLanguage":"pt-BR","potentialAction":[{"@type":"CommentAction","name":"Comment","target":["https:\/\/jornalboasnoticias.com.br\/home\/ministro-da-agu-articula-culto-com-evangelicos-para-agradecer-recuperacao-de-lula-apos-acidente-domestico\/#respond"]}]},{"@type":"WebPage","@id":"https:\/\/jornalboasnoticias.com.br\/home\/ministro-da-agu-articula-culto-com-evangelicos-para-agradecer-recuperacao-de-lula-apos-acidente-domestico\/","url":"https:\/\/jornalboasnoticias.com.br\/home\/ministro-da-agu-articula-culto-com-evangelicos-para-agradecer-recuperacao-de-lula-apos-acidente-domestico\/","name":"Ministro da AGU articula culto com evang\u00e9licos para agradecer recupera\u00e7\u00e3o de Lula ap\u00f3s acidente dom\u00e9stico - Jornal","isPartOf":{"@id":"https:\/\/jornalboasnoticias.com.br\/home\/#website"},"primaryImageOfPage":{"@id":"https:\/\/jornalboasnoticias.com.br\/home\/ministro-da-agu-articula-culto-com-evangelicos-para-agradecer-recuperacao-de-lula-apos-acidente-domestico\/#primaryimage"},"image":{"@id":"https:\/\/jornalboasnoticias.com.br\/home\/ministro-da-agu-articula-culto-com-evangelicos-para-agradecer-recuperacao-de-lula-apos-acidente-domestico\/#primaryimage"},"thumbnailUrl":"https:\/\/jornalboasnoticias.com.br\/home\/wp-content\/uploads\/2025\/01\/jorge_messias.webp","datePublished":"2025-01-29T14:20:24+00:00","description":"Ministro da AGU articula culto com evang\u00e9licos para agradecer recupera\u00e7\u00e3o de Lula ap\u00f3s acidente dom\u00e9stico","breadcrumb":{"@id":"https:\/\/jornalboasnoticias.com.br\/home\/ministro-da-agu-articula-culto-com-evangelicos-para-agradecer-recuperacao-de-lula-apos-acidente-domestico\/#breadcrumb"},"inLanguage":"pt-BR","potentialAction":[{"@type":"ReadAction","target":["https:\/\/jornalboasnoticias.com.br\/home\/ministro-da-agu-articula-culto-com-evangelicos-para-agradecer-recuperacao-de-lula-apos-acidente-domestico\/"]}]},{"@type":"ImageObject","inLanguage":"pt-BR","@id":"https:\/\/jornalboasnoticias.com.br\/home\/ministro-da-agu-articula-culto-com-evangelicos-para-agradecer-recuperacao-de-lula-apos-acidente-domestico\/#primaryimage","url":"https:\/\/jornalboasnoticias.com.br\/home\/wp-content\/uploads\/2025\/01\/jorge_messias.webp","contentUrl":"https:\/\/jornalboasnoticias.com.br\/home\/wp-content\/uploads\/2025\/01\/jorge_messias.webp","width":1170,"height":700},{"@type":"BreadcrumbList","@id":"https:\/\/jornalboasnoticias.com.br\/home\/ministro-da-agu-articula-culto-com-evangelicos-para-agradecer-recuperacao-de-lula-apos-acidente-domestico\/#breadcrumb","itemListElement":[{"@type":"ListItem","position":1,"name":"In\u00edcio","item":"https:\/\/jornalboasnoticias.com.br\/home\/"},{"@type":"ListItem","position":2,"name":"Ministro da AGU articula culto com evang\u00e9licos para agradecer recupera\u00e7\u00e3o de Lula ap\u00f3s acidente dom\u00e9stico"}]},{"@type":"WebSite","@id":"https:\/\/jornalboasnoticias.com.br\/home\/#website","url":"https:\/\/jornalboasnoticias.com.br\/home\/","name":"Jornal Boas Not\u00edcias","description":"Boas not\u00edcias","publisher":{"@id":"https:\/\/jornalboasnoticias.com.br\/home\/#organization"},"potentialAction":[{"@type":"SearchAction","target":{"@type":"EntryPoint","urlTemplate":"https:\/\/jornalboasnoticias.com.br\/home\/?s={search_term_string}"},"query-input":{"@type":"PropertyValueSpecification","valueRequired":true,"valueName":"search_term_string"}}],"inLanguage":"pt-BR"},{"@type":"Organization","@id":"https:\/\/jornalboasnoticias.com.br\/home\/#organization","name":"Coq Editora Ltda","alternateName":"Jornal Boas Noticias","url":"https:\/\/jornalboasnoticias.com.br\/home\/","logo":{"@type":"ImageObject","inLanguage":"pt-BR","@id":"https:\/\/jornalboasnoticias.com.br\/home\/#\/schema\/logo\/image\/","url":"https:\/\/jornalboasnoticias.com.br\/home\/wp-content\/uploads\/2024\/07\/cropped-logo.jpg","contentUrl":"https:\/\/jornalboasnoticias.com.br\/home\/wp-content\/uploads\/2024\/07\/cropped-logo.jpg","width":290,"height":142,"caption":"Coq Editora Ltda"},"image":{"@id":"https:\/\/jornalboasnoticias.com.br\/home\/#\/schema\/logo\/image\/"},"sameAs":["https:\/\/www.facebook.com\/boasnoticiasjornal"]},{"@type":"Person","@id":"https:\/\/jornalboasnoticias.com.br\/home\/#\/schema\/person\/75f9ebde398c998c166475fb446bda62","name":"Luiz Carlos da Cruz","image":{"@type":"ImageObject","inLanguage":"pt-BR","@id":"https:\/\/secure.gravatar.com\/avatar\/e6f4f45301b6cb8572f7b076572e8ac11c1db80e805d8c8d0858cf286ce3ac3b?s=96&d=mm&r=g","url":"https:\/\/secure.gravatar.com\/avatar\/e6f4f45301b6cb8572f7b076572e8ac11c1db80e805d8c8d0858cf286ce3ac3b?s=96&d=mm&r=g","contentUrl":"https:\/\/secure.gravatar.com\/avatar\/e6f4f45301b6cb8572f7b076572e8ac11c1db80e805d8c8d0858cf286ce3ac3b?s=96&d=mm&r=g","caption":"Luiz Carlos da Cruz"},"url":"https:\/\/jornalboasnoticias.com.br\/home\/author\/luiz-carlos-da-cruz\/"}]}},"_links":{"self":[{"href":"https:\/\/jornalboasnoticias.com.br\/home\/wp-json\/wp\/v2\/posts\/46178","targetHints":{"allow":["GET"]}}],"collection":[{"href":"https:\/\/jornalboasnoticias.com.br\/home\/wp-json\/wp\/v2\/posts"}],"about":[{"href":"https:\/\/jornalboasnoticias.com.br\/home\/wp-json\/wp\/v2\/types\/post"}],"author":[{"embeddable":true,"href":"https:\/\/jornalboasnoticias.com.br\/home\/wp-json\/wp\/v2\/users\/3"}],"replies":[{"embeddable":true,"href":"https:\/\/jornalboasnoticias.com.br\/home\/wp-json\/wp\/v2\/comments?post=46178"}],"version-history":[{"count":1,"href":"https:\/\/jornalboasnoticias.com.br\/home\/wp-json\/wp\/v2\/posts\/46178\/revisions"}],"predecessor-version":[{"id":46180,"href":"https:\/\/jornalboasnoticias.com.br\/home\/wp-json\/wp\/v2\/posts\/46178\/revisions\/46180"}],"wp:attachment":[{"href":"https:\/\/jornalboasnoticias.com.br\/home\/wp-json\/wp\/v2\/media?parent=46178"}],"wp:term":[{"taxonomy":"category","embeddable":true,"href":"https:\/\/jornalboasnoticias.com.br\/home\/wp-json\/wp\/v2\/categories?post=46178"},{"taxonomy":"post_tag","embeddable":true,"href":"https:\/\/jornalboasnoticias.com.br\/home\/wp-json\/wp\/v2\/tags?post=46178"}],"curies":[{"name":"wp","href":"https:\/\/api.w.org\/{rel}","templated":true}]}}