{"id":46175,"date":"2025-01-29T14:14:01","date_gmt":"2025-01-29T14:14:01","guid":{"rendered":"https:\/\/jornalboasnoticias.com.br\/home\/?p=46175"},"modified":"2025-01-29T14:14:01","modified_gmt":"2025-01-29T14:14:01","slug":"br-277-tera-operacao-pare-e-siga-em-foz-do-iguacu-neste-final-de-semana","status":"publish","type":"post","link":"https:\/\/jornalboasnoticias.com.br\/home\/br-277-tera-operacao-pare-e-siga-em-foz-do-iguacu-neste-final-de-semana\/","title":{"rendered":"BR-277 ter\u00e1 opera\u00e7\u00e3o pare-e-siga em Foz do Igua\u00e7u neste final de semana"},"content":{"rendered":"<p style=\"text-align: center;\"><strong><em>Tr\u00e1fego ser\u00e1 interditado para lan\u00e7amento de vigas em obra de viaduto. Sistema ter\u00e1 intervalos de 1h30min. Opera\u00e7\u00f5es ser\u00e3o realizadas \u00e0 noite e madrugada para minimizar impacto aos usu\u00e1rios<\/em><\/strong><\/p>\n<p><img loading=\"lazy\" decoding=\"async\" class=\"alignnone size-full wp-image-46176\" src=\"https:\/\/jornalboasnoticias.com.br\/home\/wp-content\/uploads\/2025\/01\/2.jpg\" alt=\"\" width=\"985\" height=\"657\" srcset=\"https:\/\/jornalboasnoticias.com.br\/home\/wp-content\/uploads\/2025\/01\/2.jpg 985w, https:\/\/jornalboasnoticias.com.br\/home\/wp-content\/uploads\/2025\/01\/2-300x200.jpg 300w, https:\/\/jornalboasnoticias.com.br\/home\/wp-content\/uploads\/2025\/01\/2-768x512.jpg 768w, https:\/\/jornalboasnoticias.com.br\/home\/wp-content\/uploads\/2025\/01\/2-900x600.jpg 900w\" sizes=\"auto, (max-width: 985px) 100vw, 985px\" \/><\/p>\n<p>O Departamento de Estradas de Rodagem do Paran\u00e1 (DER\/PR) informa que a BR-277 em Foz do Igua\u00e7u, na regi\u00e3o Oeste, ser\u00e1 interditada para lan\u00e7amento de vigas de novo viaduto na altura do km 722, nesta sexta-feira (31), s\u00e1bado (1\u00ba) e domingo (2).<\/p>\n<p>Durante as opera\u00e7\u00f5es, que come\u00e7am \u00e0 noite e v\u00e3o at\u00e9 o final da madrugada do dia seguinte, os ve\u00edculos v\u00e3o trafegar pela rodovia em opera\u00e7\u00e3o pare-e-siga, com interrup\u00e7\u00e3o total do tr\u00e1fego em intervalos de 1 hora e 30 minutos de cada vez.<\/p>\n<p>As vias marginais da rodovia, a Avenida Ol\u00edmpio Rafagnin e a Rua S\u00e9rgio Gasparetto, ficar\u00e3o totalmente bloqueadas durante este per\u00edodo, sem opera\u00e7\u00e3o pare-e-siga.<\/p>\n<p>Condutores devem seguir com cautela e aten\u00e7\u00e3o redobrada durante este per\u00edodo de obras, obedecendo a sinaliza\u00e7\u00e3o e orienta\u00e7\u00f5es dos trabalhadores no local.<\/p>\n<p>Ser\u00e3o lan\u00e7adas por guindaste 12 vigas longarinas sobre os pilares do viaduto. Oito delas tem 30 metros de comprimento e pesam 59,8 toneladas, e quatro tem 33 metros e 65 toneladas. A estrutura \u00e9 parte da obra de implanta\u00e7\u00e3o da Perimetral Leste de Foz do Igua\u00e7u, permitindo o acesso com seguran\u00e7a \u00e0 futura rodovia de liga\u00e7\u00e3o com a Ponte da Integra\u00e7\u00e3o Brasil\u2013Paraguai.<\/p>\n<p><strong>PROGRAMA\u00c7\u00c3O DO PARE-E-SIGA<\/strong><\/p>\n<p>31\/01\/25 \u2013 das 21h at\u00e9 as 06h da manh\u00e3 do dia seguinte<\/p>\n<p>01\/02\/25 \u2013 das 20h at\u00e9 as 06h da manh\u00e3 do dia seguinte<\/p>\n<p>02\/02\/25 \u2013 das 20h at\u00e9 as 06h da manh\u00e3 do dia seguinte<\/p>\n<p><strong>AEN<\/strong><\/p>\n","protected":false},"excerpt":{"rendered":"<p>Tr\u00e1fego ser\u00e1 interditado para lan\u00e7amento de vigas em obra de viaduto. Sistema ter\u00e1 intervalos de<\/p>\n","protected":false},"author":3,"featured_media":46176,"comment_status":"open","ping_status":"open","sticky":false,"template":"","format":"standard","meta":{"footnotes":""},"categories":[4],"tags":[125],"class_list":["post-46175","post","type-post","status-publish","format-standard","has-post-thumbnail","hentry","category-parana","tag-foz-do-iguacu"],"yoast_head":"<!-- This site is optimized with the Yoast SEO plugin v27.5 - https:\/\/yoast.com\/product\/yoast-seo-wordpress\/ -->\n<title>BR-277 ter\u00e1 opera\u00e7\u00e3o pare-e-siga em Foz do Igua\u00e7u neste final de semana - Jornal<\/title>\n<meta name=\"description\" content=\"BR-277 ter\u00e1 opera\u00e7\u00e3o pare-e-siga em Foz do Igua\u00e7u neste final de semana\" \/>\n<meta name=\"robots\" content=\"index, follow, max-snippet:-1, max-image-preview:large, max-video-preview:-1\" \/>\n<link rel=\"canonical\" href=\"https:\/\/jornalboasnoticias.com.br\/home\/br-277-tera-operacao-pare-e-siga-em-foz-do-iguacu-neste-final-de-semana\/\" \/>\n<meta property=\"og:locale\" content=\"pt_BR\" \/>\n<meta property=\"og:type\" content=\"article\" \/>\n<meta property=\"og:title\" content=\"BR-277 ter\u00e1 opera\u00e7\u00e3o pare-e-siga em Foz do Igua\u00e7u neste final de semana - Jornal\" \/>\n<meta property=\"og:description\" content=\"BR-277 ter\u00e1 opera\u00e7\u00e3o pare-e-siga em Foz do Igua\u00e7u neste final de semana\" \/>\n<meta property=\"og:url\" content=\"https:\/\/jornalboasnoticias.com.br\/home\/br-277-tera-operacao-pare-e-siga-em-foz-do-iguacu-neste-final-de-semana\/\" \/>\n<meta property=\"og:site_name\" content=\"Jornal\" \/>\n<meta property=\"article:publisher\" content=\"https:\/\/www.facebook.com\/boasnoticiasjornal\" \/>\n<meta property=\"article:published_time\" content=\"2025-01-29T14:14:01+00:00\" \/>\n<meta property=\"og:image\" content=\"https:\/\/jornalboasnoticias.com.br\/home\/wp-content\/uploads\/2025\/01\/2.jpg\" \/>\n\t<meta property=\"og:image:width\" content=\"985\" \/>\n\t<meta property=\"og:image:height\" content=\"657\" \/>\n\t<meta property=\"og:image:type\" content=\"image\/jpeg\" \/>\n<meta name=\"author\" content=\"Luiz Carlos da Cruz\" \/>\n<meta name=\"twitter:card\" content=\"summary_large_image\" \/>\n<meta name=\"twitter:label1\" content=\"Escrito por\" \/>\n\t<meta name=\"twitter:data1\" content=\"Luiz Carlos da Cruz\" \/>\n\t<meta name=\"twitter:label2\" content=\"Est. tempo de leitura\" \/>\n\t<meta name=\"twitter:data2\" content=\"2 minutos\" \/>\n<script type=\"application\/ld+json\" class=\"yoast-schema-graph\">{\"@context\":\"https:\\\/\\\/schema.org\",\"@graph\":[{\"@type\":\"Article\",\"@id\":\"https:\\\/\\\/jornalboasnoticias.com.br\\\/home\\\/br-277-tera-operacao-pare-e-siga-em-foz-do-iguacu-neste-final-de-semana\\\/#article\",\"isPartOf\":{\"@id\":\"https:\\\/\\\/jornalboasnoticias.com.br\\\/home\\\/br-277-tera-operacao-pare-e-siga-em-foz-do-iguacu-neste-final-de-semana\\\/\"},\"author\":{\"name\":\"Luiz Carlos da Cruz\",\"@id\":\"https:\\\/\\\/jornalboasnoticias.com.br\\\/home\\\/#\\\/schema\\\/person\\\/75f9ebde398c998c166475fb446bda62\"},\"headline\":\"BR-277 ter\u00e1 opera\u00e7\u00e3o pare-e-siga em Foz do Igua\u00e7u neste final de semana\",\"datePublished\":\"2025-01-29T14:14:01+00:00\",\"mainEntityOfPage\":{\"@id\":\"https:\\\/\\\/jornalboasnoticias.com.br\\\/home\\\/br-277-tera-operacao-pare-e-siga-em-foz-do-iguacu-neste-final-de-semana\\\/\"},\"wordCount\":289,\"commentCount\":0,\"publisher\":{\"@id\":\"https:\\\/\\\/jornalboasnoticias.com.br\\\/home\\\/#organization\"},\"image\":{\"@id\":\"https:\\\/\\\/jornalboasnoticias.com.br\\\/home\\\/br-277-tera-operacao-pare-e-siga-em-foz-do-iguacu-neste-final-de-semana\\\/#primaryimage\"},\"thumbnailUrl\":\"https:\\\/\\\/jornalboasnoticias.com.br\\\/home\\\/wp-content\\\/uploads\\\/2025\\\/01\\\/2.jpg\",\"keywords\":[\"Foz do Igua\u00e7u\"],\"articleSection\":[\"PARAN\u00c1\"],\"inLanguage\":\"pt-BR\",\"potentialAction\":[{\"@type\":\"CommentAction\",\"name\":\"Comment\",\"target\":[\"https:\\\/\\\/jornalboasnoticias.com.br\\\/home\\\/br-277-tera-operacao-pare-e-siga-em-foz-do-iguacu-neste-final-de-semana\\\/#respond\"]}]},{\"@type\":\"WebPage\",\"@id\":\"https:\\\/\\\/jornalboasnoticias.com.br\\\/home\\\/br-277-tera-operacao-pare-e-siga-em-foz-do-iguacu-neste-final-de-semana\\\/\",\"url\":\"https:\\\/\\\/jornalboasnoticias.com.br\\\/home\\\/br-277-tera-operacao-pare-e-siga-em-foz-do-iguacu-neste-final-de-semana\\\/\",\"name\":\"BR-277 ter\u00e1 opera\u00e7\u00e3o pare-e-siga em Foz do Igua\u00e7u neste final de semana - Jornal\",\"isPartOf\":{\"@id\":\"https:\\\/\\\/jornalboasnoticias.com.br\\\/home\\\/#website\"},\"primaryImageOfPage\":{\"@id\":\"https:\\\/\\\/jornalboasnoticias.com.br\\\/home\\\/br-277-tera-operacao-pare-e-siga-em-foz-do-iguacu-neste-final-de-semana\\\/#primaryimage\"},\"image\":{\"@id\":\"https:\\\/\\\/jornalboasnoticias.com.br\\\/home\\\/br-277-tera-operacao-pare-e-siga-em-foz-do-iguacu-neste-final-de-semana\\\/#primaryimage\"},\"thumbnailUrl\":\"https:\\\/\\\/jornalboasnoticias.com.br\\\/home\\\/wp-content\\\/uploads\\\/2025\\\/01\\\/2.jpg\",\"datePublished\":\"2025-01-29T14:14:01+00:00\",\"description\":\"BR-277 ter\u00e1 opera\u00e7\u00e3o pare-e-siga em Foz do Igua\u00e7u neste final de semana\",\"breadcrumb\":{\"@id\":\"https:\\\/\\\/jornalboasnoticias.com.br\\\/home\\\/br-277-tera-operacao-pare-e-siga-em-foz-do-iguacu-neste-final-de-semana\\\/#breadcrumb\"},\"inLanguage\":\"pt-BR\",\"potentialAction\":[{\"@type\":\"ReadAction\",\"target\":[\"https:\\\/\\\/jornalboasnoticias.com.br\\\/home\\\/br-277-tera-operacao-pare-e-siga-em-foz-do-iguacu-neste-final-de-semana\\\/\"]}]},{\"@type\":\"ImageObject\",\"inLanguage\":\"pt-BR\",\"@id\":\"https:\\\/\\\/jornalboasnoticias.com.br\\\/home\\\/br-277-tera-operacao-pare-e-siga-em-foz-do-iguacu-neste-final-de-semana\\\/#primaryimage\",\"url\":\"https:\\\/\\\/jornalboasnoticias.com.br\\\/home\\\/wp-content\\\/uploads\\\/2025\\\/01\\\/2.jpg\",\"contentUrl\":\"https:\\\/\\\/jornalboasnoticias.com.br\\\/home\\\/wp-content\\\/uploads\\\/2025\\\/01\\\/2.jpg\",\"width\":985,\"height\":657},{\"@type\":\"BreadcrumbList\",\"@id\":\"https:\\\/\\\/jornalboasnoticias.com.br\\\/home\\\/br-277-tera-operacao-pare-e-siga-em-foz-do-iguacu-neste-final-de-semana\\\/#breadcrumb\",\"itemListElement\":[{\"@type\":\"ListItem\",\"position\":1,\"name\":\"In\u00edcio\",\"item\":\"https:\\\/\\\/jornalboasnoticias.com.br\\\/home\\\/\"},{\"@type\":\"ListItem\",\"position\":2,\"name\":\"BR-277 ter\u00e1 opera\u00e7\u00e3o pare-e-siga em Foz do Igua\u00e7u neste final de semana\"}]},{\"@type\":\"WebSite\",\"@id\":\"https:\\\/\\\/jornalboasnoticias.com.br\\\/home\\\/#website\",\"url\":\"https:\\\/\\\/jornalboasnoticias.com.br\\\/home\\\/\",\"name\":\"Jornal Boas Not\u00edcias\",\"description\":\"Boas not\u00edcias\",\"publisher\":{\"@id\":\"https:\\\/\\\/jornalboasnoticias.com.br\\\/home\\\/#organization\"},\"potentialAction\":[{\"@type\":\"SearchAction\",\"target\":{\"@type\":\"EntryPoint\",\"urlTemplate\":\"https:\\\/\\\/jornalboasnoticias.com.br\\\/home\\\/?s={search_term_string}\"},\"query-input\":{\"@type\":\"PropertyValueSpecification\",\"valueRequired\":true,\"valueName\":\"search_term_string\"}}],\"inLanguage\":\"pt-BR\"},{\"@type\":\"Organization\",\"@id\":\"https:\\\/\\\/jornalboasnoticias.com.br\\\/home\\\/#organization\",\"name\":\"Coq Editora Ltda\",\"alternateName\":\"Jornal Boas Noticias\",\"url\":\"https:\\\/\\\/jornalboasnoticias.com.br\\\/home\\\/\",\"logo\":{\"@type\":\"ImageObject\",\"inLanguage\":\"pt-BR\",\"@id\":\"https:\\\/\\\/jornalboasnoticias.com.br\\\/home\\\/#\\\/schema\\\/logo\\\/image\\\/\",\"url\":\"https:\\\/\\\/jornalboasnoticias.com.br\\\/home\\\/wp-content\\\/uploads\\\/2024\\\/07\\\/cropped-logo.jpg\",\"contentUrl\":\"https:\\\/\\\/jornalboasnoticias.com.br\\\/home\\\/wp-content\\\/uploads\\\/2024\\\/07\\\/cropped-logo.jpg\",\"width\":290,\"height\":142,\"caption\":\"Coq Editora Ltda\"},\"image\":{\"@id\":\"https:\\\/\\\/jornalboasnoticias.com.br\\\/home\\\/#\\\/schema\\\/logo\\\/image\\\/\"},\"sameAs\":[\"https:\\\/\\\/www.facebook.com\\\/boasnoticiasjornal\"]},{\"@type\":\"Person\",\"@id\":\"https:\\\/\\\/jornalboasnoticias.com.br\\\/home\\\/#\\\/schema\\\/person\\\/75f9ebde398c998c166475fb446bda62\",\"name\":\"Luiz Carlos da Cruz\",\"image\":{\"@type\":\"ImageObject\",\"inLanguage\":\"pt-BR\",\"@id\":\"https:\\\/\\\/secure.gravatar.com\\\/avatar\\\/e6f4f45301b6cb8572f7b076572e8ac11c1db80e805d8c8d0858cf286ce3ac3b?s=96&d=mm&r=g\",\"url\":\"https:\\\/\\\/secure.gravatar.com\\\/avatar\\\/e6f4f45301b6cb8572f7b076572e8ac11c1db80e805d8c8d0858cf286ce3ac3b?s=96&d=mm&r=g\",\"contentUrl\":\"https:\\\/\\\/secure.gravatar.com\\\/avatar\\\/e6f4f45301b6cb8572f7b076572e8ac11c1db80e805d8c8d0858cf286ce3ac3b?s=96&d=mm&r=g\",\"caption\":\"Luiz Carlos da Cruz\"},\"url\":\"https:\\\/\\\/jornalboasnoticias.com.br\\\/home\\\/author\\\/luiz-carlos-da-cruz\\\/\"}]}<\/script>\n<!-- \/ Yoast SEO plugin. -->","yoast_head_json":{"title":"BR-277 ter\u00e1 opera\u00e7\u00e3o pare-e-siga em Foz do Igua\u00e7u neste final de semana - Jornal","description":"BR-277 ter\u00e1 opera\u00e7\u00e3o pare-e-siga em Foz do Igua\u00e7u neste final de semana","robots":{"index":"index","follow":"follow","max-snippet":"max-snippet:-1","max-image-preview":"max-image-preview:large","max-video-preview":"max-video-preview:-1"},"canonical":"https:\/\/jornalboasnoticias.com.br\/home\/br-277-tera-operacao-pare-e-siga-em-foz-do-iguacu-neste-final-de-semana\/","og_locale":"pt_BR","og_type":"article","og_title":"BR-277 ter\u00e1 opera\u00e7\u00e3o pare-e-siga em Foz do Igua\u00e7u neste final de semana - Jornal","og_description":"BR-277 ter\u00e1 opera\u00e7\u00e3o pare-e-siga em Foz do Igua\u00e7u neste final de semana","og_url":"https:\/\/jornalboasnoticias.com.br\/home\/br-277-tera-operacao-pare-e-siga-em-foz-do-iguacu-neste-final-de-semana\/","og_site_name":"Jornal","article_publisher":"https:\/\/www.facebook.com\/boasnoticiasjornal","article_published_time":"2025-01-29T14:14:01+00:00","og_image":[{"width":985,"height":657,"url":"https:\/\/jornalboasnoticias.com.br\/home\/wp-content\/uploads\/2025\/01\/2.jpg","type":"image\/jpeg"}],"author":"Luiz Carlos da Cruz","twitter_card":"summary_large_image","twitter_misc":{"Escrito por":"Luiz Carlos da Cruz","Est. tempo de leitura":"2 minutos"},"schema":{"@context":"https:\/\/schema.org","@graph":[{"@type":"Article","@id":"https:\/\/jornalboasnoticias.com.br\/home\/br-277-tera-operacao-pare-e-siga-em-foz-do-iguacu-neste-final-de-semana\/#article","isPartOf":{"@id":"https:\/\/jornalboasnoticias.com.br\/home\/br-277-tera-operacao-pare-e-siga-em-foz-do-iguacu-neste-final-de-semana\/"},"author":{"name":"Luiz Carlos da Cruz","@id":"https:\/\/jornalboasnoticias.com.br\/home\/#\/schema\/person\/75f9ebde398c998c166475fb446bda62"},"headline":"BR-277 ter\u00e1 opera\u00e7\u00e3o pare-e-siga em Foz do Igua\u00e7u neste final de semana","datePublished":"2025-01-29T14:14:01+00:00","mainEntityOfPage":{"@id":"https:\/\/jornalboasnoticias.com.br\/home\/br-277-tera-operacao-pare-e-siga-em-foz-do-iguacu-neste-final-de-semana\/"},"wordCount":289,"commentCount":0,"publisher":{"@id":"https:\/\/jornalboasnoticias.com.br\/home\/#organization"},"image":{"@id":"https:\/\/jornalboasnoticias.com.br\/home\/br-277-tera-operacao-pare-e-siga-em-foz-do-iguacu-neste-final-de-semana\/#primaryimage"},"thumbnailUrl":"https:\/\/jornalboasnoticias.com.br\/home\/wp-content\/uploads\/2025\/01\/2.jpg","keywords":["Foz do Igua\u00e7u"],"articleSection":["PARAN\u00c1"],"inLanguage":"pt-BR","potentialAction":[{"@type":"CommentAction","name":"Comment","target":["https:\/\/jornalboasnoticias.com.br\/home\/br-277-tera-operacao-pare-e-siga-em-foz-do-iguacu-neste-final-de-semana\/#respond"]}]},{"@type":"WebPage","@id":"https:\/\/jornalboasnoticias.com.br\/home\/br-277-tera-operacao-pare-e-siga-em-foz-do-iguacu-neste-final-de-semana\/","url":"https:\/\/jornalboasnoticias.com.br\/home\/br-277-tera-operacao-pare-e-siga-em-foz-do-iguacu-neste-final-de-semana\/","name":"BR-277 ter\u00e1 opera\u00e7\u00e3o pare-e-siga em Foz do Igua\u00e7u neste final de semana - Jornal","isPartOf":{"@id":"https:\/\/jornalboasnoticias.com.br\/home\/#website"},"primaryImageOfPage":{"@id":"https:\/\/jornalboasnoticias.com.br\/home\/br-277-tera-operacao-pare-e-siga-em-foz-do-iguacu-neste-final-de-semana\/#primaryimage"},"image":{"@id":"https:\/\/jornalboasnoticias.com.br\/home\/br-277-tera-operacao-pare-e-siga-em-foz-do-iguacu-neste-final-de-semana\/#primaryimage"},"thumbnailUrl":"https:\/\/jornalboasnoticias.com.br\/home\/wp-content\/uploads\/2025\/01\/2.jpg","datePublished":"2025-01-29T14:14:01+00:00","description":"BR-277 ter\u00e1 opera\u00e7\u00e3o pare-e-siga em Foz do Igua\u00e7u neste final de semana","breadcrumb":{"@id":"https:\/\/jornalboasnoticias.com.br\/home\/br-277-tera-operacao-pare-e-siga-em-foz-do-iguacu-neste-final-de-semana\/#breadcrumb"},"inLanguage":"pt-BR","potentialAction":[{"@type":"ReadAction","target":["https:\/\/jornalboasnoticias.com.br\/home\/br-277-tera-operacao-pare-e-siga-em-foz-do-iguacu-neste-final-de-semana\/"]}]},{"@type":"ImageObject","inLanguage":"pt-BR","@id":"https:\/\/jornalboasnoticias.com.br\/home\/br-277-tera-operacao-pare-e-siga-em-foz-do-iguacu-neste-final-de-semana\/#primaryimage","url":"https:\/\/jornalboasnoticias.com.br\/home\/wp-content\/uploads\/2025\/01\/2.jpg","contentUrl":"https:\/\/jornalboasnoticias.com.br\/home\/wp-content\/uploads\/2025\/01\/2.jpg","width":985,"height":657},{"@type":"BreadcrumbList","@id":"https:\/\/jornalboasnoticias.com.br\/home\/br-277-tera-operacao-pare-e-siga-em-foz-do-iguacu-neste-final-de-semana\/#breadcrumb","itemListElement":[{"@type":"ListItem","position":1,"name":"In\u00edcio","item":"https:\/\/jornalboasnoticias.com.br\/home\/"},{"@type":"ListItem","position":2,"name":"BR-277 ter\u00e1 opera\u00e7\u00e3o pare-e-siga em Foz do Igua\u00e7u neste final de semana"}]},{"@type":"WebSite","@id":"https:\/\/jornalboasnoticias.com.br\/home\/#website","url":"https:\/\/jornalboasnoticias.com.br\/home\/","name":"Jornal Boas Not\u00edcias","description":"Boas not\u00edcias","publisher":{"@id":"https:\/\/jornalboasnoticias.com.br\/home\/#organization"},"potentialAction":[{"@type":"SearchAction","target":{"@type":"EntryPoint","urlTemplate":"https:\/\/jornalboasnoticias.com.br\/home\/?s={search_term_string}"},"query-input":{"@type":"PropertyValueSpecification","valueRequired":true,"valueName":"search_term_string"}}],"inLanguage":"pt-BR"},{"@type":"Organization","@id":"https:\/\/jornalboasnoticias.com.br\/home\/#organization","name":"Coq Editora Ltda","alternateName":"Jornal Boas Noticias","url":"https:\/\/jornalboasnoticias.com.br\/home\/","logo":{"@type":"ImageObject","inLanguage":"pt-BR","@id":"https:\/\/jornalboasnoticias.com.br\/home\/#\/schema\/logo\/image\/","url":"https:\/\/jornalboasnoticias.com.br\/home\/wp-content\/uploads\/2024\/07\/cropped-logo.jpg","contentUrl":"https:\/\/jornalboasnoticias.com.br\/home\/wp-content\/uploads\/2024\/07\/cropped-logo.jpg","width":290,"height":142,"caption":"Coq Editora Ltda"},"image":{"@id":"https:\/\/jornalboasnoticias.com.br\/home\/#\/schema\/logo\/image\/"},"sameAs":["https:\/\/www.facebook.com\/boasnoticiasjornal"]},{"@type":"Person","@id":"https:\/\/jornalboasnoticias.com.br\/home\/#\/schema\/person\/75f9ebde398c998c166475fb446bda62","name":"Luiz Carlos da Cruz","image":{"@type":"ImageObject","inLanguage":"pt-BR","@id":"https:\/\/secure.gravatar.com\/avatar\/e6f4f45301b6cb8572f7b076572e8ac11c1db80e805d8c8d0858cf286ce3ac3b?s=96&d=mm&r=g","url":"https:\/\/secure.gravatar.com\/avatar\/e6f4f45301b6cb8572f7b076572e8ac11c1db80e805d8c8d0858cf286ce3ac3b?s=96&d=mm&r=g","contentUrl":"https:\/\/secure.gravatar.com\/avatar\/e6f4f45301b6cb8572f7b076572e8ac11c1db80e805d8c8d0858cf286ce3ac3b?s=96&d=mm&r=g","caption":"Luiz Carlos da Cruz"},"url":"https:\/\/jornalboasnoticias.com.br\/home\/author\/luiz-carlos-da-cruz\/"}]}},"_links":{"self":[{"href":"https:\/\/jornalboasnoticias.com.br\/home\/wp-json\/wp\/v2\/posts\/46175","targetHints":{"allow":["GET"]}}],"collection":[{"href":"https:\/\/jornalboasnoticias.com.br\/home\/wp-json\/wp\/v2\/posts"}],"about":[{"href":"https:\/\/jornalboasnoticias.com.br\/home\/wp-json\/wp\/v2\/types\/post"}],"author":[{"embeddable":true,"href":"https:\/\/jornalboasnoticias.com.br\/home\/wp-json\/wp\/v2\/users\/3"}],"replies":[{"embeddable":true,"href":"https:\/\/jornalboasnoticias.com.br\/home\/wp-json\/wp\/v2\/comments?post=46175"}],"version-history":[{"count":1,"href":"https:\/\/jornalboasnoticias.com.br\/home\/wp-json\/wp\/v2\/posts\/46175\/revisions"}],"predecessor-version":[{"id":46177,"href":"https:\/\/jornalboasnoticias.com.br\/home\/wp-json\/wp\/v2\/posts\/46175\/revisions\/46177"}],"wp:featuredmedia":[{"embeddable":true,"href":"https:\/\/jornalboasnoticias.com.br\/home\/wp-json\/wp\/v2\/media\/46176"}],"wp:attachment":[{"href":"https:\/\/jornalboasnoticias.com.br\/home\/wp-json\/wp\/v2\/media?parent=46175"}],"wp:term":[{"taxonomy":"category","embeddable":true,"href":"https:\/\/jornalboasnoticias.com.br\/home\/wp-json\/wp\/v2\/categories?post=46175"},{"taxonomy":"post_tag","embeddable":true,"href":"https:\/\/jornalboasnoticias.com.br\/home\/wp-json\/wp\/v2\/tags?post=46175"}],"curies":[{"name":"wp","href":"https:\/\/api.w.org\/{rel}","templated":true}]}}