{"id":46166,"date":"2025-01-28T16:01:35","date_gmt":"2025-01-28T16:01:35","guid":{"rendered":"https:\/\/jornalboasnoticias.com.br\/home\/?p=46166"},"modified":"2025-01-28T16:01:35","modified_gmt":"2025-01-28T16:01:35","slug":"uma-a-cada-tres-criancas-tem-perfil-aberto-em-redes-alerta-pesquisa","status":"publish","type":"post","link":"https:\/\/jornalboasnoticias.com.br\/home\/uma-a-cada-tres-criancas-tem-perfil-aberto-em-redes-alerta-pesquisa\/","title":{"rendered":"Uma a cada tr\u00eas crian\u00e7as tem perfil aberto em redes, alerta pesquisa"},"content":{"rendered":"<p style=\"text-align: center;\"><em><strong>Dados foram divulgados nesta ter\u00e7a pela Unico e Instituto Locomotiva<\/strong><\/em><\/p>\n<figure id=\"attachment_46167\" aria-describedby=\"caption-attachment-46167\" style=\"width: 1170px\" class=\"wp-caption alignnone\"><img loading=\"lazy\" decoding=\"async\" class=\"size-full wp-image-46167\" src=\"https:\/\/jornalboasnoticias.com.br\/home\/wp-content\/uploads\/2025\/01\/redes-sociais-criancas.webp\" alt=\"\" width=\"1170\" height=\"700\" srcset=\"https:\/\/jornalboasnoticias.com.br\/home\/wp-content\/uploads\/2025\/01\/redes-sociais-criancas.webp 1170w, https:\/\/jornalboasnoticias.com.br\/home\/wp-content\/uploads\/2025\/01\/redes-sociais-criancas-300x179.webp 300w, https:\/\/jornalboasnoticias.com.br\/home\/wp-content\/uploads\/2025\/01\/redes-sociais-criancas-1024x613.webp 1024w, https:\/\/jornalboasnoticias.com.br\/home\/wp-content\/uploads\/2025\/01\/redes-sociais-criancas-768x459.webp 768w\" sizes=\"auto, (max-width: 1170px) 100vw, 1170px\" \/><figcaption id=\"caption-attachment-46167\" class=\"wp-caption-text\">\u00a9 Jo\u00e9dson Alves\/Ag\u00eancia Brasil<\/figcaption><\/figure>\n<p>Aos 12 anos, a menina n\u00e3o tira os olhos das intera\u00e7\u00f5es que chegam pela janelinha que carrega nas m\u00e3os. Para ficar feliz, basta o telefone celular vibrar com alguma intera\u00e7\u00e3o ou novo seguidor. \u00c9 por isso que a garota, que mora em S\u00e3o Paulo (SP), mesmo t\u00e3o jovem, deixou o perfil aberto em redes como Instagram e Snapchat.<img decoding=\"async\" src=\"https:\/\/agenciabrasil.ebc.com.br\/ebc.png?id=1628148&amp;o=node\" \/><img decoding=\"async\" src=\"https:\/\/agenciabrasil.ebc.com.br\/ebc.gif?id=1628148&amp;o=node\" \/><\/p>\n<p>Isso quer dizer que n\u00e3o \u00e9 necess\u00e1ria autoriza\u00e7\u00e3o para que qualquer pessoa possa visualizar as postagens dela. Esse comportamento da menina, que \u00e9 \u00e0 revelia da fam\u00edlia, deixa a m\u00e3e, a publicit\u00e1ria Suzana Oliveira, de 41, muito preocupada.<\/p>\n<p>Um levantamento da\u00a0<a href=\"https:\/\/unico.io\/\" target=\"_blank\" rel=\"noopener\">empresa Unico<\/a>, especializada em identidade digital, e do\u00a0<a href=\"https:\/\/ilocomotiva.com.br\/\" target=\"_blank\" rel=\"noopener\">Instituto de Pesquisas Locomotiva<\/a>, divulgada nesta ter\u00e7a (28), Dia Internacional da Prote\u00e7\u00e3o de Dados, mostra que o caso dessa menina est\u00e1 longe de ser uma raridade.\u00a0 Segundo a pesquisa, pelo menos uma a cada tr\u00eas contas atribu\u00eddas a crian\u00e7as e adolescentes de 7 a 17 anos de idade em redes sociais no Brasil t\u00eam perfil \u201ctotalmente aberto\u201d.<\/p>\n<p>A pesquisa divulgada pelas entidades foi realizada com a participa\u00e7\u00e3o de 2.006 respons\u00e1veis por crian\u00e7as e adolescentes em todo o Brasil. O levantamento ocorreu entre os dias 9 e 24 de outubro de 2024, com uma margem de erro de 2,2 pontos percentuais.<\/p>\n<h2>\u201cSem controle\u201d<\/h2>\n<p>Entre outros dados que deixam as fam\u00edlias em alerta \u00e9 que quase metade (47%) desse p\u00fablico n\u00e3o controla os seguidores nas redes sociais (jovens que adicionam qualquer pessoa \u00e0 conta e interagem com desconhecidos). Isso tem tirado o sono de Suzana, a m\u00e3e da crian\u00e7a paulistana.<\/p>\n<p>Ela diz que tem monitorado, via aplicativo, as a\u00e7\u00f5es da filha e que restringe o tempo na frente da tela pequena. S\u00f3 que a press\u00e3o tem sido motivo de longos embates e estresse dentro de casa.<\/p>\n<blockquote><p>\u201cO h\u00e1bito no celular gerou crises de ansiedade, choro e mau humor. Minha filha pratica atividades esportivas com regularidade, mas, mesmo assim, as redes sociais t\u00eam provocado danos \u00e0 sa\u00fade dela\u201d, conta a m\u00e3e.<\/p><\/blockquote>\n<p>Para a diretora de prote\u00e7\u00e3o de dados da Unico, Diana Troper, o percentual de crian\u00e7as com perfil aberto \u00e9 assustador: \u201cessas informa\u00e7\u00f5es que est\u00e3o publicamente acess\u00edveis ou com facilidade de acesso s\u00e3o de pessoas mais vulner\u00e1veis e utilizadas para cometimento de novos crimes e fraudes\u201d, afirma a especialista.<\/p>\n<p>O levantamento revela, por exemplo, que 89% dos pais e m\u00e3es acreditam estar preparados para garantir a privacidade de dados, mas 73% desconhecem a\u00e7\u00f5es que podem provocar vazamentos. O cen\u00e1rio, conforme contextualiza a pesquisa, \u00e9 que 75% das crian\u00e7as e adolescentes brasileiros t\u00eam um perfil pr\u00f3prio em alguma rede social.<\/p>\n<p>Ainda sobre o comportamento, 61% dos filhos das pessoas que responderam a pesquisa t\u00eam pr\u00e1ticas de exposi\u00e7\u00e3o, como compartilhar fotos pessoais e de familiares, marcar localiza\u00e7\u00f5es e identificar membros da fam\u00edlia nas plataformas.<\/p>\n<p>Essa exposi\u00e7\u00e3o inclui postar fotos em ambientes que frequentam (40% dos pesquisados) e at\u00e9 usando uniforme ou marcando a escola que frequentam (33%).<\/p>\n<p>Diana Troper adverte que, segundo a\u00a0<a href=\"https:\/\/www.planalto.gov.br\/ccivil_03\/_ato2015-2018\/2018\/lei\/l13709.htm\" target=\"_blank\" rel=\"noopener\">Lei Geral de Prote\u00e7\u00e3o de Dados<\/a>\u00a0(LGPD), as informa\u00e7\u00f5es disponibilizadas em perfis abertos ao p\u00fablico n\u00e3o deveriam ser coletadas sem que sejam observadas as devidas bases legais, o que incluiria a necessidade do consentimento dos usu\u00e1rios.<\/p>\n<blockquote><p>\u201cSabemos que fotos e informa\u00e7\u00f5es como locais frequentados compartilhados nas redes podem criar um mapa de vulnerabilidades, que pode ser explorado por fraudadores e pessoas mal intencionadas\u201d, afirma.<\/p><\/blockquote>\n<p>A maioria dos pais e respons\u00e1veis por menores de idade (86%), de acordo com as respostas, concordam que devem educar os filhos sobre a prote\u00e7\u00e3o de dados para evitar problemas futuros. Mas 73% deles desconhecem os riscos de a\u00e7\u00f5es que podem ocasionar vazamento de dados.<\/p>\n<h2>Entenda os riscos<\/h2>\n<p>Os riscos, segundo os organizadores da pesquisa, incluem abrir\u00a0<em>links<\/em>\u00a0ou anexos de\u00a0<em>e-mails<\/em>\u00a0sem confirmar a proced\u00eancia, utilizar computadores p\u00fablicos ou compartilhados, usar redes p\u00fablicas de wi-fi, repetir as mesmas senhas em v\u00e1rias contas, baixar e instalar aplicativos de origem duvidosa no celular e utilizar as informa\u00e7\u00f5es dos cart\u00f5es de cr\u00e9dito f\u00edsicos em sites e aplicativos (ao inv\u00e9s de gerar cart\u00f5es virtuais tempor\u00e1rios).<\/p>\n<p>\u201cA conscientiza\u00e7\u00e3o e a educa\u00e7\u00e3o digital s\u00e3o os pilares para proteger as futuras gera\u00e7\u00f5es no ambiente\u00a0<em>online<\/em>&#8220;, diz Diana Troper. Por isso, ela recomenda que as contas tenham perfis fechados para evitar exposi\u00e7\u00f5es que podem ser perigosas.<\/p>\n<h2>Receio<\/h2>\n<div class=\"dnd-widget-wrapper context-medio_4colunas type-image atom-align-left\">\n<div class=\"dnd-atom-rendered\">\n<figure style=\"width: 365px\" class=\"wp-caption alignright\"><img loading=\"lazy\" decoding=\"async\" title=\"Keila Santana\/Arquivo pessoal\" src=\"https:\/\/imagens.ebc.com.br\/mXyp8E72XO278_UiscVLd_1EHx4=\/365x0\/smart\/https:\/\/agenciabrasil.ebc.com.br\/sites\/default\/files\/thumbnails\/image\/2025\/01\/28\/imagem_do_whatsapp_de_2025-01-28_as_09.07.04_2600f308.jpg?itok=valXLrBd\" alt=\"Bras\u00edlia (DF) 28\/01\/2025 - Keila Santana com seu filhos, Clara Santana (10) e Pedro Santana (13).Uma a cada 3 crian\u00e7as tem perfil aberto em redes, alerta pesquisa\nDados foram divulgados nesta ter\u00e7a pela Unico e Instituto Locomotiva\nFoto: Keila Santana\/Arquivo pessoal\" width=\"365\" height=\"164\" \/><figcaption class=\"wp-caption-text\">Keila Santana com seu filhos, Clara Santana (10) e Pedro Santana (13).\u00a0Foto:\u00a0Keila Santana\/Arquivo pessoal<\/figcaption><\/figure>\n<\/div>\n<div class=\"dnd-caption-wrapper\">\n<div class=\"meta\"><\/div>\n<\/div>\n<\/div>\n<p>Na casa da brasiliense Keila Santana, de 47 anos, nada de perfil aberto. O comportamento de Pedro, de 13 anos, \u00e9 acompanhado de perto pela m\u00e3e e ele s\u00f3 pode navegar na nas redes duas horas por dia. As redes sociais, ele s\u00f3 utiliza para conversar com os amigos. Sem postagens.<\/p>\n<p>O menino fica de olho tamb\u00e9m no que a irm\u00e3 ca\u00e7ula, Clara, de 10, faz com o celular. \u201cEu cuido tamb\u00e9m dela\u201d, garante o menino. A m\u00e3e considera esse acompanhamento um desafio.<\/p>\n<p>Ela se preocupa, especialmente, com os conte\u00fados que podem chegar at\u00e9 eles, incluindo a reprodu\u00e7\u00e3o de padr\u00f5es est\u00e9ticos, que pode gerar ansiedade, por exemplo.<\/p>\n<p>Outra brasiliense, Luciana Alencar, de 43 anos, diz que se preocupa tamb\u00e9m com os dois filhos meninos e o sem-n\u00famero de informa\u00e7\u00f5es que eles recebem.<\/p>\n<p>\u201cO que eu tenho muito medo \u00e9, al\u00e9m deles receberem conte\u00fados de misoginia, homofobia, entre preconceitos de ra\u00e7a e g\u00eanero de todos os tipos, eles se tornarem replicadores dessas informa\u00e7\u00f5es\u201d.<\/p>\n<div class=\"dnd-widget-wrapper context-medio_4colunas type-image atom-align-left\">\n<div class=\"dnd-atom-rendered\">\n<figure style=\"width: 365px\" class=\"wp-caption alignleft\"><img loading=\"lazy\" decoding=\"async\" title=\"Bruno Peres\/Ag\u00eancia Brasil\" src=\"https:\/\/imagens.ebc.com.br\/MyY6BGJRxgE9uAgW-DdxmflI37g=\/365x0\/smart\/https:\/\/agenciabrasil.ebc.com.br\/sites\/default\/files\/thumbnails\/image\/2025\/01\/28\/_mg_5815_0.jpg?itok=p90CNjGc\" alt=\"Bras\u00edlia (DF), 27\/01\/2025 - Crian\u00e7as com perfil aberto em redes sociais. Ian Fernandes de Alencar. Foto: Bruno Peres\/Ag\u00eancia Brasil\" width=\"365\" height=\"243\" \/><figcaption class=\"wp-caption-text\">Ian Fernandes de Alencar &#8211;\u00a0Bruno Peres\/Ag\u00eancia Brasil<\/figcaption><\/figure>\n<\/div>\n<div class=\"dnd-caption-wrapper\">\n<h6 class=\"meta\"><\/h6>\n<\/div>\n<\/div>\n<p>A fam\u00edlia os educa para n\u00e3o reproduzir discursos preconceituosos. \u201cMinha luta \u00e9 para que isso n\u00e3o aconte\u00e7a. \u00c9 muito dif\u00edcil vencer uma luta quando voc\u00ea n\u00e3o sabe nem com quem voc\u00ea est\u00e1 guerreando, porque s\u00e3o muitos caminhos que chegam\u201d.<\/p>\n<p>Ian, o mais velho, garante que a m\u00e3e pode ficar tranquila: ele pretende ficar menos tempo nas redes sociais, e mais tempo jogando bola e conversando com os amigos. Perfil aberto s\u00f3 presencialmente.<\/p>\n<p><strong>Ag\u00eancia Brasil<\/strong><\/p>\n","protected":false},"excerpt":{"rendered":"<p>Dados foram divulgados nesta ter\u00e7a pela Unico e Instituto Locomotiva Aos 12 anos, a menina<\/p>\n","protected":false},"author":3,"featured_media":46167,"comment_status":"open","ping_status":"open","sticky":false,"template":"","format":"standard","meta":{"footnotes":""},"categories":[6,3],"tags":[123,124,122],"class_list":["post-46166","post","type-post","status-publish","format-standard","has-post-thumbnail","hentry","category-brasil","category-destaques","tag-internet","tag-redes-sociais","tag-riscos"],"yoast_head":"<!-- This site is optimized with the Yoast SEO plugin v27.5 - https:\/\/yoast.com\/product\/yoast-seo-wordpress\/ -->\n<title>Uma a cada tr\u00eas crian\u00e7as tem perfil aberto em redes, alerta pesquisa - Jornal<\/title>\n<meta name=\"description\" content=\"Uma a cada tr\u00eas crian\u00e7as tem perfil aberto em redes, alerta pesquisa\" \/>\n<meta name=\"robots\" content=\"index, follow, max-snippet:-1, max-image-preview:large, max-video-preview:-1\" \/>\n<link rel=\"canonical\" href=\"https:\/\/jornalboasnoticias.com.br\/home\/uma-a-cada-tres-criancas-tem-perfil-aberto-em-redes-alerta-pesquisa\/\" \/>\n<meta property=\"og:locale\" content=\"pt_BR\" \/>\n<meta property=\"og:type\" content=\"article\" \/>\n<meta property=\"og:title\" content=\"Uma a cada tr\u00eas crian\u00e7as tem perfil aberto em redes, alerta pesquisa - Jornal\" \/>\n<meta property=\"og:description\" content=\"Uma a cada tr\u00eas crian\u00e7as tem perfil aberto em redes, alerta pesquisa\" \/>\n<meta property=\"og:url\" content=\"https:\/\/jornalboasnoticias.com.br\/home\/uma-a-cada-tres-criancas-tem-perfil-aberto-em-redes-alerta-pesquisa\/\" \/>\n<meta property=\"og:site_name\" content=\"Jornal\" \/>\n<meta property=\"article:publisher\" content=\"https:\/\/www.facebook.com\/boasnoticiasjornal\" \/>\n<meta property=\"article:published_time\" content=\"2025-01-28T16:01:35+00:00\" \/>\n<meta property=\"og:image\" content=\"https:\/\/jornalboasnoticias.com.br\/home\/wp-content\/uploads\/2025\/01\/redes-sociais-criancas.webp\" \/>\n\t<meta property=\"og:image:width\" content=\"1170\" \/>\n\t<meta property=\"og:image:height\" content=\"700\" \/>\n\t<meta property=\"og:image:type\" content=\"image\/webp\" \/>\n<meta name=\"author\" content=\"Luiz Carlos da Cruz\" \/>\n<meta name=\"twitter:card\" content=\"summary_large_image\" \/>\n<meta name=\"twitter:label1\" content=\"Escrito por\" \/>\n\t<meta name=\"twitter:data1\" content=\"Luiz Carlos da Cruz\" \/>\n\t<meta name=\"twitter:label2\" content=\"Est. tempo de leitura\" \/>\n\t<meta name=\"twitter:data2\" content=\"7 minutos\" \/>\n<script type=\"application\/ld+json\" class=\"yoast-schema-graph\">{\"@context\":\"https:\\\/\\\/schema.org\",\"@graph\":[{\"@type\":\"Article\",\"@id\":\"https:\\\/\\\/jornalboasnoticias.com.br\\\/home\\\/uma-a-cada-tres-criancas-tem-perfil-aberto-em-redes-alerta-pesquisa\\\/#article\",\"isPartOf\":{\"@id\":\"https:\\\/\\\/jornalboasnoticias.com.br\\\/home\\\/uma-a-cada-tres-criancas-tem-perfil-aberto-em-redes-alerta-pesquisa\\\/\"},\"author\":{\"name\":\"Luiz Carlos da Cruz\",\"@id\":\"https:\\\/\\\/jornalboasnoticias.com.br\\\/home\\\/#\\\/schema\\\/person\\\/75f9ebde398c998c166475fb446bda62\"},\"headline\":\"Uma a cada tr\u00eas crian\u00e7as tem perfil aberto em redes, alerta pesquisa\",\"datePublished\":\"2025-01-28T16:01:35+00:00\",\"mainEntityOfPage\":{\"@id\":\"https:\\\/\\\/jornalboasnoticias.com.br\\\/home\\\/uma-a-cada-tres-criancas-tem-perfil-aberto-em-redes-alerta-pesquisa\\\/\"},\"wordCount\":1076,\"commentCount\":0,\"publisher\":{\"@id\":\"https:\\\/\\\/jornalboasnoticias.com.br\\\/home\\\/#organization\"},\"image\":{\"@id\":\"https:\\\/\\\/jornalboasnoticias.com.br\\\/home\\\/uma-a-cada-tres-criancas-tem-perfil-aberto-em-redes-alerta-pesquisa\\\/#primaryimage\"},\"thumbnailUrl\":\"https:\\\/\\\/jornalboasnoticias.com.br\\\/home\\\/wp-content\\\/uploads\\\/2025\\\/01\\\/redes-sociais-criancas.webp\",\"keywords\":[\"Internet\",\"Redes Sociais\",\"Riscos\"],\"articleSection\":[\"BRASIL\",\"DESTAQUE\"],\"inLanguage\":\"pt-BR\",\"potentialAction\":[{\"@type\":\"CommentAction\",\"name\":\"Comment\",\"target\":[\"https:\\\/\\\/jornalboasnoticias.com.br\\\/home\\\/uma-a-cada-tres-criancas-tem-perfil-aberto-em-redes-alerta-pesquisa\\\/#respond\"]}]},{\"@type\":\"WebPage\",\"@id\":\"https:\\\/\\\/jornalboasnoticias.com.br\\\/home\\\/uma-a-cada-tres-criancas-tem-perfil-aberto-em-redes-alerta-pesquisa\\\/\",\"url\":\"https:\\\/\\\/jornalboasnoticias.com.br\\\/home\\\/uma-a-cada-tres-criancas-tem-perfil-aberto-em-redes-alerta-pesquisa\\\/\",\"name\":\"Uma a cada tr\u00eas crian\u00e7as tem perfil aberto em redes, alerta pesquisa - Jornal\",\"isPartOf\":{\"@id\":\"https:\\\/\\\/jornalboasnoticias.com.br\\\/home\\\/#website\"},\"primaryImageOfPage\":{\"@id\":\"https:\\\/\\\/jornalboasnoticias.com.br\\\/home\\\/uma-a-cada-tres-criancas-tem-perfil-aberto-em-redes-alerta-pesquisa\\\/#primaryimage\"},\"image\":{\"@id\":\"https:\\\/\\\/jornalboasnoticias.com.br\\\/home\\\/uma-a-cada-tres-criancas-tem-perfil-aberto-em-redes-alerta-pesquisa\\\/#primaryimage\"},\"thumbnailUrl\":\"https:\\\/\\\/jornalboasnoticias.com.br\\\/home\\\/wp-content\\\/uploads\\\/2025\\\/01\\\/redes-sociais-criancas.webp\",\"datePublished\":\"2025-01-28T16:01:35+00:00\",\"description\":\"Uma a cada tr\u00eas crian\u00e7as tem perfil aberto em redes, alerta pesquisa\",\"breadcrumb\":{\"@id\":\"https:\\\/\\\/jornalboasnoticias.com.br\\\/home\\\/uma-a-cada-tres-criancas-tem-perfil-aberto-em-redes-alerta-pesquisa\\\/#breadcrumb\"},\"inLanguage\":\"pt-BR\",\"potentialAction\":[{\"@type\":\"ReadAction\",\"target\":[\"https:\\\/\\\/jornalboasnoticias.com.br\\\/home\\\/uma-a-cada-tres-criancas-tem-perfil-aberto-em-redes-alerta-pesquisa\\\/\"]}]},{\"@type\":\"ImageObject\",\"inLanguage\":\"pt-BR\",\"@id\":\"https:\\\/\\\/jornalboasnoticias.com.br\\\/home\\\/uma-a-cada-tres-criancas-tem-perfil-aberto-em-redes-alerta-pesquisa\\\/#primaryimage\",\"url\":\"https:\\\/\\\/jornalboasnoticias.com.br\\\/home\\\/wp-content\\\/uploads\\\/2025\\\/01\\\/redes-sociais-criancas.webp\",\"contentUrl\":\"https:\\\/\\\/jornalboasnoticias.com.br\\\/home\\\/wp-content\\\/uploads\\\/2025\\\/01\\\/redes-sociais-criancas.webp\",\"width\":1170,\"height\":700,\"caption\":\"\u00a9 Jo\u00e9dson Alves\\\/Ag\u00eancia Brasil\"},{\"@type\":\"BreadcrumbList\",\"@id\":\"https:\\\/\\\/jornalboasnoticias.com.br\\\/home\\\/uma-a-cada-tres-criancas-tem-perfil-aberto-em-redes-alerta-pesquisa\\\/#breadcrumb\",\"itemListElement\":[{\"@type\":\"ListItem\",\"position\":1,\"name\":\"In\u00edcio\",\"item\":\"https:\\\/\\\/jornalboasnoticias.com.br\\\/home\\\/\"},{\"@type\":\"ListItem\",\"position\":2,\"name\":\"Uma a cada tr\u00eas crian\u00e7as tem perfil aberto em redes, alerta pesquisa\"}]},{\"@type\":\"WebSite\",\"@id\":\"https:\\\/\\\/jornalboasnoticias.com.br\\\/home\\\/#website\",\"url\":\"https:\\\/\\\/jornalboasnoticias.com.br\\\/home\\\/\",\"name\":\"Jornal Boas Not\u00edcias\",\"description\":\"Boas not\u00edcias\",\"publisher\":{\"@id\":\"https:\\\/\\\/jornalboasnoticias.com.br\\\/home\\\/#organization\"},\"potentialAction\":[{\"@type\":\"SearchAction\",\"target\":{\"@type\":\"EntryPoint\",\"urlTemplate\":\"https:\\\/\\\/jornalboasnoticias.com.br\\\/home\\\/?s={search_term_string}\"},\"query-input\":{\"@type\":\"PropertyValueSpecification\",\"valueRequired\":true,\"valueName\":\"search_term_string\"}}],\"inLanguage\":\"pt-BR\"},{\"@type\":\"Organization\",\"@id\":\"https:\\\/\\\/jornalboasnoticias.com.br\\\/home\\\/#organization\",\"name\":\"Coq Editora Ltda\",\"alternateName\":\"Jornal Boas Noticias\",\"url\":\"https:\\\/\\\/jornalboasnoticias.com.br\\\/home\\\/\",\"logo\":{\"@type\":\"ImageObject\",\"inLanguage\":\"pt-BR\",\"@id\":\"https:\\\/\\\/jornalboasnoticias.com.br\\\/home\\\/#\\\/schema\\\/logo\\\/image\\\/\",\"url\":\"https:\\\/\\\/jornalboasnoticias.com.br\\\/home\\\/wp-content\\\/uploads\\\/2024\\\/07\\\/cropped-logo.jpg\",\"contentUrl\":\"https:\\\/\\\/jornalboasnoticias.com.br\\\/home\\\/wp-content\\\/uploads\\\/2024\\\/07\\\/cropped-logo.jpg\",\"width\":290,\"height\":142,\"caption\":\"Coq Editora Ltda\"},\"image\":{\"@id\":\"https:\\\/\\\/jornalboasnoticias.com.br\\\/home\\\/#\\\/schema\\\/logo\\\/image\\\/\"},\"sameAs\":[\"https:\\\/\\\/www.facebook.com\\\/boasnoticiasjornal\"]},{\"@type\":\"Person\",\"@id\":\"https:\\\/\\\/jornalboasnoticias.com.br\\\/home\\\/#\\\/schema\\\/person\\\/75f9ebde398c998c166475fb446bda62\",\"name\":\"Luiz Carlos da Cruz\",\"image\":{\"@type\":\"ImageObject\",\"inLanguage\":\"pt-BR\",\"@id\":\"https:\\\/\\\/secure.gravatar.com\\\/avatar\\\/e6f4f45301b6cb8572f7b076572e8ac11c1db80e805d8c8d0858cf286ce3ac3b?s=96&d=mm&r=g\",\"url\":\"https:\\\/\\\/secure.gravatar.com\\\/avatar\\\/e6f4f45301b6cb8572f7b076572e8ac11c1db80e805d8c8d0858cf286ce3ac3b?s=96&d=mm&r=g\",\"contentUrl\":\"https:\\\/\\\/secure.gravatar.com\\\/avatar\\\/e6f4f45301b6cb8572f7b076572e8ac11c1db80e805d8c8d0858cf286ce3ac3b?s=96&d=mm&r=g\",\"caption\":\"Luiz Carlos da Cruz\"},\"url\":\"https:\\\/\\\/jornalboasnoticias.com.br\\\/home\\\/author\\\/luiz-carlos-da-cruz\\\/\"}]}<\/script>\n<!-- \/ Yoast SEO plugin. -->","yoast_head_json":{"title":"Uma a cada tr\u00eas crian\u00e7as tem perfil aberto em redes, alerta pesquisa - Jornal","description":"Uma a cada tr\u00eas crian\u00e7as tem perfil aberto em redes, alerta pesquisa","robots":{"index":"index","follow":"follow","max-snippet":"max-snippet:-1","max-image-preview":"max-image-preview:large","max-video-preview":"max-video-preview:-1"},"canonical":"https:\/\/jornalboasnoticias.com.br\/home\/uma-a-cada-tres-criancas-tem-perfil-aberto-em-redes-alerta-pesquisa\/","og_locale":"pt_BR","og_type":"article","og_title":"Uma a cada tr\u00eas crian\u00e7as tem perfil aberto em redes, alerta pesquisa - Jornal","og_description":"Uma a cada tr\u00eas crian\u00e7as tem perfil aberto em redes, alerta pesquisa","og_url":"https:\/\/jornalboasnoticias.com.br\/home\/uma-a-cada-tres-criancas-tem-perfil-aberto-em-redes-alerta-pesquisa\/","og_site_name":"Jornal","article_publisher":"https:\/\/www.facebook.com\/boasnoticiasjornal","article_published_time":"2025-01-28T16:01:35+00:00","og_image":[{"width":1170,"height":700,"url":"https:\/\/jornalboasnoticias.com.br\/home\/wp-content\/uploads\/2025\/01\/redes-sociais-criancas.webp","type":"image\/webp"}],"author":"Luiz Carlos da Cruz","twitter_card":"summary_large_image","twitter_misc":{"Escrito por":"Luiz Carlos da Cruz","Est. tempo de leitura":"7 minutos"},"schema":{"@context":"https:\/\/schema.org","@graph":[{"@type":"Article","@id":"https:\/\/jornalboasnoticias.com.br\/home\/uma-a-cada-tres-criancas-tem-perfil-aberto-em-redes-alerta-pesquisa\/#article","isPartOf":{"@id":"https:\/\/jornalboasnoticias.com.br\/home\/uma-a-cada-tres-criancas-tem-perfil-aberto-em-redes-alerta-pesquisa\/"},"author":{"name":"Luiz Carlos da Cruz","@id":"https:\/\/jornalboasnoticias.com.br\/home\/#\/schema\/person\/75f9ebde398c998c166475fb446bda62"},"headline":"Uma a cada tr\u00eas crian\u00e7as tem perfil aberto em redes, alerta pesquisa","datePublished":"2025-01-28T16:01:35+00:00","mainEntityOfPage":{"@id":"https:\/\/jornalboasnoticias.com.br\/home\/uma-a-cada-tres-criancas-tem-perfil-aberto-em-redes-alerta-pesquisa\/"},"wordCount":1076,"commentCount":0,"publisher":{"@id":"https:\/\/jornalboasnoticias.com.br\/home\/#organization"},"image":{"@id":"https:\/\/jornalboasnoticias.com.br\/home\/uma-a-cada-tres-criancas-tem-perfil-aberto-em-redes-alerta-pesquisa\/#primaryimage"},"thumbnailUrl":"https:\/\/jornalboasnoticias.com.br\/home\/wp-content\/uploads\/2025\/01\/redes-sociais-criancas.webp","keywords":["Internet","Redes Sociais","Riscos"],"articleSection":["BRASIL","DESTAQUE"],"inLanguage":"pt-BR","potentialAction":[{"@type":"CommentAction","name":"Comment","target":["https:\/\/jornalboasnoticias.com.br\/home\/uma-a-cada-tres-criancas-tem-perfil-aberto-em-redes-alerta-pesquisa\/#respond"]}]},{"@type":"WebPage","@id":"https:\/\/jornalboasnoticias.com.br\/home\/uma-a-cada-tres-criancas-tem-perfil-aberto-em-redes-alerta-pesquisa\/","url":"https:\/\/jornalboasnoticias.com.br\/home\/uma-a-cada-tres-criancas-tem-perfil-aberto-em-redes-alerta-pesquisa\/","name":"Uma a cada tr\u00eas crian\u00e7as tem perfil aberto em redes, alerta pesquisa - Jornal","isPartOf":{"@id":"https:\/\/jornalboasnoticias.com.br\/home\/#website"},"primaryImageOfPage":{"@id":"https:\/\/jornalboasnoticias.com.br\/home\/uma-a-cada-tres-criancas-tem-perfil-aberto-em-redes-alerta-pesquisa\/#primaryimage"},"image":{"@id":"https:\/\/jornalboasnoticias.com.br\/home\/uma-a-cada-tres-criancas-tem-perfil-aberto-em-redes-alerta-pesquisa\/#primaryimage"},"thumbnailUrl":"https:\/\/jornalboasnoticias.com.br\/home\/wp-content\/uploads\/2025\/01\/redes-sociais-criancas.webp","datePublished":"2025-01-28T16:01:35+00:00","description":"Uma a cada tr\u00eas crian\u00e7as tem perfil aberto em redes, alerta pesquisa","breadcrumb":{"@id":"https:\/\/jornalboasnoticias.com.br\/home\/uma-a-cada-tres-criancas-tem-perfil-aberto-em-redes-alerta-pesquisa\/#breadcrumb"},"inLanguage":"pt-BR","potentialAction":[{"@type":"ReadAction","target":["https:\/\/jornalboasnoticias.com.br\/home\/uma-a-cada-tres-criancas-tem-perfil-aberto-em-redes-alerta-pesquisa\/"]}]},{"@type":"ImageObject","inLanguage":"pt-BR","@id":"https:\/\/jornalboasnoticias.com.br\/home\/uma-a-cada-tres-criancas-tem-perfil-aberto-em-redes-alerta-pesquisa\/#primaryimage","url":"https:\/\/jornalboasnoticias.com.br\/home\/wp-content\/uploads\/2025\/01\/redes-sociais-criancas.webp","contentUrl":"https:\/\/jornalboasnoticias.com.br\/home\/wp-content\/uploads\/2025\/01\/redes-sociais-criancas.webp","width":1170,"height":700,"caption":"\u00a9 Jo\u00e9dson Alves\/Ag\u00eancia Brasil"},{"@type":"BreadcrumbList","@id":"https:\/\/jornalboasnoticias.com.br\/home\/uma-a-cada-tres-criancas-tem-perfil-aberto-em-redes-alerta-pesquisa\/#breadcrumb","itemListElement":[{"@type":"ListItem","position":1,"name":"In\u00edcio","item":"https:\/\/jornalboasnoticias.com.br\/home\/"},{"@type":"ListItem","position":2,"name":"Uma a cada tr\u00eas crian\u00e7as tem perfil aberto em redes, alerta pesquisa"}]},{"@type":"WebSite","@id":"https:\/\/jornalboasnoticias.com.br\/home\/#website","url":"https:\/\/jornalboasnoticias.com.br\/home\/","name":"Jornal Boas Not\u00edcias","description":"Boas not\u00edcias","publisher":{"@id":"https:\/\/jornalboasnoticias.com.br\/home\/#organization"},"potentialAction":[{"@type":"SearchAction","target":{"@type":"EntryPoint","urlTemplate":"https:\/\/jornalboasnoticias.com.br\/home\/?s={search_term_string}"},"query-input":{"@type":"PropertyValueSpecification","valueRequired":true,"valueName":"search_term_string"}}],"inLanguage":"pt-BR"},{"@type":"Organization","@id":"https:\/\/jornalboasnoticias.com.br\/home\/#organization","name":"Coq Editora Ltda","alternateName":"Jornal Boas Noticias","url":"https:\/\/jornalboasnoticias.com.br\/home\/","logo":{"@type":"ImageObject","inLanguage":"pt-BR","@id":"https:\/\/jornalboasnoticias.com.br\/home\/#\/schema\/logo\/image\/","url":"https:\/\/jornalboasnoticias.com.br\/home\/wp-content\/uploads\/2024\/07\/cropped-logo.jpg","contentUrl":"https:\/\/jornalboasnoticias.com.br\/home\/wp-content\/uploads\/2024\/07\/cropped-logo.jpg","width":290,"height":142,"caption":"Coq Editora Ltda"},"image":{"@id":"https:\/\/jornalboasnoticias.com.br\/home\/#\/schema\/logo\/image\/"},"sameAs":["https:\/\/www.facebook.com\/boasnoticiasjornal"]},{"@type":"Person","@id":"https:\/\/jornalboasnoticias.com.br\/home\/#\/schema\/person\/75f9ebde398c998c166475fb446bda62","name":"Luiz Carlos da Cruz","image":{"@type":"ImageObject","inLanguage":"pt-BR","@id":"https:\/\/secure.gravatar.com\/avatar\/e6f4f45301b6cb8572f7b076572e8ac11c1db80e805d8c8d0858cf286ce3ac3b?s=96&d=mm&r=g","url":"https:\/\/secure.gravatar.com\/avatar\/e6f4f45301b6cb8572f7b076572e8ac11c1db80e805d8c8d0858cf286ce3ac3b?s=96&d=mm&r=g","contentUrl":"https:\/\/secure.gravatar.com\/avatar\/e6f4f45301b6cb8572f7b076572e8ac11c1db80e805d8c8d0858cf286ce3ac3b?s=96&d=mm&r=g","caption":"Luiz Carlos da Cruz"},"url":"https:\/\/jornalboasnoticias.com.br\/home\/author\/luiz-carlos-da-cruz\/"}]}},"_links":{"self":[{"href":"https:\/\/jornalboasnoticias.com.br\/home\/wp-json\/wp\/v2\/posts\/46166","targetHints":{"allow":["GET"]}}],"collection":[{"href":"https:\/\/jornalboasnoticias.com.br\/home\/wp-json\/wp\/v2\/posts"}],"about":[{"href":"https:\/\/jornalboasnoticias.com.br\/home\/wp-json\/wp\/v2\/types\/post"}],"author":[{"embeddable":true,"href":"https:\/\/jornalboasnoticias.com.br\/home\/wp-json\/wp\/v2\/users\/3"}],"replies":[{"embeddable":true,"href":"https:\/\/jornalboasnoticias.com.br\/home\/wp-json\/wp\/v2\/comments?post=46166"}],"version-history":[{"count":1,"href":"https:\/\/jornalboasnoticias.com.br\/home\/wp-json\/wp\/v2\/posts\/46166\/revisions"}],"predecessor-version":[{"id":46168,"href":"https:\/\/jornalboasnoticias.com.br\/home\/wp-json\/wp\/v2\/posts\/46166\/revisions\/46168"}],"wp:featuredmedia":[{"embeddable":true,"href":"https:\/\/jornalboasnoticias.com.br\/home\/wp-json\/wp\/v2\/media\/46167"}],"wp:attachment":[{"href":"https:\/\/jornalboasnoticias.com.br\/home\/wp-json\/wp\/v2\/media?parent=46166"}],"wp:term":[{"taxonomy":"category","embeddable":true,"href":"https:\/\/jornalboasnoticias.com.br\/home\/wp-json\/wp\/v2\/categories?post=46166"},{"taxonomy":"post_tag","embeddable":true,"href":"https:\/\/jornalboasnoticias.com.br\/home\/wp-json\/wp\/v2\/tags?post=46166"}],"curies":[{"name":"wp","href":"https:\/\/api.w.org\/{rel}","templated":true}]}}