{"id":46155,"date":"2025-01-27T14:57:46","date_gmt":"2025-01-27T14:57:46","guid":{"rendered":"https:\/\/jornalboasnoticias.com.br\/home\/?p=46155"},"modified":"2025-01-27T14:57:51","modified_gmt":"2025-01-27T14:57:51","slug":"show-rural-coopavel-destacara-genetica-e-negocios-na-pecuaria","status":"publish","type":"post","link":"https:\/\/jornalboasnoticias.com.br\/home\/show-rural-coopavel-destacara-genetica-e-negocios-na-pecuaria\/","title":{"rendered":"Show Rural Coopavel destacar\u00e1 gen\u00e9tica e neg\u00f3cios na pecu\u00e1ria"},"content":{"rendered":"<p><img loading=\"lazy\" decoding=\"async\" class=\"size-full wp-image-46156 aligncenter\" src=\"https:\/\/jornalboasnoticias.com.br\/home\/wp-content\/uploads\/2025\/01\/bois-gado.jpg\" alt=\"\" width=\"660\" height=\"418\" srcset=\"https:\/\/jornalboasnoticias.com.br\/home\/wp-content\/uploads\/2025\/01\/bois-gado.jpg 660w, https:\/\/jornalboasnoticias.com.br\/home\/wp-content\/uploads\/2025\/01\/bois-gado-300x190.jpg 300w\" sizes=\"auto, (max-width: 660px) 100vw, 660px\" \/><\/p>\n<p>Entre os dias 10 e 14 de fevereiro, o Show Rural Coopavel realizar\u00e1 a sua 37\u00aa edi\u00e7\u00e3o, reunindo o que h\u00e1 de mais inovador e relevante para o agroneg\u00f3cio brasileiro. Com entrada e estacionamento gratuitos, o evento ter\u00e1 como tema central Nossa natureza fala mais alto, destacando a rela\u00e7\u00e3o entre o setor e a sustentabilidade, reafirmando o compromisso do agroneg\u00f3cio com a preserva\u00e7\u00e3o ambiental e a responsabilidade social.<\/p>\n<p>No pavilh\u00e3o de animais de argola, diversas ra\u00e7as de destaque no mercado estar\u00e3o expostas, como Senepol, Angus, Jersey, Holandesa, Canchim, Purun\u00e3, Nelore, Nelore Pintado e Franqueiro. O espa\u00e7o permitir\u00e1 aos visitantes conhecerem mais sobre as caracter\u00edsticas e o potencial produtivo de cada ra\u00e7a.<\/p>\n<p>Al\u00e9m disso, o evento contar\u00e1 com um pavilh\u00e3o espec\u00edfico para a comercializa\u00e7\u00e3o de bovinos, que incluir\u00e1 exemplares das ra\u00e7as Canchim, Purun\u00e3, Angus, Nelore e Tabapu\u00e3. Um diferencial importante do Show Rural Coopavel \u00e9 que a comercializa\u00e7\u00e3o de animais ocorre diretamente entre vendedores e compradores, sem intermedi\u00e1rios e sem o pagamento de comiss\u00f5es, incentivando negocia\u00e7\u00f5es transparentes e acess\u00edveis. Ao todo, ser\u00e3o 210 bovinos dispon\u00edveis entre os animais de argola e os destinados \u00e0 venda.<br \/>\nA zootecnista Josiane Mangoni, coordenadora da \u00e1rea Pecu\u00e1ria da Coopavel, refor\u00e7a a relev\u00e2ncia da programa\u00e7\u00e3o: &#8220;Essa \u00e9 uma \u00f3tima oportunidade para conhecer o melhor da gen\u00e9tica e fazer excelentes neg\u00f3cios.&#8221;<\/p>\n<p>A pecu\u00e1ria no evento tamb\u00e9m contar\u00e1 com a presen\u00e7a de mais de 130 ovinos, resultado de uma parceria com a Associa\u00e7\u00e3o Paranaense de Criadores de Ovinos. Essa iniciativa tem como objetivo divulgar a atividade, apresentar as aptid\u00f5es desses animais e estimular novos investimentos no setor, que vem ganhando espa\u00e7o no agroneg\u00f3cio brasileiro.<\/p>\n<p>Com foco na sustentabilidade e na promo\u00e7\u00e3o de pr\u00e1ticas respons\u00e1veis, o Show Rural Coopavel reafirma sua posi\u00e7\u00e3o como um dos maiores eventos do setor no pa\u00eds, oferecendo conhecimento, neg\u00f3cios e inova\u00e7\u00e3o em um s\u00f3 lugar.<\/p>\n","protected":false},"excerpt":{"rendered":"<p>Entre os dias 10 e 14 de fevereiro, o Show Rural Coopavel realizar\u00e1 a sua<\/p>\n","protected":false},"author":3,"featured_media":46156,"comment_status":"open","ping_status":"open","sticky":false,"template":"","format":"standard","meta":{"footnotes":""},"categories":[2],"tags":[10,119],"class_list":["post-46155","post","type-post","status-publish","format-standard","has-post-thumbnail","hentry","category-cascavel","tag-cascavel","tag-show-rural"],"yoast_head":"<!-- This site is optimized with the Yoast SEO plugin v27.5 - https:\/\/yoast.com\/product\/yoast-seo-wordpress\/ -->\n<title>Show Rural Coopavel destacar\u00e1 gen\u00e9tica e neg\u00f3cios na pecu\u00e1ria - Jornal<\/title>\n<meta name=\"description\" content=\"Show Rural Coopavel destacar\u00e1 gen\u00e9tica e neg\u00f3cios na pecu\u00e1ria\" \/>\n<meta name=\"robots\" content=\"index, follow, max-snippet:-1, max-image-preview:large, max-video-preview:-1\" \/>\n<link rel=\"canonical\" href=\"https:\/\/jornalboasnoticias.com.br\/home\/show-rural-coopavel-destacara-genetica-e-negocios-na-pecuaria\/\" \/>\n<meta property=\"og:locale\" content=\"pt_BR\" \/>\n<meta property=\"og:type\" content=\"article\" \/>\n<meta property=\"og:title\" content=\"Show Rural Coopavel destacar\u00e1 gen\u00e9tica e neg\u00f3cios na pecu\u00e1ria - Jornal\" \/>\n<meta property=\"og:description\" content=\"Show Rural Coopavel destacar\u00e1 gen\u00e9tica e neg\u00f3cios na pecu\u00e1ria\" \/>\n<meta property=\"og:url\" content=\"https:\/\/jornalboasnoticias.com.br\/home\/show-rural-coopavel-destacara-genetica-e-negocios-na-pecuaria\/\" \/>\n<meta property=\"og:site_name\" content=\"Jornal\" \/>\n<meta property=\"article:publisher\" content=\"https:\/\/www.facebook.com\/boasnoticiasjornal\" \/>\n<meta property=\"article:published_time\" content=\"2025-01-27T14:57:46+00:00\" \/>\n<meta property=\"article:modified_time\" content=\"2025-01-27T14:57:51+00:00\" \/>\n<meta property=\"og:image\" content=\"https:\/\/jornalboasnoticias.com.br\/home\/wp-content\/uploads\/2025\/01\/bois-gado.jpg\" \/>\n\t<meta property=\"og:image:width\" content=\"660\" \/>\n\t<meta property=\"og:image:height\" content=\"418\" \/>\n\t<meta property=\"og:image:type\" content=\"image\/jpeg\" \/>\n<meta name=\"author\" content=\"Luiz Carlos da Cruz\" \/>\n<meta name=\"twitter:card\" content=\"summary_large_image\" \/>\n<meta name=\"twitter:label1\" content=\"Escrito por\" \/>\n\t<meta name=\"twitter:data1\" content=\"Luiz Carlos da Cruz\" \/>\n\t<meta name=\"twitter:label2\" content=\"Est. tempo de leitura\" \/>\n\t<meta name=\"twitter:data2\" content=\"3 minutos\" \/>\n<script type=\"application\/ld+json\" class=\"yoast-schema-graph\">{\"@context\":\"https:\\\/\\\/schema.org\",\"@graph\":[{\"@type\":\"Article\",\"@id\":\"https:\\\/\\\/jornalboasnoticias.com.br\\\/home\\\/show-rural-coopavel-destacara-genetica-e-negocios-na-pecuaria\\\/#article\",\"isPartOf\":{\"@id\":\"https:\\\/\\\/jornalboasnoticias.com.br\\\/home\\\/show-rural-coopavel-destacara-genetica-e-negocios-na-pecuaria\\\/\"},\"author\":{\"name\":\"Luiz Carlos da Cruz\",\"@id\":\"https:\\\/\\\/jornalboasnoticias.com.br\\\/home\\\/#\\\/schema\\\/person\\\/75f9ebde398c998c166475fb446bda62\"},\"headline\":\"Show Rural Coopavel destacar\u00e1 gen\u00e9tica e neg\u00f3cios na pecu\u00e1ria\",\"datePublished\":\"2025-01-27T14:57:46+00:00\",\"dateModified\":\"2025-01-27T14:57:51+00:00\",\"mainEntityOfPage\":{\"@id\":\"https:\\\/\\\/jornalboasnoticias.com.br\\\/home\\\/show-rural-coopavel-destacara-genetica-e-negocios-na-pecuaria\\\/\"},\"wordCount\":348,\"commentCount\":0,\"publisher\":{\"@id\":\"https:\\\/\\\/jornalboasnoticias.com.br\\\/home\\\/#organization\"},\"image\":{\"@id\":\"https:\\\/\\\/jornalboasnoticias.com.br\\\/home\\\/show-rural-coopavel-destacara-genetica-e-negocios-na-pecuaria\\\/#primaryimage\"},\"thumbnailUrl\":\"https:\\\/\\\/jornalboasnoticias.com.br\\\/home\\\/wp-content\\\/uploads\\\/2025\\\/01\\\/bois-gado.jpg\",\"keywords\":[\"cascavel\",\"Show Rural\"],\"articleSection\":[\"CASCAVEL\"],\"inLanguage\":\"pt-BR\",\"potentialAction\":[{\"@type\":\"CommentAction\",\"name\":\"Comment\",\"target\":[\"https:\\\/\\\/jornalboasnoticias.com.br\\\/home\\\/show-rural-coopavel-destacara-genetica-e-negocios-na-pecuaria\\\/#respond\"]}]},{\"@type\":\"WebPage\",\"@id\":\"https:\\\/\\\/jornalboasnoticias.com.br\\\/home\\\/show-rural-coopavel-destacara-genetica-e-negocios-na-pecuaria\\\/\",\"url\":\"https:\\\/\\\/jornalboasnoticias.com.br\\\/home\\\/show-rural-coopavel-destacara-genetica-e-negocios-na-pecuaria\\\/\",\"name\":\"Show Rural Coopavel destacar\u00e1 gen\u00e9tica e neg\u00f3cios na pecu\u00e1ria - Jornal\",\"isPartOf\":{\"@id\":\"https:\\\/\\\/jornalboasnoticias.com.br\\\/home\\\/#website\"},\"primaryImageOfPage\":{\"@id\":\"https:\\\/\\\/jornalboasnoticias.com.br\\\/home\\\/show-rural-coopavel-destacara-genetica-e-negocios-na-pecuaria\\\/#primaryimage\"},\"image\":{\"@id\":\"https:\\\/\\\/jornalboasnoticias.com.br\\\/home\\\/show-rural-coopavel-destacara-genetica-e-negocios-na-pecuaria\\\/#primaryimage\"},\"thumbnailUrl\":\"https:\\\/\\\/jornalboasnoticias.com.br\\\/home\\\/wp-content\\\/uploads\\\/2025\\\/01\\\/bois-gado.jpg\",\"datePublished\":\"2025-01-27T14:57:46+00:00\",\"dateModified\":\"2025-01-27T14:57:51+00:00\",\"description\":\"Show Rural Coopavel destacar\u00e1 gen\u00e9tica e neg\u00f3cios na pecu\u00e1ria\",\"breadcrumb\":{\"@id\":\"https:\\\/\\\/jornalboasnoticias.com.br\\\/home\\\/show-rural-coopavel-destacara-genetica-e-negocios-na-pecuaria\\\/#breadcrumb\"},\"inLanguage\":\"pt-BR\",\"potentialAction\":[{\"@type\":\"ReadAction\",\"target\":[\"https:\\\/\\\/jornalboasnoticias.com.br\\\/home\\\/show-rural-coopavel-destacara-genetica-e-negocios-na-pecuaria\\\/\"]}]},{\"@type\":\"ImageObject\",\"inLanguage\":\"pt-BR\",\"@id\":\"https:\\\/\\\/jornalboasnoticias.com.br\\\/home\\\/show-rural-coopavel-destacara-genetica-e-negocios-na-pecuaria\\\/#primaryimage\",\"url\":\"https:\\\/\\\/jornalboasnoticias.com.br\\\/home\\\/wp-content\\\/uploads\\\/2025\\\/01\\\/bois-gado.jpg\",\"contentUrl\":\"https:\\\/\\\/jornalboasnoticias.com.br\\\/home\\\/wp-content\\\/uploads\\\/2025\\\/01\\\/bois-gado.jpg\",\"width\":660,\"height\":418},{\"@type\":\"BreadcrumbList\",\"@id\":\"https:\\\/\\\/jornalboasnoticias.com.br\\\/home\\\/show-rural-coopavel-destacara-genetica-e-negocios-na-pecuaria\\\/#breadcrumb\",\"itemListElement\":[{\"@type\":\"ListItem\",\"position\":1,\"name\":\"In\u00edcio\",\"item\":\"https:\\\/\\\/jornalboasnoticias.com.br\\\/home\\\/\"},{\"@type\":\"ListItem\",\"position\":2,\"name\":\"Show Rural Coopavel destacar\u00e1 gen\u00e9tica e neg\u00f3cios na pecu\u00e1ria\"}]},{\"@type\":\"WebSite\",\"@id\":\"https:\\\/\\\/jornalboasnoticias.com.br\\\/home\\\/#website\",\"url\":\"https:\\\/\\\/jornalboasnoticias.com.br\\\/home\\\/\",\"name\":\"Jornal Boas Not\u00edcias\",\"description\":\"Boas not\u00edcias\",\"publisher\":{\"@id\":\"https:\\\/\\\/jornalboasnoticias.com.br\\\/home\\\/#organization\"},\"potentialAction\":[{\"@type\":\"SearchAction\",\"target\":{\"@type\":\"EntryPoint\",\"urlTemplate\":\"https:\\\/\\\/jornalboasnoticias.com.br\\\/home\\\/?s={search_term_string}\"},\"query-input\":{\"@type\":\"PropertyValueSpecification\",\"valueRequired\":true,\"valueName\":\"search_term_string\"}}],\"inLanguage\":\"pt-BR\"},{\"@type\":\"Organization\",\"@id\":\"https:\\\/\\\/jornalboasnoticias.com.br\\\/home\\\/#organization\",\"name\":\"Coq Editora Ltda\",\"alternateName\":\"Jornal Boas Noticias\",\"url\":\"https:\\\/\\\/jornalboasnoticias.com.br\\\/home\\\/\",\"logo\":{\"@type\":\"ImageObject\",\"inLanguage\":\"pt-BR\",\"@id\":\"https:\\\/\\\/jornalboasnoticias.com.br\\\/home\\\/#\\\/schema\\\/logo\\\/image\\\/\",\"url\":\"https:\\\/\\\/jornalboasnoticias.com.br\\\/home\\\/wp-content\\\/uploads\\\/2024\\\/07\\\/cropped-logo.jpg\",\"contentUrl\":\"https:\\\/\\\/jornalboasnoticias.com.br\\\/home\\\/wp-content\\\/uploads\\\/2024\\\/07\\\/cropped-logo.jpg\",\"width\":290,\"height\":142,\"caption\":\"Coq Editora Ltda\"},\"image\":{\"@id\":\"https:\\\/\\\/jornalboasnoticias.com.br\\\/home\\\/#\\\/schema\\\/logo\\\/image\\\/\"},\"sameAs\":[\"https:\\\/\\\/www.facebook.com\\\/boasnoticiasjornal\"]},{\"@type\":\"Person\",\"@id\":\"https:\\\/\\\/jornalboasnoticias.com.br\\\/home\\\/#\\\/schema\\\/person\\\/75f9ebde398c998c166475fb446bda62\",\"name\":\"Luiz Carlos da Cruz\",\"image\":{\"@type\":\"ImageObject\",\"inLanguage\":\"pt-BR\",\"@id\":\"https:\\\/\\\/secure.gravatar.com\\\/avatar\\\/e6f4f45301b6cb8572f7b076572e8ac11c1db80e805d8c8d0858cf286ce3ac3b?s=96&d=mm&r=g\",\"url\":\"https:\\\/\\\/secure.gravatar.com\\\/avatar\\\/e6f4f45301b6cb8572f7b076572e8ac11c1db80e805d8c8d0858cf286ce3ac3b?s=96&d=mm&r=g\",\"contentUrl\":\"https:\\\/\\\/secure.gravatar.com\\\/avatar\\\/e6f4f45301b6cb8572f7b076572e8ac11c1db80e805d8c8d0858cf286ce3ac3b?s=96&d=mm&r=g\",\"caption\":\"Luiz Carlos da Cruz\"},\"url\":\"https:\\\/\\\/jornalboasnoticias.com.br\\\/home\\\/author\\\/luiz-carlos-da-cruz\\\/\"}]}<\/script>\n<!-- \/ Yoast SEO plugin. -->","yoast_head_json":{"title":"Show Rural Coopavel destacar\u00e1 gen\u00e9tica e neg\u00f3cios na pecu\u00e1ria - Jornal","description":"Show Rural Coopavel destacar\u00e1 gen\u00e9tica e neg\u00f3cios na pecu\u00e1ria","robots":{"index":"index","follow":"follow","max-snippet":"max-snippet:-1","max-image-preview":"max-image-preview:large","max-video-preview":"max-video-preview:-1"},"canonical":"https:\/\/jornalboasnoticias.com.br\/home\/show-rural-coopavel-destacara-genetica-e-negocios-na-pecuaria\/","og_locale":"pt_BR","og_type":"article","og_title":"Show Rural Coopavel destacar\u00e1 gen\u00e9tica e neg\u00f3cios na pecu\u00e1ria - Jornal","og_description":"Show Rural Coopavel destacar\u00e1 gen\u00e9tica e neg\u00f3cios na pecu\u00e1ria","og_url":"https:\/\/jornalboasnoticias.com.br\/home\/show-rural-coopavel-destacara-genetica-e-negocios-na-pecuaria\/","og_site_name":"Jornal","article_publisher":"https:\/\/www.facebook.com\/boasnoticiasjornal","article_published_time":"2025-01-27T14:57:46+00:00","article_modified_time":"2025-01-27T14:57:51+00:00","og_image":[{"width":660,"height":418,"url":"https:\/\/jornalboasnoticias.com.br\/home\/wp-content\/uploads\/2025\/01\/bois-gado.jpg","type":"image\/jpeg"}],"author":"Luiz Carlos da Cruz","twitter_card":"summary_large_image","twitter_misc":{"Escrito por":"Luiz Carlos da Cruz","Est. tempo de leitura":"3 minutos"},"schema":{"@context":"https:\/\/schema.org","@graph":[{"@type":"Article","@id":"https:\/\/jornalboasnoticias.com.br\/home\/show-rural-coopavel-destacara-genetica-e-negocios-na-pecuaria\/#article","isPartOf":{"@id":"https:\/\/jornalboasnoticias.com.br\/home\/show-rural-coopavel-destacara-genetica-e-negocios-na-pecuaria\/"},"author":{"name":"Luiz Carlos da Cruz","@id":"https:\/\/jornalboasnoticias.com.br\/home\/#\/schema\/person\/75f9ebde398c998c166475fb446bda62"},"headline":"Show Rural Coopavel destacar\u00e1 gen\u00e9tica e neg\u00f3cios na pecu\u00e1ria","datePublished":"2025-01-27T14:57:46+00:00","dateModified":"2025-01-27T14:57:51+00:00","mainEntityOfPage":{"@id":"https:\/\/jornalboasnoticias.com.br\/home\/show-rural-coopavel-destacara-genetica-e-negocios-na-pecuaria\/"},"wordCount":348,"commentCount":0,"publisher":{"@id":"https:\/\/jornalboasnoticias.com.br\/home\/#organization"},"image":{"@id":"https:\/\/jornalboasnoticias.com.br\/home\/show-rural-coopavel-destacara-genetica-e-negocios-na-pecuaria\/#primaryimage"},"thumbnailUrl":"https:\/\/jornalboasnoticias.com.br\/home\/wp-content\/uploads\/2025\/01\/bois-gado.jpg","keywords":["cascavel","Show Rural"],"articleSection":["CASCAVEL"],"inLanguage":"pt-BR","potentialAction":[{"@type":"CommentAction","name":"Comment","target":["https:\/\/jornalboasnoticias.com.br\/home\/show-rural-coopavel-destacara-genetica-e-negocios-na-pecuaria\/#respond"]}]},{"@type":"WebPage","@id":"https:\/\/jornalboasnoticias.com.br\/home\/show-rural-coopavel-destacara-genetica-e-negocios-na-pecuaria\/","url":"https:\/\/jornalboasnoticias.com.br\/home\/show-rural-coopavel-destacara-genetica-e-negocios-na-pecuaria\/","name":"Show Rural Coopavel destacar\u00e1 gen\u00e9tica e neg\u00f3cios na pecu\u00e1ria - Jornal","isPartOf":{"@id":"https:\/\/jornalboasnoticias.com.br\/home\/#website"},"primaryImageOfPage":{"@id":"https:\/\/jornalboasnoticias.com.br\/home\/show-rural-coopavel-destacara-genetica-e-negocios-na-pecuaria\/#primaryimage"},"image":{"@id":"https:\/\/jornalboasnoticias.com.br\/home\/show-rural-coopavel-destacara-genetica-e-negocios-na-pecuaria\/#primaryimage"},"thumbnailUrl":"https:\/\/jornalboasnoticias.com.br\/home\/wp-content\/uploads\/2025\/01\/bois-gado.jpg","datePublished":"2025-01-27T14:57:46+00:00","dateModified":"2025-01-27T14:57:51+00:00","description":"Show Rural Coopavel destacar\u00e1 gen\u00e9tica e neg\u00f3cios na pecu\u00e1ria","breadcrumb":{"@id":"https:\/\/jornalboasnoticias.com.br\/home\/show-rural-coopavel-destacara-genetica-e-negocios-na-pecuaria\/#breadcrumb"},"inLanguage":"pt-BR","potentialAction":[{"@type":"ReadAction","target":["https:\/\/jornalboasnoticias.com.br\/home\/show-rural-coopavel-destacara-genetica-e-negocios-na-pecuaria\/"]}]},{"@type":"ImageObject","inLanguage":"pt-BR","@id":"https:\/\/jornalboasnoticias.com.br\/home\/show-rural-coopavel-destacara-genetica-e-negocios-na-pecuaria\/#primaryimage","url":"https:\/\/jornalboasnoticias.com.br\/home\/wp-content\/uploads\/2025\/01\/bois-gado.jpg","contentUrl":"https:\/\/jornalboasnoticias.com.br\/home\/wp-content\/uploads\/2025\/01\/bois-gado.jpg","width":660,"height":418},{"@type":"BreadcrumbList","@id":"https:\/\/jornalboasnoticias.com.br\/home\/show-rural-coopavel-destacara-genetica-e-negocios-na-pecuaria\/#breadcrumb","itemListElement":[{"@type":"ListItem","position":1,"name":"In\u00edcio","item":"https:\/\/jornalboasnoticias.com.br\/home\/"},{"@type":"ListItem","position":2,"name":"Show Rural Coopavel destacar\u00e1 gen\u00e9tica e neg\u00f3cios na pecu\u00e1ria"}]},{"@type":"WebSite","@id":"https:\/\/jornalboasnoticias.com.br\/home\/#website","url":"https:\/\/jornalboasnoticias.com.br\/home\/","name":"Jornal Boas Not\u00edcias","description":"Boas not\u00edcias","publisher":{"@id":"https:\/\/jornalboasnoticias.com.br\/home\/#organization"},"potentialAction":[{"@type":"SearchAction","target":{"@type":"EntryPoint","urlTemplate":"https:\/\/jornalboasnoticias.com.br\/home\/?s={search_term_string}"},"query-input":{"@type":"PropertyValueSpecification","valueRequired":true,"valueName":"search_term_string"}}],"inLanguage":"pt-BR"},{"@type":"Organization","@id":"https:\/\/jornalboasnoticias.com.br\/home\/#organization","name":"Coq Editora Ltda","alternateName":"Jornal Boas Noticias","url":"https:\/\/jornalboasnoticias.com.br\/home\/","logo":{"@type":"ImageObject","inLanguage":"pt-BR","@id":"https:\/\/jornalboasnoticias.com.br\/home\/#\/schema\/logo\/image\/","url":"https:\/\/jornalboasnoticias.com.br\/home\/wp-content\/uploads\/2024\/07\/cropped-logo.jpg","contentUrl":"https:\/\/jornalboasnoticias.com.br\/home\/wp-content\/uploads\/2024\/07\/cropped-logo.jpg","width":290,"height":142,"caption":"Coq Editora Ltda"},"image":{"@id":"https:\/\/jornalboasnoticias.com.br\/home\/#\/schema\/logo\/image\/"},"sameAs":["https:\/\/www.facebook.com\/boasnoticiasjornal"]},{"@type":"Person","@id":"https:\/\/jornalboasnoticias.com.br\/home\/#\/schema\/person\/75f9ebde398c998c166475fb446bda62","name":"Luiz Carlos da Cruz","image":{"@type":"ImageObject","inLanguage":"pt-BR","@id":"https:\/\/secure.gravatar.com\/avatar\/e6f4f45301b6cb8572f7b076572e8ac11c1db80e805d8c8d0858cf286ce3ac3b?s=96&d=mm&r=g","url":"https:\/\/secure.gravatar.com\/avatar\/e6f4f45301b6cb8572f7b076572e8ac11c1db80e805d8c8d0858cf286ce3ac3b?s=96&d=mm&r=g","contentUrl":"https:\/\/secure.gravatar.com\/avatar\/e6f4f45301b6cb8572f7b076572e8ac11c1db80e805d8c8d0858cf286ce3ac3b?s=96&d=mm&r=g","caption":"Luiz Carlos da Cruz"},"url":"https:\/\/jornalboasnoticias.com.br\/home\/author\/luiz-carlos-da-cruz\/"}]}},"_links":{"self":[{"href":"https:\/\/jornalboasnoticias.com.br\/home\/wp-json\/wp\/v2\/posts\/46155","targetHints":{"allow":["GET"]}}],"collection":[{"href":"https:\/\/jornalboasnoticias.com.br\/home\/wp-json\/wp\/v2\/posts"}],"about":[{"href":"https:\/\/jornalboasnoticias.com.br\/home\/wp-json\/wp\/v2\/types\/post"}],"author":[{"embeddable":true,"href":"https:\/\/jornalboasnoticias.com.br\/home\/wp-json\/wp\/v2\/users\/3"}],"replies":[{"embeddable":true,"href":"https:\/\/jornalboasnoticias.com.br\/home\/wp-json\/wp\/v2\/comments?post=46155"}],"version-history":[{"count":1,"href":"https:\/\/jornalboasnoticias.com.br\/home\/wp-json\/wp\/v2\/posts\/46155\/revisions"}],"predecessor-version":[{"id":46157,"href":"https:\/\/jornalboasnoticias.com.br\/home\/wp-json\/wp\/v2\/posts\/46155\/revisions\/46157"}],"wp:featuredmedia":[{"embeddable":true,"href":"https:\/\/jornalboasnoticias.com.br\/home\/wp-json\/wp\/v2\/media\/46156"}],"wp:attachment":[{"href":"https:\/\/jornalboasnoticias.com.br\/home\/wp-json\/wp\/v2\/media?parent=46155"}],"wp:term":[{"taxonomy":"category","embeddable":true,"href":"https:\/\/jornalboasnoticias.com.br\/home\/wp-json\/wp\/v2\/categories?post=46155"},{"taxonomy":"post_tag","embeddable":true,"href":"https:\/\/jornalboasnoticias.com.br\/home\/wp-json\/wp\/v2\/tags?post=46155"}],"curies":[{"name":"wp","href":"https:\/\/api.w.org\/{rel}","templated":true}]}}