{"id":46150,"date":"2025-01-27T14:53:20","date_gmt":"2025-01-27T14:53:20","guid":{"rendered":"https:\/\/jornalboasnoticias.com.br\/home\/?p=46150"},"modified":"2025-01-27T14:53:20","modified_gmt":"2025-01-27T14:53:20","slug":"crianca-de-sete-anos-e-a-17a-vitima-relacionada-as-fortes-chuvas-em-sp","status":"publish","type":"post","link":"https:\/\/jornalboasnoticias.com.br\/home\/crianca-de-sete-anos-e-a-17a-vitima-relacionada-as-fortes-chuvas-em-sp\/","title":{"rendered":"Crian\u00e7a de sete anos \u00e9 a 17\u00aa v\u00edtima relacionada \u00e0s fortes chuvas em SP"},"content":{"rendered":"<p style=\"text-align: center;\"><em><strong>Fato aconteceu no munic\u00edpio de Itapecerica da Serra<\/strong><\/em><\/p>\n<p><img loading=\"lazy\" decoding=\"async\" class=\"alignnone size-full wp-image-46153\" src=\"https:\/\/jornalboasnoticias.com.br\/home\/wp-content\/uploads\/2025\/01\/chuvas-1.webp\" alt=\"\" width=\"1170\" height=\"700\" srcset=\"https:\/\/jornalboasnoticias.com.br\/home\/wp-content\/uploads\/2025\/01\/chuvas-1.webp 1170w, https:\/\/jornalboasnoticias.com.br\/home\/wp-content\/uploads\/2025\/01\/chuvas-1-300x179.webp 300w, https:\/\/jornalboasnoticias.com.br\/home\/wp-content\/uploads\/2025\/01\/chuvas-1-1024x613.webp 1024w, https:\/\/jornalboasnoticias.com.br\/home\/wp-content\/uploads\/2025\/01\/chuvas-1-768x459.webp 768w\" sizes=\"auto, (max-width: 1170px) 100vw, 1170px\" \/><\/p>\n<p>Uma crian\u00e7a de 7 anos morreu ap\u00f3s cair em uma galeria de \u00e1gua enquanto brincava no Parque Municipal do Povo Roberto Nasraui, no munic\u00edpio de Itapecerica da Serra (SP). Segundo a Defesa Civil do estado de S\u00e3o Paulo, essa \u00e9 a 17\u00aa v\u00edtima relacionada \u00e0s fortes chuvas no estado desde 1\u00ba de dezembro, quando se iniciou a Opera\u00e7\u00e3o Chuvas 2024\/2025.<img decoding=\"async\" src=\"https:\/\/agenciabrasil.ebc.com.br\/ebc.png?id=1628056&amp;o=node\" \/><img decoding=\"async\" src=\"https:\/\/agenciabrasil.ebc.com.br\/ebc.gif?id=1628056&amp;o=node\" \/><\/p>\n<p>No final de semana, outras duas v\u00edtimas relacionadas \u00e0s chuvas no estado foram encontradas. No s\u00e1bado, o corpo de um homem de 73 anos foi encontrado dentro de sua resid\u00eancia, na capital paulista. A casa foi alagada na sexta-feira (24), dia em que a cidade registrou o terceiro maior volume de chuva da s\u00e9rie hist\u00f3rica, segundo o\u00a0Instituto Nacional de Meteorologia.<\/p>\n<p>No domingo, foi encontrado o corpo de um motociclista que foi arrastado por enxurrada no bairro Cumbica, em Guarulhos, no dia anterior.\u00a0Segundo a Defesa Civil, a enxurrada se formou ap\u00f3s uma forte chuva que caiu na cidade.<\/p>\n<h2>Gabinete de crise<\/h2>\n<p>A Defesa Civil montar\u00e1, de forma presencial, nesta segunda-feira (27), a partir das 14h, o gabinete de crise no Centro de Gerenciamento de Emerg\u00eancias (CGE) para coordenar as a\u00e7\u00f5es relacionadas aos eventos clim\u00e1ticos previstos. Entre segunda e ter\u00e7a-feira (28),\u00a0h\u00e1 previs\u00e3o de acumulados mais elevados de chuva, al\u00e9m de forte intensidade, informou o \u00f3rg\u00e3o.<\/p>\n<p>Empresas reguladoras de servi\u00e7os p\u00fablicos, representantes de concession\u00e1rias de abastecimento de \u00e1gua e energia tamb\u00e9m atuam no gabinete.<\/p>\n","protected":false},"excerpt":{"rendered":"<p>Fato aconteceu no munic\u00edpio de Itapecerica da Serra Uma crian\u00e7a de 7 anos morreu ap\u00f3s<\/p>\n","protected":false},"author":3,"featured_media":46153,"comment_status":"open","ping_status":"open","sticky":false,"template":"","format":"standard","meta":{"footnotes":""},"categories":[6,3],"tags":[33,70],"class_list":["post-46150","post","type-post","status-publish","format-standard","has-post-thumbnail","hentry","category-brasil","category-destaques","tag-chuvas","tag-sao-paulo"],"yoast_head":"<!-- This site is optimized with the Yoast SEO plugin v27.5 - https:\/\/yoast.com\/product\/yoast-seo-wordpress\/ -->\n<title>Crian\u00e7a de sete anos \u00e9 a 17\u00aa v\u00edtima relacionada \u00e0s fortes chuvas em SP - Jornal<\/title>\n<meta name=\"description\" content=\"Crian\u00e7a de sete anos \u00e9 a 17\u00aa v\u00edtima relacionada \u00e0s fortes chuvas em SP\" \/>\n<meta name=\"robots\" content=\"index, follow, max-snippet:-1, max-image-preview:large, max-video-preview:-1\" \/>\n<link rel=\"canonical\" href=\"https:\/\/jornalboasnoticias.com.br\/home\/crianca-de-sete-anos-e-a-17a-vitima-relacionada-as-fortes-chuvas-em-sp\/\" \/>\n<meta property=\"og:locale\" content=\"pt_BR\" \/>\n<meta property=\"og:type\" content=\"article\" \/>\n<meta property=\"og:title\" content=\"Crian\u00e7a de sete anos \u00e9 a 17\u00aa v\u00edtima relacionada \u00e0s fortes chuvas em SP - Jornal\" \/>\n<meta property=\"og:description\" content=\"Crian\u00e7a de sete anos \u00e9 a 17\u00aa v\u00edtima relacionada \u00e0s fortes chuvas em SP\" \/>\n<meta property=\"og:url\" content=\"https:\/\/jornalboasnoticias.com.br\/home\/crianca-de-sete-anos-e-a-17a-vitima-relacionada-as-fortes-chuvas-em-sp\/\" \/>\n<meta property=\"og:site_name\" content=\"Jornal\" \/>\n<meta property=\"article:publisher\" content=\"https:\/\/www.facebook.com\/boasnoticiasjornal\" \/>\n<meta property=\"article:published_time\" content=\"2025-01-27T14:53:20+00:00\" \/>\n<meta property=\"og:image\" content=\"https:\/\/jornalboasnoticias.com.br\/home\/wp-content\/uploads\/2025\/01\/chuvas-1.webp\" \/>\n\t<meta property=\"og:image:width\" content=\"1170\" \/>\n\t<meta property=\"og:image:height\" content=\"700\" \/>\n\t<meta property=\"og:image:type\" content=\"image\/webp\" \/>\n<meta name=\"author\" content=\"Luiz Carlos da Cruz\" \/>\n<meta name=\"twitter:card\" content=\"summary_large_image\" \/>\n<meta name=\"twitter:label1\" content=\"Escrito por\" \/>\n\t<meta name=\"twitter:data1\" content=\"Luiz Carlos da Cruz\" \/>\n\t<meta name=\"twitter:label2\" content=\"Est. tempo de leitura\" \/>\n\t<meta name=\"twitter:data2\" content=\"2 minutos\" \/>\n<script type=\"application\/ld+json\" class=\"yoast-schema-graph\">{\"@context\":\"https:\\\/\\\/schema.org\",\"@graph\":[{\"@type\":\"Article\",\"@id\":\"https:\\\/\\\/jornalboasnoticias.com.br\\\/home\\\/crianca-de-sete-anos-e-a-17a-vitima-relacionada-as-fortes-chuvas-em-sp\\\/#article\",\"isPartOf\":{\"@id\":\"https:\\\/\\\/jornalboasnoticias.com.br\\\/home\\\/crianca-de-sete-anos-e-a-17a-vitima-relacionada-as-fortes-chuvas-em-sp\\\/\"},\"author\":{\"name\":\"Luiz Carlos da Cruz\",\"@id\":\"https:\\\/\\\/jornalboasnoticias.com.br\\\/home\\\/#\\\/schema\\\/person\\\/75f9ebde398c998c166475fb446bda62\"},\"headline\":\"Crian\u00e7a de sete anos \u00e9 a 17\u00aa v\u00edtima relacionada \u00e0s fortes chuvas em SP\",\"datePublished\":\"2025-01-27T14:53:20+00:00\",\"mainEntityOfPage\":{\"@id\":\"https:\\\/\\\/jornalboasnoticias.com.br\\\/home\\\/crianca-de-sete-anos-e-a-17a-vitima-relacionada-as-fortes-chuvas-em-sp\\\/\"},\"wordCount\":271,\"commentCount\":0,\"publisher\":{\"@id\":\"https:\\\/\\\/jornalboasnoticias.com.br\\\/home\\\/#organization\"},\"image\":{\"@id\":\"https:\\\/\\\/jornalboasnoticias.com.br\\\/home\\\/crianca-de-sete-anos-e-a-17a-vitima-relacionada-as-fortes-chuvas-em-sp\\\/#primaryimage\"},\"thumbnailUrl\":\"https:\\\/\\\/jornalboasnoticias.com.br\\\/home\\\/wp-content\\\/uploads\\\/2025\\\/01\\\/chuvas-1.webp\",\"keywords\":[\"chuvas\",\"S\u00e3o Paulo\"],\"articleSection\":[\"BRASIL\",\"DESTAQUE\"],\"inLanguage\":\"pt-BR\",\"potentialAction\":[{\"@type\":\"CommentAction\",\"name\":\"Comment\",\"target\":[\"https:\\\/\\\/jornalboasnoticias.com.br\\\/home\\\/crianca-de-sete-anos-e-a-17a-vitima-relacionada-as-fortes-chuvas-em-sp\\\/#respond\"]}]},{\"@type\":\"WebPage\",\"@id\":\"https:\\\/\\\/jornalboasnoticias.com.br\\\/home\\\/crianca-de-sete-anos-e-a-17a-vitima-relacionada-as-fortes-chuvas-em-sp\\\/\",\"url\":\"https:\\\/\\\/jornalboasnoticias.com.br\\\/home\\\/crianca-de-sete-anos-e-a-17a-vitima-relacionada-as-fortes-chuvas-em-sp\\\/\",\"name\":\"Crian\u00e7a de sete anos \u00e9 a 17\u00aa v\u00edtima relacionada \u00e0s fortes chuvas em SP - Jornal\",\"isPartOf\":{\"@id\":\"https:\\\/\\\/jornalboasnoticias.com.br\\\/home\\\/#website\"},\"primaryImageOfPage\":{\"@id\":\"https:\\\/\\\/jornalboasnoticias.com.br\\\/home\\\/crianca-de-sete-anos-e-a-17a-vitima-relacionada-as-fortes-chuvas-em-sp\\\/#primaryimage\"},\"image\":{\"@id\":\"https:\\\/\\\/jornalboasnoticias.com.br\\\/home\\\/crianca-de-sete-anos-e-a-17a-vitima-relacionada-as-fortes-chuvas-em-sp\\\/#primaryimage\"},\"thumbnailUrl\":\"https:\\\/\\\/jornalboasnoticias.com.br\\\/home\\\/wp-content\\\/uploads\\\/2025\\\/01\\\/chuvas-1.webp\",\"datePublished\":\"2025-01-27T14:53:20+00:00\",\"description\":\"Crian\u00e7a de sete anos \u00e9 a 17\u00aa v\u00edtima relacionada \u00e0s fortes chuvas em SP\",\"breadcrumb\":{\"@id\":\"https:\\\/\\\/jornalboasnoticias.com.br\\\/home\\\/crianca-de-sete-anos-e-a-17a-vitima-relacionada-as-fortes-chuvas-em-sp\\\/#breadcrumb\"},\"inLanguage\":\"pt-BR\",\"potentialAction\":[{\"@type\":\"ReadAction\",\"target\":[\"https:\\\/\\\/jornalboasnoticias.com.br\\\/home\\\/crianca-de-sete-anos-e-a-17a-vitima-relacionada-as-fortes-chuvas-em-sp\\\/\"]}]},{\"@type\":\"ImageObject\",\"inLanguage\":\"pt-BR\",\"@id\":\"https:\\\/\\\/jornalboasnoticias.com.br\\\/home\\\/crianca-de-sete-anos-e-a-17a-vitima-relacionada-as-fortes-chuvas-em-sp\\\/#primaryimage\",\"url\":\"https:\\\/\\\/jornalboasnoticias.com.br\\\/home\\\/wp-content\\\/uploads\\\/2025\\\/01\\\/chuvas-1.webp\",\"contentUrl\":\"https:\\\/\\\/jornalboasnoticias.com.br\\\/home\\\/wp-content\\\/uploads\\\/2025\\\/01\\\/chuvas-1.webp\",\"width\":1170,\"height\":700},{\"@type\":\"BreadcrumbList\",\"@id\":\"https:\\\/\\\/jornalboasnoticias.com.br\\\/home\\\/crianca-de-sete-anos-e-a-17a-vitima-relacionada-as-fortes-chuvas-em-sp\\\/#breadcrumb\",\"itemListElement\":[{\"@type\":\"ListItem\",\"position\":1,\"name\":\"In\u00edcio\",\"item\":\"https:\\\/\\\/jornalboasnoticias.com.br\\\/home\\\/\"},{\"@type\":\"ListItem\",\"position\":2,\"name\":\"Crian\u00e7a de sete anos \u00e9 a 17\u00aa v\u00edtima relacionada \u00e0s fortes chuvas em SP\"}]},{\"@type\":\"WebSite\",\"@id\":\"https:\\\/\\\/jornalboasnoticias.com.br\\\/home\\\/#website\",\"url\":\"https:\\\/\\\/jornalboasnoticias.com.br\\\/home\\\/\",\"name\":\"Jornal Boas Not\u00edcias\",\"description\":\"Boas not\u00edcias\",\"publisher\":{\"@id\":\"https:\\\/\\\/jornalboasnoticias.com.br\\\/home\\\/#organization\"},\"potentialAction\":[{\"@type\":\"SearchAction\",\"target\":{\"@type\":\"EntryPoint\",\"urlTemplate\":\"https:\\\/\\\/jornalboasnoticias.com.br\\\/home\\\/?s={search_term_string}\"},\"query-input\":{\"@type\":\"PropertyValueSpecification\",\"valueRequired\":true,\"valueName\":\"search_term_string\"}}],\"inLanguage\":\"pt-BR\"},{\"@type\":\"Organization\",\"@id\":\"https:\\\/\\\/jornalboasnoticias.com.br\\\/home\\\/#organization\",\"name\":\"Coq Editora Ltda\",\"alternateName\":\"Jornal Boas Noticias\",\"url\":\"https:\\\/\\\/jornalboasnoticias.com.br\\\/home\\\/\",\"logo\":{\"@type\":\"ImageObject\",\"inLanguage\":\"pt-BR\",\"@id\":\"https:\\\/\\\/jornalboasnoticias.com.br\\\/home\\\/#\\\/schema\\\/logo\\\/image\\\/\",\"url\":\"https:\\\/\\\/jornalboasnoticias.com.br\\\/home\\\/wp-content\\\/uploads\\\/2024\\\/07\\\/cropped-logo.jpg\",\"contentUrl\":\"https:\\\/\\\/jornalboasnoticias.com.br\\\/home\\\/wp-content\\\/uploads\\\/2024\\\/07\\\/cropped-logo.jpg\",\"width\":290,\"height\":142,\"caption\":\"Coq Editora Ltda\"},\"image\":{\"@id\":\"https:\\\/\\\/jornalboasnoticias.com.br\\\/home\\\/#\\\/schema\\\/logo\\\/image\\\/\"},\"sameAs\":[\"https:\\\/\\\/www.facebook.com\\\/boasnoticiasjornal\"]},{\"@type\":\"Person\",\"@id\":\"https:\\\/\\\/jornalboasnoticias.com.br\\\/home\\\/#\\\/schema\\\/person\\\/75f9ebde398c998c166475fb446bda62\",\"name\":\"Luiz Carlos da Cruz\",\"image\":{\"@type\":\"ImageObject\",\"inLanguage\":\"pt-BR\",\"@id\":\"https:\\\/\\\/secure.gravatar.com\\\/avatar\\\/e6f4f45301b6cb8572f7b076572e8ac11c1db80e805d8c8d0858cf286ce3ac3b?s=96&d=mm&r=g\",\"url\":\"https:\\\/\\\/secure.gravatar.com\\\/avatar\\\/e6f4f45301b6cb8572f7b076572e8ac11c1db80e805d8c8d0858cf286ce3ac3b?s=96&d=mm&r=g\",\"contentUrl\":\"https:\\\/\\\/secure.gravatar.com\\\/avatar\\\/e6f4f45301b6cb8572f7b076572e8ac11c1db80e805d8c8d0858cf286ce3ac3b?s=96&d=mm&r=g\",\"caption\":\"Luiz Carlos da Cruz\"},\"url\":\"https:\\\/\\\/jornalboasnoticias.com.br\\\/home\\\/author\\\/luiz-carlos-da-cruz\\\/\"}]}<\/script>\n<!-- \/ Yoast SEO plugin. -->","yoast_head_json":{"title":"Crian\u00e7a de sete anos \u00e9 a 17\u00aa v\u00edtima relacionada \u00e0s fortes chuvas em SP - Jornal","description":"Crian\u00e7a de sete anos \u00e9 a 17\u00aa v\u00edtima relacionada \u00e0s fortes chuvas em SP","robots":{"index":"index","follow":"follow","max-snippet":"max-snippet:-1","max-image-preview":"max-image-preview:large","max-video-preview":"max-video-preview:-1"},"canonical":"https:\/\/jornalboasnoticias.com.br\/home\/crianca-de-sete-anos-e-a-17a-vitima-relacionada-as-fortes-chuvas-em-sp\/","og_locale":"pt_BR","og_type":"article","og_title":"Crian\u00e7a de sete anos \u00e9 a 17\u00aa v\u00edtima relacionada \u00e0s fortes chuvas em SP - Jornal","og_description":"Crian\u00e7a de sete anos \u00e9 a 17\u00aa v\u00edtima relacionada \u00e0s fortes chuvas em SP","og_url":"https:\/\/jornalboasnoticias.com.br\/home\/crianca-de-sete-anos-e-a-17a-vitima-relacionada-as-fortes-chuvas-em-sp\/","og_site_name":"Jornal","article_publisher":"https:\/\/www.facebook.com\/boasnoticiasjornal","article_published_time":"2025-01-27T14:53:20+00:00","og_image":[{"width":1170,"height":700,"url":"https:\/\/jornalboasnoticias.com.br\/home\/wp-content\/uploads\/2025\/01\/chuvas-1.webp","type":"image\/webp"}],"author":"Luiz Carlos da Cruz","twitter_card":"summary_large_image","twitter_misc":{"Escrito por":"Luiz Carlos da Cruz","Est. tempo de leitura":"2 minutos"},"schema":{"@context":"https:\/\/schema.org","@graph":[{"@type":"Article","@id":"https:\/\/jornalboasnoticias.com.br\/home\/crianca-de-sete-anos-e-a-17a-vitima-relacionada-as-fortes-chuvas-em-sp\/#article","isPartOf":{"@id":"https:\/\/jornalboasnoticias.com.br\/home\/crianca-de-sete-anos-e-a-17a-vitima-relacionada-as-fortes-chuvas-em-sp\/"},"author":{"name":"Luiz Carlos da Cruz","@id":"https:\/\/jornalboasnoticias.com.br\/home\/#\/schema\/person\/75f9ebde398c998c166475fb446bda62"},"headline":"Crian\u00e7a de sete anos \u00e9 a 17\u00aa v\u00edtima relacionada \u00e0s fortes chuvas em SP","datePublished":"2025-01-27T14:53:20+00:00","mainEntityOfPage":{"@id":"https:\/\/jornalboasnoticias.com.br\/home\/crianca-de-sete-anos-e-a-17a-vitima-relacionada-as-fortes-chuvas-em-sp\/"},"wordCount":271,"commentCount":0,"publisher":{"@id":"https:\/\/jornalboasnoticias.com.br\/home\/#organization"},"image":{"@id":"https:\/\/jornalboasnoticias.com.br\/home\/crianca-de-sete-anos-e-a-17a-vitima-relacionada-as-fortes-chuvas-em-sp\/#primaryimage"},"thumbnailUrl":"https:\/\/jornalboasnoticias.com.br\/home\/wp-content\/uploads\/2025\/01\/chuvas-1.webp","keywords":["chuvas","S\u00e3o Paulo"],"articleSection":["BRASIL","DESTAQUE"],"inLanguage":"pt-BR","potentialAction":[{"@type":"CommentAction","name":"Comment","target":["https:\/\/jornalboasnoticias.com.br\/home\/crianca-de-sete-anos-e-a-17a-vitima-relacionada-as-fortes-chuvas-em-sp\/#respond"]}]},{"@type":"WebPage","@id":"https:\/\/jornalboasnoticias.com.br\/home\/crianca-de-sete-anos-e-a-17a-vitima-relacionada-as-fortes-chuvas-em-sp\/","url":"https:\/\/jornalboasnoticias.com.br\/home\/crianca-de-sete-anos-e-a-17a-vitima-relacionada-as-fortes-chuvas-em-sp\/","name":"Crian\u00e7a de sete anos \u00e9 a 17\u00aa v\u00edtima relacionada \u00e0s fortes chuvas em SP - Jornal","isPartOf":{"@id":"https:\/\/jornalboasnoticias.com.br\/home\/#website"},"primaryImageOfPage":{"@id":"https:\/\/jornalboasnoticias.com.br\/home\/crianca-de-sete-anos-e-a-17a-vitima-relacionada-as-fortes-chuvas-em-sp\/#primaryimage"},"image":{"@id":"https:\/\/jornalboasnoticias.com.br\/home\/crianca-de-sete-anos-e-a-17a-vitima-relacionada-as-fortes-chuvas-em-sp\/#primaryimage"},"thumbnailUrl":"https:\/\/jornalboasnoticias.com.br\/home\/wp-content\/uploads\/2025\/01\/chuvas-1.webp","datePublished":"2025-01-27T14:53:20+00:00","description":"Crian\u00e7a de sete anos \u00e9 a 17\u00aa v\u00edtima relacionada \u00e0s fortes chuvas em SP","breadcrumb":{"@id":"https:\/\/jornalboasnoticias.com.br\/home\/crianca-de-sete-anos-e-a-17a-vitima-relacionada-as-fortes-chuvas-em-sp\/#breadcrumb"},"inLanguage":"pt-BR","potentialAction":[{"@type":"ReadAction","target":["https:\/\/jornalboasnoticias.com.br\/home\/crianca-de-sete-anos-e-a-17a-vitima-relacionada-as-fortes-chuvas-em-sp\/"]}]},{"@type":"ImageObject","inLanguage":"pt-BR","@id":"https:\/\/jornalboasnoticias.com.br\/home\/crianca-de-sete-anos-e-a-17a-vitima-relacionada-as-fortes-chuvas-em-sp\/#primaryimage","url":"https:\/\/jornalboasnoticias.com.br\/home\/wp-content\/uploads\/2025\/01\/chuvas-1.webp","contentUrl":"https:\/\/jornalboasnoticias.com.br\/home\/wp-content\/uploads\/2025\/01\/chuvas-1.webp","width":1170,"height":700},{"@type":"BreadcrumbList","@id":"https:\/\/jornalboasnoticias.com.br\/home\/crianca-de-sete-anos-e-a-17a-vitima-relacionada-as-fortes-chuvas-em-sp\/#breadcrumb","itemListElement":[{"@type":"ListItem","position":1,"name":"In\u00edcio","item":"https:\/\/jornalboasnoticias.com.br\/home\/"},{"@type":"ListItem","position":2,"name":"Crian\u00e7a de sete anos \u00e9 a 17\u00aa v\u00edtima relacionada \u00e0s fortes chuvas em SP"}]},{"@type":"WebSite","@id":"https:\/\/jornalboasnoticias.com.br\/home\/#website","url":"https:\/\/jornalboasnoticias.com.br\/home\/","name":"Jornal Boas Not\u00edcias","description":"Boas not\u00edcias","publisher":{"@id":"https:\/\/jornalboasnoticias.com.br\/home\/#organization"},"potentialAction":[{"@type":"SearchAction","target":{"@type":"EntryPoint","urlTemplate":"https:\/\/jornalboasnoticias.com.br\/home\/?s={search_term_string}"},"query-input":{"@type":"PropertyValueSpecification","valueRequired":true,"valueName":"search_term_string"}}],"inLanguage":"pt-BR"},{"@type":"Organization","@id":"https:\/\/jornalboasnoticias.com.br\/home\/#organization","name":"Coq Editora Ltda","alternateName":"Jornal Boas Noticias","url":"https:\/\/jornalboasnoticias.com.br\/home\/","logo":{"@type":"ImageObject","inLanguage":"pt-BR","@id":"https:\/\/jornalboasnoticias.com.br\/home\/#\/schema\/logo\/image\/","url":"https:\/\/jornalboasnoticias.com.br\/home\/wp-content\/uploads\/2024\/07\/cropped-logo.jpg","contentUrl":"https:\/\/jornalboasnoticias.com.br\/home\/wp-content\/uploads\/2024\/07\/cropped-logo.jpg","width":290,"height":142,"caption":"Coq Editora Ltda"},"image":{"@id":"https:\/\/jornalboasnoticias.com.br\/home\/#\/schema\/logo\/image\/"},"sameAs":["https:\/\/www.facebook.com\/boasnoticiasjornal"]},{"@type":"Person","@id":"https:\/\/jornalboasnoticias.com.br\/home\/#\/schema\/person\/75f9ebde398c998c166475fb446bda62","name":"Luiz Carlos da Cruz","image":{"@type":"ImageObject","inLanguage":"pt-BR","@id":"https:\/\/secure.gravatar.com\/avatar\/e6f4f45301b6cb8572f7b076572e8ac11c1db80e805d8c8d0858cf286ce3ac3b?s=96&d=mm&r=g","url":"https:\/\/secure.gravatar.com\/avatar\/e6f4f45301b6cb8572f7b076572e8ac11c1db80e805d8c8d0858cf286ce3ac3b?s=96&d=mm&r=g","contentUrl":"https:\/\/secure.gravatar.com\/avatar\/e6f4f45301b6cb8572f7b076572e8ac11c1db80e805d8c8d0858cf286ce3ac3b?s=96&d=mm&r=g","caption":"Luiz Carlos da Cruz"},"url":"https:\/\/jornalboasnoticias.com.br\/home\/author\/luiz-carlos-da-cruz\/"}]}},"_links":{"self":[{"href":"https:\/\/jornalboasnoticias.com.br\/home\/wp-json\/wp\/v2\/posts\/46150","targetHints":{"allow":["GET"]}}],"collection":[{"href":"https:\/\/jornalboasnoticias.com.br\/home\/wp-json\/wp\/v2\/posts"}],"about":[{"href":"https:\/\/jornalboasnoticias.com.br\/home\/wp-json\/wp\/v2\/types\/post"}],"author":[{"embeddable":true,"href":"https:\/\/jornalboasnoticias.com.br\/home\/wp-json\/wp\/v2\/users\/3"}],"replies":[{"embeddable":true,"href":"https:\/\/jornalboasnoticias.com.br\/home\/wp-json\/wp\/v2\/comments?post=46150"}],"version-history":[{"count":1,"href":"https:\/\/jornalboasnoticias.com.br\/home\/wp-json\/wp\/v2\/posts\/46150\/revisions"}],"predecessor-version":[{"id":46154,"href":"https:\/\/jornalboasnoticias.com.br\/home\/wp-json\/wp\/v2\/posts\/46150\/revisions\/46154"}],"wp:featuredmedia":[{"embeddable":true,"href":"https:\/\/jornalboasnoticias.com.br\/home\/wp-json\/wp\/v2\/media\/46153"}],"wp:attachment":[{"href":"https:\/\/jornalboasnoticias.com.br\/home\/wp-json\/wp\/v2\/media?parent=46150"}],"wp:term":[{"taxonomy":"category","embeddable":true,"href":"https:\/\/jornalboasnoticias.com.br\/home\/wp-json\/wp\/v2\/categories?post=46150"},{"taxonomy":"post_tag","embeddable":true,"href":"https:\/\/jornalboasnoticias.com.br\/home\/wp-json\/wp\/v2\/tags?post=46150"}],"curies":[{"name":"wp","href":"https:\/\/api.w.org\/{rel}","templated":true}]}}