{"id":46147,"date":"2025-01-27T14:47:47","date_gmt":"2025-01-27T14:47:47","guid":{"rendered":"https:\/\/jornalboasnoticias.com.br\/home\/?p=46147"},"modified":"2025-01-27T14:47:47","modified_gmt":"2025-01-27T14:47:47","slug":"sonia-xavier-volta-a-presidir-a-amic-a-partir-de-sexta-feira-31","status":"publish","type":"post","link":"https:\/\/jornalboasnoticias.com.br\/home\/sonia-xavier-volta-a-presidir-a-amic-a-partir-de-sexta-feira-31\/","title":{"rendered":"S\u00f4nia Xavier volta a presidir a Amic a partir de sexta-feira (31)"},"content":{"rendered":"<p style=\"text-align: center;\"><em><strong>Em solenidade marcada para esta sexta-feira (31), Jovane dos Santos Borges transmite o cargo a S\u00f4nia Regina Xavier<\/strong><\/em><\/p>\n<p><img loading=\"lazy\" decoding=\"async\" class=\"alignnone size-full wp-image-46148\" src=\"https:\/\/jornalboasnoticias.com.br\/home\/wp-content\/uploads\/2025\/01\/Sonia.jpeg\" alt=\"\" width=\"1000\" height=\"696\" srcset=\"https:\/\/jornalboasnoticias.com.br\/home\/wp-content\/uploads\/2025\/01\/Sonia.jpeg 1000w, https:\/\/jornalboasnoticias.com.br\/home\/wp-content\/uploads\/2025\/01\/Sonia-300x209.jpeg 300w, https:\/\/jornalboasnoticias.com.br\/home\/wp-content\/uploads\/2025\/01\/Sonia-768x535.jpeg 768w\" sizes=\"auto, (max-width: 1000px) 100vw, 1000px\" \/><\/p>\n<p>Em cerim\u00f4nia marcada para esta sexta-feira (31), a AMIC (Associa\u00e7\u00e3o das Micro e Pequenas Empresas) empossa a nova diretoria eleita para o bi\u00eanio 2025-2027, com S\u00f4nia Regina Spengler Xavier \u00e0 frente da presid\u00eancia. A transmiss\u00e3o de cargo ser\u00e1 realizada na sede da AMIC, localizada na Rua Maranh\u00e3o, n\u00ba 92, a partir das 18h30.<\/p>\n<p>A atual gest\u00e3o, comandada por Jovane dos Santos Borges, far\u00e1 a entrega formal dos cargos ap\u00f3s um per\u00edodo de transi\u00e7\u00e3o e alinhamento com a nova diretoria, que incluiu a presta\u00e7\u00e3o de contas da administra\u00e7\u00e3o vigente nesta quinta-feira (30). O objetivo \u00e9 assegurar a continuidade dos projetos e o fortalecimento da AMIC.<\/p>\n<p>Compromisso renovado<br \/>\nS\u00f4nia Regina, que j\u00e1 fez hist\u00f3ria como a primeira mulher a presidir a AMIC durante o bi\u00eanio 2019-2021, assume novamente o desafio de liderar a entidade ao lado do vice-presidente Jo\u00e3o Batista Cunha J\u00fanior e uma equipe comprometida com o fortalecimento dos associados. Durante sua gest\u00e3o anterior, ela foi respons\u00e1vel por marcos como a inaugura\u00e7\u00e3o da nova sede da associa\u00e7\u00e3o, um espa\u00e7o moderno e sustent\u00e1vel voltado \u00e0 capacita\u00e7\u00e3o e inclus\u00e3o de micro e pequenos empres\u00e1rios. Agora, novas metas est\u00e3o sendo tra\u00e7adas para fortalecer o trabalho iniciado.<\/p>\n<p>\u201cEstou muito feliz em voltar a ocupar este cargo. Fui instigada a retornar e senti que poderia contribuir com mais um mandato. Nosso foco principal \u00e9 o associado. Trabalharemos para proporcionar momentos de conhecimento, intera\u00e7\u00e3o e novas experi\u00eancias para o fortalecimento do empreendedor e seus neg\u00f3cios\u201d, destaca S\u00f4nia.<\/p>\n<p>Gest\u00e3o colaborativa<br \/>\nFundada na d\u00e9cada de 1980, a AMIC se consolidou como refer\u00eancia para micro e pequenos empres\u00e1rios, mantendo um modelo de administra\u00e7\u00e3o colaborativa ao longo desses 40 anos. A diretoria, formada por empres\u00e1rios associados e n\u00e3o remunerados, reinveste todos os resultados financeiros em projetos que promovem inova\u00e7\u00e3o, sustentabilidade e capacita\u00e7\u00e3o cont\u00ednua.<\/p>\n<p>Nova diretoria eleita<br \/>\nPresidente: S\u00f4nia Regina Spengler Xavier<br \/>\nVice-presidente: Jo\u00e3o Batista Cunha J\u00fanior<br \/>\nDiretor Financeiro: Jefferson Machado Bonfim<br \/>\nDiretor Administrativo: Oilson Andr\u00e9 Thomann<br \/>\nDiretor Jur\u00eddico: Ildo Forcelini<br \/>\nDiretora de Neg\u00f3cios: Aline Mara da Rocha Alve<br \/>\nDiretor de Patrim\u00f4nio: Jos\u00e9 Valdenir Schemberg<br \/>\nDiretor de Projetos: Jos\u00e9 Luiz Roman Oliva<br \/>\nDiretor de Inova\u00e7\u00e3o: Wagner Souza Camargo<br \/>\nDiretora de Desenvolvimento Sustent\u00e1vel: Marta Regina Andr\u00e9<br \/>\nDiretora de Rela\u00e7\u00f5es Institucionais: Denise Veronese<\/p>\n","protected":false},"excerpt":{"rendered":"<p>Em solenidade marcada para esta sexta-feira (31), Jovane dos Santos Borges transmite o cargo a<\/p>\n","protected":false},"author":3,"featured_media":46148,"comment_status":"open","ping_status":"open","sticky":false,"template":"","format":"standard","meta":{"footnotes":""},"categories":[2,3],"tags":[117,10,118],"class_list":["post-46147","post","type-post","status-publish","format-standard","has-post-thumbnail","hentry","category-cascavel","category-destaques","tag-amic","tag-cascavel","tag-sonia-xavier"],"yoast_head":"<!-- This site is optimized with the Yoast SEO plugin v27.5 - https:\/\/yoast.com\/product\/yoast-seo-wordpress\/ -->\n<title>S\u00f4nia Xavier volta a presidir a Amic a partir de sexta-feira (31) - Jornal<\/title>\n<meta name=\"description\" content=\"S\u00f4nia Xavier volta a presidir a Amic a partir de sexta-feira (31)\" \/>\n<meta name=\"robots\" content=\"index, follow, max-snippet:-1, max-image-preview:large, max-video-preview:-1\" \/>\n<link rel=\"canonical\" href=\"https:\/\/jornalboasnoticias.com.br\/home\/sonia-xavier-volta-a-presidir-a-amic-a-partir-de-sexta-feira-31\/\" \/>\n<meta property=\"og:locale\" content=\"pt_BR\" \/>\n<meta property=\"og:type\" content=\"article\" \/>\n<meta property=\"og:title\" content=\"S\u00f4nia Xavier volta a presidir a Amic a partir de sexta-feira (31) - Jornal\" \/>\n<meta property=\"og:description\" content=\"S\u00f4nia Xavier volta a presidir a Amic a partir de sexta-feira (31)\" \/>\n<meta property=\"og:url\" content=\"https:\/\/jornalboasnoticias.com.br\/home\/sonia-xavier-volta-a-presidir-a-amic-a-partir-de-sexta-feira-31\/\" \/>\n<meta property=\"og:site_name\" content=\"Jornal\" \/>\n<meta property=\"article:publisher\" content=\"https:\/\/www.facebook.com\/boasnoticiasjornal\" \/>\n<meta property=\"article:published_time\" content=\"2025-01-27T14:47:47+00:00\" \/>\n<meta property=\"og:image\" content=\"https:\/\/jornalboasnoticias.com.br\/home\/wp-content\/uploads\/2025\/01\/Sonia.jpeg\" \/>\n\t<meta property=\"og:image:width\" content=\"1000\" \/>\n\t<meta property=\"og:image:height\" content=\"696\" \/>\n\t<meta property=\"og:image:type\" content=\"image\/jpeg\" \/>\n<meta name=\"author\" content=\"Luiz Carlos da Cruz\" \/>\n<meta name=\"twitter:card\" content=\"summary_large_image\" \/>\n<meta name=\"twitter:label1\" content=\"Escrito por\" \/>\n\t<meta name=\"twitter:data1\" content=\"Luiz Carlos da Cruz\" \/>\n\t<meta name=\"twitter:label2\" content=\"Est. tempo de leitura\" \/>\n\t<meta name=\"twitter:data2\" content=\"3 minutos\" \/>\n<script type=\"application\/ld+json\" class=\"yoast-schema-graph\">{\"@context\":\"https:\\\/\\\/schema.org\",\"@graph\":[{\"@type\":\"Article\",\"@id\":\"https:\\\/\\\/jornalboasnoticias.com.br\\\/home\\\/sonia-xavier-volta-a-presidir-a-amic-a-partir-de-sexta-feira-31\\\/#article\",\"isPartOf\":{\"@id\":\"https:\\\/\\\/jornalboasnoticias.com.br\\\/home\\\/sonia-xavier-volta-a-presidir-a-amic-a-partir-de-sexta-feira-31\\\/\"},\"author\":{\"name\":\"Luiz Carlos da Cruz\",\"@id\":\"https:\\\/\\\/jornalboasnoticias.com.br\\\/home\\\/#\\\/schema\\\/person\\\/75f9ebde398c998c166475fb446bda62\"},\"headline\":\"S\u00f4nia Xavier volta a presidir a Amic a partir de sexta-feira (31)\",\"datePublished\":\"2025-01-27T14:47:47+00:00\",\"mainEntityOfPage\":{\"@id\":\"https:\\\/\\\/jornalboasnoticias.com.br\\\/home\\\/sonia-xavier-volta-a-presidir-a-amic-a-partir-de-sexta-feira-31\\\/\"},\"wordCount\":432,\"commentCount\":0,\"publisher\":{\"@id\":\"https:\\\/\\\/jornalboasnoticias.com.br\\\/home\\\/#organization\"},\"image\":{\"@id\":\"https:\\\/\\\/jornalboasnoticias.com.br\\\/home\\\/sonia-xavier-volta-a-presidir-a-amic-a-partir-de-sexta-feira-31\\\/#primaryimage\"},\"thumbnailUrl\":\"https:\\\/\\\/jornalboasnoticias.com.br\\\/home\\\/wp-content\\\/uploads\\\/2025\\\/01\\\/Sonia.jpeg\",\"keywords\":[\"Amic\",\"cascavel\",\"S\u00f4nia Xavier\"],\"articleSection\":[\"CASCAVEL\",\"DESTAQUE\"],\"inLanguage\":\"pt-BR\",\"potentialAction\":[{\"@type\":\"CommentAction\",\"name\":\"Comment\",\"target\":[\"https:\\\/\\\/jornalboasnoticias.com.br\\\/home\\\/sonia-xavier-volta-a-presidir-a-amic-a-partir-de-sexta-feira-31\\\/#respond\"]}]},{\"@type\":\"WebPage\",\"@id\":\"https:\\\/\\\/jornalboasnoticias.com.br\\\/home\\\/sonia-xavier-volta-a-presidir-a-amic-a-partir-de-sexta-feira-31\\\/\",\"url\":\"https:\\\/\\\/jornalboasnoticias.com.br\\\/home\\\/sonia-xavier-volta-a-presidir-a-amic-a-partir-de-sexta-feira-31\\\/\",\"name\":\"S\u00f4nia Xavier volta a presidir a Amic a partir de sexta-feira (31) - Jornal\",\"isPartOf\":{\"@id\":\"https:\\\/\\\/jornalboasnoticias.com.br\\\/home\\\/#website\"},\"primaryImageOfPage\":{\"@id\":\"https:\\\/\\\/jornalboasnoticias.com.br\\\/home\\\/sonia-xavier-volta-a-presidir-a-amic-a-partir-de-sexta-feira-31\\\/#primaryimage\"},\"image\":{\"@id\":\"https:\\\/\\\/jornalboasnoticias.com.br\\\/home\\\/sonia-xavier-volta-a-presidir-a-amic-a-partir-de-sexta-feira-31\\\/#primaryimage\"},\"thumbnailUrl\":\"https:\\\/\\\/jornalboasnoticias.com.br\\\/home\\\/wp-content\\\/uploads\\\/2025\\\/01\\\/Sonia.jpeg\",\"datePublished\":\"2025-01-27T14:47:47+00:00\",\"description\":\"S\u00f4nia Xavier volta a presidir a Amic a partir de sexta-feira (31)\",\"breadcrumb\":{\"@id\":\"https:\\\/\\\/jornalboasnoticias.com.br\\\/home\\\/sonia-xavier-volta-a-presidir-a-amic-a-partir-de-sexta-feira-31\\\/#breadcrumb\"},\"inLanguage\":\"pt-BR\",\"potentialAction\":[{\"@type\":\"ReadAction\",\"target\":[\"https:\\\/\\\/jornalboasnoticias.com.br\\\/home\\\/sonia-xavier-volta-a-presidir-a-amic-a-partir-de-sexta-feira-31\\\/\"]}]},{\"@type\":\"ImageObject\",\"inLanguage\":\"pt-BR\",\"@id\":\"https:\\\/\\\/jornalboasnoticias.com.br\\\/home\\\/sonia-xavier-volta-a-presidir-a-amic-a-partir-de-sexta-feira-31\\\/#primaryimage\",\"url\":\"https:\\\/\\\/jornalboasnoticias.com.br\\\/home\\\/wp-content\\\/uploads\\\/2025\\\/01\\\/Sonia.jpeg\",\"contentUrl\":\"https:\\\/\\\/jornalboasnoticias.com.br\\\/home\\\/wp-content\\\/uploads\\\/2025\\\/01\\\/Sonia.jpeg\",\"width\":1000,\"height\":696},{\"@type\":\"BreadcrumbList\",\"@id\":\"https:\\\/\\\/jornalboasnoticias.com.br\\\/home\\\/sonia-xavier-volta-a-presidir-a-amic-a-partir-de-sexta-feira-31\\\/#breadcrumb\",\"itemListElement\":[{\"@type\":\"ListItem\",\"position\":1,\"name\":\"In\u00edcio\",\"item\":\"https:\\\/\\\/jornalboasnoticias.com.br\\\/home\\\/\"},{\"@type\":\"ListItem\",\"position\":2,\"name\":\"S\u00f4nia Xavier volta a presidir a Amic a partir de sexta-feira (31)\"}]},{\"@type\":\"WebSite\",\"@id\":\"https:\\\/\\\/jornalboasnoticias.com.br\\\/home\\\/#website\",\"url\":\"https:\\\/\\\/jornalboasnoticias.com.br\\\/home\\\/\",\"name\":\"Jornal Boas Not\u00edcias\",\"description\":\"Boas not\u00edcias\",\"publisher\":{\"@id\":\"https:\\\/\\\/jornalboasnoticias.com.br\\\/home\\\/#organization\"},\"potentialAction\":[{\"@type\":\"SearchAction\",\"target\":{\"@type\":\"EntryPoint\",\"urlTemplate\":\"https:\\\/\\\/jornalboasnoticias.com.br\\\/home\\\/?s={search_term_string}\"},\"query-input\":{\"@type\":\"PropertyValueSpecification\",\"valueRequired\":true,\"valueName\":\"search_term_string\"}}],\"inLanguage\":\"pt-BR\"},{\"@type\":\"Organization\",\"@id\":\"https:\\\/\\\/jornalboasnoticias.com.br\\\/home\\\/#organization\",\"name\":\"Coq Editora Ltda\",\"alternateName\":\"Jornal Boas Noticias\",\"url\":\"https:\\\/\\\/jornalboasnoticias.com.br\\\/home\\\/\",\"logo\":{\"@type\":\"ImageObject\",\"inLanguage\":\"pt-BR\",\"@id\":\"https:\\\/\\\/jornalboasnoticias.com.br\\\/home\\\/#\\\/schema\\\/logo\\\/image\\\/\",\"url\":\"https:\\\/\\\/jornalboasnoticias.com.br\\\/home\\\/wp-content\\\/uploads\\\/2024\\\/07\\\/cropped-logo.jpg\",\"contentUrl\":\"https:\\\/\\\/jornalboasnoticias.com.br\\\/home\\\/wp-content\\\/uploads\\\/2024\\\/07\\\/cropped-logo.jpg\",\"width\":290,\"height\":142,\"caption\":\"Coq Editora Ltda\"},\"image\":{\"@id\":\"https:\\\/\\\/jornalboasnoticias.com.br\\\/home\\\/#\\\/schema\\\/logo\\\/image\\\/\"},\"sameAs\":[\"https:\\\/\\\/www.facebook.com\\\/boasnoticiasjornal\"]},{\"@type\":\"Person\",\"@id\":\"https:\\\/\\\/jornalboasnoticias.com.br\\\/home\\\/#\\\/schema\\\/person\\\/75f9ebde398c998c166475fb446bda62\",\"name\":\"Luiz Carlos da Cruz\",\"image\":{\"@type\":\"ImageObject\",\"inLanguage\":\"pt-BR\",\"@id\":\"https:\\\/\\\/secure.gravatar.com\\\/avatar\\\/e6f4f45301b6cb8572f7b076572e8ac11c1db80e805d8c8d0858cf286ce3ac3b?s=96&d=mm&r=g\",\"url\":\"https:\\\/\\\/secure.gravatar.com\\\/avatar\\\/e6f4f45301b6cb8572f7b076572e8ac11c1db80e805d8c8d0858cf286ce3ac3b?s=96&d=mm&r=g\",\"contentUrl\":\"https:\\\/\\\/secure.gravatar.com\\\/avatar\\\/e6f4f45301b6cb8572f7b076572e8ac11c1db80e805d8c8d0858cf286ce3ac3b?s=96&d=mm&r=g\",\"caption\":\"Luiz Carlos da Cruz\"},\"url\":\"https:\\\/\\\/jornalboasnoticias.com.br\\\/home\\\/author\\\/luiz-carlos-da-cruz\\\/\"}]}<\/script>\n<!-- \/ Yoast SEO plugin. -->","yoast_head_json":{"title":"S\u00f4nia Xavier volta a presidir a Amic a partir de sexta-feira (31) - Jornal","description":"S\u00f4nia Xavier volta a presidir a Amic a partir de sexta-feira (31)","robots":{"index":"index","follow":"follow","max-snippet":"max-snippet:-1","max-image-preview":"max-image-preview:large","max-video-preview":"max-video-preview:-1"},"canonical":"https:\/\/jornalboasnoticias.com.br\/home\/sonia-xavier-volta-a-presidir-a-amic-a-partir-de-sexta-feira-31\/","og_locale":"pt_BR","og_type":"article","og_title":"S\u00f4nia Xavier volta a presidir a Amic a partir de sexta-feira (31) - Jornal","og_description":"S\u00f4nia Xavier volta a presidir a Amic a partir de sexta-feira (31)","og_url":"https:\/\/jornalboasnoticias.com.br\/home\/sonia-xavier-volta-a-presidir-a-amic-a-partir-de-sexta-feira-31\/","og_site_name":"Jornal","article_publisher":"https:\/\/www.facebook.com\/boasnoticiasjornal","article_published_time":"2025-01-27T14:47:47+00:00","og_image":[{"width":1000,"height":696,"url":"https:\/\/jornalboasnoticias.com.br\/home\/wp-content\/uploads\/2025\/01\/Sonia.jpeg","type":"image\/jpeg"}],"author":"Luiz Carlos da Cruz","twitter_card":"summary_large_image","twitter_misc":{"Escrito por":"Luiz Carlos da Cruz","Est. tempo de leitura":"3 minutos"},"schema":{"@context":"https:\/\/schema.org","@graph":[{"@type":"Article","@id":"https:\/\/jornalboasnoticias.com.br\/home\/sonia-xavier-volta-a-presidir-a-amic-a-partir-de-sexta-feira-31\/#article","isPartOf":{"@id":"https:\/\/jornalboasnoticias.com.br\/home\/sonia-xavier-volta-a-presidir-a-amic-a-partir-de-sexta-feira-31\/"},"author":{"name":"Luiz Carlos da Cruz","@id":"https:\/\/jornalboasnoticias.com.br\/home\/#\/schema\/person\/75f9ebde398c998c166475fb446bda62"},"headline":"S\u00f4nia Xavier volta a presidir a Amic a partir de sexta-feira (31)","datePublished":"2025-01-27T14:47:47+00:00","mainEntityOfPage":{"@id":"https:\/\/jornalboasnoticias.com.br\/home\/sonia-xavier-volta-a-presidir-a-amic-a-partir-de-sexta-feira-31\/"},"wordCount":432,"commentCount":0,"publisher":{"@id":"https:\/\/jornalboasnoticias.com.br\/home\/#organization"},"image":{"@id":"https:\/\/jornalboasnoticias.com.br\/home\/sonia-xavier-volta-a-presidir-a-amic-a-partir-de-sexta-feira-31\/#primaryimage"},"thumbnailUrl":"https:\/\/jornalboasnoticias.com.br\/home\/wp-content\/uploads\/2025\/01\/Sonia.jpeg","keywords":["Amic","cascavel","S\u00f4nia Xavier"],"articleSection":["CASCAVEL","DESTAQUE"],"inLanguage":"pt-BR","potentialAction":[{"@type":"CommentAction","name":"Comment","target":["https:\/\/jornalboasnoticias.com.br\/home\/sonia-xavier-volta-a-presidir-a-amic-a-partir-de-sexta-feira-31\/#respond"]}]},{"@type":"WebPage","@id":"https:\/\/jornalboasnoticias.com.br\/home\/sonia-xavier-volta-a-presidir-a-amic-a-partir-de-sexta-feira-31\/","url":"https:\/\/jornalboasnoticias.com.br\/home\/sonia-xavier-volta-a-presidir-a-amic-a-partir-de-sexta-feira-31\/","name":"S\u00f4nia Xavier volta a presidir a Amic a partir de sexta-feira (31) - Jornal","isPartOf":{"@id":"https:\/\/jornalboasnoticias.com.br\/home\/#website"},"primaryImageOfPage":{"@id":"https:\/\/jornalboasnoticias.com.br\/home\/sonia-xavier-volta-a-presidir-a-amic-a-partir-de-sexta-feira-31\/#primaryimage"},"image":{"@id":"https:\/\/jornalboasnoticias.com.br\/home\/sonia-xavier-volta-a-presidir-a-amic-a-partir-de-sexta-feira-31\/#primaryimage"},"thumbnailUrl":"https:\/\/jornalboasnoticias.com.br\/home\/wp-content\/uploads\/2025\/01\/Sonia.jpeg","datePublished":"2025-01-27T14:47:47+00:00","description":"S\u00f4nia Xavier volta a presidir a Amic a partir de sexta-feira (31)","breadcrumb":{"@id":"https:\/\/jornalboasnoticias.com.br\/home\/sonia-xavier-volta-a-presidir-a-amic-a-partir-de-sexta-feira-31\/#breadcrumb"},"inLanguage":"pt-BR","potentialAction":[{"@type":"ReadAction","target":["https:\/\/jornalboasnoticias.com.br\/home\/sonia-xavier-volta-a-presidir-a-amic-a-partir-de-sexta-feira-31\/"]}]},{"@type":"ImageObject","inLanguage":"pt-BR","@id":"https:\/\/jornalboasnoticias.com.br\/home\/sonia-xavier-volta-a-presidir-a-amic-a-partir-de-sexta-feira-31\/#primaryimage","url":"https:\/\/jornalboasnoticias.com.br\/home\/wp-content\/uploads\/2025\/01\/Sonia.jpeg","contentUrl":"https:\/\/jornalboasnoticias.com.br\/home\/wp-content\/uploads\/2025\/01\/Sonia.jpeg","width":1000,"height":696},{"@type":"BreadcrumbList","@id":"https:\/\/jornalboasnoticias.com.br\/home\/sonia-xavier-volta-a-presidir-a-amic-a-partir-de-sexta-feira-31\/#breadcrumb","itemListElement":[{"@type":"ListItem","position":1,"name":"In\u00edcio","item":"https:\/\/jornalboasnoticias.com.br\/home\/"},{"@type":"ListItem","position":2,"name":"S\u00f4nia Xavier volta a presidir a Amic a partir de sexta-feira (31)"}]},{"@type":"WebSite","@id":"https:\/\/jornalboasnoticias.com.br\/home\/#website","url":"https:\/\/jornalboasnoticias.com.br\/home\/","name":"Jornal Boas Not\u00edcias","description":"Boas not\u00edcias","publisher":{"@id":"https:\/\/jornalboasnoticias.com.br\/home\/#organization"},"potentialAction":[{"@type":"SearchAction","target":{"@type":"EntryPoint","urlTemplate":"https:\/\/jornalboasnoticias.com.br\/home\/?s={search_term_string}"},"query-input":{"@type":"PropertyValueSpecification","valueRequired":true,"valueName":"search_term_string"}}],"inLanguage":"pt-BR"},{"@type":"Organization","@id":"https:\/\/jornalboasnoticias.com.br\/home\/#organization","name":"Coq Editora Ltda","alternateName":"Jornal Boas Noticias","url":"https:\/\/jornalboasnoticias.com.br\/home\/","logo":{"@type":"ImageObject","inLanguage":"pt-BR","@id":"https:\/\/jornalboasnoticias.com.br\/home\/#\/schema\/logo\/image\/","url":"https:\/\/jornalboasnoticias.com.br\/home\/wp-content\/uploads\/2024\/07\/cropped-logo.jpg","contentUrl":"https:\/\/jornalboasnoticias.com.br\/home\/wp-content\/uploads\/2024\/07\/cropped-logo.jpg","width":290,"height":142,"caption":"Coq Editora Ltda"},"image":{"@id":"https:\/\/jornalboasnoticias.com.br\/home\/#\/schema\/logo\/image\/"},"sameAs":["https:\/\/www.facebook.com\/boasnoticiasjornal"]},{"@type":"Person","@id":"https:\/\/jornalboasnoticias.com.br\/home\/#\/schema\/person\/75f9ebde398c998c166475fb446bda62","name":"Luiz Carlos da Cruz","image":{"@type":"ImageObject","inLanguage":"pt-BR","@id":"https:\/\/secure.gravatar.com\/avatar\/e6f4f45301b6cb8572f7b076572e8ac11c1db80e805d8c8d0858cf286ce3ac3b?s=96&d=mm&r=g","url":"https:\/\/secure.gravatar.com\/avatar\/e6f4f45301b6cb8572f7b076572e8ac11c1db80e805d8c8d0858cf286ce3ac3b?s=96&d=mm&r=g","contentUrl":"https:\/\/secure.gravatar.com\/avatar\/e6f4f45301b6cb8572f7b076572e8ac11c1db80e805d8c8d0858cf286ce3ac3b?s=96&d=mm&r=g","caption":"Luiz Carlos da Cruz"},"url":"https:\/\/jornalboasnoticias.com.br\/home\/author\/luiz-carlos-da-cruz\/"}]}},"_links":{"self":[{"href":"https:\/\/jornalboasnoticias.com.br\/home\/wp-json\/wp\/v2\/posts\/46147","targetHints":{"allow":["GET"]}}],"collection":[{"href":"https:\/\/jornalboasnoticias.com.br\/home\/wp-json\/wp\/v2\/posts"}],"about":[{"href":"https:\/\/jornalboasnoticias.com.br\/home\/wp-json\/wp\/v2\/types\/post"}],"author":[{"embeddable":true,"href":"https:\/\/jornalboasnoticias.com.br\/home\/wp-json\/wp\/v2\/users\/3"}],"replies":[{"embeddable":true,"href":"https:\/\/jornalboasnoticias.com.br\/home\/wp-json\/wp\/v2\/comments?post=46147"}],"version-history":[{"count":1,"href":"https:\/\/jornalboasnoticias.com.br\/home\/wp-json\/wp\/v2\/posts\/46147\/revisions"}],"predecessor-version":[{"id":46149,"href":"https:\/\/jornalboasnoticias.com.br\/home\/wp-json\/wp\/v2\/posts\/46147\/revisions\/46149"}],"wp:featuredmedia":[{"embeddable":true,"href":"https:\/\/jornalboasnoticias.com.br\/home\/wp-json\/wp\/v2\/media\/46148"}],"wp:attachment":[{"href":"https:\/\/jornalboasnoticias.com.br\/home\/wp-json\/wp\/v2\/media?parent=46147"}],"wp:term":[{"taxonomy":"category","embeddable":true,"href":"https:\/\/jornalboasnoticias.com.br\/home\/wp-json\/wp\/v2\/categories?post=46147"},{"taxonomy":"post_tag","embeddable":true,"href":"https:\/\/jornalboasnoticias.com.br\/home\/wp-json\/wp\/v2\/tags?post=46147"}],"curies":[{"name":"wp","href":"https:\/\/api.w.org\/{rel}","templated":true}]}}