{"id":46144,"date":"2025-01-27T14:43:47","date_gmt":"2025-01-27T14:43:47","guid":{"rendered":"https:\/\/jornalboasnoticias.com.br\/home\/?p=46144"},"modified":"2025-01-27T14:43:47","modified_gmt":"2025-01-27T14:43:47","slug":"mercado-financeiro-eleva-previsao-da-inflacao-de-508-para-55","status":"publish","type":"post","link":"https:\/\/jornalboasnoticias.com.br\/home\/mercado-financeiro-eleva-previsao-da-inflacao-de-508-para-55\/","title":{"rendered":"Mercado financeiro eleva previs\u00e3o da infla\u00e7\u00e3o de 5,08% para 5,5%"},"content":{"rendered":"<p style=\"text-align: center;\"><em><strong>Proje\u00e7\u00e3o de expans\u00e3o da economia est\u00e1 em 2,06% para este ano<\/strong><\/em><\/p>\n<figure id=\"attachment_46145\" aria-describedby=\"caption-attachment-46145\" style=\"width: 1170px\" class=\"wp-caption alignnone\"><img loading=\"lazy\" decoding=\"async\" class=\"size-full wp-image-46145\" src=\"https:\/\/jornalboasnoticias.com.br\/home\/wp-content\/uploads\/2025\/01\/banco-central.webp\" alt=\"\" width=\"1170\" height=\"700\" srcset=\"https:\/\/jornalboasnoticias.com.br\/home\/wp-content\/uploads\/2025\/01\/banco-central.webp 1170w, https:\/\/jornalboasnoticias.com.br\/home\/wp-content\/uploads\/2025\/01\/banco-central-300x179.webp 300w, https:\/\/jornalboasnoticias.com.br\/home\/wp-content\/uploads\/2025\/01\/banco-central-1024x613.webp 1024w, https:\/\/jornalboasnoticias.com.br\/home\/wp-content\/uploads\/2025\/01\/banco-central-768x459.webp 768w\" sizes=\"auto, (max-width: 1170px) 100vw, 1170px\" \/><figcaption id=\"caption-attachment-46145\" class=\"wp-caption-text\">\u00a9 Rafa Neddermeyer\/Ag\u00eancia Brasil<\/figcaption><\/figure>\n<p>A previs\u00e3o do mercado financeiro para o \u00cdndice Nacional de Pre\u00e7os ao Consumidor Amplo (IPCA) \u2013 considerado a infla\u00e7\u00e3o oficial do pa\u00eds \u2013 passou de 5,08% para 5,5% este ano. A estimativa est\u00e1 no Boletim Focus desta segunda-feira (27), pesquisa divulgada semanalmente pelo Banco Central (BC), em Bras\u00edlia, com a expectativa de institui\u00e7\u00f5es financeiras para os principais indicadores econ\u00f4micos.<img decoding=\"async\" src=\"https:\/\/agenciabrasil.ebc.com.br\/ebc.png?id=1628063&amp;o=node\" \/><img decoding=\"async\" src=\"https:\/\/agenciabrasil.ebc.com.br\/ebc.gif?id=1628063&amp;o=node\" \/><\/p>\n<p>Para 2026, a proje\u00e7\u00e3o da infla\u00e7\u00e3o tamb\u00e9m subiu de 4,1% para 4,22%. Para 2027 e 2028, as previs\u00f5es s\u00e3o de 3,9% e 3,73%, respectivamente.<\/p>\n<p>A estimativa para 2025 est\u00e1 acima do teto da meta de infla\u00e7\u00e3o que deve ser perseguida pelo BC. Definida pelo Conselho Monet\u00e1rio Nacional (CMN), a meta \u00e9 de 3%, com intervalo de toler\u00e2ncia de 1,5 ponto percentual para cima ou para baixo. Ou seja, o limite inferior \u00e9 1,5% e o superior 4,5%.<\/p>\n<p>Com o resultado de 0,52% em dezembro,\u00a0a infla\u00e7\u00e3o oficial do pa\u00eds fechou 2024 em 4,83%, acima do limite m\u00e1ximo da meta estipulada pelo CMN. Em 2023, o IPCA havia ficado em 4,62%. De acordo com o Instituto Brasileiro de Geografia e Estat\u00edstica (IBGE), ao longo do ano passado, o grupo alimentos e bebidas foi o que mais pressionou o bolso dos brasileiros.<\/p>\n<h2>Juros b\u00e1sicos<\/h2>\n<p>Para alcan\u00e7ar a meta de infla\u00e7\u00e3o,\u00a0o Banco Central usa como principal instrumento a taxa b\u00e1sica de juros, a Selic, definida em 12,25% ao ano.<\/p>\n<p>A alta do d\u00f3lar e as incertezas em torno da infla\u00e7\u00e3o e da economia global fizeram o BC aumentar o ritmo de subida dos juros na \u00faltima reuni\u00e3o de 2024, em dezembro. Esse foi o terceiro aumento seguido da Selic e a alta consolida um ciclo de contra\u00e7\u00e3o na pol\u00edtica monet\u00e1ria. A taxa retornou ao n\u00edvel de dezembro do ano passado, quando estava em 12,25% ao ano.<\/p>\n<p>Ap\u00f3s passar um ano em 13,75% ao ano &#8211; entre agosto de 2022 e agosto de 2023 &#8211; a taxa teve seis cortes de 0,5 ponto e um corte de 0,25 ponto entre agosto do ano passado e maio deste ano. Nas reuni\u00f5es de junho e julho, o Copom decidiu manter a taxa em 10,5% ao ano, come\u00e7ando a aumentar a Selic na reuni\u00e3o de setembro, quando a taxa subiu 0,25 ponto, e novembro, quando aumentou 0,5 ponto.<\/p>\n<p>O \u00f3rg\u00e3o informou que elevar\u00e1 a taxa Selic em um ponto percentual nas pr\u00f3ximas duas reuni\u00f5es deste ano, caso os cen\u00e1rios se confirmem. O primeiro encontro do Copom este ano ocorre nesta ter\u00e7a-feira (28) e quarta-feira (29) e a expectativa do mercado financeiro \u00e9 de que o colegiado confirme a eleva\u00e7\u00e3o da Selic para 13,25% ao ano.<\/p>\n<p>Para o fim de 2025, a estimativa \u00e9 que a taxa b\u00e1sica suba para 15% ao ano. Para 2026, 2027 e 2028, a previs\u00e3o \u00e9 que ela seja reduzida para 12,5% ao ano, 10,38% ao ano e 10% ao ano, respectivamente.<\/p>\n<p>Quando o Copom aumenta a taxa b\u00e1sica de juros a finalidade \u00e9 conter a demanda aquecida, e isso causa reflexos nos pre\u00e7os porque os juros mais altos encarecem o cr\u00e9dito e estimulam a poupan\u00e7a. Mas, al\u00e9m da Selic, os bancos consideram outros fatores na hora de definir os juros cobrados dos consumidores, como risco de inadimpl\u00eancia, lucro e despesas administrativas. Assim, taxas mais altas tamb\u00e9m podem dificultar a expans\u00e3o da economia.<\/p>\n<p>Quando a taxa Selic \u00e9 reduzida, a tend\u00eancia \u00e9 que o cr\u00e9dito fique mais barato, com incentivo \u00e0 produ\u00e7\u00e3o e ao consumo, reduzindo o controle sobre a infla\u00e7\u00e3o e estimulando a atividade econ\u00f4mica.<\/p>\n<h2>PIB e c\u00e2mbio<\/h2>\n<p>A proje\u00e7\u00e3o das institui\u00e7\u00f5es financeiras para o crescimento da economia brasileira este ano passou de 2,04% para 2,06%. Para 2026, a expectativa para o PIB \u00e9 de crescimento de 1,72%. Para 2027 e 2028, o mercado financeiro estima expans\u00e3o do PIB em 1,96% e 2%, respectivamente.<\/p>\n<p>No terceiro trimestre de 2024, o\u00a0Produto Interno Bruto\u00a0(PIB &#8211; a soma dos bens e servi\u00e7os produzidos no pa\u00eds) subiu 0,9% em compara\u00e7\u00e3o com o segundo trimestre. De acordo com o IBGE, a alta acumulada no ano &#8211; de janeiro a setembro do ano passado &#8211; \u00e9 de 3,3%.<\/p>\n<p>Em 2023, superando as proje\u00e7\u00f5es, a economia brasileira cresceu 3,2%. Em 2022, a taxa de expans\u00e3o foi de 3%.<\/p>\n<p>A previs\u00e3o da cota\u00e7\u00e3o do d\u00f3lar est\u00e1 em R$ 6 para o fim deste ano. No fim de 2026, estima-se que a moeda norte-americana fique no mesmo patamar.<\/p>\n<p><strong>Ag\u00eancia Brasil<\/strong><\/p>\n","protected":false},"excerpt":{"rendered":"<p>Proje\u00e7\u00e3o de expans\u00e3o da economia est\u00e1 em 2,06% para este ano A previs\u00e3o do mercado<\/p>\n","protected":false},"author":3,"featured_media":46145,"comment_status":"open","ping_status":"open","sticky":false,"template":"","format":"standard","meta":{"footnotes":""},"categories":[3,5],"tags":[116,115],"class_list":["post-46144","post","type-post","status-publish","format-standard","has-post-thumbnail","hentry","category-destaques","category-economia","tag-banco-central","tag-inflacao"],"yoast_head":"<!-- This site is optimized with the Yoast SEO plugin v27.5 - https:\/\/yoast.com\/product\/yoast-seo-wordpress\/ -->\n<title>Mercado financeiro eleva previs\u00e3o da infla\u00e7\u00e3o de 5,08% para 5,5% - Jornal<\/title>\n<meta name=\"description\" content=\"Mercado financeiro eleva previs\u00e3o da infla\u00e7\u00e3o de 5,08% para 5,5%\" \/>\n<meta name=\"robots\" content=\"index, follow, max-snippet:-1, max-image-preview:large, max-video-preview:-1\" \/>\n<link rel=\"canonical\" href=\"https:\/\/jornalboasnoticias.com.br\/home\/mercado-financeiro-eleva-previsao-da-inflacao-de-508-para-55\/\" \/>\n<meta property=\"og:locale\" content=\"pt_BR\" \/>\n<meta property=\"og:type\" content=\"article\" \/>\n<meta property=\"og:title\" content=\"Mercado financeiro eleva previs\u00e3o da infla\u00e7\u00e3o de 5,08% para 5,5% - Jornal\" \/>\n<meta property=\"og:description\" content=\"Mercado financeiro eleva previs\u00e3o da infla\u00e7\u00e3o de 5,08% para 5,5%\" \/>\n<meta property=\"og:url\" content=\"https:\/\/jornalboasnoticias.com.br\/home\/mercado-financeiro-eleva-previsao-da-inflacao-de-508-para-55\/\" \/>\n<meta property=\"og:site_name\" content=\"Jornal\" \/>\n<meta property=\"article:publisher\" content=\"https:\/\/www.facebook.com\/boasnoticiasjornal\" \/>\n<meta property=\"article:published_time\" content=\"2025-01-27T14:43:47+00:00\" \/>\n<meta property=\"og:image\" content=\"https:\/\/jornalboasnoticias.com.br\/home\/wp-content\/uploads\/2025\/01\/banco-central.webp\" \/>\n\t<meta property=\"og:image:width\" content=\"1170\" \/>\n\t<meta property=\"og:image:height\" content=\"700\" \/>\n\t<meta property=\"og:image:type\" content=\"image\/webp\" \/>\n<meta name=\"author\" content=\"Luiz Carlos da Cruz\" \/>\n<meta name=\"twitter:card\" content=\"summary_large_image\" \/>\n<meta name=\"twitter:label1\" content=\"Escrito por\" \/>\n\t<meta name=\"twitter:data1\" content=\"Luiz Carlos da Cruz\" \/>\n\t<meta name=\"twitter:label2\" content=\"Est. tempo de leitura\" \/>\n\t<meta name=\"twitter:data2\" content=\"5 minutos\" \/>\n<script type=\"application\/ld+json\" class=\"yoast-schema-graph\">{\"@context\":\"https:\\\/\\\/schema.org\",\"@graph\":[{\"@type\":\"Article\",\"@id\":\"https:\\\/\\\/jornalboasnoticias.com.br\\\/home\\\/mercado-financeiro-eleva-previsao-da-inflacao-de-508-para-55\\\/#article\",\"isPartOf\":{\"@id\":\"https:\\\/\\\/jornalboasnoticias.com.br\\\/home\\\/mercado-financeiro-eleva-previsao-da-inflacao-de-508-para-55\\\/\"},\"author\":{\"name\":\"Luiz Carlos da Cruz\",\"@id\":\"https:\\\/\\\/jornalboasnoticias.com.br\\\/home\\\/#\\\/schema\\\/person\\\/75f9ebde398c998c166475fb446bda62\"},\"headline\":\"Mercado financeiro eleva previs\u00e3o da infla\u00e7\u00e3o de 5,08% para 5,5%\",\"datePublished\":\"2025-01-27T14:43:47+00:00\",\"mainEntityOfPage\":{\"@id\":\"https:\\\/\\\/jornalboasnoticias.com.br\\\/home\\\/mercado-financeiro-eleva-previsao-da-inflacao-de-508-para-55\\\/\"},\"wordCount\":751,\"commentCount\":0,\"publisher\":{\"@id\":\"https:\\\/\\\/jornalboasnoticias.com.br\\\/home\\\/#organization\"},\"image\":{\"@id\":\"https:\\\/\\\/jornalboasnoticias.com.br\\\/home\\\/mercado-financeiro-eleva-previsao-da-inflacao-de-508-para-55\\\/#primaryimage\"},\"thumbnailUrl\":\"https:\\\/\\\/jornalboasnoticias.com.br\\\/home\\\/wp-content\\\/uploads\\\/2025\\\/01\\\/banco-central.webp\",\"keywords\":[\"Banco Central\",\"Infla\u00e7\u00e3o\"],\"articleSection\":[\"DESTAQUE\",\"ECONOMIA\"],\"inLanguage\":\"pt-BR\",\"potentialAction\":[{\"@type\":\"CommentAction\",\"name\":\"Comment\",\"target\":[\"https:\\\/\\\/jornalboasnoticias.com.br\\\/home\\\/mercado-financeiro-eleva-previsao-da-inflacao-de-508-para-55\\\/#respond\"]}]},{\"@type\":\"WebPage\",\"@id\":\"https:\\\/\\\/jornalboasnoticias.com.br\\\/home\\\/mercado-financeiro-eleva-previsao-da-inflacao-de-508-para-55\\\/\",\"url\":\"https:\\\/\\\/jornalboasnoticias.com.br\\\/home\\\/mercado-financeiro-eleva-previsao-da-inflacao-de-508-para-55\\\/\",\"name\":\"Mercado financeiro eleva previs\u00e3o da infla\u00e7\u00e3o de 5,08% para 5,5% - Jornal\",\"isPartOf\":{\"@id\":\"https:\\\/\\\/jornalboasnoticias.com.br\\\/home\\\/#website\"},\"primaryImageOfPage\":{\"@id\":\"https:\\\/\\\/jornalboasnoticias.com.br\\\/home\\\/mercado-financeiro-eleva-previsao-da-inflacao-de-508-para-55\\\/#primaryimage\"},\"image\":{\"@id\":\"https:\\\/\\\/jornalboasnoticias.com.br\\\/home\\\/mercado-financeiro-eleva-previsao-da-inflacao-de-508-para-55\\\/#primaryimage\"},\"thumbnailUrl\":\"https:\\\/\\\/jornalboasnoticias.com.br\\\/home\\\/wp-content\\\/uploads\\\/2025\\\/01\\\/banco-central.webp\",\"datePublished\":\"2025-01-27T14:43:47+00:00\",\"description\":\"Mercado financeiro eleva previs\u00e3o da infla\u00e7\u00e3o de 5,08% para 5,5%\",\"breadcrumb\":{\"@id\":\"https:\\\/\\\/jornalboasnoticias.com.br\\\/home\\\/mercado-financeiro-eleva-previsao-da-inflacao-de-508-para-55\\\/#breadcrumb\"},\"inLanguage\":\"pt-BR\",\"potentialAction\":[{\"@type\":\"ReadAction\",\"target\":[\"https:\\\/\\\/jornalboasnoticias.com.br\\\/home\\\/mercado-financeiro-eleva-previsao-da-inflacao-de-508-para-55\\\/\"]}]},{\"@type\":\"ImageObject\",\"inLanguage\":\"pt-BR\",\"@id\":\"https:\\\/\\\/jornalboasnoticias.com.br\\\/home\\\/mercado-financeiro-eleva-previsao-da-inflacao-de-508-para-55\\\/#primaryimage\",\"url\":\"https:\\\/\\\/jornalboasnoticias.com.br\\\/home\\\/wp-content\\\/uploads\\\/2025\\\/01\\\/banco-central.webp\",\"contentUrl\":\"https:\\\/\\\/jornalboasnoticias.com.br\\\/home\\\/wp-content\\\/uploads\\\/2025\\\/01\\\/banco-central.webp\",\"width\":1170,\"height\":700,\"caption\":\"\u00a9 Rafa Neddermeyer\\\/Ag\u00eancia Brasil\"},{\"@type\":\"BreadcrumbList\",\"@id\":\"https:\\\/\\\/jornalboasnoticias.com.br\\\/home\\\/mercado-financeiro-eleva-previsao-da-inflacao-de-508-para-55\\\/#breadcrumb\",\"itemListElement\":[{\"@type\":\"ListItem\",\"position\":1,\"name\":\"In\u00edcio\",\"item\":\"https:\\\/\\\/jornalboasnoticias.com.br\\\/home\\\/\"},{\"@type\":\"ListItem\",\"position\":2,\"name\":\"Mercado financeiro eleva previs\u00e3o da infla\u00e7\u00e3o de 5,08% para 5,5%\"}]},{\"@type\":\"WebSite\",\"@id\":\"https:\\\/\\\/jornalboasnoticias.com.br\\\/home\\\/#website\",\"url\":\"https:\\\/\\\/jornalboasnoticias.com.br\\\/home\\\/\",\"name\":\"Jornal Boas Not\u00edcias\",\"description\":\"Boas not\u00edcias\",\"publisher\":{\"@id\":\"https:\\\/\\\/jornalboasnoticias.com.br\\\/home\\\/#organization\"},\"potentialAction\":[{\"@type\":\"SearchAction\",\"target\":{\"@type\":\"EntryPoint\",\"urlTemplate\":\"https:\\\/\\\/jornalboasnoticias.com.br\\\/home\\\/?s={search_term_string}\"},\"query-input\":{\"@type\":\"PropertyValueSpecification\",\"valueRequired\":true,\"valueName\":\"search_term_string\"}}],\"inLanguage\":\"pt-BR\"},{\"@type\":\"Organization\",\"@id\":\"https:\\\/\\\/jornalboasnoticias.com.br\\\/home\\\/#organization\",\"name\":\"Coq Editora Ltda\",\"alternateName\":\"Jornal Boas Noticias\",\"url\":\"https:\\\/\\\/jornalboasnoticias.com.br\\\/home\\\/\",\"logo\":{\"@type\":\"ImageObject\",\"inLanguage\":\"pt-BR\",\"@id\":\"https:\\\/\\\/jornalboasnoticias.com.br\\\/home\\\/#\\\/schema\\\/logo\\\/image\\\/\",\"url\":\"https:\\\/\\\/jornalboasnoticias.com.br\\\/home\\\/wp-content\\\/uploads\\\/2024\\\/07\\\/cropped-logo.jpg\",\"contentUrl\":\"https:\\\/\\\/jornalboasnoticias.com.br\\\/home\\\/wp-content\\\/uploads\\\/2024\\\/07\\\/cropped-logo.jpg\",\"width\":290,\"height\":142,\"caption\":\"Coq Editora Ltda\"},\"image\":{\"@id\":\"https:\\\/\\\/jornalboasnoticias.com.br\\\/home\\\/#\\\/schema\\\/logo\\\/image\\\/\"},\"sameAs\":[\"https:\\\/\\\/www.facebook.com\\\/boasnoticiasjornal\"]},{\"@type\":\"Person\",\"@id\":\"https:\\\/\\\/jornalboasnoticias.com.br\\\/home\\\/#\\\/schema\\\/person\\\/75f9ebde398c998c166475fb446bda62\",\"name\":\"Luiz Carlos da Cruz\",\"image\":{\"@type\":\"ImageObject\",\"inLanguage\":\"pt-BR\",\"@id\":\"https:\\\/\\\/secure.gravatar.com\\\/avatar\\\/e6f4f45301b6cb8572f7b076572e8ac11c1db80e805d8c8d0858cf286ce3ac3b?s=96&d=mm&r=g\",\"url\":\"https:\\\/\\\/secure.gravatar.com\\\/avatar\\\/e6f4f45301b6cb8572f7b076572e8ac11c1db80e805d8c8d0858cf286ce3ac3b?s=96&d=mm&r=g\",\"contentUrl\":\"https:\\\/\\\/secure.gravatar.com\\\/avatar\\\/e6f4f45301b6cb8572f7b076572e8ac11c1db80e805d8c8d0858cf286ce3ac3b?s=96&d=mm&r=g\",\"caption\":\"Luiz Carlos da Cruz\"},\"url\":\"https:\\\/\\\/jornalboasnoticias.com.br\\\/home\\\/author\\\/luiz-carlos-da-cruz\\\/\"}]}<\/script>\n<!-- \/ Yoast SEO plugin. -->","yoast_head_json":{"title":"Mercado financeiro eleva previs\u00e3o da infla\u00e7\u00e3o de 5,08% para 5,5% - Jornal","description":"Mercado financeiro eleva previs\u00e3o da infla\u00e7\u00e3o de 5,08% para 5,5%","robots":{"index":"index","follow":"follow","max-snippet":"max-snippet:-1","max-image-preview":"max-image-preview:large","max-video-preview":"max-video-preview:-1"},"canonical":"https:\/\/jornalboasnoticias.com.br\/home\/mercado-financeiro-eleva-previsao-da-inflacao-de-508-para-55\/","og_locale":"pt_BR","og_type":"article","og_title":"Mercado financeiro eleva previs\u00e3o da infla\u00e7\u00e3o de 5,08% para 5,5% - Jornal","og_description":"Mercado financeiro eleva previs\u00e3o da infla\u00e7\u00e3o de 5,08% para 5,5%","og_url":"https:\/\/jornalboasnoticias.com.br\/home\/mercado-financeiro-eleva-previsao-da-inflacao-de-508-para-55\/","og_site_name":"Jornal","article_publisher":"https:\/\/www.facebook.com\/boasnoticiasjornal","article_published_time":"2025-01-27T14:43:47+00:00","og_image":[{"width":1170,"height":700,"url":"https:\/\/jornalboasnoticias.com.br\/home\/wp-content\/uploads\/2025\/01\/banco-central.webp","type":"image\/webp"}],"author":"Luiz Carlos da Cruz","twitter_card":"summary_large_image","twitter_misc":{"Escrito por":"Luiz Carlos da Cruz","Est. tempo de leitura":"5 minutos"},"schema":{"@context":"https:\/\/schema.org","@graph":[{"@type":"Article","@id":"https:\/\/jornalboasnoticias.com.br\/home\/mercado-financeiro-eleva-previsao-da-inflacao-de-508-para-55\/#article","isPartOf":{"@id":"https:\/\/jornalboasnoticias.com.br\/home\/mercado-financeiro-eleva-previsao-da-inflacao-de-508-para-55\/"},"author":{"name":"Luiz Carlos da Cruz","@id":"https:\/\/jornalboasnoticias.com.br\/home\/#\/schema\/person\/75f9ebde398c998c166475fb446bda62"},"headline":"Mercado financeiro eleva previs\u00e3o da infla\u00e7\u00e3o de 5,08% para 5,5%","datePublished":"2025-01-27T14:43:47+00:00","mainEntityOfPage":{"@id":"https:\/\/jornalboasnoticias.com.br\/home\/mercado-financeiro-eleva-previsao-da-inflacao-de-508-para-55\/"},"wordCount":751,"commentCount":0,"publisher":{"@id":"https:\/\/jornalboasnoticias.com.br\/home\/#organization"},"image":{"@id":"https:\/\/jornalboasnoticias.com.br\/home\/mercado-financeiro-eleva-previsao-da-inflacao-de-508-para-55\/#primaryimage"},"thumbnailUrl":"https:\/\/jornalboasnoticias.com.br\/home\/wp-content\/uploads\/2025\/01\/banco-central.webp","keywords":["Banco Central","Infla\u00e7\u00e3o"],"articleSection":["DESTAQUE","ECONOMIA"],"inLanguage":"pt-BR","potentialAction":[{"@type":"CommentAction","name":"Comment","target":["https:\/\/jornalboasnoticias.com.br\/home\/mercado-financeiro-eleva-previsao-da-inflacao-de-508-para-55\/#respond"]}]},{"@type":"WebPage","@id":"https:\/\/jornalboasnoticias.com.br\/home\/mercado-financeiro-eleva-previsao-da-inflacao-de-508-para-55\/","url":"https:\/\/jornalboasnoticias.com.br\/home\/mercado-financeiro-eleva-previsao-da-inflacao-de-508-para-55\/","name":"Mercado financeiro eleva previs\u00e3o da infla\u00e7\u00e3o de 5,08% para 5,5% - Jornal","isPartOf":{"@id":"https:\/\/jornalboasnoticias.com.br\/home\/#website"},"primaryImageOfPage":{"@id":"https:\/\/jornalboasnoticias.com.br\/home\/mercado-financeiro-eleva-previsao-da-inflacao-de-508-para-55\/#primaryimage"},"image":{"@id":"https:\/\/jornalboasnoticias.com.br\/home\/mercado-financeiro-eleva-previsao-da-inflacao-de-508-para-55\/#primaryimage"},"thumbnailUrl":"https:\/\/jornalboasnoticias.com.br\/home\/wp-content\/uploads\/2025\/01\/banco-central.webp","datePublished":"2025-01-27T14:43:47+00:00","description":"Mercado financeiro eleva previs\u00e3o da infla\u00e7\u00e3o de 5,08% para 5,5%","breadcrumb":{"@id":"https:\/\/jornalboasnoticias.com.br\/home\/mercado-financeiro-eleva-previsao-da-inflacao-de-508-para-55\/#breadcrumb"},"inLanguage":"pt-BR","potentialAction":[{"@type":"ReadAction","target":["https:\/\/jornalboasnoticias.com.br\/home\/mercado-financeiro-eleva-previsao-da-inflacao-de-508-para-55\/"]}]},{"@type":"ImageObject","inLanguage":"pt-BR","@id":"https:\/\/jornalboasnoticias.com.br\/home\/mercado-financeiro-eleva-previsao-da-inflacao-de-508-para-55\/#primaryimage","url":"https:\/\/jornalboasnoticias.com.br\/home\/wp-content\/uploads\/2025\/01\/banco-central.webp","contentUrl":"https:\/\/jornalboasnoticias.com.br\/home\/wp-content\/uploads\/2025\/01\/banco-central.webp","width":1170,"height":700,"caption":"\u00a9 Rafa Neddermeyer\/Ag\u00eancia Brasil"},{"@type":"BreadcrumbList","@id":"https:\/\/jornalboasnoticias.com.br\/home\/mercado-financeiro-eleva-previsao-da-inflacao-de-508-para-55\/#breadcrumb","itemListElement":[{"@type":"ListItem","position":1,"name":"In\u00edcio","item":"https:\/\/jornalboasnoticias.com.br\/home\/"},{"@type":"ListItem","position":2,"name":"Mercado financeiro eleva previs\u00e3o da infla\u00e7\u00e3o de 5,08% para 5,5%"}]},{"@type":"WebSite","@id":"https:\/\/jornalboasnoticias.com.br\/home\/#website","url":"https:\/\/jornalboasnoticias.com.br\/home\/","name":"Jornal Boas Not\u00edcias","description":"Boas not\u00edcias","publisher":{"@id":"https:\/\/jornalboasnoticias.com.br\/home\/#organization"},"potentialAction":[{"@type":"SearchAction","target":{"@type":"EntryPoint","urlTemplate":"https:\/\/jornalboasnoticias.com.br\/home\/?s={search_term_string}"},"query-input":{"@type":"PropertyValueSpecification","valueRequired":true,"valueName":"search_term_string"}}],"inLanguage":"pt-BR"},{"@type":"Organization","@id":"https:\/\/jornalboasnoticias.com.br\/home\/#organization","name":"Coq Editora Ltda","alternateName":"Jornal Boas Noticias","url":"https:\/\/jornalboasnoticias.com.br\/home\/","logo":{"@type":"ImageObject","inLanguage":"pt-BR","@id":"https:\/\/jornalboasnoticias.com.br\/home\/#\/schema\/logo\/image\/","url":"https:\/\/jornalboasnoticias.com.br\/home\/wp-content\/uploads\/2024\/07\/cropped-logo.jpg","contentUrl":"https:\/\/jornalboasnoticias.com.br\/home\/wp-content\/uploads\/2024\/07\/cropped-logo.jpg","width":290,"height":142,"caption":"Coq Editora Ltda"},"image":{"@id":"https:\/\/jornalboasnoticias.com.br\/home\/#\/schema\/logo\/image\/"},"sameAs":["https:\/\/www.facebook.com\/boasnoticiasjornal"]},{"@type":"Person","@id":"https:\/\/jornalboasnoticias.com.br\/home\/#\/schema\/person\/75f9ebde398c998c166475fb446bda62","name":"Luiz Carlos da Cruz","image":{"@type":"ImageObject","inLanguage":"pt-BR","@id":"https:\/\/secure.gravatar.com\/avatar\/e6f4f45301b6cb8572f7b076572e8ac11c1db80e805d8c8d0858cf286ce3ac3b?s=96&d=mm&r=g","url":"https:\/\/secure.gravatar.com\/avatar\/e6f4f45301b6cb8572f7b076572e8ac11c1db80e805d8c8d0858cf286ce3ac3b?s=96&d=mm&r=g","contentUrl":"https:\/\/secure.gravatar.com\/avatar\/e6f4f45301b6cb8572f7b076572e8ac11c1db80e805d8c8d0858cf286ce3ac3b?s=96&d=mm&r=g","caption":"Luiz Carlos da Cruz"},"url":"https:\/\/jornalboasnoticias.com.br\/home\/author\/luiz-carlos-da-cruz\/"}]}},"_links":{"self":[{"href":"https:\/\/jornalboasnoticias.com.br\/home\/wp-json\/wp\/v2\/posts\/46144","targetHints":{"allow":["GET"]}}],"collection":[{"href":"https:\/\/jornalboasnoticias.com.br\/home\/wp-json\/wp\/v2\/posts"}],"about":[{"href":"https:\/\/jornalboasnoticias.com.br\/home\/wp-json\/wp\/v2\/types\/post"}],"author":[{"embeddable":true,"href":"https:\/\/jornalboasnoticias.com.br\/home\/wp-json\/wp\/v2\/users\/3"}],"replies":[{"embeddable":true,"href":"https:\/\/jornalboasnoticias.com.br\/home\/wp-json\/wp\/v2\/comments?post=46144"}],"version-history":[{"count":1,"href":"https:\/\/jornalboasnoticias.com.br\/home\/wp-json\/wp\/v2\/posts\/46144\/revisions"}],"predecessor-version":[{"id":46146,"href":"https:\/\/jornalboasnoticias.com.br\/home\/wp-json\/wp\/v2\/posts\/46144\/revisions\/46146"}],"wp:featuredmedia":[{"embeddable":true,"href":"https:\/\/jornalboasnoticias.com.br\/home\/wp-json\/wp\/v2\/media\/46145"}],"wp:attachment":[{"href":"https:\/\/jornalboasnoticias.com.br\/home\/wp-json\/wp\/v2\/media?parent=46144"}],"wp:term":[{"taxonomy":"category","embeddable":true,"href":"https:\/\/jornalboasnoticias.com.br\/home\/wp-json\/wp\/v2\/categories?post=46144"},{"taxonomy":"post_tag","embeddable":true,"href":"https:\/\/jornalboasnoticias.com.br\/home\/wp-json\/wp\/v2\/tags?post=46144"}],"curies":[{"name":"wp","href":"https:\/\/api.w.org\/{rel}","templated":true}]}}