{"id":46128,"date":"2025-01-26T18:38:36","date_gmt":"2025-01-26T18:38:36","guid":{"rendered":"https:\/\/jornalboasnoticias.com.br\/home\/?p=46128"},"modified":"2025-01-26T18:38:36","modified_gmt":"2025-01-26T18:38:36","slug":"voo-da-fab-com-brasileiros-deportados-dos-eua-chega-a-minas-gerais","status":"publish","type":"post","link":"https:\/\/jornalboasnoticias.com.br\/home\/voo-da-fab-com-brasileiros-deportados-dos-eua-chega-a-minas-gerais\/","title":{"rendered":"Voo da FAB com brasileiros deportados dos EUA chega a Minas Gerais"},"content":{"rendered":"<p style=\"text-align: center;\"><em><strong>Maca\u00e9 Evaristo acompanhou o desembarque das fam\u00edlias<\/strong><\/em><\/p>\n<p><img loading=\"lazy\" decoding=\"async\" class=\"wp-image-46129 size-large aligncenter\" src=\"https:\/\/jornalboasnoticias.com.br\/home\/wp-content\/uploads\/2025\/01\/deportados-1024x613.webp\" alt=\"\" width=\"640\" height=\"383\" srcset=\"https:\/\/jornalboasnoticias.com.br\/home\/wp-content\/uploads\/2025\/01\/deportados-1024x613.webp 1024w, https:\/\/jornalboasnoticias.com.br\/home\/wp-content\/uploads\/2025\/01\/deportados-300x179.webp 300w, https:\/\/jornalboasnoticias.com.br\/home\/wp-content\/uploads\/2025\/01\/deportados-768x459.webp 768w, https:\/\/jornalboasnoticias.com.br\/home\/wp-content\/uploads\/2025\/01\/deportados.webp 1170w\" sizes=\"auto, (max-width: 640px) 100vw, 640px\" \/><\/p>\n<p>O avi\u00e3o da For\u00e7a A\u00e9rea Brasileira (FAB) com 88 brasileiros deportados dos Estados Unidos chegou na noite deste s\u00e1bado (25) a Minas Gerais. A pedido do presidente Luiz In\u00e1cio Lula da Silva, a ministra dos Direitos Humanos e da Cidadania, Maca\u00e9 Evaristo, acompanhou o desembarque das fam\u00edlias no Aeroporto Internacional de Confins, em Belo Horizonte.<img decoding=\"async\" src=\"https:\/\/agenciabrasil.ebc.com.br\/ebc.png?id=1628003&amp;o=node\" \/><img decoding=\"async\" src=\"https:\/\/agenciabrasil.ebc.com.br\/ebc.gif?id=1628003&amp;o=node\" \/><\/p>\n<p>A aeronave norte-americana pousou em Manaus (AM) na noite de sexta-feira (24) e a Pol\u00edcia Federal (PF) tomou conhecimento de que os passageiros deportados estavam sendo transportados algemados. Em raz\u00e3o da soberania nacional, o governo brasileiro determinou a\u00a0retirada das algemas\u00a0e enviou uma aeronave da FAB para transportar os\u00a0brasileiros at\u00e9 o destino final.<\/p>\n<p>\u201cO nosso posicionamento \u00e9 que os pa\u00edses podem ter suas pol\u00edticas migrat\u00f3rias mas nunca violar os direitos humanos de ningu\u00e9m\u201d, disse Maca\u00e9, ao recepcionar os brasileiros em Confins. \u201cA gente n\u00e3o pode suportar a viola\u00e7\u00e3o dos direitos humanos e o que aconteceu nesse voo foi a viola\u00e7\u00e3o dos direitos dos brasileiros\u201d, acrescentou em v\u00eddeo divulgado pelo minist\u00e9rio nas redes sociais.<\/p>\n<p>No mesmo v\u00eddeo, o brasileiro deportado Erionaldo Santana contou que foram presos e algemados\u00a0nos Estados Unidos, na quarta-feira (22). \u201cChegamos no Brasil, continuamos com algemas, falamos que est\u00e1vamos em territ\u00f3rio brasileiro, que eles [autoridades norte-americanas] tirassem as algemas, mas eles n\u00e3o queriam tirar\u201d, relatou. As algemas s\u00f3 foram retiradas ap\u00f3s a interven\u00e7\u00e3o da Pol\u00edcia Federal.<\/p>\n<p>O voo, que tinha como destino o aeroporto em Belo Horizonte, precisou fazer um pouso de emerg\u00eancia em Manaus devido a problemas t\u00e9cnicos.<\/p>\n<p>As opera\u00e7\u00f5es de deporta\u00e7\u00e3o em massa de imigrantes ilegais nos Estados Unidos tiveram in\u00edcio poucos dias ap\u00f3s o in\u00edcio do\u00a0mandato do presidente\u00a0norte-americano Donald Trump. Na noite da \u00faltima quinta-feira (23), 538 pessoas foram detidas e centenas foram deportadas em opera\u00e7\u00e3o anunciada pela Casa Branca.<\/p>\n<p>\u201cA administra\u00e7\u00e3o Trump deteve 538 imigrantes ilegais criminosos\u201d, anunciou a porta-voz Karoline Leavitt, acrescentando que centenas foram deportados em avi\u00f5es do Ex\u00e9rcito norte-americano. \u201cA maior opera\u00e7\u00e3o de deporta\u00e7\u00e3o em massa da hist\u00f3ria est\u00e1 em curso\u201d, disse.<\/p>\n<p>Ao longo da campanha presidencial, Trump prometeu conter a imigra\u00e7\u00e3o ilegal no pa\u00eds, cen\u00e1rio classificado por ele como \u201cemerg\u00eancia nacional\u201d. Logo em seu primeiro dia na presid\u00eancia dos EUA, o republicano assinou ordens executivas destinadas a impedir a entrada de imigrantes nos Estados Unidos.<\/p>\n<p><strong>AG\u00caNCIA BRASIL<\/strong><\/p>\n","protected":false},"excerpt":{"rendered":"<p>Maca\u00e9 Evaristo acompanhou o desembarque das fam\u00edlias O avi\u00e3o da For\u00e7a A\u00e9rea Brasileira (FAB) com<\/p>\n","protected":false},"author":3,"featured_media":46129,"comment_status":"open","ping_status":"open","sticky":false,"template":"","format":"standard","meta":{"footnotes":""},"categories":[6,3],"tags":[107,44],"class_list":["post-46128","post","type-post","status-publish","format-standard","has-post-thumbnail","hentry","category-brasil","category-destaques","tag-deportados","tag-estados-unidos"],"yoast_head":"<!-- This site is optimized with the Yoast SEO plugin v27.5 - https:\/\/yoast.com\/product\/yoast-seo-wordpress\/ -->\n<title>Voo da FAB com brasileiros deportados dos EUA chega a Minas Gerais - Jornal<\/title>\n<meta name=\"description\" content=\"Voo da FAB com brasileiros deportados dos EUA chega a Minas Gerais\" \/>\n<meta name=\"robots\" content=\"index, follow, max-snippet:-1, max-image-preview:large, max-video-preview:-1\" \/>\n<link rel=\"canonical\" href=\"https:\/\/jornalboasnoticias.com.br\/home\/voo-da-fab-com-brasileiros-deportados-dos-eua-chega-a-minas-gerais\/\" \/>\n<meta property=\"og:locale\" content=\"pt_BR\" \/>\n<meta property=\"og:type\" content=\"article\" \/>\n<meta property=\"og:title\" content=\"Voo da FAB com brasileiros deportados dos EUA chega a Minas Gerais - Jornal\" \/>\n<meta property=\"og:description\" content=\"Voo da FAB com brasileiros deportados dos EUA chega a Minas Gerais\" \/>\n<meta property=\"og:url\" content=\"https:\/\/jornalboasnoticias.com.br\/home\/voo-da-fab-com-brasileiros-deportados-dos-eua-chega-a-minas-gerais\/\" \/>\n<meta property=\"og:site_name\" content=\"Jornal\" \/>\n<meta property=\"article:publisher\" content=\"https:\/\/www.facebook.com\/boasnoticiasjornal\" \/>\n<meta property=\"article:published_time\" content=\"2025-01-26T18:38:36+00:00\" \/>\n<meta property=\"og:image\" content=\"https:\/\/jornalboasnoticias.com.br\/home\/wp-content\/uploads\/2025\/01\/deportados.webp\" \/>\n\t<meta property=\"og:image:width\" content=\"1170\" \/>\n\t<meta property=\"og:image:height\" content=\"700\" \/>\n\t<meta property=\"og:image:type\" content=\"image\/webp\" \/>\n<meta name=\"author\" content=\"Luiz Carlos da Cruz\" \/>\n<meta name=\"twitter:card\" content=\"summary_large_image\" \/>\n<meta name=\"twitter:label1\" content=\"Escrito por\" \/>\n\t<meta name=\"twitter:data1\" content=\"Luiz Carlos da Cruz\" \/>\n\t<meta name=\"twitter:label2\" content=\"Est. tempo de leitura\" \/>\n\t<meta name=\"twitter:data2\" content=\"3 minutos\" \/>\n<script type=\"application\/ld+json\" class=\"yoast-schema-graph\">{\"@context\":\"https:\\\/\\\/schema.org\",\"@graph\":[{\"@type\":\"Article\",\"@id\":\"https:\\\/\\\/jornalboasnoticias.com.br\\\/home\\\/voo-da-fab-com-brasileiros-deportados-dos-eua-chega-a-minas-gerais\\\/#article\",\"isPartOf\":{\"@id\":\"https:\\\/\\\/jornalboasnoticias.com.br\\\/home\\\/voo-da-fab-com-brasileiros-deportados-dos-eua-chega-a-minas-gerais\\\/\"},\"author\":{\"name\":\"Luiz Carlos da Cruz\",\"@id\":\"https:\\\/\\\/jornalboasnoticias.com.br\\\/home\\\/#\\\/schema\\\/person\\\/75f9ebde398c998c166475fb446bda62\"},\"headline\":\"Voo da FAB com brasileiros deportados dos EUA chega a Minas Gerais\",\"datePublished\":\"2025-01-26T18:38:36+00:00\",\"mainEntityOfPage\":{\"@id\":\"https:\\\/\\\/jornalboasnoticias.com.br\\\/home\\\/voo-da-fab-com-brasileiros-deportados-dos-eua-chega-a-minas-gerais\\\/\"},\"wordCount\":433,\"commentCount\":0,\"publisher\":{\"@id\":\"https:\\\/\\\/jornalboasnoticias.com.br\\\/home\\\/#organization\"},\"image\":{\"@id\":\"https:\\\/\\\/jornalboasnoticias.com.br\\\/home\\\/voo-da-fab-com-brasileiros-deportados-dos-eua-chega-a-minas-gerais\\\/#primaryimage\"},\"thumbnailUrl\":\"https:\\\/\\\/jornalboasnoticias.com.br\\\/home\\\/wp-content\\\/uploads\\\/2025\\\/01\\\/deportados.webp\",\"keywords\":[\"Deportados\",\"Estados Unidos\"],\"articleSection\":[\"BRASIL\",\"DESTAQUE\"],\"inLanguage\":\"pt-BR\",\"potentialAction\":[{\"@type\":\"CommentAction\",\"name\":\"Comment\",\"target\":[\"https:\\\/\\\/jornalboasnoticias.com.br\\\/home\\\/voo-da-fab-com-brasileiros-deportados-dos-eua-chega-a-minas-gerais\\\/#respond\"]}]},{\"@type\":\"WebPage\",\"@id\":\"https:\\\/\\\/jornalboasnoticias.com.br\\\/home\\\/voo-da-fab-com-brasileiros-deportados-dos-eua-chega-a-minas-gerais\\\/\",\"url\":\"https:\\\/\\\/jornalboasnoticias.com.br\\\/home\\\/voo-da-fab-com-brasileiros-deportados-dos-eua-chega-a-minas-gerais\\\/\",\"name\":\"Voo da FAB com brasileiros deportados dos EUA chega a Minas Gerais - Jornal\",\"isPartOf\":{\"@id\":\"https:\\\/\\\/jornalboasnoticias.com.br\\\/home\\\/#website\"},\"primaryImageOfPage\":{\"@id\":\"https:\\\/\\\/jornalboasnoticias.com.br\\\/home\\\/voo-da-fab-com-brasileiros-deportados-dos-eua-chega-a-minas-gerais\\\/#primaryimage\"},\"image\":{\"@id\":\"https:\\\/\\\/jornalboasnoticias.com.br\\\/home\\\/voo-da-fab-com-brasileiros-deportados-dos-eua-chega-a-minas-gerais\\\/#primaryimage\"},\"thumbnailUrl\":\"https:\\\/\\\/jornalboasnoticias.com.br\\\/home\\\/wp-content\\\/uploads\\\/2025\\\/01\\\/deportados.webp\",\"datePublished\":\"2025-01-26T18:38:36+00:00\",\"description\":\"Voo da FAB com brasileiros deportados dos EUA chega a Minas Gerais\",\"breadcrumb\":{\"@id\":\"https:\\\/\\\/jornalboasnoticias.com.br\\\/home\\\/voo-da-fab-com-brasileiros-deportados-dos-eua-chega-a-minas-gerais\\\/#breadcrumb\"},\"inLanguage\":\"pt-BR\",\"potentialAction\":[{\"@type\":\"ReadAction\",\"target\":[\"https:\\\/\\\/jornalboasnoticias.com.br\\\/home\\\/voo-da-fab-com-brasileiros-deportados-dos-eua-chega-a-minas-gerais\\\/\"]}]},{\"@type\":\"ImageObject\",\"inLanguage\":\"pt-BR\",\"@id\":\"https:\\\/\\\/jornalboasnoticias.com.br\\\/home\\\/voo-da-fab-com-brasileiros-deportados-dos-eua-chega-a-minas-gerais\\\/#primaryimage\",\"url\":\"https:\\\/\\\/jornalboasnoticias.com.br\\\/home\\\/wp-content\\\/uploads\\\/2025\\\/01\\\/deportados.webp\",\"contentUrl\":\"https:\\\/\\\/jornalboasnoticias.com.br\\\/home\\\/wp-content\\\/uploads\\\/2025\\\/01\\\/deportados.webp\",\"width\":1170,\"height\":700},{\"@type\":\"BreadcrumbList\",\"@id\":\"https:\\\/\\\/jornalboasnoticias.com.br\\\/home\\\/voo-da-fab-com-brasileiros-deportados-dos-eua-chega-a-minas-gerais\\\/#breadcrumb\",\"itemListElement\":[{\"@type\":\"ListItem\",\"position\":1,\"name\":\"In\u00edcio\",\"item\":\"https:\\\/\\\/jornalboasnoticias.com.br\\\/home\\\/\"},{\"@type\":\"ListItem\",\"position\":2,\"name\":\"Voo da FAB com brasileiros deportados dos EUA chega a Minas Gerais\"}]},{\"@type\":\"WebSite\",\"@id\":\"https:\\\/\\\/jornalboasnoticias.com.br\\\/home\\\/#website\",\"url\":\"https:\\\/\\\/jornalboasnoticias.com.br\\\/home\\\/\",\"name\":\"Jornal Boas Not\u00edcias\",\"description\":\"Boas not\u00edcias\",\"publisher\":{\"@id\":\"https:\\\/\\\/jornalboasnoticias.com.br\\\/home\\\/#organization\"},\"potentialAction\":[{\"@type\":\"SearchAction\",\"target\":{\"@type\":\"EntryPoint\",\"urlTemplate\":\"https:\\\/\\\/jornalboasnoticias.com.br\\\/home\\\/?s={search_term_string}\"},\"query-input\":{\"@type\":\"PropertyValueSpecification\",\"valueRequired\":true,\"valueName\":\"search_term_string\"}}],\"inLanguage\":\"pt-BR\"},{\"@type\":\"Organization\",\"@id\":\"https:\\\/\\\/jornalboasnoticias.com.br\\\/home\\\/#organization\",\"name\":\"Coq Editora Ltda\",\"alternateName\":\"Jornal Boas Noticias\",\"url\":\"https:\\\/\\\/jornalboasnoticias.com.br\\\/home\\\/\",\"logo\":{\"@type\":\"ImageObject\",\"inLanguage\":\"pt-BR\",\"@id\":\"https:\\\/\\\/jornalboasnoticias.com.br\\\/home\\\/#\\\/schema\\\/logo\\\/image\\\/\",\"url\":\"https:\\\/\\\/jornalboasnoticias.com.br\\\/home\\\/wp-content\\\/uploads\\\/2024\\\/07\\\/cropped-logo.jpg\",\"contentUrl\":\"https:\\\/\\\/jornalboasnoticias.com.br\\\/home\\\/wp-content\\\/uploads\\\/2024\\\/07\\\/cropped-logo.jpg\",\"width\":290,\"height\":142,\"caption\":\"Coq Editora Ltda\"},\"image\":{\"@id\":\"https:\\\/\\\/jornalboasnoticias.com.br\\\/home\\\/#\\\/schema\\\/logo\\\/image\\\/\"},\"sameAs\":[\"https:\\\/\\\/www.facebook.com\\\/boasnoticiasjornal\"]},{\"@type\":\"Person\",\"@id\":\"https:\\\/\\\/jornalboasnoticias.com.br\\\/home\\\/#\\\/schema\\\/person\\\/75f9ebde398c998c166475fb446bda62\",\"name\":\"Luiz Carlos da Cruz\",\"image\":{\"@type\":\"ImageObject\",\"inLanguage\":\"pt-BR\",\"@id\":\"https:\\\/\\\/secure.gravatar.com\\\/avatar\\\/e6f4f45301b6cb8572f7b076572e8ac11c1db80e805d8c8d0858cf286ce3ac3b?s=96&d=mm&r=g\",\"url\":\"https:\\\/\\\/secure.gravatar.com\\\/avatar\\\/e6f4f45301b6cb8572f7b076572e8ac11c1db80e805d8c8d0858cf286ce3ac3b?s=96&d=mm&r=g\",\"contentUrl\":\"https:\\\/\\\/secure.gravatar.com\\\/avatar\\\/e6f4f45301b6cb8572f7b076572e8ac11c1db80e805d8c8d0858cf286ce3ac3b?s=96&d=mm&r=g\",\"caption\":\"Luiz Carlos da Cruz\"},\"url\":\"https:\\\/\\\/jornalboasnoticias.com.br\\\/home\\\/author\\\/luiz-carlos-da-cruz\\\/\"}]}<\/script>\n<!-- \/ Yoast SEO plugin. -->","yoast_head_json":{"title":"Voo da FAB com brasileiros deportados dos EUA chega a Minas Gerais - Jornal","description":"Voo da FAB com brasileiros deportados dos EUA chega a Minas Gerais","robots":{"index":"index","follow":"follow","max-snippet":"max-snippet:-1","max-image-preview":"max-image-preview:large","max-video-preview":"max-video-preview:-1"},"canonical":"https:\/\/jornalboasnoticias.com.br\/home\/voo-da-fab-com-brasileiros-deportados-dos-eua-chega-a-minas-gerais\/","og_locale":"pt_BR","og_type":"article","og_title":"Voo da FAB com brasileiros deportados dos EUA chega a Minas Gerais - Jornal","og_description":"Voo da FAB com brasileiros deportados dos EUA chega a Minas Gerais","og_url":"https:\/\/jornalboasnoticias.com.br\/home\/voo-da-fab-com-brasileiros-deportados-dos-eua-chega-a-minas-gerais\/","og_site_name":"Jornal","article_publisher":"https:\/\/www.facebook.com\/boasnoticiasjornal","article_published_time":"2025-01-26T18:38:36+00:00","og_image":[{"width":1170,"height":700,"url":"https:\/\/jornalboasnoticias.com.br\/home\/wp-content\/uploads\/2025\/01\/deportados.webp","type":"image\/webp"}],"author":"Luiz Carlos da Cruz","twitter_card":"summary_large_image","twitter_misc":{"Escrito por":"Luiz Carlos da Cruz","Est. tempo de leitura":"3 minutos"},"schema":{"@context":"https:\/\/schema.org","@graph":[{"@type":"Article","@id":"https:\/\/jornalboasnoticias.com.br\/home\/voo-da-fab-com-brasileiros-deportados-dos-eua-chega-a-minas-gerais\/#article","isPartOf":{"@id":"https:\/\/jornalboasnoticias.com.br\/home\/voo-da-fab-com-brasileiros-deportados-dos-eua-chega-a-minas-gerais\/"},"author":{"name":"Luiz Carlos da Cruz","@id":"https:\/\/jornalboasnoticias.com.br\/home\/#\/schema\/person\/75f9ebde398c998c166475fb446bda62"},"headline":"Voo da FAB com brasileiros deportados dos EUA chega a Minas Gerais","datePublished":"2025-01-26T18:38:36+00:00","mainEntityOfPage":{"@id":"https:\/\/jornalboasnoticias.com.br\/home\/voo-da-fab-com-brasileiros-deportados-dos-eua-chega-a-minas-gerais\/"},"wordCount":433,"commentCount":0,"publisher":{"@id":"https:\/\/jornalboasnoticias.com.br\/home\/#organization"},"image":{"@id":"https:\/\/jornalboasnoticias.com.br\/home\/voo-da-fab-com-brasileiros-deportados-dos-eua-chega-a-minas-gerais\/#primaryimage"},"thumbnailUrl":"https:\/\/jornalboasnoticias.com.br\/home\/wp-content\/uploads\/2025\/01\/deportados.webp","keywords":["Deportados","Estados Unidos"],"articleSection":["BRASIL","DESTAQUE"],"inLanguage":"pt-BR","potentialAction":[{"@type":"CommentAction","name":"Comment","target":["https:\/\/jornalboasnoticias.com.br\/home\/voo-da-fab-com-brasileiros-deportados-dos-eua-chega-a-minas-gerais\/#respond"]}]},{"@type":"WebPage","@id":"https:\/\/jornalboasnoticias.com.br\/home\/voo-da-fab-com-brasileiros-deportados-dos-eua-chega-a-minas-gerais\/","url":"https:\/\/jornalboasnoticias.com.br\/home\/voo-da-fab-com-brasileiros-deportados-dos-eua-chega-a-minas-gerais\/","name":"Voo da FAB com brasileiros deportados dos EUA chega a Minas Gerais - Jornal","isPartOf":{"@id":"https:\/\/jornalboasnoticias.com.br\/home\/#website"},"primaryImageOfPage":{"@id":"https:\/\/jornalboasnoticias.com.br\/home\/voo-da-fab-com-brasileiros-deportados-dos-eua-chega-a-minas-gerais\/#primaryimage"},"image":{"@id":"https:\/\/jornalboasnoticias.com.br\/home\/voo-da-fab-com-brasileiros-deportados-dos-eua-chega-a-minas-gerais\/#primaryimage"},"thumbnailUrl":"https:\/\/jornalboasnoticias.com.br\/home\/wp-content\/uploads\/2025\/01\/deportados.webp","datePublished":"2025-01-26T18:38:36+00:00","description":"Voo da FAB com brasileiros deportados dos EUA chega a Minas Gerais","breadcrumb":{"@id":"https:\/\/jornalboasnoticias.com.br\/home\/voo-da-fab-com-brasileiros-deportados-dos-eua-chega-a-minas-gerais\/#breadcrumb"},"inLanguage":"pt-BR","potentialAction":[{"@type":"ReadAction","target":["https:\/\/jornalboasnoticias.com.br\/home\/voo-da-fab-com-brasileiros-deportados-dos-eua-chega-a-minas-gerais\/"]}]},{"@type":"ImageObject","inLanguage":"pt-BR","@id":"https:\/\/jornalboasnoticias.com.br\/home\/voo-da-fab-com-brasileiros-deportados-dos-eua-chega-a-minas-gerais\/#primaryimage","url":"https:\/\/jornalboasnoticias.com.br\/home\/wp-content\/uploads\/2025\/01\/deportados.webp","contentUrl":"https:\/\/jornalboasnoticias.com.br\/home\/wp-content\/uploads\/2025\/01\/deportados.webp","width":1170,"height":700},{"@type":"BreadcrumbList","@id":"https:\/\/jornalboasnoticias.com.br\/home\/voo-da-fab-com-brasileiros-deportados-dos-eua-chega-a-minas-gerais\/#breadcrumb","itemListElement":[{"@type":"ListItem","position":1,"name":"In\u00edcio","item":"https:\/\/jornalboasnoticias.com.br\/home\/"},{"@type":"ListItem","position":2,"name":"Voo da FAB com brasileiros deportados dos EUA chega a Minas Gerais"}]},{"@type":"WebSite","@id":"https:\/\/jornalboasnoticias.com.br\/home\/#website","url":"https:\/\/jornalboasnoticias.com.br\/home\/","name":"Jornal Boas Not\u00edcias","description":"Boas not\u00edcias","publisher":{"@id":"https:\/\/jornalboasnoticias.com.br\/home\/#organization"},"potentialAction":[{"@type":"SearchAction","target":{"@type":"EntryPoint","urlTemplate":"https:\/\/jornalboasnoticias.com.br\/home\/?s={search_term_string}"},"query-input":{"@type":"PropertyValueSpecification","valueRequired":true,"valueName":"search_term_string"}}],"inLanguage":"pt-BR"},{"@type":"Organization","@id":"https:\/\/jornalboasnoticias.com.br\/home\/#organization","name":"Coq Editora Ltda","alternateName":"Jornal Boas Noticias","url":"https:\/\/jornalboasnoticias.com.br\/home\/","logo":{"@type":"ImageObject","inLanguage":"pt-BR","@id":"https:\/\/jornalboasnoticias.com.br\/home\/#\/schema\/logo\/image\/","url":"https:\/\/jornalboasnoticias.com.br\/home\/wp-content\/uploads\/2024\/07\/cropped-logo.jpg","contentUrl":"https:\/\/jornalboasnoticias.com.br\/home\/wp-content\/uploads\/2024\/07\/cropped-logo.jpg","width":290,"height":142,"caption":"Coq Editora Ltda"},"image":{"@id":"https:\/\/jornalboasnoticias.com.br\/home\/#\/schema\/logo\/image\/"},"sameAs":["https:\/\/www.facebook.com\/boasnoticiasjornal"]},{"@type":"Person","@id":"https:\/\/jornalboasnoticias.com.br\/home\/#\/schema\/person\/75f9ebde398c998c166475fb446bda62","name":"Luiz Carlos da Cruz","image":{"@type":"ImageObject","inLanguage":"pt-BR","@id":"https:\/\/secure.gravatar.com\/avatar\/e6f4f45301b6cb8572f7b076572e8ac11c1db80e805d8c8d0858cf286ce3ac3b?s=96&d=mm&r=g","url":"https:\/\/secure.gravatar.com\/avatar\/e6f4f45301b6cb8572f7b076572e8ac11c1db80e805d8c8d0858cf286ce3ac3b?s=96&d=mm&r=g","contentUrl":"https:\/\/secure.gravatar.com\/avatar\/e6f4f45301b6cb8572f7b076572e8ac11c1db80e805d8c8d0858cf286ce3ac3b?s=96&d=mm&r=g","caption":"Luiz Carlos da Cruz"},"url":"https:\/\/jornalboasnoticias.com.br\/home\/author\/luiz-carlos-da-cruz\/"}]}},"_links":{"self":[{"href":"https:\/\/jornalboasnoticias.com.br\/home\/wp-json\/wp\/v2\/posts\/46128","targetHints":{"allow":["GET"]}}],"collection":[{"href":"https:\/\/jornalboasnoticias.com.br\/home\/wp-json\/wp\/v2\/posts"}],"about":[{"href":"https:\/\/jornalboasnoticias.com.br\/home\/wp-json\/wp\/v2\/types\/post"}],"author":[{"embeddable":true,"href":"https:\/\/jornalboasnoticias.com.br\/home\/wp-json\/wp\/v2\/users\/3"}],"replies":[{"embeddable":true,"href":"https:\/\/jornalboasnoticias.com.br\/home\/wp-json\/wp\/v2\/comments?post=46128"}],"version-history":[{"count":1,"href":"https:\/\/jornalboasnoticias.com.br\/home\/wp-json\/wp\/v2\/posts\/46128\/revisions"}],"predecessor-version":[{"id":46130,"href":"https:\/\/jornalboasnoticias.com.br\/home\/wp-json\/wp\/v2\/posts\/46128\/revisions\/46130"}],"wp:featuredmedia":[{"embeddable":true,"href":"https:\/\/jornalboasnoticias.com.br\/home\/wp-json\/wp\/v2\/media\/46129"}],"wp:attachment":[{"href":"https:\/\/jornalboasnoticias.com.br\/home\/wp-json\/wp\/v2\/media?parent=46128"}],"wp:term":[{"taxonomy":"category","embeddable":true,"href":"https:\/\/jornalboasnoticias.com.br\/home\/wp-json\/wp\/v2\/categories?post=46128"},{"taxonomy":"post_tag","embeddable":true,"href":"https:\/\/jornalboasnoticias.com.br\/home\/wp-json\/wp\/v2\/tags?post=46128"}],"curies":[{"name":"wp","href":"https:\/\/api.w.org\/{rel}","templated":true}]}}