{"id":46122,"date":"2025-01-03T23:32:34","date_gmt":"2025-01-03T23:32:34","guid":{"rendered":"https:\/\/jornalboasnoticias.com.br\/home\/?p=46122"},"modified":"2025-01-03T23:35:28","modified_gmt":"2025-01-03T23:35:28","slug":"livro-de-pastor-evangelico-e-o-mais-vendido-de-2024-no-brasil","status":"publish","type":"post","link":"https:\/\/jornalboasnoticias.com.br\/home\/livro-de-pastor-evangelico-e-o-mais-vendido-de-2024-no-brasil\/","title":{"rendered":"Livro de pastor evang\u00e9lico \u00e9 o mais vendido de 2024 no Brasil"},"content":{"rendered":"<p><img loading=\"lazy\" decoding=\"async\" class=\"alignnone wp-image-46123 size-full\" src=\"https:\/\/jornalboasnoticias.com.br\/home\/wp-content\/uploads\/2025\/01\/Cafe-com-Deus-Pai-3.jpg\" alt=\"\" width=\"1200\" height=\"675\" srcset=\"https:\/\/jornalboasnoticias.com.br\/home\/wp-content\/uploads\/2025\/01\/Cafe-com-Deus-Pai-3.jpg 1200w, https:\/\/jornalboasnoticias.com.br\/home\/wp-content\/uploads\/2025\/01\/Cafe-com-Deus-Pai-3-300x169.jpg 300w, https:\/\/jornalboasnoticias.com.br\/home\/wp-content\/uploads\/2025\/01\/Cafe-com-Deus-Pai-3-1024x576.jpg 1024w, https:\/\/jornalboasnoticias.com.br\/home\/wp-content\/uploads\/2025\/01\/Cafe-com-Deus-Pai-3-768x432.jpg 768w\" sizes=\"auto, (max-width: 1200px) 100vw, 1200px\" \/><\/p>\n<p>Fen\u00f4meno de vendas, Caf\u00e9 com Deus Pai, do pastor catarinense Junior Rostirola, foi o livro mais vendido no Brasil em 2024. O t\u00edtulo de devocionais crist\u00e3os, com mensagens b\u00edblicas e medita\u00e7\u00f5es di\u00e1rias, reflete o amplo crescimento da f\u00e9 evang\u00e9lica no pa\u00eds \u2014 grupo que representa 30% da popula\u00e7\u00e3o. Tanto que uma nova vers\u00e3o do livro, dedicada a 2025, j\u00e1 figura no ranking: juntos, os dois livros de Rostirola somam mais de 472\u2009448 exemplares comercializados ao longo de 2024.<\/p>\n<p>O devocional tem 365 mensagens, uma para cada dia do ano, onde o leitor tem acesso a reflex\u00f5es e aplica\u00e7\u00f5es pr\u00e1ticas. Milh\u00f5es de pessoas adotaram a leitura da obra como um h\u00e1bito e defendem que o dia s\u00f3 come\u00e7a ap\u00f3s fazer o devocional.<\/p>\n<p>Para o pastor Junior Rostirola, separar um tempo para estar com Deus todos os dias revela o desejo de conhec\u00ea-lo mais intimamente e tem poder de transformar a vida das pessoas.<\/p>\n<p>\u201cAtrav\u00e9s do relacionamento com Deus somos curados, transformados e descobrimos o prop\u00f3sito para o qual fomos criados. Sem essa compreens\u00e3o, vagamos neste mundo sem destino e dire\u00e7\u00e3o. A import\u00e2ncia de \u201ctomar um caf\u00e9 com Deus\u201d todos os dias se revela no fato de que, sem Ele, somos vazios e sem esperan\u00e7a. A f\u00e9 \u00e9 o que nos faz vencer um dia de cada vez, e nutrir essa f\u00e9 s\u00f3 \u00e9 poss\u00edvel atrav\u00e9s de um relacionamento \u00edntimo com o Pai\u201d, afirmou o pastor em entrevista ao NSC Total.<\/p>\n<p><em>Com informa\u00e7\u00f5es da Revista Veja e NSC Total<\/em><\/p>\n<p>&nbsp;<\/p>\n","protected":false},"excerpt":{"rendered":"<p>Fen\u00f4meno de vendas, Caf\u00e9 com Deus Pai, do pastor catarinense Junior Rostirola, foi o livro<\/p>\n","protected":false},"author":3,"featured_media":46124,"comment_status":"open","ping_status":"open","sticky":false,"template":"","format":"standard","meta":{"footnotes":""},"categories":[6,3],"tags":[106,105,104],"class_list":["post-46122","post","type-post","status-publish","format-standard","has-post-thumbnail","hentry","category-brasil","category-destaques","tag-cafe-com-deus-pai","tag-deus","tag-livro"],"yoast_head":"<!-- This site is optimized with the Yoast SEO plugin v27.5 - https:\/\/yoast.com\/product\/yoast-seo-wordpress\/ -->\n<title>Livro de pastor evang\u00e9lico \u00e9 o mais vendido de 2024 no Brasil - Jornal<\/title>\n<meta name=\"description\" content=\"Livro de pastor evang\u00e9lico \u00e9 o mais vendido de 2024 no Brasil\" \/>\n<meta name=\"robots\" content=\"index, follow, max-snippet:-1, max-image-preview:large, max-video-preview:-1\" \/>\n<link rel=\"canonical\" href=\"https:\/\/jornalboasnoticias.com.br\/home\/livro-de-pastor-evangelico-e-o-mais-vendido-de-2024-no-brasil\/\" \/>\n<meta property=\"og:locale\" content=\"pt_BR\" \/>\n<meta property=\"og:type\" content=\"article\" \/>\n<meta property=\"og:title\" content=\"Livro de pastor evang\u00e9lico \u00e9 o mais vendido de 2024 no Brasil - Jornal\" \/>\n<meta property=\"og:description\" content=\"Livro de pastor evang\u00e9lico \u00e9 o mais vendido de 2024 no Brasil\" \/>\n<meta property=\"og:url\" content=\"https:\/\/jornalboasnoticias.com.br\/home\/livro-de-pastor-evangelico-e-o-mais-vendido-de-2024-no-brasil\/\" \/>\n<meta property=\"og:site_name\" content=\"Jornal\" \/>\n<meta property=\"article:publisher\" content=\"https:\/\/www.facebook.com\/boasnoticiasjornal\" \/>\n<meta property=\"article:published_time\" content=\"2025-01-03T23:32:34+00:00\" \/>\n<meta property=\"article:modified_time\" content=\"2025-01-03T23:35:28+00:00\" \/>\n<meta property=\"og:image\" content=\"https:\/\/jornalboasnoticias.com.br\/home\/wp-content\/uploads\/2025\/01\/Cafe-com-Deus-Pai-2.jpg\" \/>\n\t<meta property=\"og:image:width\" content=\"1200\" \/>\n\t<meta property=\"og:image:height\" content=\"675\" \/>\n\t<meta property=\"og:image:type\" content=\"image\/jpeg\" \/>\n<meta name=\"author\" content=\"Luiz Carlos da Cruz\" \/>\n<meta name=\"twitter:card\" content=\"summary_large_image\" \/>\n<meta name=\"twitter:label1\" content=\"Escrito por\" \/>\n\t<meta name=\"twitter:data1\" content=\"Luiz Carlos da Cruz\" \/>\n\t<meta name=\"twitter:label2\" content=\"Est. tempo de leitura\" \/>\n\t<meta name=\"twitter:data2\" content=\"2 minutos\" \/>\n<script type=\"application\/ld+json\" class=\"yoast-schema-graph\">{\"@context\":\"https:\\\/\\\/schema.org\",\"@graph\":[{\"@type\":\"Article\",\"@id\":\"https:\\\/\\\/jornalboasnoticias.com.br\\\/home\\\/livro-de-pastor-evangelico-e-o-mais-vendido-de-2024-no-brasil\\\/#article\",\"isPartOf\":{\"@id\":\"https:\\\/\\\/jornalboasnoticias.com.br\\\/home\\\/livro-de-pastor-evangelico-e-o-mais-vendido-de-2024-no-brasil\\\/\"},\"author\":{\"name\":\"Luiz Carlos da Cruz\",\"@id\":\"https:\\\/\\\/jornalboasnoticias.com.br\\\/home\\\/#\\\/schema\\\/person\\\/75f9ebde398c998c166475fb446bda62\"},\"headline\":\"Livro de pastor evang\u00e9lico \u00e9 o mais vendido de 2024 no Brasil\",\"datePublished\":\"2025-01-03T23:32:34+00:00\",\"dateModified\":\"2025-01-03T23:35:28+00:00\",\"mainEntityOfPage\":{\"@id\":\"https:\\\/\\\/jornalboasnoticias.com.br\\\/home\\\/livro-de-pastor-evangelico-e-o-mais-vendido-de-2024-no-brasil\\\/\"},\"wordCount\":277,\"commentCount\":0,\"publisher\":{\"@id\":\"https:\\\/\\\/jornalboasnoticias.com.br\\\/home\\\/#organization\"},\"image\":{\"@id\":\"https:\\\/\\\/jornalboasnoticias.com.br\\\/home\\\/livro-de-pastor-evangelico-e-o-mais-vendido-de-2024-no-brasil\\\/#primaryimage\"},\"thumbnailUrl\":\"https:\\\/\\\/jornalboasnoticias.com.br\\\/home\\\/wp-content\\\/uploads\\\/2025\\\/01\\\/Cafe-com-Deus-Pai-2.jpg\",\"keywords\":[\"Caf\u00e9 com Deus Pai\",\"Deus\",\"Livro\"],\"articleSection\":[\"BRASIL\",\"DESTAQUE\"],\"inLanguage\":\"pt-BR\",\"potentialAction\":[{\"@type\":\"CommentAction\",\"name\":\"Comment\",\"target\":[\"https:\\\/\\\/jornalboasnoticias.com.br\\\/home\\\/livro-de-pastor-evangelico-e-o-mais-vendido-de-2024-no-brasil\\\/#respond\"]}]},{\"@type\":\"WebPage\",\"@id\":\"https:\\\/\\\/jornalboasnoticias.com.br\\\/home\\\/livro-de-pastor-evangelico-e-o-mais-vendido-de-2024-no-brasil\\\/\",\"url\":\"https:\\\/\\\/jornalboasnoticias.com.br\\\/home\\\/livro-de-pastor-evangelico-e-o-mais-vendido-de-2024-no-brasil\\\/\",\"name\":\"Livro de pastor evang\u00e9lico \u00e9 o mais vendido de 2024 no Brasil - Jornal\",\"isPartOf\":{\"@id\":\"https:\\\/\\\/jornalboasnoticias.com.br\\\/home\\\/#website\"},\"primaryImageOfPage\":{\"@id\":\"https:\\\/\\\/jornalboasnoticias.com.br\\\/home\\\/livro-de-pastor-evangelico-e-o-mais-vendido-de-2024-no-brasil\\\/#primaryimage\"},\"image\":{\"@id\":\"https:\\\/\\\/jornalboasnoticias.com.br\\\/home\\\/livro-de-pastor-evangelico-e-o-mais-vendido-de-2024-no-brasil\\\/#primaryimage\"},\"thumbnailUrl\":\"https:\\\/\\\/jornalboasnoticias.com.br\\\/home\\\/wp-content\\\/uploads\\\/2025\\\/01\\\/Cafe-com-Deus-Pai-2.jpg\",\"datePublished\":\"2025-01-03T23:32:34+00:00\",\"dateModified\":\"2025-01-03T23:35:28+00:00\",\"description\":\"Livro de pastor evang\u00e9lico \u00e9 o mais vendido de 2024 no Brasil\",\"breadcrumb\":{\"@id\":\"https:\\\/\\\/jornalboasnoticias.com.br\\\/home\\\/livro-de-pastor-evangelico-e-o-mais-vendido-de-2024-no-brasil\\\/#breadcrumb\"},\"inLanguage\":\"pt-BR\",\"potentialAction\":[{\"@type\":\"ReadAction\",\"target\":[\"https:\\\/\\\/jornalboasnoticias.com.br\\\/home\\\/livro-de-pastor-evangelico-e-o-mais-vendido-de-2024-no-brasil\\\/\"]}]},{\"@type\":\"ImageObject\",\"inLanguage\":\"pt-BR\",\"@id\":\"https:\\\/\\\/jornalboasnoticias.com.br\\\/home\\\/livro-de-pastor-evangelico-e-o-mais-vendido-de-2024-no-brasil\\\/#primaryimage\",\"url\":\"https:\\\/\\\/jornalboasnoticias.com.br\\\/home\\\/wp-content\\\/uploads\\\/2025\\\/01\\\/Cafe-com-Deus-Pai-2.jpg\",\"contentUrl\":\"https:\\\/\\\/jornalboasnoticias.com.br\\\/home\\\/wp-content\\\/uploads\\\/2025\\\/01\\\/Cafe-com-Deus-Pai-2.jpg\",\"width\":1200,\"height\":675},{\"@type\":\"BreadcrumbList\",\"@id\":\"https:\\\/\\\/jornalboasnoticias.com.br\\\/home\\\/livro-de-pastor-evangelico-e-o-mais-vendido-de-2024-no-brasil\\\/#breadcrumb\",\"itemListElement\":[{\"@type\":\"ListItem\",\"position\":1,\"name\":\"In\u00edcio\",\"item\":\"https:\\\/\\\/jornalboasnoticias.com.br\\\/home\\\/\"},{\"@type\":\"ListItem\",\"position\":2,\"name\":\"Livro de pastor evang\u00e9lico \u00e9 o mais vendido de 2024 no Brasil\"}]},{\"@type\":\"WebSite\",\"@id\":\"https:\\\/\\\/jornalboasnoticias.com.br\\\/home\\\/#website\",\"url\":\"https:\\\/\\\/jornalboasnoticias.com.br\\\/home\\\/\",\"name\":\"Jornal Boas Not\u00edcias\",\"description\":\"Boas not\u00edcias\",\"publisher\":{\"@id\":\"https:\\\/\\\/jornalboasnoticias.com.br\\\/home\\\/#organization\"},\"potentialAction\":[{\"@type\":\"SearchAction\",\"target\":{\"@type\":\"EntryPoint\",\"urlTemplate\":\"https:\\\/\\\/jornalboasnoticias.com.br\\\/home\\\/?s={search_term_string}\"},\"query-input\":{\"@type\":\"PropertyValueSpecification\",\"valueRequired\":true,\"valueName\":\"search_term_string\"}}],\"inLanguage\":\"pt-BR\"},{\"@type\":\"Organization\",\"@id\":\"https:\\\/\\\/jornalboasnoticias.com.br\\\/home\\\/#organization\",\"name\":\"Coq Editora Ltda\",\"alternateName\":\"Jornal Boas Noticias\",\"url\":\"https:\\\/\\\/jornalboasnoticias.com.br\\\/home\\\/\",\"logo\":{\"@type\":\"ImageObject\",\"inLanguage\":\"pt-BR\",\"@id\":\"https:\\\/\\\/jornalboasnoticias.com.br\\\/home\\\/#\\\/schema\\\/logo\\\/image\\\/\",\"url\":\"https:\\\/\\\/jornalboasnoticias.com.br\\\/home\\\/wp-content\\\/uploads\\\/2024\\\/07\\\/cropped-logo.jpg\",\"contentUrl\":\"https:\\\/\\\/jornalboasnoticias.com.br\\\/home\\\/wp-content\\\/uploads\\\/2024\\\/07\\\/cropped-logo.jpg\",\"width\":290,\"height\":142,\"caption\":\"Coq Editora Ltda\"},\"image\":{\"@id\":\"https:\\\/\\\/jornalboasnoticias.com.br\\\/home\\\/#\\\/schema\\\/logo\\\/image\\\/\"},\"sameAs\":[\"https:\\\/\\\/www.facebook.com\\\/boasnoticiasjornal\"]},{\"@type\":\"Person\",\"@id\":\"https:\\\/\\\/jornalboasnoticias.com.br\\\/home\\\/#\\\/schema\\\/person\\\/75f9ebde398c998c166475fb446bda62\",\"name\":\"Luiz Carlos da Cruz\",\"image\":{\"@type\":\"ImageObject\",\"inLanguage\":\"pt-BR\",\"@id\":\"https:\\\/\\\/secure.gravatar.com\\\/avatar\\\/e6f4f45301b6cb8572f7b076572e8ac11c1db80e805d8c8d0858cf286ce3ac3b?s=96&d=mm&r=g\",\"url\":\"https:\\\/\\\/secure.gravatar.com\\\/avatar\\\/e6f4f45301b6cb8572f7b076572e8ac11c1db80e805d8c8d0858cf286ce3ac3b?s=96&d=mm&r=g\",\"contentUrl\":\"https:\\\/\\\/secure.gravatar.com\\\/avatar\\\/e6f4f45301b6cb8572f7b076572e8ac11c1db80e805d8c8d0858cf286ce3ac3b?s=96&d=mm&r=g\",\"caption\":\"Luiz Carlos da Cruz\"},\"url\":\"https:\\\/\\\/jornalboasnoticias.com.br\\\/home\\\/author\\\/luiz-carlos-da-cruz\\\/\"}]}<\/script>\n<!-- \/ Yoast SEO plugin. -->","yoast_head_json":{"title":"Livro de pastor evang\u00e9lico \u00e9 o mais vendido de 2024 no Brasil - Jornal","description":"Livro de pastor evang\u00e9lico \u00e9 o mais vendido de 2024 no Brasil","robots":{"index":"index","follow":"follow","max-snippet":"max-snippet:-1","max-image-preview":"max-image-preview:large","max-video-preview":"max-video-preview:-1"},"canonical":"https:\/\/jornalboasnoticias.com.br\/home\/livro-de-pastor-evangelico-e-o-mais-vendido-de-2024-no-brasil\/","og_locale":"pt_BR","og_type":"article","og_title":"Livro de pastor evang\u00e9lico \u00e9 o mais vendido de 2024 no Brasil - Jornal","og_description":"Livro de pastor evang\u00e9lico \u00e9 o mais vendido de 2024 no Brasil","og_url":"https:\/\/jornalboasnoticias.com.br\/home\/livro-de-pastor-evangelico-e-o-mais-vendido-de-2024-no-brasil\/","og_site_name":"Jornal","article_publisher":"https:\/\/www.facebook.com\/boasnoticiasjornal","article_published_time":"2025-01-03T23:32:34+00:00","article_modified_time":"2025-01-03T23:35:28+00:00","og_image":[{"width":1200,"height":675,"url":"https:\/\/jornalboasnoticias.com.br\/home\/wp-content\/uploads\/2025\/01\/Cafe-com-Deus-Pai-2.jpg","type":"image\/jpeg"}],"author":"Luiz Carlos da Cruz","twitter_card":"summary_large_image","twitter_misc":{"Escrito por":"Luiz Carlos da Cruz","Est. tempo de leitura":"2 minutos"},"schema":{"@context":"https:\/\/schema.org","@graph":[{"@type":"Article","@id":"https:\/\/jornalboasnoticias.com.br\/home\/livro-de-pastor-evangelico-e-o-mais-vendido-de-2024-no-brasil\/#article","isPartOf":{"@id":"https:\/\/jornalboasnoticias.com.br\/home\/livro-de-pastor-evangelico-e-o-mais-vendido-de-2024-no-brasil\/"},"author":{"name":"Luiz Carlos da Cruz","@id":"https:\/\/jornalboasnoticias.com.br\/home\/#\/schema\/person\/75f9ebde398c998c166475fb446bda62"},"headline":"Livro de pastor evang\u00e9lico \u00e9 o mais vendido de 2024 no Brasil","datePublished":"2025-01-03T23:32:34+00:00","dateModified":"2025-01-03T23:35:28+00:00","mainEntityOfPage":{"@id":"https:\/\/jornalboasnoticias.com.br\/home\/livro-de-pastor-evangelico-e-o-mais-vendido-de-2024-no-brasil\/"},"wordCount":277,"commentCount":0,"publisher":{"@id":"https:\/\/jornalboasnoticias.com.br\/home\/#organization"},"image":{"@id":"https:\/\/jornalboasnoticias.com.br\/home\/livro-de-pastor-evangelico-e-o-mais-vendido-de-2024-no-brasil\/#primaryimage"},"thumbnailUrl":"https:\/\/jornalboasnoticias.com.br\/home\/wp-content\/uploads\/2025\/01\/Cafe-com-Deus-Pai-2.jpg","keywords":["Caf\u00e9 com Deus Pai","Deus","Livro"],"articleSection":["BRASIL","DESTAQUE"],"inLanguage":"pt-BR","potentialAction":[{"@type":"CommentAction","name":"Comment","target":["https:\/\/jornalboasnoticias.com.br\/home\/livro-de-pastor-evangelico-e-o-mais-vendido-de-2024-no-brasil\/#respond"]}]},{"@type":"WebPage","@id":"https:\/\/jornalboasnoticias.com.br\/home\/livro-de-pastor-evangelico-e-o-mais-vendido-de-2024-no-brasil\/","url":"https:\/\/jornalboasnoticias.com.br\/home\/livro-de-pastor-evangelico-e-o-mais-vendido-de-2024-no-brasil\/","name":"Livro de pastor evang\u00e9lico \u00e9 o mais vendido de 2024 no Brasil - Jornal","isPartOf":{"@id":"https:\/\/jornalboasnoticias.com.br\/home\/#website"},"primaryImageOfPage":{"@id":"https:\/\/jornalboasnoticias.com.br\/home\/livro-de-pastor-evangelico-e-o-mais-vendido-de-2024-no-brasil\/#primaryimage"},"image":{"@id":"https:\/\/jornalboasnoticias.com.br\/home\/livro-de-pastor-evangelico-e-o-mais-vendido-de-2024-no-brasil\/#primaryimage"},"thumbnailUrl":"https:\/\/jornalboasnoticias.com.br\/home\/wp-content\/uploads\/2025\/01\/Cafe-com-Deus-Pai-2.jpg","datePublished":"2025-01-03T23:32:34+00:00","dateModified":"2025-01-03T23:35:28+00:00","description":"Livro de pastor evang\u00e9lico \u00e9 o mais vendido de 2024 no Brasil","breadcrumb":{"@id":"https:\/\/jornalboasnoticias.com.br\/home\/livro-de-pastor-evangelico-e-o-mais-vendido-de-2024-no-brasil\/#breadcrumb"},"inLanguage":"pt-BR","potentialAction":[{"@type":"ReadAction","target":["https:\/\/jornalboasnoticias.com.br\/home\/livro-de-pastor-evangelico-e-o-mais-vendido-de-2024-no-brasil\/"]}]},{"@type":"ImageObject","inLanguage":"pt-BR","@id":"https:\/\/jornalboasnoticias.com.br\/home\/livro-de-pastor-evangelico-e-o-mais-vendido-de-2024-no-brasil\/#primaryimage","url":"https:\/\/jornalboasnoticias.com.br\/home\/wp-content\/uploads\/2025\/01\/Cafe-com-Deus-Pai-2.jpg","contentUrl":"https:\/\/jornalboasnoticias.com.br\/home\/wp-content\/uploads\/2025\/01\/Cafe-com-Deus-Pai-2.jpg","width":1200,"height":675},{"@type":"BreadcrumbList","@id":"https:\/\/jornalboasnoticias.com.br\/home\/livro-de-pastor-evangelico-e-o-mais-vendido-de-2024-no-brasil\/#breadcrumb","itemListElement":[{"@type":"ListItem","position":1,"name":"In\u00edcio","item":"https:\/\/jornalboasnoticias.com.br\/home\/"},{"@type":"ListItem","position":2,"name":"Livro de pastor evang\u00e9lico \u00e9 o mais vendido de 2024 no Brasil"}]},{"@type":"WebSite","@id":"https:\/\/jornalboasnoticias.com.br\/home\/#website","url":"https:\/\/jornalboasnoticias.com.br\/home\/","name":"Jornal Boas Not\u00edcias","description":"Boas not\u00edcias","publisher":{"@id":"https:\/\/jornalboasnoticias.com.br\/home\/#organization"},"potentialAction":[{"@type":"SearchAction","target":{"@type":"EntryPoint","urlTemplate":"https:\/\/jornalboasnoticias.com.br\/home\/?s={search_term_string}"},"query-input":{"@type":"PropertyValueSpecification","valueRequired":true,"valueName":"search_term_string"}}],"inLanguage":"pt-BR"},{"@type":"Organization","@id":"https:\/\/jornalboasnoticias.com.br\/home\/#organization","name":"Coq Editora Ltda","alternateName":"Jornal Boas Noticias","url":"https:\/\/jornalboasnoticias.com.br\/home\/","logo":{"@type":"ImageObject","inLanguage":"pt-BR","@id":"https:\/\/jornalboasnoticias.com.br\/home\/#\/schema\/logo\/image\/","url":"https:\/\/jornalboasnoticias.com.br\/home\/wp-content\/uploads\/2024\/07\/cropped-logo.jpg","contentUrl":"https:\/\/jornalboasnoticias.com.br\/home\/wp-content\/uploads\/2024\/07\/cropped-logo.jpg","width":290,"height":142,"caption":"Coq Editora Ltda"},"image":{"@id":"https:\/\/jornalboasnoticias.com.br\/home\/#\/schema\/logo\/image\/"},"sameAs":["https:\/\/www.facebook.com\/boasnoticiasjornal"]},{"@type":"Person","@id":"https:\/\/jornalboasnoticias.com.br\/home\/#\/schema\/person\/75f9ebde398c998c166475fb446bda62","name":"Luiz Carlos da Cruz","image":{"@type":"ImageObject","inLanguage":"pt-BR","@id":"https:\/\/secure.gravatar.com\/avatar\/e6f4f45301b6cb8572f7b076572e8ac11c1db80e805d8c8d0858cf286ce3ac3b?s=96&d=mm&r=g","url":"https:\/\/secure.gravatar.com\/avatar\/e6f4f45301b6cb8572f7b076572e8ac11c1db80e805d8c8d0858cf286ce3ac3b?s=96&d=mm&r=g","contentUrl":"https:\/\/secure.gravatar.com\/avatar\/e6f4f45301b6cb8572f7b076572e8ac11c1db80e805d8c8d0858cf286ce3ac3b?s=96&d=mm&r=g","caption":"Luiz Carlos da Cruz"},"url":"https:\/\/jornalboasnoticias.com.br\/home\/author\/luiz-carlos-da-cruz\/"}]}},"_links":{"self":[{"href":"https:\/\/jornalboasnoticias.com.br\/home\/wp-json\/wp\/v2\/posts\/46122","targetHints":{"allow":["GET"]}}],"collection":[{"href":"https:\/\/jornalboasnoticias.com.br\/home\/wp-json\/wp\/v2\/posts"}],"about":[{"href":"https:\/\/jornalboasnoticias.com.br\/home\/wp-json\/wp\/v2\/types\/post"}],"author":[{"embeddable":true,"href":"https:\/\/jornalboasnoticias.com.br\/home\/wp-json\/wp\/v2\/users\/3"}],"replies":[{"embeddable":true,"href":"https:\/\/jornalboasnoticias.com.br\/home\/wp-json\/wp\/v2\/comments?post=46122"}],"version-history":[{"count":1,"href":"https:\/\/jornalboasnoticias.com.br\/home\/wp-json\/wp\/v2\/posts\/46122\/revisions"}],"predecessor-version":[{"id":46125,"href":"https:\/\/jornalboasnoticias.com.br\/home\/wp-json\/wp\/v2\/posts\/46122\/revisions\/46125"}],"wp:featuredmedia":[{"embeddable":true,"href":"https:\/\/jornalboasnoticias.com.br\/home\/wp-json\/wp\/v2\/media\/46124"}],"wp:attachment":[{"href":"https:\/\/jornalboasnoticias.com.br\/home\/wp-json\/wp\/v2\/media?parent=46122"}],"wp:term":[{"taxonomy":"category","embeddable":true,"href":"https:\/\/jornalboasnoticias.com.br\/home\/wp-json\/wp\/v2\/categories?post=46122"},{"taxonomy":"post_tag","embeddable":true,"href":"https:\/\/jornalboasnoticias.com.br\/home\/wp-json\/wp\/v2\/tags?post=46122"}],"curies":[{"name":"wp","href":"https:\/\/api.w.org\/{rel}","templated":true}]}}