{"id":46110,"date":"2025-01-03T12:01:14","date_gmt":"2025-01-03T12:01:14","guid":{"rendered":"https:\/\/jornalboasnoticias.com.br\/home\/?p=46110"},"modified":"2025-01-03T12:01:14","modified_gmt":"2025-01-03T12:01:14","slug":"mais-ucranianos-solicitam-biblias-em-lingua-nativa","status":"publish","type":"post","link":"https:\/\/jornalboasnoticias.com.br\/home\/mais-ucranianos-solicitam-biblias-em-lingua-nativa\/","title":{"rendered":"Mais ucranianos solicitam B\u00edblias em l\u00edngua nativa"},"content":{"rendered":"<p style=\"text-align: center;\"><strong><em>Apesar do avan\u00e7o da guerra, o Evangelho segue sendo compartilhado na Ucr\u00e2nia<\/em><\/strong><\/p>\n<p><img loading=\"lazy\" decoding=\"async\" class=\"alignnone wp-image-46111 size-full\" src=\"https:\/\/jornalboasnoticias.com.br\/home\/wp-content\/uploads\/2025\/01\/ucrania-1024x682-1.jpg\" alt=\"\" width=\"1024\" height=\"682\" srcset=\"https:\/\/jornalboasnoticias.com.br\/home\/wp-content\/uploads\/2025\/01\/ucrania-1024x682-1.jpg 1024w, https:\/\/jornalboasnoticias.com.br\/home\/wp-content\/uploads\/2025\/01\/ucrania-1024x682-1-300x200.jpg 300w, https:\/\/jornalboasnoticias.com.br\/home\/wp-content\/uploads\/2025\/01\/ucrania-1024x682-1-768x512.jpg 768w, https:\/\/jornalboasnoticias.com.br\/home\/wp-content\/uploads\/2025\/01\/ucrania-1024x682-1-900x600.jpg 900w\" sizes=\"auto, (max-width: 1024px) 100vw, 1024px\" \/><\/p>\n<p>A\u00a0<em>Eastern European Mission (EEM)<\/em>, que contrabandeou B\u00edblias para a Uni\u00e3o Sovi\u00e9tica na d\u00e9cada de 1960, continua compartilhando a Palavra de Deus d\u00e9cadas depois, em meio a guerra na Ucr\u00e2nia.<\/p>\n<p>A organiza\u00e7\u00e3o sem fins lucrativos, que distribui B\u00edblias e materiais crist\u00e3os por meio de igrejas e organiza\u00e7\u00f5es crist\u00e3s para os europeus orientais em suas l\u00ednguas nativas, estabeleceu como meta para o ano de 2024 a distribui\u00e7\u00e3o de 970.000 B\u00edblias e outros materiais baseados no Livro Sagrado em mais de 30 pa\u00edses e 20 idiomas diferentes.<\/p>\n<p>A\u00a0<em>EEM<\/em>\u00a0j\u00e1 distribu\u00eda B\u00edblias para a Ucr\u00e2nia, mesmo antes do in\u00edcio da invas\u00e3o da R\u00fassia e da guerra subsequente com a Ucr\u00e2nia em fevereiro de 2022, mas ap\u00f3s no cen\u00e1rio atual, foi observado uma necessidade maior, visto que muitos ucranianos sofreram com o deslocamento, sendo for\u00e7ados a fugir de suas casas, levando a mensagem do Evangelho com eles.<\/p>\n<p>De acordo com dados do Alto Comissariado das Na\u00e7\u00f5es Unidas para Refugiados , 6,8 milh\u00f5es de refugiados da Ucr\u00e2nia foram registrados globalmente e quase 4 milh\u00f5es de pessoas deslocadas na Ucr\u00e2nia em novembro de 2024.<\/p>\n<p>Segundo a\u00a0<em>EEM<\/em>, mesmo com a guerra avan\u00e7ando, houve um aumento nos pedidos de B\u00edblias ucranianas. O vice-presidente da institui\u00e7\u00e3o, Dirk Smith, atribuiu esta observa\u00e7\u00e3o ao fato de os ucranianos estarem buscando consolo em Deus enquanto suportam a prova\u00e7\u00e3o de seu pa\u00eds em guerra.<\/p>\n<p>\u201cDeus usa o mal, e esta guerra definitivamente n\u00e3o vem de um bom lugar, mas Deus a usar\u00e1\u201d, disse Smith, ao\u00a0<em>Christian Post.<\/em><\/p>\n<p>&nbsp;<\/p>\n<p><em>Reda\u00e7\u00e3o CPAD News\/ Com informa\u00e7\u00f5es\/ The Christian Post<\/em><\/p>\n","protected":false},"excerpt":{"rendered":"<p>Apesar do avan\u00e7o da guerra, o Evangelho segue sendo compartilhado na Ucr\u00e2nia A\u00a0Eastern European Mission<\/p>\n","protected":false},"author":3,"featured_media":46111,"comment_status":"open","ping_status":"open","sticky":false,"template":"","format":"standard","meta":{"footnotes":""},"categories":[3,9],"tags":[101],"class_list":["post-46110","post","type-post","status-publish","format-standard","has-post-thumbnail","hentry","category-destaques","category-internacional","tag-ucrania"],"yoast_head":"<!-- This site is optimized with the Yoast SEO plugin v27.5 - https:\/\/yoast.com\/product\/yoast-seo-wordpress\/ -->\n<title>Mais ucranianos solicitam B\u00edblias em l\u00edngua nativa - Jornal<\/title>\n<meta name=\"description\" content=\"Mais ucranianos solicitam B\u00edblias em l\u00edngua nativa\" \/>\n<meta name=\"robots\" content=\"index, follow, max-snippet:-1, max-image-preview:large, max-video-preview:-1\" \/>\n<link rel=\"canonical\" href=\"https:\/\/jornalboasnoticias.com.br\/home\/mais-ucranianos-solicitam-biblias-em-lingua-nativa\/\" \/>\n<meta property=\"og:locale\" content=\"pt_BR\" \/>\n<meta property=\"og:type\" content=\"article\" \/>\n<meta property=\"og:title\" content=\"Mais ucranianos solicitam B\u00edblias em l\u00edngua nativa - Jornal\" \/>\n<meta property=\"og:description\" content=\"Mais ucranianos solicitam B\u00edblias em l\u00edngua nativa\" \/>\n<meta property=\"og:url\" content=\"https:\/\/jornalboasnoticias.com.br\/home\/mais-ucranianos-solicitam-biblias-em-lingua-nativa\/\" \/>\n<meta property=\"og:site_name\" content=\"Jornal\" \/>\n<meta property=\"article:publisher\" content=\"https:\/\/www.facebook.com\/boasnoticiasjornal\" \/>\n<meta property=\"article:published_time\" content=\"2025-01-03T12:01:14+00:00\" \/>\n<meta property=\"og:image\" content=\"https:\/\/jornalboasnoticias.com.br\/home\/wp-content\/uploads\/2025\/01\/ucrania-1024x682-1.jpg\" \/>\n\t<meta property=\"og:image:width\" content=\"1024\" \/>\n\t<meta property=\"og:image:height\" content=\"682\" \/>\n\t<meta property=\"og:image:type\" content=\"image\/jpeg\" \/>\n<meta name=\"author\" content=\"Luiz Carlos da Cruz\" \/>\n<meta name=\"twitter:card\" content=\"summary_large_image\" \/>\n<meta name=\"twitter:label1\" content=\"Escrito por\" \/>\n\t<meta name=\"twitter:data1\" content=\"Luiz Carlos da Cruz\" \/>\n\t<meta name=\"twitter:label2\" content=\"Est. tempo de leitura\" \/>\n\t<meta name=\"twitter:data2\" content=\"2 minutos\" \/>\n<script type=\"application\/ld+json\" class=\"yoast-schema-graph\">{\"@context\":\"https:\\\/\\\/schema.org\",\"@graph\":[{\"@type\":\"Article\",\"@id\":\"https:\\\/\\\/jornalboasnoticias.com.br\\\/home\\\/mais-ucranianos-solicitam-biblias-em-lingua-nativa\\\/#article\",\"isPartOf\":{\"@id\":\"https:\\\/\\\/jornalboasnoticias.com.br\\\/home\\\/mais-ucranianos-solicitam-biblias-em-lingua-nativa\\\/\"},\"author\":{\"name\":\"Luiz Carlos da Cruz\",\"@id\":\"https:\\\/\\\/jornalboasnoticias.com.br\\\/home\\\/#\\\/schema\\\/person\\\/75f9ebde398c998c166475fb446bda62\"},\"headline\":\"Mais ucranianos solicitam B\u00edblias em l\u00edngua nativa\",\"datePublished\":\"2025-01-03T12:01:14+00:00\",\"mainEntityOfPage\":{\"@id\":\"https:\\\/\\\/jornalboasnoticias.com.br\\\/home\\\/mais-ucranianos-solicitam-biblias-em-lingua-nativa\\\/\"},\"wordCount\":307,\"commentCount\":0,\"publisher\":{\"@id\":\"https:\\\/\\\/jornalboasnoticias.com.br\\\/home\\\/#organization\"},\"image\":{\"@id\":\"https:\\\/\\\/jornalboasnoticias.com.br\\\/home\\\/mais-ucranianos-solicitam-biblias-em-lingua-nativa\\\/#primaryimage\"},\"thumbnailUrl\":\"https:\\\/\\\/jornalboasnoticias.com.br\\\/home\\\/wp-content\\\/uploads\\\/2025\\\/01\\\/ucrania-1024x682-1.jpg\",\"keywords\":[\"Ucr\u00e2nia\"],\"articleSection\":[\"DESTAQUE\",\"INTERNACIONAL\"],\"inLanguage\":\"pt-BR\",\"potentialAction\":[{\"@type\":\"CommentAction\",\"name\":\"Comment\",\"target\":[\"https:\\\/\\\/jornalboasnoticias.com.br\\\/home\\\/mais-ucranianos-solicitam-biblias-em-lingua-nativa\\\/#respond\"]}]},{\"@type\":\"WebPage\",\"@id\":\"https:\\\/\\\/jornalboasnoticias.com.br\\\/home\\\/mais-ucranianos-solicitam-biblias-em-lingua-nativa\\\/\",\"url\":\"https:\\\/\\\/jornalboasnoticias.com.br\\\/home\\\/mais-ucranianos-solicitam-biblias-em-lingua-nativa\\\/\",\"name\":\"Mais ucranianos solicitam B\u00edblias em l\u00edngua nativa - Jornal\",\"isPartOf\":{\"@id\":\"https:\\\/\\\/jornalboasnoticias.com.br\\\/home\\\/#website\"},\"primaryImageOfPage\":{\"@id\":\"https:\\\/\\\/jornalboasnoticias.com.br\\\/home\\\/mais-ucranianos-solicitam-biblias-em-lingua-nativa\\\/#primaryimage\"},\"image\":{\"@id\":\"https:\\\/\\\/jornalboasnoticias.com.br\\\/home\\\/mais-ucranianos-solicitam-biblias-em-lingua-nativa\\\/#primaryimage\"},\"thumbnailUrl\":\"https:\\\/\\\/jornalboasnoticias.com.br\\\/home\\\/wp-content\\\/uploads\\\/2025\\\/01\\\/ucrania-1024x682-1.jpg\",\"datePublished\":\"2025-01-03T12:01:14+00:00\",\"description\":\"Mais ucranianos solicitam B\u00edblias em l\u00edngua nativa\",\"breadcrumb\":{\"@id\":\"https:\\\/\\\/jornalboasnoticias.com.br\\\/home\\\/mais-ucranianos-solicitam-biblias-em-lingua-nativa\\\/#breadcrumb\"},\"inLanguage\":\"pt-BR\",\"potentialAction\":[{\"@type\":\"ReadAction\",\"target\":[\"https:\\\/\\\/jornalboasnoticias.com.br\\\/home\\\/mais-ucranianos-solicitam-biblias-em-lingua-nativa\\\/\"]}]},{\"@type\":\"ImageObject\",\"inLanguage\":\"pt-BR\",\"@id\":\"https:\\\/\\\/jornalboasnoticias.com.br\\\/home\\\/mais-ucranianos-solicitam-biblias-em-lingua-nativa\\\/#primaryimage\",\"url\":\"https:\\\/\\\/jornalboasnoticias.com.br\\\/home\\\/wp-content\\\/uploads\\\/2025\\\/01\\\/ucrania-1024x682-1.jpg\",\"contentUrl\":\"https:\\\/\\\/jornalboasnoticias.com.br\\\/home\\\/wp-content\\\/uploads\\\/2025\\\/01\\\/ucrania-1024x682-1.jpg\",\"width\":1024,\"height\":682},{\"@type\":\"BreadcrumbList\",\"@id\":\"https:\\\/\\\/jornalboasnoticias.com.br\\\/home\\\/mais-ucranianos-solicitam-biblias-em-lingua-nativa\\\/#breadcrumb\",\"itemListElement\":[{\"@type\":\"ListItem\",\"position\":1,\"name\":\"In\u00edcio\",\"item\":\"https:\\\/\\\/jornalboasnoticias.com.br\\\/home\\\/\"},{\"@type\":\"ListItem\",\"position\":2,\"name\":\"Mais ucranianos solicitam B\u00edblias em l\u00edngua nativa\"}]},{\"@type\":\"WebSite\",\"@id\":\"https:\\\/\\\/jornalboasnoticias.com.br\\\/home\\\/#website\",\"url\":\"https:\\\/\\\/jornalboasnoticias.com.br\\\/home\\\/\",\"name\":\"Jornal Boas Not\u00edcias\",\"description\":\"Boas not\u00edcias\",\"publisher\":{\"@id\":\"https:\\\/\\\/jornalboasnoticias.com.br\\\/home\\\/#organization\"},\"potentialAction\":[{\"@type\":\"SearchAction\",\"target\":{\"@type\":\"EntryPoint\",\"urlTemplate\":\"https:\\\/\\\/jornalboasnoticias.com.br\\\/home\\\/?s={search_term_string}\"},\"query-input\":{\"@type\":\"PropertyValueSpecification\",\"valueRequired\":true,\"valueName\":\"search_term_string\"}}],\"inLanguage\":\"pt-BR\"},{\"@type\":\"Organization\",\"@id\":\"https:\\\/\\\/jornalboasnoticias.com.br\\\/home\\\/#organization\",\"name\":\"Coq Editora Ltda\",\"alternateName\":\"Jornal Boas Noticias\",\"url\":\"https:\\\/\\\/jornalboasnoticias.com.br\\\/home\\\/\",\"logo\":{\"@type\":\"ImageObject\",\"inLanguage\":\"pt-BR\",\"@id\":\"https:\\\/\\\/jornalboasnoticias.com.br\\\/home\\\/#\\\/schema\\\/logo\\\/image\\\/\",\"url\":\"https:\\\/\\\/jornalboasnoticias.com.br\\\/home\\\/wp-content\\\/uploads\\\/2024\\\/07\\\/cropped-logo.jpg\",\"contentUrl\":\"https:\\\/\\\/jornalboasnoticias.com.br\\\/home\\\/wp-content\\\/uploads\\\/2024\\\/07\\\/cropped-logo.jpg\",\"width\":290,\"height\":142,\"caption\":\"Coq Editora Ltda\"},\"image\":{\"@id\":\"https:\\\/\\\/jornalboasnoticias.com.br\\\/home\\\/#\\\/schema\\\/logo\\\/image\\\/\"},\"sameAs\":[\"https:\\\/\\\/www.facebook.com\\\/boasnoticiasjornal\"]},{\"@type\":\"Person\",\"@id\":\"https:\\\/\\\/jornalboasnoticias.com.br\\\/home\\\/#\\\/schema\\\/person\\\/75f9ebde398c998c166475fb446bda62\",\"name\":\"Luiz Carlos da Cruz\",\"image\":{\"@type\":\"ImageObject\",\"inLanguage\":\"pt-BR\",\"@id\":\"https:\\\/\\\/secure.gravatar.com\\\/avatar\\\/e6f4f45301b6cb8572f7b076572e8ac11c1db80e805d8c8d0858cf286ce3ac3b?s=96&d=mm&r=g\",\"url\":\"https:\\\/\\\/secure.gravatar.com\\\/avatar\\\/e6f4f45301b6cb8572f7b076572e8ac11c1db80e805d8c8d0858cf286ce3ac3b?s=96&d=mm&r=g\",\"contentUrl\":\"https:\\\/\\\/secure.gravatar.com\\\/avatar\\\/e6f4f45301b6cb8572f7b076572e8ac11c1db80e805d8c8d0858cf286ce3ac3b?s=96&d=mm&r=g\",\"caption\":\"Luiz Carlos da Cruz\"},\"url\":\"https:\\\/\\\/jornalboasnoticias.com.br\\\/home\\\/author\\\/luiz-carlos-da-cruz\\\/\"}]}<\/script>\n<!-- \/ Yoast SEO plugin. -->","yoast_head_json":{"title":"Mais ucranianos solicitam B\u00edblias em l\u00edngua nativa - Jornal","description":"Mais ucranianos solicitam B\u00edblias em l\u00edngua nativa","robots":{"index":"index","follow":"follow","max-snippet":"max-snippet:-1","max-image-preview":"max-image-preview:large","max-video-preview":"max-video-preview:-1"},"canonical":"https:\/\/jornalboasnoticias.com.br\/home\/mais-ucranianos-solicitam-biblias-em-lingua-nativa\/","og_locale":"pt_BR","og_type":"article","og_title":"Mais ucranianos solicitam B\u00edblias em l\u00edngua nativa - Jornal","og_description":"Mais ucranianos solicitam B\u00edblias em l\u00edngua nativa","og_url":"https:\/\/jornalboasnoticias.com.br\/home\/mais-ucranianos-solicitam-biblias-em-lingua-nativa\/","og_site_name":"Jornal","article_publisher":"https:\/\/www.facebook.com\/boasnoticiasjornal","article_published_time":"2025-01-03T12:01:14+00:00","og_image":[{"width":1024,"height":682,"url":"https:\/\/jornalboasnoticias.com.br\/home\/wp-content\/uploads\/2025\/01\/ucrania-1024x682-1.jpg","type":"image\/jpeg"}],"author":"Luiz Carlos da Cruz","twitter_card":"summary_large_image","twitter_misc":{"Escrito por":"Luiz Carlos da Cruz","Est. tempo de leitura":"2 minutos"},"schema":{"@context":"https:\/\/schema.org","@graph":[{"@type":"Article","@id":"https:\/\/jornalboasnoticias.com.br\/home\/mais-ucranianos-solicitam-biblias-em-lingua-nativa\/#article","isPartOf":{"@id":"https:\/\/jornalboasnoticias.com.br\/home\/mais-ucranianos-solicitam-biblias-em-lingua-nativa\/"},"author":{"name":"Luiz Carlos da Cruz","@id":"https:\/\/jornalboasnoticias.com.br\/home\/#\/schema\/person\/75f9ebde398c998c166475fb446bda62"},"headline":"Mais ucranianos solicitam B\u00edblias em l\u00edngua nativa","datePublished":"2025-01-03T12:01:14+00:00","mainEntityOfPage":{"@id":"https:\/\/jornalboasnoticias.com.br\/home\/mais-ucranianos-solicitam-biblias-em-lingua-nativa\/"},"wordCount":307,"commentCount":0,"publisher":{"@id":"https:\/\/jornalboasnoticias.com.br\/home\/#organization"},"image":{"@id":"https:\/\/jornalboasnoticias.com.br\/home\/mais-ucranianos-solicitam-biblias-em-lingua-nativa\/#primaryimage"},"thumbnailUrl":"https:\/\/jornalboasnoticias.com.br\/home\/wp-content\/uploads\/2025\/01\/ucrania-1024x682-1.jpg","keywords":["Ucr\u00e2nia"],"articleSection":["DESTAQUE","INTERNACIONAL"],"inLanguage":"pt-BR","potentialAction":[{"@type":"CommentAction","name":"Comment","target":["https:\/\/jornalboasnoticias.com.br\/home\/mais-ucranianos-solicitam-biblias-em-lingua-nativa\/#respond"]}]},{"@type":"WebPage","@id":"https:\/\/jornalboasnoticias.com.br\/home\/mais-ucranianos-solicitam-biblias-em-lingua-nativa\/","url":"https:\/\/jornalboasnoticias.com.br\/home\/mais-ucranianos-solicitam-biblias-em-lingua-nativa\/","name":"Mais ucranianos solicitam B\u00edblias em l\u00edngua nativa - Jornal","isPartOf":{"@id":"https:\/\/jornalboasnoticias.com.br\/home\/#website"},"primaryImageOfPage":{"@id":"https:\/\/jornalboasnoticias.com.br\/home\/mais-ucranianos-solicitam-biblias-em-lingua-nativa\/#primaryimage"},"image":{"@id":"https:\/\/jornalboasnoticias.com.br\/home\/mais-ucranianos-solicitam-biblias-em-lingua-nativa\/#primaryimage"},"thumbnailUrl":"https:\/\/jornalboasnoticias.com.br\/home\/wp-content\/uploads\/2025\/01\/ucrania-1024x682-1.jpg","datePublished":"2025-01-03T12:01:14+00:00","description":"Mais ucranianos solicitam B\u00edblias em l\u00edngua nativa","breadcrumb":{"@id":"https:\/\/jornalboasnoticias.com.br\/home\/mais-ucranianos-solicitam-biblias-em-lingua-nativa\/#breadcrumb"},"inLanguage":"pt-BR","potentialAction":[{"@type":"ReadAction","target":["https:\/\/jornalboasnoticias.com.br\/home\/mais-ucranianos-solicitam-biblias-em-lingua-nativa\/"]}]},{"@type":"ImageObject","inLanguage":"pt-BR","@id":"https:\/\/jornalboasnoticias.com.br\/home\/mais-ucranianos-solicitam-biblias-em-lingua-nativa\/#primaryimage","url":"https:\/\/jornalboasnoticias.com.br\/home\/wp-content\/uploads\/2025\/01\/ucrania-1024x682-1.jpg","contentUrl":"https:\/\/jornalboasnoticias.com.br\/home\/wp-content\/uploads\/2025\/01\/ucrania-1024x682-1.jpg","width":1024,"height":682},{"@type":"BreadcrumbList","@id":"https:\/\/jornalboasnoticias.com.br\/home\/mais-ucranianos-solicitam-biblias-em-lingua-nativa\/#breadcrumb","itemListElement":[{"@type":"ListItem","position":1,"name":"In\u00edcio","item":"https:\/\/jornalboasnoticias.com.br\/home\/"},{"@type":"ListItem","position":2,"name":"Mais ucranianos solicitam B\u00edblias em l\u00edngua nativa"}]},{"@type":"WebSite","@id":"https:\/\/jornalboasnoticias.com.br\/home\/#website","url":"https:\/\/jornalboasnoticias.com.br\/home\/","name":"Jornal Boas Not\u00edcias","description":"Boas not\u00edcias","publisher":{"@id":"https:\/\/jornalboasnoticias.com.br\/home\/#organization"},"potentialAction":[{"@type":"SearchAction","target":{"@type":"EntryPoint","urlTemplate":"https:\/\/jornalboasnoticias.com.br\/home\/?s={search_term_string}"},"query-input":{"@type":"PropertyValueSpecification","valueRequired":true,"valueName":"search_term_string"}}],"inLanguage":"pt-BR"},{"@type":"Organization","@id":"https:\/\/jornalboasnoticias.com.br\/home\/#organization","name":"Coq Editora Ltda","alternateName":"Jornal Boas Noticias","url":"https:\/\/jornalboasnoticias.com.br\/home\/","logo":{"@type":"ImageObject","inLanguage":"pt-BR","@id":"https:\/\/jornalboasnoticias.com.br\/home\/#\/schema\/logo\/image\/","url":"https:\/\/jornalboasnoticias.com.br\/home\/wp-content\/uploads\/2024\/07\/cropped-logo.jpg","contentUrl":"https:\/\/jornalboasnoticias.com.br\/home\/wp-content\/uploads\/2024\/07\/cropped-logo.jpg","width":290,"height":142,"caption":"Coq Editora Ltda"},"image":{"@id":"https:\/\/jornalboasnoticias.com.br\/home\/#\/schema\/logo\/image\/"},"sameAs":["https:\/\/www.facebook.com\/boasnoticiasjornal"]},{"@type":"Person","@id":"https:\/\/jornalboasnoticias.com.br\/home\/#\/schema\/person\/75f9ebde398c998c166475fb446bda62","name":"Luiz Carlos da Cruz","image":{"@type":"ImageObject","inLanguage":"pt-BR","@id":"https:\/\/secure.gravatar.com\/avatar\/e6f4f45301b6cb8572f7b076572e8ac11c1db80e805d8c8d0858cf286ce3ac3b?s=96&d=mm&r=g","url":"https:\/\/secure.gravatar.com\/avatar\/e6f4f45301b6cb8572f7b076572e8ac11c1db80e805d8c8d0858cf286ce3ac3b?s=96&d=mm&r=g","contentUrl":"https:\/\/secure.gravatar.com\/avatar\/e6f4f45301b6cb8572f7b076572e8ac11c1db80e805d8c8d0858cf286ce3ac3b?s=96&d=mm&r=g","caption":"Luiz Carlos da Cruz"},"url":"https:\/\/jornalboasnoticias.com.br\/home\/author\/luiz-carlos-da-cruz\/"}]}},"_links":{"self":[{"href":"https:\/\/jornalboasnoticias.com.br\/home\/wp-json\/wp\/v2\/posts\/46110","targetHints":{"allow":["GET"]}}],"collection":[{"href":"https:\/\/jornalboasnoticias.com.br\/home\/wp-json\/wp\/v2\/posts"}],"about":[{"href":"https:\/\/jornalboasnoticias.com.br\/home\/wp-json\/wp\/v2\/types\/post"}],"author":[{"embeddable":true,"href":"https:\/\/jornalboasnoticias.com.br\/home\/wp-json\/wp\/v2\/users\/3"}],"replies":[{"embeddable":true,"href":"https:\/\/jornalboasnoticias.com.br\/home\/wp-json\/wp\/v2\/comments?post=46110"}],"version-history":[{"count":1,"href":"https:\/\/jornalboasnoticias.com.br\/home\/wp-json\/wp\/v2\/posts\/46110\/revisions"}],"predecessor-version":[{"id":46112,"href":"https:\/\/jornalboasnoticias.com.br\/home\/wp-json\/wp\/v2\/posts\/46110\/revisions\/46112"}],"wp:featuredmedia":[{"embeddable":true,"href":"https:\/\/jornalboasnoticias.com.br\/home\/wp-json\/wp\/v2\/media\/46111"}],"wp:attachment":[{"href":"https:\/\/jornalboasnoticias.com.br\/home\/wp-json\/wp\/v2\/media?parent=46110"}],"wp:term":[{"taxonomy":"category","embeddable":true,"href":"https:\/\/jornalboasnoticias.com.br\/home\/wp-json\/wp\/v2\/categories?post=46110"},{"taxonomy":"post_tag","embeddable":true,"href":"https:\/\/jornalboasnoticias.com.br\/home\/wp-json\/wp\/v2\/tags?post=46110"}],"curies":[{"name":"wp","href":"https:\/\/api.w.org\/{rel}","templated":true}]}}