{"id":46107,"date":"2025-01-03T11:48:51","date_gmt":"2025-01-03T11:48:51","guid":{"rendered":"https:\/\/jornalboasnoticias.com.br\/home\/?p=46107"},"modified":"2025-01-03T11:48:51","modified_gmt":"2025-01-03T11:48:51","slug":"andre-valadao-esclarece-polemica-sobre-area-vip-em-igrejas-da-lagoinha","status":"publish","type":"post","link":"https:\/\/jornalboasnoticias.com.br\/home\/andre-valadao-esclarece-polemica-sobre-area-vip-em-igrejas-da-lagoinha\/","title":{"rendered":"Andr\u00e9 Valad\u00e3o esclarece pol\u00eamica sobre \u00e1rea VIP em igrejas da Lagoinha"},"content":{"rendered":"<p style=\"text-align: center;\"><em>O presidente da Lagoinha Global e pastor da Lagoinha Orlando Church foi questionado por um seguidor e explicou a raz\u00e3o de o setor existir<\/p>\n<p><\/em><\/p>\n<p data-sourcepos=\"19:1-19:341\"><img loading=\"lazy\" decoding=\"async\" class=\"alignnone wp-image-46108 size-full\" src=\"https:\/\/jornalboasnoticias.com.br\/home\/wp-content\/uploads\/2025\/01\/Andre-Valadao.jpg\" alt=\"\" width=\"1200\" height=\"900\" srcset=\"https:\/\/jornalboasnoticias.com.br\/home\/wp-content\/uploads\/2025\/01\/Andre-Valadao.jpg 1200w, https:\/\/jornalboasnoticias.com.br\/home\/wp-content\/uploads\/2025\/01\/Andre-Valadao-300x225.jpg 300w, https:\/\/jornalboasnoticias.com.br\/home\/wp-content\/uploads\/2025\/01\/Andre-Valadao-1024x768.jpg 1024w, https:\/\/jornalboasnoticias.com.br\/home\/wp-content\/uploads\/2025\/01\/Andre-Valadao-768x576.jpg 768w, https:\/\/jornalboasnoticias.com.br\/home\/wp-content\/uploads\/2025\/01\/Andre-Valadao-200x150.jpg 200w\" sizes=\"auto, (max-width: 1200px) 100vw, 1200px\" \/><\/p>\n<p data-sourcepos=\"19:1-19:341\">O pastor e cantor gospel Andr\u00e9 Valad\u00e3o, l\u00edder da Lagoinha Global, colocou um ponto final em uma quest\u00e3o que gera bastante curiosidade entre os fi\u00e9is: a exist\u00eancia de \u00e1reas VIPs nos cultos da igreja. Em uma publica\u00e7\u00e3o em suas redes sociais, o religioso explicou os motivos que levam algumas congrega\u00e7\u00f5es a oferecerem esses espa\u00e7os reservados.<\/p>\n<p data-sourcepos=\"21:1-21:380\">&#8220;VIP significa &#8216;Very Important People&#8217;, mas na igreja, ningu\u00e9m \u00e9 mais importante que ningu\u00e9m&#8221;, iniciou Valad\u00e3o. &#8220;No entanto, existem situa\u00e7\u00f5es em que algumas pessoas precisam de um cuidado especial. Artistas, personalidades p\u00fablicas e at\u00e9 mesmo membros da igreja que passam por momentos dif\u00edceis podem precisar de um ambiente mais reservado para participar dos cultos&#8221;, completou.<\/p>\n<p data-sourcepos=\"23:1-23:358\">O pastor citou como exemplo a Igreja de Orlando, nos Estados Unidos, que j\u00e1 recebeu personalidades como Silvio Santos, Galv\u00e3o Bueno e Kak\u00e1. &#8220;Essas pessoas, muitas vezes, n\u00e3o t\u00eam a liberdade de frequentar lugares p\u00fablicos sem serem reconhecidas e abordadas. A \u00e1rea VIP oferece a elas a oportunidade de participar dos cultos de forma mais tranquila&#8221;, explicou.<\/p>\n<p data-sourcepos=\"25:1-25:230\">Valad\u00e3o ressaltou a import\u00e2ncia de agradecer a Deus pela possibilidade de frequentar a igreja sem restri\u00e7\u00f5es. &#8220;Se voc\u00ea pode ir \u00e0 igreja e se sentar onde quiser sem ser filmado ou assediado, agrade\u00e7a a Deus por essa b\u00ean\u00e7\u00e3o&#8221;, disse.<\/p>\n<p data-sourcepos=\"27:1-27:195\">A declara\u00e7\u00e3o do pastor gerou diversas rea\u00e7\u00f5es nas redes sociais. Enquanto alguns seguidores concordaram com a explica\u00e7\u00e3o, outros questionaram a necessidade de \u00e1reas VIPs em um ambiente religioso.<\/p>\n<p style=\"text-align: center;\"><em>\u00a0<\/em><\/p>\n","protected":false},"excerpt":{"rendered":"<p>O presidente da Lagoinha Global e pastor da Lagoinha Orlando Church foi questionado por um<\/p>\n","protected":false},"author":3,"featured_media":46108,"comment_status":"open","ping_status":"open","sticky":false,"template":"","format":"standard","meta":{"footnotes":""},"categories":[6,3],"tags":[100],"class_list":["post-46107","post","type-post","status-publish","format-standard","has-post-thumbnail","hentry","category-brasil","category-destaques","tag-andre-valadao"],"yoast_head":"<!-- This site is optimized with the Yoast SEO plugin v27.5 - https:\/\/yoast.com\/product\/yoast-seo-wordpress\/ -->\n<title>Andr\u00e9 Valad\u00e3o esclarece pol\u00eamica sobre \u00e1rea VIP em igrejas da Lagoinha - Jornal<\/title>\n<meta name=\"description\" content=\"Andr\u00e9 Valad\u00e3o esclarece pol\u00eamica sobre \u00e1rea VIP em igrejas da Lagoinha\" \/>\n<meta name=\"robots\" content=\"index, follow, max-snippet:-1, max-image-preview:large, max-video-preview:-1\" \/>\n<link rel=\"canonical\" href=\"https:\/\/jornalboasnoticias.com.br\/home\/andre-valadao-esclarece-polemica-sobre-area-vip-em-igrejas-da-lagoinha\/\" \/>\n<meta property=\"og:locale\" content=\"pt_BR\" \/>\n<meta property=\"og:type\" content=\"article\" \/>\n<meta property=\"og:title\" content=\"Andr\u00e9 Valad\u00e3o esclarece pol\u00eamica sobre \u00e1rea VIP em igrejas da Lagoinha - Jornal\" \/>\n<meta property=\"og:description\" content=\"Andr\u00e9 Valad\u00e3o esclarece pol\u00eamica sobre \u00e1rea VIP em igrejas da Lagoinha\" \/>\n<meta property=\"og:url\" content=\"https:\/\/jornalboasnoticias.com.br\/home\/andre-valadao-esclarece-polemica-sobre-area-vip-em-igrejas-da-lagoinha\/\" \/>\n<meta property=\"og:site_name\" content=\"Jornal\" \/>\n<meta property=\"article:publisher\" content=\"https:\/\/www.facebook.com\/boasnoticiasjornal\" \/>\n<meta property=\"article:published_time\" content=\"2025-01-03T11:48:51+00:00\" \/>\n<meta property=\"og:image\" content=\"https:\/\/jornalboasnoticias.com.br\/home\/wp-content\/uploads\/2025\/01\/Andre-Valadao.jpg\" \/>\n\t<meta property=\"og:image:width\" content=\"1200\" \/>\n\t<meta property=\"og:image:height\" content=\"900\" \/>\n\t<meta property=\"og:image:type\" content=\"image\/jpeg\" \/>\n<meta name=\"author\" content=\"Luiz Carlos da Cruz\" \/>\n<meta name=\"twitter:card\" content=\"summary_large_image\" \/>\n<meta name=\"twitter:label1\" content=\"Escrito por\" \/>\n\t<meta name=\"twitter:data1\" content=\"Luiz Carlos da Cruz\" \/>\n\t<meta name=\"twitter:label2\" content=\"Est. tempo de leitura\" \/>\n\t<meta name=\"twitter:data2\" content=\"2 minutos\" \/>\n<script type=\"application\/ld+json\" class=\"yoast-schema-graph\">{\"@context\":\"https:\\\/\\\/schema.org\",\"@graph\":[{\"@type\":\"Article\",\"@id\":\"https:\\\/\\\/jornalboasnoticias.com.br\\\/home\\\/andre-valadao-esclarece-polemica-sobre-area-vip-em-igrejas-da-lagoinha\\\/#article\",\"isPartOf\":{\"@id\":\"https:\\\/\\\/jornalboasnoticias.com.br\\\/home\\\/andre-valadao-esclarece-polemica-sobre-area-vip-em-igrejas-da-lagoinha\\\/\"},\"author\":{\"name\":\"Luiz Carlos da Cruz\",\"@id\":\"https:\\\/\\\/jornalboasnoticias.com.br\\\/home\\\/#\\\/schema\\\/person\\\/75f9ebde398c998c166475fb446bda62\"},\"headline\":\"Andr\u00e9 Valad\u00e3o esclarece pol\u00eamica sobre \u00e1rea VIP em igrejas da Lagoinha\",\"datePublished\":\"2025-01-03T11:48:51+00:00\",\"mainEntityOfPage\":{\"@id\":\"https:\\\/\\\/jornalboasnoticias.com.br\\\/home\\\/andre-valadao-esclarece-polemica-sobre-area-vip-em-igrejas-da-lagoinha\\\/\"},\"wordCount\":297,\"commentCount\":0,\"publisher\":{\"@id\":\"https:\\\/\\\/jornalboasnoticias.com.br\\\/home\\\/#organization\"},\"image\":{\"@id\":\"https:\\\/\\\/jornalboasnoticias.com.br\\\/home\\\/andre-valadao-esclarece-polemica-sobre-area-vip-em-igrejas-da-lagoinha\\\/#primaryimage\"},\"thumbnailUrl\":\"https:\\\/\\\/jornalboasnoticias.com.br\\\/home\\\/wp-content\\\/uploads\\\/2025\\\/01\\\/Andre-Valadao.jpg\",\"keywords\":[\"Andr\u00e9 Valad\u00e3o\"],\"articleSection\":[\"BRASIL\",\"DESTAQUE\"],\"inLanguage\":\"pt-BR\",\"potentialAction\":[{\"@type\":\"CommentAction\",\"name\":\"Comment\",\"target\":[\"https:\\\/\\\/jornalboasnoticias.com.br\\\/home\\\/andre-valadao-esclarece-polemica-sobre-area-vip-em-igrejas-da-lagoinha\\\/#respond\"]}]},{\"@type\":\"WebPage\",\"@id\":\"https:\\\/\\\/jornalboasnoticias.com.br\\\/home\\\/andre-valadao-esclarece-polemica-sobre-area-vip-em-igrejas-da-lagoinha\\\/\",\"url\":\"https:\\\/\\\/jornalboasnoticias.com.br\\\/home\\\/andre-valadao-esclarece-polemica-sobre-area-vip-em-igrejas-da-lagoinha\\\/\",\"name\":\"Andr\u00e9 Valad\u00e3o esclarece pol\u00eamica sobre \u00e1rea VIP em igrejas da Lagoinha - Jornal\",\"isPartOf\":{\"@id\":\"https:\\\/\\\/jornalboasnoticias.com.br\\\/home\\\/#website\"},\"primaryImageOfPage\":{\"@id\":\"https:\\\/\\\/jornalboasnoticias.com.br\\\/home\\\/andre-valadao-esclarece-polemica-sobre-area-vip-em-igrejas-da-lagoinha\\\/#primaryimage\"},\"image\":{\"@id\":\"https:\\\/\\\/jornalboasnoticias.com.br\\\/home\\\/andre-valadao-esclarece-polemica-sobre-area-vip-em-igrejas-da-lagoinha\\\/#primaryimage\"},\"thumbnailUrl\":\"https:\\\/\\\/jornalboasnoticias.com.br\\\/home\\\/wp-content\\\/uploads\\\/2025\\\/01\\\/Andre-Valadao.jpg\",\"datePublished\":\"2025-01-03T11:48:51+00:00\",\"description\":\"Andr\u00e9 Valad\u00e3o esclarece pol\u00eamica sobre \u00e1rea VIP em igrejas da Lagoinha\",\"breadcrumb\":{\"@id\":\"https:\\\/\\\/jornalboasnoticias.com.br\\\/home\\\/andre-valadao-esclarece-polemica-sobre-area-vip-em-igrejas-da-lagoinha\\\/#breadcrumb\"},\"inLanguage\":\"pt-BR\",\"potentialAction\":[{\"@type\":\"ReadAction\",\"target\":[\"https:\\\/\\\/jornalboasnoticias.com.br\\\/home\\\/andre-valadao-esclarece-polemica-sobre-area-vip-em-igrejas-da-lagoinha\\\/\"]}]},{\"@type\":\"ImageObject\",\"inLanguage\":\"pt-BR\",\"@id\":\"https:\\\/\\\/jornalboasnoticias.com.br\\\/home\\\/andre-valadao-esclarece-polemica-sobre-area-vip-em-igrejas-da-lagoinha\\\/#primaryimage\",\"url\":\"https:\\\/\\\/jornalboasnoticias.com.br\\\/home\\\/wp-content\\\/uploads\\\/2025\\\/01\\\/Andre-Valadao.jpg\",\"contentUrl\":\"https:\\\/\\\/jornalboasnoticias.com.br\\\/home\\\/wp-content\\\/uploads\\\/2025\\\/01\\\/Andre-Valadao.jpg\",\"width\":1200,\"height\":900},{\"@type\":\"BreadcrumbList\",\"@id\":\"https:\\\/\\\/jornalboasnoticias.com.br\\\/home\\\/andre-valadao-esclarece-polemica-sobre-area-vip-em-igrejas-da-lagoinha\\\/#breadcrumb\",\"itemListElement\":[{\"@type\":\"ListItem\",\"position\":1,\"name\":\"In\u00edcio\",\"item\":\"https:\\\/\\\/jornalboasnoticias.com.br\\\/home\\\/\"},{\"@type\":\"ListItem\",\"position\":2,\"name\":\"Andr\u00e9 Valad\u00e3o esclarece pol\u00eamica sobre \u00e1rea VIP em igrejas da Lagoinha\"}]},{\"@type\":\"WebSite\",\"@id\":\"https:\\\/\\\/jornalboasnoticias.com.br\\\/home\\\/#website\",\"url\":\"https:\\\/\\\/jornalboasnoticias.com.br\\\/home\\\/\",\"name\":\"Jornal Boas Not\u00edcias\",\"description\":\"Boas not\u00edcias\",\"publisher\":{\"@id\":\"https:\\\/\\\/jornalboasnoticias.com.br\\\/home\\\/#organization\"},\"potentialAction\":[{\"@type\":\"SearchAction\",\"target\":{\"@type\":\"EntryPoint\",\"urlTemplate\":\"https:\\\/\\\/jornalboasnoticias.com.br\\\/home\\\/?s={search_term_string}\"},\"query-input\":{\"@type\":\"PropertyValueSpecification\",\"valueRequired\":true,\"valueName\":\"search_term_string\"}}],\"inLanguage\":\"pt-BR\"},{\"@type\":\"Organization\",\"@id\":\"https:\\\/\\\/jornalboasnoticias.com.br\\\/home\\\/#organization\",\"name\":\"Coq Editora Ltda\",\"alternateName\":\"Jornal Boas Noticias\",\"url\":\"https:\\\/\\\/jornalboasnoticias.com.br\\\/home\\\/\",\"logo\":{\"@type\":\"ImageObject\",\"inLanguage\":\"pt-BR\",\"@id\":\"https:\\\/\\\/jornalboasnoticias.com.br\\\/home\\\/#\\\/schema\\\/logo\\\/image\\\/\",\"url\":\"https:\\\/\\\/jornalboasnoticias.com.br\\\/home\\\/wp-content\\\/uploads\\\/2024\\\/07\\\/cropped-logo.jpg\",\"contentUrl\":\"https:\\\/\\\/jornalboasnoticias.com.br\\\/home\\\/wp-content\\\/uploads\\\/2024\\\/07\\\/cropped-logo.jpg\",\"width\":290,\"height\":142,\"caption\":\"Coq Editora Ltda\"},\"image\":{\"@id\":\"https:\\\/\\\/jornalboasnoticias.com.br\\\/home\\\/#\\\/schema\\\/logo\\\/image\\\/\"},\"sameAs\":[\"https:\\\/\\\/www.facebook.com\\\/boasnoticiasjornal\"]},{\"@type\":\"Person\",\"@id\":\"https:\\\/\\\/jornalboasnoticias.com.br\\\/home\\\/#\\\/schema\\\/person\\\/75f9ebde398c998c166475fb446bda62\",\"name\":\"Luiz Carlos da Cruz\",\"image\":{\"@type\":\"ImageObject\",\"inLanguage\":\"pt-BR\",\"@id\":\"https:\\\/\\\/secure.gravatar.com\\\/avatar\\\/e6f4f45301b6cb8572f7b076572e8ac11c1db80e805d8c8d0858cf286ce3ac3b?s=96&d=mm&r=g\",\"url\":\"https:\\\/\\\/secure.gravatar.com\\\/avatar\\\/e6f4f45301b6cb8572f7b076572e8ac11c1db80e805d8c8d0858cf286ce3ac3b?s=96&d=mm&r=g\",\"contentUrl\":\"https:\\\/\\\/secure.gravatar.com\\\/avatar\\\/e6f4f45301b6cb8572f7b076572e8ac11c1db80e805d8c8d0858cf286ce3ac3b?s=96&d=mm&r=g\",\"caption\":\"Luiz Carlos da Cruz\"},\"url\":\"https:\\\/\\\/jornalboasnoticias.com.br\\\/home\\\/author\\\/luiz-carlos-da-cruz\\\/\"}]}<\/script>\n<!-- \/ Yoast SEO plugin. -->","yoast_head_json":{"title":"Andr\u00e9 Valad\u00e3o esclarece pol\u00eamica sobre \u00e1rea VIP em igrejas da Lagoinha - Jornal","description":"Andr\u00e9 Valad\u00e3o esclarece pol\u00eamica sobre \u00e1rea VIP em igrejas da Lagoinha","robots":{"index":"index","follow":"follow","max-snippet":"max-snippet:-1","max-image-preview":"max-image-preview:large","max-video-preview":"max-video-preview:-1"},"canonical":"https:\/\/jornalboasnoticias.com.br\/home\/andre-valadao-esclarece-polemica-sobre-area-vip-em-igrejas-da-lagoinha\/","og_locale":"pt_BR","og_type":"article","og_title":"Andr\u00e9 Valad\u00e3o esclarece pol\u00eamica sobre \u00e1rea VIP em igrejas da Lagoinha - Jornal","og_description":"Andr\u00e9 Valad\u00e3o esclarece pol\u00eamica sobre \u00e1rea VIP em igrejas da Lagoinha","og_url":"https:\/\/jornalboasnoticias.com.br\/home\/andre-valadao-esclarece-polemica-sobre-area-vip-em-igrejas-da-lagoinha\/","og_site_name":"Jornal","article_publisher":"https:\/\/www.facebook.com\/boasnoticiasjornal","article_published_time":"2025-01-03T11:48:51+00:00","og_image":[{"width":1200,"height":900,"url":"https:\/\/jornalboasnoticias.com.br\/home\/wp-content\/uploads\/2025\/01\/Andre-Valadao.jpg","type":"image\/jpeg"}],"author":"Luiz Carlos da Cruz","twitter_card":"summary_large_image","twitter_misc":{"Escrito por":"Luiz Carlos da Cruz","Est. tempo de leitura":"2 minutos"},"schema":{"@context":"https:\/\/schema.org","@graph":[{"@type":"Article","@id":"https:\/\/jornalboasnoticias.com.br\/home\/andre-valadao-esclarece-polemica-sobre-area-vip-em-igrejas-da-lagoinha\/#article","isPartOf":{"@id":"https:\/\/jornalboasnoticias.com.br\/home\/andre-valadao-esclarece-polemica-sobre-area-vip-em-igrejas-da-lagoinha\/"},"author":{"name":"Luiz Carlos da Cruz","@id":"https:\/\/jornalboasnoticias.com.br\/home\/#\/schema\/person\/75f9ebde398c998c166475fb446bda62"},"headline":"Andr\u00e9 Valad\u00e3o esclarece pol\u00eamica sobre \u00e1rea VIP em igrejas da Lagoinha","datePublished":"2025-01-03T11:48:51+00:00","mainEntityOfPage":{"@id":"https:\/\/jornalboasnoticias.com.br\/home\/andre-valadao-esclarece-polemica-sobre-area-vip-em-igrejas-da-lagoinha\/"},"wordCount":297,"commentCount":0,"publisher":{"@id":"https:\/\/jornalboasnoticias.com.br\/home\/#organization"},"image":{"@id":"https:\/\/jornalboasnoticias.com.br\/home\/andre-valadao-esclarece-polemica-sobre-area-vip-em-igrejas-da-lagoinha\/#primaryimage"},"thumbnailUrl":"https:\/\/jornalboasnoticias.com.br\/home\/wp-content\/uploads\/2025\/01\/Andre-Valadao.jpg","keywords":["Andr\u00e9 Valad\u00e3o"],"articleSection":["BRASIL","DESTAQUE"],"inLanguage":"pt-BR","potentialAction":[{"@type":"CommentAction","name":"Comment","target":["https:\/\/jornalboasnoticias.com.br\/home\/andre-valadao-esclarece-polemica-sobre-area-vip-em-igrejas-da-lagoinha\/#respond"]}]},{"@type":"WebPage","@id":"https:\/\/jornalboasnoticias.com.br\/home\/andre-valadao-esclarece-polemica-sobre-area-vip-em-igrejas-da-lagoinha\/","url":"https:\/\/jornalboasnoticias.com.br\/home\/andre-valadao-esclarece-polemica-sobre-area-vip-em-igrejas-da-lagoinha\/","name":"Andr\u00e9 Valad\u00e3o esclarece pol\u00eamica sobre \u00e1rea VIP em igrejas da Lagoinha - Jornal","isPartOf":{"@id":"https:\/\/jornalboasnoticias.com.br\/home\/#website"},"primaryImageOfPage":{"@id":"https:\/\/jornalboasnoticias.com.br\/home\/andre-valadao-esclarece-polemica-sobre-area-vip-em-igrejas-da-lagoinha\/#primaryimage"},"image":{"@id":"https:\/\/jornalboasnoticias.com.br\/home\/andre-valadao-esclarece-polemica-sobre-area-vip-em-igrejas-da-lagoinha\/#primaryimage"},"thumbnailUrl":"https:\/\/jornalboasnoticias.com.br\/home\/wp-content\/uploads\/2025\/01\/Andre-Valadao.jpg","datePublished":"2025-01-03T11:48:51+00:00","description":"Andr\u00e9 Valad\u00e3o esclarece pol\u00eamica sobre \u00e1rea VIP em igrejas da Lagoinha","breadcrumb":{"@id":"https:\/\/jornalboasnoticias.com.br\/home\/andre-valadao-esclarece-polemica-sobre-area-vip-em-igrejas-da-lagoinha\/#breadcrumb"},"inLanguage":"pt-BR","potentialAction":[{"@type":"ReadAction","target":["https:\/\/jornalboasnoticias.com.br\/home\/andre-valadao-esclarece-polemica-sobre-area-vip-em-igrejas-da-lagoinha\/"]}]},{"@type":"ImageObject","inLanguage":"pt-BR","@id":"https:\/\/jornalboasnoticias.com.br\/home\/andre-valadao-esclarece-polemica-sobre-area-vip-em-igrejas-da-lagoinha\/#primaryimage","url":"https:\/\/jornalboasnoticias.com.br\/home\/wp-content\/uploads\/2025\/01\/Andre-Valadao.jpg","contentUrl":"https:\/\/jornalboasnoticias.com.br\/home\/wp-content\/uploads\/2025\/01\/Andre-Valadao.jpg","width":1200,"height":900},{"@type":"BreadcrumbList","@id":"https:\/\/jornalboasnoticias.com.br\/home\/andre-valadao-esclarece-polemica-sobre-area-vip-em-igrejas-da-lagoinha\/#breadcrumb","itemListElement":[{"@type":"ListItem","position":1,"name":"In\u00edcio","item":"https:\/\/jornalboasnoticias.com.br\/home\/"},{"@type":"ListItem","position":2,"name":"Andr\u00e9 Valad\u00e3o esclarece pol\u00eamica sobre \u00e1rea VIP em igrejas da Lagoinha"}]},{"@type":"WebSite","@id":"https:\/\/jornalboasnoticias.com.br\/home\/#website","url":"https:\/\/jornalboasnoticias.com.br\/home\/","name":"Jornal Boas Not\u00edcias","description":"Boas not\u00edcias","publisher":{"@id":"https:\/\/jornalboasnoticias.com.br\/home\/#organization"},"potentialAction":[{"@type":"SearchAction","target":{"@type":"EntryPoint","urlTemplate":"https:\/\/jornalboasnoticias.com.br\/home\/?s={search_term_string}"},"query-input":{"@type":"PropertyValueSpecification","valueRequired":true,"valueName":"search_term_string"}}],"inLanguage":"pt-BR"},{"@type":"Organization","@id":"https:\/\/jornalboasnoticias.com.br\/home\/#organization","name":"Coq Editora Ltda","alternateName":"Jornal Boas Noticias","url":"https:\/\/jornalboasnoticias.com.br\/home\/","logo":{"@type":"ImageObject","inLanguage":"pt-BR","@id":"https:\/\/jornalboasnoticias.com.br\/home\/#\/schema\/logo\/image\/","url":"https:\/\/jornalboasnoticias.com.br\/home\/wp-content\/uploads\/2024\/07\/cropped-logo.jpg","contentUrl":"https:\/\/jornalboasnoticias.com.br\/home\/wp-content\/uploads\/2024\/07\/cropped-logo.jpg","width":290,"height":142,"caption":"Coq Editora Ltda"},"image":{"@id":"https:\/\/jornalboasnoticias.com.br\/home\/#\/schema\/logo\/image\/"},"sameAs":["https:\/\/www.facebook.com\/boasnoticiasjornal"]},{"@type":"Person","@id":"https:\/\/jornalboasnoticias.com.br\/home\/#\/schema\/person\/75f9ebde398c998c166475fb446bda62","name":"Luiz Carlos da Cruz","image":{"@type":"ImageObject","inLanguage":"pt-BR","@id":"https:\/\/secure.gravatar.com\/avatar\/e6f4f45301b6cb8572f7b076572e8ac11c1db80e805d8c8d0858cf286ce3ac3b?s=96&d=mm&r=g","url":"https:\/\/secure.gravatar.com\/avatar\/e6f4f45301b6cb8572f7b076572e8ac11c1db80e805d8c8d0858cf286ce3ac3b?s=96&d=mm&r=g","contentUrl":"https:\/\/secure.gravatar.com\/avatar\/e6f4f45301b6cb8572f7b076572e8ac11c1db80e805d8c8d0858cf286ce3ac3b?s=96&d=mm&r=g","caption":"Luiz Carlos da Cruz"},"url":"https:\/\/jornalboasnoticias.com.br\/home\/author\/luiz-carlos-da-cruz\/"}]}},"_links":{"self":[{"href":"https:\/\/jornalboasnoticias.com.br\/home\/wp-json\/wp\/v2\/posts\/46107","targetHints":{"allow":["GET"]}}],"collection":[{"href":"https:\/\/jornalboasnoticias.com.br\/home\/wp-json\/wp\/v2\/posts"}],"about":[{"href":"https:\/\/jornalboasnoticias.com.br\/home\/wp-json\/wp\/v2\/types\/post"}],"author":[{"embeddable":true,"href":"https:\/\/jornalboasnoticias.com.br\/home\/wp-json\/wp\/v2\/users\/3"}],"replies":[{"embeddable":true,"href":"https:\/\/jornalboasnoticias.com.br\/home\/wp-json\/wp\/v2\/comments?post=46107"}],"version-history":[{"count":1,"href":"https:\/\/jornalboasnoticias.com.br\/home\/wp-json\/wp\/v2\/posts\/46107\/revisions"}],"predecessor-version":[{"id":46109,"href":"https:\/\/jornalboasnoticias.com.br\/home\/wp-json\/wp\/v2\/posts\/46107\/revisions\/46109"}],"wp:featuredmedia":[{"embeddable":true,"href":"https:\/\/jornalboasnoticias.com.br\/home\/wp-json\/wp\/v2\/media\/46108"}],"wp:attachment":[{"href":"https:\/\/jornalboasnoticias.com.br\/home\/wp-json\/wp\/v2\/media?parent=46107"}],"wp:term":[{"taxonomy":"category","embeddable":true,"href":"https:\/\/jornalboasnoticias.com.br\/home\/wp-json\/wp\/v2\/categories?post=46107"},{"taxonomy":"post_tag","embeddable":true,"href":"https:\/\/jornalboasnoticias.com.br\/home\/wp-json\/wp\/v2\/tags?post=46107"}],"curies":[{"name":"wp","href":"https:\/\/api.w.org\/{rel}","templated":true}]}}