{"id":46104,"date":"2025-01-03T11:38:23","date_gmt":"2025-01-03T11:38:23","guid":{"rendered":"https:\/\/jornalboasnoticias.com.br\/home\/?p=46104"},"modified":"2025-01-03T11:38:23","modified_gmt":"2025-01-03T11:38:23","slug":"campanha-janeiro-branco-estimula-o-bem-estar-emocional","status":"publish","type":"post","link":"https:\/\/jornalboasnoticias.com.br\/home\/campanha-janeiro-branco-estimula-o-bem-estar-emocional\/","title":{"rendered":"Campanha Janeiro Branco estimula o bem-estar emocional"},"content":{"rendered":"<p style=\"text-align: center;\"><em><strong>Consumo excessivo de \u00e1lcool prejudica a sa\u00fade<\/strong><\/em><\/p>\n<figure id=\"attachment_46105\" aria-describedby=\"caption-attachment-46105\" style=\"width: 1170px\" class=\"wp-caption alignnone\"><img loading=\"lazy\" decoding=\"async\" class=\"wp-image-46105 size-full\" src=\"https:\/\/jornalboasnoticias.com.br\/home\/wp-content\/uploads\/2025\/01\/depressao.webp\" alt=\"\" width=\"1170\" height=\"700\" srcset=\"https:\/\/jornalboasnoticias.com.br\/home\/wp-content\/uploads\/2025\/01\/depressao.webp 1170w, https:\/\/jornalboasnoticias.com.br\/home\/wp-content\/uploads\/2025\/01\/depressao-300x179.webp 300w, https:\/\/jornalboasnoticias.com.br\/home\/wp-content\/uploads\/2025\/01\/depressao-1024x613.webp 1024w, https:\/\/jornalboasnoticias.com.br\/home\/wp-content\/uploads\/2025\/01\/depressao-768x459.webp 768w\" sizes=\"auto, (max-width: 1170px) 100vw, 1170px\" \/><figcaption id=\"caption-attachment-46105\" class=\"wp-caption-text\">Foto: Marcelo Camargo\/Ag\u00eancia Brasil<\/figcaption><\/figure>\n<p>Todo in\u00edcio de ano \u00e9 assim: a gente faz um monte de planos e promessas, que muitas vezes n\u00e3o s\u00e3o cumpridas. Mas uma coisa n\u00e3o pode ficar de lado: a sa\u00fade, tanto f\u00edsica, quanto mental. O come\u00e7o do ano \u00e9 \u00e9poca da Campanha\u00a0Janeiro\u00a0Branco, movimento brasileiro sobre Sa\u00fade Mental que h\u00e1 mais de uma d\u00e9cada convida a sociedade a refletir, dialogar e agir em prol do bem-estar emocional.<img decoding=\"async\" src=\"https:\/\/agenciabrasil.ebc.com.br\/ebc.png?id=1625707&amp;o=node\" \/><img decoding=\"async\" src=\"https:\/\/agenciabrasil.ebc.com.br\/ebc.gif?id=1625707&amp;o=node\" \/><\/p>\n<p>A iniciativa foi criada em 2014 pelo psic\u00f3logo, palestrante e escritor mineiro Leonardo Abrah\u00e3o. Hoje, a campanha \u00e9 um marco no calend\u00e1rio brasileiro e, desde 2023, \u00e9 reconhecida oficialmente como lei federal.<\/p>\n<p>Todo ano h\u00e1 um tema. O de 2025 \u00e9 \u201cO que fazer pela sa\u00fade mental agora e sempre?\u201d. A ideia \u00e9 fazer com que pessoas, fam\u00edlias, empresas e institui\u00e7\u00f5es p\u00fablicas e privadas apoiem a\u00e7\u00f5es concretas que estimulem a valoriza\u00e7\u00e3o da sa\u00fade mental como prioridade coletiva.<\/p>\n<p>Palestras, rodas de conversa, oficinas, caminhadas, corridas e eventos culturais est\u00e3o previstos em diversas cidades do pa\u00eds, reunindo psic\u00f3logos, psiquiatras, assistentes sociais, enfermeiros, educadores, gestores, l\u00edderes comunit\u00e1rios, m\u00eddias e a popula\u00e7\u00e3o em geral.<\/p>\n<h2>Perigo<\/h2>\n<p>Cristiano Nabuco, psic\u00f3logo especialista em depend\u00eancia tecnol\u00f3gica, enumera alguns sinais de que a sa\u00fade mental corre perigo e faz uma observa\u00e7\u00e3o.<\/p>\n<p>&#8220;Consumo excessivo de \u00e1lcool, comprar de maneira demasiada, enfim, sempre que eu saio do meu ponto de equil\u00edbrio, isso pode ser um forte indicador de que algo n\u00e3o vai bem. Os profissionais de sa\u00fade que s\u00e3o treinados para ajudar n\u00e3o v\u00e3o chegar e dizer como deve viver melhor a sua vida, a vida \u00e9 sua. O que ele vai fazer? Ele vai provocar reflex\u00f5es que muitas vezes tem esse fator de cura.&#8221;<\/p>\n<p>Cristiano alerta que &#8211; quando as sensa\u00e7\u00f5es e sentimentos mudam &#8211; pode ser sinal de que \u00e9 preciso procurar um profissional.<\/p>\n<p>&#8220;Primeiro: sensa\u00e7\u00e3o constante de cansa\u00e7o ou esgotamento emocional. Segundo: dificuldade de se concentrar como antes. Dificuldade de ter satisfa\u00e7\u00e3o em coisas que eram muito agrad\u00e1veis. Um outro elemento envolve altera\u00e7\u00f5es no sono: ins\u00f4nia, quando n\u00e3o se consegue dormir ou excesso de sono, e quest\u00f5es ligadas ao apetite.&#8221;<\/p>\n<p>Quem quiser apoiar a campanha pode fazer o<em>\u00a0download<\/em>\u00a0gratuito de\u00a0<em>folders<\/em>, cartazes,\u00a0<em>banners<\/em>, faixas,\u00a0<em>bottons<\/em>, cartilhas e panfletos no\u00a0<a href=\"https:\/\/janeirobranco.org.br\/\" target=\"_blank\" rel=\"noopener\">site oficial do Movimento\u00a0Janeiro\u00a0Branco<\/a>. Os materiais v\u00eam com orienta\u00e7\u00f5es did\u00e1ticas e acess\u00edveis sobre sa\u00fade mental.<\/p>\n<p><strong>Ag\u00eancia Brasil<\/strong><\/p>\n","protected":false},"excerpt":{"rendered":"<p>Consumo excessivo de \u00e1lcool prejudica a sa\u00fade Todo in\u00edcio de ano \u00e9 assim: a gente<\/p>\n","protected":false},"author":3,"featured_media":46105,"comment_status":"open","ping_status":"open","sticky":false,"template":"","format":"standard","meta":{"footnotes":""},"categories":[3,7],"tags":[48],"class_list":["post-46104","post","type-post","status-publish","format-standard","has-post-thumbnail","hentry","category-destaques","category-saude","tag-saude"],"yoast_head":"<!-- This site is optimized with the Yoast SEO plugin v27.5 - https:\/\/yoast.com\/product\/yoast-seo-wordpress\/ -->\n<title>Campanha Janeiro Branco estimula o bem-estar emocional - Jornal<\/title>\n<meta name=\"description\" content=\"Campanha Janeiro Branco estimula o bem-estar emocional\" \/>\n<meta name=\"robots\" content=\"index, follow, max-snippet:-1, max-image-preview:large, max-video-preview:-1\" \/>\n<link rel=\"canonical\" href=\"https:\/\/jornalboasnoticias.com.br\/home\/campanha-janeiro-branco-estimula-o-bem-estar-emocional\/\" \/>\n<meta property=\"og:locale\" content=\"pt_BR\" \/>\n<meta property=\"og:type\" content=\"article\" \/>\n<meta property=\"og:title\" content=\"Campanha Janeiro Branco estimula o bem-estar emocional - Jornal\" \/>\n<meta property=\"og:description\" content=\"Campanha Janeiro Branco estimula o bem-estar emocional\" \/>\n<meta property=\"og:url\" content=\"https:\/\/jornalboasnoticias.com.br\/home\/campanha-janeiro-branco-estimula-o-bem-estar-emocional\/\" \/>\n<meta property=\"og:site_name\" content=\"Jornal\" \/>\n<meta property=\"article:publisher\" content=\"https:\/\/www.facebook.com\/boasnoticiasjornal\" \/>\n<meta property=\"article:published_time\" content=\"2025-01-03T11:38:23+00:00\" \/>\n<meta property=\"og:image\" content=\"https:\/\/jornalboasnoticias.com.br\/home\/wp-content\/uploads\/2025\/01\/depressao.webp\" \/>\n\t<meta property=\"og:image:width\" content=\"1170\" \/>\n\t<meta property=\"og:image:height\" content=\"700\" \/>\n\t<meta property=\"og:image:type\" content=\"image\/webp\" \/>\n<meta name=\"author\" content=\"Luiz Carlos da Cruz\" \/>\n<meta name=\"twitter:card\" content=\"summary_large_image\" \/>\n<meta name=\"twitter:label1\" content=\"Escrito por\" \/>\n\t<meta name=\"twitter:data1\" content=\"Luiz Carlos da Cruz\" \/>\n\t<meta name=\"twitter:label2\" content=\"Est. tempo de leitura\" \/>\n\t<meta name=\"twitter:data2\" content=\"3 minutos\" \/>\n<script type=\"application\/ld+json\" class=\"yoast-schema-graph\">{\"@context\":\"https:\\\/\\\/schema.org\",\"@graph\":[{\"@type\":\"Article\",\"@id\":\"https:\\\/\\\/jornalboasnoticias.com.br\\\/home\\\/campanha-janeiro-branco-estimula-o-bem-estar-emocional\\\/#article\",\"isPartOf\":{\"@id\":\"https:\\\/\\\/jornalboasnoticias.com.br\\\/home\\\/campanha-janeiro-branco-estimula-o-bem-estar-emocional\\\/\"},\"author\":{\"name\":\"Luiz Carlos da Cruz\",\"@id\":\"https:\\\/\\\/jornalboasnoticias.com.br\\\/home\\\/#\\\/schema\\\/person\\\/75f9ebde398c998c166475fb446bda62\"},\"headline\":\"Campanha Janeiro Branco estimula o bem-estar emocional\",\"datePublished\":\"2025-01-03T11:38:23+00:00\",\"mainEntityOfPage\":{\"@id\":\"https:\\\/\\\/jornalboasnoticias.com.br\\\/home\\\/campanha-janeiro-branco-estimula-o-bem-estar-emocional\\\/\"},\"wordCount\":450,\"commentCount\":0,\"publisher\":{\"@id\":\"https:\\\/\\\/jornalboasnoticias.com.br\\\/home\\\/#organization\"},\"image\":{\"@id\":\"https:\\\/\\\/jornalboasnoticias.com.br\\\/home\\\/campanha-janeiro-branco-estimula-o-bem-estar-emocional\\\/#primaryimage\"},\"thumbnailUrl\":\"https:\\\/\\\/jornalboasnoticias.com.br\\\/home\\\/wp-content\\\/uploads\\\/2025\\\/01\\\/depressao.webp\",\"keywords\":[\"Sa\u00fade\"],\"articleSection\":[\"DESTAQUE\",\"SA\u00daDE\"],\"inLanguage\":\"pt-BR\",\"potentialAction\":[{\"@type\":\"CommentAction\",\"name\":\"Comment\",\"target\":[\"https:\\\/\\\/jornalboasnoticias.com.br\\\/home\\\/campanha-janeiro-branco-estimula-o-bem-estar-emocional\\\/#respond\"]}]},{\"@type\":\"WebPage\",\"@id\":\"https:\\\/\\\/jornalboasnoticias.com.br\\\/home\\\/campanha-janeiro-branco-estimula-o-bem-estar-emocional\\\/\",\"url\":\"https:\\\/\\\/jornalboasnoticias.com.br\\\/home\\\/campanha-janeiro-branco-estimula-o-bem-estar-emocional\\\/\",\"name\":\"Campanha Janeiro Branco estimula o bem-estar emocional - Jornal\",\"isPartOf\":{\"@id\":\"https:\\\/\\\/jornalboasnoticias.com.br\\\/home\\\/#website\"},\"primaryImageOfPage\":{\"@id\":\"https:\\\/\\\/jornalboasnoticias.com.br\\\/home\\\/campanha-janeiro-branco-estimula-o-bem-estar-emocional\\\/#primaryimage\"},\"image\":{\"@id\":\"https:\\\/\\\/jornalboasnoticias.com.br\\\/home\\\/campanha-janeiro-branco-estimula-o-bem-estar-emocional\\\/#primaryimage\"},\"thumbnailUrl\":\"https:\\\/\\\/jornalboasnoticias.com.br\\\/home\\\/wp-content\\\/uploads\\\/2025\\\/01\\\/depressao.webp\",\"datePublished\":\"2025-01-03T11:38:23+00:00\",\"description\":\"Campanha Janeiro Branco estimula o bem-estar emocional\",\"breadcrumb\":{\"@id\":\"https:\\\/\\\/jornalboasnoticias.com.br\\\/home\\\/campanha-janeiro-branco-estimula-o-bem-estar-emocional\\\/#breadcrumb\"},\"inLanguage\":\"pt-BR\",\"potentialAction\":[{\"@type\":\"ReadAction\",\"target\":[\"https:\\\/\\\/jornalboasnoticias.com.br\\\/home\\\/campanha-janeiro-branco-estimula-o-bem-estar-emocional\\\/\"]}]},{\"@type\":\"ImageObject\",\"inLanguage\":\"pt-BR\",\"@id\":\"https:\\\/\\\/jornalboasnoticias.com.br\\\/home\\\/campanha-janeiro-branco-estimula-o-bem-estar-emocional\\\/#primaryimage\",\"url\":\"https:\\\/\\\/jornalboasnoticias.com.br\\\/home\\\/wp-content\\\/uploads\\\/2025\\\/01\\\/depressao.webp\",\"contentUrl\":\"https:\\\/\\\/jornalboasnoticias.com.br\\\/home\\\/wp-content\\\/uploads\\\/2025\\\/01\\\/depressao.webp\",\"width\":1170,\"height\":700,\"caption\":\"Foto: Marcelo Camargo\\\/Ag\u00eancia Brasil\"},{\"@type\":\"BreadcrumbList\",\"@id\":\"https:\\\/\\\/jornalboasnoticias.com.br\\\/home\\\/campanha-janeiro-branco-estimula-o-bem-estar-emocional\\\/#breadcrumb\",\"itemListElement\":[{\"@type\":\"ListItem\",\"position\":1,\"name\":\"In\u00edcio\",\"item\":\"https:\\\/\\\/jornalboasnoticias.com.br\\\/home\\\/\"},{\"@type\":\"ListItem\",\"position\":2,\"name\":\"Campanha Janeiro Branco estimula o bem-estar emocional\"}]},{\"@type\":\"WebSite\",\"@id\":\"https:\\\/\\\/jornalboasnoticias.com.br\\\/home\\\/#website\",\"url\":\"https:\\\/\\\/jornalboasnoticias.com.br\\\/home\\\/\",\"name\":\"Jornal Boas Not\u00edcias\",\"description\":\"Boas not\u00edcias\",\"publisher\":{\"@id\":\"https:\\\/\\\/jornalboasnoticias.com.br\\\/home\\\/#organization\"},\"potentialAction\":[{\"@type\":\"SearchAction\",\"target\":{\"@type\":\"EntryPoint\",\"urlTemplate\":\"https:\\\/\\\/jornalboasnoticias.com.br\\\/home\\\/?s={search_term_string}\"},\"query-input\":{\"@type\":\"PropertyValueSpecification\",\"valueRequired\":true,\"valueName\":\"search_term_string\"}}],\"inLanguage\":\"pt-BR\"},{\"@type\":\"Organization\",\"@id\":\"https:\\\/\\\/jornalboasnoticias.com.br\\\/home\\\/#organization\",\"name\":\"Coq Editora Ltda\",\"alternateName\":\"Jornal Boas Noticias\",\"url\":\"https:\\\/\\\/jornalboasnoticias.com.br\\\/home\\\/\",\"logo\":{\"@type\":\"ImageObject\",\"inLanguage\":\"pt-BR\",\"@id\":\"https:\\\/\\\/jornalboasnoticias.com.br\\\/home\\\/#\\\/schema\\\/logo\\\/image\\\/\",\"url\":\"https:\\\/\\\/jornalboasnoticias.com.br\\\/home\\\/wp-content\\\/uploads\\\/2024\\\/07\\\/cropped-logo.jpg\",\"contentUrl\":\"https:\\\/\\\/jornalboasnoticias.com.br\\\/home\\\/wp-content\\\/uploads\\\/2024\\\/07\\\/cropped-logo.jpg\",\"width\":290,\"height\":142,\"caption\":\"Coq Editora Ltda\"},\"image\":{\"@id\":\"https:\\\/\\\/jornalboasnoticias.com.br\\\/home\\\/#\\\/schema\\\/logo\\\/image\\\/\"},\"sameAs\":[\"https:\\\/\\\/www.facebook.com\\\/boasnoticiasjornal\"]},{\"@type\":\"Person\",\"@id\":\"https:\\\/\\\/jornalboasnoticias.com.br\\\/home\\\/#\\\/schema\\\/person\\\/75f9ebde398c998c166475fb446bda62\",\"name\":\"Luiz Carlos da Cruz\",\"image\":{\"@type\":\"ImageObject\",\"inLanguage\":\"pt-BR\",\"@id\":\"https:\\\/\\\/secure.gravatar.com\\\/avatar\\\/e6f4f45301b6cb8572f7b076572e8ac11c1db80e805d8c8d0858cf286ce3ac3b?s=96&d=mm&r=g\",\"url\":\"https:\\\/\\\/secure.gravatar.com\\\/avatar\\\/e6f4f45301b6cb8572f7b076572e8ac11c1db80e805d8c8d0858cf286ce3ac3b?s=96&d=mm&r=g\",\"contentUrl\":\"https:\\\/\\\/secure.gravatar.com\\\/avatar\\\/e6f4f45301b6cb8572f7b076572e8ac11c1db80e805d8c8d0858cf286ce3ac3b?s=96&d=mm&r=g\",\"caption\":\"Luiz Carlos da Cruz\"},\"url\":\"https:\\\/\\\/jornalboasnoticias.com.br\\\/home\\\/author\\\/luiz-carlos-da-cruz\\\/\"}]}<\/script>\n<!-- \/ Yoast SEO plugin. -->","yoast_head_json":{"title":"Campanha Janeiro Branco estimula o bem-estar emocional - Jornal","description":"Campanha Janeiro Branco estimula o bem-estar emocional","robots":{"index":"index","follow":"follow","max-snippet":"max-snippet:-1","max-image-preview":"max-image-preview:large","max-video-preview":"max-video-preview:-1"},"canonical":"https:\/\/jornalboasnoticias.com.br\/home\/campanha-janeiro-branco-estimula-o-bem-estar-emocional\/","og_locale":"pt_BR","og_type":"article","og_title":"Campanha Janeiro Branco estimula o bem-estar emocional - Jornal","og_description":"Campanha Janeiro Branco estimula o bem-estar emocional","og_url":"https:\/\/jornalboasnoticias.com.br\/home\/campanha-janeiro-branco-estimula-o-bem-estar-emocional\/","og_site_name":"Jornal","article_publisher":"https:\/\/www.facebook.com\/boasnoticiasjornal","article_published_time":"2025-01-03T11:38:23+00:00","og_image":[{"width":1170,"height":700,"url":"https:\/\/jornalboasnoticias.com.br\/home\/wp-content\/uploads\/2025\/01\/depressao.webp","type":"image\/webp"}],"author":"Luiz Carlos da Cruz","twitter_card":"summary_large_image","twitter_misc":{"Escrito por":"Luiz Carlos da Cruz","Est. tempo de leitura":"3 minutos"},"schema":{"@context":"https:\/\/schema.org","@graph":[{"@type":"Article","@id":"https:\/\/jornalboasnoticias.com.br\/home\/campanha-janeiro-branco-estimula-o-bem-estar-emocional\/#article","isPartOf":{"@id":"https:\/\/jornalboasnoticias.com.br\/home\/campanha-janeiro-branco-estimula-o-bem-estar-emocional\/"},"author":{"name":"Luiz Carlos da Cruz","@id":"https:\/\/jornalboasnoticias.com.br\/home\/#\/schema\/person\/75f9ebde398c998c166475fb446bda62"},"headline":"Campanha Janeiro Branco estimula o bem-estar emocional","datePublished":"2025-01-03T11:38:23+00:00","mainEntityOfPage":{"@id":"https:\/\/jornalboasnoticias.com.br\/home\/campanha-janeiro-branco-estimula-o-bem-estar-emocional\/"},"wordCount":450,"commentCount":0,"publisher":{"@id":"https:\/\/jornalboasnoticias.com.br\/home\/#organization"},"image":{"@id":"https:\/\/jornalboasnoticias.com.br\/home\/campanha-janeiro-branco-estimula-o-bem-estar-emocional\/#primaryimage"},"thumbnailUrl":"https:\/\/jornalboasnoticias.com.br\/home\/wp-content\/uploads\/2025\/01\/depressao.webp","keywords":["Sa\u00fade"],"articleSection":["DESTAQUE","SA\u00daDE"],"inLanguage":"pt-BR","potentialAction":[{"@type":"CommentAction","name":"Comment","target":["https:\/\/jornalboasnoticias.com.br\/home\/campanha-janeiro-branco-estimula-o-bem-estar-emocional\/#respond"]}]},{"@type":"WebPage","@id":"https:\/\/jornalboasnoticias.com.br\/home\/campanha-janeiro-branco-estimula-o-bem-estar-emocional\/","url":"https:\/\/jornalboasnoticias.com.br\/home\/campanha-janeiro-branco-estimula-o-bem-estar-emocional\/","name":"Campanha Janeiro Branco estimula o bem-estar emocional - Jornal","isPartOf":{"@id":"https:\/\/jornalboasnoticias.com.br\/home\/#website"},"primaryImageOfPage":{"@id":"https:\/\/jornalboasnoticias.com.br\/home\/campanha-janeiro-branco-estimula-o-bem-estar-emocional\/#primaryimage"},"image":{"@id":"https:\/\/jornalboasnoticias.com.br\/home\/campanha-janeiro-branco-estimula-o-bem-estar-emocional\/#primaryimage"},"thumbnailUrl":"https:\/\/jornalboasnoticias.com.br\/home\/wp-content\/uploads\/2025\/01\/depressao.webp","datePublished":"2025-01-03T11:38:23+00:00","description":"Campanha Janeiro Branco estimula o bem-estar emocional","breadcrumb":{"@id":"https:\/\/jornalboasnoticias.com.br\/home\/campanha-janeiro-branco-estimula-o-bem-estar-emocional\/#breadcrumb"},"inLanguage":"pt-BR","potentialAction":[{"@type":"ReadAction","target":["https:\/\/jornalboasnoticias.com.br\/home\/campanha-janeiro-branco-estimula-o-bem-estar-emocional\/"]}]},{"@type":"ImageObject","inLanguage":"pt-BR","@id":"https:\/\/jornalboasnoticias.com.br\/home\/campanha-janeiro-branco-estimula-o-bem-estar-emocional\/#primaryimage","url":"https:\/\/jornalboasnoticias.com.br\/home\/wp-content\/uploads\/2025\/01\/depressao.webp","contentUrl":"https:\/\/jornalboasnoticias.com.br\/home\/wp-content\/uploads\/2025\/01\/depressao.webp","width":1170,"height":700,"caption":"Foto: Marcelo Camargo\/Ag\u00eancia Brasil"},{"@type":"BreadcrumbList","@id":"https:\/\/jornalboasnoticias.com.br\/home\/campanha-janeiro-branco-estimula-o-bem-estar-emocional\/#breadcrumb","itemListElement":[{"@type":"ListItem","position":1,"name":"In\u00edcio","item":"https:\/\/jornalboasnoticias.com.br\/home\/"},{"@type":"ListItem","position":2,"name":"Campanha Janeiro Branco estimula o bem-estar emocional"}]},{"@type":"WebSite","@id":"https:\/\/jornalboasnoticias.com.br\/home\/#website","url":"https:\/\/jornalboasnoticias.com.br\/home\/","name":"Jornal Boas Not\u00edcias","description":"Boas not\u00edcias","publisher":{"@id":"https:\/\/jornalboasnoticias.com.br\/home\/#organization"},"potentialAction":[{"@type":"SearchAction","target":{"@type":"EntryPoint","urlTemplate":"https:\/\/jornalboasnoticias.com.br\/home\/?s={search_term_string}"},"query-input":{"@type":"PropertyValueSpecification","valueRequired":true,"valueName":"search_term_string"}}],"inLanguage":"pt-BR"},{"@type":"Organization","@id":"https:\/\/jornalboasnoticias.com.br\/home\/#organization","name":"Coq Editora Ltda","alternateName":"Jornal Boas Noticias","url":"https:\/\/jornalboasnoticias.com.br\/home\/","logo":{"@type":"ImageObject","inLanguage":"pt-BR","@id":"https:\/\/jornalboasnoticias.com.br\/home\/#\/schema\/logo\/image\/","url":"https:\/\/jornalboasnoticias.com.br\/home\/wp-content\/uploads\/2024\/07\/cropped-logo.jpg","contentUrl":"https:\/\/jornalboasnoticias.com.br\/home\/wp-content\/uploads\/2024\/07\/cropped-logo.jpg","width":290,"height":142,"caption":"Coq Editora Ltda"},"image":{"@id":"https:\/\/jornalboasnoticias.com.br\/home\/#\/schema\/logo\/image\/"},"sameAs":["https:\/\/www.facebook.com\/boasnoticiasjornal"]},{"@type":"Person","@id":"https:\/\/jornalboasnoticias.com.br\/home\/#\/schema\/person\/75f9ebde398c998c166475fb446bda62","name":"Luiz Carlos da Cruz","image":{"@type":"ImageObject","inLanguage":"pt-BR","@id":"https:\/\/secure.gravatar.com\/avatar\/e6f4f45301b6cb8572f7b076572e8ac11c1db80e805d8c8d0858cf286ce3ac3b?s=96&d=mm&r=g","url":"https:\/\/secure.gravatar.com\/avatar\/e6f4f45301b6cb8572f7b076572e8ac11c1db80e805d8c8d0858cf286ce3ac3b?s=96&d=mm&r=g","contentUrl":"https:\/\/secure.gravatar.com\/avatar\/e6f4f45301b6cb8572f7b076572e8ac11c1db80e805d8c8d0858cf286ce3ac3b?s=96&d=mm&r=g","caption":"Luiz Carlos da Cruz"},"url":"https:\/\/jornalboasnoticias.com.br\/home\/author\/luiz-carlos-da-cruz\/"}]}},"_links":{"self":[{"href":"https:\/\/jornalboasnoticias.com.br\/home\/wp-json\/wp\/v2\/posts\/46104","targetHints":{"allow":["GET"]}}],"collection":[{"href":"https:\/\/jornalboasnoticias.com.br\/home\/wp-json\/wp\/v2\/posts"}],"about":[{"href":"https:\/\/jornalboasnoticias.com.br\/home\/wp-json\/wp\/v2\/types\/post"}],"author":[{"embeddable":true,"href":"https:\/\/jornalboasnoticias.com.br\/home\/wp-json\/wp\/v2\/users\/3"}],"replies":[{"embeddable":true,"href":"https:\/\/jornalboasnoticias.com.br\/home\/wp-json\/wp\/v2\/comments?post=46104"}],"version-history":[{"count":1,"href":"https:\/\/jornalboasnoticias.com.br\/home\/wp-json\/wp\/v2\/posts\/46104\/revisions"}],"predecessor-version":[{"id":46106,"href":"https:\/\/jornalboasnoticias.com.br\/home\/wp-json\/wp\/v2\/posts\/46104\/revisions\/46106"}],"wp:featuredmedia":[{"embeddable":true,"href":"https:\/\/jornalboasnoticias.com.br\/home\/wp-json\/wp\/v2\/media\/46105"}],"wp:attachment":[{"href":"https:\/\/jornalboasnoticias.com.br\/home\/wp-json\/wp\/v2\/media?parent=46104"}],"wp:term":[{"taxonomy":"category","embeddable":true,"href":"https:\/\/jornalboasnoticias.com.br\/home\/wp-json\/wp\/v2\/categories?post=46104"},{"taxonomy":"post_tag","embeddable":true,"href":"https:\/\/jornalboasnoticias.com.br\/home\/wp-json\/wp\/v2\/tags?post=46104"}],"curies":[{"name":"wp","href":"https:\/\/api.w.org\/{rel}","templated":true}]}}