{"id":46101,"date":"2025-01-03T11:34:29","date_gmt":"2025-01-03T11:34:29","guid":{"rendered":"https:\/\/jornalboasnoticias.com.br\/home\/?p=46101"},"modified":"2025-01-03T11:34:29","modified_gmt":"2025-01-03T11:34:29","slug":"minha-casa-minha-vida-supera-meta-de-contratos-em-2024-diz-ministro","status":"publish","type":"post","link":"https:\/\/jornalboasnoticias.com.br\/home\/minha-casa-minha-vida-supera-meta-de-contratos-em-2024-diz-ministro\/","title":{"rendered":"Minha Casa, Minha Vida supera meta de contratos em 2024, diz ministro"},"content":{"rendered":"<p style=\"text-align: center;\"><em><strong>Governo federal atingiu marca de 1,25 milh\u00e3o de unidades contratadas<\/strong><\/em><\/p>\n<figure id=\"attachment_46102\" aria-describedby=\"caption-attachment-46102\" style=\"width: 1170px\" class=\"wp-caption alignnone\"><img loading=\"lazy\" decoding=\"async\" class=\"wp-image-46102 size-full\" src=\"https:\/\/jornalboasnoticias.com.br\/home\/wp-content\/uploads\/2025\/01\/Jader-Filho.webp\" alt=\"\" width=\"1170\" height=\"700\" srcset=\"https:\/\/jornalboasnoticias.com.br\/home\/wp-content\/uploads\/2025\/01\/Jader-Filho.webp 1170w, https:\/\/jornalboasnoticias.com.br\/home\/wp-content\/uploads\/2025\/01\/Jader-Filho-300x179.webp 300w, https:\/\/jornalboasnoticias.com.br\/home\/wp-content\/uploads\/2025\/01\/Jader-Filho-1024x613.webp 1024w, https:\/\/jornalboasnoticias.com.br\/home\/wp-content\/uploads\/2025\/01\/Jader-Filho-768x459.webp 768w\" sizes=\"auto, (max-width: 1170px) 100vw, 1170px\" \/><figcaption id=\"caption-attachment-46102\" class=\"wp-caption-text\">Ministro Jadr Filho &#8211; Rafa Neddermeyer\/Ag\u00eancia Brasil<\/figcaption><\/figure>\n<p>O programa Minha Casa, Minha Vida superou em 25% a meta de contrata\u00e7\u00e3o de unidades habitacionais em 2024. \u00c9 o que afirmou o ministro das Cidades, Jader Filho, em entrevista veiculada pelo programa radiof\u00f4nico estatal\u00a0<em>A Voz do Brasil<\/em>. De acordo com ele, havia sido prevista a contrata\u00e7\u00e3o de 1 milh\u00e3o de novas unidades. A pasta, no entanto, conseguiu chegar \u00e0 marca de 1,25 milh\u00e3o.<img decoding=\"async\" src=\"https:\/\/agenciabrasil.ebc.com.br\/ebc.png?id=1625706&amp;o=node\" \/><img decoding=\"async\" src=\"https:\/\/agenciabrasil.ebc.com.br\/ebc.gif?id=1625706&amp;o=node\" \/><\/p>\n<p>&#8220;N\u00f3s avan\u00e7amos muito nesse programa que, al\u00e9m de realizar o sonho da casa pr\u00f3pria, tamb\u00e9m gera emprego, gera renda e desenvolve o nosso pa\u00eds&#8221;, disse ele. De acordo com Jader Filho, o balan\u00e7o do andamento da Minha Casa, Minha Vida em 2024 \u00e9 bastante positivo.<\/p>\n<p>&#8220;Entregamos mais de 41 mil novas unidades habitacionais. E encontramos solu\u00e7\u00e3o para cerca de 45 mil unidades que estavam paralisadas, outras que estavam ocupadas. Avan\u00e7amos nesse tema junto com as prefeituras, com os governos de estado. Havia\u00a0muitas obras que estavam paralisadas quando n\u00f3s chegamos ao Minist\u00e9rio das Cidades. Outras estavam com ritmo bem lento. A gente conseguiu retomar essas obras e entreg\u00e1-las ao Brasil&#8221;, acrescentou.<\/p>\n<p>Criado pelo governo federal durante o segundo mandato do presidente Luiz\u00a0In\u00e1cio Lula da Silva, em 2009, o Minha Casa, Minha Vida \u00e9 um programa habitacional voltado para atender fam\u00edlias de baixa renda. Ele \u00e9 conduzido pelo Minist\u00e9rio das Cidades e operacionalizado pela Caixa Econ\u00f4mica Federal. Lula costuma trat\u00e1-lo como um dos programas sociais de maior destaque de seu governo, que\u00a0ganhou uma\u00a0nova vers\u00e3o\u00a0em 2023. O ministro destacou aprimoramentos que foram feitos nesta retomada do Minha Casa, Minha Vida.<\/p>\n<p>&#8220;Todos os novos empreendimentos, que iniciaram as constru\u00e7\u00f5es agora no final de 2024, obrigatoriamente t\u00eam que ter biblioteca, t\u00eam que ter varanda. A gente precisa fortalecer toda essa parte social desses empreendimentos. O limite m\u00e1ximo agora [\u00e9 de] 750 unidades habitacionais em cada um desses condom\u00ednios. Por que fizemos isso? Porque, historicamente, esses grandes condom\u00ednios\u00a0eram gigantescos e, em muitos deles, os moradores n\u00e3o desenvolviam um sentimento de comunidade. S\u00e3o diversas altera\u00e7\u00f5es que fizemos para melhorar a vida das pessoas que v\u00e3o morar nos novos empreendimentos do Minha Casa, Minha Vida&#8221;, ressaltou\u00a0Jader Filho.<\/p>\n<div class=\"noticias-relacionadas rel-position rowflex\">\n<div class=\"title abs-position\"><strong>Ag\u00eancia Brasil<\/strong><\/div>\n<div class=\"capa-noticia-relacionada\"><\/div>\n<\/div>\n","protected":false},"excerpt":{"rendered":"<p>Governo federal atingiu marca de 1,25 milh\u00e3o de unidades contratadas O programa Minha Casa, Minha<\/p>\n","protected":false},"author":3,"featured_media":46102,"comment_status":"open","ping_status":"open","sticky":false,"template":"","format":"standard","meta":{"footnotes":""},"categories":[6],"tags":[99,98,97],"class_list":["post-46101","post","type-post","status-publish","format-standard","has-post-thumbnail","hentry","category-brasil","tag-habitacao","tag-jader-filho","tag-minha-casa"],"yoast_head":"<!-- This site is optimized with the Yoast SEO plugin v27.5 - https:\/\/yoast.com\/product\/yoast-seo-wordpress\/ -->\n<title>Minha Casa, Minha Vida supera meta de contratos em 2024, diz ministro - Jornal<\/title>\n<meta name=\"description\" content=\"Minha Casa, Minha Vida supera meta de contratos em 2024, diz ministro\" \/>\n<meta name=\"robots\" content=\"index, follow, max-snippet:-1, max-image-preview:large, max-video-preview:-1\" \/>\n<link rel=\"canonical\" href=\"https:\/\/jornalboasnoticias.com.br\/home\/minha-casa-minha-vida-supera-meta-de-contratos-em-2024-diz-ministro\/\" \/>\n<meta property=\"og:locale\" content=\"pt_BR\" \/>\n<meta property=\"og:type\" content=\"article\" \/>\n<meta property=\"og:title\" content=\"Minha Casa, Minha Vida supera meta de contratos em 2024, diz ministro - Jornal\" \/>\n<meta property=\"og:description\" content=\"Minha Casa, Minha Vida supera meta de contratos em 2024, diz ministro\" \/>\n<meta property=\"og:url\" content=\"https:\/\/jornalboasnoticias.com.br\/home\/minha-casa-minha-vida-supera-meta-de-contratos-em-2024-diz-ministro\/\" \/>\n<meta property=\"og:site_name\" content=\"Jornal\" \/>\n<meta property=\"article:publisher\" content=\"https:\/\/www.facebook.com\/boasnoticiasjornal\" \/>\n<meta property=\"article:published_time\" content=\"2025-01-03T11:34:29+00:00\" \/>\n<meta property=\"og:image\" content=\"https:\/\/jornalboasnoticias.com.br\/home\/wp-content\/uploads\/2025\/01\/Jader-Filho.webp\" \/>\n\t<meta property=\"og:image:width\" content=\"1170\" \/>\n\t<meta property=\"og:image:height\" content=\"700\" \/>\n\t<meta property=\"og:image:type\" content=\"image\/webp\" \/>\n<meta name=\"author\" content=\"Luiz Carlos da Cruz\" \/>\n<meta name=\"twitter:card\" content=\"summary_large_image\" \/>\n<meta name=\"twitter:label1\" content=\"Escrito por\" \/>\n\t<meta name=\"twitter:data1\" content=\"Luiz Carlos da Cruz\" \/>\n\t<meta name=\"twitter:label2\" content=\"Est. tempo de leitura\" \/>\n\t<meta name=\"twitter:data2\" content=\"3 minutos\" \/>\n<script type=\"application\/ld+json\" class=\"yoast-schema-graph\">{\"@context\":\"https:\\\/\\\/schema.org\",\"@graph\":[{\"@type\":\"Article\",\"@id\":\"https:\\\/\\\/jornalboasnoticias.com.br\\\/home\\\/minha-casa-minha-vida-supera-meta-de-contratos-em-2024-diz-ministro\\\/#article\",\"isPartOf\":{\"@id\":\"https:\\\/\\\/jornalboasnoticias.com.br\\\/home\\\/minha-casa-minha-vida-supera-meta-de-contratos-em-2024-diz-ministro\\\/\"},\"author\":{\"name\":\"Luiz Carlos da Cruz\",\"@id\":\"https:\\\/\\\/jornalboasnoticias.com.br\\\/home\\\/#\\\/schema\\\/person\\\/75f9ebde398c998c166475fb446bda62\"},\"headline\":\"Minha Casa, Minha Vida supera meta de contratos em 2024, diz ministro\",\"datePublished\":\"2025-01-03T11:34:29+00:00\",\"mainEntityOfPage\":{\"@id\":\"https:\\\/\\\/jornalboasnoticias.com.br\\\/home\\\/minha-casa-minha-vida-supera-meta-de-contratos-em-2024-diz-ministro\\\/\"},\"wordCount\":407,\"commentCount\":0,\"publisher\":{\"@id\":\"https:\\\/\\\/jornalboasnoticias.com.br\\\/home\\\/#organization\"},\"image\":{\"@id\":\"https:\\\/\\\/jornalboasnoticias.com.br\\\/home\\\/minha-casa-minha-vida-supera-meta-de-contratos-em-2024-diz-ministro\\\/#primaryimage\"},\"thumbnailUrl\":\"https:\\\/\\\/jornalboasnoticias.com.br\\\/home\\\/wp-content\\\/uploads\\\/2025\\\/01\\\/Jader-Filho.webp\",\"keywords\":[\"Habita\u00e7\u00e3o\",\"Jader Filho\",\"Minha Casa\"],\"articleSection\":[\"BRASIL\"],\"inLanguage\":\"pt-BR\",\"potentialAction\":[{\"@type\":\"CommentAction\",\"name\":\"Comment\",\"target\":[\"https:\\\/\\\/jornalboasnoticias.com.br\\\/home\\\/minha-casa-minha-vida-supera-meta-de-contratos-em-2024-diz-ministro\\\/#respond\"]}]},{\"@type\":\"WebPage\",\"@id\":\"https:\\\/\\\/jornalboasnoticias.com.br\\\/home\\\/minha-casa-minha-vida-supera-meta-de-contratos-em-2024-diz-ministro\\\/\",\"url\":\"https:\\\/\\\/jornalboasnoticias.com.br\\\/home\\\/minha-casa-minha-vida-supera-meta-de-contratos-em-2024-diz-ministro\\\/\",\"name\":\"Minha Casa, Minha Vida supera meta de contratos em 2024, diz ministro - Jornal\",\"isPartOf\":{\"@id\":\"https:\\\/\\\/jornalboasnoticias.com.br\\\/home\\\/#website\"},\"primaryImageOfPage\":{\"@id\":\"https:\\\/\\\/jornalboasnoticias.com.br\\\/home\\\/minha-casa-minha-vida-supera-meta-de-contratos-em-2024-diz-ministro\\\/#primaryimage\"},\"image\":{\"@id\":\"https:\\\/\\\/jornalboasnoticias.com.br\\\/home\\\/minha-casa-minha-vida-supera-meta-de-contratos-em-2024-diz-ministro\\\/#primaryimage\"},\"thumbnailUrl\":\"https:\\\/\\\/jornalboasnoticias.com.br\\\/home\\\/wp-content\\\/uploads\\\/2025\\\/01\\\/Jader-Filho.webp\",\"datePublished\":\"2025-01-03T11:34:29+00:00\",\"description\":\"Minha Casa, Minha Vida supera meta de contratos em 2024, diz ministro\",\"breadcrumb\":{\"@id\":\"https:\\\/\\\/jornalboasnoticias.com.br\\\/home\\\/minha-casa-minha-vida-supera-meta-de-contratos-em-2024-diz-ministro\\\/#breadcrumb\"},\"inLanguage\":\"pt-BR\",\"potentialAction\":[{\"@type\":\"ReadAction\",\"target\":[\"https:\\\/\\\/jornalboasnoticias.com.br\\\/home\\\/minha-casa-minha-vida-supera-meta-de-contratos-em-2024-diz-ministro\\\/\"]}]},{\"@type\":\"ImageObject\",\"inLanguage\":\"pt-BR\",\"@id\":\"https:\\\/\\\/jornalboasnoticias.com.br\\\/home\\\/minha-casa-minha-vida-supera-meta-de-contratos-em-2024-diz-ministro\\\/#primaryimage\",\"url\":\"https:\\\/\\\/jornalboasnoticias.com.br\\\/home\\\/wp-content\\\/uploads\\\/2025\\\/01\\\/Jader-Filho.webp\",\"contentUrl\":\"https:\\\/\\\/jornalboasnoticias.com.br\\\/home\\\/wp-content\\\/uploads\\\/2025\\\/01\\\/Jader-Filho.webp\",\"width\":1170,\"height\":700,\"caption\":\"Ministro Jadr Filho - Rafa Neddermeyer\\\/Ag\u00eancia Brasil\"},{\"@type\":\"BreadcrumbList\",\"@id\":\"https:\\\/\\\/jornalboasnoticias.com.br\\\/home\\\/minha-casa-minha-vida-supera-meta-de-contratos-em-2024-diz-ministro\\\/#breadcrumb\",\"itemListElement\":[{\"@type\":\"ListItem\",\"position\":1,\"name\":\"In\u00edcio\",\"item\":\"https:\\\/\\\/jornalboasnoticias.com.br\\\/home\\\/\"},{\"@type\":\"ListItem\",\"position\":2,\"name\":\"Minha Casa, Minha Vida supera meta de contratos em 2024, diz ministro\"}]},{\"@type\":\"WebSite\",\"@id\":\"https:\\\/\\\/jornalboasnoticias.com.br\\\/home\\\/#website\",\"url\":\"https:\\\/\\\/jornalboasnoticias.com.br\\\/home\\\/\",\"name\":\"Jornal Boas Not\u00edcias\",\"description\":\"Boas not\u00edcias\",\"publisher\":{\"@id\":\"https:\\\/\\\/jornalboasnoticias.com.br\\\/home\\\/#organization\"},\"potentialAction\":[{\"@type\":\"SearchAction\",\"target\":{\"@type\":\"EntryPoint\",\"urlTemplate\":\"https:\\\/\\\/jornalboasnoticias.com.br\\\/home\\\/?s={search_term_string}\"},\"query-input\":{\"@type\":\"PropertyValueSpecification\",\"valueRequired\":true,\"valueName\":\"search_term_string\"}}],\"inLanguage\":\"pt-BR\"},{\"@type\":\"Organization\",\"@id\":\"https:\\\/\\\/jornalboasnoticias.com.br\\\/home\\\/#organization\",\"name\":\"Coq Editora Ltda\",\"alternateName\":\"Jornal Boas Noticias\",\"url\":\"https:\\\/\\\/jornalboasnoticias.com.br\\\/home\\\/\",\"logo\":{\"@type\":\"ImageObject\",\"inLanguage\":\"pt-BR\",\"@id\":\"https:\\\/\\\/jornalboasnoticias.com.br\\\/home\\\/#\\\/schema\\\/logo\\\/image\\\/\",\"url\":\"https:\\\/\\\/jornalboasnoticias.com.br\\\/home\\\/wp-content\\\/uploads\\\/2024\\\/07\\\/cropped-logo.jpg\",\"contentUrl\":\"https:\\\/\\\/jornalboasnoticias.com.br\\\/home\\\/wp-content\\\/uploads\\\/2024\\\/07\\\/cropped-logo.jpg\",\"width\":290,\"height\":142,\"caption\":\"Coq Editora Ltda\"},\"image\":{\"@id\":\"https:\\\/\\\/jornalboasnoticias.com.br\\\/home\\\/#\\\/schema\\\/logo\\\/image\\\/\"},\"sameAs\":[\"https:\\\/\\\/www.facebook.com\\\/boasnoticiasjornal\"]},{\"@type\":\"Person\",\"@id\":\"https:\\\/\\\/jornalboasnoticias.com.br\\\/home\\\/#\\\/schema\\\/person\\\/75f9ebde398c998c166475fb446bda62\",\"name\":\"Luiz Carlos da Cruz\",\"image\":{\"@type\":\"ImageObject\",\"inLanguage\":\"pt-BR\",\"@id\":\"https:\\\/\\\/secure.gravatar.com\\\/avatar\\\/e6f4f45301b6cb8572f7b076572e8ac11c1db80e805d8c8d0858cf286ce3ac3b?s=96&d=mm&r=g\",\"url\":\"https:\\\/\\\/secure.gravatar.com\\\/avatar\\\/e6f4f45301b6cb8572f7b076572e8ac11c1db80e805d8c8d0858cf286ce3ac3b?s=96&d=mm&r=g\",\"contentUrl\":\"https:\\\/\\\/secure.gravatar.com\\\/avatar\\\/e6f4f45301b6cb8572f7b076572e8ac11c1db80e805d8c8d0858cf286ce3ac3b?s=96&d=mm&r=g\",\"caption\":\"Luiz Carlos da Cruz\"},\"url\":\"https:\\\/\\\/jornalboasnoticias.com.br\\\/home\\\/author\\\/luiz-carlos-da-cruz\\\/\"}]}<\/script>\n<!-- \/ Yoast SEO plugin. -->","yoast_head_json":{"title":"Minha Casa, Minha Vida supera meta de contratos em 2024, diz ministro - Jornal","description":"Minha Casa, Minha Vida supera meta de contratos em 2024, diz ministro","robots":{"index":"index","follow":"follow","max-snippet":"max-snippet:-1","max-image-preview":"max-image-preview:large","max-video-preview":"max-video-preview:-1"},"canonical":"https:\/\/jornalboasnoticias.com.br\/home\/minha-casa-minha-vida-supera-meta-de-contratos-em-2024-diz-ministro\/","og_locale":"pt_BR","og_type":"article","og_title":"Minha Casa, Minha Vida supera meta de contratos em 2024, diz ministro - Jornal","og_description":"Minha Casa, Minha Vida supera meta de contratos em 2024, diz ministro","og_url":"https:\/\/jornalboasnoticias.com.br\/home\/minha-casa-minha-vida-supera-meta-de-contratos-em-2024-diz-ministro\/","og_site_name":"Jornal","article_publisher":"https:\/\/www.facebook.com\/boasnoticiasjornal","article_published_time":"2025-01-03T11:34:29+00:00","og_image":[{"width":1170,"height":700,"url":"https:\/\/jornalboasnoticias.com.br\/home\/wp-content\/uploads\/2025\/01\/Jader-Filho.webp","type":"image\/webp"}],"author":"Luiz Carlos da Cruz","twitter_card":"summary_large_image","twitter_misc":{"Escrito por":"Luiz Carlos da Cruz","Est. tempo de leitura":"3 minutos"},"schema":{"@context":"https:\/\/schema.org","@graph":[{"@type":"Article","@id":"https:\/\/jornalboasnoticias.com.br\/home\/minha-casa-minha-vida-supera-meta-de-contratos-em-2024-diz-ministro\/#article","isPartOf":{"@id":"https:\/\/jornalboasnoticias.com.br\/home\/minha-casa-minha-vida-supera-meta-de-contratos-em-2024-diz-ministro\/"},"author":{"name":"Luiz Carlos da Cruz","@id":"https:\/\/jornalboasnoticias.com.br\/home\/#\/schema\/person\/75f9ebde398c998c166475fb446bda62"},"headline":"Minha Casa, Minha Vida supera meta de contratos em 2024, diz ministro","datePublished":"2025-01-03T11:34:29+00:00","mainEntityOfPage":{"@id":"https:\/\/jornalboasnoticias.com.br\/home\/minha-casa-minha-vida-supera-meta-de-contratos-em-2024-diz-ministro\/"},"wordCount":407,"commentCount":0,"publisher":{"@id":"https:\/\/jornalboasnoticias.com.br\/home\/#organization"},"image":{"@id":"https:\/\/jornalboasnoticias.com.br\/home\/minha-casa-minha-vida-supera-meta-de-contratos-em-2024-diz-ministro\/#primaryimage"},"thumbnailUrl":"https:\/\/jornalboasnoticias.com.br\/home\/wp-content\/uploads\/2025\/01\/Jader-Filho.webp","keywords":["Habita\u00e7\u00e3o","Jader Filho","Minha Casa"],"articleSection":["BRASIL"],"inLanguage":"pt-BR","potentialAction":[{"@type":"CommentAction","name":"Comment","target":["https:\/\/jornalboasnoticias.com.br\/home\/minha-casa-minha-vida-supera-meta-de-contratos-em-2024-diz-ministro\/#respond"]}]},{"@type":"WebPage","@id":"https:\/\/jornalboasnoticias.com.br\/home\/minha-casa-minha-vida-supera-meta-de-contratos-em-2024-diz-ministro\/","url":"https:\/\/jornalboasnoticias.com.br\/home\/minha-casa-minha-vida-supera-meta-de-contratos-em-2024-diz-ministro\/","name":"Minha Casa, Minha Vida supera meta de contratos em 2024, diz ministro - Jornal","isPartOf":{"@id":"https:\/\/jornalboasnoticias.com.br\/home\/#website"},"primaryImageOfPage":{"@id":"https:\/\/jornalboasnoticias.com.br\/home\/minha-casa-minha-vida-supera-meta-de-contratos-em-2024-diz-ministro\/#primaryimage"},"image":{"@id":"https:\/\/jornalboasnoticias.com.br\/home\/minha-casa-minha-vida-supera-meta-de-contratos-em-2024-diz-ministro\/#primaryimage"},"thumbnailUrl":"https:\/\/jornalboasnoticias.com.br\/home\/wp-content\/uploads\/2025\/01\/Jader-Filho.webp","datePublished":"2025-01-03T11:34:29+00:00","description":"Minha Casa, Minha Vida supera meta de contratos em 2024, diz ministro","breadcrumb":{"@id":"https:\/\/jornalboasnoticias.com.br\/home\/minha-casa-minha-vida-supera-meta-de-contratos-em-2024-diz-ministro\/#breadcrumb"},"inLanguage":"pt-BR","potentialAction":[{"@type":"ReadAction","target":["https:\/\/jornalboasnoticias.com.br\/home\/minha-casa-minha-vida-supera-meta-de-contratos-em-2024-diz-ministro\/"]}]},{"@type":"ImageObject","inLanguage":"pt-BR","@id":"https:\/\/jornalboasnoticias.com.br\/home\/minha-casa-minha-vida-supera-meta-de-contratos-em-2024-diz-ministro\/#primaryimage","url":"https:\/\/jornalboasnoticias.com.br\/home\/wp-content\/uploads\/2025\/01\/Jader-Filho.webp","contentUrl":"https:\/\/jornalboasnoticias.com.br\/home\/wp-content\/uploads\/2025\/01\/Jader-Filho.webp","width":1170,"height":700,"caption":"Ministro Jadr Filho - Rafa Neddermeyer\/Ag\u00eancia Brasil"},{"@type":"BreadcrumbList","@id":"https:\/\/jornalboasnoticias.com.br\/home\/minha-casa-minha-vida-supera-meta-de-contratos-em-2024-diz-ministro\/#breadcrumb","itemListElement":[{"@type":"ListItem","position":1,"name":"In\u00edcio","item":"https:\/\/jornalboasnoticias.com.br\/home\/"},{"@type":"ListItem","position":2,"name":"Minha Casa, Minha Vida supera meta de contratos em 2024, diz ministro"}]},{"@type":"WebSite","@id":"https:\/\/jornalboasnoticias.com.br\/home\/#website","url":"https:\/\/jornalboasnoticias.com.br\/home\/","name":"Jornal Boas Not\u00edcias","description":"Boas not\u00edcias","publisher":{"@id":"https:\/\/jornalboasnoticias.com.br\/home\/#organization"},"potentialAction":[{"@type":"SearchAction","target":{"@type":"EntryPoint","urlTemplate":"https:\/\/jornalboasnoticias.com.br\/home\/?s={search_term_string}"},"query-input":{"@type":"PropertyValueSpecification","valueRequired":true,"valueName":"search_term_string"}}],"inLanguage":"pt-BR"},{"@type":"Organization","@id":"https:\/\/jornalboasnoticias.com.br\/home\/#organization","name":"Coq Editora Ltda","alternateName":"Jornal Boas Noticias","url":"https:\/\/jornalboasnoticias.com.br\/home\/","logo":{"@type":"ImageObject","inLanguage":"pt-BR","@id":"https:\/\/jornalboasnoticias.com.br\/home\/#\/schema\/logo\/image\/","url":"https:\/\/jornalboasnoticias.com.br\/home\/wp-content\/uploads\/2024\/07\/cropped-logo.jpg","contentUrl":"https:\/\/jornalboasnoticias.com.br\/home\/wp-content\/uploads\/2024\/07\/cropped-logo.jpg","width":290,"height":142,"caption":"Coq Editora Ltda"},"image":{"@id":"https:\/\/jornalboasnoticias.com.br\/home\/#\/schema\/logo\/image\/"},"sameAs":["https:\/\/www.facebook.com\/boasnoticiasjornal"]},{"@type":"Person","@id":"https:\/\/jornalboasnoticias.com.br\/home\/#\/schema\/person\/75f9ebde398c998c166475fb446bda62","name":"Luiz Carlos da Cruz","image":{"@type":"ImageObject","inLanguage":"pt-BR","@id":"https:\/\/secure.gravatar.com\/avatar\/e6f4f45301b6cb8572f7b076572e8ac11c1db80e805d8c8d0858cf286ce3ac3b?s=96&d=mm&r=g","url":"https:\/\/secure.gravatar.com\/avatar\/e6f4f45301b6cb8572f7b076572e8ac11c1db80e805d8c8d0858cf286ce3ac3b?s=96&d=mm&r=g","contentUrl":"https:\/\/secure.gravatar.com\/avatar\/e6f4f45301b6cb8572f7b076572e8ac11c1db80e805d8c8d0858cf286ce3ac3b?s=96&d=mm&r=g","caption":"Luiz Carlos da Cruz"},"url":"https:\/\/jornalboasnoticias.com.br\/home\/author\/luiz-carlos-da-cruz\/"}]}},"_links":{"self":[{"href":"https:\/\/jornalboasnoticias.com.br\/home\/wp-json\/wp\/v2\/posts\/46101","targetHints":{"allow":["GET"]}}],"collection":[{"href":"https:\/\/jornalboasnoticias.com.br\/home\/wp-json\/wp\/v2\/posts"}],"about":[{"href":"https:\/\/jornalboasnoticias.com.br\/home\/wp-json\/wp\/v2\/types\/post"}],"author":[{"embeddable":true,"href":"https:\/\/jornalboasnoticias.com.br\/home\/wp-json\/wp\/v2\/users\/3"}],"replies":[{"embeddable":true,"href":"https:\/\/jornalboasnoticias.com.br\/home\/wp-json\/wp\/v2\/comments?post=46101"}],"version-history":[{"count":1,"href":"https:\/\/jornalboasnoticias.com.br\/home\/wp-json\/wp\/v2\/posts\/46101\/revisions"}],"predecessor-version":[{"id":46103,"href":"https:\/\/jornalboasnoticias.com.br\/home\/wp-json\/wp\/v2\/posts\/46101\/revisions\/46103"}],"wp:featuredmedia":[{"embeddable":true,"href":"https:\/\/jornalboasnoticias.com.br\/home\/wp-json\/wp\/v2\/media\/46102"}],"wp:attachment":[{"href":"https:\/\/jornalboasnoticias.com.br\/home\/wp-json\/wp\/v2\/media?parent=46101"}],"wp:term":[{"taxonomy":"category","embeddable":true,"href":"https:\/\/jornalboasnoticias.com.br\/home\/wp-json\/wp\/v2\/categories?post=46101"},{"taxonomy":"post_tag","embeddable":true,"href":"https:\/\/jornalboasnoticias.com.br\/home\/wp-json\/wp\/v2\/tags?post=46101"}],"curies":[{"name":"wp","href":"https:\/\/api.w.org\/{rel}","templated":true}]}}