{"id":46091,"date":"2024-12-17T11:52:24","date_gmt":"2024-12-17T11:52:24","guid":{"rendered":"https:\/\/jornalboasnoticias.com.br\/home\/?p=46091"},"modified":"2024-12-17T11:52:24","modified_gmt":"2024-12-17T11:52:24","slug":"producao-de-aco-bruto-no-brasil-cresce-56-em-um-ano","status":"publish","type":"post","link":"https:\/\/jornalboasnoticias.com.br\/home\/producao-de-aco-bruto-no-brasil-cresce-56-em-um-ano\/","title":{"rendered":"Produ\u00e7\u00e3o de a\u00e7o bruto no Brasil cresce 5,6% em um ano"},"content":{"rendered":"<div class=\"header-noticia full-width\">\n<div>\n<figure id=\"attachment_46092\" aria-describedby=\"caption-attachment-46092\" style=\"width: 848px\" class=\"wp-caption alignnone\"><img loading=\"lazy\" decoding=\"async\" class=\"size-full wp-image-46092\" src=\"https:\/\/jornalboasnoticias.com.br\/home\/wp-content\/uploads\/2024\/12\/aco-foto-jpg-848x477-1.jpeg\" alt=\"\" width=\"848\" height=\"477\" srcset=\"https:\/\/jornalboasnoticias.com.br\/home\/wp-content\/uploads\/2024\/12\/aco-foto-jpg-848x477-1.jpeg 848w, https:\/\/jornalboasnoticias.com.br\/home\/wp-content\/uploads\/2024\/12\/aco-foto-jpg-848x477-1-300x169.jpeg 300w, https:\/\/jornalboasnoticias.com.br\/home\/wp-content\/uploads\/2024\/12\/aco-foto-jpg-848x477-1-768x432.jpeg 768w\" sizes=\"auto, (max-width: 848px) 100vw, 848px\" \/><figcaption id=\"caption-attachment-46092\" class=\"wp-caption-text\">Steel material. Free public domain CC0 photo.<\/figcaption><\/figure>\n<\/div>\n<\/div>\n<blockquote>\n<div class=\"header-noticia full-width\">\n<div class=\"linha-fina-noticia\">Constru\u00e7\u00e3o civil, m\u00e1quinas e automotores registraram alta<\/div>\n<\/div>\n<\/blockquote>\n<div>\n<p>De janeiro a novembro deste ano, o volume da produ\u00e7\u00e3o de a\u00e7o bruto no pa\u00eds foi de 31,1 milh\u00f5es de toneladas (t). O resultado supera em 5,6% o registrado entre janeiro e novembro de 2023.<img decoding=\"async\" src=\"https:\/\/agenciabrasil.ebc.com.br\/ebc.png?id=1623954&amp;o=node\" \/><img decoding=\"async\" src=\"https:\/\/agenciabrasil.ebc.com.br\/ebc.gif?id=1623954&amp;o=node\" \/><\/p>\n<p>Na compara\u00e7\u00e3o dos dois per\u00edodos, as importa\u00e7\u00f5es, o consumo aparente e as vendas internas cresceram 24,4%, 9,6% e 8,7%, respectivamente, conforme aponta o Instituto A\u00e7o Brasil, em balan\u00e7o divulgado nesta segunda-feira (16).<\/p>\n<p>A previs\u00e3o \u00e9 de que, ao se computar os resultados de dezembro, o ano de 2024 termine com produ\u00e7\u00e3o de 33,7 milh\u00f5es de t. No acumulado deste ano, o pior \u00edndice foi o referente a exporta\u00e7\u00f5es, que somaram 8,8 milh\u00f5es de t at\u00e9 o momento, 18,5% a menos do que o mesmo per\u00edodo do ano passado.<\/p>\n<p>Em coletiva de imprensa, a organiza\u00e7\u00e3o sublinhou como os tr\u00eas principais setores que dependem do a\u00e7o contribu\u00edram para o desempenho apresentado: o de automotores teve alta de 12,1%, enquanto o de m\u00e1quinas e equipamentos e o da constru\u00e7\u00e3o civil registraram varia\u00e7\u00e3o positiva de 1% e 4,1% respectivamente.<\/p>\n<h2>China<\/h2>\n<p>O presidente executivo do instituto, Marco Polo de Mello, aludiu a um quadro que compila dados sobre o hist\u00f3rico de alguns pa\u00edses quanto ao consumo da liga met\u00e1lica, ao longo de 43 anos. No Brasil de 1980, a propor\u00e7\u00e3o m\u00e9dia era de 100,6 quilos por habitante, passando para 110,8 em 2023. A varia\u00e7\u00e3o do pa\u00eds foi de 10,1%, ao passo que a da China, por exemplo, foi de 1.863%.<\/p>\n<p>O pa\u00eds asi\u00e1tico foi mencionado como um fator de preocupa\u00e7\u00e3o, por estar, na avalia\u00e7\u00e3o de Mello, praticando uma atividade &#8220;predat\u00f3ria&#8221;, dominando as exporta\u00e7\u00f5es.<\/p>\n<p>Mello afirmou que um dos temas que predominaram foi a transi\u00e7\u00e3o energ\u00e9tica, sobretudo pela Confer\u00eancia das Partes da ONU sobre Mudan\u00e7as do Clima (COP29), realizada no m\u00eas passado em Baku, no Azerbaij\u00e3o, e que a ind\u00fastria de a\u00e7o e a de ferro s\u00e3o respons\u00e1veis somente por 4% do volume de gases de efeito estufa emitidos pelo Brasil. Em \u00e2mbito global, a porcentagem \u00e9 de 7%, frisou ele.<\/p>\n<p>Ao citar os n\u00fameros, o representante do instituto pediu que outros ramos econ\u00f4micos sejam cobrados de modo proporcional pelos danos que geram. O agroneg\u00f3cio, por exemplo, responde por 32% das emiss\u00f5es, e o setor de energia, por 24%.<\/p>\n<p>Mello enfatizou, ainda, a import\u00e2ncia de se delimitar o que \u00e9 meta estabelecida pelo governo brasileiro e o que est\u00e1 ao alcance do setor. &#8220;S\u00f3 vamos assumir metas fact\u00edveis&#8221;, declarou.<\/p>\n<p>O executivo do instituto usou como exemplo os Estados Unidos que, segundo ele, ap\u00f3s ter passado por um\u00a0<em>boom<\/em>\u00a0na produ\u00e7\u00e3o de autom\u00f3veis, aproveitou as unidades como sucata, que entende como uma das solu\u00e7\u00f5es para a transi\u00e7\u00e3o energ\u00e9tica.<\/p>\n<p>A segunda delas, complementar, seria a utiliza\u00e7\u00e3o do hidrog\u00eanio como substituto, no processo de descarboniza\u00e7\u00e3o do a\u00e7o, o que, criticou Mello, exigiria da Petrobras uma posi\u00e7\u00e3o &#8220;menos monopolista&#8221;. Para fechar um conjunto de ferramentas, a ind\u00fastria de a\u00e7o necessitaria de R$ 180 bilh\u00f5es para tornar vi\u00e1vel a transi\u00e7\u00e3o para energia limpa.<\/p>\n<p>(Ag\u00eancia Brasil)<\/p>\n<\/div>\n","protected":false},"excerpt":{"rendered":"<p>Constru\u00e7\u00e3o civil, m\u00e1quinas e automotores registraram alta De janeiro a novembro deste ano, o volume<\/p>\n","protected":false},"author":4,"featured_media":46092,"comment_status":"open","ping_status":"open","sticky":false,"template":"","format":"standard","meta":{"footnotes":""},"categories":[3,5],"tags":[],"class_list":["post-46091","post","type-post","status-publish","format-standard","has-post-thumbnail","hentry","category-destaques","category-economia"],"yoast_head":"<!-- This site is optimized with the Yoast SEO plugin v27.5 - https:\/\/yoast.com\/product\/yoast-seo-wordpress\/ -->\n<title>Produ\u00e7\u00e3o de a\u00e7o bruto no Brasil cresce 5,6% em um ano - Jornal<\/title>\n<meta name=\"description\" content=\"Produ\u00e7\u00e3o de a\u00e7o bruto no Brasil cresce 5,6% em um ano\" \/>\n<meta name=\"robots\" content=\"index, follow, max-snippet:-1, max-image-preview:large, max-video-preview:-1\" \/>\n<link rel=\"canonical\" href=\"https:\/\/jornalboasnoticias.com.br\/home\/producao-de-aco-bruto-no-brasil-cresce-56-em-um-ano\/\" \/>\n<meta property=\"og:locale\" content=\"pt_BR\" \/>\n<meta property=\"og:type\" content=\"article\" \/>\n<meta property=\"og:title\" content=\"Produ\u00e7\u00e3o de a\u00e7o bruto no Brasil cresce 5,6% em um ano - Jornal\" \/>\n<meta property=\"og:description\" content=\"Produ\u00e7\u00e3o de a\u00e7o bruto no Brasil cresce 5,6% em um ano\" \/>\n<meta property=\"og:url\" content=\"https:\/\/jornalboasnoticias.com.br\/home\/producao-de-aco-bruto-no-brasil-cresce-56-em-um-ano\/\" \/>\n<meta property=\"og:site_name\" content=\"Jornal\" \/>\n<meta property=\"article:publisher\" content=\"https:\/\/www.facebook.com\/boasnoticiasjornal\" \/>\n<meta property=\"article:published_time\" content=\"2024-12-17T11:52:24+00:00\" \/>\n<meta property=\"og:image\" content=\"https:\/\/jornalboasnoticias.com.br\/home\/wp-content\/uploads\/2024\/12\/aco-foto-jpg-848x477-1.jpeg\" \/>\n\t<meta property=\"og:image:width\" content=\"848\" \/>\n\t<meta property=\"og:image:height\" content=\"477\" \/>\n\t<meta property=\"og:image:type\" content=\"image\/jpeg\" \/>\n<meta name=\"author\" content=\"Ana Luiza Bonatto\" \/>\n<meta name=\"twitter:card\" content=\"summary_large_image\" \/>\n<meta name=\"twitter:label1\" content=\"Escrito por\" \/>\n\t<meta name=\"twitter:data1\" content=\"Ana Luiza Bonatto\" \/>\n\t<meta name=\"twitter:label2\" content=\"Est. tempo de leitura\" \/>\n\t<meta name=\"twitter:data2\" content=\"4 minutos\" \/>\n<script type=\"application\/ld+json\" class=\"yoast-schema-graph\">{\"@context\":\"https:\\\/\\\/schema.org\",\"@graph\":[{\"@type\":\"Article\",\"@id\":\"https:\\\/\\\/jornalboasnoticias.com.br\\\/home\\\/producao-de-aco-bruto-no-brasil-cresce-56-em-um-ano\\\/#article\",\"isPartOf\":{\"@id\":\"https:\\\/\\\/jornalboasnoticias.com.br\\\/home\\\/producao-de-aco-bruto-no-brasil-cresce-56-em-um-ano\\\/\"},\"author\":{\"name\":\"Ana Luiza Bonatto\",\"@id\":\"https:\\\/\\\/jornalboasnoticias.com.br\\\/home\\\/#\\\/schema\\\/person\\\/d641193e0afc6405b390164dac847971\"},\"headline\":\"Produ\u00e7\u00e3o de a\u00e7o bruto no Brasil cresce 5,6% em um ano\",\"datePublished\":\"2024-12-17T11:52:24+00:00\",\"mainEntityOfPage\":{\"@id\":\"https:\\\/\\\/jornalboasnoticias.com.br\\\/home\\\/producao-de-aco-bruto-no-brasil-cresce-56-em-um-ano\\\/\"},\"wordCount\":563,\"commentCount\":0,\"publisher\":{\"@id\":\"https:\\\/\\\/jornalboasnoticias.com.br\\\/home\\\/#organization\"},\"image\":{\"@id\":\"https:\\\/\\\/jornalboasnoticias.com.br\\\/home\\\/producao-de-aco-bruto-no-brasil-cresce-56-em-um-ano\\\/#primaryimage\"},\"thumbnailUrl\":\"https:\\\/\\\/jornalboasnoticias.com.br\\\/home\\\/wp-content\\\/uploads\\\/2024\\\/12\\\/aco-foto-jpg-848x477-1.jpeg\",\"articleSection\":[\"DESTAQUE\",\"ECONOMIA\"],\"inLanguage\":\"pt-BR\",\"potentialAction\":[{\"@type\":\"CommentAction\",\"name\":\"Comment\",\"target\":[\"https:\\\/\\\/jornalboasnoticias.com.br\\\/home\\\/producao-de-aco-bruto-no-brasil-cresce-56-em-um-ano\\\/#respond\"]}]},{\"@type\":\"WebPage\",\"@id\":\"https:\\\/\\\/jornalboasnoticias.com.br\\\/home\\\/producao-de-aco-bruto-no-brasil-cresce-56-em-um-ano\\\/\",\"url\":\"https:\\\/\\\/jornalboasnoticias.com.br\\\/home\\\/producao-de-aco-bruto-no-brasil-cresce-56-em-um-ano\\\/\",\"name\":\"Produ\u00e7\u00e3o de a\u00e7o bruto no Brasil cresce 5,6% em um ano - Jornal\",\"isPartOf\":{\"@id\":\"https:\\\/\\\/jornalboasnoticias.com.br\\\/home\\\/#website\"},\"primaryImageOfPage\":{\"@id\":\"https:\\\/\\\/jornalboasnoticias.com.br\\\/home\\\/producao-de-aco-bruto-no-brasil-cresce-56-em-um-ano\\\/#primaryimage\"},\"image\":{\"@id\":\"https:\\\/\\\/jornalboasnoticias.com.br\\\/home\\\/producao-de-aco-bruto-no-brasil-cresce-56-em-um-ano\\\/#primaryimage\"},\"thumbnailUrl\":\"https:\\\/\\\/jornalboasnoticias.com.br\\\/home\\\/wp-content\\\/uploads\\\/2024\\\/12\\\/aco-foto-jpg-848x477-1.jpeg\",\"datePublished\":\"2024-12-17T11:52:24+00:00\",\"description\":\"Produ\u00e7\u00e3o de a\u00e7o bruto no Brasil cresce 5,6% em um ano\",\"breadcrumb\":{\"@id\":\"https:\\\/\\\/jornalboasnoticias.com.br\\\/home\\\/producao-de-aco-bruto-no-brasil-cresce-56-em-um-ano\\\/#breadcrumb\"},\"inLanguage\":\"pt-BR\",\"potentialAction\":[{\"@type\":\"ReadAction\",\"target\":[\"https:\\\/\\\/jornalboasnoticias.com.br\\\/home\\\/producao-de-aco-bruto-no-brasil-cresce-56-em-um-ano\\\/\"]}]},{\"@type\":\"ImageObject\",\"inLanguage\":\"pt-BR\",\"@id\":\"https:\\\/\\\/jornalboasnoticias.com.br\\\/home\\\/producao-de-aco-bruto-no-brasil-cresce-56-em-um-ano\\\/#primaryimage\",\"url\":\"https:\\\/\\\/jornalboasnoticias.com.br\\\/home\\\/wp-content\\\/uploads\\\/2024\\\/12\\\/aco-foto-jpg-848x477-1.jpeg\",\"contentUrl\":\"https:\\\/\\\/jornalboasnoticias.com.br\\\/home\\\/wp-content\\\/uploads\\\/2024\\\/12\\\/aco-foto-jpg-848x477-1.jpeg\",\"width\":848,\"height\":477,\"caption\":\"Steel material. Free public domain CC0 photo.\"},{\"@type\":\"BreadcrumbList\",\"@id\":\"https:\\\/\\\/jornalboasnoticias.com.br\\\/home\\\/producao-de-aco-bruto-no-brasil-cresce-56-em-um-ano\\\/#breadcrumb\",\"itemListElement\":[{\"@type\":\"ListItem\",\"position\":1,\"name\":\"In\u00edcio\",\"item\":\"https:\\\/\\\/jornalboasnoticias.com.br\\\/home\\\/\"},{\"@type\":\"ListItem\",\"position\":2,\"name\":\"Produ\u00e7\u00e3o de a\u00e7o bruto no Brasil cresce 5,6% em um ano\"}]},{\"@type\":\"WebSite\",\"@id\":\"https:\\\/\\\/jornalboasnoticias.com.br\\\/home\\\/#website\",\"url\":\"https:\\\/\\\/jornalboasnoticias.com.br\\\/home\\\/\",\"name\":\"Jornal Boas Not\u00edcias\",\"description\":\"Boas not\u00edcias\",\"publisher\":{\"@id\":\"https:\\\/\\\/jornalboasnoticias.com.br\\\/home\\\/#organization\"},\"potentialAction\":[{\"@type\":\"SearchAction\",\"target\":{\"@type\":\"EntryPoint\",\"urlTemplate\":\"https:\\\/\\\/jornalboasnoticias.com.br\\\/home\\\/?s={search_term_string}\"},\"query-input\":{\"@type\":\"PropertyValueSpecification\",\"valueRequired\":true,\"valueName\":\"search_term_string\"}}],\"inLanguage\":\"pt-BR\"},{\"@type\":\"Organization\",\"@id\":\"https:\\\/\\\/jornalboasnoticias.com.br\\\/home\\\/#organization\",\"name\":\"Coq Editora Ltda\",\"alternateName\":\"Jornal Boas Noticias\",\"url\":\"https:\\\/\\\/jornalboasnoticias.com.br\\\/home\\\/\",\"logo\":{\"@type\":\"ImageObject\",\"inLanguage\":\"pt-BR\",\"@id\":\"https:\\\/\\\/jornalboasnoticias.com.br\\\/home\\\/#\\\/schema\\\/logo\\\/image\\\/\",\"url\":\"https:\\\/\\\/jornalboasnoticias.com.br\\\/home\\\/wp-content\\\/uploads\\\/2024\\\/07\\\/cropped-logo.jpg\",\"contentUrl\":\"https:\\\/\\\/jornalboasnoticias.com.br\\\/home\\\/wp-content\\\/uploads\\\/2024\\\/07\\\/cropped-logo.jpg\",\"width\":290,\"height\":142,\"caption\":\"Coq Editora Ltda\"},\"image\":{\"@id\":\"https:\\\/\\\/jornalboasnoticias.com.br\\\/home\\\/#\\\/schema\\\/logo\\\/image\\\/\"},\"sameAs\":[\"https:\\\/\\\/www.facebook.com\\\/boasnoticiasjornal\"]},{\"@type\":\"Person\",\"@id\":\"https:\\\/\\\/jornalboasnoticias.com.br\\\/home\\\/#\\\/schema\\\/person\\\/d641193e0afc6405b390164dac847971\",\"name\":\"Ana Luiza Bonatto\",\"image\":{\"@type\":\"ImageObject\",\"inLanguage\":\"pt-BR\",\"@id\":\"https:\\\/\\\/secure.gravatar.com\\\/avatar\\\/8a055ebe6373371f67ac6fcf313c0ac0b0a91157fdcdb9514fa62927373348f0?s=96&d=mm&r=g\",\"url\":\"https:\\\/\\\/secure.gravatar.com\\\/avatar\\\/8a055ebe6373371f67ac6fcf313c0ac0b0a91157fdcdb9514fa62927373348f0?s=96&d=mm&r=g\",\"contentUrl\":\"https:\\\/\\\/secure.gravatar.com\\\/avatar\\\/8a055ebe6373371f67ac6fcf313c0ac0b0a91157fdcdb9514fa62927373348f0?s=96&d=mm&r=g\",\"caption\":\"Ana Luiza Bonatto\"},\"url\":\"https:\\\/\\\/jornalboasnoticias.com.br\\\/home\\\/author\\\/ana-luiza\\\/\"}]}<\/script>\n<!-- \/ Yoast SEO plugin. -->","yoast_head_json":{"title":"Produ\u00e7\u00e3o de a\u00e7o bruto no Brasil cresce 5,6% em um ano - Jornal","description":"Produ\u00e7\u00e3o de a\u00e7o bruto no Brasil cresce 5,6% em um ano","robots":{"index":"index","follow":"follow","max-snippet":"max-snippet:-1","max-image-preview":"max-image-preview:large","max-video-preview":"max-video-preview:-1"},"canonical":"https:\/\/jornalboasnoticias.com.br\/home\/producao-de-aco-bruto-no-brasil-cresce-56-em-um-ano\/","og_locale":"pt_BR","og_type":"article","og_title":"Produ\u00e7\u00e3o de a\u00e7o bruto no Brasil cresce 5,6% em um ano - Jornal","og_description":"Produ\u00e7\u00e3o de a\u00e7o bruto no Brasil cresce 5,6% em um ano","og_url":"https:\/\/jornalboasnoticias.com.br\/home\/producao-de-aco-bruto-no-brasil-cresce-56-em-um-ano\/","og_site_name":"Jornal","article_publisher":"https:\/\/www.facebook.com\/boasnoticiasjornal","article_published_time":"2024-12-17T11:52:24+00:00","og_image":[{"width":848,"height":477,"url":"https:\/\/jornalboasnoticias.com.br\/home\/wp-content\/uploads\/2024\/12\/aco-foto-jpg-848x477-1.jpeg","type":"image\/jpeg"}],"author":"Ana Luiza Bonatto","twitter_card":"summary_large_image","twitter_misc":{"Escrito por":"Ana Luiza Bonatto","Est. tempo de leitura":"4 minutos"},"schema":{"@context":"https:\/\/schema.org","@graph":[{"@type":"Article","@id":"https:\/\/jornalboasnoticias.com.br\/home\/producao-de-aco-bruto-no-brasil-cresce-56-em-um-ano\/#article","isPartOf":{"@id":"https:\/\/jornalboasnoticias.com.br\/home\/producao-de-aco-bruto-no-brasil-cresce-56-em-um-ano\/"},"author":{"name":"Ana Luiza Bonatto","@id":"https:\/\/jornalboasnoticias.com.br\/home\/#\/schema\/person\/d641193e0afc6405b390164dac847971"},"headline":"Produ\u00e7\u00e3o de a\u00e7o bruto no Brasil cresce 5,6% em um ano","datePublished":"2024-12-17T11:52:24+00:00","mainEntityOfPage":{"@id":"https:\/\/jornalboasnoticias.com.br\/home\/producao-de-aco-bruto-no-brasil-cresce-56-em-um-ano\/"},"wordCount":563,"commentCount":0,"publisher":{"@id":"https:\/\/jornalboasnoticias.com.br\/home\/#organization"},"image":{"@id":"https:\/\/jornalboasnoticias.com.br\/home\/producao-de-aco-bruto-no-brasil-cresce-56-em-um-ano\/#primaryimage"},"thumbnailUrl":"https:\/\/jornalboasnoticias.com.br\/home\/wp-content\/uploads\/2024\/12\/aco-foto-jpg-848x477-1.jpeg","articleSection":["DESTAQUE","ECONOMIA"],"inLanguage":"pt-BR","potentialAction":[{"@type":"CommentAction","name":"Comment","target":["https:\/\/jornalboasnoticias.com.br\/home\/producao-de-aco-bruto-no-brasil-cresce-56-em-um-ano\/#respond"]}]},{"@type":"WebPage","@id":"https:\/\/jornalboasnoticias.com.br\/home\/producao-de-aco-bruto-no-brasil-cresce-56-em-um-ano\/","url":"https:\/\/jornalboasnoticias.com.br\/home\/producao-de-aco-bruto-no-brasil-cresce-56-em-um-ano\/","name":"Produ\u00e7\u00e3o de a\u00e7o bruto no Brasil cresce 5,6% em um ano - Jornal","isPartOf":{"@id":"https:\/\/jornalboasnoticias.com.br\/home\/#website"},"primaryImageOfPage":{"@id":"https:\/\/jornalboasnoticias.com.br\/home\/producao-de-aco-bruto-no-brasil-cresce-56-em-um-ano\/#primaryimage"},"image":{"@id":"https:\/\/jornalboasnoticias.com.br\/home\/producao-de-aco-bruto-no-brasil-cresce-56-em-um-ano\/#primaryimage"},"thumbnailUrl":"https:\/\/jornalboasnoticias.com.br\/home\/wp-content\/uploads\/2024\/12\/aco-foto-jpg-848x477-1.jpeg","datePublished":"2024-12-17T11:52:24+00:00","description":"Produ\u00e7\u00e3o de a\u00e7o bruto no Brasil cresce 5,6% em um ano","breadcrumb":{"@id":"https:\/\/jornalboasnoticias.com.br\/home\/producao-de-aco-bruto-no-brasil-cresce-56-em-um-ano\/#breadcrumb"},"inLanguage":"pt-BR","potentialAction":[{"@type":"ReadAction","target":["https:\/\/jornalboasnoticias.com.br\/home\/producao-de-aco-bruto-no-brasil-cresce-56-em-um-ano\/"]}]},{"@type":"ImageObject","inLanguage":"pt-BR","@id":"https:\/\/jornalboasnoticias.com.br\/home\/producao-de-aco-bruto-no-brasil-cresce-56-em-um-ano\/#primaryimage","url":"https:\/\/jornalboasnoticias.com.br\/home\/wp-content\/uploads\/2024\/12\/aco-foto-jpg-848x477-1.jpeg","contentUrl":"https:\/\/jornalboasnoticias.com.br\/home\/wp-content\/uploads\/2024\/12\/aco-foto-jpg-848x477-1.jpeg","width":848,"height":477,"caption":"Steel material. Free public domain CC0 photo."},{"@type":"BreadcrumbList","@id":"https:\/\/jornalboasnoticias.com.br\/home\/producao-de-aco-bruto-no-brasil-cresce-56-em-um-ano\/#breadcrumb","itemListElement":[{"@type":"ListItem","position":1,"name":"In\u00edcio","item":"https:\/\/jornalboasnoticias.com.br\/home\/"},{"@type":"ListItem","position":2,"name":"Produ\u00e7\u00e3o de a\u00e7o bruto no Brasil cresce 5,6% em um ano"}]},{"@type":"WebSite","@id":"https:\/\/jornalboasnoticias.com.br\/home\/#website","url":"https:\/\/jornalboasnoticias.com.br\/home\/","name":"Jornal Boas Not\u00edcias","description":"Boas not\u00edcias","publisher":{"@id":"https:\/\/jornalboasnoticias.com.br\/home\/#organization"},"potentialAction":[{"@type":"SearchAction","target":{"@type":"EntryPoint","urlTemplate":"https:\/\/jornalboasnoticias.com.br\/home\/?s={search_term_string}"},"query-input":{"@type":"PropertyValueSpecification","valueRequired":true,"valueName":"search_term_string"}}],"inLanguage":"pt-BR"},{"@type":"Organization","@id":"https:\/\/jornalboasnoticias.com.br\/home\/#organization","name":"Coq Editora Ltda","alternateName":"Jornal Boas Noticias","url":"https:\/\/jornalboasnoticias.com.br\/home\/","logo":{"@type":"ImageObject","inLanguage":"pt-BR","@id":"https:\/\/jornalboasnoticias.com.br\/home\/#\/schema\/logo\/image\/","url":"https:\/\/jornalboasnoticias.com.br\/home\/wp-content\/uploads\/2024\/07\/cropped-logo.jpg","contentUrl":"https:\/\/jornalboasnoticias.com.br\/home\/wp-content\/uploads\/2024\/07\/cropped-logo.jpg","width":290,"height":142,"caption":"Coq Editora Ltda"},"image":{"@id":"https:\/\/jornalboasnoticias.com.br\/home\/#\/schema\/logo\/image\/"},"sameAs":["https:\/\/www.facebook.com\/boasnoticiasjornal"]},{"@type":"Person","@id":"https:\/\/jornalboasnoticias.com.br\/home\/#\/schema\/person\/d641193e0afc6405b390164dac847971","name":"Ana Luiza Bonatto","image":{"@type":"ImageObject","inLanguage":"pt-BR","@id":"https:\/\/secure.gravatar.com\/avatar\/8a055ebe6373371f67ac6fcf313c0ac0b0a91157fdcdb9514fa62927373348f0?s=96&d=mm&r=g","url":"https:\/\/secure.gravatar.com\/avatar\/8a055ebe6373371f67ac6fcf313c0ac0b0a91157fdcdb9514fa62927373348f0?s=96&d=mm&r=g","contentUrl":"https:\/\/secure.gravatar.com\/avatar\/8a055ebe6373371f67ac6fcf313c0ac0b0a91157fdcdb9514fa62927373348f0?s=96&d=mm&r=g","caption":"Ana Luiza Bonatto"},"url":"https:\/\/jornalboasnoticias.com.br\/home\/author\/ana-luiza\/"}]}},"_links":{"self":[{"href":"https:\/\/jornalboasnoticias.com.br\/home\/wp-json\/wp\/v2\/posts\/46091","targetHints":{"allow":["GET"]}}],"collection":[{"href":"https:\/\/jornalboasnoticias.com.br\/home\/wp-json\/wp\/v2\/posts"}],"about":[{"href":"https:\/\/jornalboasnoticias.com.br\/home\/wp-json\/wp\/v2\/types\/post"}],"author":[{"embeddable":true,"href":"https:\/\/jornalboasnoticias.com.br\/home\/wp-json\/wp\/v2\/users\/4"}],"replies":[{"embeddable":true,"href":"https:\/\/jornalboasnoticias.com.br\/home\/wp-json\/wp\/v2\/comments?post=46091"}],"version-history":[{"count":1,"href":"https:\/\/jornalboasnoticias.com.br\/home\/wp-json\/wp\/v2\/posts\/46091\/revisions"}],"predecessor-version":[{"id":46093,"href":"https:\/\/jornalboasnoticias.com.br\/home\/wp-json\/wp\/v2\/posts\/46091\/revisions\/46093"}],"wp:featuredmedia":[{"embeddable":true,"href":"https:\/\/jornalboasnoticias.com.br\/home\/wp-json\/wp\/v2\/media\/46092"}],"wp:attachment":[{"href":"https:\/\/jornalboasnoticias.com.br\/home\/wp-json\/wp\/v2\/media?parent=46091"}],"wp:term":[{"taxonomy":"category","embeddable":true,"href":"https:\/\/jornalboasnoticias.com.br\/home\/wp-json\/wp\/v2\/categories?post=46091"},{"taxonomy":"post_tag","embeddable":true,"href":"https:\/\/jornalboasnoticias.com.br\/home\/wp-json\/wp\/v2\/tags?post=46091"}],"curies":[{"name":"wp","href":"https:\/\/api.w.org\/{rel}","templated":true}]}}