{"id":46088,"date":"2024-12-17T11:49:55","date_gmt":"2024-12-17T11:49:55","guid":{"rendered":"https:\/\/jornalboasnoticias.com.br\/home\/?p=46088"},"modified":"2024-12-17T11:49:55","modified_gmt":"2024-12-17T11:49:55","slug":"pf-deflagra-acao-contra-esquema-de-desvios-de-recursos-do-sus","status":"publish","type":"post","link":"https:\/\/jornalboasnoticias.com.br\/home\/pf-deflagra-acao-contra-esquema-de-desvios-de-recursos-do-sus\/","title":{"rendered":"PF deflagra a\u00e7\u00e3o contra esquema de desvios de recursos do SUS"},"content":{"rendered":"<div class=\"header-noticia full-width\">\n<div>\n<figure id=\"attachment_46089\" aria-describedby=\"caption-attachment-46089\" style=\"width: 1170px\" class=\"wp-caption alignnone\"><img loading=\"lazy\" decoding=\"async\" class=\"wp-image-46089 size-full\" src=\"https:\/\/jornalboasnoticias.com.br\/home\/wp-content\/uploads\/2024\/12\/whatsapp_image_2024-12-06_at_08.28.10-2.webp\" alt=\"\" width=\"1170\" height=\"700\" srcset=\"https:\/\/jornalboasnoticias.com.br\/home\/wp-content\/uploads\/2024\/12\/whatsapp_image_2024-12-06_at_08.28.10-2.webp 1170w, https:\/\/jornalboasnoticias.com.br\/home\/wp-content\/uploads\/2024\/12\/whatsapp_image_2024-12-06_at_08.28.10-2-300x179.webp 300w, https:\/\/jornalboasnoticias.com.br\/home\/wp-content\/uploads\/2024\/12\/whatsapp_image_2024-12-06_at_08.28.10-2-1024x613.webp 1024w, https:\/\/jornalboasnoticias.com.br\/home\/wp-content\/uploads\/2024\/12\/whatsapp_image_2024-12-06_at_08.28.10-2-768x459.webp 768w\" sizes=\"auto, (max-width: 1170px) 100vw, 1170px\" \/><figcaption id=\"caption-attachment-46089\" class=\"wp-caption-text\">\u00a9 PF\/Cear\u00e1<\/figcaption><\/figure>\n<\/div>\n<\/div>\n<blockquote>\n<div class=\"header-noticia full-width\">\n<div class=\"linha-fina-noticia\">Receita Federal e CGU tamb\u00e9m participam da opera\u00e7\u00e3o<\/div>\n<\/div>\n<\/blockquote>\n<div class=\"container-autoria\">\n<p>A Pol\u00edcia Federal (PF) deflagrou nesta ter\u00e7a-feira (17) opera\u00e7\u00e3o para desarticular um grupo respons\u00e1vel pelo desvio de recursos do Sistema \u00danico de Sa\u00fade (SUS) em munic\u00edpios do Paran\u00e1. A Receita Federal e a Controladoria-Geral da Uni\u00e3o (CGU) tamb\u00e9m participam da a\u00e7\u00e3o, que \u00e9 realizada\u00a0em Curitiba e\u00a0regi\u00e3o metropolitana e nas cidades de S\u00e3o Paulo, Santa Isabel (SP) e Ribeir\u00e3o Preto (SP).<img decoding=\"async\" src=\"https:\/\/agenciabrasil.ebc.com.br\/ebc.png?id=1623957&amp;o=node\" \/><img decoding=\"async\" src=\"https:\/\/agenciabrasil.ebc.com.br\/ebc.gif?id=1623957&amp;o=node\" \/><\/p>\n<p>Em nota, a corpora\u00e7\u00e3o destacou que o objetivo \u00e9 localizar bens ocultos pelos investigados, identificar agentes pol\u00edticos envolvidos no esquema e aprofundar investiga\u00e7\u00f5es sobre uma organiza\u00e7\u00e3o social contratada para gerir recursos p\u00fablicos da sa\u00fade. O grupo, segundo a PF, utilizava empresas de fachada e laranjas para justificar contratos superfaturados, \u201cpermitindo o rateio il\u00edcito de lucros entre empres\u00e1rios, diretores da organiza\u00e7\u00e3o social e agentes pol\u00edticos\u201d.<\/p>\n<p>Foram cumpridos 16 mandados de busca e apreens\u00e3o, al\u00e9m de medidas cautelares como bloqueios de valores, sequestro de bens e a proibi\u00e7\u00e3o de contrata\u00e7\u00e3o com o poder p\u00fablico para empres\u00e1rios e empresas envolvidas. \u201cAs investiga\u00e7\u00f5es apontam que o esquema envolvia a celebra\u00e7\u00e3o de contratos de fachada e a contrata\u00e7\u00e3o de empresas pertencentes ao mesmo n\u00facleo empresarial para presta\u00e7\u00e3o de servi\u00e7os m\u00e9dicos, principal objeto da terceiriza\u00e7\u00e3o.\u201d<\/p>\n<p>\u201cAl\u00e9m disso, identificou-se a exist\u00eancia de mais de um contrato para o mesmo servi\u00e7o, com valores superfaturados, permitindo o desvio de recursos. De acordo com o Tribunal de Contas do Estado (TCE), apenas no munic\u00edpio de Curitiba, o valor desviado at\u00e9 2019 ultrapassou R$ 20 milh\u00f5es.\u201d<\/p>\n<p>Ainda de acordo com a PF, a opera\u00e7\u00e3o teve in\u00edcio a partir de\u00a0den\u00fancia an\u00f4nima \u201ccorroborada com dilig\u00eancias policiais\u201d. \u201cEmbora n\u00e3o seja um desdobramento direto de outra opera\u00e7\u00e3o, dados obtidos na Opera\u00e7\u00e3o S\u00e9psis, da Pol\u00edcia Federal em Sorocaba (SP), foram utilizados para embasar as investiga\u00e7\u00f5es\u201d.<\/p>\n<p>(Ag\u00eancia Brasil)<\/p>\n<\/div>\n","protected":false},"excerpt":{"rendered":"<p>Receita Federal e CGU tamb\u00e9m participam da opera\u00e7\u00e3o A Pol\u00edcia Federal (PF) deflagrou nesta ter\u00e7a-feira<\/p>\n","protected":false},"author":4,"featured_media":46089,"comment_status":"open","ping_status":"open","sticky":false,"template":"","format":"standard","meta":{"footnotes":""},"categories":[6,3],"tags":[],"class_list":["post-46088","post","type-post","status-publish","format-standard","has-post-thumbnail","hentry","category-brasil","category-destaques"],"yoast_head":"<!-- This site is optimized with the Yoast SEO plugin v27.5 - https:\/\/yoast.com\/product\/yoast-seo-wordpress\/ -->\n<title>PF deflagra a\u00e7\u00e3o contra esquema de desvios de recursos do SUS - Jornal<\/title>\n<meta name=\"description\" content=\"PF deflagra a\u00e7\u00e3o contra esquema de desvios de recursos do SUS\" \/>\n<meta name=\"robots\" content=\"index, follow, max-snippet:-1, max-image-preview:large, max-video-preview:-1\" \/>\n<link rel=\"canonical\" href=\"https:\/\/jornalboasnoticias.com.br\/home\/pf-deflagra-acao-contra-esquema-de-desvios-de-recursos-do-sus\/\" \/>\n<meta property=\"og:locale\" content=\"pt_BR\" \/>\n<meta property=\"og:type\" content=\"article\" \/>\n<meta property=\"og:title\" content=\"PF deflagra a\u00e7\u00e3o contra esquema de desvios de recursos do SUS - Jornal\" \/>\n<meta property=\"og:description\" content=\"PF deflagra a\u00e7\u00e3o contra esquema de desvios de recursos do SUS\" \/>\n<meta property=\"og:url\" content=\"https:\/\/jornalboasnoticias.com.br\/home\/pf-deflagra-acao-contra-esquema-de-desvios-de-recursos-do-sus\/\" \/>\n<meta property=\"og:site_name\" content=\"Jornal\" \/>\n<meta property=\"article:publisher\" content=\"https:\/\/www.facebook.com\/boasnoticiasjornal\" \/>\n<meta property=\"article:published_time\" content=\"2024-12-17T11:49:55+00:00\" \/>\n<meta property=\"og:image\" content=\"https:\/\/jornalboasnoticias.com.br\/home\/wp-content\/uploads\/2024\/12\/whatsapp_image_2024-12-06_at_08.28.10-2.webp\" \/>\n\t<meta property=\"og:image:width\" content=\"1170\" \/>\n\t<meta property=\"og:image:height\" content=\"700\" \/>\n\t<meta property=\"og:image:type\" content=\"image\/webp\" \/>\n<meta name=\"author\" content=\"Ana Luiza Bonatto\" \/>\n<meta name=\"twitter:card\" content=\"summary_large_image\" \/>\n<meta name=\"twitter:label1\" content=\"Escrito por\" \/>\n\t<meta name=\"twitter:data1\" content=\"Ana Luiza Bonatto\" \/>\n\t<meta name=\"twitter:label2\" content=\"Est. tempo de leitura\" \/>\n\t<meta name=\"twitter:data2\" content=\"3 minutos\" \/>\n<script type=\"application\/ld+json\" class=\"yoast-schema-graph\">{\"@context\":\"https:\\\/\\\/schema.org\",\"@graph\":[{\"@type\":\"Article\",\"@id\":\"https:\\\/\\\/jornalboasnoticias.com.br\\\/home\\\/pf-deflagra-acao-contra-esquema-de-desvios-de-recursos-do-sus\\\/#article\",\"isPartOf\":{\"@id\":\"https:\\\/\\\/jornalboasnoticias.com.br\\\/home\\\/pf-deflagra-acao-contra-esquema-de-desvios-de-recursos-do-sus\\\/\"},\"author\":{\"name\":\"Ana Luiza Bonatto\",\"@id\":\"https:\\\/\\\/jornalboasnoticias.com.br\\\/home\\\/#\\\/schema\\\/person\\\/d641193e0afc6405b390164dac847971\"},\"headline\":\"PF deflagra a\u00e7\u00e3o contra esquema de desvios de recursos do SUS\",\"datePublished\":\"2024-12-17T11:49:55+00:00\",\"mainEntityOfPage\":{\"@id\":\"https:\\\/\\\/jornalboasnoticias.com.br\\\/home\\\/pf-deflagra-acao-contra-esquema-de-desvios-de-recursos-do-sus\\\/\"},\"wordCount\":362,\"commentCount\":0,\"publisher\":{\"@id\":\"https:\\\/\\\/jornalboasnoticias.com.br\\\/home\\\/#organization\"},\"image\":{\"@id\":\"https:\\\/\\\/jornalboasnoticias.com.br\\\/home\\\/pf-deflagra-acao-contra-esquema-de-desvios-de-recursos-do-sus\\\/#primaryimage\"},\"thumbnailUrl\":\"https:\\\/\\\/jornalboasnoticias.com.br\\\/home\\\/wp-content\\\/uploads\\\/2024\\\/12\\\/whatsapp_image_2024-12-06_at_08.28.10-2.webp\",\"articleSection\":[\"BRASIL\",\"DESTAQUE\"],\"inLanguage\":\"pt-BR\",\"potentialAction\":[{\"@type\":\"CommentAction\",\"name\":\"Comment\",\"target\":[\"https:\\\/\\\/jornalboasnoticias.com.br\\\/home\\\/pf-deflagra-acao-contra-esquema-de-desvios-de-recursos-do-sus\\\/#respond\"]}]},{\"@type\":\"WebPage\",\"@id\":\"https:\\\/\\\/jornalboasnoticias.com.br\\\/home\\\/pf-deflagra-acao-contra-esquema-de-desvios-de-recursos-do-sus\\\/\",\"url\":\"https:\\\/\\\/jornalboasnoticias.com.br\\\/home\\\/pf-deflagra-acao-contra-esquema-de-desvios-de-recursos-do-sus\\\/\",\"name\":\"PF deflagra a\u00e7\u00e3o contra esquema de desvios de recursos do SUS - Jornal\",\"isPartOf\":{\"@id\":\"https:\\\/\\\/jornalboasnoticias.com.br\\\/home\\\/#website\"},\"primaryImageOfPage\":{\"@id\":\"https:\\\/\\\/jornalboasnoticias.com.br\\\/home\\\/pf-deflagra-acao-contra-esquema-de-desvios-de-recursos-do-sus\\\/#primaryimage\"},\"image\":{\"@id\":\"https:\\\/\\\/jornalboasnoticias.com.br\\\/home\\\/pf-deflagra-acao-contra-esquema-de-desvios-de-recursos-do-sus\\\/#primaryimage\"},\"thumbnailUrl\":\"https:\\\/\\\/jornalboasnoticias.com.br\\\/home\\\/wp-content\\\/uploads\\\/2024\\\/12\\\/whatsapp_image_2024-12-06_at_08.28.10-2.webp\",\"datePublished\":\"2024-12-17T11:49:55+00:00\",\"description\":\"PF deflagra a\u00e7\u00e3o contra esquema de desvios de recursos do SUS\",\"breadcrumb\":{\"@id\":\"https:\\\/\\\/jornalboasnoticias.com.br\\\/home\\\/pf-deflagra-acao-contra-esquema-de-desvios-de-recursos-do-sus\\\/#breadcrumb\"},\"inLanguage\":\"pt-BR\",\"potentialAction\":[{\"@type\":\"ReadAction\",\"target\":[\"https:\\\/\\\/jornalboasnoticias.com.br\\\/home\\\/pf-deflagra-acao-contra-esquema-de-desvios-de-recursos-do-sus\\\/\"]}]},{\"@type\":\"ImageObject\",\"inLanguage\":\"pt-BR\",\"@id\":\"https:\\\/\\\/jornalboasnoticias.com.br\\\/home\\\/pf-deflagra-acao-contra-esquema-de-desvios-de-recursos-do-sus\\\/#primaryimage\",\"url\":\"https:\\\/\\\/jornalboasnoticias.com.br\\\/home\\\/wp-content\\\/uploads\\\/2024\\\/12\\\/whatsapp_image_2024-12-06_at_08.28.10-2.webp\",\"contentUrl\":\"https:\\\/\\\/jornalboasnoticias.com.br\\\/home\\\/wp-content\\\/uploads\\\/2024\\\/12\\\/whatsapp_image_2024-12-06_at_08.28.10-2.webp\",\"width\":1170,\"height\":700},{\"@type\":\"BreadcrumbList\",\"@id\":\"https:\\\/\\\/jornalboasnoticias.com.br\\\/home\\\/pf-deflagra-acao-contra-esquema-de-desvios-de-recursos-do-sus\\\/#breadcrumb\",\"itemListElement\":[{\"@type\":\"ListItem\",\"position\":1,\"name\":\"In\u00edcio\",\"item\":\"https:\\\/\\\/jornalboasnoticias.com.br\\\/home\\\/\"},{\"@type\":\"ListItem\",\"position\":2,\"name\":\"PF deflagra a\u00e7\u00e3o contra esquema de desvios de recursos do SUS\"}]},{\"@type\":\"WebSite\",\"@id\":\"https:\\\/\\\/jornalboasnoticias.com.br\\\/home\\\/#website\",\"url\":\"https:\\\/\\\/jornalboasnoticias.com.br\\\/home\\\/\",\"name\":\"Jornal Boas Not\u00edcias\",\"description\":\"Boas not\u00edcias\",\"publisher\":{\"@id\":\"https:\\\/\\\/jornalboasnoticias.com.br\\\/home\\\/#organization\"},\"potentialAction\":[{\"@type\":\"SearchAction\",\"target\":{\"@type\":\"EntryPoint\",\"urlTemplate\":\"https:\\\/\\\/jornalboasnoticias.com.br\\\/home\\\/?s={search_term_string}\"},\"query-input\":{\"@type\":\"PropertyValueSpecification\",\"valueRequired\":true,\"valueName\":\"search_term_string\"}}],\"inLanguage\":\"pt-BR\"},{\"@type\":\"Organization\",\"@id\":\"https:\\\/\\\/jornalboasnoticias.com.br\\\/home\\\/#organization\",\"name\":\"Coq Editora Ltda\",\"alternateName\":\"Jornal Boas Noticias\",\"url\":\"https:\\\/\\\/jornalboasnoticias.com.br\\\/home\\\/\",\"logo\":{\"@type\":\"ImageObject\",\"inLanguage\":\"pt-BR\",\"@id\":\"https:\\\/\\\/jornalboasnoticias.com.br\\\/home\\\/#\\\/schema\\\/logo\\\/image\\\/\",\"url\":\"https:\\\/\\\/jornalboasnoticias.com.br\\\/home\\\/wp-content\\\/uploads\\\/2024\\\/07\\\/cropped-logo.jpg\",\"contentUrl\":\"https:\\\/\\\/jornalboasnoticias.com.br\\\/home\\\/wp-content\\\/uploads\\\/2024\\\/07\\\/cropped-logo.jpg\",\"width\":290,\"height\":142,\"caption\":\"Coq Editora Ltda\"},\"image\":{\"@id\":\"https:\\\/\\\/jornalboasnoticias.com.br\\\/home\\\/#\\\/schema\\\/logo\\\/image\\\/\"},\"sameAs\":[\"https:\\\/\\\/www.facebook.com\\\/boasnoticiasjornal\"]},{\"@type\":\"Person\",\"@id\":\"https:\\\/\\\/jornalboasnoticias.com.br\\\/home\\\/#\\\/schema\\\/person\\\/d641193e0afc6405b390164dac847971\",\"name\":\"Ana Luiza Bonatto\",\"image\":{\"@type\":\"ImageObject\",\"inLanguage\":\"pt-BR\",\"@id\":\"https:\\\/\\\/secure.gravatar.com\\\/avatar\\\/8a055ebe6373371f67ac6fcf313c0ac0b0a91157fdcdb9514fa62927373348f0?s=96&d=mm&r=g\",\"url\":\"https:\\\/\\\/secure.gravatar.com\\\/avatar\\\/8a055ebe6373371f67ac6fcf313c0ac0b0a91157fdcdb9514fa62927373348f0?s=96&d=mm&r=g\",\"contentUrl\":\"https:\\\/\\\/secure.gravatar.com\\\/avatar\\\/8a055ebe6373371f67ac6fcf313c0ac0b0a91157fdcdb9514fa62927373348f0?s=96&d=mm&r=g\",\"caption\":\"Ana Luiza Bonatto\"},\"url\":\"https:\\\/\\\/jornalboasnoticias.com.br\\\/home\\\/author\\\/ana-luiza\\\/\"}]}<\/script>\n<!-- \/ Yoast SEO plugin. -->","yoast_head_json":{"title":"PF deflagra a\u00e7\u00e3o contra esquema de desvios de recursos do SUS - Jornal","description":"PF deflagra a\u00e7\u00e3o contra esquema de desvios de recursos do SUS","robots":{"index":"index","follow":"follow","max-snippet":"max-snippet:-1","max-image-preview":"max-image-preview:large","max-video-preview":"max-video-preview:-1"},"canonical":"https:\/\/jornalboasnoticias.com.br\/home\/pf-deflagra-acao-contra-esquema-de-desvios-de-recursos-do-sus\/","og_locale":"pt_BR","og_type":"article","og_title":"PF deflagra a\u00e7\u00e3o contra esquema de desvios de recursos do SUS - Jornal","og_description":"PF deflagra a\u00e7\u00e3o contra esquema de desvios de recursos do SUS","og_url":"https:\/\/jornalboasnoticias.com.br\/home\/pf-deflagra-acao-contra-esquema-de-desvios-de-recursos-do-sus\/","og_site_name":"Jornal","article_publisher":"https:\/\/www.facebook.com\/boasnoticiasjornal","article_published_time":"2024-12-17T11:49:55+00:00","og_image":[{"width":1170,"height":700,"url":"https:\/\/jornalboasnoticias.com.br\/home\/wp-content\/uploads\/2024\/12\/whatsapp_image_2024-12-06_at_08.28.10-2.webp","type":"image\/webp"}],"author":"Ana Luiza Bonatto","twitter_card":"summary_large_image","twitter_misc":{"Escrito por":"Ana Luiza Bonatto","Est. tempo de leitura":"3 minutos"},"schema":{"@context":"https:\/\/schema.org","@graph":[{"@type":"Article","@id":"https:\/\/jornalboasnoticias.com.br\/home\/pf-deflagra-acao-contra-esquema-de-desvios-de-recursos-do-sus\/#article","isPartOf":{"@id":"https:\/\/jornalboasnoticias.com.br\/home\/pf-deflagra-acao-contra-esquema-de-desvios-de-recursos-do-sus\/"},"author":{"name":"Ana Luiza Bonatto","@id":"https:\/\/jornalboasnoticias.com.br\/home\/#\/schema\/person\/d641193e0afc6405b390164dac847971"},"headline":"PF deflagra a\u00e7\u00e3o contra esquema de desvios de recursos do SUS","datePublished":"2024-12-17T11:49:55+00:00","mainEntityOfPage":{"@id":"https:\/\/jornalboasnoticias.com.br\/home\/pf-deflagra-acao-contra-esquema-de-desvios-de-recursos-do-sus\/"},"wordCount":362,"commentCount":0,"publisher":{"@id":"https:\/\/jornalboasnoticias.com.br\/home\/#organization"},"image":{"@id":"https:\/\/jornalboasnoticias.com.br\/home\/pf-deflagra-acao-contra-esquema-de-desvios-de-recursos-do-sus\/#primaryimage"},"thumbnailUrl":"https:\/\/jornalboasnoticias.com.br\/home\/wp-content\/uploads\/2024\/12\/whatsapp_image_2024-12-06_at_08.28.10-2.webp","articleSection":["BRASIL","DESTAQUE"],"inLanguage":"pt-BR","potentialAction":[{"@type":"CommentAction","name":"Comment","target":["https:\/\/jornalboasnoticias.com.br\/home\/pf-deflagra-acao-contra-esquema-de-desvios-de-recursos-do-sus\/#respond"]}]},{"@type":"WebPage","@id":"https:\/\/jornalboasnoticias.com.br\/home\/pf-deflagra-acao-contra-esquema-de-desvios-de-recursos-do-sus\/","url":"https:\/\/jornalboasnoticias.com.br\/home\/pf-deflagra-acao-contra-esquema-de-desvios-de-recursos-do-sus\/","name":"PF deflagra a\u00e7\u00e3o contra esquema de desvios de recursos do SUS - Jornal","isPartOf":{"@id":"https:\/\/jornalboasnoticias.com.br\/home\/#website"},"primaryImageOfPage":{"@id":"https:\/\/jornalboasnoticias.com.br\/home\/pf-deflagra-acao-contra-esquema-de-desvios-de-recursos-do-sus\/#primaryimage"},"image":{"@id":"https:\/\/jornalboasnoticias.com.br\/home\/pf-deflagra-acao-contra-esquema-de-desvios-de-recursos-do-sus\/#primaryimage"},"thumbnailUrl":"https:\/\/jornalboasnoticias.com.br\/home\/wp-content\/uploads\/2024\/12\/whatsapp_image_2024-12-06_at_08.28.10-2.webp","datePublished":"2024-12-17T11:49:55+00:00","description":"PF deflagra a\u00e7\u00e3o contra esquema de desvios de recursos do SUS","breadcrumb":{"@id":"https:\/\/jornalboasnoticias.com.br\/home\/pf-deflagra-acao-contra-esquema-de-desvios-de-recursos-do-sus\/#breadcrumb"},"inLanguage":"pt-BR","potentialAction":[{"@type":"ReadAction","target":["https:\/\/jornalboasnoticias.com.br\/home\/pf-deflagra-acao-contra-esquema-de-desvios-de-recursos-do-sus\/"]}]},{"@type":"ImageObject","inLanguage":"pt-BR","@id":"https:\/\/jornalboasnoticias.com.br\/home\/pf-deflagra-acao-contra-esquema-de-desvios-de-recursos-do-sus\/#primaryimage","url":"https:\/\/jornalboasnoticias.com.br\/home\/wp-content\/uploads\/2024\/12\/whatsapp_image_2024-12-06_at_08.28.10-2.webp","contentUrl":"https:\/\/jornalboasnoticias.com.br\/home\/wp-content\/uploads\/2024\/12\/whatsapp_image_2024-12-06_at_08.28.10-2.webp","width":1170,"height":700},{"@type":"BreadcrumbList","@id":"https:\/\/jornalboasnoticias.com.br\/home\/pf-deflagra-acao-contra-esquema-de-desvios-de-recursos-do-sus\/#breadcrumb","itemListElement":[{"@type":"ListItem","position":1,"name":"In\u00edcio","item":"https:\/\/jornalboasnoticias.com.br\/home\/"},{"@type":"ListItem","position":2,"name":"PF deflagra a\u00e7\u00e3o contra esquema de desvios de recursos do SUS"}]},{"@type":"WebSite","@id":"https:\/\/jornalboasnoticias.com.br\/home\/#website","url":"https:\/\/jornalboasnoticias.com.br\/home\/","name":"Jornal Boas Not\u00edcias","description":"Boas not\u00edcias","publisher":{"@id":"https:\/\/jornalboasnoticias.com.br\/home\/#organization"},"potentialAction":[{"@type":"SearchAction","target":{"@type":"EntryPoint","urlTemplate":"https:\/\/jornalboasnoticias.com.br\/home\/?s={search_term_string}"},"query-input":{"@type":"PropertyValueSpecification","valueRequired":true,"valueName":"search_term_string"}}],"inLanguage":"pt-BR"},{"@type":"Organization","@id":"https:\/\/jornalboasnoticias.com.br\/home\/#organization","name":"Coq Editora Ltda","alternateName":"Jornal Boas Noticias","url":"https:\/\/jornalboasnoticias.com.br\/home\/","logo":{"@type":"ImageObject","inLanguage":"pt-BR","@id":"https:\/\/jornalboasnoticias.com.br\/home\/#\/schema\/logo\/image\/","url":"https:\/\/jornalboasnoticias.com.br\/home\/wp-content\/uploads\/2024\/07\/cropped-logo.jpg","contentUrl":"https:\/\/jornalboasnoticias.com.br\/home\/wp-content\/uploads\/2024\/07\/cropped-logo.jpg","width":290,"height":142,"caption":"Coq Editora Ltda"},"image":{"@id":"https:\/\/jornalboasnoticias.com.br\/home\/#\/schema\/logo\/image\/"},"sameAs":["https:\/\/www.facebook.com\/boasnoticiasjornal"]},{"@type":"Person","@id":"https:\/\/jornalboasnoticias.com.br\/home\/#\/schema\/person\/d641193e0afc6405b390164dac847971","name":"Ana Luiza Bonatto","image":{"@type":"ImageObject","inLanguage":"pt-BR","@id":"https:\/\/secure.gravatar.com\/avatar\/8a055ebe6373371f67ac6fcf313c0ac0b0a91157fdcdb9514fa62927373348f0?s=96&d=mm&r=g","url":"https:\/\/secure.gravatar.com\/avatar\/8a055ebe6373371f67ac6fcf313c0ac0b0a91157fdcdb9514fa62927373348f0?s=96&d=mm&r=g","contentUrl":"https:\/\/secure.gravatar.com\/avatar\/8a055ebe6373371f67ac6fcf313c0ac0b0a91157fdcdb9514fa62927373348f0?s=96&d=mm&r=g","caption":"Ana Luiza Bonatto"},"url":"https:\/\/jornalboasnoticias.com.br\/home\/author\/ana-luiza\/"}]}},"_links":{"self":[{"href":"https:\/\/jornalboasnoticias.com.br\/home\/wp-json\/wp\/v2\/posts\/46088","targetHints":{"allow":["GET"]}}],"collection":[{"href":"https:\/\/jornalboasnoticias.com.br\/home\/wp-json\/wp\/v2\/posts"}],"about":[{"href":"https:\/\/jornalboasnoticias.com.br\/home\/wp-json\/wp\/v2\/types\/post"}],"author":[{"embeddable":true,"href":"https:\/\/jornalboasnoticias.com.br\/home\/wp-json\/wp\/v2\/users\/4"}],"replies":[{"embeddable":true,"href":"https:\/\/jornalboasnoticias.com.br\/home\/wp-json\/wp\/v2\/comments?post=46088"}],"version-history":[{"count":1,"href":"https:\/\/jornalboasnoticias.com.br\/home\/wp-json\/wp\/v2\/posts\/46088\/revisions"}],"predecessor-version":[{"id":46090,"href":"https:\/\/jornalboasnoticias.com.br\/home\/wp-json\/wp\/v2\/posts\/46088\/revisions\/46090"}],"wp:featuredmedia":[{"embeddable":true,"href":"https:\/\/jornalboasnoticias.com.br\/home\/wp-json\/wp\/v2\/media\/46089"}],"wp:attachment":[{"href":"https:\/\/jornalboasnoticias.com.br\/home\/wp-json\/wp\/v2\/media?parent=46088"}],"wp:term":[{"taxonomy":"category","embeddable":true,"href":"https:\/\/jornalboasnoticias.com.br\/home\/wp-json\/wp\/v2\/categories?post=46088"},{"taxonomy":"post_tag","embeddable":true,"href":"https:\/\/jornalboasnoticias.com.br\/home\/wp-json\/wp\/v2\/tags?post=46088"}],"curies":[{"name":"wp","href":"https:\/\/api.w.org\/{rel}","templated":true}]}}