{"id":46083,"date":"2024-12-17T11:43:15","date_gmt":"2024-12-17T11:43:15","guid":{"rendered":"https:\/\/jornalboasnoticias.com.br\/home\/?p=46083"},"modified":"2024-12-17T11:43:15","modified_gmt":"2024-12-17T11:43:15","slug":"saude-alerta-para-cuidados-com-morcegos-e-prevencao-contra-a-raiva-no-verao","status":"publish","type":"post","link":"https:\/\/jornalboasnoticias.com.br\/home\/saude-alerta-para-cuidados-com-morcegos-e-prevencao-contra-a-raiva-no-verao\/","title":{"rendered":"Sa\u00fade alerta para cuidados com morcegos e preven\u00e7\u00e3o contra a raiva no ver\u00e3o"},"content":{"rendered":"<div class=\"not-escopo-destaque\">\n<div>\n<figure id=\"attachment_46084\" aria-describedby=\"caption-attachment-46084\" style=\"width: 1280px\" class=\"wp-caption alignnone\"><img loading=\"lazy\" decoding=\"async\" class=\"size-full wp-image-46084\" src=\"https:\/\/jornalboasnoticias.com.br\/home\/wp-content\/uploads\/2024\/12\/39215752-dfab-4cb7-9f81-2fba26631c71.jpg\" alt=\"\" width=\"1280\" height=\"854\" srcset=\"https:\/\/jornalboasnoticias.com.br\/home\/wp-content\/uploads\/2024\/12\/39215752-dfab-4cb7-9f81-2fba26631c71.jpg 1280w, https:\/\/jornalboasnoticias.com.br\/home\/wp-content\/uploads\/2024\/12\/39215752-dfab-4cb7-9f81-2fba26631c71-300x200.jpg 300w, https:\/\/jornalboasnoticias.com.br\/home\/wp-content\/uploads\/2024\/12\/39215752-dfab-4cb7-9f81-2fba26631c71-1024x683.jpg 1024w, https:\/\/jornalboasnoticias.com.br\/home\/wp-content\/uploads\/2024\/12\/39215752-dfab-4cb7-9f81-2fba26631c71-768x512.jpg 768w, https:\/\/jornalboasnoticias.com.br\/home\/wp-content\/uploads\/2024\/12\/39215752-dfab-4cb7-9f81-2fba26631c71-900x600.jpg 900w\" sizes=\"auto, (max-width: 1280px) 100vw, 1280px\" \/><figcaption id=\"caption-attachment-46084\" class=\"wp-caption-text\">Foto: Tatiane Dombroski\/ Sesa<\/figcaption><\/figure>\n<\/div>\n<\/div>\n<blockquote>\n<div class=\"not-escopo-destaque\">\n<div class=\"field field--name-field-escopo-destaque field--type-string-long field--label-hidden field--item\">Nesta \u00e9poca, os morcegos est\u00e3o mais ativos e em busca de alimento e abrigo, e esse aumento na atividade eleva o risco de intera\u00e7\u00e3o com humanos e animais dom\u00e9sticos, facilitando a contamina\u00e7\u00e3o da raiva, uma doen\u00e7a grave e quase sempre fatal.<\/div>\n<\/div>\n<\/blockquote>\n<div>\n<div class=\"not-escopo-destaque\">\n<div class=\"field field--name-field-escopo-destaque field--type-string-long field--label-hidden field--item\">\n<p>O ver\u00e3o e os dias mais quentes tamb\u00e9m marcam o per\u00edodo de reprodu\u00e7\u00e3o dos morcegos, o que torna mais frequente a entrada acidental desses animais em resid\u00eancias e \u00e1reas urbanas. Diante desse cen\u00e1rio, a Secretaria de Estado da Sa\u00fade (Sesa) alerta a popula\u00e7\u00e3o para redobrar os cuidados, evitando o contato direto com os animais e prevenindo a transmiss\u00e3o da raiva.<\/p>\n<p>Nesta \u00e9poca, os morcegos est\u00e3o mais ativos e em busca de alimento e abrigo, e esse aumento na atividade eleva o risco de intera\u00e7\u00e3o com humanos e animais dom\u00e9sticos, facilitando a contamina\u00e7\u00e3o da raiva, uma doen\u00e7a grave e quase sempre fatal. A raiva \u00e9 transmitida pela saliva de animais infectados, seja por mordidas, arranh\u00f5es ou contato com mucosas e feridas abertas. Por isso, a Sesa refor\u00e7a que qualquer intera\u00e7\u00e3o com morcegos deve ser evitada.<\/p>\n<p>De acordo com dados do Sistema de Informa\u00e7\u00e3o de Agravos de Notifica\u00e7\u00e3o (Sinan), 41,6% dos casos de agress\u00f5es por morcegos ocorrem entre dezembro e mar\u00e7o, sendo que os meses de janeiro e fevereiro apresentam um aumento expressivo nos atendimentos antirr\u00e1bicos em compara\u00e7\u00e3o aos meses mais frios do ano.<\/p>\n<p>Em 2023, entre janeiro\/fevereiro (ver\u00e3o) e maio (outono), houve uma diferen\u00e7a de 83% nos casos, com volume muito maior nos meses mais quentes. Em 2024, o padr\u00e3o se manteve, com uma diferen\u00e7a de 71% no in\u00edcio do ano em compara\u00e7\u00e3o com maio.<\/p>\n<p><strong>ALERTA \u00c0 POPULA\u00c7\u00c3O<\/strong>\u00a0\u2013 No caso de sofrer qualquer tipo de agress\u00e3o por animais mam\u00edferos, a orienta\u00e7\u00e3o \u00e9 lavar o ferimento imediatamente com \u00e1gua corrente e sab\u00e3o, procurar rapidamente uma unidade de sa\u00fade, fazer o tratamento quando for indicado sem faltar \u00e0s vacina\u00e7\u00f5es. Evite tocar em qualquer morcego, vivo ou morto \u2013 s\u00e3o animais de h\u00e1bitos noturnos. Quando encontrados ca\u00eddos, andando ou voando durante o dia podem estar doentes com o v\u00edrus da raiva.<\/p>\n<p>O contato direto com morcegos por toque, arranh\u00f5es ou mordidas \u00e9 grave. Caso isso aconte\u00e7a, procure a unidade de sa\u00fade mais pr\u00f3xima. Se encontrar um morcego com h\u00e1bitos incomuns ou mortos em casa a indica\u00e7\u00e3o \u00e9 isolar o local onde o animal foi encontrado ou prend\u00ea-lo com um balde, e depois disso entrar em contato com a Secretaria Municipal de Sa\u00fade.<\/p>\n<p>Qualquer esp\u00e9cie de morcego pode transmitir o v\u00edrus da raiva, n\u00e3o apenas o hemat\u00f3fago \u2013 aquele que se alimenta de sangue. \u00c9 importante a vacina\u00e7\u00e3o anual contra raiva de c\u00e3es e gatos, mesmo para animais idosos e que n\u00e3o tenham acesso \u00e0s ruas.<\/p>\n<p>(aen)<\/p>\n<\/div>\n<\/div>\n<\/div>\n","protected":false},"excerpt":{"rendered":"<p>Nesta \u00e9poca, os morcegos est\u00e3o mais ativos e em busca de alimento e abrigo, e<\/p>\n","protected":false},"author":4,"featured_media":46084,"comment_status":"open","ping_status":"open","sticky":false,"template":"","format":"standard","meta":{"footnotes":""},"categories":[3,4],"tags":[],"class_list":["post-46083","post","type-post","status-publish","format-standard","has-post-thumbnail","hentry","category-destaques","category-parana"],"yoast_head":"<!-- This site is optimized with the Yoast SEO plugin v27.5 - https:\/\/yoast.com\/product\/yoast-seo-wordpress\/ -->\n<title>Sa\u00fade alerta para cuidados com morcegos e preven\u00e7\u00e3o contra a raiva no ver\u00e3o - Jornal<\/title>\n<meta name=\"description\" content=\"Sa\u00fade alerta para cuidados com morcegos e preven\u00e7\u00e3o contra a raiva no ver\u00e3o\" \/>\n<meta name=\"robots\" content=\"index, follow, max-snippet:-1, max-image-preview:large, max-video-preview:-1\" \/>\n<link rel=\"canonical\" href=\"https:\/\/jornalboasnoticias.com.br\/home\/saude-alerta-para-cuidados-com-morcegos-e-prevencao-contra-a-raiva-no-verao\/\" \/>\n<meta property=\"og:locale\" content=\"pt_BR\" \/>\n<meta property=\"og:type\" content=\"article\" \/>\n<meta property=\"og:title\" content=\"Sa\u00fade alerta para cuidados com morcegos e preven\u00e7\u00e3o contra a raiva no ver\u00e3o - Jornal\" \/>\n<meta property=\"og:description\" content=\"Sa\u00fade alerta para cuidados com morcegos e preven\u00e7\u00e3o contra a raiva no ver\u00e3o\" \/>\n<meta property=\"og:url\" content=\"https:\/\/jornalboasnoticias.com.br\/home\/saude-alerta-para-cuidados-com-morcegos-e-prevencao-contra-a-raiva-no-verao\/\" \/>\n<meta property=\"og:site_name\" content=\"Jornal\" \/>\n<meta property=\"article:publisher\" content=\"https:\/\/www.facebook.com\/boasnoticiasjornal\" \/>\n<meta property=\"article:published_time\" content=\"2024-12-17T11:43:15+00:00\" \/>\n<meta property=\"og:image\" content=\"https:\/\/jornalboasnoticias.com.br\/home\/wp-content\/uploads\/2024\/12\/39215752-dfab-4cb7-9f81-2fba26631c71.jpg\" \/>\n\t<meta property=\"og:image:width\" content=\"1280\" \/>\n\t<meta property=\"og:image:height\" content=\"854\" \/>\n\t<meta property=\"og:image:type\" content=\"image\/jpeg\" \/>\n<meta name=\"author\" content=\"Ana Luiza Bonatto\" \/>\n<meta name=\"twitter:card\" content=\"summary_large_image\" \/>\n<meta name=\"twitter:label1\" content=\"Escrito por\" \/>\n\t<meta name=\"twitter:data1\" content=\"Ana Luiza Bonatto\" \/>\n\t<meta name=\"twitter:label2\" content=\"Est. tempo de leitura\" \/>\n\t<meta name=\"twitter:data2\" content=\"3 minutos\" \/>\n<script type=\"application\/ld+json\" class=\"yoast-schema-graph\">{\"@context\":\"https:\\\/\\\/schema.org\",\"@graph\":[{\"@type\":\"Article\",\"@id\":\"https:\\\/\\\/jornalboasnoticias.com.br\\\/home\\\/saude-alerta-para-cuidados-com-morcegos-e-prevencao-contra-a-raiva-no-verao\\\/#article\",\"isPartOf\":{\"@id\":\"https:\\\/\\\/jornalboasnoticias.com.br\\\/home\\\/saude-alerta-para-cuidados-com-morcegos-e-prevencao-contra-a-raiva-no-verao\\\/\"},\"author\":{\"name\":\"Ana Luiza Bonatto\",\"@id\":\"https:\\\/\\\/jornalboasnoticias.com.br\\\/home\\\/#\\\/schema\\\/person\\\/d641193e0afc6405b390164dac847971\"},\"headline\":\"Sa\u00fade alerta para cuidados com morcegos e preven\u00e7\u00e3o contra a raiva no ver\u00e3o\",\"datePublished\":\"2024-12-17T11:43:15+00:00\",\"mainEntityOfPage\":{\"@id\":\"https:\\\/\\\/jornalboasnoticias.com.br\\\/home\\\/saude-alerta-para-cuidados-com-morcegos-e-prevencao-contra-a-raiva-no-verao\\\/\"},\"wordCount\":518,\"commentCount\":0,\"publisher\":{\"@id\":\"https:\\\/\\\/jornalboasnoticias.com.br\\\/home\\\/#organization\"},\"image\":{\"@id\":\"https:\\\/\\\/jornalboasnoticias.com.br\\\/home\\\/saude-alerta-para-cuidados-com-morcegos-e-prevencao-contra-a-raiva-no-verao\\\/#primaryimage\"},\"thumbnailUrl\":\"https:\\\/\\\/jornalboasnoticias.com.br\\\/home\\\/wp-content\\\/uploads\\\/2024\\\/12\\\/39215752-dfab-4cb7-9f81-2fba26631c71.jpg\",\"articleSection\":[\"DESTAQUE\",\"PARAN\u00c1\"],\"inLanguage\":\"pt-BR\",\"potentialAction\":[{\"@type\":\"CommentAction\",\"name\":\"Comment\",\"target\":[\"https:\\\/\\\/jornalboasnoticias.com.br\\\/home\\\/saude-alerta-para-cuidados-com-morcegos-e-prevencao-contra-a-raiva-no-verao\\\/#respond\"]}]},{\"@type\":\"WebPage\",\"@id\":\"https:\\\/\\\/jornalboasnoticias.com.br\\\/home\\\/saude-alerta-para-cuidados-com-morcegos-e-prevencao-contra-a-raiva-no-verao\\\/\",\"url\":\"https:\\\/\\\/jornalboasnoticias.com.br\\\/home\\\/saude-alerta-para-cuidados-com-morcegos-e-prevencao-contra-a-raiva-no-verao\\\/\",\"name\":\"Sa\u00fade alerta para cuidados com morcegos e preven\u00e7\u00e3o contra a raiva no ver\u00e3o - Jornal\",\"isPartOf\":{\"@id\":\"https:\\\/\\\/jornalboasnoticias.com.br\\\/home\\\/#website\"},\"primaryImageOfPage\":{\"@id\":\"https:\\\/\\\/jornalboasnoticias.com.br\\\/home\\\/saude-alerta-para-cuidados-com-morcegos-e-prevencao-contra-a-raiva-no-verao\\\/#primaryimage\"},\"image\":{\"@id\":\"https:\\\/\\\/jornalboasnoticias.com.br\\\/home\\\/saude-alerta-para-cuidados-com-morcegos-e-prevencao-contra-a-raiva-no-verao\\\/#primaryimage\"},\"thumbnailUrl\":\"https:\\\/\\\/jornalboasnoticias.com.br\\\/home\\\/wp-content\\\/uploads\\\/2024\\\/12\\\/39215752-dfab-4cb7-9f81-2fba26631c71.jpg\",\"datePublished\":\"2024-12-17T11:43:15+00:00\",\"description\":\"Sa\u00fade alerta para cuidados com morcegos e preven\u00e7\u00e3o contra a raiva no ver\u00e3o\",\"breadcrumb\":{\"@id\":\"https:\\\/\\\/jornalboasnoticias.com.br\\\/home\\\/saude-alerta-para-cuidados-com-morcegos-e-prevencao-contra-a-raiva-no-verao\\\/#breadcrumb\"},\"inLanguage\":\"pt-BR\",\"potentialAction\":[{\"@type\":\"ReadAction\",\"target\":[\"https:\\\/\\\/jornalboasnoticias.com.br\\\/home\\\/saude-alerta-para-cuidados-com-morcegos-e-prevencao-contra-a-raiva-no-verao\\\/\"]}]},{\"@type\":\"ImageObject\",\"inLanguage\":\"pt-BR\",\"@id\":\"https:\\\/\\\/jornalboasnoticias.com.br\\\/home\\\/saude-alerta-para-cuidados-com-morcegos-e-prevencao-contra-a-raiva-no-verao\\\/#primaryimage\",\"url\":\"https:\\\/\\\/jornalboasnoticias.com.br\\\/home\\\/wp-content\\\/uploads\\\/2024\\\/12\\\/39215752-dfab-4cb7-9f81-2fba26631c71.jpg\",\"contentUrl\":\"https:\\\/\\\/jornalboasnoticias.com.br\\\/home\\\/wp-content\\\/uploads\\\/2024\\\/12\\\/39215752-dfab-4cb7-9f81-2fba26631c71.jpg\",\"width\":1280,\"height\":854,\"caption\":\"Foto: Tatiane Dombroski\\\/ Sesa\"},{\"@type\":\"BreadcrumbList\",\"@id\":\"https:\\\/\\\/jornalboasnoticias.com.br\\\/home\\\/saude-alerta-para-cuidados-com-morcegos-e-prevencao-contra-a-raiva-no-verao\\\/#breadcrumb\",\"itemListElement\":[{\"@type\":\"ListItem\",\"position\":1,\"name\":\"In\u00edcio\",\"item\":\"https:\\\/\\\/jornalboasnoticias.com.br\\\/home\\\/\"},{\"@type\":\"ListItem\",\"position\":2,\"name\":\"Sa\u00fade alerta para cuidados com morcegos e preven\u00e7\u00e3o contra a raiva no ver\u00e3o\"}]},{\"@type\":\"WebSite\",\"@id\":\"https:\\\/\\\/jornalboasnoticias.com.br\\\/home\\\/#website\",\"url\":\"https:\\\/\\\/jornalboasnoticias.com.br\\\/home\\\/\",\"name\":\"Jornal Boas Not\u00edcias\",\"description\":\"Boas not\u00edcias\",\"publisher\":{\"@id\":\"https:\\\/\\\/jornalboasnoticias.com.br\\\/home\\\/#organization\"},\"potentialAction\":[{\"@type\":\"SearchAction\",\"target\":{\"@type\":\"EntryPoint\",\"urlTemplate\":\"https:\\\/\\\/jornalboasnoticias.com.br\\\/home\\\/?s={search_term_string}\"},\"query-input\":{\"@type\":\"PropertyValueSpecification\",\"valueRequired\":true,\"valueName\":\"search_term_string\"}}],\"inLanguage\":\"pt-BR\"},{\"@type\":\"Organization\",\"@id\":\"https:\\\/\\\/jornalboasnoticias.com.br\\\/home\\\/#organization\",\"name\":\"Coq Editora Ltda\",\"alternateName\":\"Jornal Boas Noticias\",\"url\":\"https:\\\/\\\/jornalboasnoticias.com.br\\\/home\\\/\",\"logo\":{\"@type\":\"ImageObject\",\"inLanguage\":\"pt-BR\",\"@id\":\"https:\\\/\\\/jornalboasnoticias.com.br\\\/home\\\/#\\\/schema\\\/logo\\\/image\\\/\",\"url\":\"https:\\\/\\\/jornalboasnoticias.com.br\\\/home\\\/wp-content\\\/uploads\\\/2024\\\/07\\\/cropped-logo.jpg\",\"contentUrl\":\"https:\\\/\\\/jornalboasnoticias.com.br\\\/home\\\/wp-content\\\/uploads\\\/2024\\\/07\\\/cropped-logo.jpg\",\"width\":290,\"height\":142,\"caption\":\"Coq Editora Ltda\"},\"image\":{\"@id\":\"https:\\\/\\\/jornalboasnoticias.com.br\\\/home\\\/#\\\/schema\\\/logo\\\/image\\\/\"},\"sameAs\":[\"https:\\\/\\\/www.facebook.com\\\/boasnoticiasjornal\"]},{\"@type\":\"Person\",\"@id\":\"https:\\\/\\\/jornalboasnoticias.com.br\\\/home\\\/#\\\/schema\\\/person\\\/d641193e0afc6405b390164dac847971\",\"name\":\"Ana Luiza Bonatto\",\"image\":{\"@type\":\"ImageObject\",\"inLanguage\":\"pt-BR\",\"@id\":\"https:\\\/\\\/secure.gravatar.com\\\/avatar\\\/8a055ebe6373371f67ac6fcf313c0ac0b0a91157fdcdb9514fa62927373348f0?s=96&d=mm&r=g\",\"url\":\"https:\\\/\\\/secure.gravatar.com\\\/avatar\\\/8a055ebe6373371f67ac6fcf313c0ac0b0a91157fdcdb9514fa62927373348f0?s=96&d=mm&r=g\",\"contentUrl\":\"https:\\\/\\\/secure.gravatar.com\\\/avatar\\\/8a055ebe6373371f67ac6fcf313c0ac0b0a91157fdcdb9514fa62927373348f0?s=96&d=mm&r=g\",\"caption\":\"Ana Luiza Bonatto\"},\"url\":\"https:\\\/\\\/jornalboasnoticias.com.br\\\/home\\\/author\\\/ana-luiza\\\/\"}]}<\/script>\n<!-- \/ Yoast SEO plugin. -->","yoast_head_json":{"title":"Sa\u00fade alerta para cuidados com morcegos e preven\u00e7\u00e3o contra a raiva no ver\u00e3o - Jornal","description":"Sa\u00fade alerta para cuidados com morcegos e preven\u00e7\u00e3o contra a raiva no ver\u00e3o","robots":{"index":"index","follow":"follow","max-snippet":"max-snippet:-1","max-image-preview":"max-image-preview:large","max-video-preview":"max-video-preview:-1"},"canonical":"https:\/\/jornalboasnoticias.com.br\/home\/saude-alerta-para-cuidados-com-morcegos-e-prevencao-contra-a-raiva-no-verao\/","og_locale":"pt_BR","og_type":"article","og_title":"Sa\u00fade alerta para cuidados com morcegos e preven\u00e7\u00e3o contra a raiva no ver\u00e3o - Jornal","og_description":"Sa\u00fade alerta para cuidados com morcegos e preven\u00e7\u00e3o contra a raiva no ver\u00e3o","og_url":"https:\/\/jornalboasnoticias.com.br\/home\/saude-alerta-para-cuidados-com-morcegos-e-prevencao-contra-a-raiva-no-verao\/","og_site_name":"Jornal","article_publisher":"https:\/\/www.facebook.com\/boasnoticiasjornal","article_published_time":"2024-12-17T11:43:15+00:00","og_image":[{"width":1280,"height":854,"url":"https:\/\/jornalboasnoticias.com.br\/home\/wp-content\/uploads\/2024\/12\/39215752-dfab-4cb7-9f81-2fba26631c71.jpg","type":"image\/jpeg"}],"author":"Ana Luiza Bonatto","twitter_card":"summary_large_image","twitter_misc":{"Escrito por":"Ana Luiza Bonatto","Est. tempo de leitura":"3 minutos"},"schema":{"@context":"https:\/\/schema.org","@graph":[{"@type":"Article","@id":"https:\/\/jornalboasnoticias.com.br\/home\/saude-alerta-para-cuidados-com-morcegos-e-prevencao-contra-a-raiva-no-verao\/#article","isPartOf":{"@id":"https:\/\/jornalboasnoticias.com.br\/home\/saude-alerta-para-cuidados-com-morcegos-e-prevencao-contra-a-raiva-no-verao\/"},"author":{"name":"Ana Luiza Bonatto","@id":"https:\/\/jornalboasnoticias.com.br\/home\/#\/schema\/person\/d641193e0afc6405b390164dac847971"},"headline":"Sa\u00fade alerta para cuidados com morcegos e preven\u00e7\u00e3o contra a raiva no ver\u00e3o","datePublished":"2024-12-17T11:43:15+00:00","mainEntityOfPage":{"@id":"https:\/\/jornalboasnoticias.com.br\/home\/saude-alerta-para-cuidados-com-morcegos-e-prevencao-contra-a-raiva-no-verao\/"},"wordCount":518,"commentCount":0,"publisher":{"@id":"https:\/\/jornalboasnoticias.com.br\/home\/#organization"},"image":{"@id":"https:\/\/jornalboasnoticias.com.br\/home\/saude-alerta-para-cuidados-com-morcegos-e-prevencao-contra-a-raiva-no-verao\/#primaryimage"},"thumbnailUrl":"https:\/\/jornalboasnoticias.com.br\/home\/wp-content\/uploads\/2024\/12\/39215752-dfab-4cb7-9f81-2fba26631c71.jpg","articleSection":["DESTAQUE","PARAN\u00c1"],"inLanguage":"pt-BR","potentialAction":[{"@type":"CommentAction","name":"Comment","target":["https:\/\/jornalboasnoticias.com.br\/home\/saude-alerta-para-cuidados-com-morcegos-e-prevencao-contra-a-raiva-no-verao\/#respond"]}]},{"@type":"WebPage","@id":"https:\/\/jornalboasnoticias.com.br\/home\/saude-alerta-para-cuidados-com-morcegos-e-prevencao-contra-a-raiva-no-verao\/","url":"https:\/\/jornalboasnoticias.com.br\/home\/saude-alerta-para-cuidados-com-morcegos-e-prevencao-contra-a-raiva-no-verao\/","name":"Sa\u00fade alerta para cuidados com morcegos e preven\u00e7\u00e3o contra a raiva no ver\u00e3o - Jornal","isPartOf":{"@id":"https:\/\/jornalboasnoticias.com.br\/home\/#website"},"primaryImageOfPage":{"@id":"https:\/\/jornalboasnoticias.com.br\/home\/saude-alerta-para-cuidados-com-morcegos-e-prevencao-contra-a-raiva-no-verao\/#primaryimage"},"image":{"@id":"https:\/\/jornalboasnoticias.com.br\/home\/saude-alerta-para-cuidados-com-morcegos-e-prevencao-contra-a-raiva-no-verao\/#primaryimage"},"thumbnailUrl":"https:\/\/jornalboasnoticias.com.br\/home\/wp-content\/uploads\/2024\/12\/39215752-dfab-4cb7-9f81-2fba26631c71.jpg","datePublished":"2024-12-17T11:43:15+00:00","description":"Sa\u00fade alerta para cuidados com morcegos e preven\u00e7\u00e3o contra a raiva no ver\u00e3o","breadcrumb":{"@id":"https:\/\/jornalboasnoticias.com.br\/home\/saude-alerta-para-cuidados-com-morcegos-e-prevencao-contra-a-raiva-no-verao\/#breadcrumb"},"inLanguage":"pt-BR","potentialAction":[{"@type":"ReadAction","target":["https:\/\/jornalboasnoticias.com.br\/home\/saude-alerta-para-cuidados-com-morcegos-e-prevencao-contra-a-raiva-no-verao\/"]}]},{"@type":"ImageObject","inLanguage":"pt-BR","@id":"https:\/\/jornalboasnoticias.com.br\/home\/saude-alerta-para-cuidados-com-morcegos-e-prevencao-contra-a-raiva-no-verao\/#primaryimage","url":"https:\/\/jornalboasnoticias.com.br\/home\/wp-content\/uploads\/2024\/12\/39215752-dfab-4cb7-9f81-2fba26631c71.jpg","contentUrl":"https:\/\/jornalboasnoticias.com.br\/home\/wp-content\/uploads\/2024\/12\/39215752-dfab-4cb7-9f81-2fba26631c71.jpg","width":1280,"height":854,"caption":"Foto: Tatiane Dombroski\/ Sesa"},{"@type":"BreadcrumbList","@id":"https:\/\/jornalboasnoticias.com.br\/home\/saude-alerta-para-cuidados-com-morcegos-e-prevencao-contra-a-raiva-no-verao\/#breadcrumb","itemListElement":[{"@type":"ListItem","position":1,"name":"In\u00edcio","item":"https:\/\/jornalboasnoticias.com.br\/home\/"},{"@type":"ListItem","position":2,"name":"Sa\u00fade alerta para cuidados com morcegos e preven\u00e7\u00e3o contra a raiva no ver\u00e3o"}]},{"@type":"WebSite","@id":"https:\/\/jornalboasnoticias.com.br\/home\/#website","url":"https:\/\/jornalboasnoticias.com.br\/home\/","name":"Jornal Boas Not\u00edcias","description":"Boas not\u00edcias","publisher":{"@id":"https:\/\/jornalboasnoticias.com.br\/home\/#organization"},"potentialAction":[{"@type":"SearchAction","target":{"@type":"EntryPoint","urlTemplate":"https:\/\/jornalboasnoticias.com.br\/home\/?s={search_term_string}"},"query-input":{"@type":"PropertyValueSpecification","valueRequired":true,"valueName":"search_term_string"}}],"inLanguage":"pt-BR"},{"@type":"Organization","@id":"https:\/\/jornalboasnoticias.com.br\/home\/#organization","name":"Coq Editora Ltda","alternateName":"Jornal Boas Noticias","url":"https:\/\/jornalboasnoticias.com.br\/home\/","logo":{"@type":"ImageObject","inLanguage":"pt-BR","@id":"https:\/\/jornalboasnoticias.com.br\/home\/#\/schema\/logo\/image\/","url":"https:\/\/jornalboasnoticias.com.br\/home\/wp-content\/uploads\/2024\/07\/cropped-logo.jpg","contentUrl":"https:\/\/jornalboasnoticias.com.br\/home\/wp-content\/uploads\/2024\/07\/cropped-logo.jpg","width":290,"height":142,"caption":"Coq Editora Ltda"},"image":{"@id":"https:\/\/jornalboasnoticias.com.br\/home\/#\/schema\/logo\/image\/"},"sameAs":["https:\/\/www.facebook.com\/boasnoticiasjornal"]},{"@type":"Person","@id":"https:\/\/jornalboasnoticias.com.br\/home\/#\/schema\/person\/d641193e0afc6405b390164dac847971","name":"Ana Luiza Bonatto","image":{"@type":"ImageObject","inLanguage":"pt-BR","@id":"https:\/\/secure.gravatar.com\/avatar\/8a055ebe6373371f67ac6fcf313c0ac0b0a91157fdcdb9514fa62927373348f0?s=96&d=mm&r=g","url":"https:\/\/secure.gravatar.com\/avatar\/8a055ebe6373371f67ac6fcf313c0ac0b0a91157fdcdb9514fa62927373348f0?s=96&d=mm&r=g","contentUrl":"https:\/\/secure.gravatar.com\/avatar\/8a055ebe6373371f67ac6fcf313c0ac0b0a91157fdcdb9514fa62927373348f0?s=96&d=mm&r=g","caption":"Ana Luiza Bonatto"},"url":"https:\/\/jornalboasnoticias.com.br\/home\/author\/ana-luiza\/"}]}},"_links":{"self":[{"href":"https:\/\/jornalboasnoticias.com.br\/home\/wp-json\/wp\/v2\/posts\/46083","targetHints":{"allow":["GET"]}}],"collection":[{"href":"https:\/\/jornalboasnoticias.com.br\/home\/wp-json\/wp\/v2\/posts"}],"about":[{"href":"https:\/\/jornalboasnoticias.com.br\/home\/wp-json\/wp\/v2\/types\/post"}],"author":[{"embeddable":true,"href":"https:\/\/jornalboasnoticias.com.br\/home\/wp-json\/wp\/v2\/users\/4"}],"replies":[{"embeddable":true,"href":"https:\/\/jornalboasnoticias.com.br\/home\/wp-json\/wp\/v2\/comments?post=46083"}],"version-history":[{"count":1,"href":"https:\/\/jornalboasnoticias.com.br\/home\/wp-json\/wp\/v2\/posts\/46083\/revisions"}],"predecessor-version":[{"id":46085,"href":"https:\/\/jornalboasnoticias.com.br\/home\/wp-json\/wp\/v2\/posts\/46083\/revisions\/46085"}],"wp:featuredmedia":[{"embeddable":true,"href":"https:\/\/jornalboasnoticias.com.br\/home\/wp-json\/wp\/v2\/media\/46084"}],"wp:attachment":[{"href":"https:\/\/jornalboasnoticias.com.br\/home\/wp-json\/wp\/v2\/media?parent=46083"}],"wp:term":[{"taxonomy":"category","embeddable":true,"href":"https:\/\/jornalboasnoticias.com.br\/home\/wp-json\/wp\/v2\/categories?post=46083"},{"taxonomy":"post_tag","embeddable":true,"href":"https:\/\/jornalboasnoticias.com.br\/home\/wp-json\/wp\/v2\/tags?post=46083"}],"curies":[{"name":"wp","href":"https:\/\/api.w.org\/{rel}","templated":true}]}}