{"id":46064,"date":"2024-12-11T11:49:14","date_gmt":"2024-12-11T11:49:14","guid":{"rendered":"https:\/\/jornalboasnoticias.com.br\/home\/?p=46064"},"modified":"2024-12-11T11:49:14","modified_gmt":"2024-12-11T11:49:14","slug":"dia-d-contra-dengue-promove-acoes-de-conscientizacao-em-todo-o-brasil","status":"publish","type":"post","link":"https:\/\/jornalboasnoticias.com.br\/home\/dia-d-contra-dengue-promove-acoes-de-conscientizacao-em-todo-o-brasil\/","title":{"rendered":"Dia D contra dengue promove a\u00e7\u00f5es de conscientiza\u00e7\u00e3o em todo o Brasil"},"content":{"rendered":"<div class=\"header-noticia full-width\">\n<div>\n<figure id=\"attachment_46065\" aria-describedby=\"caption-attachment-46065\" style=\"width: 1170px\" class=\"wp-caption alignnone\"><img loading=\"lazy\" decoding=\"async\" class=\"size-full wp-image-46065\" src=\"https:\/\/jornalboasnoticias.com.br\/home\/wp-content\/uploads\/2024\/12\/combate_dengue_14.webp\" alt=\"\" width=\"1170\" height=\"700\" srcset=\"https:\/\/jornalboasnoticias.com.br\/home\/wp-content\/uploads\/2024\/12\/combate_dengue_14.webp 1170w, https:\/\/jornalboasnoticias.com.br\/home\/wp-content\/uploads\/2024\/12\/combate_dengue_14-300x179.webp 300w, https:\/\/jornalboasnoticias.com.br\/home\/wp-content\/uploads\/2024\/12\/combate_dengue_14-1024x613.webp 1024w, https:\/\/jornalboasnoticias.com.br\/home\/wp-content\/uploads\/2024\/12\/combate_dengue_14-768x459.webp 768w\" sizes=\"auto, (max-width: 1170px) 100vw, 1170px\" \/><figcaption id=\"caption-attachment-46065\" class=\"wp-caption-text\">\u00a9 Paulo Pinto\/Ag\u00eancia Brasil<\/figcaption><\/figure>\n<\/div>\n<\/div>\n<blockquote>\n<div class=\"header-noticia full-width\">\n<div class=\"linha-fina-noticia\">Secret\u00e1rio nacional diz que este \u00e9 o momento de prevenir<\/div>\n<\/div>\n<\/blockquote>\n<div>\n<p>O governo federal vai promover o Dia D de mobiliza\u00e7\u00e3o de a\u00e7\u00f5es de preven\u00e7\u00e3o contra a dengue\u00a0no pr\u00f3ximo s\u00e1bado (14).\u00a0Em 2024, foram contabilizados, at\u00e9 agora, mais de 6,7 milh\u00f5es de casos e 5.950 mortes por causa da doen\u00e7a. O sistema de sa\u00fade investiga se outros\u00a01.091 \u00f3bitos tiveram a doen\u00e7a como causa. Para se ter uma ideia, no ano passado, foram 1.179 mortes pelo v\u00edrus, um n\u00famero cinco vezes menor.\u00a0\u00a0\u00a0<img decoding=\"async\" src=\"https:\/\/agenciabrasil.ebc.com.br\/ebc.png?id=1623263&amp;o=node\" \/><img decoding=\"async\" src=\"https:\/\/agenciabrasil.ebc.com.br\/ebc.gif?id=1623263&amp;o=node\" \/><\/p>\n<p>A proposta \u00e9 realizar campanhas de\u00a0conscientiza\u00e7\u00e3o e engajamento da popula\u00e7\u00e3o em todo o pa\u00eds para prevenir os focos do\u00a0<em>aedes aegypti<\/em>, mosquito que transmite o v\u00edrus que causa a dengue.\u00a0De acordo com o secret\u00e1rio adjunto de Vigil\u00e2ncia em Sa\u00fade e Ambiente, Rivaldo Cunha, o momento, agora, \u00e9 de prevenir. \u201cComo estamos chegando no per\u00edodo em que as chuvas voltam a ocorrer com maior intensidade, este \u00e9 o momento ideal para que o mosquito tamb\u00e9m aumente a sua prolifera\u00e7\u00e3o\u201d, explicou o especialista.<\/p>\n<p>Ele diz que a s\u00e9rie de a\u00e7\u00f5es de conscientiza\u00e7\u00e3o conta com a parceria de estados e munic\u00edpios para divulgar a necessidade da popula\u00e7\u00e3o contribua com a\u00e7\u00f5es simples. Entre essas provid\u00eancias, est\u00e1 o de retirar de casa qualquer objeto que possa acumular \u00e1gua, ambiente que pode se transformar num foco de prolifera\u00e7\u00e3o do mosquito Aedes aegypti. \u201cN\u00f3s queremos chamar a aten\u00e7\u00e3o da popula\u00e7\u00e3o como um todo. Este \u00e9 o momento de prevenir uma potencial epidemia que poderia acontecer em janeiro ou fevereiro\u201d.<\/p>\n<h2>Mudan\u00e7as clim\u00e1ticas<\/h2>\n<p>O secret\u00e1rio, que \u00e9 m\u00e9dico e foi pesquisador da Fiocruz, alertou que as mudan\u00e7as clim\u00e1ticas precisam ser levadas em conta porque a eleva\u00e7\u00e3o da temperatura m\u00e9dia ambiental, as chuvas e secas intensas, mexeram\u00a0com a biologia do mosquito transmissor da dengue. \u201cIsso aumenta a nossa preocupa\u00e7\u00e3o. No ano de 2024, n\u00e3o houve uma \u00fanica semana em que registr\u00e1ssemos um menor n\u00famero de casos do que a mesma semana de 2023\u201d, exemplificou.<\/p>\n<p>Ele entende que h\u00e1 uma situa\u00e7\u00e3o peculiar ao Brasil e outros pa\u00edses da Am\u00e9rica do Sul em que h\u00e1 intermit\u00eancia no fornecimento da \u00e1gua para o uso dom\u00e9stico. Esse cen\u00e1rio faz com que as fam\u00edlias armazenem \u00e1gua para o dia a dia. \u201cN\u00f3s temos observado que o armazenamento improvisado da \u00e1gua naqueles dias em que ela est\u00e1 dispon\u00edvel nas torneiras t\u00eam se transformado posteriormente em potenciais focos\u201d.<\/p>\n<p>Outra quest\u00e3o de vulnerabilidade tem rela\u00e7\u00e3o com a coleta do res\u00edduos s\u00f3lidos deixados de forma irregular. \u201cQuaisquer objetos, independentemente do tamanho, que possam acumular \u00e1gua, poder\u00e3o se transformar num potencial foco de prolifera\u00e7\u00e3o do mosquito. Desde uma tampinha de garrafa\u201d.<\/p>\n<h2>Epidemia<\/h2>\n<p>No ano de 2024,\u00a0Distrito Federal, Minas Gerais e Paran\u00e1 foram as unidades federativas com as maiores incid\u00eancias da doen\u00e7a.\u00a0 Rivaldo Cunha observa, em rela\u00e7\u00e3o \u00e0 geografia da doen\u00e7a, que os especialistas t\u00eam observado um lento e cont\u00ednuo crescimento no n\u00famero de casos registrados nas regi\u00f5es Sudeste e Sul. \u201cIsso evidentemente nos preocupa. Ainda \u00e9 um crescimento n\u00e3o assustador. H\u00e1 condi\u00e7\u00f5es reais de que, a partir da nossa mobiliza\u00e7\u00e3o cidad\u00e3 (&#8230;) possamos evitar uma nova epidemia\u201d.<\/p>\n<p>Em 2024, os picos ocorreram de fevereiro a maio, quando o pa\u00eds contabilizou mais de um milh\u00e3o de casos por m\u00eas.\u00a0O pior per\u00edodo foi mar\u00e7o, com mais de 1,7 milh\u00e3o de registros da doen\u00e7a.\u00a0Neste ano, o maior n\u00famero de pessoas diagnosticadas com dengue foi na faixa et\u00e1ria dos 20 aos 29 anos de idade.<\/p>\n<p>(Ag\u00eancia Brasil)<\/p>\n<\/div>\n","protected":false},"excerpt":{"rendered":"<p>Secret\u00e1rio nacional diz que este \u00e9 o momento de prevenir O governo federal vai promover<\/p>\n","protected":false},"author":4,"featured_media":46065,"comment_status":"open","ping_status":"open","sticky":false,"template":"","format":"standard","meta":{"footnotes":""},"categories":[3,7],"tags":[],"class_list":["post-46064","post","type-post","status-publish","format-standard","has-post-thumbnail","hentry","category-destaques","category-saude"],"yoast_head":"<!-- This site is optimized with the Yoast SEO plugin v27.5 - https:\/\/yoast.com\/product\/yoast-seo-wordpress\/ -->\n<title>Dia D contra dengue promove a\u00e7\u00f5es de conscientiza\u00e7\u00e3o em todo o Brasil - Jornal<\/title>\n<meta name=\"description\" content=\"Dia D contra dengue promove a\u00e7\u00f5es de conscientiza\u00e7\u00e3o em todo o Brasil\" \/>\n<meta name=\"robots\" content=\"index, follow, max-snippet:-1, max-image-preview:large, max-video-preview:-1\" \/>\n<link rel=\"canonical\" href=\"https:\/\/jornalboasnoticias.com.br\/home\/dia-d-contra-dengue-promove-acoes-de-conscientizacao-em-todo-o-brasil\/\" \/>\n<meta property=\"og:locale\" content=\"pt_BR\" \/>\n<meta property=\"og:type\" content=\"article\" \/>\n<meta property=\"og:title\" content=\"Dia D contra dengue promove a\u00e7\u00f5es de conscientiza\u00e7\u00e3o em todo o Brasil - Jornal\" \/>\n<meta property=\"og:description\" content=\"Dia D contra dengue promove a\u00e7\u00f5es de conscientiza\u00e7\u00e3o em todo o Brasil\" \/>\n<meta property=\"og:url\" content=\"https:\/\/jornalboasnoticias.com.br\/home\/dia-d-contra-dengue-promove-acoes-de-conscientizacao-em-todo-o-brasil\/\" \/>\n<meta property=\"og:site_name\" content=\"Jornal\" \/>\n<meta property=\"article:publisher\" content=\"https:\/\/www.facebook.com\/boasnoticiasjornal\" \/>\n<meta property=\"article:published_time\" content=\"2024-12-11T11:49:14+00:00\" \/>\n<meta property=\"og:image\" content=\"https:\/\/jornalboasnoticias.com.br\/home\/wp-content\/uploads\/2024\/12\/combate_dengue_14.webp\" \/>\n\t<meta property=\"og:image:width\" content=\"1170\" \/>\n\t<meta property=\"og:image:height\" content=\"700\" \/>\n\t<meta property=\"og:image:type\" content=\"image\/webp\" \/>\n<meta name=\"author\" content=\"Ana Luiza Bonatto\" \/>\n<meta name=\"twitter:card\" content=\"summary_large_image\" \/>\n<meta name=\"twitter:label1\" content=\"Escrito por\" \/>\n\t<meta name=\"twitter:data1\" content=\"Ana Luiza Bonatto\" \/>\n\t<meta name=\"twitter:label2\" content=\"Est. tempo de leitura\" \/>\n\t<meta name=\"twitter:data2\" content=\"4 minutos\" \/>\n<script type=\"application\/ld+json\" class=\"yoast-schema-graph\">{\"@context\":\"https:\\\/\\\/schema.org\",\"@graph\":[{\"@type\":\"Article\",\"@id\":\"https:\\\/\\\/jornalboasnoticias.com.br\\\/home\\\/dia-d-contra-dengue-promove-acoes-de-conscientizacao-em-todo-o-brasil\\\/#article\",\"isPartOf\":{\"@id\":\"https:\\\/\\\/jornalboasnoticias.com.br\\\/home\\\/dia-d-contra-dengue-promove-acoes-de-conscientizacao-em-todo-o-brasil\\\/\"},\"author\":{\"name\":\"Ana Luiza Bonatto\",\"@id\":\"https:\\\/\\\/jornalboasnoticias.com.br\\\/home\\\/#\\\/schema\\\/person\\\/d641193e0afc6405b390164dac847971\"},\"headline\":\"Dia D contra dengue promove a\u00e7\u00f5es de conscientiza\u00e7\u00e3o em todo o Brasil\",\"datePublished\":\"2024-12-11T11:49:14+00:00\",\"mainEntityOfPage\":{\"@id\":\"https:\\\/\\\/jornalboasnoticias.com.br\\\/home\\\/dia-d-contra-dengue-promove-acoes-de-conscientizacao-em-todo-o-brasil\\\/\"},\"wordCount\":647,\"commentCount\":0,\"publisher\":{\"@id\":\"https:\\\/\\\/jornalboasnoticias.com.br\\\/home\\\/#organization\"},\"image\":{\"@id\":\"https:\\\/\\\/jornalboasnoticias.com.br\\\/home\\\/dia-d-contra-dengue-promove-acoes-de-conscientizacao-em-todo-o-brasil\\\/#primaryimage\"},\"thumbnailUrl\":\"https:\\\/\\\/jornalboasnoticias.com.br\\\/home\\\/wp-content\\\/uploads\\\/2024\\\/12\\\/combate_dengue_14.webp\",\"articleSection\":[\"DESTAQUE\",\"SA\u00daDE\"],\"inLanguage\":\"pt-BR\",\"potentialAction\":[{\"@type\":\"CommentAction\",\"name\":\"Comment\",\"target\":[\"https:\\\/\\\/jornalboasnoticias.com.br\\\/home\\\/dia-d-contra-dengue-promove-acoes-de-conscientizacao-em-todo-o-brasil\\\/#respond\"]}]},{\"@type\":\"WebPage\",\"@id\":\"https:\\\/\\\/jornalboasnoticias.com.br\\\/home\\\/dia-d-contra-dengue-promove-acoes-de-conscientizacao-em-todo-o-brasil\\\/\",\"url\":\"https:\\\/\\\/jornalboasnoticias.com.br\\\/home\\\/dia-d-contra-dengue-promove-acoes-de-conscientizacao-em-todo-o-brasil\\\/\",\"name\":\"Dia D contra dengue promove a\u00e7\u00f5es de conscientiza\u00e7\u00e3o em todo o Brasil - Jornal\",\"isPartOf\":{\"@id\":\"https:\\\/\\\/jornalboasnoticias.com.br\\\/home\\\/#website\"},\"primaryImageOfPage\":{\"@id\":\"https:\\\/\\\/jornalboasnoticias.com.br\\\/home\\\/dia-d-contra-dengue-promove-acoes-de-conscientizacao-em-todo-o-brasil\\\/#primaryimage\"},\"image\":{\"@id\":\"https:\\\/\\\/jornalboasnoticias.com.br\\\/home\\\/dia-d-contra-dengue-promove-acoes-de-conscientizacao-em-todo-o-brasil\\\/#primaryimage\"},\"thumbnailUrl\":\"https:\\\/\\\/jornalboasnoticias.com.br\\\/home\\\/wp-content\\\/uploads\\\/2024\\\/12\\\/combate_dengue_14.webp\",\"datePublished\":\"2024-12-11T11:49:14+00:00\",\"description\":\"Dia D contra dengue promove a\u00e7\u00f5es de conscientiza\u00e7\u00e3o em todo o Brasil\",\"breadcrumb\":{\"@id\":\"https:\\\/\\\/jornalboasnoticias.com.br\\\/home\\\/dia-d-contra-dengue-promove-acoes-de-conscientizacao-em-todo-o-brasil\\\/#breadcrumb\"},\"inLanguage\":\"pt-BR\",\"potentialAction\":[{\"@type\":\"ReadAction\",\"target\":[\"https:\\\/\\\/jornalboasnoticias.com.br\\\/home\\\/dia-d-contra-dengue-promove-acoes-de-conscientizacao-em-todo-o-brasil\\\/\"]}]},{\"@type\":\"ImageObject\",\"inLanguage\":\"pt-BR\",\"@id\":\"https:\\\/\\\/jornalboasnoticias.com.br\\\/home\\\/dia-d-contra-dengue-promove-acoes-de-conscientizacao-em-todo-o-brasil\\\/#primaryimage\",\"url\":\"https:\\\/\\\/jornalboasnoticias.com.br\\\/home\\\/wp-content\\\/uploads\\\/2024\\\/12\\\/combate_dengue_14.webp\",\"contentUrl\":\"https:\\\/\\\/jornalboasnoticias.com.br\\\/home\\\/wp-content\\\/uploads\\\/2024\\\/12\\\/combate_dengue_14.webp\",\"width\":1170,\"height\":700,\"caption\":\"\u00a9 Paulo Pinto\\\/Ag\u00eancia Brasil\"},{\"@type\":\"BreadcrumbList\",\"@id\":\"https:\\\/\\\/jornalboasnoticias.com.br\\\/home\\\/dia-d-contra-dengue-promove-acoes-de-conscientizacao-em-todo-o-brasil\\\/#breadcrumb\",\"itemListElement\":[{\"@type\":\"ListItem\",\"position\":1,\"name\":\"In\u00edcio\",\"item\":\"https:\\\/\\\/jornalboasnoticias.com.br\\\/home\\\/\"},{\"@type\":\"ListItem\",\"position\":2,\"name\":\"Dia D contra dengue promove a\u00e7\u00f5es de conscientiza\u00e7\u00e3o em todo o Brasil\"}]},{\"@type\":\"WebSite\",\"@id\":\"https:\\\/\\\/jornalboasnoticias.com.br\\\/home\\\/#website\",\"url\":\"https:\\\/\\\/jornalboasnoticias.com.br\\\/home\\\/\",\"name\":\"Jornal Boas Not\u00edcias\",\"description\":\"Boas not\u00edcias\",\"publisher\":{\"@id\":\"https:\\\/\\\/jornalboasnoticias.com.br\\\/home\\\/#organization\"},\"potentialAction\":[{\"@type\":\"SearchAction\",\"target\":{\"@type\":\"EntryPoint\",\"urlTemplate\":\"https:\\\/\\\/jornalboasnoticias.com.br\\\/home\\\/?s={search_term_string}\"},\"query-input\":{\"@type\":\"PropertyValueSpecification\",\"valueRequired\":true,\"valueName\":\"search_term_string\"}}],\"inLanguage\":\"pt-BR\"},{\"@type\":\"Organization\",\"@id\":\"https:\\\/\\\/jornalboasnoticias.com.br\\\/home\\\/#organization\",\"name\":\"Coq Editora Ltda\",\"alternateName\":\"Jornal Boas Noticias\",\"url\":\"https:\\\/\\\/jornalboasnoticias.com.br\\\/home\\\/\",\"logo\":{\"@type\":\"ImageObject\",\"inLanguage\":\"pt-BR\",\"@id\":\"https:\\\/\\\/jornalboasnoticias.com.br\\\/home\\\/#\\\/schema\\\/logo\\\/image\\\/\",\"url\":\"https:\\\/\\\/jornalboasnoticias.com.br\\\/home\\\/wp-content\\\/uploads\\\/2024\\\/07\\\/cropped-logo.jpg\",\"contentUrl\":\"https:\\\/\\\/jornalboasnoticias.com.br\\\/home\\\/wp-content\\\/uploads\\\/2024\\\/07\\\/cropped-logo.jpg\",\"width\":290,\"height\":142,\"caption\":\"Coq Editora Ltda\"},\"image\":{\"@id\":\"https:\\\/\\\/jornalboasnoticias.com.br\\\/home\\\/#\\\/schema\\\/logo\\\/image\\\/\"},\"sameAs\":[\"https:\\\/\\\/www.facebook.com\\\/boasnoticiasjornal\"]},{\"@type\":\"Person\",\"@id\":\"https:\\\/\\\/jornalboasnoticias.com.br\\\/home\\\/#\\\/schema\\\/person\\\/d641193e0afc6405b390164dac847971\",\"name\":\"Ana Luiza Bonatto\",\"image\":{\"@type\":\"ImageObject\",\"inLanguage\":\"pt-BR\",\"@id\":\"https:\\\/\\\/secure.gravatar.com\\\/avatar\\\/8a055ebe6373371f67ac6fcf313c0ac0b0a91157fdcdb9514fa62927373348f0?s=96&d=mm&r=g\",\"url\":\"https:\\\/\\\/secure.gravatar.com\\\/avatar\\\/8a055ebe6373371f67ac6fcf313c0ac0b0a91157fdcdb9514fa62927373348f0?s=96&d=mm&r=g\",\"contentUrl\":\"https:\\\/\\\/secure.gravatar.com\\\/avatar\\\/8a055ebe6373371f67ac6fcf313c0ac0b0a91157fdcdb9514fa62927373348f0?s=96&d=mm&r=g\",\"caption\":\"Ana Luiza Bonatto\"},\"url\":\"https:\\\/\\\/jornalboasnoticias.com.br\\\/home\\\/author\\\/ana-luiza\\\/\"}]}<\/script>\n<!-- \/ Yoast SEO plugin. -->","yoast_head_json":{"title":"Dia D contra dengue promove a\u00e7\u00f5es de conscientiza\u00e7\u00e3o em todo o Brasil - Jornal","description":"Dia D contra dengue promove a\u00e7\u00f5es de conscientiza\u00e7\u00e3o em todo o Brasil","robots":{"index":"index","follow":"follow","max-snippet":"max-snippet:-1","max-image-preview":"max-image-preview:large","max-video-preview":"max-video-preview:-1"},"canonical":"https:\/\/jornalboasnoticias.com.br\/home\/dia-d-contra-dengue-promove-acoes-de-conscientizacao-em-todo-o-brasil\/","og_locale":"pt_BR","og_type":"article","og_title":"Dia D contra dengue promove a\u00e7\u00f5es de conscientiza\u00e7\u00e3o em todo o Brasil - Jornal","og_description":"Dia D contra dengue promove a\u00e7\u00f5es de conscientiza\u00e7\u00e3o em todo o Brasil","og_url":"https:\/\/jornalboasnoticias.com.br\/home\/dia-d-contra-dengue-promove-acoes-de-conscientizacao-em-todo-o-brasil\/","og_site_name":"Jornal","article_publisher":"https:\/\/www.facebook.com\/boasnoticiasjornal","article_published_time":"2024-12-11T11:49:14+00:00","og_image":[{"width":1170,"height":700,"url":"https:\/\/jornalboasnoticias.com.br\/home\/wp-content\/uploads\/2024\/12\/combate_dengue_14.webp","type":"image\/webp"}],"author":"Ana Luiza Bonatto","twitter_card":"summary_large_image","twitter_misc":{"Escrito por":"Ana Luiza Bonatto","Est. tempo de leitura":"4 minutos"},"schema":{"@context":"https:\/\/schema.org","@graph":[{"@type":"Article","@id":"https:\/\/jornalboasnoticias.com.br\/home\/dia-d-contra-dengue-promove-acoes-de-conscientizacao-em-todo-o-brasil\/#article","isPartOf":{"@id":"https:\/\/jornalboasnoticias.com.br\/home\/dia-d-contra-dengue-promove-acoes-de-conscientizacao-em-todo-o-brasil\/"},"author":{"name":"Ana Luiza Bonatto","@id":"https:\/\/jornalboasnoticias.com.br\/home\/#\/schema\/person\/d641193e0afc6405b390164dac847971"},"headline":"Dia D contra dengue promove a\u00e7\u00f5es de conscientiza\u00e7\u00e3o em todo o Brasil","datePublished":"2024-12-11T11:49:14+00:00","mainEntityOfPage":{"@id":"https:\/\/jornalboasnoticias.com.br\/home\/dia-d-contra-dengue-promove-acoes-de-conscientizacao-em-todo-o-brasil\/"},"wordCount":647,"commentCount":0,"publisher":{"@id":"https:\/\/jornalboasnoticias.com.br\/home\/#organization"},"image":{"@id":"https:\/\/jornalboasnoticias.com.br\/home\/dia-d-contra-dengue-promove-acoes-de-conscientizacao-em-todo-o-brasil\/#primaryimage"},"thumbnailUrl":"https:\/\/jornalboasnoticias.com.br\/home\/wp-content\/uploads\/2024\/12\/combate_dengue_14.webp","articleSection":["DESTAQUE","SA\u00daDE"],"inLanguage":"pt-BR","potentialAction":[{"@type":"CommentAction","name":"Comment","target":["https:\/\/jornalboasnoticias.com.br\/home\/dia-d-contra-dengue-promove-acoes-de-conscientizacao-em-todo-o-brasil\/#respond"]}]},{"@type":"WebPage","@id":"https:\/\/jornalboasnoticias.com.br\/home\/dia-d-contra-dengue-promove-acoes-de-conscientizacao-em-todo-o-brasil\/","url":"https:\/\/jornalboasnoticias.com.br\/home\/dia-d-contra-dengue-promove-acoes-de-conscientizacao-em-todo-o-brasil\/","name":"Dia D contra dengue promove a\u00e7\u00f5es de conscientiza\u00e7\u00e3o em todo o Brasil - Jornal","isPartOf":{"@id":"https:\/\/jornalboasnoticias.com.br\/home\/#website"},"primaryImageOfPage":{"@id":"https:\/\/jornalboasnoticias.com.br\/home\/dia-d-contra-dengue-promove-acoes-de-conscientizacao-em-todo-o-brasil\/#primaryimage"},"image":{"@id":"https:\/\/jornalboasnoticias.com.br\/home\/dia-d-contra-dengue-promove-acoes-de-conscientizacao-em-todo-o-brasil\/#primaryimage"},"thumbnailUrl":"https:\/\/jornalboasnoticias.com.br\/home\/wp-content\/uploads\/2024\/12\/combate_dengue_14.webp","datePublished":"2024-12-11T11:49:14+00:00","description":"Dia D contra dengue promove a\u00e7\u00f5es de conscientiza\u00e7\u00e3o em todo o Brasil","breadcrumb":{"@id":"https:\/\/jornalboasnoticias.com.br\/home\/dia-d-contra-dengue-promove-acoes-de-conscientizacao-em-todo-o-brasil\/#breadcrumb"},"inLanguage":"pt-BR","potentialAction":[{"@type":"ReadAction","target":["https:\/\/jornalboasnoticias.com.br\/home\/dia-d-contra-dengue-promove-acoes-de-conscientizacao-em-todo-o-brasil\/"]}]},{"@type":"ImageObject","inLanguage":"pt-BR","@id":"https:\/\/jornalboasnoticias.com.br\/home\/dia-d-contra-dengue-promove-acoes-de-conscientizacao-em-todo-o-brasil\/#primaryimage","url":"https:\/\/jornalboasnoticias.com.br\/home\/wp-content\/uploads\/2024\/12\/combate_dengue_14.webp","contentUrl":"https:\/\/jornalboasnoticias.com.br\/home\/wp-content\/uploads\/2024\/12\/combate_dengue_14.webp","width":1170,"height":700,"caption":"\u00a9 Paulo Pinto\/Ag\u00eancia Brasil"},{"@type":"BreadcrumbList","@id":"https:\/\/jornalboasnoticias.com.br\/home\/dia-d-contra-dengue-promove-acoes-de-conscientizacao-em-todo-o-brasil\/#breadcrumb","itemListElement":[{"@type":"ListItem","position":1,"name":"In\u00edcio","item":"https:\/\/jornalboasnoticias.com.br\/home\/"},{"@type":"ListItem","position":2,"name":"Dia D contra dengue promove a\u00e7\u00f5es de conscientiza\u00e7\u00e3o em todo o Brasil"}]},{"@type":"WebSite","@id":"https:\/\/jornalboasnoticias.com.br\/home\/#website","url":"https:\/\/jornalboasnoticias.com.br\/home\/","name":"Jornal Boas Not\u00edcias","description":"Boas not\u00edcias","publisher":{"@id":"https:\/\/jornalboasnoticias.com.br\/home\/#organization"},"potentialAction":[{"@type":"SearchAction","target":{"@type":"EntryPoint","urlTemplate":"https:\/\/jornalboasnoticias.com.br\/home\/?s={search_term_string}"},"query-input":{"@type":"PropertyValueSpecification","valueRequired":true,"valueName":"search_term_string"}}],"inLanguage":"pt-BR"},{"@type":"Organization","@id":"https:\/\/jornalboasnoticias.com.br\/home\/#organization","name":"Coq Editora Ltda","alternateName":"Jornal Boas Noticias","url":"https:\/\/jornalboasnoticias.com.br\/home\/","logo":{"@type":"ImageObject","inLanguage":"pt-BR","@id":"https:\/\/jornalboasnoticias.com.br\/home\/#\/schema\/logo\/image\/","url":"https:\/\/jornalboasnoticias.com.br\/home\/wp-content\/uploads\/2024\/07\/cropped-logo.jpg","contentUrl":"https:\/\/jornalboasnoticias.com.br\/home\/wp-content\/uploads\/2024\/07\/cropped-logo.jpg","width":290,"height":142,"caption":"Coq Editora Ltda"},"image":{"@id":"https:\/\/jornalboasnoticias.com.br\/home\/#\/schema\/logo\/image\/"},"sameAs":["https:\/\/www.facebook.com\/boasnoticiasjornal"]},{"@type":"Person","@id":"https:\/\/jornalboasnoticias.com.br\/home\/#\/schema\/person\/d641193e0afc6405b390164dac847971","name":"Ana Luiza Bonatto","image":{"@type":"ImageObject","inLanguage":"pt-BR","@id":"https:\/\/secure.gravatar.com\/avatar\/8a055ebe6373371f67ac6fcf313c0ac0b0a91157fdcdb9514fa62927373348f0?s=96&d=mm&r=g","url":"https:\/\/secure.gravatar.com\/avatar\/8a055ebe6373371f67ac6fcf313c0ac0b0a91157fdcdb9514fa62927373348f0?s=96&d=mm&r=g","contentUrl":"https:\/\/secure.gravatar.com\/avatar\/8a055ebe6373371f67ac6fcf313c0ac0b0a91157fdcdb9514fa62927373348f0?s=96&d=mm&r=g","caption":"Ana Luiza Bonatto"},"url":"https:\/\/jornalboasnoticias.com.br\/home\/author\/ana-luiza\/"}]}},"_links":{"self":[{"href":"https:\/\/jornalboasnoticias.com.br\/home\/wp-json\/wp\/v2\/posts\/46064","targetHints":{"allow":["GET"]}}],"collection":[{"href":"https:\/\/jornalboasnoticias.com.br\/home\/wp-json\/wp\/v2\/posts"}],"about":[{"href":"https:\/\/jornalboasnoticias.com.br\/home\/wp-json\/wp\/v2\/types\/post"}],"author":[{"embeddable":true,"href":"https:\/\/jornalboasnoticias.com.br\/home\/wp-json\/wp\/v2\/users\/4"}],"replies":[{"embeddable":true,"href":"https:\/\/jornalboasnoticias.com.br\/home\/wp-json\/wp\/v2\/comments?post=46064"}],"version-history":[{"count":1,"href":"https:\/\/jornalboasnoticias.com.br\/home\/wp-json\/wp\/v2\/posts\/46064\/revisions"}],"predecessor-version":[{"id":46066,"href":"https:\/\/jornalboasnoticias.com.br\/home\/wp-json\/wp\/v2\/posts\/46064\/revisions\/46066"}],"wp:featuredmedia":[{"embeddable":true,"href":"https:\/\/jornalboasnoticias.com.br\/home\/wp-json\/wp\/v2\/media\/46065"}],"wp:attachment":[{"href":"https:\/\/jornalboasnoticias.com.br\/home\/wp-json\/wp\/v2\/media?parent=46064"}],"wp:term":[{"taxonomy":"category","embeddable":true,"href":"https:\/\/jornalboasnoticias.com.br\/home\/wp-json\/wp\/v2\/categories?post=46064"},{"taxonomy":"post_tag","embeddable":true,"href":"https:\/\/jornalboasnoticias.com.br\/home\/wp-json\/wp\/v2\/tags?post=46064"}],"curies":[{"name":"wp","href":"https:\/\/api.w.org\/{rel}","templated":true}]}}