{"id":46061,"date":"2024-12-11T11:47:45","date_gmt":"2024-12-11T11:47:45","guid":{"rendered":"https:\/\/jornalboasnoticias.com.br\/home\/?p=46061"},"modified":"2024-12-11T11:47:45","modified_gmt":"2024-12-11T11:47:45","slug":"stf-retoma-julgamento-sobre-conteudos-ilegais-na-internet","status":"publish","type":"post","link":"https:\/\/jornalboasnoticias.com.br\/home\/stf-retoma-julgamento-sobre-conteudos-ilegais-na-internet\/","title":{"rendered":"STF retoma julgamento sobre conte\u00fados ilegais na internet"},"content":{"rendered":"<div class=\"header-noticia full-width\">\n<div>\n<figure id=\"attachment_46062\" aria-describedby=\"caption-attachment-46062\" style=\"width: 1170px\" class=\"wp-caption alignnone\"><img loading=\"lazy\" decoding=\"async\" class=\"size-full wp-image-46062\" src=\"https:\/\/jornalboasnoticias.com.br\/home\/wp-content\/uploads\/2024\/12\/mca_abr_numero_de_serie_de_4_digitos_090620_5.webp\" alt=\"\" width=\"1170\" height=\"700\" srcset=\"https:\/\/jornalboasnoticias.com.br\/home\/wp-content\/uploads\/2024\/12\/mca_abr_numero_de_serie_de_4_digitos_090620_5.webp 1170w, https:\/\/jornalboasnoticias.com.br\/home\/wp-content\/uploads\/2024\/12\/mca_abr_numero_de_serie_de_4_digitos_090620_5-300x179.webp 300w, https:\/\/jornalboasnoticias.com.br\/home\/wp-content\/uploads\/2024\/12\/mca_abr_numero_de_serie_de_4_digitos_090620_5-1024x613.webp 1024w, https:\/\/jornalboasnoticias.com.br\/home\/wp-content\/uploads\/2024\/12\/mca_abr_numero_de_serie_de_4_digitos_090620_5-768x459.webp 768w\" sizes=\"auto, (max-width: 1170px) 100vw, 1170px\" \/><figcaption id=\"caption-attachment-46062\" class=\"wp-caption-text\">\u00a9 Marcello Casal Jr\/Ag\u00eancia Brasil\/Arquivo<\/figcaption><\/figure>\n<\/div>\n<\/div>\n<blockquote>\n<div class=\"header-noticia full-width\">\n<div class=\"linha-fina-noticia\">Julgamento come\u00e7ou em 27 de novembro e j\u00e1 dura quatro sess\u00f5es<\/div>\n<\/div>\n<\/blockquote>\n<div>\n<p>O Supremo Tribunal Federal (STF) retoma nesta quarta-feira (11) o julgamento sobre a responsabiliza\u00e7\u00e3o das redes sociais pelos conte\u00fados ilegais postados pelos usu\u00e1rios.<img decoding=\"async\" src=\"https:\/\/agenciabrasil.ebc.com.br\/ebc.png?id=1623272&amp;o=node\" \/><img decoding=\"async\" src=\"https:\/\/agenciabrasil.ebc.com.br\/ebc.gif?id=1623272&amp;o=node\" \/><\/p>\n<p>O julgamento come\u00e7ou no dia 27 de novembro e j\u00e1 dura quatro sess\u00f5es consecutivas. At\u00e9 o momento, somente o ministro Dias Toffoli, relator de um dos processos, proferiu voto, que foi favor\u00e1vel \u00e0 responsabiliza\u00e7\u00e3o das plataformas.<\/p>\n<p>Na sess\u00e3o de hoje, o ministro Luiz Fux, relator de outro processo que tamb\u00e9m trata do tema, vai proferir seu voto. Em seguida, mais nove ministros v\u00e3o se manifestar.<\/p>\n<p>O Supremo julga a constitucionalidade do artigo 19 do Marco Civil da Internet (Lei 12.965\/2014), norma que estabeleceu os direitos e deveres para o uso da internet no Brasil.<\/p>\n<p>De acordo com o artigo 19, &#8220;com o intuito de assegurar a liberdade de express\u00e3o e impedir a censura&#8221;, as plataformas s\u00f3 podem ser responsabilizadas pelas postagens de seus usu\u00e1rios se, ap\u00f3s ordem judicial, n\u00e3o tomarem provid\u00eancias para retirar o conte\u00fado.<\/p>\n<h2>Responsabiliza\u00e7\u00e3o<\/h2>\n<p>O voto proferido pelo ministro Dias Toffoli considera inconstitucional o artigo 19, atual regra que rege a responsabiliza\u00e7\u00e3o civil das plataformas. Com o entendimento, as redes se tornam obrigadas a retirar o conte\u00fado ilegal de forma imediata, sem esperar por ordem judicial.<\/p>\n<p>Se mantiverem as postagens, podem ser responsabilizadas pela Justi\u00e7a por\u00a0danos causados pela manuten\u00e7\u00e3o das mensagens de\u00a0usu\u00e1rios. A possiblidade de puni\u00e7\u00e3o tamb\u00e9m vale para o impulsionamento de postagens ilegais e no caso de cria\u00e7\u00e3o de perfis falsos.<\/p>\n<p>O ministro definiu como ilegais postagens que envolvem crimes contra o Estado Democr\u00e1tico de Direito, terrorismo, suic\u00eddio, racismo, viol\u00eancia contra mulher, crian\u00e7as e adolescentes, infra\u00e7\u00e3o sanit\u00e1ria, tr\u00e1fico de pessoas, incita\u00e7\u00e3o de viol\u00eancia f\u00edsica e sexual, divulga\u00e7\u00e3o de fatos inver\u00eddicos e descontextualizados e divulga\u00e7\u00e3o de fatos notoriamente inver\u00eddicos que possam causar danos \u00e0s elei\u00e7\u00f5es.<\/p>\n<p>Nos primeiros dias do julgamento, representantes das redes sociais defenderam a manuten\u00e7\u00e3o da reponsabilidade somente ap\u00f3s o descumprimento de decis\u00e3o judicial, como ocorre atualmente. As redes sociais sustentaram que j\u00e1 fazem, de forma extrajudicial,\u00a0a retirada de conte\u00fados ilegais que o eventual monitoramento pr\u00e9vio configuraria censura.<\/p>\n<h2>Entenda<\/h2>\n<p>O plen\u00e1rio do STF julga dois processos que discutem a constitucionalidade do artigo 19 do Marco Civil da Internet.<\/p>\n<p>Na a\u00e7\u00e3o relatada pelo ministro Dias Toffoli, o tribunal julga a validade da regra que exige ordem judicial pr\u00e9via para responsabiliza\u00e7\u00e3o dos provedores por atos il\u00edcitos. O caso trata de um recurso do Facebook para derrubar decis\u00e3o judicial que condenou a plataforma por danos morais pela cria\u00e7\u00e3o de perfil falso de um usu\u00e1rio.<\/p>\n<p>No processo relatado pelo ministro Luiz Fux, o STF discute se uma empresa que hospeda um\u00a0<em>site\u00a0<\/em>na internet deve fiscalizar conte\u00fados ofensivos e retir\u00e1-los do ar sem interven\u00e7\u00e3o judicial. O recurso foi protocolado pelo Google.<\/p>\n<p>(Ag\u00eancia Brasil)<\/p>\n<\/div>\n","protected":false},"excerpt":{"rendered":"<p>Julgamento come\u00e7ou em 27 de novembro e j\u00e1 dura quatro sess\u00f5es O Supremo Tribunal Federal<\/p>\n","protected":false},"author":4,"featured_media":46062,"comment_status":"open","ping_status":"open","sticky":false,"template":"","format":"standard","meta":{"footnotes":""},"categories":[3,22],"tags":[],"class_list":["post-46061","post","type-post","status-publish","format-standard","has-post-thumbnail","hentry","category-destaques","category-justica"],"yoast_head":"<!-- This site is optimized with the Yoast SEO plugin v27.5 - https:\/\/yoast.com\/product\/yoast-seo-wordpress\/ -->\n<title>STF retoma julgamento sobre conte\u00fados ilegais na internet - Jornal<\/title>\n<meta name=\"description\" content=\"STF retoma julgamento sobre conte\u00fados ilegais na internet\" \/>\n<meta name=\"robots\" content=\"index, follow, max-snippet:-1, max-image-preview:large, max-video-preview:-1\" \/>\n<link rel=\"canonical\" href=\"https:\/\/jornalboasnoticias.com.br\/home\/stf-retoma-julgamento-sobre-conteudos-ilegais-na-internet\/\" \/>\n<meta property=\"og:locale\" content=\"pt_BR\" \/>\n<meta property=\"og:type\" content=\"article\" \/>\n<meta property=\"og:title\" content=\"STF retoma julgamento sobre conte\u00fados ilegais na internet - Jornal\" \/>\n<meta property=\"og:description\" content=\"STF retoma julgamento sobre conte\u00fados ilegais na internet\" \/>\n<meta property=\"og:url\" content=\"https:\/\/jornalboasnoticias.com.br\/home\/stf-retoma-julgamento-sobre-conteudos-ilegais-na-internet\/\" \/>\n<meta property=\"og:site_name\" content=\"Jornal\" \/>\n<meta property=\"article:publisher\" content=\"https:\/\/www.facebook.com\/boasnoticiasjornal\" \/>\n<meta property=\"article:published_time\" content=\"2024-12-11T11:47:45+00:00\" \/>\n<meta property=\"og:image\" content=\"https:\/\/jornalboasnoticias.com.br\/home\/wp-content\/uploads\/2024\/12\/mca_abr_numero_de_serie_de_4_digitos_090620_5.webp\" \/>\n\t<meta property=\"og:image:width\" content=\"1170\" \/>\n\t<meta property=\"og:image:height\" content=\"700\" \/>\n\t<meta property=\"og:image:type\" content=\"image\/webp\" \/>\n<meta name=\"author\" content=\"Ana Luiza Bonatto\" \/>\n<meta name=\"twitter:card\" content=\"summary_large_image\" \/>\n<meta name=\"twitter:label1\" content=\"Escrito por\" \/>\n\t<meta name=\"twitter:data1\" content=\"Ana Luiza Bonatto\" \/>\n\t<meta name=\"twitter:label2\" content=\"Est. tempo de leitura\" \/>\n\t<meta name=\"twitter:data2\" content=\"4 minutos\" \/>\n<script type=\"application\/ld+json\" class=\"yoast-schema-graph\">{\"@context\":\"https:\\\/\\\/schema.org\",\"@graph\":[{\"@type\":\"Article\",\"@id\":\"https:\\\/\\\/jornalboasnoticias.com.br\\\/home\\\/stf-retoma-julgamento-sobre-conteudos-ilegais-na-internet\\\/#article\",\"isPartOf\":{\"@id\":\"https:\\\/\\\/jornalboasnoticias.com.br\\\/home\\\/stf-retoma-julgamento-sobre-conteudos-ilegais-na-internet\\\/\"},\"author\":{\"name\":\"Ana Luiza Bonatto\",\"@id\":\"https:\\\/\\\/jornalboasnoticias.com.br\\\/home\\\/#\\\/schema\\\/person\\\/d641193e0afc6405b390164dac847971\"},\"headline\":\"STF retoma julgamento sobre conte\u00fados ilegais na internet\",\"datePublished\":\"2024-12-11T11:47:45+00:00\",\"mainEntityOfPage\":{\"@id\":\"https:\\\/\\\/jornalboasnoticias.com.br\\\/home\\\/stf-retoma-julgamento-sobre-conteudos-ilegais-na-internet\\\/\"},\"wordCount\":533,\"commentCount\":0,\"publisher\":{\"@id\":\"https:\\\/\\\/jornalboasnoticias.com.br\\\/home\\\/#organization\"},\"image\":{\"@id\":\"https:\\\/\\\/jornalboasnoticias.com.br\\\/home\\\/stf-retoma-julgamento-sobre-conteudos-ilegais-na-internet\\\/#primaryimage\"},\"thumbnailUrl\":\"https:\\\/\\\/jornalboasnoticias.com.br\\\/home\\\/wp-content\\\/uploads\\\/2024\\\/12\\\/mca_abr_numero_de_serie_de_4_digitos_090620_5.webp\",\"articleSection\":[\"DESTAQUE\",\"JUSTI\u00c7A\"],\"inLanguage\":\"pt-BR\",\"potentialAction\":[{\"@type\":\"CommentAction\",\"name\":\"Comment\",\"target\":[\"https:\\\/\\\/jornalboasnoticias.com.br\\\/home\\\/stf-retoma-julgamento-sobre-conteudos-ilegais-na-internet\\\/#respond\"]}]},{\"@type\":\"WebPage\",\"@id\":\"https:\\\/\\\/jornalboasnoticias.com.br\\\/home\\\/stf-retoma-julgamento-sobre-conteudos-ilegais-na-internet\\\/\",\"url\":\"https:\\\/\\\/jornalboasnoticias.com.br\\\/home\\\/stf-retoma-julgamento-sobre-conteudos-ilegais-na-internet\\\/\",\"name\":\"STF retoma julgamento sobre conte\u00fados ilegais na internet - Jornal\",\"isPartOf\":{\"@id\":\"https:\\\/\\\/jornalboasnoticias.com.br\\\/home\\\/#website\"},\"primaryImageOfPage\":{\"@id\":\"https:\\\/\\\/jornalboasnoticias.com.br\\\/home\\\/stf-retoma-julgamento-sobre-conteudos-ilegais-na-internet\\\/#primaryimage\"},\"image\":{\"@id\":\"https:\\\/\\\/jornalboasnoticias.com.br\\\/home\\\/stf-retoma-julgamento-sobre-conteudos-ilegais-na-internet\\\/#primaryimage\"},\"thumbnailUrl\":\"https:\\\/\\\/jornalboasnoticias.com.br\\\/home\\\/wp-content\\\/uploads\\\/2024\\\/12\\\/mca_abr_numero_de_serie_de_4_digitos_090620_5.webp\",\"datePublished\":\"2024-12-11T11:47:45+00:00\",\"description\":\"STF retoma julgamento sobre conte\u00fados ilegais na internet\",\"breadcrumb\":{\"@id\":\"https:\\\/\\\/jornalboasnoticias.com.br\\\/home\\\/stf-retoma-julgamento-sobre-conteudos-ilegais-na-internet\\\/#breadcrumb\"},\"inLanguage\":\"pt-BR\",\"potentialAction\":[{\"@type\":\"ReadAction\",\"target\":[\"https:\\\/\\\/jornalboasnoticias.com.br\\\/home\\\/stf-retoma-julgamento-sobre-conteudos-ilegais-na-internet\\\/\"]}]},{\"@type\":\"ImageObject\",\"inLanguage\":\"pt-BR\",\"@id\":\"https:\\\/\\\/jornalboasnoticias.com.br\\\/home\\\/stf-retoma-julgamento-sobre-conteudos-ilegais-na-internet\\\/#primaryimage\",\"url\":\"https:\\\/\\\/jornalboasnoticias.com.br\\\/home\\\/wp-content\\\/uploads\\\/2024\\\/12\\\/mca_abr_numero_de_serie_de_4_digitos_090620_5.webp\",\"contentUrl\":\"https:\\\/\\\/jornalboasnoticias.com.br\\\/home\\\/wp-content\\\/uploads\\\/2024\\\/12\\\/mca_abr_numero_de_serie_de_4_digitos_090620_5.webp\",\"width\":1170,\"height\":700,\"caption\":\"\u00a9 Marcello Casal Jr\\\/Ag\u00eancia Brasil\\\/Arquivo\"},{\"@type\":\"BreadcrumbList\",\"@id\":\"https:\\\/\\\/jornalboasnoticias.com.br\\\/home\\\/stf-retoma-julgamento-sobre-conteudos-ilegais-na-internet\\\/#breadcrumb\",\"itemListElement\":[{\"@type\":\"ListItem\",\"position\":1,\"name\":\"In\u00edcio\",\"item\":\"https:\\\/\\\/jornalboasnoticias.com.br\\\/home\\\/\"},{\"@type\":\"ListItem\",\"position\":2,\"name\":\"STF retoma julgamento sobre conte\u00fados ilegais na internet\"}]},{\"@type\":\"WebSite\",\"@id\":\"https:\\\/\\\/jornalboasnoticias.com.br\\\/home\\\/#website\",\"url\":\"https:\\\/\\\/jornalboasnoticias.com.br\\\/home\\\/\",\"name\":\"Jornal Boas Not\u00edcias\",\"description\":\"Boas not\u00edcias\",\"publisher\":{\"@id\":\"https:\\\/\\\/jornalboasnoticias.com.br\\\/home\\\/#organization\"},\"potentialAction\":[{\"@type\":\"SearchAction\",\"target\":{\"@type\":\"EntryPoint\",\"urlTemplate\":\"https:\\\/\\\/jornalboasnoticias.com.br\\\/home\\\/?s={search_term_string}\"},\"query-input\":{\"@type\":\"PropertyValueSpecification\",\"valueRequired\":true,\"valueName\":\"search_term_string\"}}],\"inLanguage\":\"pt-BR\"},{\"@type\":\"Organization\",\"@id\":\"https:\\\/\\\/jornalboasnoticias.com.br\\\/home\\\/#organization\",\"name\":\"Coq Editora Ltda\",\"alternateName\":\"Jornal Boas Noticias\",\"url\":\"https:\\\/\\\/jornalboasnoticias.com.br\\\/home\\\/\",\"logo\":{\"@type\":\"ImageObject\",\"inLanguage\":\"pt-BR\",\"@id\":\"https:\\\/\\\/jornalboasnoticias.com.br\\\/home\\\/#\\\/schema\\\/logo\\\/image\\\/\",\"url\":\"https:\\\/\\\/jornalboasnoticias.com.br\\\/home\\\/wp-content\\\/uploads\\\/2024\\\/07\\\/cropped-logo.jpg\",\"contentUrl\":\"https:\\\/\\\/jornalboasnoticias.com.br\\\/home\\\/wp-content\\\/uploads\\\/2024\\\/07\\\/cropped-logo.jpg\",\"width\":290,\"height\":142,\"caption\":\"Coq Editora Ltda\"},\"image\":{\"@id\":\"https:\\\/\\\/jornalboasnoticias.com.br\\\/home\\\/#\\\/schema\\\/logo\\\/image\\\/\"},\"sameAs\":[\"https:\\\/\\\/www.facebook.com\\\/boasnoticiasjornal\"]},{\"@type\":\"Person\",\"@id\":\"https:\\\/\\\/jornalboasnoticias.com.br\\\/home\\\/#\\\/schema\\\/person\\\/d641193e0afc6405b390164dac847971\",\"name\":\"Ana Luiza Bonatto\",\"image\":{\"@type\":\"ImageObject\",\"inLanguage\":\"pt-BR\",\"@id\":\"https:\\\/\\\/secure.gravatar.com\\\/avatar\\\/8a055ebe6373371f67ac6fcf313c0ac0b0a91157fdcdb9514fa62927373348f0?s=96&d=mm&r=g\",\"url\":\"https:\\\/\\\/secure.gravatar.com\\\/avatar\\\/8a055ebe6373371f67ac6fcf313c0ac0b0a91157fdcdb9514fa62927373348f0?s=96&d=mm&r=g\",\"contentUrl\":\"https:\\\/\\\/secure.gravatar.com\\\/avatar\\\/8a055ebe6373371f67ac6fcf313c0ac0b0a91157fdcdb9514fa62927373348f0?s=96&d=mm&r=g\",\"caption\":\"Ana Luiza Bonatto\"},\"url\":\"https:\\\/\\\/jornalboasnoticias.com.br\\\/home\\\/author\\\/ana-luiza\\\/\"}]}<\/script>\n<!-- \/ Yoast SEO plugin. -->","yoast_head_json":{"title":"STF retoma julgamento sobre conte\u00fados ilegais na internet - Jornal","description":"STF retoma julgamento sobre conte\u00fados ilegais na internet","robots":{"index":"index","follow":"follow","max-snippet":"max-snippet:-1","max-image-preview":"max-image-preview:large","max-video-preview":"max-video-preview:-1"},"canonical":"https:\/\/jornalboasnoticias.com.br\/home\/stf-retoma-julgamento-sobre-conteudos-ilegais-na-internet\/","og_locale":"pt_BR","og_type":"article","og_title":"STF retoma julgamento sobre conte\u00fados ilegais na internet - Jornal","og_description":"STF retoma julgamento sobre conte\u00fados ilegais na internet","og_url":"https:\/\/jornalboasnoticias.com.br\/home\/stf-retoma-julgamento-sobre-conteudos-ilegais-na-internet\/","og_site_name":"Jornal","article_publisher":"https:\/\/www.facebook.com\/boasnoticiasjornal","article_published_time":"2024-12-11T11:47:45+00:00","og_image":[{"width":1170,"height":700,"url":"https:\/\/jornalboasnoticias.com.br\/home\/wp-content\/uploads\/2024\/12\/mca_abr_numero_de_serie_de_4_digitos_090620_5.webp","type":"image\/webp"}],"author":"Ana Luiza Bonatto","twitter_card":"summary_large_image","twitter_misc":{"Escrito por":"Ana Luiza Bonatto","Est. tempo de leitura":"4 minutos"},"schema":{"@context":"https:\/\/schema.org","@graph":[{"@type":"Article","@id":"https:\/\/jornalboasnoticias.com.br\/home\/stf-retoma-julgamento-sobre-conteudos-ilegais-na-internet\/#article","isPartOf":{"@id":"https:\/\/jornalboasnoticias.com.br\/home\/stf-retoma-julgamento-sobre-conteudos-ilegais-na-internet\/"},"author":{"name":"Ana Luiza Bonatto","@id":"https:\/\/jornalboasnoticias.com.br\/home\/#\/schema\/person\/d641193e0afc6405b390164dac847971"},"headline":"STF retoma julgamento sobre conte\u00fados ilegais na internet","datePublished":"2024-12-11T11:47:45+00:00","mainEntityOfPage":{"@id":"https:\/\/jornalboasnoticias.com.br\/home\/stf-retoma-julgamento-sobre-conteudos-ilegais-na-internet\/"},"wordCount":533,"commentCount":0,"publisher":{"@id":"https:\/\/jornalboasnoticias.com.br\/home\/#organization"},"image":{"@id":"https:\/\/jornalboasnoticias.com.br\/home\/stf-retoma-julgamento-sobre-conteudos-ilegais-na-internet\/#primaryimage"},"thumbnailUrl":"https:\/\/jornalboasnoticias.com.br\/home\/wp-content\/uploads\/2024\/12\/mca_abr_numero_de_serie_de_4_digitos_090620_5.webp","articleSection":["DESTAQUE","JUSTI\u00c7A"],"inLanguage":"pt-BR","potentialAction":[{"@type":"CommentAction","name":"Comment","target":["https:\/\/jornalboasnoticias.com.br\/home\/stf-retoma-julgamento-sobre-conteudos-ilegais-na-internet\/#respond"]}]},{"@type":"WebPage","@id":"https:\/\/jornalboasnoticias.com.br\/home\/stf-retoma-julgamento-sobre-conteudos-ilegais-na-internet\/","url":"https:\/\/jornalboasnoticias.com.br\/home\/stf-retoma-julgamento-sobre-conteudos-ilegais-na-internet\/","name":"STF retoma julgamento sobre conte\u00fados ilegais na internet - Jornal","isPartOf":{"@id":"https:\/\/jornalboasnoticias.com.br\/home\/#website"},"primaryImageOfPage":{"@id":"https:\/\/jornalboasnoticias.com.br\/home\/stf-retoma-julgamento-sobre-conteudos-ilegais-na-internet\/#primaryimage"},"image":{"@id":"https:\/\/jornalboasnoticias.com.br\/home\/stf-retoma-julgamento-sobre-conteudos-ilegais-na-internet\/#primaryimage"},"thumbnailUrl":"https:\/\/jornalboasnoticias.com.br\/home\/wp-content\/uploads\/2024\/12\/mca_abr_numero_de_serie_de_4_digitos_090620_5.webp","datePublished":"2024-12-11T11:47:45+00:00","description":"STF retoma julgamento sobre conte\u00fados ilegais na internet","breadcrumb":{"@id":"https:\/\/jornalboasnoticias.com.br\/home\/stf-retoma-julgamento-sobre-conteudos-ilegais-na-internet\/#breadcrumb"},"inLanguage":"pt-BR","potentialAction":[{"@type":"ReadAction","target":["https:\/\/jornalboasnoticias.com.br\/home\/stf-retoma-julgamento-sobre-conteudos-ilegais-na-internet\/"]}]},{"@type":"ImageObject","inLanguage":"pt-BR","@id":"https:\/\/jornalboasnoticias.com.br\/home\/stf-retoma-julgamento-sobre-conteudos-ilegais-na-internet\/#primaryimage","url":"https:\/\/jornalboasnoticias.com.br\/home\/wp-content\/uploads\/2024\/12\/mca_abr_numero_de_serie_de_4_digitos_090620_5.webp","contentUrl":"https:\/\/jornalboasnoticias.com.br\/home\/wp-content\/uploads\/2024\/12\/mca_abr_numero_de_serie_de_4_digitos_090620_5.webp","width":1170,"height":700,"caption":"\u00a9 Marcello Casal Jr\/Ag\u00eancia Brasil\/Arquivo"},{"@type":"BreadcrumbList","@id":"https:\/\/jornalboasnoticias.com.br\/home\/stf-retoma-julgamento-sobre-conteudos-ilegais-na-internet\/#breadcrumb","itemListElement":[{"@type":"ListItem","position":1,"name":"In\u00edcio","item":"https:\/\/jornalboasnoticias.com.br\/home\/"},{"@type":"ListItem","position":2,"name":"STF retoma julgamento sobre conte\u00fados ilegais na internet"}]},{"@type":"WebSite","@id":"https:\/\/jornalboasnoticias.com.br\/home\/#website","url":"https:\/\/jornalboasnoticias.com.br\/home\/","name":"Jornal Boas Not\u00edcias","description":"Boas not\u00edcias","publisher":{"@id":"https:\/\/jornalboasnoticias.com.br\/home\/#organization"},"potentialAction":[{"@type":"SearchAction","target":{"@type":"EntryPoint","urlTemplate":"https:\/\/jornalboasnoticias.com.br\/home\/?s={search_term_string}"},"query-input":{"@type":"PropertyValueSpecification","valueRequired":true,"valueName":"search_term_string"}}],"inLanguage":"pt-BR"},{"@type":"Organization","@id":"https:\/\/jornalboasnoticias.com.br\/home\/#organization","name":"Coq Editora Ltda","alternateName":"Jornal Boas Noticias","url":"https:\/\/jornalboasnoticias.com.br\/home\/","logo":{"@type":"ImageObject","inLanguage":"pt-BR","@id":"https:\/\/jornalboasnoticias.com.br\/home\/#\/schema\/logo\/image\/","url":"https:\/\/jornalboasnoticias.com.br\/home\/wp-content\/uploads\/2024\/07\/cropped-logo.jpg","contentUrl":"https:\/\/jornalboasnoticias.com.br\/home\/wp-content\/uploads\/2024\/07\/cropped-logo.jpg","width":290,"height":142,"caption":"Coq Editora Ltda"},"image":{"@id":"https:\/\/jornalboasnoticias.com.br\/home\/#\/schema\/logo\/image\/"},"sameAs":["https:\/\/www.facebook.com\/boasnoticiasjornal"]},{"@type":"Person","@id":"https:\/\/jornalboasnoticias.com.br\/home\/#\/schema\/person\/d641193e0afc6405b390164dac847971","name":"Ana Luiza Bonatto","image":{"@type":"ImageObject","inLanguage":"pt-BR","@id":"https:\/\/secure.gravatar.com\/avatar\/8a055ebe6373371f67ac6fcf313c0ac0b0a91157fdcdb9514fa62927373348f0?s=96&d=mm&r=g","url":"https:\/\/secure.gravatar.com\/avatar\/8a055ebe6373371f67ac6fcf313c0ac0b0a91157fdcdb9514fa62927373348f0?s=96&d=mm&r=g","contentUrl":"https:\/\/secure.gravatar.com\/avatar\/8a055ebe6373371f67ac6fcf313c0ac0b0a91157fdcdb9514fa62927373348f0?s=96&d=mm&r=g","caption":"Ana Luiza Bonatto"},"url":"https:\/\/jornalboasnoticias.com.br\/home\/author\/ana-luiza\/"}]}},"_links":{"self":[{"href":"https:\/\/jornalboasnoticias.com.br\/home\/wp-json\/wp\/v2\/posts\/46061","targetHints":{"allow":["GET"]}}],"collection":[{"href":"https:\/\/jornalboasnoticias.com.br\/home\/wp-json\/wp\/v2\/posts"}],"about":[{"href":"https:\/\/jornalboasnoticias.com.br\/home\/wp-json\/wp\/v2\/types\/post"}],"author":[{"embeddable":true,"href":"https:\/\/jornalboasnoticias.com.br\/home\/wp-json\/wp\/v2\/users\/4"}],"replies":[{"embeddable":true,"href":"https:\/\/jornalboasnoticias.com.br\/home\/wp-json\/wp\/v2\/comments?post=46061"}],"version-history":[{"count":1,"href":"https:\/\/jornalboasnoticias.com.br\/home\/wp-json\/wp\/v2\/posts\/46061\/revisions"}],"predecessor-version":[{"id":46063,"href":"https:\/\/jornalboasnoticias.com.br\/home\/wp-json\/wp\/v2\/posts\/46061\/revisions\/46063"}],"wp:featuredmedia":[{"embeddable":true,"href":"https:\/\/jornalboasnoticias.com.br\/home\/wp-json\/wp\/v2\/media\/46062"}],"wp:attachment":[{"href":"https:\/\/jornalboasnoticias.com.br\/home\/wp-json\/wp\/v2\/media?parent=46061"}],"wp:term":[{"taxonomy":"category","embeddable":true,"href":"https:\/\/jornalboasnoticias.com.br\/home\/wp-json\/wp\/v2\/categories?post=46061"},{"taxonomy":"post_tag","embeddable":true,"href":"https:\/\/jornalboasnoticias.com.br\/home\/wp-json\/wp\/v2\/tags?post=46061"}],"curies":[{"name":"wp","href":"https:\/\/api.w.org\/{rel}","templated":true}]}}