{"id":46055,"date":"2024-12-11T11:44:36","date_gmt":"2024-12-11T11:44:36","guid":{"rendered":"https:\/\/jornalboasnoticias.com.br\/home\/?p=46055"},"modified":"2024-12-11T11:44:36","modified_gmt":"2024-12-11T11:44:36","slug":"encontro-em-natal-discute-modelo-de-educacao-que-nao-reprove-estudante","status":"publish","type":"post","link":"https:\/\/jornalboasnoticias.com.br\/home\/encontro-em-natal-discute-modelo-de-educacao-que-nao-reprove-estudante\/","title":{"rendered":"Encontro em Natal discute modelo de educa\u00e7\u00e3o que n\u00e3o reprove estudante"},"content":{"rendered":"<div class=\"header-noticia full-width\">\n<div>\n<figure id=\"attachment_46056\" aria-describedby=\"caption-attachment-46056\" style=\"width: 1170px\" class=\"wp-caption alignnone\"><img loading=\"lazy\" decoding=\"async\" class=\"size-full wp-image-46056\" src=\"https:\/\/jornalboasnoticias.com.br\/home\/wp-content\/uploads\/2024\/12\/rbr2048.webp\" alt=\"\" width=\"1170\" height=\"700\" srcset=\"https:\/\/jornalboasnoticias.com.br\/home\/wp-content\/uploads\/2024\/12\/rbr2048.webp 1170w, https:\/\/jornalboasnoticias.com.br\/home\/wp-content\/uploads\/2024\/12\/rbr2048-300x179.webp 300w, https:\/\/jornalboasnoticias.com.br\/home\/wp-content\/uploads\/2024\/12\/rbr2048-1024x613.webp 1024w, https:\/\/jornalboasnoticias.com.br\/home\/wp-content\/uploads\/2024\/12\/rbr2048-768x459.webp 768w\" sizes=\"auto, (max-width: 1170px) 100vw, 1170px\" \/><figcaption id=\"caption-attachment-46056\" class=\"wp-caption-text\">\u00a9 T\u00e2nia R\u00eago\/Ag\u00eancia Brasil<\/figcaption><\/figure>\n<\/div>\n<\/div>\n<blockquote>\n<div class=\"header-noticia full-width\">\n<div class=\"linha-fina-noticia\">Desafio foi lan\u00e7ado por representante do Unicef<\/div>\n<\/div>\n<\/blockquote>\n<div>\n<p>A representante do Fundo das Na\u00e7\u00f5es Unidas para a Inf\u00e2ncia (Unicef), Erondina Silva, apesentou nessa ter\u00e7a-feira (10) em Natal, durante o semin\u00e1rio Desafios e Experi\u00eancias da Educa\u00e7\u00e3o no Nordeste, a proposta\u00a0de um modelo de educa\u00e7\u00e3o que n\u00e3o reprove os estudantes.\u00a0<img decoding=\"async\" src=\"https:\/\/agenciabrasil.ebc.com.br\/ebc.png?id=1623277&amp;o=node\" \/><img decoding=\"async\" src=\"https:\/\/agenciabrasil.ebc.com.br\/ebc.gif?id=1623277&amp;o=node\" \/><\/p>\n<p>O evento foi promovido pela Secretaria de Educa\u00e7\u00e3o, do Esporte e do Lazer do Rio Grande do Norte, com o apoio do Instituto Cultiva e do Cons\u00f3rcio Nordeste. Compareceram autoridades do governo federal e dos nove estados da regi\u00e3o. O encontro\u00a0foi organizado com o prop\u00f3sito de divulgar a\u00e7\u00f5es regionais que t\u00eam melhorado \u00edndices educacionais e outros aspectos das comunidades escolares, como as rela\u00e7\u00f5es entre professores, alunos e familiares dos estudantes.<\/p>\n<p>Durante a apresenta\u00e7\u00e3o do programa Avexadas para Aprender, implementado pelo governo do Rio Grande do Norte, pela Uni\u00e3o dos Dirigentes Municipais de Educa\u00e7\u00e3o (Undime) e o Ita\u00fa Social, Erondina disse que considera a distor\u00e7\u00e3o idade-s\u00e9rie a mais grave quest\u00e3o educacional. O motivo, explicou, \u00e9 a liga\u00e7\u00e3o direta desse fator com o que se chama de fracasso escolar.<\/p>\n<p>O Avexadas para Aprender foi feito no contexto da estrat\u00e9gia Trajet\u00f3rias de Sucesso Escolar, do Unicef e, na interpreta\u00e7\u00e3o de Erondina, oferece uma forma de o estudante &#8220;contrariar destinos&#8221;. Segundo a representante do fundo\u00a0esses fatores criam um ciclo dif\u00edcil de se quebrar, em que o estudante se sente cada vez mais desmotivado para frequentar a escola.<\/p>\n<p>Por essa raz\u00e3o, ela\u00a0chama a aten\u00e7\u00e3o para a naturaliza\u00e7\u00e3o da reprova\u00e7\u00e3o de meninos e meninas do Norte e Nordeste, das periferias dos grandes centros urbanos, pretos, ind\u00edgenas e pobres, que seriam, na sua perspectiva, endossada pelas fam\u00edlias em geral. &#8220;Isso \u00e9 uma cultura, est\u00e1 no nosso imagin\u00e1rio, inclusive das fam\u00edlias. O pai, \u00e0s vezes, fala: Vai ser melhor para ele&#8221;, evidenciando que h\u00e1 mais de 4,3 milh\u00f5es de estudantes com distor\u00e7\u00e3o idade-s\u00e9rie.<\/p>\n<p>Os principais objetivos do programa s\u00e3o, de modo simples, atenuar o sentimento de des\u00e2nimo que muitos estudantes sentem ao ter um desempenho considerado ruim &#8211; alguns deles, inclusive, encarando reprova\u00e7\u00f5es de s\u00e9rie -, evitar que deixem a escola e enfrentar a distor\u00e7\u00e3o idade-s\u00e9rie (de dois anos ou mais de atraso escolar).<\/p>\n<p>Desde janeiro, o Avexadas para Aprender foi ganhando complexidade m\u00eas a m\u00eas. Em junho, por exemplo, as equipes j\u00e1 falavam de l\u00edngua portuguesa, alfabetiza\u00e7\u00e3o e multiletramento, termo que comporta diversidades e se distancia, portanto, de um sistema escolar excessivamente r\u00edgido. Nesse caso, uma palavra que abarca o mundo digital, que n\u00e3o fica mais fora da rotina dos alunos e, consequentemente, dos curr\u00edculos.<\/p>\n<h2>Escola rural<\/h2>\n<p>A Bahia \u00e9 um dos estados mais populosos do Brasil. Embora os ventos e as \u00e1guas do mar da primeira capital do pa\u00eds ainda carreguem mensagens, grande parte delas \u00e9 difundida pelos ve\u00edculos digitais. Criado em 2023, pela Secretaria de Educa\u00e7\u00e3o do estado e o Instituto An\u00edsio Teixeira (IAT), o projeto Ag\u00eancia de Not\u00edcias na Escola adicionou criatividade ao demonstrar como assimila um princ\u00edpio da Base Nacional Comum Curricular (BNCC).<\/p>\n<p>Por meio da produ\u00e7\u00e3o de not\u00edcias, os estudantes exercitam o pensamento cr\u00edtico, a cidadania e o trabalho colaborativo referenciados na BNCC. Cada escola selecionada recebe R$ 20 mil, em m\u00e9dia, para a compra de equipamentos como\u00a0<em>notebook<\/em>, c\u00e2meras e microfones.<\/p>\n<p>O IAT colabora com forma\u00e7\u00e3o e assessoria t\u00e9cnica e pedag\u00f3gica. A abordagem tem como base o &#8220;aprender fazendo&#8221; (learning by doing), de An\u00edsio Teixeira e outros pensadores.<\/p>\n<p>Em um ano de funcionamento, o projeto aumentou sua presen\u00e7a. O total de escolas participantes passou de 50 para 81, distribu\u00eddas em 74 munic\u00edpios. Atualmente, 162 professores e 855 estudantes est\u00e3o no programa, que proporcionou rela\u00e7\u00f5es mais horizontais, em lugar das hierarquizadas, reconhecimento dos estudantes pelo que produzem, aprimoramento de habilidades de leitura, escrita, pesquisa e argumenta\u00e7\u00e3o. Outros benef\u00edcios foram o\u00a0maior contato com seus territ\u00f3rios e o desenvolvimento da autonomia e da responsabilidade, al\u00e9m de a ag\u00eancia poder ser uma via de express\u00e3o para eles.<\/p>\n<p>Graduada em Letras e mestre em Linguagens, a educadora Charlene de Jesus diz que h\u00e1 cinco anos apenas \u00e9 que foi se descobrir como mulher negra. Ali come\u00e7ou a dividir, com suas turmas, o que foi aprendendo sobre letramento racial.<\/p>\n<p>Ela conta que os estudantes v\u00e3o cobrir um evento que ser\u00e1 realizado dentro de alguns dias, em Salvador, e que j\u00e1 est\u00e3o fazendo at\u00e9 reuni\u00f5es de pauta, como acontece no jornalismo profissional, em que rep\u00f3rteres e chefias definem o que ser\u00e1 apurado e publicado. Uma das alunas, de 17 anos e que vem desempenhando a fun\u00e7\u00e3o de rep\u00f3rter, se identificou com a carreira. &#8220;Ela diz: minha vontade \u00e9 continuar nessa \u00e1rea&#8221;, relata Charlene, que atua no Col\u00e9gio Estadual Professor Carlos Valadares, no munic\u00edpio de Santa B\u00e1rbara.<\/p>\n<p>&#8220;\u00c9 importante mostrar a eles que \u00e9 necess\u00e1rio fazer um trabalho de qualidade, entregar a essa comunidade, a esses jovens. S\u00e3o jovens falando com jovens. Eles t\u00eam uma linguagem pr\u00f3pria. Se eu falasse, talvez n\u00e3o tivesse o alcance que eles t\u00eam&#8221;, observa.<\/p>\n<p>&#8220;A gente tamb\u00e9m trata de\u00a0educa\u00e7\u00e3o midi\u00e1tica, a import\u00e2ncia de discutir\u00a0<em>fake news<\/em>\u00a0na escola, de trazer outros temas, como o Enem [Exame Nacional do Ensino M\u00e9dio], o mercado de trabalho, valorizar o curso t\u00e9cnico que tem na\u00a0escola&#8221;, acrescenta a\u00a0educadora.<\/p>\n<p>Os alunos do projeto j\u00e1 tiveram um momento emocionante na cobertura da agenda da ministra da Cultura, Margareth Menezes, na capital, durante os encontros de representantes do G20. Paralelamente, est\u00e3o ativos mais\u00a0dois ve\u00edculos: o Suplemento Liter\u00e1rio Escolar e o Sert\u00e3ocast, tocados por outros professores.<\/p>\n<p>&#8220;A gente tem que parar de diminuir o aluno. Essa educa\u00e7\u00e3o que n\u00e3o permite mais eu me colocar em patamar acima do aluno. Eu sou mediadora daquele conhecimento, porque tenho mais experi\u00eancia, mas ele fazem uma troca que \u00e9 imensa&#8221;, finaliza Charlene.<\/p>\n<p><em>(Ag\u00eancia Brasil)<\/em><\/p>\n<\/div>\n<blockquote>\n<div><\/div>\n<div class=\"subheader\">\n<div class=\"container-autoria\"><\/div>\n<\/div>\n<\/blockquote>\n","protected":false},"excerpt":{"rendered":"<p>Desafio foi lan\u00e7ado por representante do Unicef A representante do Fundo das Na\u00e7\u00f5es Unidas para<\/p>\n","protected":false},"author":4,"featured_media":46056,"comment_status":"open","ping_status":"open","sticky":false,"template":"","format":"standard","meta":{"footnotes":""},"categories":[3,8],"tags":[],"class_list":["post-46055","post","type-post","status-publish","format-standard","has-post-thumbnail","hentry","category-destaques","category-educacao"],"yoast_head":"<!-- This site is optimized with the Yoast SEO plugin v27.5 - https:\/\/yoast.com\/product\/yoast-seo-wordpress\/ -->\n<title>Encontro em Natal discute modelo de educa\u00e7\u00e3o que n\u00e3o reprove estudante - Jornal<\/title>\n<meta name=\"description\" content=\"Encontro em Natal discute modelo de educa\u00e7\u00e3o que n\u00e3o reprove estudante\" \/>\n<meta name=\"robots\" content=\"index, follow, max-snippet:-1, max-image-preview:large, max-video-preview:-1\" \/>\n<link rel=\"canonical\" href=\"https:\/\/jornalboasnoticias.com.br\/home\/encontro-em-natal-discute-modelo-de-educacao-que-nao-reprove-estudante\/\" \/>\n<meta property=\"og:locale\" content=\"pt_BR\" \/>\n<meta property=\"og:type\" content=\"article\" \/>\n<meta property=\"og:title\" content=\"Encontro em Natal discute modelo de educa\u00e7\u00e3o que n\u00e3o reprove estudante - Jornal\" \/>\n<meta property=\"og:description\" content=\"Encontro em Natal discute modelo de educa\u00e7\u00e3o que n\u00e3o reprove estudante\" \/>\n<meta property=\"og:url\" content=\"https:\/\/jornalboasnoticias.com.br\/home\/encontro-em-natal-discute-modelo-de-educacao-que-nao-reprove-estudante\/\" \/>\n<meta property=\"og:site_name\" content=\"Jornal\" \/>\n<meta property=\"article:publisher\" content=\"https:\/\/www.facebook.com\/boasnoticiasjornal\" \/>\n<meta property=\"article:published_time\" content=\"2024-12-11T11:44:36+00:00\" \/>\n<meta property=\"og:image\" content=\"https:\/\/jornalboasnoticias.com.br\/home\/wp-content\/uploads\/2024\/12\/rbr2048.webp\" \/>\n\t<meta property=\"og:image:width\" content=\"1170\" \/>\n\t<meta property=\"og:image:height\" content=\"700\" \/>\n\t<meta property=\"og:image:type\" content=\"image\/webp\" \/>\n<meta name=\"author\" content=\"Ana Luiza Bonatto\" \/>\n<meta name=\"twitter:card\" content=\"summary_large_image\" \/>\n<meta name=\"twitter:label1\" content=\"Escrito por\" \/>\n\t<meta name=\"twitter:data1\" content=\"Ana Luiza Bonatto\" \/>\n\t<meta name=\"twitter:label2\" content=\"Est. tempo de leitura\" \/>\n\t<meta name=\"twitter:data2\" content=\"6 minutos\" \/>\n<script type=\"application\/ld+json\" class=\"yoast-schema-graph\">{\"@context\":\"https:\\\/\\\/schema.org\",\"@graph\":[{\"@type\":\"Article\",\"@id\":\"https:\\\/\\\/jornalboasnoticias.com.br\\\/home\\\/encontro-em-natal-discute-modelo-de-educacao-que-nao-reprove-estudante\\\/#article\",\"isPartOf\":{\"@id\":\"https:\\\/\\\/jornalboasnoticias.com.br\\\/home\\\/encontro-em-natal-discute-modelo-de-educacao-que-nao-reprove-estudante\\\/\"},\"author\":{\"name\":\"Ana Luiza Bonatto\",\"@id\":\"https:\\\/\\\/jornalboasnoticias.com.br\\\/home\\\/#\\\/schema\\\/person\\\/d641193e0afc6405b390164dac847971\"},\"headline\":\"Encontro em Natal discute modelo de educa\u00e7\u00e3o que n\u00e3o reprove estudante\",\"datePublished\":\"2024-12-11T11:44:36+00:00\",\"mainEntityOfPage\":{\"@id\":\"https:\\\/\\\/jornalboasnoticias.com.br\\\/home\\\/encontro-em-natal-discute-modelo-de-educacao-que-nao-reprove-estudante\\\/\"},\"wordCount\":1059,\"commentCount\":0,\"publisher\":{\"@id\":\"https:\\\/\\\/jornalboasnoticias.com.br\\\/home\\\/#organization\"},\"image\":{\"@id\":\"https:\\\/\\\/jornalboasnoticias.com.br\\\/home\\\/encontro-em-natal-discute-modelo-de-educacao-que-nao-reprove-estudante\\\/#primaryimage\"},\"thumbnailUrl\":\"https:\\\/\\\/jornalboasnoticias.com.br\\\/home\\\/wp-content\\\/uploads\\\/2024\\\/12\\\/rbr2048.webp\",\"articleSection\":[\"DESTAQUE\",\"EDUCA\u00c7\u00c3O\"],\"inLanguage\":\"pt-BR\",\"potentialAction\":[{\"@type\":\"CommentAction\",\"name\":\"Comment\",\"target\":[\"https:\\\/\\\/jornalboasnoticias.com.br\\\/home\\\/encontro-em-natal-discute-modelo-de-educacao-que-nao-reprove-estudante\\\/#respond\"]}]},{\"@type\":\"WebPage\",\"@id\":\"https:\\\/\\\/jornalboasnoticias.com.br\\\/home\\\/encontro-em-natal-discute-modelo-de-educacao-que-nao-reprove-estudante\\\/\",\"url\":\"https:\\\/\\\/jornalboasnoticias.com.br\\\/home\\\/encontro-em-natal-discute-modelo-de-educacao-que-nao-reprove-estudante\\\/\",\"name\":\"Encontro em Natal discute modelo de educa\u00e7\u00e3o que n\u00e3o reprove estudante - Jornal\",\"isPartOf\":{\"@id\":\"https:\\\/\\\/jornalboasnoticias.com.br\\\/home\\\/#website\"},\"primaryImageOfPage\":{\"@id\":\"https:\\\/\\\/jornalboasnoticias.com.br\\\/home\\\/encontro-em-natal-discute-modelo-de-educacao-que-nao-reprove-estudante\\\/#primaryimage\"},\"image\":{\"@id\":\"https:\\\/\\\/jornalboasnoticias.com.br\\\/home\\\/encontro-em-natal-discute-modelo-de-educacao-que-nao-reprove-estudante\\\/#primaryimage\"},\"thumbnailUrl\":\"https:\\\/\\\/jornalboasnoticias.com.br\\\/home\\\/wp-content\\\/uploads\\\/2024\\\/12\\\/rbr2048.webp\",\"datePublished\":\"2024-12-11T11:44:36+00:00\",\"description\":\"Encontro em Natal discute modelo de educa\u00e7\u00e3o que n\u00e3o reprove estudante\",\"breadcrumb\":{\"@id\":\"https:\\\/\\\/jornalboasnoticias.com.br\\\/home\\\/encontro-em-natal-discute-modelo-de-educacao-que-nao-reprove-estudante\\\/#breadcrumb\"},\"inLanguage\":\"pt-BR\",\"potentialAction\":[{\"@type\":\"ReadAction\",\"target\":[\"https:\\\/\\\/jornalboasnoticias.com.br\\\/home\\\/encontro-em-natal-discute-modelo-de-educacao-que-nao-reprove-estudante\\\/\"]}]},{\"@type\":\"ImageObject\",\"inLanguage\":\"pt-BR\",\"@id\":\"https:\\\/\\\/jornalboasnoticias.com.br\\\/home\\\/encontro-em-natal-discute-modelo-de-educacao-que-nao-reprove-estudante\\\/#primaryimage\",\"url\":\"https:\\\/\\\/jornalboasnoticias.com.br\\\/home\\\/wp-content\\\/uploads\\\/2024\\\/12\\\/rbr2048.webp\",\"contentUrl\":\"https:\\\/\\\/jornalboasnoticias.com.br\\\/home\\\/wp-content\\\/uploads\\\/2024\\\/12\\\/rbr2048.webp\",\"width\":1170,\"height\":700,\"caption\":\"\u00a9 T\u00e2nia R\u00eago\\\/Ag\u00eancia Brasil\"},{\"@type\":\"BreadcrumbList\",\"@id\":\"https:\\\/\\\/jornalboasnoticias.com.br\\\/home\\\/encontro-em-natal-discute-modelo-de-educacao-que-nao-reprove-estudante\\\/#breadcrumb\",\"itemListElement\":[{\"@type\":\"ListItem\",\"position\":1,\"name\":\"In\u00edcio\",\"item\":\"https:\\\/\\\/jornalboasnoticias.com.br\\\/home\\\/\"},{\"@type\":\"ListItem\",\"position\":2,\"name\":\"Encontro em Natal discute modelo de educa\u00e7\u00e3o que n\u00e3o reprove estudante\"}]},{\"@type\":\"WebSite\",\"@id\":\"https:\\\/\\\/jornalboasnoticias.com.br\\\/home\\\/#website\",\"url\":\"https:\\\/\\\/jornalboasnoticias.com.br\\\/home\\\/\",\"name\":\"Jornal Boas Not\u00edcias\",\"description\":\"Boas not\u00edcias\",\"publisher\":{\"@id\":\"https:\\\/\\\/jornalboasnoticias.com.br\\\/home\\\/#organization\"},\"potentialAction\":[{\"@type\":\"SearchAction\",\"target\":{\"@type\":\"EntryPoint\",\"urlTemplate\":\"https:\\\/\\\/jornalboasnoticias.com.br\\\/home\\\/?s={search_term_string}\"},\"query-input\":{\"@type\":\"PropertyValueSpecification\",\"valueRequired\":true,\"valueName\":\"search_term_string\"}}],\"inLanguage\":\"pt-BR\"},{\"@type\":\"Organization\",\"@id\":\"https:\\\/\\\/jornalboasnoticias.com.br\\\/home\\\/#organization\",\"name\":\"Coq Editora Ltda\",\"alternateName\":\"Jornal Boas Noticias\",\"url\":\"https:\\\/\\\/jornalboasnoticias.com.br\\\/home\\\/\",\"logo\":{\"@type\":\"ImageObject\",\"inLanguage\":\"pt-BR\",\"@id\":\"https:\\\/\\\/jornalboasnoticias.com.br\\\/home\\\/#\\\/schema\\\/logo\\\/image\\\/\",\"url\":\"https:\\\/\\\/jornalboasnoticias.com.br\\\/home\\\/wp-content\\\/uploads\\\/2024\\\/07\\\/cropped-logo.jpg\",\"contentUrl\":\"https:\\\/\\\/jornalboasnoticias.com.br\\\/home\\\/wp-content\\\/uploads\\\/2024\\\/07\\\/cropped-logo.jpg\",\"width\":290,\"height\":142,\"caption\":\"Coq Editora Ltda\"},\"image\":{\"@id\":\"https:\\\/\\\/jornalboasnoticias.com.br\\\/home\\\/#\\\/schema\\\/logo\\\/image\\\/\"},\"sameAs\":[\"https:\\\/\\\/www.facebook.com\\\/boasnoticiasjornal\"]},{\"@type\":\"Person\",\"@id\":\"https:\\\/\\\/jornalboasnoticias.com.br\\\/home\\\/#\\\/schema\\\/person\\\/d641193e0afc6405b390164dac847971\",\"name\":\"Ana Luiza Bonatto\",\"image\":{\"@type\":\"ImageObject\",\"inLanguage\":\"pt-BR\",\"@id\":\"https:\\\/\\\/secure.gravatar.com\\\/avatar\\\/8a055ebe6373371f67ac6fcf313c0ac0b0a91157fdcdb9514fa62927373348f0?s=96&d=mm&r=g\",\"url\":\"https:\\\/\\\/secure.gravatar.com\\\/avatar\\\/8a055ebe6373371f67ac6fcf313c0ac0b0a91157fdcdb9514fa62927373348f0?s=96&d=mm&r=g\",\"contentUrl\":\"https:\\\/\\\/secure.gravatar.com\\\/avatar\\\/8a055ebe6373371f67ac6fcf313c0ac0b0a91157fdcdb9514fa62927373348f0?s=96&d=mm&r=g\",\"caption\":\"Ana Luiza Bonatto\"},\"url\":\"https:\\\/\\\/jornalboasnoticias.com.br\\\/home\\\/author\\\/ana-luiza\\\/\"}]}<\/script>\n<!-- \/ Yoast SEO plugin. -->","yoast_head_json":{"title":"Encontro em Natal discute modelo de educa\u00e7\u00e3o que n\u00e3o reprove estudante - Jornal","description":"Encontro em Natal discute modelo de educa\u00e7\u00e3o que n\u00e3o reprove estudante","robots":{"index":"index","follow":"follow","max-snippet":"max-snippet:-1","max-image-preview":"max-image-preview:large","max-video-preview":"max-video-preview:-1"},"canonical":"https:\/\/jornalboasnoticias.com.br\/home\/encontro-em-natal-discute-modelo-de-educacao-que-nao-reprove-estudante\/","og_locale":"pt_BR","og_type":"article","og_title":"Encontro em Natal discute modelo de educa\u00e7\u00e3o que n\u00e3o reprove estudante - Jornal","og_description":"Encontro em Natal discute modelo de educa\u00e7\u00e3o que n\u00e3o reprove estudante","og_url":"https:\/\/jornalboasnoticias.com.br\/home\/encontro-em-natal-discute-modelo-de-educacao-que-nao-reprove-estudante\/","og_site_name":"Jornal","article_publisher":"https:\/\/www.facebook.com\/boasnoticiasjornal","article_published_time":"2024-12-11T11:44:36+00:00","og_image":[{"width":1170,"height":700,"url":"https:\/\/jornalboasnoticias.com.br\/home\/wp-content\/uploads\/2024\/12\/rbr2048.webp","type":"image\/webp"}],"author":"Ana Luiza Bonatto","twitter_card":"summary_large_image","twitter_misc":{"Escrito por":"Ana Luiza Bonatto","Est. tempo de leitura":"6 minutos"},"schema":{"@context":"https:\/\/schema.org","@graph":[{"@type":"Article","@id":"https:\/\/jornalboasnoticias.com.br\/home\/encontro-em-natal-discute-modelo-de-educacao-que-nao-reprove-estudante\/#article","isPartOf":{"@id":"https:\/\/jornalboasnoticias.com.br\/home\/encontro-em-natal-discute-modelo-de-educacao-que-nao-reprove-estudante\/"},"author":{"name":"Ana Luiza Bonatto","@id":"https:\/\/jornalboasnoticias.com.br\/home\/#\/schema\/person\/d641193e0afc6405b390164dac847971"},"headline":"Encontro em Natal discute modelo de educa\u00e7\u00e3o que n\u00e3o reprove estudante","datePublished":"2024-12-11T11:44:36+00:00","mainEntityOfPage":{"@id":"https:\/\/jornalboasnoticias.com.br\/home\/encontro-em-natal-discute-modelo-de-educacao-que-nao-reprove-estudante\/"},"wordCount":1059,"commentCount":0,"publisher":{"@id":"https:\/\/jornalboasnoticias.com.br\/home\/#organization"},"image":{"@id":"https:\/\/jornalboasnoticias.com.br\/home\/encontro-em-natal-discute-modelo-de-educacao-que-nao-reprove-estudante\/#primaryimage"},"thumbnailUrl":"https:\/\/jornalboasnoticias.com.br\/home\/wp-content\/uploads\/2024\/12\/rbr2048.webp","articleSection":["DESTAQUE","EDUCA\u00c7\u00c3O"],"inLanguage":"pt-BR","potentialAction":[{"@type":"CommentAction","name":"Comment","target":["https:\/\/jornalboasnoticias.com.br\/home\/encontro-em-natal-discute-modelo-de-educacao-que-nao-reprove-estudante\/#respond"]}]},{"@type":"WebPage","@id":"https:\/\/jornalboasnoticias.com.br\/home\/encontro-em-natal-discute-modelo-de-educacao-que-nao-reprove-estudante\/","url":"https:\/\/jornalboasnoticias.com.br\/home\/encontro-em-natal-discute-modelo-de-educacao-que-nao-reprove-estudante\/","name":"Encontro em Natal discute modelo de educa\u00e7\u00e3o que n\u00e3o reprove estudante - Jornal","isPartOf":{"@id":"https:\/\/jornalboasnoticias.com.br\/home\/#website"},"primaryImageOfPage":{"@id":"https:\/\/jornalboasnoticias.com.br\/home\/encontro-em-natal-discute-modelo-de-educacao-que-nao-reprove-estudante\/#primaryimage"},"image":{"@id":"https:\/\/jornalboasnoticias.com.br\/home\/encontro-em-natal-discute-modelo-de-educacao-que-nao-reprove-estudante\/#primaryimage"},"thumbnailUrl":"https:\/\/jornalboasnoticias.com.br\/home\/wp-content\/uploads\/2024\/12\/rbr2048.webp","datePublished":"2024-12-11T11:44:36+00:00","description":"Encontro em Natal discute modelo de educa\u00e7\u00e3o que n\u00e3o reprove estudante","breadcrumb":{"@id":"https:\/\/jornalboasnoticias.com.br\/home\/encontro-em-natal-discute-modelo-de-educacao-que-nao-reprove-estudante\/#breadcrumb"},"inLanguage":"pt-BR","potentialAction":[{"@type":"ReadAction","target":["https:\/\/jornalboasnoticias.com.br\/home\/encontro-em-natal-discute-modelo-de-educacao-que-nao-reprove-estudante\/"]}]},{"@type":"ImageObject","inLanguage":"pt-BR","@id":"https:\/\/jornalboasnoticias.com.br\/home\/encontro-em-natal-discute-modelo-de-educacao-que-nao-reprove-estudante\/#primaryimage","url":"https:\/\/jornalboasnoticias.com.br\/home\/wp-content\/uploads\/2024\/12\/rbr2048.webp","contentUrl":"https:\/\/jornalboasnoticias.com.br\/home\/wp-content\/uploads\/2024\/12\/rbr2048.webp","width":1170,"height":700,"caption":"\u00a9 T\u00e2nia R\u00eago\/Ag\u00eancia Brasil"},{"@type":"BreadcrumbList","@id":"https:\/\/jornalboasnoticias.com.br\/home\/encontro-em-natal-discute-modelo-de-educacao-que-nao-reprove-estudante\/#breadcrumb","itemListElement":[{"@type":"ListItem","position":1,"name":"In\u00edcio","item":"https:\/\/jornalboasnoticias.com.br\/home\/"},{"@type":"ListItem","position":2,"name":"Encontro em Natal discute modelo de educa\u00e7\u00e3o que n\u00e3o reprove estudante"}]},{"@type":"WebSite","@id":"https:\/\/jornalboasnoticias.com.br\/home\/#website","url":"https:\/\/jornalboasnoticias.com.br\/home\/","name":"Jornal Boas Not\u00edcias","description":"Boas not\u00edcias","publisher":{"@id":"https:\/\/jornalboasnoticias.com.br\/home\/#organization"},"potentialAction":[{"@type":"SearchAction","target":{"@type":"EntryPoint","urlTemplate":"https:\/\/jornalboasnoticias.com.br\/home\/?s={search_term_string}"},"query-input":{"@type":"PropertyValueSpecification","valueRequired":true,"valueName":"search_term_string"}}],"inLanguage":"pt-BR"},{"@type":"Organization","@id":"https:\/\/jornalboasnoticias.com.br\/home\/#organization","name":"Coq Editora Ltda","alternateName":"Jornal Boas Noticias","url":"https:\/\/jornalboasnoticias.com.br\/home\/","logo":{"@type":"ImageObject","inLanguage":"pt-BR","@id":"https:\/\/jornalboasnoticias.com.br\/home\/#\/schema\/logo\/image\/","url":"https:\/\/jornalboasnoticias.com.br\/home\/wp-content\/uploads\/2024\/07\/cropped-logo.jpg","contentUrl":"https:\/\/jornalboasnoticias.com.br\/home\/wp-content\/uploads\/2024\/07\/cropped-logo.jpg","width":290,"height":142,"caption":"Coq Editora Ltda"},"image":{"@id":"https:\/\/jornalboasnoticias.com.br\/home\/#\/schema\/logo\/image\/"},"sameAs":["https:\/\/www.facebook.com\/boasnoticiasjornal"]},{"@type":"Person","@id":"https:\/\/jornalboasnoticias.com.br\/home\/#\/schema\/person\/d641193e0afc6405b390164dac847971","name":"Ana Luiza Bonatto","image":{"@type":"ImageObject","inLanguage":"pt-BR","@id":"https:\/\/secure.gravatar.com\/avatar\/8a055ebe6373371f67ac6fcf313c0ac0b0a91157fdcdb9514fa62927373348f0?s=96&d=mm&r=g","url":"https:\/\/secure.gravatar.com\/avatar\/8a055ebe6373371f67ac6fcf313c0ac0b0a91157fdcdb9514fa62927373348f0?s=96&d=mm&r=g","contentUrl":"https:\/\/secure.gravatar.com\/avatar\/8a055ebe6373371f67ac6fcf313c0ac0b0a91157fdcdb9514fa62927373348f0?s=96&d=mm&r=g","caption":"Ana Luiza Bonatto"},"url":"https:\/\/jornalboasnoticias.com.br\/home\/author\/ana-luiza\/"}]}},"_links":{"self":[{"href":"https:\/\/jornalboasnoticias.com.br\/home\/wp-json\/wp\/v2\/posts\/46055","targetHints":{"allow":["GET"]}}],"collection":[{"href":"https:\/\/jornalboasnoticias.com.br\/home\/wp-json\/wp\/v2\/posts"}],"about":[{"href":"https:\/\/jornalboasnoticias.com.br\/home\/wp-json\/wp\/v2\/types\/post"}],"author":[{"embeddable":true,"href":"https:\/\/jornalboasnoticias.com.br\/home\/wp-json\/wp\/v2\/users\/4"}],"replies":[{"embeddable":true,"href":"https:\/\/jornalboasnoticias.com.br\/home\/wp-json\/wp\/v2\/comments?post=46055"}],"version-history":[{"count":1,"href":"https:\/\/jornalboasnoticias.com.br\/home\/wp-json\/wp\/v2\/posts\/46055\/revisions"}],"predecessor-version":[{"id":46057,"href":"https:\/\/jornalboasnoticias.com.br\/home\/wp-json\/wp\/v2\/posts\/46055\/revisions\/46057"}],"wp:featuredmedia":[{"embeddable":true,"href":"https:\/\/jornalboasnoticias.com.br\/home\/wp-json\/wp\/v2\/media\/46056"}],"wp:attachment":[{"href":"https:\/\/jornalboasnoticias.com.br\/home\/wp-json\/wp\/v2\/media?parent=46055"}],"wp:term":[{"taxonomy":"category","embeddable":true,"href":"https:\/\/jornalboasnoticias.com.br\/home\/wp-json\/wp\/v2\/categories?post=46055"},{"taxonomy":"post_tag","embeddable":true,"href":"https:\/\/jornalboasnoticias.com.br\/home\/wp-json\/wp\/v2\/tags?post=46055"}],"curies":[{"name":"wp","href":"https:\/\/api.w.org\/{rel}","templated":true}]}}