{"id":46050,"date":"2024-12-10T18:36:22","date_gmt":"2024-12-10T18:36:22","guid":{"rendered":"https:\/\/jornalboasnoticias.com.br\/home\/?p=46050"},"modified":"2024-12-10T18:36:22","modified_gmt":"2024-12-10T18:36:22","slug":"uber-defende-no-stf-que-nao-ha-vinculo-de-emprego-com-motoristas","status":"publish","type":"post","link":"https:\/\/jornalboasnoticias.com.br\/home\/uber-defende-no-stf-que-nao-ha-vinculo-de-emprego-com-motoristas\/","title":{"rendered":"Uber defende no STF que n\u00e3o h\u00e1 v\u00ednculo de emprego com motoristas"},"content":{"rendered":"<div class=\"header-noticia full-width\">\n<div>\n<figure id=\"attachment_46051\" aria-describedby=\"caption-attachment-46051\" style=\"width: 1170px\" class=\"wp-caption alignnone\"><img loading=\"lazy\" decoding=\"async\" class=\"size-full wp-image-46051\" src=\"https:\/\/jornalboasnoticias.com.br\/home\/wp-content\/uploads\/2024\/12\/img_2539.webp\" alt=\"\" width=\"1170\" height=\"700\" srcset=\"https:\/\/jornalboasnoticias.com.br\/home\/wp-content\/uploads\/2024\/12\/img_2539.webp 1170w, https:\/\/jornalboasnoticias.com.br\/home\/wp-content\/uploads\/2024\/12\/img_2539-300x179.webp 300w, https:\/\/jornalboasnoticias.com.br\/home\/wp-content\/uploads\/2024\/12\/img_2539-1024x613.webp 1024w, https:\/\/jornalboasnoticias.com.br\/home\/wp-content\/uploads\/2024\/12\/img_2539-768x459.webp 768w\" sizes=\"auto, (max-width: 1170px) 100vw, 1170px\" \/><figcaption id=\"caption-attachment-46051\" class=\"wp-caption-text\">\u00a9 Rovena Rosa\/Ag\u00eancia Brasil<\/figcaption><\/figure>\n<\/div>\n<\/div>\n<blockquote>\n<div class=\"header-noticia full-width\">\n<div class=\"linha-fina-noticia\">Cerca de 10 mil a\u00e7\u00f5es tramitam no judici\u00e1rio e aguardam decis\u00e3o do STF<\/div>\n<\/div>\n<\/blockquote>\n<div>\n<p>A plataforma Uber defendeu nesta ter\u00e7a-feira (10) no Supremo Tribunal Federal (STF) que o modelo de trabalho dos motoristas do aplicativo \u00e9 incompat\u00edvel com o v\u00ednculo de emprego previsto pela Consolida\u00e7\u00e3o das Leis do Trabalho (CLT).<img decoding=\"async\" src=\"https:\/\/agenciabrasil.ebc.com.br\/ebc.png?id=1623145&amp;o=node\" \/><img decoding=\"async\" src=\"https:\/\/agenciabrasil.ebc.com.br\/ebc.gif?id=1623145&amp;o=node\" \/><\/p>\n<p>A empresa se manifestou durante o \u00faltimo dia da audi\u00eancia p\u00fablica convocada para debater a controv\u00e9rsia sobre o v\u00ednculo de emprego entre motoristas de aplicativos e as plataformas digitais.<\/p>\n<p>A diretora jur\u00eddica, Caroline Arioli, explicou que a Uber \u00e9 uma empresa de tecnologia que impacta a vida dos motoristas, que usam a plataforma para gerar renda.<\/p>\n<p>Segundo a representante da plataforma, 5 milh\u00f5es de brasileiros receberam cerca de R$ 140 bilh\u00f5es de renda ao longo de dez anos, per\u00edodo no qual a plataforma est\u00e1 no pa\u00eds.<\/p>\n<p>A advogada disse que o perfil dos motoristas da plataforma \u00e9 formado por pessoas empregadas que buscam renda extra, aposentados que voltaram ao mercado de trabalho, desempregados que ainda n\u00e3o conseguiram recoloca\u00e7\u00e3o e mulheres que buscam independ\u00eancia financeira.<\/p>\n<p>&#8220;O que une esses perfis t\u00e3o variados? A liberdade de escolher onde e quando se ativar na plataforma. Uma liberdade que \u00e9 incompat\u00edvel com as obriga\u00e7\u00f5es de um v\u00ednculo de emprego, como previsto hoje na CLT&#8221;, afirmou.<\/p>\n<p>Caroline tamb\u00e9m disse que a empresa j\u00e1 assumiu globalmente o compromisso de maior prote\u00e7\u00e3o social aos trabalhadores.<\/p>\n<p>&#8220;N\u00f3s acreditamos no aperfei\u00e7oamento da regulamenta\u00e7\u00e3o para garantir a prote\u00e7\u00e3o previdenci\u00e1ria e a prote\u00e7\u00e3o social aos motoristas e que viabilize a livre iniciativa e o valor social do trabalho&#8221;, completou.<\/p>\n<h2>Debate<\/h2>\n<p>O debate foi convocado pelo ministro Edson Fachin, relator do processo que trata da quest\u00e3o no Supremo.<\/p>\n<p>Com a audi\u00eancia, o ministro pretende colher informa\u00e7\u00f5es das plataformas e entidades que representam os trabalhadores para balizar seu voto sobre a chamada\u00a0<em>uberiza\u00e7\u00e3o<\/em>\u00a0das rela\u00e7\u00f5es de trabalho. Devido ao recesso de fim de ano no STF, o caso deve ser julgado pela Corte somente em 2025.<\/p>\n<p>Na sess\u00e3o de ontem (9), representantes dos sindicatos de motoristas por aplicativo afirmaram que as plataformas se isentam de qualquer responsabilidade trabalhista. Para os sindicatos, a rela\u00e7\u00e3o entre as plataformas e os motoristas \u00e9 de contrato de trabalho por tempo indeterminado.<\/p>\n<h2>V\u00ednculo<\/h2>\n<p>O principal processo que trata do assunto foi protocolado pela plataforma Uber. A empresa considera inconstitucionais as decis\u00f5es do Tribunal Superior do Trabalho (TST) que reconheceram a rela\u00e7\u00e3o de emprego da plataforma com um motorista do aplicativo.<\/p>\n<p>A decis\u00e3o da Corte ter\u00e1 a chamada repercuss\u00e3o geral, mecanismo que obriga todo o Judici\u00e1rio a seguir o entendimento do STF ap\u00f3s o julgamento de uma causa.<\/p>\n<p>Apesar de v\u00e1rias decis\u00f5es da Justi\u00e7a Trabalhista reconhecerem o v\u00ednculo empregat\u00edcio, o pr\u00f3prio Supremo possui decis\u00f5es contr\u00e1rias. Em dezembro do ano passado, a Primeira Turma da Corte entendeu que n\u00e3o h\u00e1 v\u00ednculo dos motoristas com as plataformas. O mesmo entendimento j\u00e1 foi tomado pelo plen\u00e1rio em decis\u00f5es v\u00e1lidas para casos concretos.<\/p>\n<p>Cerca de 10 mil a\u00e7\u00f5es tramitam em todo o pa\u00eds e aguardam a decis\u00e3o definitiva do Supremo.<\/p>\n<p>(Ag\u00eancia Brasil)<\/p>\n<\/div>\n","protected":false},"excerpt":{"rendered":"<p>Cerca de 10 mil a\u00e7\u00f5es tramitam no judici\u00e1rio e aguardam decis\u00e3o do STF A plataforma<\/p>\n","protected":false},"author":4,"featured_media":46051,"comment_status":"open","ping_status":"open","sticky":false,"template":"","format":"standard","meta":{"footnotes":""},"categories":[3,22],"tags":[],"class_list":["post-46050","post","type-post","status-publish","format-standard","has-post-thumbnail","hentry","category-destaques","category-justica"],"yoast_head":"<!-- This site is optimized with the Yoast SEO plugin v27.5 - https:\/\/yoast.com\/product\/yoast-seo-wordpress\/ -->\n<title>Uber defende no STF que n\u00e3o h\u00e1 v\u00ednculo de emprego com motoristas - Jornal<\/title>\n<meta name=\"description\" content=\"Uber defende no STF que n\u00e3o h\u00e1 v\u00ednculo de emprego com motoristas\" \/>\n<meta name=\"robots\" content=\"index, follow, max-snippet:-1, max-image-preview:large, max-video-preview:-1\" \/>\n<link rel=\"canonical\" href=\"https:\/\/jornalboasnoticias.com.br\/home\/uber-defende-no-stf-que-nao-ha-vinculo-de-emprego-com-motoristas\/\" \/>\n<meta property=\"og:locale\" content=\"pt_BR\" \/>\n<meta property=\"og:type\" content=\"article\" \/>\n<meta property=\"og:title\" content=\"Uber defende no STF que n\u00e3o h\u00e1 v\u00ednculo de emprego com motoristas - Jornal\" \/>\n<meta property=\"og:description\" content=\"Uber defende no STF que n\u00e3o h\u00e1 v\u00ednculo de emprego com motoristas\" \/>\n<meta property=\"og:url\" content=\"https:\/\/jornalboasnoticias.com.br\/home\/uber-defende-no-stf-que-nao-ha-vinculo-de-emprego-com-motoristas\/\" \/>\n<meta property=\"og:site_name\" content=\"Jornal\" \/>\n<meta property=\"article:publisher\" content=\"https:\/\/www.facebook.com\/boasnoticiasjornal\" \/>\n<meta property=\"article:published_time\" content=\"2024-12-10T18:36:22+00:00\" \/>\n<meta property=\"og:image\" content=\"https:\/\/jornalboasnoticias.com.br\/home\/wp-content\/uploads\/2024\/12\/img_2539.webp\" \/>\n\t<meta property=\"og:image:width\" content=\"1170\" \/>\n\t<meta property=\"og:image:height\" content=\"700\" \/>\n\t<meta property=\"og:image:type\" content=\"image\/webp\" \/>\n<meta name=\"author\" content=\"Ana Luiza Bonatto\" \/>\n<meta name=\"twitter:card\" content=\"summary_large_image\" \/>\n<meta name=\"twitter:label1\" content=\"Escrito por\" \/>\n\t<meta name=\"twitter:data1\" content=\"Ana Luiza Bonatto\" \/>\n\t<meta name=\"twitter:label2\" content=\"Est. tempo de leitura\" \/>\n\t<meta name=\"twitter:data2\" content=\"4 minutos\" \/>\n<script type=\"application\/ld+json\" class=\"yoast-schema-graph\">{\"@context\":\"https:\\\/\\\/schema.org\",\"@graph\":[{\"@type\":\"Article\",\"@id\":\"https:\\\/\\\/jornalboasnoticias.com.br\\\/home\\\/uber-defende-no-stf-que-nao-ha-vinculo-de-emprego-com-motoristas\\\/#article\",\"isPartOf\":{\"@id\":\"https:\\\/\\\/jornalboasnoticias.com.br\\\/home\\\/uber-defende-no-stf-que-nao-ha-vinculo-de-emprego-com-motoristas\\\/\"},\"author\":{\"name\":\"Ana Luiza Bonatto\",\"@id\":\"https:\\\/\\\/jornalboasnoticias.com.br\\\/home\\\/#\\\/schema\\\/person\\\/d641193e0afc6405b390164dac847971\"},\"headline\":\"Uber defende no STF que n\u00e3o h\u00e1 v\u00ednculo de emprego com motoristas\",\"datePublished\":\"2024-12-10T18:36:22+00:00\",\"mainEntityOfPage\":{\"@id\":\"https:\\\/\\\/jornalboasnoticias.com.br\\\/home\\\/uber-defende-no-stf-que-nao-ha-vinculo-de-emprego-com-motoristas\\\/\"},\"wordCount\":574,\"commentCount\":0,\"publisher\":{\"@id\":\"https:\\\/\\\/jornalboasnoticias.com.br\\\/home\\\/#organization\"},\"image\":{\"@id\":\"https:\\\/\\\/jornalboasnoticias.com.br\\\/home\\\/uber-defende-no-stf-que-nao-ha-vinculo-de-emprego-com-motoristas\\\/#primaryimage\"},\"thumbnailUrl\":\"https:\\\/\\\/jornalboasnoticias.com.br\\\/home\\\/wp-content\\\/uploads\\\/2024\\\/12\\\/img_2539.webp\",\"articleSection\":[\"DESTAQUE\",\"JUSTI\u00c7A\"],\"inLanguage\":\"pt-BR\",\"potentialAction\":[{\"@type\":\"CommentAction\",\"name\":\"Comment\",\"target\":[\"https:\\\/\\\/jornalboasnoticias.com.br\\\/home\\\/uber-defende-no-stf-que-nao-ha-vinculo-de-emprego-com-motoristas\\\/#respond\"]}]},{\"@type\":\"WebPage\",\"@id\":\"https:\\\/\\\/jornalboasnoticias.com.br\\\/home\\\/uber-defende-no-stf-que-nao-ha-vinculo-de-emprego-com-motoristas\\\/\",\"url\":\"https:\\\/\\\/jornalboasnoticias.com.br\\\/home\\\/uber-defende-no-stf-que-nao-ha-vinculo-de-emprego-com-motoristas\\\/\",\"name\":\"Uber defende no STF que n\u00e3o h\u00e1 v\u00ednculo de emprego com motoristas - Jornal\",\"isPartOf\":{\"@id\":\"https:\\\/\\\/jornalboasnoticias.com.br\\\/home\\\/#website\"},\"primaryImageOfPage\":{\"@id\":\"https:\\\/\\\/jornalboasnoticias.com.br\\\/home\\\/uber-defende-no-stf-que-nao-ha-vinculo-de-emprego-com-motoristas\\\/#primaryimage\"},\"image\":{\"@id\":\"https:\\\/\\\/jornalboasnoticias.com.br\\\/home\\\/uber-defende-no-stf-que-nao-ha-vinculo-de-emprego-com-motoristas\\\/#primaryimage\"},\"thumbnailUrl\":\"https:\\\/\\\/jornalboasnoticias.com.br\\\/home\\\/wp-content\\\/uploads\\\/2024\\\/12\\\/img_2539.webp\",\"datePublished\":\"2024-12-10T18:36:22+00:00\",\"description\":\"Uber defende no STF que n\u00e3o h\u00e1 v\u00ednculo de emprego com motoristas\",\"breadcrumb\":{\"@id\":\"https:\\\/\\\/jornalboasnoticias.com.br\\\/home\\\/uber-defende-no-stf-que-nao-ha-vinculo-de-emprego-com-motoristas\\\/#breadcrumb\"},\"inLanguage\":\"pt-BR\",\"potentialAction\":[{\"@type\":\"ReadAction\",\"target\":[\"https:\\\/\\\/jornalboasnoticias.com.br\\\/home\\\/uber-defende-no-stf-que-nao-ha-vinculo-de-emprego-com-motoristas\\\/\"]}]},{\"@type\":\"ImageObject\",\"inLanguage\":\"pt-BR\",\"@id\":\"https:\\\/\\\/jornalboasnoticias.com.br\\\/home\\\/uber-defende-no-stf-que-nao-ha-vinculo-de-emprego-com-motoristas\\\/#primaryimage\",\"url\":\"https:\\\/\\\/jornalboasnoticias.com.br\\\/home\\\/wp-content\\\/uploads\\\/2024\\\/12\\\/img_2539.webp\",\"contentUrl\":\"https:\\\/\\\/jornalboasnoticias.com.br\\\/home\\\/wp-content\\\/uploads\\\/2024\\\/12\\\/img_2539.webp\",\"width\":1170,\"height\":700,\"caption\":\"\u00a9 Rovena Rosa\\\/Ag\u00eancia Brasil\"},{\"@type\":\"BreadcrumbList\",\"@id\":\"https:\\\/\\\/jornalboasnoticias.com.br\\\/home\\\/uber-defende-no-stf-que-nao-ha-vinculo-de-emprego-com-motoristas\\\/#breadcrumb\",\"itemListElement\":[{\"@type\":\"ListItem\",\"position\":1,\"name\":\"In\u00edcio\",\"item\":\"https:\\\/\\\/jornalboasnoticias.com.br\\\/home\\\/\"},{\"@type\":\"ListItem\",\"position\":2,\"name\":\"Uber defende no STF que n\u00e3o h\u00e1 v\u00ednculo de emprego com motoristas\"}]},{\"@type\":\"WebSite\",\"@id\":\"https:\\\/\\\/jornalboasnoticias.com.br\\\/home\\\/#website\",\"url\":\"https:\\\/\\\/jornalboasnoticias.com.br\\\/home\\\/\",\"name\":\"Jornal Boas Not\u00edcias\",\"description\":\"Boas not\u00edcias\",\"publisher\":{\"@id\":\"https:\\\/\\\/jornalboasnoticias.com.br\\\/home\\\/#organization\"},\"potentialAction\":[{\"@type\":\"SearchAction\",\"target\":{\"@type\":\"EntryPoint\",\"urlTemplate\":\"https:\\\/\\\/jornalboasnoticias.com.br\\\/home\\\/?s={search_term_string}\"},\"query-input\":{\"@type\":\"PropertyValueSpecification\",\"valueRequired\":true,\"valueName\":\"search_term_string\"}}],\"inLanguage\":\"pt-BR\"},{\"@type\":\"Organization\",\"@id\":\"https:\\\/\\\/jornalboasnoticias.com.br\\\/home\\\/#organization\",\"name\":\"Coq Editora Ltda\",\"alternateName\":\"Jornal Boas Noticias\",\"url\":\"https:\\\/\\\/jornalboasnoticias.com.br\\\/home\\\/\",\"logo\":{\"@type\":\"ImageObject\",\"inLanguage\":\"pt-BR\",\"@id\":\"https:\\\/\\\/jornalboasnoticias.com.br\\\/home\\\/#\\\/schema\\\/logo\\\/image\\\/\",\"url\":\"https:\\\/\\\/jornalboasnoticias.com.br\\\/home\\\/wp-content\\\/uploads\\\/2024\\\/07\\\/cropped-logo.jpg\",\"contentUrl\":\"https:\\\/\\\/jornalboasnoticias.com.br\\\/home\\\/wp-content\\\/uploads\\\/2024\\\/07\\\/cropped-logo.jpg\",\"width\":290,\"height\":142,\"caption\":\"Coq Editora Ltda\"},\"image\":{\"@id\":\"https:\\\/\\\/jornalboasnoticias.com.br\\\/home\\\/#\\\/schema\\\/logo\\\/image\\\/\"},\"sameAs\":[\"https:\\\/\\\/www.facebook.com\\\/boasnoticiasjornal\"]},{\"@type\":\"Person\",\"@id\":\"https:\\\/\\\/jornalboasnoticias.com.br\\\/home\\\/#\\\/schema\\\/person\\\/d641193e0afc6405b390164dac847971\",\"name\":\"Ana Luiza Bonatto\",\"image\":{\"@type\":\"ImageObject\",\"inLanguage\":\"pt-BR\",\"@id\":\"https:\\\/\\\/secure.gravatar.com\\\/avatar\\\/8a055ebe6373371f67ac6fcf313c0ac0b0a91157fdcdb9514fa62927373348f0?s=96&d=mm&r=g\",\"url\":\"https:\\\/\\\/secure.gravatar.com\\\/avatar\\\/8a055ebe6373371f67ac6fcf313c0ac0b0a91157fdcdb9514fa62927373348f0?s=96&d=mm&r=g\",\"contentUrl\":\"https:\\\/\\\/secure.gravatar.com\\\/avatar\\\/8a055ebe6373371f67ac6fcf313c0ac0b0a91157fdcdb9514fa62927373348f0?s=96&d=mm&r=g\",\"caption\":\"Ana Luiza Bonatto\"},\"url\":\"https:\\\/\\\/jornalboasnoticias.com.br\\\/home\\\/author\\\/ana-luiza\\\/\"}]}<\/script>\n<!-- \/ Yoast SEO plugin. -->","yoast_head_json":{"title":"Uber defende no STF que n\u00e3o h\u00e1 v\u00ednculo de emprego com motoristas - Jornal","description":"Uber defende no STF que n\u00e3o h\u00e1 v\u00ednculo de emprego com motoristas","robots":{"index":"index","follow":"follow","max-snippet":"max-snippet:-1","max-image-preview":"max-image-preview:large","max-video-preview":"max-video-preview:-1"},"canonical":"https:\/\/jornalboasnoticias.com.br\/home\/uber-defende-no-stf-que-nao-ha-vinculo-de-emprego-com-motoristas\/","og_locale":"pt_BR","og_type":"article","og_title":"Uber defende no STF que n\u00e3o h\u00e1 v\u00ednculo de emprego com motoristas - Jornal","og_description":"Uber defende no STF que n\u00e3o h\u00e1 v\u00ednculo de emprego com motoristas","og_url":"https:\/\/jornalboasnoticias.com.br\/home\/uber-defende-no-stf-que-nao-ha-vinculo-de-emprego-com-motoristas\/","og_site_name":"Jornal","article_publisher":"https:\/\/www.facebook.com\/boasnoticiasjornal","article_published_time":"2024-12-10T18:36:22+00:00","og_image":[{"width":1170,"height":700,"url":"https:\/\/jornalboasnoticias.com.br\/home\/wp-content\/uploads\/2024\/12\/img_2539.webp","type":"image\/webp"}],"author":"Ana Luiza Bonatto","twitter_card":"summary_large_image","twitter_misc":{"Escrito por":"Ana Luiza Bonatto","Est. tempo de leitura":"4 minutos"},"schema":{"@context":"https:\/\/schema.org","@graph":[{"@type":"Article","@id":"https:\/\/jornalboasnoticias.com.br\/home\/uber-defende-no-stf-que-nao-ha-vinculo-de-emprego-com-motoristas\/#article","isPartOf":{"@id":"https:\/\/jornalboasnoticias.com.br\/home\/uber-defende-no-stf-que-nao-ha-vinculo-de-emprego-com-motoristas\/"},"author":{"name":"Ana Luiza Bonatto","@id":"https:\/\/jornalboasnoticias.com.br\/home\/#\/schema\/person\/d641193e0afc6405b390164dac847971"},"headline":"Uber defende no STF que n\u00e3o h\u00e1 v\u00ednculo de emprego com motoristas","datePublished":"2024-12-10T18:36:22+00:00","mainEntityOfPage":{"@id":"https:\/\/jornalboasnoticias.com.br\/home\/uber-defende-no-stf-que-nao-ha-vinculo-de-emprego-com-motoristas\/"},"wordCount":574,"commentCount":0,"publisher":{"@id":"https:\/\/jornalboasnoticias.com.br\/home\/#organization"},"image":{"@id":"https:\/\/jornalboasnoticias.com.br\/home\/uber-defende-no-stf-que-nao-ha-vinculo-de-emprego-com-motoristas\/#primaryimage"},"thumbnailUrl":"https:\/\/jornalboasnoticias.com.br\/home\/wp-content\/uploads\/2024\/12\/img_2539.webp","articleSection":["DESTAQUE","JUSTI\u00c7A"],"inLanguage":"pt-BR","potentialAction":[{"@type":"CommentAction","name":"Comment","target":["https:\/\/jornalboasnoticias.com.br\/home\/uber-defende-no-stf-que-nao-ha-vinculo-de-emprego-com-motoristas\/#respond"]}]},{"@type":"WebPage","@id":"https:\/\/jornalboasnoticias.com.br\/home\/uber-defende-no-stf-que-nao-ha-vinculo-de-emprego-com-motoristas\/","url":"https:\/\/jornalboasnoticias.com.br\/home\/uber-defende-no-stf-que-nao-ha-vinculo-de-emprego-com-motoristas\/","name":"Uber defende no STF que n\u00e3o h\u00e1 v\u00ednculo de emprego com motoristas - Jornal","isPartOf":{"@id":"https:\/\/jornalboasnoticias.com.br\/home\/#website"},"primaryImageOfPage":{"@id":"https:\/\/jornalboasnoticias.com.br\/home\/uber-defende-no-stf-que-nao-ha-vinculo-de-emprego-com-motoristas\/#primaryimage"},"image":{"@id":"https:\/\/jornalboasnoticias.com.br\/home\/uber-defende-no-stf-que-nao-ha-vinculo-de-emprego-com-motoristas\/#primaryimage"},"thumbnailUrl":"https:\/\/jornalboasnoticias.com.br\/home\/wp-content\/uploads\/2024\/12\/img_2539.webp","datePublished":"2024-12-10T18:36:22+00:00","description":"Uber defende no STF que n\u00e3o h\u00e1 v\u00ednculo de emprego com motoristas","breadcrumb":{"@id":"https:\/\/jornalboasnoticias.com.br\/home\/uber-defende-no-stf-que-nao-ha-vinculo-de-emprego-com-motoristas\/#breadcrumb"},"inLanguage":"pt-BR","potentialAction":[{"@type":"ReadAction","target":["https:\/\/jornalboasnoticias.com.br\/home\/uber-defende-no-stf-que-nao-ha-vinculo-de-emprego-com-motoristas\/"]}]},{"@type":"ImageObject","inLanguage":"pt-BR","@id":"https:\/\/jornalboasnoticias.com.br\/home\/uber-defende-no-stf-que-nao-ha-vinculo-de-emprego-com-motoristas\/#primaryimage","url":"https:\/\/jornalboasnoticias.com.br\/home\/wp-content\/uploads\/2024\/12\/img_2539.webp","contentUrl":"https:\/\/jornalboasnoticias.com.br\/home\/wp-content\/uploads\/2024\/12\/img_2539.webp","width":1170,"height":700,"caption":"\u00a9 Rovena Rosa\/Ag\u00eancia Brasil"},{"@type":"BreadcrumbList","@id":"https:\/\/jornalboasnoticias.com.br\/home\/uber-defende-no-stf-que-nao-ha-vinculo-de-emprego-com-motoristas\/#breadcrumb","itemListElement":[{"@type":"ListItem","position":1,"name":"In\u00edcio","item":"https:\/\/jornalboasnoticias.com.br\/home\/"},{"@type":"ListItem","position":2,"name":"Uber defende no STF que n\u00e3o h\u00e1 v\u00ednculo de emprego com motoristas"}]},{"@type":"WebSite","@id":"https:\/\/jornalboasnoticias.com.br\/home\/#website","url":"https:\/\/jornalboasnoticias.com.br\/home\/","name":"Jornal Boas Not\u00edcias","description":"Boas not\u00edcias","publisher":{"@id":"https:\/\/jornalboasnoticias.com.br\/home\/#organization"},"potentialAction":[{"@type":"SearchAction","target":{"@type":"EntryPoint","urlTemplate":"https:\/\/jornalboasnoticias.com.br\/home\/?s={search_term_string}"},"query-input":{"@type":"PropertyValueSpecification","valueRequired":true,"valueName":"search_term_string"}}],"inLanguage":"pt-BR"},{"@type":"Organization","@id":"https:\/\/jornalboasnoticias.com.br\/home\/#organization","name":"Coq Editora Ltda","alternateName":"Jornal Boas Noticias","url":"https:\/\/jornalboasnoticias.com.br\/home\/","logo":{"@type":"ImageObject","inLanguage":"pt-BR","@id":"https:\/\/jornalboasnoticias.com.br\/home\/#\/schema\/logo\/image\/","url":"https:\/\/jornalboasnoticias.com.br\/home\/wp-content\/uploads\/2024\/07\/cropped-logo.jpg","contentUrl":"https:\/\/jornalboasnoticias.com.br\/home\/wp-content\/uploads\/2024\/07\/cropped-logo.jpg","width":290,"height":142,"caption":"Coq Editora Ltda"},"image":{"@id":"https:\/\/jornalboasnoticias.com.br\/home\/#\/schema\/logo\/image\/"},"sameAs":["https:\/\/www.facebook.com\/boasnoticiasjornal"]},{"@type":"Person","@id":"https:\/\/jornalboasnoticias.com.br\/home\/#\/schema\/person\/d641193e0afc6405b390164dac847971","name":"Ana Luiza Bonatto","image":{"@type":"ImageObject","inLanguage":"pt-BR","@id":"https:\/\/secure.gravatar.com\/avatar\/8a055ebe6373371f67ac6fcf313c0ac0b0a91157fdcdb9514fa62927373348f0?s=96&d=mm&r=g","url":"https:\/\/secure.gravatar.com\/avatar\/8a055ebe6373371f67ac6fcf313c0ac0b0a91157fdcdb9514fa62927373348f0?s=96&d=mm&r=g","contentUrl":"https:\/\/secure.gravatar.com\/avatar\/8a055ebe6373371f67ac6fcf313c0ac0b0a91157fdcdb9514fa62927373348f0?s=96&d=mm&r=g","caption":"Ana Luiza Bonatto"},"url":"https:\/\/jornalboasnoticias.com.br\/home\/author\/ana-luiza\/"}]}},"_links":{"self":[{"href":"https:\/\/jornalboasnoticias.com.br\/home\/wp-json\/wp\/v2\/posts\/46050","targetHints":{"allow":["GET"]}}],"collection":[{"href":"https:\/\/jornalboasnoticias.com.br\/home\/wp-json\/wp\/v2\/posts"}],"about":[{"href":"https:\/\/jornalboasnoticias.com.br\/home\/wp-json\/wp\/v2\/types\/post"}],"author":[{"embeddable":true,"href":"https:\/\/jornalboasnoticias.com.br\/home\/wp-json\/wp\/v2\/users\/4"}],"replies":[{"embeddable":true,"href":"https:\/\/jornalboasnoticias.com.br\/home\/wp-json\/wp\/v2\/comments?post=46050"}],"version-history":[{"count":1,"href":"https:\/\/jornalboasnoticias.com.br\/home\/wp-json\/wp\/v2\/posts\/46050\/revisions"}],"predecessor-version":[{"id":46052,"href":"https:\/\/jornalboasnoticias.com.br\/home\/wp-json\/wp\/v2\/posts\/46050\/revisions\/46052"}],"wp:featuredmedia":[{"embeddable":true,"href":"https:\/\/jornalboasnoticias.com.br\/home\/wp-json\/wp\/v2\/media\/46051"}],"wp:attachment":[{"href":"https:\/\/jornalboasnoticias.com.br\/home\/wp-json\/wp\/v2\/media?parent=46050"}],"wp:term":[{"taxonomy":"category","embeddable":true,"href":"https:\/\/jornalboasnoticias.com.br\/home\/wp-json\/wp\/v2\/categories?post=46050"},{"taxonomy":"post_tag","embeddable":true,"href":"https:\/\/jornalboasnoticias.com.br\/home\/wp-json\/wp\/v2\/tags?post=46050"}],"curies":[{"name":"wp","href":"https:\/\/api.w.org\/{rel}","templated":true}]}}