{"id":45901,"date":"2024-11-27T22:03:26","date_gmt":"2024-11-27T22:03:26","guid":{"rendered":"https:\/\/jornalboasnoticias.com.br\/home\/?p=45901"},"modified":"2024-11-27T22:03:26","modified_gmt":"2024-11-27T22:03:26","slug":"justica-amplia-prazo-para-entrar-na-lista-de-credores-da-123milhas","status":"publish","type":"post","link":"https:\/\/jornalboasnoticias.com.br\/home\/justica-amplia-prazo-para-entrar-na-lista-de-credores-da-123milhas\/","title":{"rendered":"Justi\u00e7a amplia prazo para entrar na lista de credores da 123Milhas"},"content":{"rendered":"<div class=\"header-noticia full-width\">\n<div>\n<figure id=\"attachment_45902\" aria-describedby=\"caption-attachment-45902\" style=\"width: 1170px\" class=\"wp-caption alignnone\"><img loading=\"lazy\" decoding=\"async\" class=\"size-full wp-image-45902\" src=\"https:\/\/jornalboasnoticias.com.br\/home\/wp-content\/uploads\/2024\/11\/img_4104.jpg\" alt=\"\" width=\"1170\" height=\"700\" srcset=\"https:\/\/jornalboasnoticias.com.br\/home\/wp-content\/uploads\/2024\/11\/img_4104.jpg 1170w, https:\/\/jornalboasnoticias.com.br\/home\/wp-content\/uploads\/2024\/11\/img_4104-300x179.jpg 300w, https:\/\/jornalboasnoticias.com.br\/home\/wp-content\/uploads\/2024\/11\/img_4104-1024x613.jpg 1024w, https:\/\/jornalboasnoticias.com.br\/home\/wp-content\/uploads\/2024\/11\/img_4104-768x459.jpg 768w\" sizes=\"auto, (max-width: 1170px) 100vw, 1170px\" \/><figcaption id=\"caption-attachment-45902\" class=\"wp-caption-text\">\u00a9 Juca Varella\/Ag\u00eancia Brasil<\/figcaption><\/figure>\n<\/div>\n<\/div>\n<div class=\"header-noticia full-width\">\n<blockquote>\n<div class=\"linha-fina-noticia\">Consumidor pode ser inclu\u00eddo at\u00e9 dia 3 entre que t\u00eam valores a receber<\/div>\n<\/blockquote>\n<\/div>\n<div class=\"container-autoria\">\n<p>A Justi\u00e7a prorrogou para o dia 3 de dezembro, uma ter\u00e7a-feira, o prazo para inclus\u00e3o dos consumidores lesados pela 123milhas na lista de quem tem valores a receber ou para corrigir o valor a ser devolvido. Para isso, os consumidores devem acessar o<em>\u00a0site<\/em>\u00a0da\u00a0<a href=\"https:\/\/rj123milhas.com.br\/#\/home\" target=\"_blank\" rel=\"noopener\">Administradora Judicial<\/a>\u00a0e verificar se seus dados foram devidamente inclu\u00eddos na lista de credores e se os valores dos cr\u00e9ditos est\u00e3o corretos. O prazo anterior tinha terminado ontem (26).<img decoding=\"async\" src=\"https:\/\/agenciabrasil.ebc.com.br\/ebc.png?id=1621473&amp;o=node\" \/><img decoding=\"async\" src=\"https:\/\/agenciabrasil.ebc.com.br\/ebc.gif?id=1621473&amp;o=node\" \/><\/p>\n<p>Segundo publicado em edital pela Justi\u00e7a de Minas Gerais, respons\u00e1vel pelo processo, todos os pedidos de ressarcimento devem, obrigatoriamente, ser feitos no\u00a0<em>site<\/em>\u00a0indicado pela Justi\u00e7a. Qualquer informa\u00e7\u00e3o apresentada no processo judicial ser\u00e1 desconsiderada.<\/p>\n<p>A Defensoria P\u00fablica de Minas Gerais (DPMG) explica que, a partir da consulta, podem surgir tr\u00eas casos diferentes, com procedimentos exclusivos para cada um. A explica\u00e7\u00e3o sobre como proceder em cada caso, pode ser vista em\u00a0<a href=\"https:\/\/defensoria.mg.def.br\/wp-content\/uploads\/2024\/10\/V7_Cartilha-Consumidor-123-Milhas-5.0.pdf\" target=\"_blank\" rel=\"noopener\">cartilha\u00a0<\/a>elaborada pela DPMG.<\/p>\n<p>A cartilha tamb\u00e9m mostra o caminho para que os consumidores que ainda n\u00e3o foram inseridos na lista pe\u00e7am a inclus\u00e3o de seus nomes e dos valores a que t\u00eam direito na recupera\u00e7\u00e3o judicial e no plano de pagamento. Todos os procedimentos podem ser realizados pelos pr\u00f3prios consumidores pela internet.<\/p>\n<p>A orienta\u00e7\u00e3o da DPMG \u00e9 que o consumidor n\u00e3o deixe a habilita\u00e7\u00e3o de cr\u00e9ditos ou a apresenta\u00e7\u00e3o de diverg\u00eancias quanto a seus dados pessoais e valores a receber, ou mesmo a leitura da cartilha, para a \u00faltima hora a leitura da cartilha, j\u00e1 que existem prazos previstos em lei que e documentos que devem ser reunidos e apresentados.<\/p>\n<h2>Funda\u00e7\u00e3o Procon-SP<\/h2>\n<p>Segundo a assessora t\u00e9cnica do Procon-SP, Patr\u00edcia Dias, a expectativa do \u00f3rg\u00e3o de defesa do consumidor \u00e9 que todos os prejudicados que fizerem a habilita\u00e7\u00e3o como credores no processo de recupera\u00e7\u00e3o judicial da empresa sejam ressarcidos. \u201c\u00c9 fato que a empresa tem patrim\u00f4nio que a pr\u00f3pria Justi\u00e7a j\u00e1 separou. Este momento da recupera\u00e7\u00e3o \u00e9 a identifica\u00e7\u00e3o de todos os credores para depois fazer o balan\u00e7o para saber qual o patrim\u00f4nio e o montante da d\u00edvida\u201d, explicou.<\/p>\n<p>Patr\u00edcia alerta a todos que, mesmo que tenham procurado os \u00f3rg\u00e3os de defesa do consumidor municipais ou estaduais, \u00e9 fundamental tamb\u00e9m registrar seus dados e enviar a documenta\u00e7\u00e3o pertinente no\u00a0<em>site<\/em>\u00a0mencionado, para que conste expressamente na Recupera\u00e7\u00e3o Judicial, e seja considerado credor da 123milhas.<\/p>\n<h2>Crise<\/h2>\n<p>A crise na companhia come\u00e7ou em 18 de agosto de 2023, quando a 123milhas suspendeu a emiss\u00e3o de passagens e pacotes da linha Promo, mais barata por n\u00e3o ter datas definidas de ida e volta, e prop\u00f4s ressarcir seus clientes por meio de\u00a0<em>vouchers<\/em>\u00a0(comprovantes de pagamento antecipado de servi\u00e7os).<\/p>\n<p>A empresa foi fundada em 2016 em Belo Horizonte pelos irm\u00e3os Ramiro e Augusto Madureira. Cinco anos depois, em 2021, j\u00e1 era o maior anunciante do pa\u00eds, com investimento de R$ 2,37 bilh\u00f5es na compra de espa\u00e7o publicit\u00e1rio.<\/p>\n<p>No dia 29 de agosto do ano passado, a 123milhas protocolou no Tribunal de Justi\u00e7a de Minas Gerais um pedido de recupera\u00e7\u00e3o judicial. No pedido, a empresa dizia que o objetivo era assegurar o cumprimento dos compromissos assumidos com clientes, ex-colaboradores e fornecedores. No dia 31, o pedido de recupera\u00e7\u00e3o judicial foi aceito pela 1\u00aa Vara Empresarial de Belo Horizonte. Com d\u00edvidas de R$ 2,3 bilh\u00f5es, a plataforma de turismo pediu a suspens\u00e3o por 180 dias de a\u00e7\u00f5es de credores e consumidores que fossem \u00e0 Justi\u00e7a ap\u00f3s a interrup\u00e7\u00e3o de servi\u00e7os.<\/p>\n<p>Em janeiro de 2024, a ju\u00edza Cl\u00e1udia Helena Barbosa, da 1\u00aa Vara Empresarial de Belo Horizonte, determinou a suspens\u00e3o da recupera\u00e7\u00e3o judicial da empresa 123milhas. Segundo a ju\u00edza, a recupera\u00e7\u00e3o judicial da empresa ficaria suspensa at\u00e9 a nomea\u00e7\u00e3o de novos administradores judiciais. Al\u00e9m disso, a 123milhas tamb\u00e9m teria que detalhar as reais condi\u00e7\u00f5es da Lance Hot\u00e9is e da MaxMilhas, que foram inclu\u00eddas na recupera\u00e7\u00e3o judicial em outubro do ano passado.<\/p>\n<p>A recupera\u00e7\u00e3o judicial da 123milhas j\u00e1 tinha sido suspensa em setembro, processo que foi retomado novamente em dezembro. Na \u00e9poca, a Secretaria Nacional do Consumidor (Senacon), \u00f3rg\u00e3o do Minist\u00e9rio da Justi\u00e7a, questionou a ag\u00eancia de viagens on-line sobre os motivos que a levaram a cancelar pacotes e passagens.<\/p>\n<p>(Ag\u00eancia Brasil)<\/p>\n<\/div>\n","protected":false},"excerpt":{"rendered":"<p>Consumidor pode ser inclu\u00eddo at\u00e9 dia 3 entre que t\u00eam valores a receber A Justi\u00e7a<\/p>\n","protected":false},"author":4,"featured_media":45902,"comment_status":"open","ping_status":"open","sticky":false,"template":"","format":"standard","meta":{"footnotes":""},"categories":[22],"tags":[],"class_list":["post-45901","post","type-post","status-publish","format-standard","has-post-thumbnail","hentry","category-justica"],"yoast_head":"<!-- This site is optimized with the Yoast SEO plugin v27.5 - https:\/\/yoast.com\/product\/yoast-seo-wordpress\/ -->\n<title>Justi\u00e7a amplia prazo para entrar na lista de credores da 123Milhas - Jornal<\/title>\n<meta name=\"description\" content=\"Justi\u00e7a amplia prazo para entrar na lista de credores da 123Milhas\" \/>\n<meta name=\"robots\" content=\"index, follow, max-snippet:-1, max-image-preview:large, max-video-preview:-1\" \/>\n<link rel=\"canonical\" href=\"https:\/\/jornalboasnoticias.com.br\/home\/justica-amplia-prazo-para-entrar-na-lista-de-credores-da-123milhas\/\" \/>\n<meta property=\"og:locale\" content=\"pt_BR\" \/>\n<meta property=\"og:type\" content=\"article\" \/>\n<meta property=\"og:title\" content=\"Justi\u00e7a amplia prazo para entrar na lista de credores da 123Milhas - Jornal\" \/>\n<meta property=\"og:description\" content=\"Justi\u00e7a amplia prazo para entrar na lista de credores da 123Milhas\" \/>\n<meta property=\"og:url\" content=\"https:\/\/jornalboasnoticias.com.br\/home\/justica-amplia-prazo-para-entrar-na-lista-de-credores-da-123milhas\/\" \/>\n<meta property=\"og:site_name\" content=\"Jornal\" \/>\n<meta property=\"article:publisher\" content=\"https:\/\/www.facebook.com\/boasnoticiasjornal\" \/>\n<meta property=\"article:published_time\" content=\"2024-11-27T22:03:26+00:00\" \/>\n<meta property=\"og:image\" content=\"https:\/\/jornalboasnoticias.com.br\/home\/wp-content\/uploads\/2024\/11\/img_4104.jpg\" \/>\n\t<meta property=\"og:image:width\" content=\"1170\" \/>\n\t<meta property=\"og:image:height\" content=\"700\" \/>\n\t<meta property=\"og:image:type\" content=\"image\/jpeg\" \/>\n<meta name=\"author\" content=\"Ana Luiza Bonatto\" \/>\n<meta name=\"twitter:card\" content=\"summary_large_image\" \/>\n<meta name=\"twitter:label1\" content=\"Escrito por\" \/>\n\t<meta name=\"twitter:data1\" content=\"Ana Luiza Bonatto\" \/>\n\t<meta name=\"twitter:label2\" content=\"Est. tempo de leitura\" \/>\n\t<meta name=\"twitter:data2\" content=\"5 minutos\" \/>\n<script type=\"application\/ld+json\" class=\"yoast-schema-graph\">{\"@context\":\"https:\\\/\\\/schema.org\",\"@graph\":[{\"@type\":\"Article\",\"@id\":\"https:\\\/\\\/jornalboasnoticias.com.br\\\/home\\\/justica-amplia-prazo-para-entrar-na-lista-de-credores-da-123milhas\\\/#article\",\"isPartOf\":{\"@id\":\"https:\\\/\\\/jornalboasnoticias.com.br\\\/home\\\/justica-amplia-prazo-para-entrar-na-lista-de-credores-da-123milhas\\\/\"},\"author\":{\"name\":\"Ana Luiza Bonatto\",\"@id\":\"https:\\\/\\\/jornalboasnoticias.com.br\\\/home\\\/#\\\/schema\\\/person\\\/d641193e0afc6405b390164dac847971\"},\"headline\":\"Justi\u00e7a amplia prazo para entrar na lista de credores da 123Milhas\",\"datePublished\":\"2024-11-27T22:03:26+00:00\",\"mainEntityOfPage\":{\"@id\":\"https:\\\/\\\/jornalboasnoticias.com.br\\\/home\\\/justica-amplia-prazo-para-entrar-na-lista-de-credores-da-123milhas\\\/\"},\"wordCount\":781,\"commentCount\":0,\"publisher\":{\"@id\":\"https:\\\/\\\/jornalboasnoticias.com.br\\\/home\\\/#organization\"},\"image\":{\"@id\":\"https:\\\/\\\/jornalboasnoticias.com.br\\\/home\\\/justica-amplia-prazo-para-entrar-na-lista-de-credores-da-123milhas\\\/#primaryimage\"},\"thumbnailUrl\":\"https:\\\/\\\/jornalboasnoticias.com.br\\\/home\\\/wp-content\\\/uploads\\\/2024\\\/11\\\/img_4104.jpg\",\"articleSection\":[\"JUSTI\u00c7A\"],\"inLanguage\":\"pt-BR\",\"potentialAction\":[{\"@type\":\"CommentAction\",\"name\":\"Comment\",\"target\":[\"https:\\\/\\\/jornalboasnoticias.com.br\\\/home\\\/justica-amplia-prazo-para-entrar-na-lista-de-credores-da-123milhas\\\/#respond\"]}]},{\"@type\":\"WebPage\",\"@id\":\"https:\\\/\\\/jornalboasnoticias.com.br\\\/home\\\/justica-amplia-prazo-para-entrar-na-lista-de-credores-da-123milhas\\\/\",\"url\":\"https:\\\/\\\/jornalboasnoticias.com.br\\\/home\\\/justica-amplia-prazo-para-entrar-na-lista-de-credores-da-123milhas\\\/\",\"name\":\"Justi\u00e7a amplia prazo para entrar na lista de credores da 123Milhas - Jornal\",\"isPartOf\":{\"@id\":\"https:\\\/\\\/jornalboasnoticias.com.br\\\/home\\\/#website\"},\"primaryImageOfPage\":{\"@id\":\"https:\\\/\\\/jornalboasnoticias.com.br\\\/home\\\/justica-amplia-prazo-para-entrar-na-lista-de-credores-da-123milhas\\\/#primaryimage\"},\"image\":{\"@id\":\"https:\\\/\\\/jornalboasnoticias.com.br\\\/home\\\/justica-amplia-prazo-para-entrar-na-lista-de-credores-da-123milhas\\\/#primaryimage\"},\"thumbnailUrl\":\"https:\\\/\\\/jornalboasnoticias.com.br\\\/home\\\/wp-content\\\/uploads\\\/2024\\\/11\\\/img_4104.jpg\",\"datePublished\":\"2024-11-27T22:03:26+00:00\",\"description\":\"Justi\u00e7a amplia prazo para entrar na lista de credores da 123Milhas\",\"breadcrumb\":{\"@id\":\"https:\\\/\\\/jornalboasnoticias.com.br\\\/home\\\/justica-amplia-prazo-para-entrar-na-lista-de-credores-da-123milhas\\\/#breadcrumb\"},\"inLanguage\":\"pt-BR\",\"potentialAction\":[{\"@type\":\"ReadAction\",\"target\":[\"https:\\\/\\\/jornalboasnoticias.com.br\\\/home\\\/justica-amplia-prazo-para-entrar-na-lista-de-credores-da-123milhas\\\/\"]}]},{\"@type\":\"ImageObject\",\"inLanguage\":\"pt-BR\",\"@id\":\"https:\\\/\\\/jornalboasnoticias.com.br\\\/home\\\/justica-amplia-prazo-para-entrar-na-lista-de-credores-da-123milhas\\\/#primaryimage\",\"url\":\"https:\\\/\\\/jornalboasnoticias.com.br\\\/home\\\/wp-content\\\/uploads\\\/2024\\\/11\\\/img_4104.jpg\",\"contentUrl\":\"https:\\\/\\\/jornalboasnoticias.com.br\\\/home\\\/wp-content\\\/uploads\\\/2024\\\/11\\\/img_4104.jpg\",\"width\":1170,\"height\":700,\"caption\":\"\u00a9 Juca Varella\\\/Ag\u00eancia Brasil\"},{\"@type\":\"BreadcrumbList\",\"@id\":\"https:\\\/\\\/jornalboasnoticias.com.br\\\/home\\\/justica-amplia-prazo-para-entrar-na-lista-de-credores-da-123milhas\\\/#breadcrumb\",\"itemListElement\":[{\"@type\":\"ListItem\",\"position\":1,\"name\":\"In\u00edcio\",\"item\":\"https:\\\/\\\/jornalboasnoticias.com.br\\\/home\\\/\"},{\"@type\":\"ListItem\",\"position\":2,\"name\":\"Justi\u00e7a amplia prazo para entrar na lista de credores da 123Milhas\"}]},{\"@type\":\"WebSite\",\"@id\":\"https:\\\/\\\/jornalboasnoticias.com.br\\\/home\\\/#website\",\"url\":\"https:\\\/\\\/jornalboasnoticias.com.br\\\/home\\\/\",\"name\":\"Jornal Boas Not\u00edcias\",\"description\":\"Boas not\u00edcias\",\"publisher\":{\"@id\":\"https:\\\/\\\/jornalboasnoticias.com.br\\\/home\\\/#organization\"},\"potentialAction\":[{\"@type\":\"SearchAction\",\"target\":{\"@type\":\"EntryPoint\",\"urlTemplate\":\"https:\\\/\\\/jornalboasnoticias.com.br\\\/home\\\/?s={search_term_string}\"},\"query-input\":{\"@type\":\"PropertyValueSpecification\",\"valueRequired\":true,\"valueName\":\"search_term_string\"}}],\"inLanguage\":\"pt-BR\"},{\"@type\":\"Organization\",\"@id\":\"https:\\\/\\\/jornalboasnoticias.com.br\\\/home\\\/#organization\",\"name\":\"Coq Editora Ltda\",\"alternateName\":\"Jornal Boas Noticias\",\"url\":\"https:\\\/\\\/jornalboasnoticias.com.br\\\/home\\\/\",\"logo\":{\"@type\":\"ImageObject\",\"inLanguage\":\"pt-BR\",\"@id\":\"https:\\\/\\\/jornalboasnoticias.com.br\\\/home\\\/#\\\/schema\\\/logo\\\/image\\\/\",\"url\":\"https:\\\/\\\/jornalboasnoticias.com.br\\\/home\\\/wp-content\\\/uploads\\\/2024\\\/07\\\/cropped-logo.jpg\",\"contentUrl\":\"https:\\\/\\\/jornalboasnoticias.com.br\\\/home\\\/wp-content\\\/uploads\\\/2024\\\/07\\\/cropped-logo.jpg\",\"width\":290,\"height\":142,\"caption\":\"Coq Editora Ltda\"},\"image\":{\"@id\":\"https:\\\/\\\/jornalboasnoticias.com.br\\\/home\\\/#\\\/schema\\\/logo\\\/image\\\/\"},\"sameAs\":[\"https:\\\/\\\/www.facebook.com\\\/boasnoticiasjornal\"]},{\"@type\":\"Person\",\"@id\":\"https:\\\/\\\/jornalboasnoticias.com.br\\\/home\\\/#\\\/schema\\\/person\\\/d641193e0afc6405b390164dac847971\",\"name\":\"Ana Luiza Bonatto\",\"image\":{\"@type\":\"ImageObject\",\"inLanguage\":\"pt-BR\",\"@id\":\"https:\\\/\\\/secure.gravatar.com\\\/avatar\\\/8a055ebe6373371f67ac6fcf313c0ac0b0a91157fdcdb9514fa62927373348f0?s=96&d=mm&r=g\",\"url\":\"https:\\\/\\\/secure.gravatar.com\\\/avatar\\\/8a055ebe6373371f67ac6fcf313c0ac0b0a91157fdcdb9514fa62927373348f0?s=96&d=mm&r=g\",\"contentUrl\":\"https:\\\/\\\/secure.gravatar.com\\\/avatar\\\/8a055ebe6373371f67ac6fcf313c0ac0b0a91157fdcdb9514fa62927373348f0?s=96&d=mm&r=g\",\"caption\":\"Ana Luiza Bonatto\"},\"url\":\"https:\\\/\\\/jornalboasnoticias.com.br\\\/home\\\/author\\\/ana-luiza\\\/\"}]}<\/script>\n<!-- \/ Yoast SEO plugin. -->","yoast_head_json":{"title":"Justi\u00e7a amplia prazo para entrar na lista de credores da 123Milhas - Jornal","description":"Justi\u00e7a amplia prazo para entrar na lista de credores da 123Milhas","robots":{"index":"index","follow":"follow","max-snippet":"max-snippet:-1","max-image-preview":"max-image-preview:large","max-video-preview":"max-video-preview:-1"},"canonical":"https:\/\/jornalboasnoticias.com.br\/home\/justica-amplia-prazo-para-entrar-na-lista-de-credores-da-123milhas\/","og_locale":"pt_BR","og_type":"article","og_title":"Justi\u00e7a amplia prazo para entrar na lista de credores da 123Milhas - Jornal","og_description":"Justi\u00e7a amplia prazo para entrar na lista de credores da 123Milhas","og_url":"https:\/\/jornalboasnoticias.com.br\/home\/justica-amplia-prazo-para-entrar-na-lista-de-credores-da-123milhas\/","og_site_name":"Jornal","article_publisher":"https:\/\/www.facebook.com\/boasnoticiasjornal","article_published_time":"2024-11-27T22:03:26+00:00","og_image":[{"width":1170,"height":700,"url":"https:\/\/jornalboasnoticias.com.br\/home\/wp-content\/uploads\/2024\/11\/img_4104.jpg","type":"image\/jpeg"}],"author":"Ana Luiza Bonatto","twitter_card":"summary_large_image","twitter_misc":{"Escrito por":"Ana Luiza Bonatto","Est. tempo de leitura":"5 minutos"},"schema":{"@context":"https:\/\/schema.org","@graph":[{"@type":"Article","@id":"https:\/\/jornalboasnoticias.com.br\/home\/justica-amplia-prazo-para-entrar-na-lista-de-credores-da-123milhas\/#article","isPartOf":{"@id":"https:\/\/jornalboasnoticias.com.br\/home\/justica-amplia-prazo-para-entrar-na-lista-de-credores-da-123milhas\/"},"author":{"name":"Ana Luiza Bonatto","@id":"https:\/\/jornalboasnoticias.com.br\/home\/#\/schema\/person\/d641193e0afc6405b390164dac847971"},"headline":"Justi\u00e7a amplia prazo para entrar na lista de credores da 123Milhas","datePublished":"2024-11-27T22:03:26+00:00","mainEntityOfPage":{"@id":"https:\/\/jornalboasnoticias.com.br\/home\/justica-amplia-prazo-para-entrar-na-lista-de-credores-da-123milhas\/"},"wordCount":781,"commentCount":0,"publisher":{"@id":"https:\/\/jornalboasnoticias.com.br\/home\/#organization"},"image":{"@id":"https:\/\/jornalboasnoticias.com.br\/home\/justica-amplia-prazo-para-entrar-na-lista-de-credores-da-123milhas\/#primaryimage"},"thumbnailUrl":"https:\/\/jornalboasnoticias.com.br\/home\/wp-content\/uploads\/2024\/11\/img_4104.jpg","articleSection":["JUSTI\u00c7A"],"inLanguage":"pt-BR","potentialAction":[{"@type":"CommentAction","name":"Comment","target":["https:\/\/jornalboasnoticias.com.br\/home\/justica-amplia-prazo-para-entrar-na-lista-de-credores-da-123milhas\/#respond"]}]},{"@type":"WebPage","@id":"https:\/\/jornalboasnoticias.com.br\/home\/justica-amplia-prazo-para-entrar-na-lista-de-credores-da-123milhas\/","url":"https:\/\/jornalboasnoticias.com.br\/home\/justica-amplia-prazo-para-entrar-na-lista-de-credores-da-123milhas\/","name":"Justi\u00e7a amplia prazo para entrar na lista de credores da 123Milhas - Jornal","isPartOf":{"@id":"https:\/\/jornalboasnoticias.com.br\/home\/#website"},"primaryImageOfPage":{"@id":"https:\/\/jornalboasnoticias.com.br\/home\/justica-amplia-prazo-para-entrar-na-lista-de-credores-da-123milhas\/#primaryimage"},"image":{"@id":"https:\/\/jornalboasnoticias.com.br\/home\/justica-amplia-prazo-para-entrar-na-lista-de-credores-da-123milhas\/#primaryimage"},"thumbnailUrl":"https:\/\/jornalboasnoticias.com.br\/home\/wp-content\/uploads\/2024\/11\/img_4104.jpg","datePublished":"2024-11-27T22:03:26+00:00","description":"Justi\u00e7a amplia prazo para entrar na lista de credores da 123Milhas","breadcrumb":{"@id":"https:\/\/jornalboasnoticias.com.br\/home\/justica-amplia-prazo-para-entrar-na-lista-de-credores-da-123milhas\/#breadcrumb"},"inLanguage":"pt-BR","potentialAction":[{"@type":"ReadAction","target":["https:\/\/jornalboasnoticias.com.br\/home\/justica-amplia-prazo-para-entrar-na-lista-de-credores-da-123milhas\/"]}]},{"@type":"ImageObject","inLanguage":"pt-BR","@id":"https:\/\/jornalboasnoticias.com.br\/home\/justica-amplia-prazo-para-entrar-na-lista-de-credores-da-123milhas\/#primaryimage","url":"https:\/\/jornalboasnoticias.com.br\/home\/wp-content\/uploads\/2024\/11\/img_4104.jpg","contentUrl":"https:\/\/jornalboasnoticias.com.br\/home\/wp-content\/uploads\/2024\/11\/img_4104.jpg","width":1170,"height":700,"caption":"\u00a9 Juca Varella\/Ag\u00eancia Brasil"},{"@type":"BreadcrumbList","@id":"https:\/\/jornalboasnoticias.com.br\/home\/justica-amplia-prazo-para-entrar-na-lista-de-credores-da-123milhas\/#breadcrumb","itemListElement":[{"@type":"ListItem","position":1,"name":"In\u00edcio","item":"https:\/\/jornalboasnoticias.com.br\/home\/"},{"@type":"ListItem","position":2,"name":"Justi\u00e7a amplia prazo para entrar na lista de credores da 123Milhas"}]},{"@type":"WebSite","@id":"https:\/\/jornalboasnoticias.com.br\/home\/#website","url":"https:\/\/jornalboasnoticias.com.br\/home\/","name":"Jornal Boas Not\u00edcias","description":"Boas not\u00edcias","publisher":{"@id":"https:\/\/jornalboasnoticias.com.br\/home\/#organization"},"potentialAction":[{"@type":"SearchAction","target":{"@type":"EntryPoint","urlTemplate":"https:\/\/jornalboasnoticias.com.br\/home\/?s={search_term_string}"},"query-input":{"@type":"PropertyValueSpecification","valueRequired":true,"valueName":"search_term_string"}}],"inLanguage":"pt-BR"},{"@type":"Organization","@id":"https:\/\/jornalboasnoticias.com.br\/home\/#organization","name":"Coq Editora Ltda","alternateName":"Jornal Boas Noticias","url":"https:\/\/jornalboasnoticias.com.br\/home\/","logo":{"@type":"ImageObject","inLanguage":"pt-BR","@id":"https:\/\/jornalboasnoticias.com.br\/home\/#\/schema\/logo\/image\/","url":"https:\/\/jornalboasnoticias.com.br\/home\/wp-content\/uploads\/2024\/07\/cropped-logo.jpg","contentUrl":"https:\/\/jornalboasnoticias.com.br\/home\/wp-content\/uploads\/2024\/07\/cropped-logo.jpg","width":290,"height":142,"caption":"Coq Editora Ltda"},"image":{"@id":"https:\/\/jornalboasnoticias.com.br\/home\/#\/schema\/logo\/image\/"},"sameAs":["https:\/\/www.facebook.com\/boasnoticiasjornal"]},{"@type":"Person","@id":"https:\/\/jornalboasnoticias.com.br\/home\/#\/schema\/person\/d641193e0afc6405b390164dac847971","name":"Ana Luiza Bonatto","image":{"@type":"ImageObject","inLanguage":"pt-BR","@id":"https:\/\/secure.gravatar.com\/avatar\/8a055ebe6373371f67ac6fcf313c0ac0b0a91157fdcdb9514fa62927373348f0?s=96&d=mm&r=g","url":"https:\/\/secure.gravatar.com\/avatar\/8a055ebe6373371f67ac6fcf313c0ac0b0a91157fdcdb9514fa62927373348f0?s=96&d=mm&r=g","contentUrl":"https:\/\/secure.gravatar.com\/avatar\/8a055ebe6373371f67ac6fcf313c0ac0b0a91157fdcdb9514fa62927373348f0?s=96&d=mm&r=g","caption":"Ana Luiza Bonatto"},"url":"https:\/\/jornalboasnoticias.com.br\/home\/author\/ana-luiza\/"}]}},"_links":{"self":[{"href":"https:\/\/jornalboasnoticias.com.br\/home\/wp-json\/wp\/v2\/posts\/45901","targetHints":{"allow":["GET"]}}],"collection":[{"href":"https:\/\/jornalboasnoticias.com.br\/home\/wp-json\/wp\/v2\/posts"}],"about":[{"href":"https:\/\/jornalboasnoticias.com.br\/home\/wp-json\/wp\/v2\/types\/post"}],"author":[{"embeddable":true,"href":"https:\/\/jornalboasnoticias.com.br\/home\/wp-json\/wp\/v2\/users\/4"}],"replies":[{"embeddable":true,"href":"https:\/\/jornalboasnoticias.com.br\/home\/wp-json\/wp\/v2\/comments?post=45901"}],"version-history":[{"count":1,"href":"https:\/\/jornalboasnoticias.com.br\/home\/wp-json\/wp\/v2\/posts\/45901\/revisions"}],"predecessor-version":[{"id":45903,"href":"https:\/\/jornalboasnoticias.com.br\/home\/wp-json\/wp\/v2\/posts\/45901\/revisions\/45903"}],"wp:featuredmedia":[{"embeddable":true,"href":"https:\/\/jornalboasnoticias.com.br\/home\/wp-json\/wp\/v2\/media\/45902"}],"wp:attachment":[{"href":"https:\/\/jornalboasnoticias.com.br\/home\/wp-json\/wp\/v2\/media?parent=45901"}],"wp:term":[{"taxonomy":"category","embeddable":true,"href":"https:\/\/jornalboasnoticias.com.br\/home\/wp-json\/wp\/v2\/categories?post=45901"},{"taxonomy":"post_tag","embeddable":true,"href":"https:\/\/jornalboasnoticias.com.br\/home\/wp-json\/wp\/v2\/tags?post=45901"}],"curies":[{"name":"wp","href":"https:\/\/api.w.org\/{rel}","templated":true}]}}