{"id":45897,"date":"2024-11-27T22:02:04","date_gmt":"2024-11-27T22:02:04","guid":{"rendered":"https:\/\/jornalboasnoticias.com.br\/home\/?p=45897"},"modified":"2024-11-27T22:02:04","modified_gmt":"2024-11-27T22:02:04","slug":"dolar-fecha-na-maior-cotacao-do-plano-real-na-espera-por-cortes","status":"publish","type":"post","link":"https:\/\/jornalboasnoticias.com.br\/home\/dolar-fecha-na-maior-cotacao-do-plano-real-na-espera-por-cortes\/","title":{"rendered":"D\u00f3lar fecha na maior cota\u00e7\u00e3o do Plano Real na espera por cortes"},"content":{"rendered":"<div class=\"header-noticia full-width\">\n<div>\n<figure id=\"attachment_45898\" aria-describedby=\"caption-attachment-45898\" style=\"width: 1170px\" class=\"wp-caption alignnone\"><img loading=\"lazy\" decoding=\"async\" class=\"size-full wp-image-45898\" src=\"https:\/\/jornalboasnoticias.com.br\/home\/wp-content\/uploads\/2024\/11\/dolar_moeda_0803221211.webp\" alt=\"\" width=\"1170\" height=\"700\" srcset=\"https:\/\/jornalboasnoticias.com.br\/home\/wp-content\/uploads\/2024\/11\/dolar_moeda_0803221211.webp 1170w, https:\/\/jornalboasnoticias.com.br\/home\/wp-content\/uploads\/2024\/11\/dolar_moeda_0803221211-300x179.webp 300w, https:\/\/jornalboasnoticias.com.br\/home\/wp-content\/uploads\/2024\/11\/dolar_moeda_0803221211-1024x613.webp 1024w, https:\/\/jornalboasnoticias.com.br\/home\/wp-content\/uploads\/2024\/11\/dolar_moeda_0803221211-768x459.webp 768w\" sizes=\"auto, (max-width: 1170px) 100vw, 1170px\" \/><figcaption id=\"caption-attachment-45898\" class=\"wp-caption-text\">\u00a9 Valter Campanato\/Ag\u00eancia Brasil<\/figcaption><\/figure>\n<\/div>\n<\/div>\n<blockquote>\n<div class=\"header-noticia full-width\">\n<div class=\"linha-fina-noticia\">Bolsa cai 1,73% e fecha abaixo dos 128 mil pontos<\/div>\n<\/div>\n<\/blockquote>\n<div class=\"container-autoria\">\n<p>As expectativas em rela\u00e7\u00e3o ao pacote de corte de gastos provocaram um dia de nervosismo para o mercado financeiro. O d\u00f3lar superou a barreira de R$ 5,90 e fechou na maior cota\u00e7\u00e3o do Plano Real. A Bolsa de Valores caiu mais de 1,5% e ficou abaixo dos 128 mil pontos.<img decoding=\"async\" src=\"https:\/\/agenciabrasil.ebc.com.br\/ebc.png?id=1621482&amp;o=node\" \/><img decoding=\"async\" src=\"https:\/\/agenciabrasil.ebc.com.br\/ebc.gif?id=1621482&amp;o=node\" \/><\/p>\n<p>O d\u00f3lar comercial encerrou esta ter\u00e7a-feira (27) vendido a R$ 5,912, com alta de R$ 0,106 (+1,8%). A cota\u00e7\u00e3o passou a manh\u00e3 relativamente est\u00e1vel, mas come\u00e7ou a disparar \u00e0 tarde, ap\u00f3s not\u00edcias de que o pacote de corte de gastos incluir\u00e1 a isen\u00e7\u00e3o de Imposto de Renda para quem ganha at\u00e9 R$ 5 mil. Na m\u00e1xima do dia, por volta de 16h, a moeda norte-americana alcan\u00e7ou R$ 5,92.<\/p>\n<p>Com o desempenho de hoje, o d\u00f3lar acumula alta de 2,27% em novembro. Em 2024, a valoriza\u00e7\u00e3o chega a 21,8%.<\/p>\n<p>No mercado de a\u00e7\u00f5es, o dia tamb\u00e9m foi tenso. O \u00edndice Ibovespa, da B3, fechou aos 127.668,61 pontos, com queda de 1,73%. O indicador chegou a registrar leve alta durante a manh\u00e3, mas desabou ap\u00f3s a divulga\u00e7\u00e3o de not\u00edcias sobre o pacote fiscal.<\/p>\n<p>Durante a tarde, o ministro do Trabalho e Emprego, Luiz Marinho, afirmou que a proposta tratar\u00e1 da tabela do Imposto de Renda, mas n\u00e3o entrou em detalhes. Em contrapartida, confirmou que o pacote propor\u00e1 a\u00a0cobran\u00e7a de um imposto sobre grandes fortunas\u00a0e a limita\u00e7\u00e3o de supersal\u00e1rios no servi\u00e7o p\u00fablico.<\/p>\n<p>\u00c0s 20h30, o ministro da Fazenda, Fernando Haddad, apresentar\u00e1 as medidas em pronunciamento em cadeia de r\u00e1dio e televis\u00e3o. Nesta quinta-feira (28), o Minist\u00e9rio da Fazenda dar\u00e1 uma entrevista coletiva para explicar os detalhes do pacote de corte de gastos obrigat\u00f3rios.<\/p>\n<p>(Ag\u00eancia Brasil)<\/p>\n<\/div>\n","protected":false},"excerpt":{"rendered":"<p>Bolsa cai 1,73% e fecha abaixo dos 128 mil pontos As expectativas em rela\u00e7\u00e3o ao<\/p>\n","protected":false},"author":4,"featured_media":45898,"comment_status":"open","ping_status":"open","sticky":false,"template":"","format":"standard","meta":{"footnotes":""},"categories":[5],"tags":[],"class_list":["post-45897","post","type-post","status-publish","format-standard","has-post-thumbnail","hentry","category-economia"],"yoast_head":"<!-- This site is optimized with the Yoast SEO plugin v27.5 - https:\/\/yoast.com\/product\/yoast-seo-wordpress\/ -->\n<title>D\u00f3lar fecha na maior cota\u00e7\u00e3o do Plano Real na espera por cortes - Jornal<\/title>\n<meta name=\"description\" content=\"D\u00f3lar fecha na maior cota\u00e7\u00e3o do Plano Real na espera por cortes\" \/>\n<meta name=\"robots\" content=\"index, follow, max-snippet:-1, max-image-preview:large, max-video-preview:-1\" \/>\n<link rel=\"canonical\" href=\"https:\/\/jornalboasnoticias.com.br\/home\/dolar-fecha-na-maior-cotacao-do-plano-real-na-espera-por-cortes\/\" \/>\n<meta property=\"og:locale\" content=\"pt_BR\" \/>\n<meta property=\"og:type\" content=\"article\" \/>\n<meta property=\"og:title\" content=\"D\u00f3lar fecha na maior cota\u00e7\u00e3o do Plano Real na espera por cortes - Jornal\" \/>\n<meta property=\"og:description\" content=\"D\u00f3lar fecha na maior cota\u00e7\u00e3o do Plano Real na espera por cortes\" \/>\n<meta property=\"og:url\" content=\"https:\/\/jornalboasnoticias.com.br\/home\/dolar-fecha-na-maior-cotacao-do-plano-real-na-espera-por-cortes\/\" \/>\n<meta property=\"og:site_name\" content=\"Jornal\" \/>\n<meta property=\"article:publisher\" content=\"https:\/\/www.facebook.com\/boasnoticiasjornal\" \/>\n<meta property=\"article:published_time\" content=\"2024-11-27T22:02:04+00:00\" \/>\n<meta property=\"og:image\" content=\"https:\/\/jornalboasnoticias.com.br\/home\/wp-content\/uploads\/2024\/11\/dolar_moeda_0803221211.webp\" \/>\n\t<meta property=\"og:image:width\" content=\"1170\" \/>\n\t<meta property=\"og:image:height\" content=\"700\" \/>\n\t<meta property=\"og:image:type\" content=\"image\/webp\" \/>\n<meta name=\"author\" content=\"Ana Luiza Bonatto\" \/>\n<meta name=\"twitter:card\" content=\"summary_large_image\" \/>\n<meta name=\"twitter:label1\" content=\"Escrito por\" \/>\n\t<meta name=\"twitter:data1\" content=\"Ana Luiza Bonatto\" \/>\n\t<meta name=\"twitter:label2\" content=\"Est. tempo de leitura\" \/>\n\t<meta name=\"twitter:data2\" content=\"3 minutos\" \/>\n<script type=\"application\/ld+json\" class=\"yoast-schema-graph\">{\"@context\":\"https:\\\/\\\/schema.org\",\"@graph\":[{\"@type\":\"Article\",\"@id\":\"https:\\\/\\\/jornalboasnoticias.com.br\\\/home\\\/dolar-fecha-na-maior-cotacao-do-plano-real-na-espera-por-cortes\\\/#article\",\"isPartOf\":{\"@id\":\"https:\\\/\\\/jornalboasnoticias.com.br\\\/home\\\/dolar-fecha-na-maior-cotacao-do-plano-real-na-espera-por-cortes\\\/\"},\"author\":{\"name\":\"Ana Luiza Bonatto\",\"@id\":\"https:\\\/\\\/jornalboasnoticias.com.br\\\/home\\\/#\\\/schema\\\/person\\\/d641193e0afc6405b390164dac847971\"},\"headline\":\"D\u00f3lar fecha na maior cota\u00e7\u00e3o do Plano Real na espera por cortes\",\"datePublished\":\"2024-11-27T22:02:04+00:00\",\"mainEntityOfPage\":{\"@id\":\"https:\\\/\\\/jornalboasnoticias.com.br\\\/home\\\/dolar-fecha-na-maior-cotacao-do-plano-real-na-espera-por-cortes\\\/\"},\"wordCount\":323,\"commentCount\":0,\"publisher\":{\"@id\":\"https:\\\/\\\/jornalboasnoticias.com.br\\\/home\\\/#organization\"},\"image\":{\"@id\":\"https:\\\/\\\/jornalboasnoticias.com.br\\\/home\\\/dolar-fecha-na-maior-cotacao-do-plano-real-na-espera-por-cortes\\\/#primaryimage\"},\"thumbnailUrl\":\"https:\\\/\\\/jornalboasnoticias.com.br\\\/home\\\/wp-content\\\/uploads\\\/2024\\\/11\\\/dolar_moeda_0803221211.webp\",\"articleSection\":[\"ECONOMIA\"],\"inLanguage\":\"pt-BR\",\"potentialAction\":[{\"@type\":\"CommentAction\",\"name\":\"Comment\",\"target\":[\"https:\\\/\\\/jornalboasnoticias.com.br\\\/home\\\/dolar-fecha-na-maior-cotacao-do-plano-real-na-espera-por-cortes\\\/#respond\"]}]},{\"@type\":\"WebPage\",\"@id\":\"https:\\\/\\\/jornalboasnoticias.com.br\\\/home\\\/dolar-fecha-na-maior-cotacao-do-plano-real-na-espera-por-cortes\\\/\",\"url\":\"https:\\\/\\\/jornalboasnoticias.com.br\\\/home\\\/dolar-fecha-na-maior-cotacao-do-plano-real-na-espera-por-cortes\\\/\",\"name\":\"D\u00f3lar fecha na maior cota\u00e7\u00e3o do Plano Real na espera por cortes - Jornal\",\"isPartOf\":{\"@id\":\"https:\\\/\\\/jornalboasnoticias.com.br\\\/home\\\/#website\"},\"primaryImageOfPage\":{\"@id\":\"https:\\\/\\\/jornalboasnoticias.com.br\\\/home\\\/dolar-fecha-na-maior-cotacao-do-plano-real-na-espera-por-cortes\\\/#primaryimage\"},\"image\":{\"@id\":\"https:\\\/\\\/jornalboasnoticias.com.br\\\/home\\\/dolar-fecha-na-maior-cotacao-do-plano-real-na-espera-por-cortes\\\/#primaryimage\"},\"thumbnailUrl\":\"https:\\\/\\\/jornalboasnoticias.com.br\\\/home\\\/wp-content\\\/uploads\\\/2024\\\/11\\\/dolar_moeda_0803221211.webp\",\"datePublished\":\"2024-11-27T22:02:04+00:00\",\"description\":\"D\u00f3lar fecha na maior cota\u00e7\u00e3o do Plano Real na espera por cortes\",\"breadcrumb\":{\"@id\":\"https:\\\/\\\/jornalboasnoticias.com.br\\\/home\\\/dolar-fecha-na-maior-cotacao-do-plano-real-na-espera-por-cortes\\\/#breadcrumb\"},\"inLanguage\":\"pt-BR\",\"potentialAction\":[{\"@type\":\"ReadAction\",\"target\":[\"https:\\\/\\\/jornalboasnoticias.com.br\\\/home\\\/dolar-fecha-na-maior-cotacao-do-plano-real-na-espera-por-cortes\\\/\"]}]},{\"@type\":\"ImageObject\",\"inLanguage\":\"pt-BR\",\"@id\":\"https:\\\/\\\/jornalboasnoticias.com.br\\\/home\\\/dolar-fecha-na-maior-cotacao-do-plano-real-na-espera-por-cortes\\\/#primaryimage\",\"url\":\"https:\\\/\\\/jornalboasnoticias.com.br\\\/home\\\/wp-content\\\/uploads\\\/2024\\\/11\\\/dolar_moeda_0803221211.webp\",\"contentUrl\":\"https:\\\/\\\/jornalboasnoticias.com.br\\\/home\\\/wp-content\\\/uploads\\\/2024\\\/11\\\/dolar_moeda_0803221211.webp\",\"width\":1170,\"height\":700,\"caption\":\"\u00a9 Valter Campanato\\\/Ag\u00eancia Brasil\"},{\"@type\":\"BreadcrumbList\",\"@id\":\"https:\\\/\\\/jornalboasnoticias.com.br\\\/home\\\/dolar-fecha-na-maior-cotacao-do-plano-real-na-espera-por-cortes\\\/#breadcrumb\",\"itemListElement\":[{\"@type\":\"ListItem\",\"position\":1,\"name\":\"In\u00edcio\",\"item\":\"https:\\\/\\\/jornalboasnoticias.com.br\\\/home\\\/\"},{\"@type\":\"ListItem\",\"position\":2,\"name\":\"D\u00f3lar fecha na maior cota\u00e7\u00e3o do Plano Real na espera por cortes\"}]},{\"@type\":\"WebSite\",\"@id\":\"https:\\\/\\\/jornalboasnoticias.com.br\\\/home\\\/#website\",\"url\":\"https:\\\/\\\/jornalboasnoticias.com.br\\\/home\\\/\",\"name\":\"Jornal Boas Not\u00edcias\",\"description\":\"Boas not\u00edcias\",\"publisher\":{\"@id\":\"https:\\\/\\\/jornalboasnoticias.com.br\\\/home\\\/#organization\"},\"potentialAction\":[{\"@type\":\"SearchAction\",\"target\":{\"@type\":\"EntryPoint\",\"urlTemplate\":\"https:\\\/\\\/jornalboasnoticias.com.br\\\/home\\\/?s={search_term_string}\"},\"query-input\":{\"@type\":\"PropertyValueSpecification\",\"valueRequired\":true,\"valueName\":\"search_term_string\"}}],\"inLanguage\":\"pt-BR\"},{\"@type\":\"Organization\",\"@id\":\"https:\\\/\\\/jornalboasnoticias.com.br\\\/home\\\/#organization\",\"name\":\"Coq Editora Ltda\",\"alternateName\":\"Jornal Boas Noticias\",\"url\":\"https:\\\/\\\/jornalboasnoticias.com.br\\\/home\\\/\",\"logo\":{\"@type\":\"ImageObject\",\"inLanguage\":\"pt-BR\",\"@id\":\"https:\\\/\\\/jornalboasnoticias.com.br\\\/home\\\/#\\\/schema\\\/logo\\\/image\\\/\",\"url\":\"https:\\\/\\\/jornalboasnoticias.com.br\\\/home\\\/wp-content\\\/uploads\\\/2024\\\/07\\\/cropped-logo.jpg\",\"contentUrl\":\"https:\\\/\\\/jornalboasnoticias.com.br\\\/home\\\/wp-content\\\/uploads\\\/2024\\\/07\\\/cropped-logo.jpg\",\"width\":290,\"height\":142,\"caption\":\"Coq Editora Ltda\"},\"image\":{\"@id\":\"https:\\\/\\\/jornalboasnoticias.com.br\\\/home\\\/#\\\/schema\\\/logo\\\/image\\\/\"},\"sameAs\":[\"https:\\\/\\\/www.facebook.com\\\/boasnoticiasjornal\"]},{\"@type\":\"Person\",\"@id\":\"https:\\\/\\\/jornalboasnoticias.com.br\\\/home\\\/#\\\/schema\\\/person\\\/d641193e0afc6405b390164dac847971\",\"name\":\"Ana Luiza Bonatto\",\"image\":{\"@type\":\"ImageObject\",\"inLanguage\":\"pt-BR\",\"@id\":\"https:\\\/\\\/secure.gravatar.com\\\/avatar\\\/8a055ebe6373371f67ac6fcf313c0ac0b0a91157fdcdb9514fa62927373348f0?s=96&d=mm&r=g\",\"url\":\"https:\\\/\\\/secure.gravatar.com\\\/avatar\\\/8a055ebe6373371f67ac6fcf313c0ac0b0a91157fdcdb9514fa62927373348f0?s=96&d=mm&r=g\",\"contentUrl\":\"https:\\\/\\\/secure.gravatar.com\\\/avatar\\\/8a055ebe6373371f67ac6fcf313c0ac0b0a91157fdcdb9514fa62927373348f0?s=96&d=mm&r=g\",\"caption\":\"Ana Luiza Bonatto\"},\"url\":\"https:\\\/\\\/jornalboasnoticias.com.br\\\/home\\\/author\\\/ana-luiza\\\/\"}]}<\/script>\n<!-- \/ Yoast SEO plugin. -->","yoast_head_json":{"title":"D\u00f3lar fecha na maior cota\u00e7\u00e3o do Plano Real na espera por cortes - Jornal","description":"D\u00f3lar fecha na maior cota\u00e7\u00e3o do Plano Real na espera por cortes","robots":{"index":"index","follow":"follow","max-snippet":"max-snippet:-1","max-image-preview":"max-image-preview:large","max-video-preview":"max-video-preview:-1"},"canonical":"https:\/\/jornalboasnoticias.com.br\/home\/dolar-fecha-na-maior-cotacao-do-plano-real-na-espera-por-cortes\/","og_locale":"pt_BR","og_type":"article","og_title":"D\u00f3lar fecha na maior cota\u00e7\u00e3o do Plano Real na espera por cortes - Jornal","og_description":"D\u00f3lar fecha na maior cota\u00e7\u00e3o do Plano Real na espera por cortes","og_url":"https:\/\/jornalboasnoticias.com.br\/home\/dolar-fecha-na-maior-cotacao-do-plano-real-na-espera-por-cortes\/","og_site_name":"Jornal","article_publisher":"https:\/\/www.facebook.com\/boasnoticiasjornal","article_published_time":"2024-11-27T22:02:04+00:00","og_image":[{"width":1170,"height":700,"url":"https:\/\/jornalboasnoticias.com.br\/home\/wp-content\/uploads\/2024\/11\/dolar_moeda_0803221211.webp","type":"image\/webp"}],"author":"Ana Luiza Bonatto","twitter_card":"summary_large_image","twitter_misc":{"Escrito por":"Ana Luiza Bonatto","Est. tempo de leitura":"3 minutos"},"schema":{"@context":"https:\/\/schema.org","@graph":[{"@type":"Article","@id":"https:\/\/jornalboasnoticias.com.br\/home\/dolar-fecha-na-maior-cotacao-do-plano-real-na-espera-por-cortes\/#article","isPartOf":{"@id":"https:\/\/jornalboasnoticias.com.br\/home\/dolar-fecha-na-maior-cotacao-do-plano-real-na-espera-por-cortes\/"},"author":{"name":"Ana Luiza Bonatto","@id":"https:\/\/jornalboasnoticias.com.br\/home\/#\/schema\/person\/d641193e0afc6405b390164dac847971"},"headline":"D\u00f3lar fecha na maior cota\u00e7\u00e3o do Plano Real na espera por cortes","datePublished":"2024-11-27T22:02:04+00:00","mainEntityOfPage":{"@id":"https:\/\/jornalboasnoticias.com.br\/home\/dolar-fecha-na-maior-cotacao-do-plano-real-na-espera-por-cortes\/"},"wordCount":323,"commentCount":0,"publisher":{"@id":"https:\/\/jornalboasnoticias.com.br\/home\/#organization"},"image":{"@id":"https:\/\/jornalboasnoticias.com.br\/home\/dolar-fecha-na-maior-cotacao-do-plano-real-na-espera-por-cortes\/#primaryimage"},"thumbnailUrl":"https:\/\/jornalboasnoticias.com.br\/home\/wp-content\/uploads\/2024\/11\/dolar_moeda_0803221211.webp","articleSection":["ECONOMIA"],"inLanguage":"pt-BR","potentialAction":[{"@type":"CommentAction","name":"Comment","target":["https:\/\/jornalboasnoticias.com.br\/home\/dolar-fecha-na-maior-cotacao-do-plano-real-na-espera-por-cortes\/#respond"]}]},{"@type":"WebPage","@id":"https:\/\/jornalboasnoticias.com.br\/home\/dolar-fecha-na-maior-cotacao-do-plano-real-na-espera-por-cortes\/","url":"https:\/\/jornalboasnoticias.com.br\/home\/dolar-fecha-na-maior-cotacao-do-plano-real-na-espera-por-cortes\/","name":"D\u00f3lar fecha na maior cota\u00e7\u00e3o do Plano Real na espera por cortes - Jornal","isPartOf":{"@id":"https:\/\/jornalboasnoticias.com.br\/home\/#website"},"primaryImageOfPage":{"@id":"https:\/\/jornalboasnoticias.com.br\/home\/dolar-fecha-na-maior-cotacao-do-plano-real-na-espera-por-cortes\/#primaryimage"},"image":{"@id":"https:\/\/jornalboasnoticias.com.br\/home\/dolar-fecha-na-maior-cotacao-do-plano-real-na-espera-por-cortes\/#primaryimage"},"thumbnailUrl":"https:\/\/jornalboasnoticias.com.br\/home\/wp-content\/uploads\/2024\/11\/dolar_moeda_0803221211.webp","datePublished":"2024-11-27T22:02:04+00:00","description":"D\u00f3lar fecha na maior cota\u00e7\u00e3o do Plano Real na espera por cortes","breadcrumb":{"@id":"https:\/\/jornalboasnoticias.com.br\/home\/dolar-fecha-na-maior-cotacao-do-plano-real-na-espera-por-cortes\/#breadcrumb"},"inLanguage":"pt-BR","potentialAction":[{"@type":"ReadAction","target":["https:\/\/jornalboasnoticias.com.br\/home\/dolar-fecha-na-maior-cotacao-do-plano-real-na-espera-por-cortes\/"]}]},{"@type":"ImageObject","inLanguage":"pt-BR","@id":"https:\/\/jornalboasnoticias.com.br\/home\/dolar-fecha-na-maior-cotacao-do-plano-real-na-espera-por-cortes\/#primaryimage","url":"https:\/\/jornalboasnoticias.com.br\/home\/wp-content\/uploads\/2024\/11\/dolar_moeda_0803221211.webp","contentUrl":"https:\/\/jornalboasnoticias.com.br\/home\/wp-content\/uploads\/2024\/11\/dolar_moeda_0803221211.webp","width":1170,"height":700,"caption":"\u00a9 Valter Campanato\/Ag\u00eancia Brasil"},{"@type":"BreadcrumbList","@id":"https:\/\/jornalboasnoticias.com.br\/home\/dolar-fecha-na-maior-cotacao-do-plano-real-na-espera-por-cortes\/#breadcrumb","itemListElement":[{"@type":"ListItem","position":1,"name":"In\u00edcio","item":"https:\/\/jornalboasnoticias.com.br\/home\/"},{"@type":"ListItem","position":2,"name":"D\u00f3lar fecha na maior cota\u00e7\u00e3o do Plano Real na espera por cortes"}]},{"@type":"WebSite","@id":"https:\/\/jornalboasnoticias.com.br\/home\/#website","url":"https:\/\/jornalboasnoticias.com.br\/home\/","name":"Jornal Boas Not\u00edcias","description":"Boas not\u00edcias","publisher":{"@id":"https:\/\/jornalboasnoticias.com.br\/home\/#organization"},"potentialAction":[{"@type":"SearchAction","target":{"@type":"EntryPoint","urlTemplate":"https:\/\/jornalboasnoticias.com.br\/home\/?s={search_term_string}"},"query-input":{"@type":"PropertyValueSpecification","valueRequired":true,"valueName":"search_term_string"}}],"inLanguage":"pt-BR"},{"@type":"Organization","@id":"https:\/\/jornalboasnoticias.com.br\/home\/#organization","name":"Coq Editora Ltda","alternateName":"Jornal Boas Noticias","url":"https:\/\/jornalboasnoticias.com.br\/home\/","logo":{"@type":"ImageObject","inLanguage":"pt-BR","@id":"https:\/\/jornalboasnoticias.com.br\/home\/#\/schema\/logo\/image\/","url":"https:\/\/jornalboasnoticias.com.br\/home\/wp-content\/uploads\/2024\/07\/cropped-logo.jpg","contentUrl":"https:\/\/jornalboasnoticias.com.br\/home\/wp-content\/uploads\/2024\/07\/cropped-logo.jpg","width":290,"height":142,"caption":"Coq Editora Ltda"},"image":{"@id":"https:\/\/jornalboasnoticias.com.br\/home\/#\/schema\/logo\/image\/"},"sameAs":["https:\/\/www.facebook.com\/boasnoticiasjornal"]},{"@type":"Person","@id":"https:\/\/jornalboasnoticias.com.br\/home\/#\/schema\/person\/d641193e0afc6405b390164dac847971","name":"Ana Luiza Bonatto","image":{"@type":"ImageObject","inLanguage":"pt-BR","@id":"https:\/\/secure.gravatar.com\/avatar\/8a055ebe6373371f67ac6fcf313c0ac0b0a91157fdcdb9514fa62927373348f0?s=96&d=mm&r=g","url":"https:\/\/secure.gravatar.com\/avatar\/8a055ebe6373371f67ac6fcf313c0ac0b0a91157fdcdb9514fa62927373348f0?s=96&d=mm&r=g","contentUrl":"https:\/\/secure.gravatar.com\/avatar\/8a055ebe6373371f67ac6fcf313c0ac0b0a91157fdcdb9514fa62927373348f0?s=96&d=mm&r=g","caption":"Ana Luiza Bonatto"},"url":"https:\/\/jornalboasnoticias.com.br\/home\/author\/ana-luiza\/"}]}},"_links":{"self":[{"href":"https:\/\/jornalboasnoticias.com.br\/home\/wp-json\/wp\/v2\/posts\/45897","targetHints":{"allow":["GET"]}}],"collection":[{"href":"https:\/\/jornalboasnoticias.com.br\/home\/wp-json\/wp\/v2\/posts"}],"about":[{"href":"https:\/\/jornalboasnoticias.com.br\/home\/wp-json\/wp\/v2\/types\/post"}],"author":[{"embeddable":true,"href":"https:\/\/jornalboasnoticias.com.br\/home\/wp-json\/wp\/v2\/users\/4"}],"replies":[{"embeddable":true,"href":"https:\/\/jornalboasnoticias.com.br\/home\/wp-json\/wp\/v2\/comments?post=45897"}],"version-history":[{"count":2,"href":"https:\/\/jornalboasnoticias.com.br\/home\/wp-json\/wp\/v2\/posts\/45897\/revisions"}],"predecessor-version":[{"id":45900,"href":"https:\/\/jornalboasnoticias.com.br\/home\/wp-json\/wp\/v2\/posts\/45897\/revisions\/45900"}],"wp:featuredmedia":[{"embeddable":true,"href":"https:\/\/jornalboasnoticias.com.br\/home\/wp-json\/wp\/v2\/media\/45898"}],"wp:attachment":[{"href":"https:\/\/jornalboasnoticias.com.br\/home\/wp-json\/wp\/v2\/media?parent=45897"}],"wp:term":[{"taxonomy":"category","embeddable":true,"href":"https:\/\/jornalboasnoticias.com.br\/home\/wp-json\/wp\/v2\/categories?post=45897"},{"taxonomy":"post_tag","embeddable":true,"href":"https:\/\/jornalboasnoticias.com.br\/home\/wp-json\/wp\/v2\/tags?post=45897"}],"curies":[{"name":"wp","href":"https:\/\/api.w.org\/{rel}","templated":true}]}}