{"id":45891,"date":"2024-11-27T21:59:06","date_gmt":"2024-11-27T21:59:06","guid":{"rendered":"https:\/\/jornalboasnoticias.com.br\/home\/?p=45891"},"modified":"2024-11-27T21:59:06","modified_gmt":"2024-11-27T21:59:06","slug":"barroso-primeira-turma-do-stf-deve-julgar-tentativa-de-golpe","status":"publish","type":"post","link":"https:\/\/jornalboasnoticias.com.br\/home\/barroso-primeira-turma-do-stf-deve-julgar-tentativa-de-golpe\/","title":{"rendered":"Barroso: Primeira Turma do STF deve julgar tentativa de golpe"},"content":{"rendered":"<div class=\"header-noticia full-width\">\n<div>\n<figure id=\"attachment_45892\" aria-describedby=\"caption-attachment-45892\" style=\"width: 1170px\" class=\"wp-caption alignnone\"><img loading=\"lazy\" decoding=\"async\" class=\"size-full wp-image-45892\" src=\"https:\/\/jornalboasnoticias.com.br\/home\/wp-content\/uploads\/2024\/11\/vac_abr2909234484.webp\" alt=\"\" width=\"1170\" height=\"700\" srcset=\"https:\/\/jornalboasnoticias.com.br\/home\/wp-content\/uploads\/2024\/11\/vac_abr2909234484.webp 1170w, https:\/\/jornalboasnoticias.com.br\/home\/wp-content\/uploads\/2024\/11\/vac_abr2909234484-300x179.webp 300w, https:\/\/jornalboasnoticias.com.br\/home\/wp-content\/uploads\/2024\/11\/vac_abr2909234484-1024x613.webp 1024w, https:\/\/jornalboasnoticias.com.br\/home\/wp-content\/uploads\/2024\/11\/vac_abr2909234484-768x459.webp 768w\" sizes=\"auto, (max-width: 1170px) 100vw, 1170px\" \/><figcaption id=\"caption-attachment-45892\" class=\"wp-caption-text\">\u00a9 Valter Campanato\/Ag\u00eancia Brasil<\/figcaption><\/figure>\n<\/div>\n<\/div>\n<blockquote>\n<div class=\"header-noticia full-width\">\n<div class=\"linha-fina-noticia\">Por ser presidente da Corte, o ministro n\u00e3o faz parte das turmas<\/div>\n<\/div>\n<\/blockquote>\n<div>\n<p>O presidente do Supremo Tribunal Federal (STF), ministro Lu\u00eds Roberto Barroso, disse nesta quarta-feira (27) que a eventual den\u00fancia da Procuradoria-Geral da Rep\u00fablica (PGR) contra o ex-presidente Jair Bolsonaro e 36 acusados pela tentativa de golpe deve ser julgada pela Primeira Turma da Corte, colegiado formado por cinco dos 11 ministros do tribunal.<img decoding=\"async\" src=\"https:\/\/agenciabrasil.ebc.com.br\/ebc.png?id=1621481&amp;o=node\" \/><img decoding=\"async\" src=\"https:\/\/agenciabrasil.ebc.com.br\/ebc.gif?id=1621481&amp;o=node\" \/><\/p>\n<p>Ao ser perguntado se um processo com 37 r\u00e9us n\u00e3o deveria ser julgado pelo plen\u00e1rio, Barroso disse que a compet\u00eancia legal para tratar do caso \u00e9 da Primeira Turma.<\/p>\n<p>&#8220;O ju\u00edzo natural dessas mat\u00e9rias \u00e9 a Primeira Turma. O excepcional seria ir para o plen\u00e1rio. Se o relator [Alexandre de Moraes] e a Primeira Turma entenderem que \u00e9 o plen\u00e1rio, vai para o plen\u00e1rio. A compet\u00eancia \u00e9 deles, e n\u00e3o \u00e9 uma mat\u00e9ria esteja na al\u00e7ada da presid\u00eancia&#8221;, afirmou.<\/p>\n<p>Pelo regimento interno do STF, cabe \u00e0s duas turmas do tribunal julgar a\u00e7\u00f5es penais. Como o relator do caso, ministro Alexandre de Moraes, faz parte da Primeira Turma, a eventual den\u00fancia ser\u00e1 julgada pelo colegiado.<\/p>\n<p>Al\u00e9m do relator, comp\u00f5em a turma os ministros Fl\u00e1vio Dino, Cristiano Zanin, C\u00e1rmen L\u00facia e Luiz Fux.<\/p>\n<p>Se a maioria de tr\u00eas ministros aceitar a eventual den\u00fancia, Bolsonaro e os outros acusados viram r\u00e9us e passam a responder a uma a\u00e7\u00e3o penal no STF. No plen\u00e1rio, a maioria seria formada por seis votos.<\/p>\n<p>A Segunda Turma \u00e9 composta pelos ministros Gilmar Mendes, Dias Toffoli, Edson Fachin, al\u00e9m de Andr\u00e9 Mendon\u00e7a e Nunes Marques, ambos indicados ao STF pelo ex-presidente Bolsonaro.<\/p>\n<p>Por ser presidente da Corte, Barroso n\u00e3o faz parte das turmas. O plen\u00e1rio \u00e9 composto pelos integrantes das duas turmas, al\u00e9m de Barroso.<\/p>\n<h2>Indiciamento<\/h2>\n<p>Ontem (26), Alexandre de Moraes retirou o sigilo o inqu\u00e9rito no qual Bolsonaro e demais acusados foram indiciados pela tentativa de golpe e enviou o processo para a PGR.<\/p>\n<p>Com o envio do relat\u00f3rio da Pol\u00edcia Federal (PF), o procurador-geral da Rep\u00fablica, Paulo Gonet, vai decidir se o ex-presidente e os demais acusados ser\u00e3o denunciados ao Supremo pelos crimes imputados pelos investigadores.<\/p>\n<p>Devido ao per\u00edodo de recesso de fim de ano no Supremo, a eventual den\u00fancia deve ser enviada ao STF somente em 2025. O recesso come\u00e7a no dia 20 de dezembro e vai at\u00e9 1\u00b0 de fevereiro do ano que vem.<\/p>\n<p>(Ag\u00eancia Brasil)<\/p>\n<\/div>\n<blockquote>\n<div class=\"subheader\">\n<div class=\"container-autoria\"><\/div>\n<\/div>\n<\/blockquote>\n","protected":false},"excerpt":{"rendered":"<p>Por ser presidente da Corte, o ministro n\u00e3o faz parte das turmas O presidente do<\/p>\n","protected":false},"author":4,"featured_media":45892,"comment_status":"open","ping_status":"open","sticky":false,"template":"","format":"standard","meta":{"footnotes":""},"categories":[22],"tags":[],"class_list":["post-45891","post","type-post","status-publish","format-standard","has-post-thumbnail","hentry","category-justica"],"yoast_head":"<!-- This site is optimized with the Yoast SEO plugin v27.5 - https:\/\/yoast.com\/product\/yoast-seo-wordpress\/ -->\n<title>Barroso: Primeira Turma do STF deve julgar tentativa de golpe - Jornal<\/title>\n<meta name=\"description\" content=\"Barroso: Primeira Turma do STF deve julgar tentativa de golpe\" \/>\n<meta name=\"robots\" content=\"index, follow, max-snippet:-1, max-image-preview:large, max-video-preview:-1\" \/>\n<link rel=\"canonical\" href=\"https:\/\/jornalboasnoticias.com.br\/home\/barroso-primeira-turma-do-stf-deve-julgar-tentativa-de-golpe\/\" \/>\n<meta property=\"og:locale\" content=\"pt_BR\" \/>\n<meta property=\"og:type\" content=\"article\" \/>\n<meta property=\"og:title\" content=\"Barroso: Primeira Turma do STF deve julgar tentativa de golpe - Jornal\" \/>\n<meta property=\"og:description\" content=\"Barroso: Primeira Turma do STF deve julgar tentativa de golpe\" \/>\n<meta property=\"og:url\" content=\"https:\/\/jornalboasnoticias.com.br\/home\/barroso-primeira-turma-do-stf-deve-julgar-tentativa-de-golpe\/\" \/>\n<meta property=\"og:site_name\" content=\"Jornal\" \/>\n<meta property=\"article:publisher\" content=\"https:\/\/www.facebook.com\/boasnoticiasjornal\" \/>\n<meta property=\"article:published_time\" content=\"2024-11-27T21:59:06+00:00\" \/>\n<meta property=\"og:image\" content=\"https:\/\/jornalboasnoticias.com.br\/home\/wp-content\/uploads\/2024\/11\/vac_abr2909234484.webp\" \/>\n\t<meta property=\"og:image:width\" content=\"1170\" \/>\n\t<meta property=\"og:image:height\" content=\"700\" \/>\n\t<meta property=\"og:image:type\" content=\"image\/webp\" \/>\n<meta name=\"author\" content=\"Ana Luiza Bonatto\" \/>\n<meta name=\"twitter:card\" content=\"summary_large_image\" \/>\n<meta name=\"twitter:label1\" content=\"Escrito por\" \/>\n\t<meta name=\"twitter:data1\" content=\"Ana Luiza Bonatto\" \/>\n\t<meta name=\"twitter:label2\" content=\"Est. tempo de leitura\" \/>\n\t<meta name=\"twitter:data2\" content=\"3 minutos\" \/>\n<script type=\"application\/ld+json\" class=\"yoast-schema-graph\">{\"@context\":\"https:\\\/\\\/schema.org\",\"@graph\":[{\"@type\":\"Article\",\"@id\":\"https:\\\/\\\/jornalboasnoticias.com.br\\\/home\\\/barroso-primeira-turma-do-stf-deve-julgar-tentativa-de-golpe\\\/#article\",\"isPartOf\":{\"@id\":\"https:\\\/\\\/jornalboasnoticias.com.br\\\/home\\\/barroso-primeira-turma-do-stf-deve-julgar-tentativa-de-golpe\\\/\"},\"author\":{\"name\":\"Ana Luiza Bonatto\",\"@id\":\"https:\\\/\\\/jornalboasnoticias.com.br\\\/home\\\/#\\\/schema\\\/person\\\/d641193e0afc6405b390164dac847971\"},\"headline\":\"Barroso: Primeira Turma do STF deve julgar tentativa de golpe\",\"datePublished\":\"2024-11-27T21:59:06+00:00\",\"mainEntityOfPage\":{\"@id\":\"https:\\\/\\\/jornalboasnoticias.com.br\\\/home\\\/barroso-primeira-turma-do-stf-deve-julgar-tentativa-de-golpe\\\/\"},\"wordCount\":438,\"commentCount\":0,\"publisher\":{\"@id\":\"https:\\\/\\\/jornalboasnoticias.com.br\\\/home\\\/#organization\"},\"image\":{\"@id\":\"https:\\\/\\\/jornalboasnoticias.com.br\\\/home\\\/barroso-primeira-turma-do-stf-deve-julgar-tentativa-de-golpe\\\/#primaryimage\"},\"thumbnailUrl\":\"https:\\\/\\\/jornalboasnoticias.com.br\\\/home\\\/wp-content\\\/uploads\\\/2024\\\/11\\\/vac_abr2909234484.webp\",\"articleSection\":[\"JUSTI\u00c7A\"],\"inLanguage\":\"pt-BR\",\"potentialAction\":[{\"@type\":\"CommentAction\",\"name\":\"Comment\",\"target\":[\"https:\\\/\\\/jornalboasnoticias.com.br\\\/home\\\/barroso-primeira-turma-do-stf-deve-julgar-tentativa-de-golpe\\\/#respond\"]}]},{\"@type\":\"WebPage\",\"@id\":\"https:\\\/\\\/jornalboasnoticias.com.br\\\/home\\\/barroso-primeira-turma-do-stf-deve-julgar-tentativa-de-golpe\\\/\",\"url\":\"https:\\\/\\\/jornalboasnoticias.com.br\\\/home\\\/barroso-primeira-turma-do-stf-deve-julgar-tentativa-de-golpe\\\/\",\"name\":\"Barroso: Primeira Turma do STF deve julgar tentativa de golpe - Jornal\",\"isPartOf\":{\"@id\":\"https:\\\/\\\/jornalboasnoticias.com.br\\\/home\\\/#website\"},\"primaryImageOfPage\":{\"@id\":\"https:\\\/\\\/jornalboasnoticias.com.br\\\/home\\\/barroso-primeira-turma-do-stf-deve-julgar-tentativa-de-golpe\\\/#primaryimage\"},\"image\":{\"@id\":\"https:\\\/\\\/jornalboasnoticias.com.br\\\/home\\\/barroso-primeira-turma-do-stf-deve-julgar-tentativa-de-golpe\\\/#primaryimage\"},\"thumbnailUrl\":\"https:\\\/\\\/jornalboasnoticias.com.br\\\/home\\\/wp-content\\\/uploads\\\/2024\\\/11\\\/vac_abr2909234484.webp\",\"datePublished\":\"2024-11-27T21:59:06+00:00\",\"description\":\"Barroso: Primeira Turma do STF deve julgar tentativa de golpe\",\"breadcrumb\":{\"@id\":\"https:\\\/\\\/jornalboasnoticias.com.br\\\/home\\\/barroso-primeira-turma-do-stf-deve-julgar-tentativa-de-golpe\\\/#breadcrumb\"},\"inLanguage\":\"pt-BR\",\"potentialAction\":[{\"@type\":\"ReadAction\",\"target\":[\"https:\\\/\\\/jornalboasnoticias.com.br\\\/home\\\/barroso-primeira-turma-do-stf-deve-julgar-tentativa-de-golpe\\\/\"]}]},{\"@type\":\"ImageObject\",\"inLanguage\":\"pt-BR\",\"@id\":\"https:\\\/\\\/jornalboasnoticias.com.br\\\/home\\\/barroso-primeira-turma-do-stf-deve-julgar-tentativa-de-golpe\\\/#primaryimage\",\"url\":\"https:\\\/\\\/jornalboasnoticias.com.br\\\/home\\\/wp-content\\\/uploads\\\/2024\\\/11\\\/vac_abr2909234484.webp\",\"contentUrl\":\"https:\\\/\\\/jornalboasnoticias.com.br\\\/home\\\/wp-content\\\/uploads\\\/2024\\\/11\\\/vac_abr2909234484.webp\",\"width\":1170,\"height\":700,\"caption\":\"\u00a9 Valter Campanato\\\/Ag\u00eancia Brasil\"},{\"@type\":\"BreadcrumbList\",\"@id\":\"https:\\\/\\\/jornalboasnoticias.com.br\\\/home\\\/barroso-primeira-turma-do-stf-deve-julgar-tentativa-de-golpe\\\/#breadcrumb\",\"itemListElement\":[{\"@type\":\"ListItem\",\"position\":1,\"name\":\"In\u00edcio\",\"item\":\"https:\\\/\\\/jornalboasnoticias.com.br\\\/home\\\/\"},{\"@type\":\"ListItem\",\"position\":2,\"name\":\"Barroso: Primeira Turma do STF deve julgar tentativa de golpe\"}]},{\"@type\":\"WebSite\",\"@id\":\"https:\\\/\\\/jornalboasnoticias.com.br\\\/home\\\/#website\",\"url\":\"https:\\\/\\\/jornalboasnoticias.com.br\\\/home\\\/\",\"name\":\"Jornal Boas Not\u00edcias\",\"description\":\"Boas not\u00edcias\",\"publisher\":{\"@id\":\"https:\\\/\\\/jornalboasnoticias.com.br\\\/home\\\/#organization\"},\"potentialAction\":[{\"@type\":\"SearchAction\",\"target\":{\"@type\":\"EntryPoint\",\"urlTemplate\":\"https:\\\/\\\/jornalboasnoticias.com.br\\\/home\\\/?s={search_term_string}\"},\"query-input\":{\"@type\":\"PropertyValueSpecification\",\"valueRequired\":true,\"valueName\":\"search_term_string\"}}],\"inLanguage\":\"pt-BR\"},{\"@type\":\"Organization\",\"@id\":\"https:\\\/\\\/jornalboasnoticias.com.br\\\/home\\\/#organization\",\"name\":\"Coq Editora Ltda\",\"alternateName\":\"Jornal Boas Noticias\",\"url\":\"https:\\\/\\\/jornalboasnoticias.com.br\\\/home\\\/\",\"logo\":{\"@type\":\"ImageObject\",\"inLanguage\":\"pt-BR\",\"@id\":\"https:\\\/\\\/jornalboasnoticias.com.br\\\/home\\\/#\\\/schema\\\/logo\\\/image\\\/\",\"url\":\"https:\\\/\\\/jornalboasnoticias.com.br\\\/home\\\/wp-content\\\/uploads\\\/2024\\\/07\\\/cropped-logo.jpg\",\"contentUrl\":\"https:\\\/\\\/jornalboasnoticias.com.br\\\/home\\\/wp-content\\\/uploads\\\/2024\\\/07\\\/cropped-logo.jpg\",\"width\":290,\"height\":142,\"caption\":\"Coq Editora Ltda\"},\"image\":{\"@id\":\"https:\\\/\\\/jornalboasnoticias.com.br\\\/home\\\/#\\\/schema\\\/logo\\\/image\\\/\"},\"sameAs\":[\"https:\\\/\\\/www.facebook.com\\\/boasnoticiasjornal\"]},{\"@type\":\"Person\",\"@id\":\"https:\\\/\\\/jornalboasnoticias.com.br\\\/home\\\/#\\\/schema\\\/person\\\/d641193e0afc6405b390164dac847971\",\"name\":\"Ana Luiza Bonatto\",\"image\":{\"@type\":\"ImageObject\",\"inLanguage\":\"pt-BR\",\"@id\":\"https:\\\/\\\/secure.gravatar.com\\\/avatar\\\/8a055ebe6373371f67ac6fcf313c0ac0b0a91157fdcdb9514fa62927373348f0?s=96&d=mm&r=g\",\"url\":\"https:\\\/\\\/secure.gravatar.com\\\/avatar\\\/8a055ebe6373371f67ac6fcf313c0ac0b0a91157fdcdb9514fa62927373348f0?s=96&d=mm&r=g\",\"contentUrl\":\"https:\\\/\\\/secure.gravatar.com\\\/avatar\\\/8a055ebe6373371f67ac6fcf313c0ac0b0a91157fdcdb9514fa62927373348f0?s=96&d=mm&r=g\",\"caption\":\"Ana Luiza Bonatto\"},\"url\":\"https:\\\/\\\/jornalboasnoticias.com.br\\\/home\\\/author\\\/ana-luiza\\\/\"}]}<\/script>\n<!-- \/ Yoast SEO plugin. -->","yoast_head_json":{"title":"Barroso: Primeira Turma do STF deve julgar tentativa de golpe - Jornal","description":"Barroso: Primeira Turma do STF deve julgar tentativa de golpe","robots":{"index":"index","follow":"follow","max-snippet":"max-snippet:-1","max-image-preview":"max-image-preview:large","max-video-preview":"max-video-preview:-1"},"canonical":"https:\/\/jornalboasnoticias.com.br\/home\/barroso-primeira-turma-do-stf-deve-julgar-tentativa-de-golpe\/","og_locale":"pt_BR","og_type":"article","og_title":"Barroso: Primeira Turma do STF deve julgar tentativa de golpe - Jornal","og_description":"Barroso: Primeira Turma do STF deve julgar tentativa de golpe","og_url":"https:\/\/jornalboasnoticias.com.br\/home\/barroso-primeira-turma-do-stf-deve-julgar-tentativa-de-golpe\/","og_site_name":"Jornal","article_publisher":"https:\/\/www.facebook.com\/boasnoticiasjornal","article_published_time":"2024-11-27T21:59:06+00:00","og_image":[{"width":1170,"height":700,"url":"https:\/\/jornalboasnoticias.com.br\/home\/wp-content\/uploads\/2024\/11\/vac_abr2909234484.webp","type":"image\/webp"}],"author":"Ana Luiza Bonatto","twitter_card":"summary_large_image","twitter_misc":{"Escrito por":"Ana Luiza Bonatto","Est. tempo de leitura":"3 minutos"},"schema":{"@context":"https:\/\/schema.org","@graph":[{"@type":"Article","@id":"https:\/\/jornalboasnoticias.com.br\/home\/barroso-primeira-turma-do-stf-deve-julgar-tentativa-de-golpe\/#article","isPartOf":{"@id":"https:\/\/jornalboasnoticias.com.br\/home\/barroso-primeira-turma-do-stf-deve-julgar-tentativa-de-golpe\/"},"author":{"name":"Ana Luiza Bonatto","@id":"https:\/\/jornalboasnoticias.com.br\/home\/#\/schema\/person\/d641193e0afc6405b390164dac847971"},"headline":"Barroso: Primeira Turma do STF deve julgar tentativa de golpe","datePublished":"2024-11-27T21:59:06+00:00","mainEntityOfPage":{"@id":"https:\/\/jornalboasnoticias.com.br\/home\/barroso-primeira-turma-do-stf-deve-julgar-tentativa-de-golpe\/"},"wordCount":438,"commentCount":0,"publisher":{"@id":"https:\/\/jornalboasnoticias.com.br\/home\/#organization"},"image":{"@id":"https:\/\/jornalboasnoticias.com.br\/home\/barroso-primeira-turma-do-stf-deve-julgar-tentativa-de-golpe\/#primaryimage"},"thumbnailUrl":"https:\/\/jornalboasnoticias.com.br\/home\/wp-content\/uploads\/2024\/11\/vac_abr2909234484.webp","articleSection":["JUSTI\u00c7A"],"inLanguage":"pt-BR","potentialAction":[{"@type":"CommentAction","name":"Comment","target":["https:\/\/jornalboasnoticias.com.br\/home\/barroso-primeira-turma-do-stf-deve-julgar-tentativa-de-golpe\/#respond"]}]},{"@type":"WebPage","@id":"https:\/\/jornalboasnoticias.com.br\/home\/barroso-primeira-turma-do-stf-deve-julgar-tentativa-de-golpe\/","url":"https:\/\/jornalboasnoticias.com.br\/home\/barroso-primeira-turma-do-stf-deve-julgar-tentativa-de-golpe\/","name":"Barroso: Primeira Turma do STF deve julgar tentativa de golpe - Jornal","isPartOf":{"@id":"https:\/\/jornalboasnoticias.com.br\/home\/#website"},"primaryImageOfPage":{"@id":"https:\/\/jornalboasnoticias.com.br\/home\/barroso-primeira-turma-do-stf-deve-julgar-tentativa-de-golpe\/#primaryimage"},"image":{"@id":"https:\/\/jornalboasnoticias.com.br\/home\/barroso-primeira-turma-do-stf-deve-julgar-tentativa-de-golpe\/#primaryimage"},"thumbnailUrl":"https:\/\/jornalboasnoticias.com.br\/home\/wp-content\/uploads\/2024\/11\/vac_abr2909234484.webp","datePublished":"2024-11-27T21:59:06+00:00","description":"Barroso: Primeira Turma do STF deve julgar tentativa de golpe","breadcrumb":{"@id":"https:\/\/jornalboasnoticias.com.br\/home\/barroso-primeira-turma-do-stf-deve-julgar-tentativa-de-golpe\/#breadcrumb"},"inLanguage":"pt-BR","potentialAction":[{"@type":"ReadAction","target":["https:\/\/jornalboasnoticias.com.br\/home\/barroso-primeira-turma-do-stf-deve-julgar-tentativa-de-golpe\/"]}]},{"@type":"ImageObject","inLanguage":"pt-BR","@id":"https:\/\/jornalboasnoticias.com.br\/home\/barroso-primeira-turma-do-stf-deve-julgar-tentativa-de-golpe\/#primaryimage","url":"https:\/\/jornalboasnoticias.com.br\/home\/wp-content\/uploads\/2024\/11\/vac_abr2909234484.webp","contentUrl":"https:\/\/jornalboasnoticias.com.br\/home\/wp-content\/uploads\/2024\/11\/vac_abr2909234484.webp","width":1170,"height":700,"caption":"\u00a9 Valter Campanato\/Ag\u00eancia Brasil"},{"@type":"BreadcrumbList","@id":"https:\/\/jornalboasnoticias.com.br\/home\/barroso-primeira-turma-do-stf-deve-julgar-tentativa-de-golpe\/#breadcrumb","itemListElement":[{"@type":"ListItem","position":1,"name":"In\u00edcio","item":"https:\/\/jornalboasnoticias.com.br\/home\/"},{"@type":"ListItem","position":2,"name":"Barroso: Primeira Turma do STF deve julgar tentativa de golpe"}]},{"@type":"WebSite","@id":"https:\/\/jornalboasnoticias.com.br\/home\/#website","url":"https:\/\/jornalboasnoticias.com.br\/home\/","name":"Jornal Boas Not\u00edcias","description":"Boas not\u00edcias","publisher":{"@id":"https:\/\/jornalboasnoticias.com.br\/home\/#organization"},"potentialAction":[{"@type":"SearchAction","target":{"@type":"EntryPoint","urlTemplate":"https:\/\/jornalboasnoticias.com.br\/home\/?s={search_term_string}"},"query-input":{"@type":"PropertyValueSpecification","valueRequired":true,"valueName":"search_term_string"}}],"inLanguage":"pt-BR"},{"@type":"Organization","@id":"https:\/\/jornalboasnoticias.com.br\/home\/#organization","name":"Coq Editora Ltda","alternateName":"Jornal Boas Noticias","url":"https:\/\/jornalboasnoticias.com.br\/home\/","logo":{"@type":"ImageObject","inLanguage":"pt-BR","@id":"https:\/\/jornalboasnoticias.com.br\/home\/#\/schema\/logo\/image\/","url":"https:\/\/jornalboasnoticias.com.br\/home\/wp-content\/uploads\/2024\/07\/cropped-logo.jpg","contentUrl":"https:\/\/jornalboasnoticias.com.br\/home\/wp-content\/uploads\/2024\/07\/cropped-logo.jpg","width":290,"height":142,"caption":"Coq Editora Ltda"},"image":{"@id":"https:\/\/jornalboasnoticias.com.br\/home\/#\/schema\/logo\/image\/"},"sameAs":["https:\/\/www.facebook.com\/boasnoticiasjornal"]},{"@type":"Person","@id":"https:\/\/jornalboasnoticias.com.br\/home\/#\/schema\/person\/d641193e0afc6405b390164dac847971","name":"Ana Luiza Bonatto","image":{"@type":"ImageObject","inLanguage":"pt-BR","@id":"https:\/\/secure.gravatar.com\/avatar\/8a055ebe6373371f67ac6fcf313c0ac0b0a91157fdcdb9514fa62927373348f0?s=96&d=mm&r=g","url":"https:\/\/secure.gravatar.com\/avatar\/8a055ebe6373371f67ac6fcf313c0ac0b0a91157fdcdb9514fa62927373348f0?s=96&d=mm&r=g","contentUrl":"https:\/\/secure.gravatar.com\/avatar\/8a055ebe6373371f67ac6fcf313c0ac0b0a91157fdcdb9514fa62927373348f0?s=96&d=mm&r=g","caption":"Ana Luiza Bonatto"},"url":"https:\/\/jornalboasnoticias.com.br\/home\/author\/ana-luiza\/"}]}},"_links":{"self":[{"href":"https:\/\/jornalboasnoticias.com.br\/home\/wp-json\/wp\/v2\/posts\/45891","targetHints":{"allow":["GET"]}}],"collection":[{"href":"https:\/\/jornalboasnoticias.com.br\/home\/wp-json\/wp\/v2\/posts"}],"about":[{"href":"https:\/\/jornalboasnoticias.com.br\/home\/wp-json\/wp\/v2\/types\/post"}],"author":[{"embeddable":true,"href":"https:\/\/jornalboasnoticias.com.br\/home\/wp-json\/wp\/v2\/users\/4"}],"replies":[{"embeddable":true,"href":"https:\/\/jornalboasnoticias.com.br\/home\/wp-json\/wp\/v2\/comments?post=45891"}],"version-history":[{"count":1,"href":"https:\/\/jornalboasnoticias.com.br\/home\/wp-json\/wp\/v2\/posts\/45891\/revisions"}],"predecessor-version":[{"id":45893,"href":"https:\/\/jornalboasnoticias.com.br\/home\/wp-json\/wp\/v2\/posts\/45891\/revisions\/45893"}],"wp:featuredmedia":[{"embeddable":true,"href":"https:\/\/jornalboasnoticias.com.br\/home\/wp-json\/wp\/v2\/media\/45892"}],"wp:attachment":[{"href":"https:\/\/jornalboasnoticias.com.br\/home\/wp-json\/wp\/v2\/media?parent=45891"}],"wp:term":[{"taxonomy":"category","embeddable":true,"href":"https:\/\/jornalboasnoticias.com.br\/home\/wp-json\/wp\/v2\/categories?post=45891"},{"taxonomy":"post_tag","embeddable":true,"href":"https:\/\/jornalboasnoticias.com.br\/home\/wp-json\/wp\/v2\/tags?post=45891"}],"curies":[{"name":"wp","href":"https:\/\/api.w.org\/{rel}","templated":true}]}}