{"id":45887,"date":"2024-11-27T21:56:56","date_gmt":"2024-11-27T21:56:56","guid":{"rendered":"https:\/\/jornalboasnoticias.com.br\/home\/?p=45887"},"modified":"2024-11-27T21:56:56","modified_gmt":"2024-11-27T21:56:56","slug":"igreja-na-suica-instala-jesus-de-ia-para-interagir-com-fieis","status":"publish","type":"post","link":"https:\/\/jornalboasnoticias.com.br\/home\/igreja-na-suica-instala-jesus-de-ia-para-interagir-com-fieis\/","title":{"rendered":"Igreja na Su\u00ed\u00e7a instala Jesus de IA para interagir com fi\u00e9is"},"content":{"rendered":"<figure id=\"attachment_45888\" aria-describedby=\"caption-attachment-45888\" style=\"width: 840px\" class=\"wp-caption alignnone\"><img loading=\"lazy\" decoding=\"async\" class=\"size-full wp-image-45888\" src=\"https:\/\/jornalboasnoticias.com.br\/home\/wp-content\/uploads\/2024\/11\/3807027451-o-jesus-de-ia.webp\" alt=\"\" width=\"840\" height=\"500\" srcset=\"https:\/\/jornalboasnoticias.com.br\/home\/wp-content\/uploads\/2024\/11\/3807027451-o-jesus-de-ia.webp 840w, https:\/\/jornalboasnoticias.com.br\/home\/wp-content\/uploads\/2024\/11\/3807027451-o-jesus-de-ia-300x179.webp 300w, https:\/\/jornalboasnoticias.com.br\/home\/wp-content\/uploads\/2024\/11\/3807027451-o-jesus-de-ia-768x457.webp 768w\" sizes=\"auto, (max-width: 840px) 100vw, 840px\" \/><figcaption id=\"caption-attachment-45888\" class=\"wp-caption-text\">Foto: Reprodu\u00e7\u00e3o\/Peterskapelle Luzern<\/figcaption><\/figure>\n<blockquote>\n<p class=\"articleTitle_headline__BIofm \">O experimento durou dois meses e um rep\u00f3rter relatou que a representa\u00e7\u00e3o de Jesus oferecia respostas banais e repetitivas.<\/p>\n<\/blockquote>\n<p>Recentemente, a capela de S\u00e3o Pedro em Lucerna, na Su\u00ed\u00e7a, instalou um Jesus alimentado por\u00a0<strong>intelig\u00eancia artificial<\/strong>\u00a0para interagir com fi\u00e9is no confession\u00e1rio.<\/p>\n<p>A igreja, classificada como a mais antiga da cidade, trocou o padre pelo Jesus de IA, que \u00e9 capaz de dialogar em 100 idiomas diferentes.<\/p>\n<p>\u201cFoi realmente um experimento. Quer\u00edamos ver e entender como as pessoas reagem a um Jesus IA. Sobre o que elas conversariam com ele? Haveria interesse em conversar com ele? Provavelmente somos pioneiros nisso\u201d, disse Marco Schmid, um te\u00f3logo da igreja.<\/p>\n<p>O experimento, conhecido como \u201cDeus in Machina\u201d (\u201c<em>Deus na M\u00e1quina<\/em>\u201d), foi lan\u00e7ado em agosto deste ano como a mais recente iniciativa de uma colabora\u00e7\u00e3o de anos com um laborat\u00f3rio de pesquisa universit\u00e1rio local sobre realidade imersiva.<\/p>\n<p>Segundo o The Guardian, ap\u00f3s projetos que experimentaram realidade virtual e aumentada, a igreja decidiu que o pr\u00f3ximo passo seria instalar um avatar.<\/p>\n<p>\u201cTivemos uma discuss\u00e3o sobre que tipo de avatar seria \u2014 um te\u00f3logo, uma pessoa ou um santo? Ent\u00e3o, percebemos que a melhor figura seria o pr\u00f3prio Jesus\u201d, afirmou Schmid.<\/p>\n<p>Com o objetivo de oferecer conversas privadas com o avatar, a igreja trocou seu padre para instalar um computador e cabos no confession\u00e1rio.<\/p>\n<p><strong>\u2018Experi\u00eancia espiritual\u2019<\/strong><\/p>\n<p>Assim, os l\u00edderes treinaram o programa de IA com textos teol\u00f3gicos para responderem aos visitantes que foram convidados a fazer perguntas a uma imagem ilustrativa de Jesus transmitida por uma tela.<\/p>\n<p>As pessoas foram aconselhadas a n\u00e3o revelar nenhuma informa\u00e7\u00e3o pessoal e confirmar que sabiam que estavam se relacionando com o avatar por sua conta e risco. Ent\u00e3o, a representa\u00e7\u00e3o de Cristo respondeu em tempo real, oferecendo respostas geradas por meio de intelig\u00eancia artificial.<\/p>\n<p>\u201cN\u00e3o \u00e9 uma confiss\u00e3o. N\u00e3o pretendemos imitar uma confiss\u00e3o\u201d, relatou Schmid.<\/p>\n<p>O experimento durou dois meses e nesse per\u00edodo, mais de 1.000 pessoas \u2014 incluindo mu\u00e7ulmanos e turistas da China e Vietn\u00e3 \u2014 viajaram para interagir com o avatar.<\/p>\n<p>Embora os dados sobre a instala\u00e7\u00e3o sejam divulgados na pr\u00f3xima semana, Schmid afirmou que, com base no feedback de mais de 230 usu\u00e1rios, dois ter\u00e7os deles consideraram a experi\u00eancia como algo \u201cespiritual\u201d.<\/p>\n<p>\u201cEnt\u00e3o podemos dizer que eles tiveram um momento religiosamente positivo com este Jesus IA. Para mim, isso foi surpreendente\u201d, declarou Schmid.<\/p>\n<p>E continuou: \u201cOutros foram mais negativos, com alguns dizendo \u00e0 igreja que achavam imposs\u00edvel falar com uma m\u00e1quina. Um rep\u00f3rter local que experimentou o dispositivo descreveu as respostas como: \u2018\u00c0s vezes, banais, repetitivas e exalando uma sabedoria que lembra clich\u00eas de calend\u00e1rio\u2019\u201d.<\/p>\n<p><strong>Disparidade nas respostas<\/strong><\/p>\n<p>De acordo com o feedback, Schmid contou que havia uma grande disparidade nas respostas do avatar: \u201cTenho a impress\u00e3o de que \u00e0s vezes ele era realmente muito bom e as pessoas ficavam incrivelmente felizes, surpresas e inspiradas\u201d.<\/p>\n<p>\u201cE tamb\u00e9m havia momentos em que ele n\u00e3o era t\u00e3o bom, talvez mais superficial\u201d, acrescentou.<\/p>\n<p>Al\u00e9m disso, o experimento enfrentou cr\u00edticas de alguns membros da comunidade eclesi\u00e1stica que protestaram\u00a0<strong>contra o uso da IA<\/strong>\u00a0no confession\u00e1rio. Enquanto isso, l\u00edderes protestantes tamb\u00e9m criticaram o experimento na igreja.<\/p>\n<p>No entanto, o que mais impressionou Schmid foi o risco assumido pela igreja ao confiar que a IA n\u00e3o forneceria respostas ilegais ou que oferecessem interpreta\u00e7\u00f5es e conselhos espirituais\u00a0<strong>contr\u00e1rios \u00e0 B\u00edblia<\/strong>.<\/p>\n<p>Na tentativa de minimizar esse risco, a igreja conduziu testes com 30 pessoas antes de lan\u00e7ar o avatar. Ap\u00f3s a implementa\u00e7\u00e3o, garantiu que houvesse suporte dispon\u00edvel para os usu\u00e1rios a todo momento.<\/p>\n<p>\u201cN\u00f3s nunca tivemos a impress\u00e3o de que ele estava dizendo coisas estranhas. Mas \u00e9 claro que nunca poder\u00edamos garantir que ele n\u00e3o diria nada estranho\u201d, disse Schmid.<\/p>\n<p>Por fim, essa incerteza o levou a decidir que o avatar era melhor deixado como um experimento:<\/p>\n<p>\u201cColocar um Jesus assim permanentemente, eu n\u00e3o faria isso. Porque a responsabilidade seria muito grande\u201d.<\/p>\n<p>Para Schmid, o Jesus IA foi \u201cuma ferramenta f\u00e1cil e acess\u00edvel, para falar sobre religi\u00e3o, cristianismo e a f\u00e9 crist\u00e3\u201d. Ele observou que o experimento poderia ser remodelado em uma esp\u00e9cie de guia espiritual multil\u00edngue para responder a quest\u00f5es religiosas.<\/p>\n<p>Segundo ele, o experimento \u2014 e o grande interesse que ele gerou \u2014 mostrou que as pessoas estavam buscando ir al\u00e9m da B\u00edblia, dos sacramentos e dos rituais: \u201cAcho que h\u00e1 uma sede de falar com Jesus. As pessoas querem ter uma resposta. Elas querem palavras e ouvir o que ele est\u00e1 dizendo. Ent\u00e3o, \u00e9 claro, h\u00e1 a curiosidade. Elas querem ver o que \u00e9 isso\u201d.<\/p>\n<div class=\"articleTitle_assign__jQQza \">Portal GuiaMe<\/div>\n","protected":false},"excerpt":{"rendered":"<p>O experimento durou dois meses e um rep\u00f3rter relatou que a representa\u00e7\u00e3o de Jesus oferecia<\/p>\n","protected":false},"author":4,"featured_media":45888,"comment_status":"open","ping_status":"open","sticky":false,"template":"","format":"standard","meta":{"footnotes":""},"categories":[3,9],"tags":[],"class_list":["post-45887","post","type-post","status-publish","format-standard","has-post-thumbnail","hentry","category-destaques","category-internacional"],"yoast_head":"<!-- This site is optimized with the Yoast SEO plugin v27.5 - https:\/\/yoast.com\/product\/yoast-seo-wordpress\/ -->\n<title>Igreja na Su\u00ed\u00e7a instala Jesus de IA para interagir com fi\u00e9is - Jornal<\/title>\n<meta name=\"description\" content=\"Igreja na Su\u00ed\u00e7a instala Jesus de IA para interagir com fi\u00e9is\" \/>\n<meta name=\"robots\" content=\"index, follow, max-snippet:-1, max-image-preview:large, max-video-preview:-1\" \/>\n<link rel=\"canonical\" href=\"https:\/\/jornalboasnoticias.com.br\/home\/igreja-na-suica-instala-jesus-de-ia-para-interagir-com-fieis\/\" \/>\n<meta property=\"og:locale\" content=\"pt_BR\" \/>\n<meta property=\"og:type\" content=\"article\" \/>\n<meta property=\"og:title\" content=\"Igreja na Su\u00ed\u00e7a instala Jesus de IA para interagir com fi\u00e9is - Jornal\" \/>\n<meta property=\"og:description\" content=\"Igreja na Su\u00ed\u00e7a instala Jesus de IA para interagir com fi\u00e9is\" \/>\n<meta property=\"og:url\" content=\"https:\/\/jornalboasnoticias.com.br\/home\/igreja-na-suica-instala-jesus-de-ia-para-interagir-com-fieis\/\" \/>\n<meta property=\"og:site_name\" content=\"Jornal\" \/>\n<meta property=\"article:publisher\" content=\"https:\/\/www.facebook.com\/boasnoticiasjornal\" \/>\n<meta property=\"article:published_time\" content=\"2024-11-27T21:56:56+00:00\" \/>\n<meta property=\"og:image\" content=\"https:\/\/jornalboasnoticias.com.br\/home\/wp-content\/uploads\/2024\/11\/3807027451-o-jesus-de-ia.webp\" \/>\n\t<meta property=\"og:image:width\" content=\"840\" \/>\n\t<meta property=\"og:image:height\" content=\"500\" \/>\n\t<meta property=\"og:image:type\" content=\"image\/webp\" \/>\n<meta name=\"author\" content=\"Ana Luiza Bonatto\" \/>\n<meta name=\"twitter:card\" content=\"summary_large_image\" \/>\n<meta name=\"twitter:label1\" content=\"Escrito por\" \/>\n\t<meta name=\"twitter:data1\" content=\"Ana Luiza Bonatto\" \/>\n\t<meta name=\"twitter:label2\" content=\"Est. tempo de leitura\" \/>\n\t<meta name=\"twitter:data2\" content=\"5 minutos\" \/>\n<script type=\"application\/ld+json\" class=\"yoast-schema-graph\">{\"@context\":\"https:\\\/\\\/schema.org\",\"@graph\":[{\"@type\":\"Article\",\"@id\":\"https:\\\/\\\/jornalboasnoticias.com.br\\\/home\\\/igreja-na-suica-instala-jesus-de-ia-para-interagir-com-fieis\\\/#article\",\"isPartOf\":{\"@id\":\"https:\\\/\\\/jornalboasnoticias.com.br\\\/home\\\/igreja-na-suica-instala-jesus-de-ia-para-interagir-com-fieis\\\/\"},\"author\":{\"name\":\"Ana Luiza Bonatto\",\"@id\":\"https:\\\/\\\/jornalboasnoticias.com.br\\\/home\\\/#\\\/schema\\\/person\\\/d641193e0afc6405b390164dac847971\"},\"headline\":\"Igreja na Su\u00ed\u00e7a instala Jesus de IA para interagir com fi\u00e9is\",\"datePublished\":\"2024-11-27T21:56:56+00:00\",\"mainEntityOfPage\":{\"@id\":\"https:\\\/\\\/jornalboasnoticias.com.br\\\/home\\\/igreja-na-suica-instala-jesus-de-ia-para-interagir-com-fieis\\\/\"},\"wordCount\":833,\"commentCount\":0,\"publisher\":{\"@id\":\"https:\\\/\\\/jornalboasnoticias.com.br\\\/home\\\/#organization\"},\"image\":{\"@id\":\"https:\\\/\\\/jornalboasnoticias.com.br\\\/home\\\/igreja-na-suica-instala-jesus-de-ia-para-interagir-com-fieis\\\/#primaryimage\"},\"thumbnailUrl\":\"https:\\\/\\\/jornalboasnoticias.com.br\\\/home\\\/wp-content\\\/uploads\\\/2024\\\/11\\\/3807027451-o-jesus-de-ia.webp\",\"articleSection\":[\"DESTAQUE\",\"INTERNACIONAL\"],\"inLanguage\":\"pt-BR\",\"potentialAction\":[{\"@type\":\"CommentAction\",\"name\":\"Comment\",\"target\":[\"https:\\\/\\\/jornalboasnoticias.com.br\\\/home\\\/igreja-na-suica-instala-jesus-de-ia-para-interagir-com-fieis\\\/#respond\"]}]},{\"@type\":\"WebPage\",\"@id\":\"https:\\\/\\\/jornalboasnoticias.com.br\\\/home\\\/igreja-na-suica-instala-jesus-de-ia-para-interagir-com-fieis\\\/\",\"url\":\"https:\\\/\\\/jornalboasnoticias.com.br\\\/home\\\/igreja-na-suica-instala-jesus-de-ia-para-interagir-com-fieis\\\/\",\"name\":\"Igreja na Su\u00ed\u00e7a instala Jesus de IA para interagir com fi\u00e9is - Jornal\",\"isPartOf\":{\"@id\":\"https:\\\/\\\/jornalboasnoticias.com.br\\\/home\\\/#website\"},\"primaryImageOfPage\":{\"@id\":\"https:\\\/\\\/jornalboasnoticias.com.br\\\/home\\\/igreja-na-suica-instala-jesus-de-ia-para-interagir-com-fieis\\\/#primaryimage\"},\"image\":{\"@id\":\"https:\\\/\\\/jornalboasnoticias.com.br\\\/home\\\/igreja-na-suica-instala-jesus-de-ia-para-interagir-com-fieis\\\/#primaryimage\"},\"thumbnailUrl\":\"https:\\\/\\\/jornalboasnoticias.com.br\\\/home\\\/wp-content\\\/uploads\\\/2024\\\/11\\\/3807027451-o-jesus-de-ia.webp\",\"datePublished\":\"2024-11-27T21:56:56+00:00\",\"description\":\"Igreja na Su\u00ed\u00e7a instala Jesus de IA para interagir com fi\u00e9is\",\"breadcrumb\":{\"@id\":\"https:\\\/\\\/jornalboasnoticias.com.br\\\/home\\\/igreja-na-suica-instala-jesus-de-ia-para-interagir-com-fieis\\\/#breadcrumb\"},\"inLanguage\":\"pt-BR\",\"potentialAction\":[{\"@type\":\"ReadAction\",\"target\":[\"https:\\\/\\\/jornalboasnoticias.com.br\\\/home\\\/igreja-na-suica-instala-jesus-de-ia-para-interagir-com-fieis\\\/\"]}]},{\"@type\":\"ImageObject\",\"inLanguage\":\"pt-BR\",\"@id\":\"https:\\\/\\\/jornalboasnoticias.com.br\\\/home\\\/igreja-na-suica-instala-jesus-de-ia-para-interagir-com-fieis\\\/#primaryimage\",\"url\":\"https:\\\/\\\/jornalboasnoticias.com.br\\\/home\\\/wp-content\\\/uploads\\\/2024\\\/11\\\/3807027451-o-jesus-de-ia.webp\",\"contentUrl\":\"https:\\\/\\\/jornalboasnoticias.com.br\\\/home\\\/wp-content\\\/uploads\\\/2024\\\/11\\\/3807027451-o-jesus-de-ia.webp\",\"width\":840,\"height\":500,\"caption\":\"Foto: Reprodu\u00e7\u00e3o\\\/Peterskapelle Luzern\"},{\"@type\":\"BreadcrumbList\",\"@id\":\"https:\\\/\\\/jornalboasnoticias.com.br\\\/home\\\/igreja-na-suica-instala-jesus-de-ia-para-interagir-com-fieis\\\/#breadcrumb\",\"itemListElement\":[{\"@type\":\"ListItem\",\"position\":1,\"name\":\"In\u00edcio\",\"item\":\"https:\\\/\\\/jornalboasnoticias.com.br\\\/home\\\/\"},{\"@type\":\"ListItem\",\"position\":2,\"name\":\"Igreja na Su\u00ed\u00e7a instala Jesus de IA para interagir com fi\u00e9is\"}]},{\"@type\":\"WebSite\",\"@id\":\"https:\\\/\\\/jornalboasnoticias.com.br\\\/home\\\/#website\",\"url\":\"https:\\\/\\\/jornalboasnoticias.com.br\\\/home\\\/\",\"name\":\"Jornal Boas Not\u00edcias\",\"description\":\"Boas not\u00edcias\",\"publisher\":{\"@id\":\"https:\\\/\\\/jornalboasnoticias.com.br\\\/home\\\/#organization\"},\"potentialAction\":[{\"@type\":\"SearchAction\",\"target\":{\"@type\":\"EntryPoint\",\"urlTemplate\":\"https:\\\/\\\/jornalboasnoticias.com.br\\\/home\\\/?s={search_term_string}\"},\"query-input\":{\"@type\":\"PropertyValueSpecification\",\"valueRequired\":true,\"valueName\":\"search_term_string\"}}],\"inLanguage\":\"pt-BR\"},{\"@type\":\"Organization\",\"@id\":\"https:\\\/\\\/jornalboasnoticias.com.br\\\/home\\\/#organization\",\"name\":\"Coq Editora Ltda\",\"alternateName\":\"Jornal Boas Noticias\",\"url\":\"https:\\\/\\\/jornalboasnoticias.com.br\\\/home\\\/\",\"logo\":{\"@type\":\"ImageObject\",\"inLanguage\":\"pt-BR\",\"@id\":\"https:\\\/\\\/jornalboasnoticias.com.br\\\/home\\\/#\\\/schema\\\/logo\\\/image\\\/\",\"url\":\"https:\\\/\\\/jornalboasnoticias.com.br\\\/home\\\/wp-content\\\/uploads\\\/2024\\\/07\\\/cropped-logo.jpg\",\"contentUrl\":\"https:\\\/\\\/jornalboasnoticias.com.br\\\/home\\\/wp-content\\\/uploads\\\/2024\\\/07\\\/cropped-logo.jpg\",\"width\":290,\"height\":142,\"caption\":\"Coq Editora Ltda\"},\"image\":{\"@id\":\"https:\\\/\\\/jornalboasnoticias.com.br\\\/home\\\/#\\\/schema\\\/logo\\\/image\\\/\"},\"sameAs\":[\"https:\\\/\\\/www.facebook.com\\\/boasnoticiasjornal\"]},{\"@type\":\"Person\",\"@id\":\"https:\\\/\\\/jornalboasnoticias.com.br\\\/home\\\/#\\\/schema\\\/person\\\/d641193e0afc6405b390164dac847971\",\"name\":\"Ana Luiza Bonatto\",\"image\":{\"@type\":\"ImageObject\",\"inLanguage\":\"pt-BR\",\"@id\":\"https:\\\/\\\/secure.gravatar.com\\\/avatar\\\/8a055ebe6373371f67ac6fcf313c0ac0b0a91157fdcdb9514fa62927373348f0?s=96&d=mm&r=g\",\"url\":\"https:\\\/\\\/secure.gravatar.com\\\/avatar\\\/8a055ebe6373371f67ac6fcf313c0ac0b0a91157fdcdb9514fa62927373348f0?s=96&d=mm&r=g\",\"contentUrl\":\"https:\\\/\\\/secure.gravatar.com\\\/avatar\\\/8a055ebe6373371f67ac6fcf313c0ac0b0a91157fdcdb9514fa62927373348f0?s=96&d=mm&r=g\",\"caption\":\"Ana Luiza Bonatto\"},\"url\":\"https:\\\/\\\/jornalboasnoticias.com.br\\\/home\\\/author\\\/ana-luiza\\\/\"}]}<\/script>\n<!-- \/ Yoast SEO plugin. -->","yoast_head_json":{"title":"Igreja na Su\u00ed\u00e7a instala Jesus de IA para interagir com fi\u00e9is - Jornal","description":"Igreja na Su\u00ed\u00e7a instala Jesus de IA para interagir com fi\u00e9is","robots":{"index":"index","follow":"follow","max-snippet":"max-snippet:-1","max-image-preview":"max-image-preview:large","max-video-preview":"max-video-preview:-1"},"canonical":"https:\/\/jornalboasnoticias.com.br\/home\/igreja-na-suica-instala-jesus-de-ia-para-interagir-com-fieis\/","og_locale":"pt_BR","og_type":"article","og_title":"Igreja na Su\u00ed\u00e7a instala Jesus de IA para interagir com fi\u00e9is - Jornal","og_description":"Igreja na Su\u00ed\u00e7a instala Jesus de IA para interagir com fi\u00e9is","og_url":"https:\/\/jornalboasnoticias.com.br\/home\/igreja-na-suica-instala-jesus-de-ia-para-interagir-com-fieis\/","og_site_name":"Jornal","article_publisher":"https:\/\/www.facebook.com\/boasnoticiasjornal","article_published_time":"2024-11-27T21:56:56+00:00","og_image":[{"width":840,"height":500,"url":"https:\/\/jornalboasnoticias.com.br\/home\/wp-content\/uploads\/2024\/11\/3807027451-o-jesus-de-ia.webp","type":"image\/webp"}],"author":"Ana Luiza Bonatto","twitter_card":"summary_large_image","twitter_misc":{"Escrito por":"Ana Luiza Bonatto","Est. tempo de leitura":"5 minutos"},"schema":{"@context":"https:\/\/schema.org","@graph":[{"@type":"Article","@id":"https:\/\/jornalboasnoticias.com.br\/home\/igreja-na-suica-instala-jesus-de-ia-para-interagir-com-fieis\/#article","isPartOf":{"@id":"https:\/\/jornalboasnoticias.com.br\/home\/igreja-na-suica-instala-jesus-de-ia-para-interagir-com-fieis\/"},"author":{"name":"Ana Luiza Bonatto","@id":"https:\/\/jornalboasnoticias.com.br\/home\/#\/schema\/person\/d641193e0afc6405b390164dac847971"},"headline":"Igreja na Su\u00ed\u00e7a instala Jesus de IA para interagir com fi\u00e9is","datePublished":"2024-11-27T21:56:56+00:00","mainEntityOfPage":{"@id":"https:\/\/jornalboasnoticias.com.br\/home\/igreja-na-suica-instala-jesus-de-ia-para-interagir-com-fieis\/"},"wordCount":833,"commentCount":0,"publisher":{"@id":"https:\/\/jornalboasnoticias.com.br\/home\/#organization"},"image":{"@id":"https:\/\/jornalboasnoticias.com.br\/home\/igreja-na-suica-instala-jesus-de-ia-para-interagir-com-fieis\/#primaryimage"},"thumbnailUrl":"https:\/\/jornalboasnoticias.com.br\/home\/wp-content\/uploads\/2024\/11\/3807027451-o-jesus-de-ia.webp","articleSection":["DESTAQUE","INTERNACIONAL"],"inLanguage":"pt-BR","potentialAction":[{"@type":"CommentAction","name":"Comment","target":["https:\/\/jornalboasnoticias.com.br\/home\/igreja-na-suica-instala-jesus-de-ia-para-interagir-com-fieis\/#respond"]}]},{"@type":"WebPage","@id":"https:\/\/jornalboasnoticias.com.br\/home\/igreja-na-suica-instala-jesus-de-ia-para-interagir-com-fieis\/","url":"https:\/\/jornalboasnoticias.com.br\/home\/igreja-na-suica-instala-jesus-de-ia-para-interagir-com-fieis\/","name":"Igreja na Su\u00ed\u00e7a instala Jesus de IA para interagir com fi\u00e9is - Jornal","isPartOf":{"@id":"https:\/\/jornalboasnoticias.com.br\/home\/#website"},"primaryImageOfPage":{"@id":"https:\/\/jornalboasnoticias.com.br\/home\/igreja-na-suica-instala-jesus-de-ia-para-interagir-com-fieis\/#primaryimage"},"image":{"@id":"https:\/\/jornalboasnoticias.com.br\/home\/igreja-na-suica-instala-jesus-de-ia-para-interagir-com-fieis\/#primaryimage"},"thumbnailUrl":"https:\/\/jornalboasnoticias.com.br\/home\/wp-content\/uploads\/2024\/11\/3807027451-o-jesus-de-ia.webp","datePublished":"2024-11-27T21:56:56+00:00","description":"Igreja na Su\u00ed\u00e7a instala Jesus de IA para interagir com fi\u00e9is","breadcrumb":{"@id":"https:\/\/jornalboasnoticias.com.br\/home\/igreja-na-suica-instala-jesus-de-ia-para-interagir-com-fieis\/#breadcrumb"},"inLanguage":"pt-BR","potentialAction":[{"@type":"ReadAction","target":["https:\/\/jornalboasnoticias.com.br\/home\/igreja-na-suica-instala-jesus-de-ia-para-interagir-com-fieis\/"]}]},{"@type":"ImageObject","inLanguage":"pt-BR","@id":"https:\/\/jornalboasnoticias.com.br\/home\/igreja-na-suica-instala-jesus-de-ia-para-interagir-com-fieis\/#primaryimage","url":"https:\/\/jornalboasnoticias.com.br\/home\/wp-content\/uploads\/2024\/11\/3807027451-o-jesus-de-ia.webp","contentUrl":"https:\/\/jornalboasnoticias.com.br\/home\/wp-content\/uploads\/2024\/11\/3807027451-o-jesus-de-ia.webp","width":840,"height":500,"caption":"Foto: Reprodu\u00e7\u00e3o\/Peterskapelle Luzern"},{"@type":"BreadcrumbList","@id":"https:\/\/jornalboasnoticias.com.br\/home\/igreja-na-suica-instala-jesus-de-ia-para-interagir-com-fieis\/#breadcrumb","itemListElement":[{"@type":"ListItem","position":1,"name":"In\u00edcio","item":"https:\/\/jornalboasnoticias.com.br\/home\/"},{"@type":"ListItem","position":2,"name":"Igreja na Su\u00ed\u00e7a instala Jesus de IA para interagir com fi\u00e9is"}]},{"@type":"WebSite","@id":"https:\/\/jornalboasnoticias.com.br\/home\/#website","url":"https:\/\/jornalboasnoticias.com.br\/home\/","name":"Jornal Boas Not\u00edcias","description":"Boas not\u00edcias","publisher":{"@id":"https:\/\/jornalboasnoticias.com.br\/home\/#organization"},"potentialAction":[{"@type":"SearchAction","target":{"@type":"EntryPoint","urlTemplate":"https:\/\/jornalboasnoticias.com.br\/home\/?s={search_term_string}"},"query-input":{"@type":"PropertyValueSpecification","valueRequired":true,"valueName":"search_term_string"}}],"inLanguage":"pt-BR"},{"@type":"Organization","@id":"https:\/\/jornalboasnoticias.com.br\/home\/#organization","name":"Coq Editora Ltda","alternateName":"Jornal Boas Noticias","url":"https:\/\/jornalboasnoticias.com.br\/home\/","logo":{"@type":"ImageObject","inLanguage":"pt-BR","@id":"https:\/\/jornalboasnoticias.com.br\/home\/#\/schema\/logo\/image\/","url":"https:\/\/jornalboasnoticias.com.br\/home\/wp-content\/uploads\/2024\/07\/cropped-logo.jpg","contentUrl":"https:\/\/jornalboasnoticias.com.br\/home\/wp-content\/uploads\/2024\/07\/cropped-logo.jpg","width":290,"height":142,"caption":"Coq Editora Ltda"},"image":{"@id":"https:\/\/jornalboasnoticias.com.br\/home\/#\/schema\/logo\/image\/"},"sameAs":["https:\/\/www.facebook.com\/boasnoticiasjornal"]},{"@type":"Person","@id":"https:\/\/jornalboasnoticias.com.br\/home\/#\/schema\/person\/d641193e0afc6405b390164dac847971","name":"Ana Luiza Bonatto","image":{"@type":"ImageObject","inLanguage":"pt-BR","@id":"https:\/\/secure.gravatar.com\/avatar\/8a055ebe6373371f67ac6fcf313c0ac0b0a91157fdcdb9514fa62927373348f0?s=96&d=mm&r=g","url":"https:\/\/secure.gravatar.com\/avatar\/8a055ebe6373371f67ac6fcf313c0ac0b0a91157fdcdb9514fa62927373348f0?s=96&d=mm&r=g","contentUrl":"https:\/\/secure.gravatar.com\/avatar\/8a055ebe6373371f67ac6fcf313c0ac0b0a91157fdcdb9514fa62927373348f0?s=96&d=mm&r=g","caption":"Ana Luiza Bonatto"},"url":"https:\/\/jornalboasnoticias.com.br\/home\/author\/ana-luiza\/"}]}},"_links":{"self":[{"href":"https:\/\/jornalboasnoticias.com.br\/home\/wp-json\/wp\/v2\/posts\/45887","targetHints":{"allow":["GET"]}}],"collection":[{"href":"https:\/\/jornalboasnoticias.com.br\/home\/wp-json\/wp\/v2\/posts"}],"about":[{"href":"https:\/\/jornalboasnoticias.com.br\/home\/wp-json\/wp\/v2\/types\/post"}],"author":[{"embeddable":true,"href":"https:\/\/jornalboasnoticias.com.br\/home\/wp-json\/wp\/v2\/users\/4"}],"replies":[{"embeddable":true,"href":"https:\/\/jornalboasnoticias.com.br\/home\/wp-json\/wp\/v2\/comments?post=45887"}],"version-history":[{"count":1,"href":"https:\/\/jornalboasnoticias.com.br\/home\/wp-json\/wp\/v2\/posts\/45887\/revisions"}],"predecessor-version":[{"id":45889,"href":"https:\/\/jornalboasnoticias.com.br\/home\/wp-json\/wp\/v2\/posts\/45887\/revisions\/45889"}],"wp:featuredmedia":[{"embeddable":true,"href":"https:\/\/jornalboasnoticias.com.br\/home\/wp-json\/wp\/v2\/media\/45888"}],"wp:attachment":[{"href":"https:\/\/jornalboasnoticias.com.br\/home\/wp-json\/wp\/v2\/media?parent=45887"}],"wp:term":[{"taxonomy":"category","embeddable":true,"href":"https:\/\/jornalboasnoticias.com.br\/home\/wp-json\/wp\/v2\/categories?post=45887"},{"taxonomy":"post_tag","embeddable":true,"href":"https:\/\/jornalboasnoticias.com.br\/home\/wp-json\/wp\/v2\/tags?post=45887"}],"curies":[{"name":"wp","href":"https:\/\/api.w.org\/{rel}","templated":true}]}}