{"id":45884,"date":"2024-11-27T21:55:12","date_gmt":"2024-11-27T21:55:12","guid":{"rendered":"https:\/\/jornalboasnoticias.com.br\/home\/?p=45884"},"modified":"2024-11-27T21:55:12","modified_gmt":"2024-11-27T21:55:12","slug":"evento-profetico-putin-alerta-para-guerra-global-apos-ucrania-atacar-russia-com-misseis","status":"publish","type":"post","link":"https:\/\/jornalboasnoticias.com.br\/home\/evento-profetico-putin-alerta-para-guerra-global-apos-ucrania-atacar-russia-com-misseis\/","title":{"rendered":"Evento prof\u00e9tico? Putin alerta para guerra global ap\u00f3s Ucr\u00e2nia atacar R\u00fassia com m\u00edsseis"},"content":{"rendered":"<figure id=\"attachment_45885\" aria-describedby=\"caption-attachment-45885\" style=\"width: 840px\" class=\"wp-caption alignnone\"><img loading=\"lazy\" decoding=\"async\" class=\"size-full wp-image-45885\" src=\"https:\/\/jornalboasnoticias.com.br\/home\/wp-content\/uploads\/2024\/11\/2857864941-missil-storm-shadow.webp\" alt=\"\" width=\"840\" height=\"500\" srcset=\"https:\/\/jornalboasnoticias.com.br\/home\/wp-content\/uploads\/2024\/11\/2857864941-missil-storm-shadow.webp 840w, https:\/\/jornalboasnoticias.com.br\/home\/wp-content\/uploads\/2024\/11\/2857864941-missil-storm-shadow-300x179.webp 300w, https:\/\/jornalboasnoticias.com.br\/home\/wp-content\/uploads\/2024\/11\/2857864941-missil-storm-shadow-768x457.webp 768w\" sizes=\"auto, (max-width: 840px) 100vw, 840px\" \/><figcaption id=\"caption-attachment-45885\" class=\"wp-caption-text\">Foto: GOV.UK<\/figcaption><\/figure>\n<blockquote>\n<p class=\"articleTitle_headline__BIofm \">R\u00fassia e Ucr\u00e2nia escalam o conflito com o uso de m\u00edsseis de longo alcance, agora utilizados pelos 2 pa\u00edses; Putin alerta para uma guerra global<\/p>\n<\/blockquote>\n<p>Desde o in\u00edcio da\u00a0<strong>invas\u00e3o da Ucr\u00e2nia\u00a0<\/strong>pela R\u00fassia, em 24 de fevereiro de 2022, que gerou uma guerra entre os dois pa\u00edses e j\u00e1 ultrapassou o mil\u00e9simo dia, o atual momento parece ser o de maior tens\u00e3o.<\/p>\n<p>Embora a Ucr\u00e2nia conte com o apoio estrat\u00e9gico da OTAN (Organiza\u00e7\u00e3o do Tratado do Atl\u00e2ntico Norte), uma alian\u00e7a militar formada por pa\u00edses da Am\u00e9rica do Norte e da Europa, a recente decis\u00e3o do presidente dos EUA,\u00a0<strong>Joe Biden<\/strong>, de enviar armas avan\u00e7adas, incluindo m\u00edsseis de longo alcance e minas antipessoais, representa uma intensifica\u00e7\u00e3o significativa do aux\u00edlio americano ao ex\u00e9rcito ucraniano.<\/p>\n<p>A decis\u00e3o de autorizar o uso dos Sistemas de M\u00edsseis T\u00e1ticos do Ex\u00e9rcito (ATACMS) dentro da R\u00fassia estava sendo analisada h\u00e1 meses, segundo a CNN Brasil.<\/p>\n<p>As autoridades americanas estavam divididas sobre a conveni\u00eancia dessa nova capacidade. Alguns temiam uma escalada no conflito, enquanto outros se preocupavam com a redu\u00e7\u00e3o dos arsenais de armas.<\/p>\n<p>A autoriza\u00e7\u00e3o para o uso de m\u00edsseis de longo alcance e minas antipessoais reflete uma mudan\u00e7a na pol\u00edtica dos EUA, ao final do governo democrata, permitindo que a\u00a0<strong>Ucr\u00e2nia<\/strong>\u00a0ataque alvos dentro do territ\u00f3rio russo.<\/p>\n<p>Essa medida aumentou as tens\u00f5es entre as duas na\u00e7\u00f5es e j\u00e1 provocou uma resposta mais agressiva da R\u00fassia, ap\u00f3s a Ucr\u00e2nia ter lan\u00e7ado, pela primeira vez, m\u00edsseis de cruzeiro brit\u00e2nicos Storm Shadow contra a R\u00fassia. O ataque ao territ\u00f3rio russo aconteceu na ter\u00e7a-feira (19).<\/p>\n<p>Esse epis\u00f3dio ocorre um dia ap\u00f3s Kiev tamb\u00e9m utilizar, al\u00e9m de suas fronteiras, m\u00edsseis de longo alcance ATACMS, de fabrica\u00e7\u00e3o americana.<\/p>\n<p><strong>Resposta russa<\/strong><\/p>\n<p>Como rea\u00e7\u00e3o, a R\u00fassia lan\u00e7ou nesta quinta-feira (21) um m\u00edssil bal\u00edstico &#8220;experimental&#8221; de alcance intermedi\u00e1rio contra a cidade de Dnipro, na Ucr\u00e2nia, a 1.000 km de onde foi lan\u00e7ado.<\/p>\n<p>Essa \u00e9 a primeira vez que as tropas russas utilizam esse tipo de armamento na guerra de agress\u00e3o contra Kiev.<\/p>\n<p>Os alvos foram &#8220;f\u00e1bricas e infraestruturas cr\u00edticas&#8221; da cidade. O ataque resultou em duas pessoas feridas.<\/p>\n<p>Em um discurso televisionado para o pa\u00eds, o presidente russo Vladimir Putin alertou que os sistemas de defesa a\u00e9rea dos EUA seriam incapazes de interceptar o novo m\u00edssil, que, segundo ele, \u00e9 capaz de alcan\u00e7ar dez vezes a velocidade do som. O armamento foi nomeado Oreshnik, em refer\u00eancia \u00e0 \u00e1rvore que produz avel\u00e3s, conhecida na R\u00fassia.<\/p>\n<p><strong>Putin<\/strong>\u00a0tamb\u00e9m afirmou que o conflito apresenta caracter\u00edsticas de uma guerra &#8220;global&#8221; e n\u00e3o descartou a possibilidade de ataques contra pa\u00edses ocidentais.<\/p>\n<p>Ele declarou que o novo m\u00edssil Oreshnik poderia ser utilizado para atacar qualquer aliado da Ucr\u00e2nia cujos m\u00edsseis sejam empregados para atacar a R\u00fassia.<\/p>\n<p>\u201cConsideramos que temos o direito de usar nossas armas contra as instala\u00e7\u00f5es militares daqueles pa\u00edses que permitem que suas armas sejam usadas contra as nossas\u201d, afirmou, em refer\u00eancia ao uso de m\u00edsseis brit\u00e2nicos e americanos pela Ucr\u00e2nia.<\/p>\n<p>\u201cUm conflito regional na Ucr\u00e2nia, anteriormente provocado pelo Ocidente, adquiriu elementos de car\u00e1ter global\u201d, completou.<\/p>\n<p>Uma autoridade dos EUA afirmou que a R\u00fassia notificou Washington pouco antes do ataque.<\/p>\n<p><strong>M\u00edssil mais potente<\/strong><\/p>\n<p>Mais cedo, a For\u00e7a A\u00e9rea Ucraniana acusou a R\u00fassia de usar um m\u00edssil ainda mais potente, o m\u00edssil bal\u00edstico intercontinental (ICBM), com alcance de 5.800 quil\u00f4metros, que entrou em servi\u00e7o na d\u00e9cada de 2010.<\/p>\n<p>A porta-voz adjunta do Pent\u00e1gono, Sabrina Singh, confirmou, no entanto, que a vers\u00e3o de Putin sobre o armamento usado ser um novo tipo experimental de m\u00edssil de alcance intermedi\u00e1rio, capaz de atingir at\u00e9 5.500 quil\u00f4metros, \u00e9 precisa.<\/p>\n<p>Essa dist\u00e2ncia j\u00e1 \u00e9 considerada preocupante em conflitos desse tipo. Segundo a Ucr\u00e2nia, o m\u00edssil foi disparado da regi\u00e3o russa de Astrac\u00e3, localizada a mil quil\u00f4metros de Dnipro.<\/p>\n<p>Segundo Washington, o novo m\u00edssil russo carregava m\u00faltiplas ogivas convencionais e, apesar do alcance menor, \u00e9 baseado no m\u00edssil bal\u00edstico intercontinental RS-26 Rubezh. Assim como o Rubezh, o Oreshnik tem a capacidade de carregar ogivas nucleares.<\/p>\n<p>O ataque ocorre ap\u00f3s os EUA, Espanha, It\u00e1lia, Gr\u00e9cia e Portugal terem fechado suas embaixadas em Kiev na quarta-feira devido ao risco de um bombardeio russo massivo contra o territ\u00f3rio ucraniano.<\/p>\n<p>A a\u00e7\u00e3o ocorreu depois que sirenes de ataque a\u00e9reo foram ativadas na capital ucraniana v\u00e1rias vezes durante a noite, informou a CNN Brasil.<\/p>\n<p><strong>Escalada no conflito<\/strong><\/p>\n<p>O uso de um novo m\u00edssil na guerra na Ucr\u00e2nia ocorre em um momento em que o conflito ganha uma dimens\u00e3o internacional, com a chegada de tropas da Coreia do Norte para lutar ao lado da R\u00fassia.<\/p>\n<p>Com a autoriza\u00e7\u00e3o americana para o uso de m\u00edsseis, o Kremlin amea\u00e7ou escalar ainda mais o conflito. O ataque ocorre dois dias ap\u00f3s o presidente russo, Vladimir Putin, assinar uma doutrina nuclear revisada, que prev\u00ea que ataques convencionais que ameacem a soberania da Federa\u00e7\u00e3o Russa e de Belarus sejam respondidos com o uso de armas nucleares.<\/p>\n<p>A doutrina, que substitui a promulgada em 2020, autoriza um ataque nuclear caso um ataque convencional inimigo represente &#8220;uma amea\u00e7a cr\u00edtica \u00e0 soberania e (ou) integridade territorial&#8221; de ambos os pa\u00edses, que formam a Uni\u00e3o Estatal R\u00fassia-Belarus.<\/p>\n<p>O documento tamb\u00e9m considera como &#8220;ataque conjunto&#8221; a agress\u00e3o de um pa\u00eds que n\u00e3o possui armas at\u00f4micas, mas conta com o apoio \u2013 seja com ou sem participa\u00e7\u00e3o direta \u2013 de uma pot\u00eancia nuclear.<\/p>\n<p><strong>A R\u00fassia e seu papel prof\u00e9tico<\/strong><\/p>\n<p>Na opini\u00e3o do te\u00f3logo portugu\u00eas\u00a0<strong>Bruno dos Santos<\/strong>, a R\u00fassia desempenha um papel relevante no cen\u00e1rio do fim dos tempos.<\/p>\n<p>O colunista do\u00a0<strong>Guiame<\/strong>, especializado em desenvolvimento de l\u00edderes e com vasta experi\u00eancia acad\u00eamica em Antigo e Novo Testamento, cita o texto de Ezequiel 38:7-8, que diz: \u201c<em>Prepara-te, sim, disp\u00f5e-te, tu e toda a multid\u00e3o do teu povo que se reuniu a ti, e serve-lhe de guarda.\u201d<\/em><\/p>\n<p>Para ele, o texto parece se renovar nos dias de hoje, com uma impressionante precis\u00e3o cronol\u00f3gica nas palavras do profeta:<\/p>\n<p>\u201cO vers\u00edculo \u2018Prepara-te, sim, disp\u00f5e-te&#8230;\u2019 faz eco aos preparativos de Putin para a guerra, que escalou desde a anexa\u00e7\u00e3o da Crimeia em 2014\u201d, explicou.<\/p>\n<p>E continua: \u201cO profeta descreve um ataque contra uma terra recuperada, e a Ucr\u00e2nia, ap\u00f3s d\u00e9cadas de conflitos internos e externos, se encaixa nesse perfil. O povo ucraniano, formado por diversos povos do leste europeu, \u00e9 descrito como forte e resistente, recuperado das batalhas, com uma hist\u00f3ria intimamente ligada \u00e0 do povo judeu, especialmente em Kiev, onde muitos sobrenomes ucranianos t\u00eam origens judaicas\u201d.<\/p>\n<p><strong>\u00daltimos dias<\/strong><\/p>\n<p>Outro estudioso que compartilha a mesma vis\u00e3o sobre o papel prof\u00e9tico da R\u00fassia na guerra com a Ucr\u00e2nia \u00e9 o escritor Joel Rosenberg. Em seu blog, ele publicou, h\u00e1 alguns anos, sobre uma poss\u00edvel rela\u00e7\u00e3o entre eventos mundiais e os escritos de Ezequiel.<\/p>\n<p>\u201cO profeta hebreu Ezequiel escreveu h\u00e1 2.500 anos que nos &#8216;<strong>\u00faltimos dias<\/strong>&#8216; da hist\u00f3ria, R\u00fassia e Ir\u00e3 formar\u00e3o uma alian\u00e7a militar para atacar Israel pelo norte\u201d,\u00a0 escreveu\u00a0Rosenberg .<\/p>\n<p>Ele explora abertamente as\u00a0<strong>profecias do Antigo Testamento<\/strong>\u00a0sobre o fim dos dias b\u00edblicos e discute a poss\u00edvel inser\u00e7\u00e3o da R\u00fassia nos acontecimentos atuais.<\/p>\n<p>A revista \u201cPhiladelphia Trumpet\u201d, publicada pela Igreja Assembleia de Deus na Filad\u00e9lfia (EUA), afirma que nos pr\u00f3ximos anos haver\u00e1 uma\u00a0<strong>reviravolta impressionante<\/strong>\u00a0nos eventos mundiais.<\/p>\n<p>No artigo \u201cR\u00fassia e China na profecia\u201d, com base nos livros de Herbert W. Armstrong, escreve:<\/p>\n<p>\u201cUma superpot\u00eancia asi\u00e1tica gigante, como R\u00fassia ou China modernizadas, estar\u00e1 no comando e afetar\u00e1 dramaticamente o curso da hist\u00f3ria\u201d.<\/p>\n<p>Com isso, refor\u00e7a a ideia de que os dois pa\u00edses est\u00e3o fortemente envolvidos nos eventos do fim dos tempos, sendo um deles a R\u00fassia.<\/p>\n<p>\u201cDe fato, \u00e0 luz da profecia b\u00edblica, devemos ver a ascens\u00e3o da R\u00fassia e da China como um prov\u00e1vel gatilho para que este imp\u00e9rio se levante e ataque\u201d, diz o autor.<\/p>\n<p>O artigo ressalta ainda a uni\u00e3o de grandes pot\u00eancias, a propaga\u00e7\u00e3o do comunismo, a possibilidade de uma Terceira Guerra Mundial e a crise global que a humanidade j\u00e1 est\u00e1 vendo acontecer.<\/p>\n<p>Al\u00e9m disso, pode-se ver que aumenta o interesse por armas nucleares como estrat\u00e9gia de defesa. \u201cNunca vimos tantas profecias se cumprirem t\u00e3o rapidamente\u201d, aponta.<\/p>\n<p>\u201cTudo est\u00e1 acontecendo exatamente como Daniel e outros profetas profetizaram milhares de anos atr\u00e1s. Esses eventos est\u00e3o se aproximando da segunda vinda de Jesus Cristo\u201d, concluiu.<\/p>\n<p>Assista:<\/p>\n<p><iframe loading=\"lazy\" title=\"YouTube video player\" src=\"https:\/\/www.youtube.com\/embed\/EVIrxOrIf1o?si=6CD8Q2OvIw5n7OT1\" width=\"560\" height=\"315\" frameborder=\"0\" allowfullscreen=\"allowfullscreen\" data-mce-fragment=\"1\"><\/iframe><\/p>\n<p>Portal GuiaMe<\/p>\n","protected":false},"excerpt":{"rendered":"<p>R\u00fassia e Ucr\u00e2nia escalam o conflito com o uso de m\u00edsseis de longo alcance, agora<\/p>\n","protected":false},"author":4,"featured_media":45885,"comment_status":"open","ping_status":"open","sticky":false,"template":"","format":"standard","meta":{"footnotes":""},"categories":[9],"tags":[],"class_list":["post-45884","post","type-post","status-publish","format-standard","has-post-thumbnail","hentry","category-internacional"],"yoast_head":"<!-- This site is optimized with the Yoast SEO plugin v27.5 - https:\/\/yoast.com\/product\/yoast-seo-wordpress\/ -->\n<title>Evento prof\u00e9tico? Putin alerta para guerra global ap\u00f3s Ucr\u00e2nia atacar R\u00fassia com m\u00edsseis - Jornal<\/title>\n<meta name=\"description\" content=\"Evento prof\u00e9tico? Putin alerta para guerra global ap\u00f3s Ucr\u00e2nia atacar R\u00fassia com m\u00edsseis\" \/>\n<meta name=\"robots\" content=\"index, follow, max-snippet:-1, max-image-preview:large, max-video-preview:-1\" \/>\n<link rel=\"canonical\" href=\"https:\/\/jornalboasnoticias.com.br\/home\/evento-profetico-putin-alerta-para-guerra-global-apos-ucrania-atacar-russia-com-misseis\/\" \/>\n<meta property=\"og:locale\" content=\"pt_BR\" \/>\n<meta property=\"og:type\" content=\"article\" \/>\n<meta property=\"og:title\" content=\"Evento prof\u00e9tico? Putin alerta para guerra global ap\u00f3s Ucr\u00e2nia atacar R\u00fassia com m\u00edsseis - Jornal\" \/>\n<meta property=\"og:description\" content=\"Evento prof\u00e9tico? Putin alerta para guerra global ap\u00f3s Ucr\u00e2nia atacar R\u00fassia com m\u00edsseis\" \/>\n<meta property=\"og:url\" content=\"https:\/\/jornalboasnoticias.com.br\/home\/evento-profetico-putin-alerta-para-guerra-global-apos-ucrania-atacar-russia-com-misseis\/\" \/>\n<meta property=\"og:site_name\" content=\"Jornal\" \/>\n<meta property=\"article:publisher\" content=\"https:\/\/www.facebook.com\/boasnoticiasjornal\" \/>\n<meta property=\"article:published_time\" content=\"2024-11-27T21:55:12+00:00\" \/>\n<meta property=\"og:image\" content=\"https:\/\/jornalboasnoticias.com.br\/home\/wp-content\/uploads\/2024\/11\/2857864941-missil-storm-shadow.webp\" \/>\n\t<meta property=\"og:image:width\" content=\"840\" \/>\n\t<meta property=\"og:image:height\" content=\"500\" \/>\n\t<meta property=\"og:image:type\" content=\"image\/webp\" \/>\n<meta name=\"author\" content=\"Ana Luiza Bonatto\" \/>\n<meta name=\"twitter:card\" content=\"summary_large_image\" \/>\n<meta name=\"twitter:label1\" content=\"Escrito por\" \/>\n\t<meta name=\"twitter:data1\" content=\"Ana Luiza Bonatto\" \/>\n\t<meta name=\"twitter:label2\" content=\"Est. tempo de leitura\" \/>\n\t<meta name=\"twitter:data2\" content=\"8 minutos\" \/>\n<script type=\"application\/ld+json\" class=\"yoast-schema-graph\">{\"@context\":\"https:\\\/\\\/schema.org\",\"@graph\":[{\"@type\":\"Article\",\"@id\":\"https:\\\/\\\/jornalboasnoticias.com.br\\\/home\\\/evento-profetico-putin-alerta-para-guerra-global-apos-ucrania-atacar-russia-com-misseis\\\/#article\",\"isPartOf\":{\"@id\":\"https:\\\/\\\/jornalboasnoticias.com.br\\\/home\\\/evento-profetico-putin-alerta-para-guerra-global-apos-ucrania-atacar-russia-com-misseis\\\/\"},\"author\":{\"name\":\"Ana Luiza Bonatto\",\"@id\":\"https:\\\/\\\/jornalboasnoticias.com.br\\\/home\\\/#\\\/schema\\\/person\\\/d641193e0afc6405b390164dac847971\"},\"headline\":\"Evento prof\u00e9tico? Putin alerta para guerra global ap\u00f3s Ucr\u00e2nia atacar R\u00fassia com m\u00edsseis\",\"datePublished\":\"2024-11-27T21:55:12+00:00\",\"mainEntityOfPage\":{\"@id\":\"https:\\\/\\\/jornalboasnoticias.com.br\\\/home\\\/evento-profetico-putin-alerta-para-guerra-global-apos-ucrania-atacar-russia-com-misseis\\\/\"},\"wordCount\":1552,\"commentCount\":0,\"publisher\":{\"@id\":\"https:\\\/\\\/jornalboasnoticias.com.br\\\/home\\\/#organization\"},\"image\":{\"@id\":\"https:\\\/\\\/jornalboasnoticias.com.br\\\/home\\\/evento-profetico-putin-alerta-para-guerra-global-apos-ucrania-atacar-russia-com-misseis\\\/#primaryimage\"},\"thumbnailUrl\":\"https:\\\/\\\/jornalboasnoticias.com.br\\\/home\\\/wp-content\\\/uploads\\\/2024\\\/11\\\/2857864941-missil-storm-shadow.webp\",\"articleSection\":[\"INTERNACIONAL\"],\"inLanguage\":\"pt-BR\",\"potentialAction\":[{\"@type\":\"CommentAction\",\"name\":\"Comment\",\"target\":[\"https:\\\/\\\/jornalboasnoticias.com.br\\\/home\\\/evento-profetico-putin-alerta-para-guerra-global-apos-ucrania-atacar-russia-com-misseis\\\/#respond\"]}]},{\"@type\":\"WebPage\",\"@id\":\"https:\\\/\\\/jornalboasnoticias.com.br\\\/home\\\/evento-profetico-putin-alerta-para-guerra-global-apos-ucrania-atacar-russia-com-misseis\\\/\",\"url\":\"https:\\\/\\\/jornalboasnoticias.com.br\\\/home\\\/evento-profetico-putin-alerta-para-guerra-global-apos-ucrania-atacar-russia-com-misseis\\\/\",\"name\":\"Evento prof\u00e9tico? Putin alerta para guerra global ap\u00f3s Ucr\u00e2nia atacar R\u00fassia com m\u00edsseis - Jornal\",\"isPartOf\":{\"@id\":\"https:\\\/\\\/jornalboasnoticias.com.br\\\/home\\\/#website\"},\"primaryImageOfPage\":{\"@id\":\"https:\\\/\\\/jornalboasnoticias.com.br\\\/home\\\/evento-profetico-putin-alerta-para-guerra-global-apos-ucrania-atacar-russia-com-misseis\\\/#primaryimage\"},\"image\":{\"@id\":\"https:\\\/\\\/jornalboasnoticias.com.br\\\/home\\\/evento-profetico-putin-alerta-para-guerra-global-apos-ucrania-atacar-russia-com-misseis\\\/#primaryimage\"},\"thumbnailUrl\":\"https:\\\/\\\/jornalboasnoticias.com.br\\\/home\\\/wp-content\\\/uploads\\\/2024\\\/11\\\/2857864941-missil-storm-shadow.webp\",\"datePublished\":\"2024-11-27T21:55:12+00:00\",\"description\":\"Evento prof\u00e9tico? Putin alerta para guerra global ap\u00f3s Ucr\u00e2nia atacar R\u00fassia com m\u00edsseis\",\"breadcrumb\":{\"@id\":\"https:\\\/\\\/jornalboasnoticias.com.br\\\/home\\\/evento-profetico-putin-alerta-para-guerra-global-apos-ucrania-atacar-russia-com-misseis\\\/#breadcrumb\"},\"inLanguage\":\"pt-BR\",\"potentialAction\":[{\"@type\":\"ReadAction\",\"target\":[\"https:\\\/\\\/jornalboasnoticias.com.br\\\/home\\\/evento-profetico-putin-alerta-para-guerra-global-apos-ucrania-atacar-russia-com-misseis\\\/\"]}]},{\"@type\":\"ImageObject\",\"inLanguage\":\"pt-BR\",\"@id\":\"https:\\\/\\\/jornalboasnoticias.com.br\\\/home\\\/evento-profetico-putin-alerta-para-guerra-global-apos-ucrania-atacar-russia-com-misseis\\\/#primaryimage\",\"url\":\"https:\\\/\\\/jornalboasnoticias.com.br\\\/home\\\/wp-content\\\/uploads\\\/2024\\\/11\\\/2857864941-missil-storm-shadow.webp\",\"contentUrl\":\"https:\\\/\\\/jornalboasnoticias.com.br\\\/home\\\/wp-content\\\/uploads\\\/2024\\\/11\\\/2857864941-missil-storm-shadow.webp\",\"width\":840,\"height\":500,\"caption\":\"Foto: GOV.UK\"},{\"@type\":\"BreadcrumbList\",\"@id\":\"https:\\\/\\\/jornalboasnoticias.com.br\\\/home\\\/evento-profetico-putin-alerta-para-guerra-global-apos-ucrania-atacar-russia-com-misseis\\\/#breadcrumb\",\"itemListElement\":[{\"@type\":\"ListItem\",\"position\":1,\"name\":\"In\u00edcio\",\"item\":\"https:\\\/\\\/jornalboasnoticias.com.br\\\/home\\\/\"},{\"@type\":\"ListItem\",\"position\":2,\"name\":\"Evento prof\u00e9tico? Putin alerta para guerra global ap\u00f3s Ucr\u00e2nia atacar R\u00fassia com m\u00edsseis\"}]},{\"@type\":\"WebSite\",\"@id\":\"https:\\\/\\\/jornalboasnoticias.com.br\\\/home\\\/#website\",\"url\":\"https:\\\/\\\/jornalboasnoticias.com.br\\\/home\\\/\",\"name\":\"Jornal Boas Not\u00edcias\",\"description\":\"Boas not\u00edcias\",\"publisher\":{\"@id\":\"https:\\\/\\\/jornalboasnoticias.com.br\\\/home\\\/#organization\"},\"potentialAction\":[{\"@type\":\"SearchAction\",\"target\":{\"@type\":\"EntryPoint\",\"urlTemplate\":\"https:\\\/\\\/jornalboasnoticias.com.br\\\/home\\\/?s={search_term_string}\"},\"query-input\":{\"@type\":\"PropertyValueSpecification\",\"valueRequired\":true,\"valueName\":\"search_term_string\"}}],\"inLanguage\":\"pt-BR\"},{\"@type\":\"Organization\",\"@id\":\"https:\\\/\\\/jornalboasnoticias.com.br\\\/home\\\/#organization\",\"name\":\"Coq Editora Ltda\",\"alternateName\":\"Jornal Boas Noticias\",\"url\":\"https:\\\/\\\/jornalboasnoticias.com.br\\\/home\\\/\",\"logo\":{\"@type\":\"ImageObject\",\"inLanguage\":\"pt-BR\",\"@id\":\"https:\\\/\\\/jornalboasnoticias.com.br\\\/home\\\/#\\\/schema\\\/logo\\\/image\\\/\",\"url\":\"https:\\\/\\\/jornalboasnoticias.com.br\\\/home\\\/wp-content\\\/uploads\\\/2024\\\/07\\\/cropped-logo.jpg\",\"contentUrl\":\"https:\\\/\\\/jornalboasnoticias.com.br\\\/home\\\/wp-content\\\/uploads\\\/2024\\\/07\\\/cropped-logo.jpg\",\"width\":290,\"height\":142,\"caption\":\"Coq Editora Ltda\"},\"image\":{\"@id\":\"https:\\\/\\\/jornalboasnoticias.com.br\\\/home\\\/#\\\/schema\\\/logo\\\/image\\\/\"},\"sameAs\":[\"https:\\\/\\\/www.facebook.com\\\/boasnoticiasjornal\"]},{\"@type\":\"Person\",\"@id\":\"https:\\\/\\\/jornalboasnoticias.com.br\\\/home\\\/#\\\/schema\\\/person\\\/d641193e0afc6405b390164dac847971\",\"name\":\"Ana Luiza Bonatto\",\"image\":{\"@type\":\"ImageObject\",\"inLanguage\":\"pt-BR\",\"@id\":\"https:\\\/\\\/secure.gravatar.com\\\/avatar\\\/8a055ebe6373371f67ac6fcf313c0ac0b0a91157fdcdb9514fa62927373348f0?s=96&d=mm&r=g\",\"url\":\"https:\\\/\\\/secure.gravatar.com\\\/avatar\\\/8a055ebe6373371f67ac6fcf313c0ac0b0a91157fdcdb9514fa62927373348f0?s=96&d=mm&r=g\",\"contentUrl\":\"https:\\\/\\\/secure.gravatar.com\\\/avatar\\\/8a055ebe6373371f67ac6fcf313c0ac0b0a91157fdcdb9514fa62927373348f0?s=96&d=mm&r=g\",\"caption\":\"Ana Luiza Bonatto\"},\"url\":\"https:\\\/\\\/jornalboasnoticias.com.br\\\/home\\\/author\\\/ana-luiza\\\/\"}]}<\/script>\n<!-- \/ Yoast SEO plugin. -->","yoast_head_json":{"title":"Evento prof\u00e9tico? Putin alerta para guerra global ap\u00f3s Ucr\u00e2nia atacar R\u00fassia com m\u00edsseis - Jornal","description":"Evento prof\u00e9tico? Putin alerta para guerra global ap\u00f3s Ucr\u00e2nia atacar R\u00fassia com m\u00edsseis","robots":{"index":"index","follow":"follow","max-snippet":"max-snippet:-1","max-image-preview":"max-image-preview:large","max-video-preview":"max-video-preview:-1"},"canonical":"https:\/\/jornalboasnoticias.com.br\/home\/evento-profetico-putin-alerta-para-guerra-global-apos-ucrania-atacar-russia-com-misseis\/","og_locale":"pt_BR","og_type":"article","og_title":"Evento prof\u00e9tico? Putin alerta para guerra global ap\u00f3s Ucr\u00e2nia atacar R\u00fassia com m\u00edsseis - Jornal","og_description":"Evento prof\u00e9tico? Putin alerta para guerra global ap\u00f3s Ucr\u00e2nia atacar R\u00fassia com m\u00edsseis","og_url":"https:\/\/jornalboasnoticias.com.br\/home\/evento-profetico-putin-alerta-para-guerra-global-apos-ucrania-atacar-russia-com-misseis\/","og_site_name":"Jornal","article_publisher":"https:\/\/www.facebook.com\/boasnoticiasjornal","article_published_time":"2024-11-27T21:55:12+00:00","og_image":[{"width":840,"height":500,"url":"https:\/\/jornalboasnoticias.com.br\/home\/wp-content\/uploads\/2024\/11\/2857864941-missil-storm-shadow.webp","type":"image\/webp"}],"author":"Ana Luiza Bonatto","twitter_card":"summary_large_image","twitter_misc":{"Escrito por":"Ana Luiza Bonatto","Est. tempo de leitura":"8 minutos"},"schema":{"@context":"https:\/\/schema.org","@graph":[{"@type":"Article","@id":"https:\/\/jornalboasnoticias.com.br\/home\/evento-profetico-putin-alerta-para-guerra-global-apos-ucrania-atacar-russia-com-misseis\/#article","isPartOf":{"@id":"https:\/\/jornalboasnoticias.com.br\/home\/evento-profetico-putin-alerta-para-guerra-global-apos-ucrania-atacar-russia-com-misseis\/"},"author":{"name":"Ana Luiza Bonatto","@id":"https:\/\/jornalboasnoticias.com.br\/home\/#\/schema\/person\/d641193e0afc6405b390164dac847971"},"headline":"Evento prof\u00e9tico? Putin alerta para guerra global ap\u00f3s Ucr\u00e2nia atacar R\u00fassia com m\u00edsseis","datePublished":"2024-11-27T21:55:12+00:00","mainEntityOfPage":{"@id":"https:\/\/jornalboasnoticias.com.br\/home\/evento-profetico-putin-alerta-para-guerra-global-apos-ucrania-atacar-russia-com-misseis\/"},"wordCount":1552,"commentCount":0,"publisher":{"@id":"https:\/\/jornalboasnoticias.com.br\/home\/#organization"},"image":{"@id":"https:\/\/jornalboasnoticias.com.br\/home\/evento-profetico-putin-alerta-para-guerra-global-apos-ucrania-atacar-russia-com-misseis\/#primaryimage"},"thumbnailUrl":"https:\/\/jornalboasnoticias.com.br\/home\/wp-content\/uploads\/2024\/11\/2857864941-missil-storm-shadow.webp","articleSection":["INTERNACIONAL"],"inLanguage":"pt-BR","potentialAction":[{"@type":"CommentAction","name":"Comment","target":["https:\/\/jornalboasnoticias.com.br\/home\/evento-profetico-putin-alerta-para-guerra-global-apos-ucrania-atacar-russia-com-misseis\/#respond"]}]},{"@type":"WebPage","@id":"https:\/\/jornalboasnoticias.com.br\/home\/evento-profetico-putin-alerta-para-guerra-global-apos-ucrania-atacar-russia-com-misseis\/","url":"https:\/\/jornalboasnoticias.com.br\/home\/evento-profetico-putin-alerta-para-guerra-global-apos-ucrania-atacar-russia-com-misseis\/","name":"Evento prof\u00e9tico? Putin alerta para guerra global ap\u00f3s Ucr\u00e2nia atacar R\u00fassia com m\u00edsseis - Jornal","isPartOf":{"@id":"https:\/\/jornalboasnoticias.com.br\/home\/#website"},"primaryImageOfPage":{"@id":"https:\/\/jornalboasnoticias.com.br\/home\/evento-profetico-putin-alerta-para-guerra-global-apos-ucrania-atacar-russia-com-misseis\/#primaryimage"},"image":{"@id":"https:\/\/jornalboasnoticias.com.br\/home\/evento-profetico-putin-alerta-para-guerra-global-apos-ucrania-atacar-russia-com-misseis\/#primaryimage"},"thumbnailUrl":"https:\/\/jornalboasnoticias.com.br\/home\/wp-content\/uploads\/2024\/11\/2857864941-missil-storm-shadow.webp","datePublished":"2024-11-27T21:55:12+00:00","description":"Evento prof\u00e9tico? Putin alerta para guerra global ap\u00f3s Ucr\u00e2nia atacar R\u00fassia com m\u00edsseis","breadcrumb":{"@id":"https:\/\/jornalboasnoticias.com.br\/home\/evento-profetico-putin-alerta-para-guerra-global-apos-ucrania-atacar-russia-com-misseis\/#breadcrumb"},"inLanguage":"pt-BR","potentialAction":[{"@type":"ReadAction","target":["https:\/\/jornalboasnoticias.com.br\/home\/evento-profetico-putin-alerta-para-guerra-global-apos-ucrania-atacar-russia-com-misseis\/"]}]},{"@type":"ImageObject","inLanguage":"pt-BR","@id":"https:\/\/jornalboasnoticias.com.br\/home\/evento-profetico-putin-alerta-para-guerra-global-apos-ucrania-atacar-russia-com-misseis\/#primaryimage","url":"https:\/\/jornalboasnoticias.com.br\/home\/wp-content\/uploads\/2024\/11\/2857864941-missil-storm-shadow.webp","contentUrl":"https:\/\/jornalboasnoticias.com.br\/home\/wp-content\/uploads\/2024\/11\/2857864941-missil-storm-shadow.webp","width":840,"height":500,"caption":"Foto: GOV.UK"},{"@type":"BreadcrumbList","@id":"https:\/\/jornalboasnoticias.com.br\/home\/evento-profetico-putin-alerta-para-guerra-global-apos-ucrania-atacar-russia-com-misseis\/#breadcrumb","itemListElement":[{"@type":"ListItem","position":1,"name":"In\u00edcio","item":"https:\/\/jornalboasnoticias.com.br\/home\/"},{"@type":"ListItem","position":2,"name":"Evento prof\u00e9tico? Putin alerta para guerra global ap\u00f3s Ucr\u00e2nia atacar R\u00fassia com m\u00edsseis"}]},{"@type":"WebSite","@id":"https:\/\/jornalboasnoticias.com.br\/home\/#website","url":"https:\/\/jornalboasnoticias.com.br\/home\/","name":"Jornal Boas Not\u00edcias","description":"Boas not\u00edcias","publisher":{"@id":"https:\/\/jornalboasnoticias.com.br\/home\/#organization"},"potentialAction":[{"@type":"SearchAction","target":{"@type":"EntryPoint","urlTemplate":"https:\/\/jornalboasnoticias.com.br\/home\/?s={search_term_string}"},"query-input":{"@type":"PropertyValueSpecification","valueRequired":true,"valueName":"search_term_string"}}],"inLanguage":"pt-BR"},{"@type":"Organization","@id":"https:\/\/jornalboasnoticias.com.br\/home\/#organization","name":"Coq Editora Ltda","alternateName":"Jornal Boas Noticias","url":"https:\/\/jornalboasnoticias.com.br\/home\/","logo":{"@type":"ImageObject","inLanguage":"pt-BR","@id":"https:\/\/jornalboasnoticias.com.br\/home\/#\/schema\/logo\/image\/","url":"https:\/\/jornalboasnoticias.com.br\/home\/wp-content\/uploads\/2024\/07\/cropped-logo.jpg","contentUrl":"https:\/\/jornalboasnoticias.com.br\/home\/wp-content\/uploads\/2024\/07\/cropped-logo.jpg","width":290,"height":142,"caption":"Coq Editora Ltda"},"image":{"@id":"https:\/\/jornalboasnoticias.com.br\/home\/#\/schema\/logo\/image\/"},"sameAs":["https:\/\/www.facebook.com\/boasnoticiasjornal"]},{"@type":"Person","@id":"https:\/\/jornalboasnoticias.com.br\/home\/#\/schema\/person\/d641193e0afc6405b390164dac847971","name":"Ana Luiza Bonatto","image":{"@type":"ImageObject","inLanguage":"pt-BR","@id":"https:\/\/secure.gravatar.com\/avatar\/8a055ebe6373371f67ac6fcf313c0ac0b0a91157fdcdb9514fa62927373348f0?s=96&d=mm&r=g","url":"https:\/\/secure.gravatar.com\/avatar\/8a055ebe6373371f67ac6fcf313c0ac0b0a91157fdcdb9514fa62927373348f0?s=96&d=mm&r=g","contentUrl":"https:\/\/secure.gravatar.com\/avatar\/8a055ebe6373371f67ac6fcf313c0ac0b0a91157fdcdb9514fa62927373348f0?s=96&d=mm&r=g","caption":"Ana Luiza Bonatto"},"url":"https:\/\/jornalboasnoticias.com.br\/home\/author\/ana-luiza\/"}]}},"_links":{"self":[{"href":"https:\/\/jornalboasnoticias.com.br\/home\/wp-json\/wp\/v2\/posts\/45884","targetHints":{"allow":["GET"]}}],"collection":[{"href":"https:\/\/jornalboasnoticias.com.br\/home\/wp-json\/wp\/v2\/posts"}],"about":[{"href":"https:\/\/jornalboasnoticias.com.br\/home\/wp-json\/wp\/v2\/types\/post"}],"author":[{"embeddable":true,"href":"https:\/\/jornalboasnoticias.com.br\/home\/wp-json\/wp\/v2\/users\/4"}],"replies":[{"embeddable":true,"href":"https:\/\/jornalboasnoticias.com.br\/home\/wp-json\/wp\/v2\/comments?post=45884"}],"version-history":[{"count":1,"href":"https:\/\/jornalboasnoticias.com.br\/home\/wp-json\/wp\/v2\/posts\/45884\/revisions"}],"predecessor-version":[{"id":45886,"href":"https:\/\/jornalboasnoticias.com.br\/home\/wp-json\/wp\/v2\/posts\/45884\/revisions\/45886"}],"wp:featuredmedia":[{"embeddable":true,"href":"https:\/\/jornalboasnoticias.com.br\/home\/wp-json\/wp\/v2\/media\/45885"}],"wp:attachment":[{"href":"https:\/\/jornalboasnoticias.com.br\/home\/wp-json\/wp\/v2\/media?parent=45884"}],"wp:term":[{"taxonomy":"category","embeddable":true,"href":"https:\/\/jornalboasnoticias.com.br\/home\/wp-json\/wp\/v2\/categories?post=45884"},{"taxonomy":"post_tag","embeddable":true,"href":"https:\/\/jornalboasnoticias.com.br\/home\/wp-json\/wp\/v2\/tags?post=45884"}],"curies":[{"name":"wp","href":"https:\/\/api.w.org\/{rel}","templated":true}]}}