{"id":45874,"date":"2024-11-27T21:48:38","date_gmt":"2024-11-27T21:48:38","guid":{"rendered":"https:\/\/jornalboasnoticias.com.br\/home\/?p=45874"},"modified":"2024-11-27T21:48:38","modified_gmt":"2024-11-27T21:48:38","slug":"sbt-exibira-show-gospel-e-pregacao-na-virada-de-ano-novo","status":"publish","type":"post","link":"https:\/\/jornalboasnoticias.com.br\/home\/sbt-exibira-show-gospel-e-pregacao-na-virada-de-ano-novo\/","title":{"rendered":"SBT exibir\u00e1 show gospel e prega\u00e7\u00e3o na virada de Ano Novo"},"content":{"rendered":"<figure id=\"attachment_45875\" aria-describedby=\"caption-attachment-45875\" style=\"width: 840px\" class=\"wp-caption alignnone\"><img loading=\"lazy\" decoding=\"async\" class=\"size-full wp-image-45875\" src=\"https:\/\/jornalboasnoticias.com.br\/home\/wp-content\/uploads\/2024\/11\/660154264-andre-fernandes.webp\" alt=\"\" width=\"840\" height=\"500\" srcset=\"https:\/\/jornalboasnoticias.com.br\/home\/wp-content\/uploads\/2024\/11\/660154264-andre-fernandes.webp 840w, https:\/\/jornalboasnoticias.com.br\/home\/wp-content\/uploads\/2024\/11\/660154264-andre-fernandes-300x179.webp 300w, https:\/\/jornalboasnoticias.com.br\/home\/wp-content\/uploads\/2024\/11\/660154264-andre-fernandes-768x457.webp 768w\" sizes=\"auto, (max-width: 840px) 100vw, 840px\" \/><figcaption id=\"caption-attachment-45875\" class=\"wp-caption-text\">Foto: Divulga\u00e7\u00e3o\/SBT<\/figcaption><\/figure>\n<blockquote>\n<p class=\"articleTitle_headline__BIofm \">O especial de fim de ano da emissora exibir\u00e1 o \u201cVira Brasil \u2013 Music Festival\u201d, um show gospel organizado pelo pastor Andr\u00e9 Fernandes<\/p>\n<\/blockquote>\n<p>O\u00a0<strong>SBT<\/strong>\u00a0vai exibir um especial de fim de ano crist\u00e3o durante o R\u00e9veillon. Na noite de Ano Novo, o canal ir\u00e1 transmitir o evento \u201cVira Brasil \u2013 Music Festival\u201d, um show gospel organizado pelo pastor Andr\u00e9 Fernandes, da Igreja Lagoinha de Alphaville, em S\u00e3o Paulo.<\/p>\n<p>O projeto da igreja alugou o est\u00e1dio de futebol Allianz Parque para realizar &#8220;a maior virada do ano crist\u00e3 do Brasil&#8221;. Em parceria, o SBT far\u00e1 a transmiss\u00e3o ao vivo na noite do dia 31 de dezembro.<\/p>\n<p>\u201cSempre quisemos ter um evento ao vivo para a virada de ano. Quando os organizadores do Festival nos propuseram, vimos que seria uma oportunidade de oferecer ao nosso p\u00fablico uma programa\u00e7\u00e3o ao vivo, cheia de m\u00fasicas e mensagens de f\u00e9 e esperan\u00e7a para 2025. Ser\u00e1 uma passagem de ano diferente para o SBT e para os nossos queridos espectadores\u201d, afirmou Daniela Abravanel Beyruti, CEO do SBT.<\/p>\n<p>A emissora est\u00e1 finalizando os tr\u00e2mites do projeto, e Yudi Tamashiro e<strong>\u00a0Nadja Haddad\u00a0<\/strong>foram escalados para serem os apresentadores do show gospel, segundo informa\u00e7\u00f5es do colunista Fl\u00e1vio Ricco, do portal Leo Dias.<\/p>\n<p>O show contar\u00e1 com grandes nomes da m\u00fasica crist\u00e3. Os cantores j\u00e1 confirmados s\u00e3o: Fernandinho, Banda Morada, Andr\u00e9 Fernandes, Tifanny Hudson e Richard Gordon, FHOP, Sued Silva, Ana N\u00f3brega, Isa\u00edas Saad, Eli Soares, Victor Hugo, Ronny Oliveira, Alpha Music e Quezia Cadimo.<\/p>\n<p><strong>Ministra\u00e7\u00e3o da Palavra<\/strong><\/p>\n<p>Entre as m\u00fasicas, tamb\u00e9m acontecer\u00e3o momentos de ministra\u00e7\u00e3o da Palavra de Deus com os pastores Victor Hugo, Ronny Oliveira, Qu\u00e9zia C\u00e1dimo e Andr\u00e9 Fernandes.<\/p>\n<p>Al\u00e9m disso, o evento vai contar com a participa\u00e7\u00e3o de Paulo Vieira e sua esposa Camila Vieira.<\/p>\n<p>O pastor Andr\u00e9 j\u00e1 est\u00e1 divulgando o evento em suas redes sociais. &#8220;Ser\u00e1 um marco em nossas vidas e, juntos com nossas fam\u00edlias, faremos hist\u00f3ria na na\u00e7\u00e3o. Estamos retomando ambientes como igreja onde antes n\u00e3o t\u00ednhamos acesso&#8221;, escreveu ele, em postagem no Instagram.<\/p>\n<p><iframe id=\"instagram-embed-1\" class=\"instagram-media instagram-media-rendered\" src=\"https:\/\/www.instagram.com\/p\/DCuff-jxDC_\/embed\/captioned\/?cr=1&amp;v=14&amp;wp=540&amp;rd=https%3A%2F%2Fwww.guiame.com.br&amp;rp=%2Fgospel%2Fnoticias%2Fsbt-exibira-show-gospel-e-pregacao-na-virada-de-ano-novo.html#%7B%22ci%22%3A1%2C%22os%22%3A1567.2999999523163%2C%22ls%22%3A668.2000000476837%2C%22le%22%3A1014.2000000476837%7D\" height=\"1124\" frameborder=\"0\" scrolling=\"no\" allowfullscreen=\"allowfullscreen\" data-instgrm-payload-id=\"instagram-media-payload-1\" data-mce-fragment=\"1\"><\/iframe><\/p>\n<p>Ap\u00f3s a chegada de 2025 no Brasil, o SBT vai exibir em seguida o \u201cVira Brasil \u2013 USA\u201d, um evento que j\u00e1 faz sucesso nos Estados Unidos.<\/p>\n<p>Entre as atra\u00e7\u00f5es do \u201cVira Brasil \u2013 USA\u201d, estar\u00e3o Andr\u00e9 Valad\u00e3o, Camila Barros, Deive Leonardo, Aline Barros, Maria Mar\u00e7al, Jefferson e Suellen, Marcelo Markes, Theo Rubia e Lukas Agustinho.<\/p>\n<p>Portal GuiaMe<\/p>\n<blockquote>\n<div class=\"articleTitle_assign__jQQza \"><\/div>\n<\/blockquote>\n","protected":false},"excerpt":{"rendered":"<p>O especial de fim de ano da emissora exibir\u00e1 o \u201cVira Brasil \u2013 Music Festival\u201d,<\/p>\n","protected":false},"author":4,"featured_media":45875,"comment_status":"open","ping_status":"open","sticky":false,"template":"","format":"standard","meta":{"footnotes":""},"categories":[12],"tags":[],"class_list":["post-45874","post","type-post","status-publish","format-standard","has-post-thumbnail","hentry","category-variedades"],"yoast_head":"<!-- This site is optimized with the Yoast SEO plugin v27.5 - https:\/\/yoast.com\/product\/yoast-seo-wordpress\/ -->\n<title>SBT exibir\u00e1 show gospel e prega\u00e7\u00e3o na virada de Ano Novo - Jornal<\/title>\n<meta name=\"description\" content=\"SBT exibir\u00e1 show gospel e prega\u00e7\u00e3o na virada de Ano Novo\" \/>\n<meta name=\"robots\" content=\"index, follow, max-snippet:-1, max-image-preview:large, max-video-preview:-1\" \/>\n<link rel=\"canonical\" href=\"https:\/\/jornalboasnoticias.com.br\/home\/sbt-exibira-show-gospel-e-pregacao-na-virada-de-ano-novo\/\" \/>\n<meta property=\"og:locale\" content=\"pt_BR\" \/>\n<meta property=\"og:type\" content=\"article\" \/>\n<meta property=\"og:title\" content=\"SBT exibir\u00e1 show gospel e prega\u00e7\u00e3o na virada de Ano Novo - Jornal\" \/>\n<meta property=\"og:description\" content=\"SBT exibir\u00e1 show gospel e prega\u00e7\u00e3o na virada de Ano Novo\" \/>\n<meta property=\"og:url\" content=\"https:\/\/jornalboasnoticias.com.br\/home\/sbt-exibira-show-gospel-e-pregacao-na-virada-de-ano-novo\/\" \/>\n<meta property=\"og:site_name\" content=\"Jornal\" \/>\n<meta property=\"article:publisher\" content=\"https:\/\/www.facebook.com\/boasnoticiasjornal\" \/>\n<meta property=\"article:published_time\" content=\"2024-11-27T21:48:38+00:00\" \/>\n<meta property=\"og:image\" content=\"https:\/\/jornalboasnoticias.com.br\/home\/wp-content\/uploads\/2024\/11\/660154264-andre-fernandes.webp\" \/>\n\t<meta property=\"og:image:width\" content=\"840\" \/>\n\t<meta property=\"og:image:height\" content=\"500\" \/>\n\t<meta property=\"og:image:type\" content=\"image\/webp\" \/>\n<meta name=\"author\" content=\"Ana Luiza Bonatto\" \/>\n<meta name=\"twitter:card\" content=\"summary_large_image\" \/>\n<meta name=\"twitter:label1\" content=\"Escrito por\" \/>\n\t<meta name=\"twitter:data1\" content=\"Ana Luiza Bonatto\" \/>\n\t<meta name=\"twitter:label2\" content=\"Est. tempo de leitura\" \/>\n\t<meta name=\"twitter:data2\" content=\"3 minutos\" \/>\n<script type=\"application\/ld+json\" class=\"yoast-schema-graph\">{\"@context\":\"https:\\\/\\\/schema.org\",\"@graph\":[{\"@type\":\"Article\",\"@id\":\"https:\\\/\\\/jornalboasnoticias.com.br\\\/home\\\/sbt-exibira-show-gospel-e-pregacao-na-virada-de-ano-novo\\\/#article\",\"isPartOf\":{\"@id\":\"https:\\\/\\\/jornalboasnoticias.com.br\\\/home\\\/sbt-exibira-show-gospel-e-pregacao-na-virada-de-ano-novo\\\/\"},\"author\":{\"name\":\"Ana Luiza Bonatto\",\"@id\":\"https:\\\/\\\/jornalboasnoticias.com.br\\\/home\\\/#\\\/schema\\\/person\\\/d641193e0afc6405b390164dac847971\"},\"headline\":\"SBT exibir\u00e1 show gospel e prega\u00e7\u00e3o na virada de Ano Novo\",\"datePublished\":\"2024-11-27T21:48:38+00:00\",\"mainEntityOfPage\":{\"@id\":\"https:\\\/\\\/jornalboasnoticias.com.br\\\/home\\\/sbt-exibira-show-gospel-e-pregacao-na-virada-de-ano-novo\\\/\"},\"wordCount\":443,\"commentCount\":0,\"publisher\":{\"@id\":\"https:\\\/\\\/jornalboasnoticias.com.br\\\/home\\\/#organization\"},\"image\":{\"@id\":\"https:\\\/\\\/jornalboasnoticias.com.br\\\/home\\\/sbt-exibira-show-gospel-e-pregacao-na-virada-de-ano-novo\\\/#primaryimage\"},\"thumbnailUrl\":\"https:\\\/\\\/jornalboasnoticias.com.br\\\/home\\\/wp-content\\\/uploads\\\/2024\\\/11\\\/660154264-andre-fernandes.webp\",\"articleSection\":[\"VARIEDADES\"],\"inLanguage\":\"pt-BR\",\"potentialAction\":[{\"@type\":\"CommentAction\",\"name\":\"Comment\",\"target\":[\"https:\\\/\\\/jornalboasnoticias.com.br\\\/home\\\/sbt-exibira-show-gospel-e-pregacao-na-virada-de-ano-novo\\\/#respond\"]}]},{\"@type\":\"WebPage\",\"@id\":\"https:\\\/\\\/jornalboasnoticias.com.br\\\/home\\\/sbt-exibira-show-gospel-e-pregacao-na-virada-de-ano-novo\\\/\",\"url\":\"https:\\\/\\\/jornalboasnoticias.com.br\\\/home\\\/sbt-exibira-show-gospel-e-pregacao-na-virada-de-ano-novo\\\/\",\"name\":\"SBT exibir\u00e1 show gospel e prega\u00e7\u00e3o na virada de Ano Novo - Jornal\",\"isPartOf\":{\"@id\":\"https:\\\/\\\/jornalboasnoticias.com.br\\\/home\\\/#website\"},\"primaryImageOfPage\":{\"@id\":\"https:\\\/\\\/jornalboasnoticias.com.br\\\/home\\\/sbt-exibira-show-gospel-e-pregacao-na-virada-de-ano-novo\\\/#primaryimage\"},\"image\":{\"@id\":\"https:\\\/\\\/jornalboasnoticias.com.br\\\/home\\\/sbt-exibira-show-gospel-e-pregacao-na-virada-de-ano-novo\\\/#primaryimage\"},\"thumbnailUrl\":\"https:\\\/\\\/jornalboasnoticias.com.br\\\/home\\\/wp-content\\\/uploads\\\/2024\\\/11\\\/660154264-andre-fernandes.webp\",\"datePublished\":\"2024-11-27T21:48:38+00:00\",\"description\":\"SBT exibir\u00e1 show gospel e prega\u00e7\u00e3o na virada de Ano Novo\",\"breadcrumb\":{\"@id\":\"https:\\\/\\\/jornalboasnoticias.com.br\\\/home\\\/sbt-exibira-show-gospel-e-pregacao-na-virada-de-ano-novo\\\/#breadcrumb\"},\"inLanguage\":\"pt-BR\",\"potentialAction\":[{\"@type\":\"ReadAction\",\"target\":[\"https:\\\/\\\/jornalboasnoticias.com.br\\\/home\\\/sbt-exibira-show-gospel-e-pregacao-na-virada-de-ano-novo\\\/\"]}]},{\"@type\":\"ImageObject\",\"inLanguage\":\"pt-BR\",\"@id\":\"https:\\\/\\\/jornalboasnoticias.com.br\\\/home\\\/sbt-exibira-show-gospel-e-pregacao-na-virada-de-ano-novo\\\/#primaryimage\",\"url\":\"https:\\\/\\\/jornalboasnoticias.com.br\\\/home\\\/wp-content\\\/uploads\\\/2024\\\/11\\\/660154264-andre-fernandes.webp\",\"contentUrl\":\"https:\\\/\\\/jornalboasnoticias.com.br\\\/home\\\/wp-content\\\/uploads\\\/2024\\\/11\\\/660154264-andre-fernandes.webp\",\"width\":840,\"height\":500,\"caption\":\"Foto: Divulga\u00e7\u00e3o\\\/SBT\"},{\"@type\":\"BreadcrumbList\",\"@id\":\"https:\\\/\\\/jornalboasnoticias.com.br\\\/home\\\/sbt-exibira-show-gospel-e-pregacao-na-virada-de-ano-novo\\\/#breadcrumb\",\"itemListElement\":[{\"@type\":\"ListItem\",\"position\":1,\"name\":\"In\u00edcio\",\"item\":\"https:\\\/\\\/jornalboasnoticias.com.br\\\/home\\\/\"},{\"@type\":\"ListItem\",\"position\":2,\"name\":\"SBT exibir\u00e1 show gospel e prega\u00e7\u00e3o na virada de Ano Novo\"}]},{\"@type\":\"WebSite\",\"@id\":\"https:\\\/\\\/jornalboasnoticias.com.br\\\/home\\\/#website\",\"url\":\"https:\\\/\\\/jornalboasnoticias.com.br\\\/home\\\/\",\"name\":\"Jornal Boas Not\u00edcias\",\"description\":\"Boas not\u00edcias\",\"publisher\":{\"@id\":\"https:\\\/\\\/jornalboasnoticias.com.br\\\/home\\\/#organization\"},\"potentialAction\":[{\"@type\":\"SearchAction\",\"target\":{\"@type\":\"EntryPoint\",\"urlTemplate\":\"https:\\\/\\\/jornalboasnoticias.com.br\\\/home\\\/?s={search_term_string}\"},\"query-input\":{\"@type\":\"PropertyValueSpecification\",\"valueRequired\":true,\"valueName\":\"search_term_string\"}}],\"inLanguage\":\"pt-BR\"},{\"@type\":\"Organization\",\"@id\":\"https:\\\/\\\/jornalboasnoticias.com.br\\\/home\\\/#organization\",\"name\":\"Coq Editora Ltda\",\"alternateName\":\"Jornal Boas Noticias\",\"url\":\"https:\\\/\\\/jornalboasnoticias.com.br\\\/home\\\/\",\"logo\":{\"@type\":\"ImageObject\",\"inLanguage\":\"pt-BR\",\"@id\":\"https:\\\/\\\/jornalboasnoticias.com.br\\\/home\\\/#\\\/schema\\\/logo\\\/image\\\/\",\"url\":\"https:\\\/\\\/jornalboasnoticias.com.br\\\/home\\\/wp-content\\\/uploads\\\/2024\\\/07\\\/cropped-logo.jpg\",\"contentUrl\":\"https:\\\/\\\/jornalboasnoticias.com.br\\\/home\\\/wp-content\\\/uploads\\\/2024\\\/07\\\/cropped-logo.jpg\",\"width\":290,\"height\":142,\"caption\":\"Coq Editora Ltda\"},\"image\":{\"@id\":\"https:\\\/\\\/jornalboasnoticias.com.br\\\/home\\\/#\\\/schema\\\/logo\\\/image\\\/\"},\"sameAs\":[\"https:\\\/\\\/www.facebook.com\\\/boasnoticiasjornal\"]},{\"@type\":\"Person\",\"@id\":\"https:\\\/\\\/jornalboasnoticias.com.br\\\/home\\\/#\\\/schema\\\/person\\\/d641193e0afc6405b390164dac847971\",\"name\":\"Ana Luiza Bonatto\",\"image\":{\"@type\":\"ImageObject\",\"inLanguage\":\"pt-BR\",\"@id\":\"https:\\\/\\\/secure.gravatar.com\\\/avatar\\\/8a055ebe6373371f67ac6fcf313c0ac0b0a91157fdcdb9514fa62927373348f0?s=96&d=mm&r=g\",\"url\":\"https:\\\/\\\/secure.gravatar.com\\\/avatar\\\/8a055ebe6373371f67ac6fcf313c0ac0b0a91157fdcdb9514fa62927373348f0?s=96&d=mm&r=g\",\"contentUrl\":\"https:\\\/\\\/secure.gravatar.com\\\/avatar\\\/8a055ebe6373371f67ac6fcf313c0ac0b0a91157fdcdb9514fa62927373348f0?s=96&d=mm&r=g\",\"caption\":\"Ana Luiza Bonatto\"},\"url\":\"https:\\\/\\\/jornalboasnoticias.com.br\\\/home\\\/author\\\/ana-luiza\\\/\"}]}<\/script>\n<!-- \/ Yoast SEO plugin. -->","yoast_head_json":{"title":"SBT exibir\u00e1 show gospel e prega\u00e7\u00e3o na virada de Ano Novo - Jornal","description":"SBT exibir\u00e1 show gospel e prega\u00e7\u00e3o na virada de Ano Novo","robots":{"index":"index","follow":"follow","max-snippet":"max-snippet:-1","max-image-preview":"max-image-preview:large","max-video-preview":"max-video-preview:-1"},"canonical":"https:\/\/jornalboasnoticias.com.br\/home\/sbt-exibira-show-gospel-e-pregacao-na-virada-de-ano-novo\/","og_locale":"pt_BR","og_type":"article","og_title":"SBT exibir\u00e1 show gospel e prega\u00e7\u00e3o na virada de Ano Novo - Jornal","og_description":"SBT exibir\u00e1 show gospel e prega\u00e7\u00e3o na virada de Ano Novo","og_url":"https:\/\/jornalboasnoticias.com.br\/home\/sbt-exibira-show-gospel-e-pregacao-na-virada-de-ano-novo\/","og_site_name":"Jornal","article_publisher":"https:\/\/www.facebook.com\/boasnoticiasjornal","article_published_time":"2024-11-27T21:48:38+00:00","og_image":[{"width":840,"height":500,"url":"https:\/\/jornalboasnoticias.com.br\/home\/wp-content\/uploads\/2024\/11\/660154264-andre-fernandes.webp","type":"image\/webp"}],"author":"Ana Luiza Bonatto","twitter_card":"summary_large_image","twitter_misc":{"Escrito por":"Ana Luiza Bonatto","Est. tempo de leitura":"3 minutos"},"schema":{"@context":"https:\/\/schema.org","@graph":[{"@type":"Article","@id":"https:\/\/jornalboasnoticias.com.br\/home\/sbt-exibira-show-gospel-e-pregacao-na-virada-de-ano-novo\/#article","isPartOf":{"@id":"https:\/\/jornalboasnoticias.com.br\/home\/sbt-exibira-show-gospel-e-pregacao-na-virada-de-ano-novo\/"},"author":{"name":"Ana Luiza Bonatto","@id":"https:\/\/jornalboasnoticias.com.br\/home\/#\/schema\/person\/d641193e0afc6405b390164dac847971"},"headline":"SBT exibir\u00e1 show gospel e prega\u00e7\u00e3o na virada de Ano Novo","datePublished":"2024-11-27T21:48:38+00:00","mainEntityOfPage":{"@id":"https:\/\/jornalboasnoticias.com.br\/home\/sbt-exibira-show-gospel-e-pregacao-na-virada-de-ano-novo\/"},"wordCount":443,"commentCount":0,"publisher":{"@id":"https:\/\/jornalboasnoticias.com.br\/home\/#organization"},"image":{"@id":"https:\/\/jornalboasnoticias.com.br\/home\/sbt-exibira-show-gospel-e-pregacao-na-virada-de-ano-novo\/#primaryimage"},"thumbnailUrl":"https:\/\/jornalboasnoticias.com.br\/home\/wp-content\/uploads\/2024\/11\/660154264-andre-fernandes.webp","articleSection":["VARIEDADES"],"inLanguage":"pt-BR","potentialAction":[{"@type":"CommentAction","name":"Comment","target":["https:\/\/jornalboasnoticias.com.br\/home\/sbt-exibira-show-gospel-e-pregacao-na-virada-de-ano-novo\/#respond"]}]},{"@type":"WebPage","@id":"https:\/\/jornalboasnoticias.com.br\/home\/sbt-exibira-show-gospel-e-pregacao-na-virada-de-ano-novo\/","url":"https:\/\/jornalboasnoticias.com.br\/home\/sbt-exibira-show-gospel-e-pregacao-na-virada-de-ano-novo\/","name":"SBT exibir\u00e1 show gospel e prega\u00e7\u00e3o na virada de Ano Novo - Jornal","isPartOf":{"@id":"https:\/\/jornalboasnoticias.com.br\/home\/#website"},"primaryImageOfPage":{"@id":"https:\/\/jornalboasnoticias.com.br\/home\/sbt-exibira-show-gospel-e-pregacao-na-virada-de-ano-novo\/#primaryimage"},"image":{"@id":"https:\/\/jornalboasnoticias.com.br\/home\/sbt-exibira-show-gospel-e-pregacao-na-virada-de-ano-novo\/#primaryimage"},"thumbnailUrl":"https:\/\/jornalboasnoticias.com.br\/home\/wp-content\/uploads\/2024\/11\/660154264-andre-fernandes.webp","datePublished":"2024-11-27T21:48:38+00:00","description":"SBT exibir\u00e1 show gospel e prega\u00e7\u00e3o na virada de Ano Novo","breadcrumb":{"@id":"https:\/\/jornalboasnoticias.com.br\/home\/sbt-exibira-show-gospel-e-pregacao-na-virada-de-ano-novo\/#breadcrumb"},"inLanguage":"pt-BR","potentialAction":[{"@type":"ReadAction","target":["https:\/\/jornalboasnoticias.com.br\/home\/sbt-exibira-show-gospel-e-pregacao-na-virada-de-ano-novo\/"]}]},{"@type":"ImageObject","inLanguage":"pt-BR","@id":"https:\/\/jornalboasnoticias.com.br\/home\/sbt-exibira-show-gospel-e-pregacao-na-virada-de-ano-novo\/#primaryimage","url":"https:\/\/jornalboasnoticias.com.br\/home\/wp-content\/uploads\/2024\/11\/660154264-andre-fernandes.webp","contentUrl":"https:\/\/jornalboasnoticias.com.br\/home\/wp-content\/uploads\/2024\/11\/660154264-andre-fernandes.webp","width":840,"height":500,"caption":"Foto: Divulga\u00e7\u00e3o\/SBT"},{"@type":"BreadcrumbList","@id":"https:\/\/jornalboasnoticias.com.br\/home\/sbt-exibira-show-gospel-e-pregacao-na-virada-de-ano-novo\/#breadcrumb","itemListElement":[{"@type":"ListItem","position":1,"name":"In\u00edcio","item":"https:\/\/jornalboasnoticias.com.br\/home\/"},{"@type":"ListItem","position":2,"name":"SBT exibir\u00e1 show gospel e prega\u00e7\u00e3o na virada de Ano Novo"}]},{"@type":"WebSite","@id":"https:\/\/jornalboasnoticias.com.br\/home\/#website","url":"https:\/\/jornalboasnoticias.com.br\/home\/","name":"Jornal Boas Not\u00edcias","description":"Boas not\u00edcias","publisher":{"@id":"https:\/\/jornalboasnoticias.com.br\/home\/#organization"},"potentialAction":[{"@type":"SearchAction","target":{"@type":"EntryPoint","urlTemplate":"https:\/\/jornalboasnoticias.com.br\/home\/?s={search_term_string}"},"query-input":{"@type":"PropertyValueSpecification","valueRequired":true,"valueName":"search_term_string"}}],"inLanguage":"pt-BR"},{"@type":"Organization","@id":"https:\/\/jornalboasnoticias.com.br\/home\/#organization","name":"Coq Editora Ltda","alternateName":"Jornal Boas Noticias","url":"https:\/\/jornalboasnoticias.com.br\/home\/","logo":{"@type":"ImageObject","inLanguage":"pt-BR","@id":"https:\/\/jornalboasnoticias.com.br\/home\/#\/schema\/logo\/image\/","url":"https:\/\/jornalboasnoticias.com.br\/home\/wp-content\/uploads\/2024\/07\/cropped-logo.jpg","contentUrl":"https:\/\/jornalboasnoticias.com.br\/home\/wp-content\/uploads\/2024\/07\/cropped-logo.jpg","width":290,"height":142,"caption":"Coq Editora Ltda"},"image":{"@id":"https:\/\/jornalboasnoticias.com.br\/home\/#\/schema\/logo\/image\/"},"sameAs":["https:\/\/www.facebook.com\/boasnoticiasjornal"]},{"@type":"Person","@id":"https:\/\/jornalboasnoticias.com.br\/home\/#\/schema\/person\/d641193e0afc6405b390164dac847971","name":"Ana Luiza Bonatto","image":{"@type":"ImageObject","inLanguage":"pt-BR","@id":"https:\/\/secure.gravatar.com\/avatar\/8a055ebe6373371f67ac6fcf313c0ac0b0a91157fdcdb9514fa62927373348f0?s=96&d=mm&r=g","url":"https:\/\/secure.gravatar.com\/avatar\/8a055ebe6373371f67ac6fcf313c0ac0b0a91157fdcdb9514fa62927373348f0?s=96&d=mm&r=g","contentUrl":"https:\/\/secure.gravatar.com\/avatar\/8a055ebe6373371f67ac6fcf313c0ac0b0a91157fdcdb9514fa62927373348f0?s=96&d=mm&r=g","caption":"Ana Luiza Bonatto"},"url":"https:\/\/jornalboasnoticias.com.br\/home\/author\/ana-luiza\/"}]}},"_links":{"self":[{"href":"https:\/\/jornalboasnoticias.com.br\/home\/wp-json\/wp\/v2\/posts\/45874","targetHints":{"allow":["GET"]}}],"collection":[{"href":"https:\/\/jornalboasnoticias.com.br\/home\/wp-json\/wp\/v2\/posts"}],"about":[{"href":"https:\/\/jornalboasnoticias.com.br\/home\/wp-json\/wp\/v2\/types\/post"}],"author":[{"embeddable":true,"href":"https:\/\/jornalboasnoticias.com.br\/home\/wp-json\/wp\/v2\/users\/4"}],"replies":[{"embeddable":true,"href":"https:\/\/jornalboasnoticias.com.br\/home\/wp-json\/wp\/v2\/comments?post=45874"}],"version-history":[{"count":1,"href":"https:\/\/jornalboasnoticias.com.br\/home\/wp-json\/wp\/v2\/posts\/45874\/revisions"}],"predecessor-version":[{"id":45876,"href":"https:\/\/jornalboasnoticias.com.br\/home\/wp-json\/wp\/v2\/posts\/45874\/revisions\/45876"}],"wp:featuredmedia":[{"embeddable":true,"href":"https:\/\/jornalboasnoticias.com.br\/home\/wp-json\/wp\/v2\/media\/45875"}],"wp:attachment":[{"href":"https:\/\/jornalboasnoticias.com.br\/home\/wp-json\/wp\/v2\/media?parent=45874"}],"wp:term":[{"taxonomy":"category","embeddable":true,"href":"https:\/\/jornalboasnoticias.com.br\/home\/wp-json\/wp\/v2\/categories?post=45874"},{"taxonomy":"post_tag","embeddable":true,"href":"https:\/\/jornalboasnoticias.com.br\/home\/wp-json\/wp\/v2\/tags?post=45874"}],"curies":[{"name":"wp","href":"https:\/\/api.w.org\/{rel}","templated":true}]}}