{"id":45864,"date":"2024-11-27T20:57:09","date_gmt":"2024-11-27T20:57:09","guid":{"rendered":"https:\/\/jornalboasnoticias.com.br\/home\/?p=45864"},"modified":"2024-11-27T20:57:09","modified_gmt":"2024-11-27T20:57:09","slug":"iat-orienta-sobre-cuidados-com-filhotes-de-aves-encontrados-fora-do-ninho","status":"publish","type":"post","link":"https:\/\/jornalboasnoticias.com.br\/home\/iat-orienta-sobre-cuidados-com-filhotes-de-aves-encontrados-fora-do-ninho\/","title":{"rendered":"IAT orienta sobre cuidados com filhotes de aves encontrados fora do ninho"},"content":{"rendered":"<div class=\"not-escopo-destaque\">\n<div>\n<figure id=\"attachment_45865\" aria-describedby=\"caption-attachment-45865\" style=\"width: 2252px\" class=\"wp-caption alignnone\"><img loading=\"lazy\" decoding=\"async\" class=\"size-full wp-image-45865\" src=\"https:\/\/jornalboasnoticias.com.br\/home\/wp-content\/uploads\/2024\/11\/passaro_2_patryck_madeira_sedest.jpg\" alt=\"\" width=\"2252\" height=\"1502\" srcset=\"https:\/\/jornalboasnoticias.com.br\/home\/wp-content\/uploads\/2024\/11\/passaro_2_patryck_madeira_sedest.jpg 2252w, https:\/\/jornalboasnoticias.com.br\/home\/wp-content\/uploads\/2024\/11\/passaro_2_patryck_madeira_sedest-300x200.jpg 300w, https:\/\/jornalboasnoticias.com.br\/home\/wp-content\/uploads\/2024\/11\/passaro_2_patryck_madeira_sedest-1024x683.jpg 1024w, https:\/\/jornalboasnoticias.com.br\/home\/wp-content\/uploads\/2024\/11\/passaro_2_patryck_madeira_sedest-768x512.jpg 768w, https:\/\/jornalboasnoticias.com.br\/home\/wp-content\/uploads\/2024\/11\/passaro_2_patryck_madeira_sedest-1536x1024.jpg 1536w, https:\/\/jornalboasnoticias.com.br\/home\/wp-content\/uploads\/2024\/11\/passaro_2_patryck_madeira_sedest-2048x1366.jpg 2048w, https:\/\/jornalboasnoticias.com.br\/home\/wp-content\/uploads\/2024\/11\/passaro_2_patryck_madeira_sedest-900x600.jpg 900w\" sizes=\"auto, (max-width: 2252px) 100vw, 2252px\" \/><figcaption id=\"caption-attachment-45865\" class=\"wp-caption-text\">Foto: Patryck Madeira\/SEDEST<\/figcaption><\/figure>\n<\/div>\n<\/div>\n<blockquote>\n<div class=\"not-escopo-destaque\">\n<div class=\"field field--name-field-escopo-destaque field--type-string-long field--label-hidden field--item\">Esta\u00e7\u00f5es mais quentes do ano marcam o per\u00edodo de reprodu\u00e7\u00e3o de p\u00e1ssaros e, com isso, ninhos e filhotes ficam expostos no per\u00edmetro urbano. Seguir corretamente as orienta\u00e7\u00f5es pode salvar esses pequenos vertebrados e evitar que haja sobrecarga nos centros de atendimentos a fauna.<\/div>\n<\/div>\n<\/blockquote>\n<div>\n<p>Junto com a primavera e o ver\u00e3o, as esta\u00e7\u00f5es mais quentes do ano, chega tamb\u00e9m o per\u00edodo de reprodu\u00e7\u00e3o de diversos animais da fauna silvestre. Momento de ter aten\u00e7\u00e3o redobrada para n\u00e3o prejudicar a renova\u00e7\u00e3o das esp\u00e9cies, especialmente no caso das aves.<\/p>\n<p>M\u00e9dico veterin\u00e1rio do Instituto \u00c1gua e Terra (IAT), Pedro Chaves de Camargo explica que \u00e9 comum nessa \u00e9poca que p\u00e1ssaros como pardais (<em>Passer domesticus<\/em>), rolinhas (<em>Columbina talpacoti\u00a0<\/em>e<em>\u00a0Columbina picui<\/em>), e bem-te-vis (<em>Pitangus sulphuratus<\/em>), entre outros, fa\u00e7am ninhos pelos forros, calhas e varandas de casas e apartamentos ou em \u00e1reas de constru\u00e7\u00e3o, al\u00e9m de pra\u00e7as e jardins de centros urbanos.<\/p>\n<p>Para evitar acidentes, garantindo a reprodu\u00e7\u00e3o plena das aves, o profissional separou algumas dicas do que fazer ao avistar o ninho ou um filhote de p\u00e1ssaro. Por exemplo, ao encontrar um filhote fora do ninho, \u00e9 preciso levar em considera\u00e7\u00e3o as seguintes caracter\u00edsticas:<\/p>\n<p>&#8211; Sem penugem: \u00e9 um ninhego, um filhote muito novo que n\u00e3o deve sair do ninho. Se seguro, tente devolv\u00ea-lo ao ninho com cuidado.<\/p>\n<p>&#8211; Pouca penugem: este filhote est\u00e1 come\u00e7ando a explorar o ambiente, mas ainda tem pouca mobilidade. Observe de longe e verifique se os pais est\u00e3o pr\u00f3ximos.<\/p>\n<p>&#8211; Coberto de penugens: \u00e9 um p\u00e1ssaro jovem que est\u00e1 aprendendo a voar e, por isso, pode estar pulando ou se debatendo no ch\u00e3o. Os pais est\u00e3o por perto ajudando, ent\u00e3o evite intervir.<\/p>\n<p>O que fazer:<\/p>\n<p>&#8211; Filhote fora do ninho, mas sem ferimentos: observe a dist\u00e2ncia. Os pais provavelmente est\u00e3o cuidando dele. Caso os pais n\u00e3o apare\u00e7am por alguns minutos, o filhote deve ser manejado cuidadosamente ao ninho, para evitar que predadores o peguem.<\/p>\n<p>&#8211; Filhote ferido: coloque-o com cuidado em uma caixa segura e acione a Secretaria de Meio Ambiente da sua cidade ou um\u00a0<strong>Centro de Apoio \u00e0 Fauna Silvestre (CAFS)<\/strong>. H\u00e1 espa\u00e7os deste tipo em Curitiba, Londrina, Cascavel, Guarapuava, Maring\u00e1 e Foz do Igua\u00e7u.<\/p>\n<p>Ainda de acordo com o veterin\u00e1rio, o manejo do animal deve ocorrer de forma r\u00e1pida, mas com delicadeza, para evitar que seu desenvolvimento seja afetado futuramente. \u201cO que \u00e9 importante observar sempre no caso de aves ca\u00eddas \u00e9 se h\u00e1 um ninho em volta para que o animal possa ser colocado rapidamente de volta ao seu lugar de origem. Isso evita que se fa\u00e7a muito manejo e que ele fique sobre cuidado humano, o que pode comprometer a soltura e o seu desenvolvimento futuramente\u201d, afirma.<\/p>\n<p>Ele refor\u00e7a, tamb\u00e9m, que o cuidado imediato dos filhotes \u00e9 fundamental para aumentar as chances de sobreviv\u00eancia, possibilitando assim que outros animais que necessitam de maior cuidado sejam atendidos nos centros especializados em fauna silvestre.<\/p>\n<p>\u201cSeguindo essa ordem de a\u00e7\u00f5es, conseguiremos fazer com que o maior n\u00famero poss\u00edvel de indiv\u00edduos tenha a chance de se desenvolver e virar um adulto, para voar e reproduzir. Quanto mais animais forem tirados do meio ambiente e encaminhados a institui\u00e7\u00f5es de atendimento, mais se sobrecarrega esses locais, comprometendo, inclusive, o atendimento \u00e0 fauna vitimada por outros fatores\u201d, destaca Camargo.<\/p>\n<p>Outra dica importante do especialista: mexer nos ovos ou alterar e tirar o ninho do local \u00e9 crime ambiental, previsto na lei de crimes ambientais n\u00ba 9.605\/98.<\/p>\n<p><strong>AJUDE A FAUNA<\/strong>\u00a0\u2013 Ao avistar algum animal silvestre ferido entre em contato por meio da\u00a0<strong><a class=\"0\" href=\"https:\/\/www.iat.pr.gov.br\/Pagina\/Fale-Conosco\" target=\"_blank\" rel=\"nofollow noopener\">Ouvidoria do Instituto \u00c1gua e Terra (IAT)<\/a><\/strong>\u00a0ou com o\u00a0<strong><a class=\"0\" href=\"https:\/\/www.pmpr.pr.gov.br\/Pagina\/Registre-sua-reivindicacao\" target=\"_blank\" rel=\"nofollow noopener\">Batalh\u00e3o de Pol\u00edcia Ambiental For\u00e7a Verde, da Pol\u00edcia Militar do Paran\u00e1<\/a><\/strong>. Isso vale, tamb\u00e9m, para\u00a0o fazer den\u00fancias de atividades ilegais contra animais,<\/p>\n<p>Se o cidad\u00e3o preferir, pode tamb\u00e9m ligar para o Disque Den\u00fancia 181. \u00c9 preciso informar de forma objetiva e precisa a localiza\u00e7\u00e3o e o que aconteceu com o animal. Quanto mais detalhes sobre a ocorr\u00eancia, melhor ser\u00e1 a apura\u00e7\u00e3o dos fatos e mais rapidamente as equipes conseguem fazer o atendimento.<\/p>\n<\/div>\n","protected":false},"excerpt":{"rendered":"<p>Esta\u00e7\u00f5es mais quentes do ano marcam o per\u00edodo de reprodu\u00e7\u00e3o de p\u00e1ssaros e, com isso,<\/p>\n","protected":false},"author":4,"featured_media":45865,"comment_status":"open","ping_status":"open","sticky":false,"template":"","format":"standard","meta":{"footnotes":""},"categories":[3,4],"tags":[],"class_list":["post-45864","post","type-post","status-publish","format-standard","has-post-thumbnail","hentry","category-destaques","category-parana"],"yoast_head":"<!-- This site is optimized with the Yoast SEO plugin v27.5 - https:\/\/yoast.com\/product\/yoast-seo-wordpress\/ -->\n<title>IAT orienta sobre cuidados com filhotes de aves encontrados fora do ninho - Jornal<\/title>\n<meta name=\"description\" content=\"IAT orienta sobre cuidados com filhotes de aves encontrados fora do ninho\" \/>\n<meta name=\"robots\" content=\"index, follow, max-snippet:-1, max-image-preview:large, max-video-preview:-1\" \/>\n<link rel=\"canonical\" href=\"https:\/\/jornalboasnoticias.com.br\/home\/iat-orienta-sobre-cuidados-com-filhotes-de-aves-encontrados-fora-do-ninho\/\" \/>\n<meta property=\"og:locale\" content=\"pt_BR\" \/>\n<meta property=\"og:type\" content=\"article\" \/>\n<meta property=\"og:title\" content=\"IAT orienta sobre cuidados com filhotes de aves encontrados fora do ninho - Jornal\" \/>\n<meta property=\"og:description\" content=\"IAT orienta sobre cuidados com filhotes de aves encontrados fora do ninho\" \/>\n<meta property=\"og:url\" content=\"https:\/\/jornalboasnoticias.com.br\/home\/iat-orienta-sobre-cuidados-com-filhotes-de-aves-encontrados-fora-do-ninho\/\" \/>\n<meta property=\"og:site_name\" content=\"Jornal\" \/>\n<meta property=\"article:publisher\" content=\"https:\/\/www.facebook.com\/boasnoticiasjornal\" \/>\n<meta property=\"article:published_time\" content=\"2024-11-27T20:57:09+00:00\" \/>\n<meta property=\"og:image\" content=\"https:\/\/jornalboasnoticias.com.br\/home\/wp-content\/uploads\/2024\/11\/passaro_2_patryck_madeira_sedest.jpg\" \/>\n\t<meta property=\"og:image:width\" content=\"2252\" \/>\n\t<meta property=\"og:image:height\" content=\"1502\" \/>\n\t<meta property=\"og:image:type\" content=\"image\/jpeg\" \/>\n<meta name=\"author\" content=\"Ana Luiza Bonatto\" \/>\n<meta name=\"twitter:card\" content=\"summary_large_image\" \/>\n<meta name=\"twitter:label1\" content=\"Escrito por\" \/>\n\t<meta name=\"twitter:data1\" content=\"Ana Luiza Bonatto\" \/>\n\t<meta name=\"twitter:label2\" content=\"Est. tempo de leitura\" \/>\n\t<meta name=\"twitter:data2\" content=\"4 minutos\" \/>\n<script type=\"application\/ld+json\" class=\"yoast-schema-graph\">{\"@context\":\"https:\\\/\\\/schema.org\",\"@graph\":[{\"@type\":\"Article\",\"@id\":\"https:\\\/\\\/jornalboasnoticias.com.br\\\/home\\\/iat-orienta-sobre-cuidados-com-filhotes-de-aves-encontrados-fora-do-ninho\\\/#article\",\"isPartOf\":{\"@id\":\"https:\\\/\\\/jornalboasnoticias.com.br\\\/home\\\/iat-orienta-sobre-cuidados-com-filhotes-de-aves-encontrados-fora-do-ninho\\\/\"},\"author\":{\"name\":\"Ana Luiza Bonatto\",\"@id\":\"https:\\\/\\\/jornalboasnoticias.com.br\\\/home\\\/#\\\/schema\\\/person\\\/d641193e0afc6405b390164dac847971\"},\"headline\":\"IAT orienta sobre cuidados com filhotes de aves encontrados fora do ninho\",\"datePublished\":\"2024-11-27T20:57:09+00:00\",\"mainEntityOfPage\":{\"@id\":\"https:\\\/\\\/jornalboasnoticias.com.br\\\/home\\\/iat-orienta-sobre-cuidados-com-filhotes-de-aves-encontrados-fora-do-ninho\\\/\"},\"wordCount\":736,\"commentCount\":0,\"publisher\":{\"@id\":\"https:\\\/\\\/jornalboasnoticias.com.br\\\/home\\\/#organization\"},\"image\":{\"@id\":\"https:\\\/\\\/jornalboasnoticias.com.br\\\/home\\\/iat-orienta-sobre-cuidados-com-filhotes-de-aves-encontrados-fora-do-ninho\\\/#primaryimage\"},\"thumbnailUrl\":\"https:\\\/\\\/jornalboasnoticias.com.br\\\/home\\\/wp-content\\\/uploads\\\/2024\\\/11\\\/passaro_2_patryck_madeira_sedest.jpg\",\"articleSection\":[\"DESTAQUE\",\"PARAN\u00c1\"],\"inLanguage\":\"pt-BR\",\"potentialAction\":[{\"@type\":\"CommentAction\",\"name\":\"Comment\",\"target\":[\"https:\\\/\\\/jornalboasnoticias.com.br\\\/home\\\/iat-orienta-sobre-cuidados-com-filhotes-de-aves-encontrados-fora-do-ninho\\\/#respond\"]}]},{\"@type\":\"WebPage\",\"@id\":\"https:\\\/\\\/jornalboasnoticias.com.br\\\/home\\\/iat-orienta-sobre-cuidados-com-filhotes-de-aves-encontrados-fora-do-ninho\\\/\",\"url\":\"https:\\\/\\\/jornalboasnoticias.com.br\\\/home\\\/iat-orienta-sobre-cuidados-com-filhotes-de-aves-encontrados-fora-do-ninho\\\/\",\"name\":\"IAT orienta sobre cuidados com filhotes de aves encontrados fora do ninho - Jornal\",\"isPartOf\":{\"@id\":\"https:\\\/\\\/jornalboasnoticias.com.br\\\/home\\\/#website\"},\"primaryImageOfPage\":{\"@id\":\"https:\\\/\\\/jornalboasnoticias.com.br\\\/home\\\/iat-orienta-sobre-cuidados-com-filhotes-de-aves-encontrados-fora-do-ninho\\\/#primaryimage\"},\"image\":{\"@id\":\"https:\\\/\\\/jornalboasnoticias.com.br\\\/home\\\/iat-orienta-sobre-cuidados-com-filhotes-de-aves-encontrados-fora-do-ninho\\\/#primaryimage\"},\"thumbnailUrl\":\"https:\\\/\\\/jornalboasnoticias.com.br\\\/home\\\/wp-content\\\/uploads\\\/2024\\\/11\\\/passaro_2_patryck_madeira_sedest.jpg\",\"datePublished\":\"2024-11-27T20:57:09+00:00\",\"description\":\"IAT orienta sobre cuidados com filhotes de aves encontrados fora do ninho\",\"breadcrumb\":{\"@id\":\"https:\\\/\\\/jornalboasnoticias.com.br\\\/home\\\/iat-orienta-sobre-cuidados-com-filhotes-de-aves-encontrados-fora-do-ninho\\\/#breadcrumb\"},\"inLanguage\":\"pt-BR\",\"potentialAction\":[{\"@type\":\"ReadAction\",\"target\":[\"https:\\\/\\\/jornalboasnoticias.com.br\\\/home\\\/iat-orienta-sobre-cuidados-com-filhotes-de-aves-encontrados-fora-do-ninho\\\/\"]}]},{\"@type\":\"ImageObject\",\"inLanguage\":\"pt-BR\",\"@id\":\"https:\\\/\\\/jornalboasnoticias.com.br\\\/home\\\/iat-orienta-sobre-cuidados-com-filhotes-de-aves-encontrados-fora-do-ninho\\\/#primaryimage\",\"url\":\"https:\\\/\\\/jornalboasnoticias.com.br\\\/home\\\/wp-content\\\/uploads\\\/2024\\\/11\\\/passaro_2_patryck_madeira_sedest.jpg\",\"contentUrl\":\"https:\\\/\\\/jornalboasnoticias.com.br\\\/home\\\/wp-content\\\/uploads\\\/2024\\\/11\\\/passaro_2_patryck_madeira_sedest.jpg\",\"width\":2252,\"height\":1502,\"caption\":\"Foto: Patryck Madeira\\\/SEDEST\"},{\"@type\":\"BreadcrumbList\",\"@id\":\"https:\\\/\\\/jornalboasnoticias.com.br\\\/home\\\/iat-orienta-sobre-cuidados-com-filhotes-de-aves-encontrados-fora-do-ninho\\\/#breadcrumb\",\"itemListElement\":[{\"@type\":\"ListItem\",\"position\":1,\"name\":\"In\u00edcio\",\"item\":\"https:\\\/\\\/jornalboasnoticias.com.br\\\/home\\\/\"},{\"@type\":\"ListItem\",\"position\":2,\"name\":\"IAT orienta sobre cuidados com filhotes de aves encontrados fora do ninho\"}]},{\"@type\":\"WebSite\",\"@id\":\"https:\\\/\\\/jornalboasnoticias.com.br\\\/home\\\/#website\",\"url\":\"https:\\\/\\\/jornalboasnoticias.com.br\\\/home\\\/\",\"name\":\"Jornal Boas Not\u00edcias\",\"description\":\"Boas not\u00edcias\",\"publisher\":{\"@id\":\"https:\\\/\\\/jornalboasnoticias.com.br\\\/home\\\/#organization\"},\"potentialAction\":[{\"@type\":\"SearchAction\",\"target\":{\"@type\":\"EntryPoint\",\"urlTemplate\":\"https:\\\/\\\/jornalboasnoticias.com.br\\\/home\\\/?s={search_term_string}\"},\"query-input\":{\"@type\":\"PropertyValueSpecification\",\"valueRequired\":true,\"valueName\":\"search_term_string\"}}],\"inLanguage\":\"pt-BR\"},{\"@type\":\"Organization\",\"@id\":\"https:\\\/\\\/jornalboasnoticias.com.br\\\/home\\\/#organization\",\"name\":\"Coq Editora Ltda\",\"alternateName\":\"Jornal Boas Noticias\",\"url\":\"https:\\\/\\\/jornalboasnoticias.com.br\\\/home\\\/\",\"logo\":{\"@type\":\"ImageObject\",\"inLanguage\":\"pt-BR\",\"@id\":\"https:\\\/\\\/jornalboasnoticias.com.br\\\/home\\\/#\\\/schema\\\/logo\\\/image\\\/\",\"url\":\"https:\\\/\\\/jornalboasnoticias.com.br\\\/home\\\/wp-content\\\/uploads\\\/2024\\\/07\\\/cropped-logo.jpg\",\"contentUrl\":\"https:\\\/\\\/jornalboasnoticias.com.br\\\/home\\\/wp-content\\\/uploads\\\/2024\\\/07\\\/cropped-logo.jpg\",\"width\":290,\"height\":142,\"caption\":\"Coq Editora Ltda\"},\"image\":{\"@id\":\"https:\\\/\\\/jornalboasnoticias.com.br\\\/home\\\/#\\\/schema\\\/logo\\\/image\\\/\"},\"sameAs\":[\"https:\\\/\\\/www.facebook.com\\\/boasnoticiasjornal\"]},{\"@type\":\"Person\",\"@id\":\"https:\\\/\\\/jornalboasnoticias.com.br\\\/home\\\/#\\\/schema\\\/person\\\/d641193e0afc6405b390164dac847971\",\"name\":\"Ana Luiza Bonatto\",\"image\":{\"@type\":\"ImageObject\",\"inLanguage\":\"pt-BR\",\"@id\":\"https:\\\/\\\/secure.gravatar.com\\\/avatar\\\/8a055ebe6373371f67ac6fcf313c0ac0b0a91157fdcdb9514fa62927373348f0?s=96&d=mm&r=g\",\"url\":\"https:\\\/\\\/secure.gravatar.com\\\/avatar\\\/8a055ebe6373371f67ac6fcf313c0ac0b0a91157fdcdb9514fa62927373348f0?s=96&d=mm&r=g\",\"contentUrl\":\"https:\\\/\\\/secure.gravatar.com\\\/avatar\\\/8a055ebe6373371f67ac6fcf313c0ac0b0a91157fdcdb9514fa62927373348f0?s=96&d=mm&r=g\",\"caption\":\"Ana Luiza Bonatto\"},\"url\":\"https:\\\/\\\/jornalboasnoticias.com.br\\\/home\\\/author\\\/ana-luiza\\\/\"}]}<\/script>\n<!-- \/ Yoast SEO plugin. -->","yoast_head_json":{"title":"IAT orienta sobre cuidados com filhotes de aves encontrados fora do ninho - Jornal","description":"IAT orienta sobre cuidados com filhotes de aves encontrados fora do ninho","robots":{"index":"index","follow":"follow","max-snippet":"max-snippet:-1","max-image-preview":"max-image-preview:large","max-video-preview":"max-video-preview:-1"},"canonical":"https:\/\/jornalboasnoticias.com.br\/home\/iat-orienta-sobre-cuidados-com-filhotes-de-aves-encontrados-fora-do-ninho\/","og_locale":"pt_BR","og_type":"article","og_title":"IAT orienta sobre cuidados com filhotes de aves encontrados fora do ninho - Jornal","og_description":"IAT orienta sobre cuidados com filhotes de aves encontrados fora do ninho","og_url":"https:\/\/jornalboasnoticias.com.br\/home\/iat-orienta-sobre-cuidados-com-filhotes-de-aves-encontrados-fora-do-ninho\/","og_site_name":"Jornal","article_publisher":"https:\/\/www.facebook.com\/boasnoticiasjornal","article_published_time":"2024-11-27T20:57:09+00:00","og_image":[{"width":2252,"height":1502,"url":"https:\/\/jornalboasnoticias.com.br\/home\/wp-content\/uploads\/2024\/11\/passaro_2_patryck_madeira_sedest.jpg","type":"image\/jpeg"}],"author":"Ana Luiza Bonatto","twitter_card":"summary_large_image","twitter_misc":{"Escrito por":"Ana Luiza Bonatto","Est. tempo de leitura":"4 minutos"},"schema":{"@context":"https:\/\/schema.org","@graph":[{"@type":"Article","@id":"https:\/\/jornalboasnoticias.com.br\/home\/iat-orienta-sobre-cuidados-com-filhotes-de-aves-encontrados-fora-do-ninho\/#article","isPartOf":{"@id":"https:\/\/jornalboasnoticias.com.br\/home\/iat-orienta-sobre-cuidados-com-filhotes-de-aves-encontrados-fora-do-ninho\/"},"author":{"name":"Ana Luiza Bonatto","@id":"https:\/\/jornalboasnoticias.com.br\/home\/#\/schema\/person\/d641193e0afc6405b390164dac847971"},"headline":"IAT orienta sobre cuidados com filhotes de aves encontrados fora do ninho","datePublished":"2024-11-27T20:57:09+00:00","mainEntityOfPage":{"@id":"https:\/\/jornalboasnoticias.com.br\/home\/iat-orienta-sobre-cuidados-com-filhotes-de-aves-encontrados-fora-do-ninho\/"},"wordCount":736,"commentCount":0,"publisher":{"@id":"https:\/\/jornalboasnoticias.com.br\/home\/#organization"},"image":{"@id":"https:\/\/jornalboasnoticias.com.br\/home\/iat-orienta-sobre-cuidados-com-filhotes-de-aves-encontrados-fora-do-ninho\/#primaryimage"},"thumbnailUrl":"https:\/\/jornalboasnoticias.com.br\/home\/wp-content\/uploads\/2024\/11\/passaro_2_patryck_madeira_sedest.jpg","articleSection":["DESTAQUE","PARAN\u00c1"],"inLanguage":"pt-BR","potentialAction":[{"@type":"CommentAction","name":"Comment","target":["https:\/\/jornalboasnoticias.com.br\/home\/iat-orienta-sobre-cuidados-com-filhotes-de-aves-encontrados-fora-do-ninho\/#respond"]}]},{"@type":"WebPage","@id":"https:\/\/jornalboasnoticias.com.br\/home\/iat-orienta-sobre-cuidados-com-filhotes-de-aves-encontrados-fora-do-ninho\/","url":"https:\/\/jornalboasnoticias.com.br\/home\/iat-orienta-sobre-cuidados-com-filhotes-de-aves-encontrados-fora-do-ninho\/","name":"IAT orienta sobre cuidados com filhotes de aves encontrados fora do ninho - Jornal","isPartOf":{"@id":"https:\/\/jornalboasnoticias.com.br\/home\/#website"},"primaryImageOfPage":{"@id":"https:\/\/jornalboasnoticias.com.br\/home\/iat-orienta-sobre-cuidados-com-filhotes-de-aves-encontrados-fora-do-ninho\/#primaryimage"},"image":{"@id":"https:\/\/jornalboasnoticias.com.br\/home\/iat-orienta-sobre-cuidados-com-filhotes-de-aves-encontrados-fora-do-ninho\/#primaryimage"},"thumbnailUrl":"https:\/\/jornalboasnoticias.com.br\/home\/wp-content\/uploads\/2024\/11\/passaro_2_patryck_madeira_sedest.jpg","datePublished":"2024-11-27T20:57:09+00:00","description":"IAT orienta sobre cuidados com filhotes de aves encontrados fora do ninho","breadcrumb":{"@id":"https:\/\/jornalboasnoticias.com.br\/home\/iat-orienta-sobre-cuidados-com-filhotes-de-aves-encontrados-fora-do-ninho\/#breadcrumb"},"inLanguage":"pt-BR","potentialAction":[{"@type":"ReadAction","target":["https:\/\/jornalboasnoticias.com.br\/home\/iat-orienta-sobre-cuidados-com-filhotes-de-aves-encontrados-fora-do-ninho\/"]}]},{"@type":"ImageObject","inLanguage":"pt-BR","@id":"https:\/\/jornalboasnoticias.com.br\/home\/iat-orienta-sobre-cuidados-com-filhotes-de-aves-encontrados-fora-do-ninho\/#primaryimage","url":"https:\/\/jornalboasnoticias.com.br\/home\/wp-content\/uploads\/2024\/11\/passaro_2_patryck_madeira_sedest.jpg","contentUrl":"https:\/\/jornalboasnoticias.com.br\/home\/wp-content\/uploads\/2024\/11\/passaro_2_patryck_madeira_sedest.jpg","width":2252,"height":1502,"caption":"Foto: Patryck Madeira\/SEDEST"},{"@type":"BreadcrumbList","@id":"https:\/\/jornalboasnoticias.com.br\/home\/iat-orienta-sobre-cuidados-com-filhotes-de-aves-encontrados-fora-do-ninho\/#breadcrumb","itemListElement":[{"@type":"ListItem","position":1,"name":"In\u00edcio","item":"https:\/\/jornalboasnoticias.com.br\/home\/"},{"@type":"ListItem","position":2,"name":"IAT orienta sobre cuidados com filhotes de aves encontrados fora do ninho"}]},{"@type":"WebSite","@id":"https:\/\/jornalboasnoticias.com.br\/home\/#website","url":"https:\/\/jornalboasnoticias.com.br\/home\/","name":"Jornal Boas Not\u00edcias","description":"Boas not\u00edcias","publisher":{"@id":"https:\/\/jornalboasnoticias.com.br\/home\/#organization"},"potentialAction":[{"@type":"SearchAction","target":{"@type":"EntryPoint","urlTemplate":"https:\/\/jornalboasnoticias.com.br\/home\/?s={search_term_string}"},"query-input":{"@type":"PropertyValueSpecification","valueRequired":true,"valueName":"search_term_string"}}],"inLanguage":"pt-BR"},{"@type":"Organization","@id":"https:\/\/jornalboasnoticias.com.br\/home\/#organization","name":"Coq Editora Ltda","alternateName":"Jornal Boas Noticias","url":"https:\/\/jornalboasnoticias.com.br\/home\/","logo":{"@type":"ImageObject","inLanguage":"pt-BR","@id":"https:\/\/jornalboasnoticias.com.br\/home\/#\/schema\/logo\/image\/","url":"https:\/\/jornalboasnoticias.com.br\/home\/wp-content\/uploads\/2024\/07\/cropped-logo.jpg","contentUrl":"https:\/\/jornalboasnoticias.com.br\/home\/wp-content\/uploads\/2024\/07\/cropped-logo.jpg","width":290,"height":142,"caption":"Coq Editora Ltda"},"image":{"@id":"https:\/\/jornalboasnoticias.com.br\/home\/#\/schema\/logo\/image\/"},"sameAs":["https:\/\/www.facebook.com\/boasnoticiasjornal"]},{"@type":"Person","@id":"https:\/\/jornalboasnoticias.com.br\/home\/#\/schema\/person\/d641193e0afc6405b390164dac847971","name":"Ana Luiza Bonatto","image":{"@type":"ImageObject","inLanguage":"pt-BR","@id":"https:\/\/secure.gravatar.com\/avatar\/8a055ebe6373371f67ac6fcf313c0ac0b0a91157fdcdb9514fa62927373348f0?s=96&d=mm&r=g","url":"https:\/\/secure.gravatar.com\/avatar\/8a055ebe6373371f67ac6fcf313c0ac0b0a91157fdcdb9514fa62927373348f0?s=96&d=mm&r=g","contentUrl":"https:\/\/secure.gravatar.com\/avatar\/8a055ebe6373371f67ac6fcf313c0ac0b0a91157fdcdb9514fa62927373348f0?s=96&d=mm&r=g","caption":"Ana Luiza Bonatto"},"url":"https:\/\/jornalboasnoticias.com.br\/home\/author\/ana-luiza\/"}]}},"_links":{"self":[{"href":"https:\/\/jornalboasnoticias.com.br\/home\/wp-json\/wp\/v2\/posts\/45864","targetHints":{"allow":["GET"]}}],"collection":[{"href":"https:\/\/jornalboasnoticias.com.br\/home\/wp-json\/wp\/v2\/posts"}],"about":[{"href":"https:\/\/jornalboasnoticias.com.br\/home\/wp-json\/wp\/v2\/types\/post"}],"author":[{"embeddable":true,"href":"https:\/\/jornalboasnoticias.com.br\/home\/wp-json\/wp\/v2\/users\/4"}],"replies":[{"embeddable":true,"href":"https:\/\/jornalboasnoticias.com.br\/home\/wp-json\/wp\/v2\/comments?post=45864"}],"version-history":[{"count":1,"href":"https:\/\/jornalboasnoticias.com.br\/home\/wp-json\/wp\/v2\/posts\/45864\/revisions"}],"predecessor-version":[{"id":45866,"href":"https:\/\/jornalboasnoticias.com.br\/home\/wp-json\/wp\/v2\/posts\/45864\/revisions\/45866"}],"wp:featuredmedia":[{"embeddable":true,"href":"https:\/\/jornalboasnoticias.com.br\/home\/wp-json\/wp\/v2\/media\/45865"}],"wp:attachment":[{"href":"https:\/\/jornalboasnoticias.com.br\/home\/wp-json\/wp\/v2\/media?parent=45864"}],"wp:term":[{"taxonomy":"category","embeddable":true,"href":"https:\/\/jornalboasnoticias.com.br\/home\/wp-json\/wp\/v2\/categories?post=45864"},{"taxonomy":"post_tag","embeddable":true,"href":"https:\/\/jornalboasnoticias.com.br\/home\/wp-json\/wp\/v2\/tags?post=45864"}],"curies":[{"name":"wp","href":"https:\/\/api.w.org\/{rel}","templated":true}]}}