{"id":45861,"date":"2024-11-27T20:56:04","date_gmt":"2024-11-27T20:56:04","guid":{"rendered":"https:\/\/jornalboasnoticias.com.br\/home\/?p=45861"},"modified":"2024-11-27T20:56:04","modified_gmt":"2024-11-27T20:56:04","slug":"mon-promove-em-dezembro-oficina-gratuita-sobre-experiencia-com-tinta-acrilica","status":"publish","type":"post","link":"https:\/\/jornalboasnoticias.com.br\/home\/mon-promove-em-dezembro-oficina-gratuita-sobre-experiencia-com-tinta-acrilica\/","title":{"rendered":"MON promove em dezembro oficina gratuita sobre experi\u00eancia com tinta acr\u00edlica"},"content":{"rendered":"<div class=\"not-escopo-destaque\">\n<div>\n<figure id=\"attachment_45862\" aria-describedby=\"caption-attachment-45862\" style=\"width: 2560px\" class=\"wp-caption alignnone\"><img loading=\"lazy\" decoding=\"async\" class=\"size-full wp-image-45862\" src=\"https:\/\/jornalboasnoticias.com.br\/home\/wp-content\/uploads\/2024\/11\/laboratorio_de_experiencias_mon_-_foto_catarina_franceira_5_0-scaled.jpg\" alt=\"\" width=\"2560\" height=\"1707\" srcset=\"https:\/\/jornalboasnoticias.com.br\/home\/wp-content\/uploads\/2024\/11\/laboratorio_de_experiencias_mon_-_foto_catarina_franceira_5_0-scaled.jpg 2560w, https:\/\/jornalboasnoticias.com.br\/home\/wp-content\/uploads\/2024\/11\/laboratorio_de_experiencias_mon_-_foto_catarina_franceira_5_0-300x200.jpg 300w, https:\/\/jornalboasnoticias.com.br\/home\/wp-content\/uploads\/2024\/11\/laboratorio_de_experiencias_mon_-_foto_catarina_franceira_5_0-1024x683.jpg 1024w, https:\/\/jornalboasnoticias.com.br\/home\/wp-content\/uploads\/2024\/11\/laboratorio_de_experiencias_mon_-_foto_catarina_franceira_5_0-768x512.jpg 768w, https:\/\/jornalboasnoticias.com.br\/home\/wp-content\/uploads\/2024\/11\/laboratorio_de_experiencias_mon_-_foto_catarina_franceira_5_0-1536x1024.jpg 1536w, https:\/\/jornalboasnoticias.com.br\/home\/wp-content\/uploads\/2024\/11\/laboratorio_de_experiencias_mon_-_foto_catarina_franceira_5_0-2048x1365.jpg 2048w, https:\/\/jornalboasnoticias.com.br\/home\/wp-content\/uploads\/2024\/11\/laboratorio_de_experiencias_mon_-_foto_catarina_franceira_5_0-900x600.jpg 900w\" sizes=\"auto, (max-width: 2560px) 100vw, 2560px\" \/><figcaption id=\"caption-attachment-45862\" class=\"wp-caption-text\">Foto: catarina_franceira<\/figcaption><\/figure>\n<\/div>\n<\/div>\n<blockquote>\n<div class=\"not-escopo-destaque\">\n<div class=\"field field--name-field-escopo-destaque field--type-string-long field--label-hidden field--item\">Ser\u00e1 dia 4, quarta-feira, em duas sess\u00f5es, \u00e0s 10h30 e \u00e0s 14h30. Para participar n\u00e3o \u00e9 necess\u00e1rio conhecimento pr\u00e9vio em arte. Inscri\u00e7\u00f5es ser\u00e3o liberadas com 15 minutos de anteced\u00eancia, seguindo a ordem de chegada.<\/div>\n<\/div>\n<\/blockquote>\n<div>\n<p>O Museu Oscar Niemeyer (MON) ofertar\u00e1 ao p\u00fablico uma experi\u00eancia art\u00edstica com tinta acr\u00edlica no dia 4 de dezembro. O \u201cLaborat\u00f3rio de Experi\u00eancias: Tinta acr\u00edlica\u201d ter\u00e1 duas sess\u00f5es, \u00e0s 10h30 e \u00e0s 14h30. A segunda contar\u00e1 com int\u00e9rprete de Libras. Para participar n\u00e3o \u00e9 necess\u00e1rio conhecimento pr\u00e9vio em arte.<\/p>\n<p>Nesta atividade, os participantes ter\u00e3o a oportunidade de experimentar a pintura em diferentes superf\u00edcies, como o tecido e acetado, e de utilizar uma esp\u00e1tula para criar diversas possibilidades art\u00edsticas.<\/p>\n<p>A oficina \u00e9 recomendada para maiores de 3 anos. Menores de 14 anos precisam estar acompanhados de um adulto para participar. As inscri\u00e7\u00f5es ser\u00e3o liberadas com 15 minutos de anteced\u00eancia, seguindo a ordem de chegada, e estar\u00e3o sujeitas \u00e0 lota\u00e7\u00e3o.<\/p>\n<p><strong>SOBRE O MON\u00a0<\/strong>\u2013\u00a0O Museu Oscar Niemeyer (MON) \u00e9 patrim\u00f4nio estatal vinculado \u00e0 Secretaria de Estado da Cultura. A institui\u00e7\u00e3o abriga referenciais importantes da produ\u00e7\u00e3o art\u00edstica nacional e internacional nas \u00e1reas de artes visuais, arquitetura e design, al\u00e9m de grandiosas cole\u00e7\u00f5es asi\u00e1tica e africana. No total, o acervo conta com aproximadamente 14 mil obras de arte, abrigadas em um espa\u00e7o superior a 35 mil metros quadrados de \u00e1rea constru\u00edda, o que torna o MON o maior museu de arte da Am\u00e9rica Latina.<\/p>\n<p><strong>Servi\u00e7o:<\/strong><\/p>\n<p>Laborat\u00f3rio de Experi\u00eancias: Tinta acr\u00edlica<\/p>\n<p>Data: 4 de dezembro<\/p>\n<p>Hor\u00e1rio: Sess\u00e3o 1 &#8211; 10h30 \u00e0s 12h;\u00a0Sess\u00e3o 2 &#8211; 14h30 \u00e0s 16h (com Libras)<\/p>\n<p>Espa\u00e7o de Oficinas | Subsolo do MON<\/p>\n<p>Inscri\u00e7\u00f5es liberadas com 15 minutos de anteced\u00eancia, seguindo a ordem de chegada, sujeitas \u00e0 lota\u00e7\u00e3o.<\/p>\n<p><strong><a href=\"https:\/\/www.aen.pr.gov.br\/Noticia\/www.museuoscarniemeyer.org.br\" target=\"_blank\" rel=\"noopener\">Museu Oscar Niemeyer<\/a><\/strong><\/p>\n<p>Rua Mal. Hermes, 999 &#8211; Centro C\u00edvico &#8211; Curitiba<\/p>\n<p>(AEN)<\/p>\n<\/div>\n","protected":false},"excerpt":{"rendered":"<p>Ser\u00e1 dia 4, quarta-feira, em duas sess\u00f5es, \u00e0s 10h30 e \u00e0s 14h30. Para participar n\u00e3o<\/p>\n","protected":false},"author":4,"featured_media":45862,"comment_status":"open","ping_status":"open","sticky":false,"template":"","format":"standard","meta":{"footnotes":""},"categories":[3,4],"tags":[],"class_list":["post-45861","post","type-post","status-publish","format-standard","has-post-thumbnail","hentry","category-destaques","category-parana"],"yoast_head":"<!-- This site is optimized with the Yoast SEO plugin v27.5 - https:\/\/yoast.com\/product\/yoast-seo-wordpress\/ -->\n<title>MON promove em dezembro oficina gratuita sobre experi\u00eancia com tinta acr\u00edlica - Jornal<\/title>\n<meta name=\"description\" content=\"MON promove em dezembro oficina gratuita sobre experi\u00eancia com tinta acr\u00edlica\" \/>\n<meta name=\"robots\" content=\"index, follow, max-snippet:-1, max-image-preview:large, max-video-preview:-1\" \/>\n<link rel=\"canonical\" href=\"https:\/\/jornalboasnoticias.com.br\/home\/mon-promove-em-dezembro-oficina-gratuita-sobre-experiencia-com-tinta-acrilica\/\" \/>\n<meta property=\"og:locale\" content=\"pt_BR\" \/>\n<meta property=\"og:type\" content=\"article\" \/>\n<meta property=\"og:title\" content=\"MON promove em dezembro oficina gratuita sobre experi\u00eancia com tinta acr\u00edlica - Jornal\" \/>\n<meta property=\"og:description\" content=\"MON promove em dezembro oficina gratuita sobre experi\u00eancia com tinta acr\u00edlica\" \/>\n<meta property=\"og:url\" content=\"https:\/\/jornalboasnoticias.com.br\/home\/mon-promove-em-dezembro-oficina-gratuita-sobre-experiencia-com-tinta-acrilica\/\" \/>\n<meta property=\"og:site_name\" content=\"Jornal\" \/>\n<meta property=\"article:publisher\" content=\"https:\/\/www.facebook.com\/boasnoticiasjornal\" \/>\n<meta property=\"article:published_time\" content=\"2024-11-27T20:56:04+00:00\" \/>\n<meta property=\"og:image\" content=\"https:\/\/jornalboasnoticias.com.br\/home\/wp-content\/uploads\/2024\/11\/laboratorio_de_experiencias_mon_-_foto_catarina_franceira_5_0-scaled.jpg\" \/>\n\t<meta property=\"og:image:width\" content=\"2560\" \/>\n\t<meta property=\"og:image:height\" content=\"1707\" \/>\n\t<meta property=\"og:image:type\" content=\"image\/jpeg\" \/>\n<meta name=\"author\" content=\"Ana Luiza Bonatto\" \/>\n<meta name=\"twitter:card\" content=\"summary_large_image\" \/>\n<meta name=\"twitter:label1\" content=\"Escrito por\" \/>\n\t<meta name=\"twitter:data1\" content=\"Ana Luiza Bonatto\" \/>\n\t<meta name=\"twitter:label2\" content=\"Est. tempo de leitura\" \/>\n\t<meta name=\"twitter:data2\" content=\"2 minutos\" \/>\n<script type=\"application\/ld+json\" class=\"yoast-schema-graph\">{\"@context\":\"https:\\\/\\\/schema.org\",\"@graph\":[{\"@type\":\"Article\",\"@id\":\"https:\\\/\\\/jornalboasnoticias.com.br\\\/home\\\/mon-promove-em-dezembro-oficina-gratuita-sobre-experiencia-com-tinta-acrilica\\\/#article\",\"isPartOf\":{\"@id\":\"https:\\\/\\\/jornalboasnoticias.com.br\\\/home\\\/mon-promove-em-dezembro-oficina-gratuita-sobre-experiencia-com-tinta-acrilica\\\/\"},\"author\":{\"name\":\"Ana Luiza Bonatto\",\"@id\":\"https:\\\/\\\/jornalboasnoticias.com.br\\\/home\\\/#\\\/schema\\\/person\\\/d641193e0afc6405b390164dac847971\"},\"headline\":\"MON promove em dezembro oficina gratuita sobre experi\u00eancia com tinta acr\u00edlica\",\"datePublished\":\"2024-11-27T20:56:04+00:00\",\"mainEntityOfPage\":{\"@id\":\"https:\\\/\\\/jornalboasnoticias.com.br\\\/home\\\/mon-promove-em-dezembro-oficina-gratuita-sobre-experiencia-com-tinta-acrilica\\\/\"},\"wordCount\":346,\"commentCount\":0,\"publisher\":{\"@id\":\"https:\\\/\\\/jornalboasnoticias.com.br\\\/home\\\/#organization\"},\"image\":{\"@id\":\"https:\\\/\\\/jornalboasnoticias.com.br\\\/home\\\/mon-promove-em-dezembro-oficina-gratuita-sobre-experiencia-com-tinta-acrilica\\\/#primaryimage\"},\"thumbnailUrl\":\"https:\\\/\\\/jornalboasnoticias.com.br\\\/home\\\/wp-content\\\/uploads\\\/2024\\\/11\\\/laboratorio_de_experiencias_mon_-_foto_catarina_franceira_5_0-scaled.jpg\",\"articleSection\":[\"DESTAQUE\",\"PARAN\u00c1\"],\"inLanguage\":\"pt-BR\",\"potentialAction\":[{\"@type\":\"CommentAction\",\"name\":\"Comment\",\"target\":[\"https:\\\/\\\/jornalboasnoticias.com.br\\\/home\\\/mon-promove-em-dezembro-oficina-gratuita-sobre-experiencia-com-tinta-acrilica\\\/#respond\"]}]},{\"@type\":\"WebPage\",\"@id\":\"https:\\\/\\\/jornalboasnoticias.com.br\\\/home\\\/mon-promove-em-dezembro-oficina-gratuita-sobre-experiencia-com-tinta-acrilica\\\/\",\"url\":\"https:\\\/\\\/jornalboasnoticias.com.br\\\/home\\\/mon-promove-em-dezembro-oficina-gratuita-sobre-experiencia-com-tinta-acrilica\\\/\",\"name\":\"MON promove em dezembro oficina gratuita sobre experi\u00eancia com tinta acr\u00edlica - Jornal\",\"isPartOf\":{\"@id\":\"https:\\\/\\\/jornalboasnoticias.com.br\\\/home\\\/#website\"},\"primaryImageOfPage\":{\"@id\":\"https:\\\/\\\/jornalboasnoticias.com.br\\\/home\\\/mon-promove-em-dezembro-oficina-gratuita-sobre-experiencia-com-tinta-acrilica\\\/#primaryimage\"},\"image\":{\"@id\":\"https:\\\/\\\/jornalboasnoticias.com.br\\\/home\\\/mon-promove-em-dezembro-oficina-gratuita-sobre-experiencia-com-tinta-acrilica\\\/#primaryimage\"},\"thumbnailUrl\":\"https:\\\/\\\/jornalboasnoticias.com.br\\\/home\\\/wp-content\\\/uploads\\\/2024\\\/11\\\/laboratorio_de_experiencias_mon_-_foto_catarina_franceira_5_0-scaled.jpg\",\"datePublished\":\"2024-11-27T20:56:04+00:00\",\"description\":\"MON promove em dezembro oficina gratuita sobre experi\u00eancia com tinta acr\u00edlica\",\"breadcrumb\":{\"@id\":\"https:\\\/\\\/jornalboasnoticias.com.br\\\/home\\\/mon-promove-em-dezembro-oficina-gratuita-sobre-experiencia-com-tinta-acrilica\\\/#breadcrumb\"},\"inLanguage\":\"pt-BR\",\"potentialAction\":[{\"@type\":\"ReadAction\",\"target\":[\"https:\\\/\\\/jornalboasnoticias.com.br\\\/home\\\/mon-promove-em-dezembro-oficina-gratuita-sobre-experiencia-com-tinta-acrilica\\\/\"]}]},{\"@type\":\"ImageObject\",\"inLanguage\":\"pt-BR\",\"@id\":\"https:\\\/\\\/jornalboasnoticias.com.br\\\/home\\\/mon-promove-em-dezembro-oficina-gratuita-sobre-experiencia-com-tinta-acrilica\\\/#primaryimage\",\"url\":\"https:\\\/\\\/jornalboasnoticias.com.br\\\/home\\\/wp-content\\\/uploads\\\/2024\\\/11\\\/laboratorio_de_experiencias_mon_-_foto_catarina_franceira_5_0-scaled.jpg\",\"contentUrl\":\"https:\\\/\\\/jornalboasnoticias.com.br\\\/home\\\/wp-content\\\/uploads\\\/2024\\\/11\\\/laboratorio_de_experiencias_mon_-_foto_catarina_franceira_5_0-scaled.jpg\",\"width\":2560,\"height\":1707,\"caption\":\"Foto: catarina_franceira\"},{\"@type\":\"BreadcrumbList\",\"@id\":\"https:\\\/\\\/jornalboasnoticias.com.br\\\/home\\\/mon-promove-em-dezembro-oficina-gratuita-sobre-experiencia-com-tinta-acrilica\\\/#breadcrumb\",\"itemListElement\":[{\"@type\":\"ListItem\",\"position\":1,\"name\":\"In\u00edcio\",\"item\":\"https:\\\/\\\/jornalboasnoticias.com.br\\\/home\\\/\"},{\"@type\":\"ListItem\",\"position\":2,\"name\":\"MON promove em dezembro oficina gratuita sobre experi\u00eancia com tinta acr\u00edlica\"}]},{\"@type\":\"WebSite\",\"@id\":\"https:\\\/\\\/jornalboasnoticias.com.br\\\/home\\\/#website\",\"url\":\"https:\\\/\\\/jornalboasnoticias.com.br\\\/home\\\/\",\"name\":\"Jornal Boas Not\u00edcias\",\"description\":\"Boas not\u00edcias\",\"publisher\":{\"@id\":\"https:\\\/\\\/jornalboasnoticias.com.br\\\/home\\\/#organization\"},\"potentialAction\":[{\"@type\":\"SearchAction\",\"target\":{\"@type\":\"EntryPoint\",\"urlTemplate\":\"https:\\\/\\\/jornalboasnoticias.com.br\\\/home\\\/?s={search_term_string}\"},\"query-input\":{\"@type\":\"PropertyValueSpecification\",\"valueRequired\":true,\"valueName\":\"search_term_string\"}}],\"inLanguage\":\"pt-BR\"},{\"@type\":\"Organization\",\"@id\":\"https:\\\/\\\/jornalboasnoticias.com.br\\\/home\\\/#organization\",\"name\":\"Coq Editora Ltda\",\"alternateName\":\"Jornal Boas Noticias\",\"url\":\"https:\\\/\\\/jornalboasnoticias.com.br\\\/home\\\/\",\"logo\":{\"@type\":\"ImageObject\",\"inLanguage\":\"pt-BR\",\"@id\":\"https:\\\/\\\/jornalboasnoticias.com.br\\\/home\\\/#\\\/schema\\\/logo\\\/image\\\/\",\"url\":\"https:\\\/\\\/jornalboasnoticias.com.br\\\/home\\\/wp-content\\\/uploads\\\/2024\\\/07\\\/cropped-logo.jpg\",\"contentUrl\":\"https:\\\/\\\/jornalboasnoticias.com.br\\\/home\\\/wp-content\\\/uploads\\\/2024\\\/07\\\/cropped-logo.jpg\",\"width\":290,\"height\":142,\"caption\":\"Coq Editora Ltda\"},\"image\":{\"@id\":\"https:\\\/\\\/jornalboasnoticias.com.br\\\/home\\\/#\\\/schema\\\/logo\\\/image\\\/\"},\"sameAs\":[\"https:\\\/\\\/www.facebook.com\\\/boasnoticiasjornal\"]},{\"@type\":\"Person\",\"@id\":\"https:\\\/\\\/jornalboasnoticias.com.br\\\/home\\\/#\\\/schema\\\/person\\\/d641193e0afc6405b390164dac847971\",\"name\":\"Ana Luiza Bonatto\",\"image\":{\"@type\":\"ImageObject\",\"inLanguage\":\"pt-BR\",\"@id\":\"https:\\\/\\\/secure.gravatar.com\\\/avatar\\\/8a055ebe6373371f67ac6fcf313c0ac0b0a91157fdcdb9514fa62927373348f0?s=96&d=mm&r=g\",\"url\":\"https:\\\/\\\/secure.gravatar.com\\\/avatar\\\/8a055ebe6373371f67ac6fcf313c0ac0b0a91157fdcdb9514fa62927373348f0?s=96&d=mm&r=g\",\"contentUrl\":\"https:\\\/\\\/secure.gravatar.com\\\/avatar\\\/8a055ebe6373371f67ac6fcf313c0ac0b0a91157fdcdb9514fa62927373348f0?s=96&d=mm&r=g\",\"caption\":\"Ana Luiza Bonatto\"},\"url\":\"https:\\\/\\\/jornalboasnoticias.com.br\\\/home\\\/author\\\/ana-luiza\\\/\"}]}<\/script>\n<!-- \/ Yoast SEO plugin. -->","yoast_head_json":{"title":"MON promove em dezembro oficina gratuita sobre experi\u00eancia com tinta acr\u00edlica - Jornal","description":"MON promove em dezembro oficina gratuita sobre experi\u00eancia com tinta acr\u00edlica","robots":{"index":"index","follow":"follow","max-snippet":"max-snippet:-1","max-image-preview":"max-image-preview:large","max-video-preview":"max-video-preview:-1"},"canonical":"https:\/\/jornalboasnoticias.com.br\/home\/mon-promove-em-dezembro-oficina-gratuita-sobre-experiencia-com-tinta-acrilica\/","og_locale":"pt_BR","og_type":"article","og_title":"MON promove em dezembro oficina gratuita sobre experi\u00eancia com tinta acr\u00edlica - Jornal","og_description":"MON promove em dezembro oficina gratuita sobre experi\u00eancia com tinta acr\u00edlica","og_url":"https:\/\/jornalboasnoticias.com.br\/home\/mon-promove-em-dezembro-oficina-gratuita-sobre-experiencia-com-tinta-acrilica\/","og_site_name":"Jornal","article_publisher":"https:\/\/www.facebook.com\/boasnoticiasjornal","article_published_time":"2024-11-27T20:56:04+00:00","og_image":[{"width":2560,"height":1707,"url":"https:\/\/jornalboasnoticias.com.br\/home\/wp-content\/uploads\/2024\/11\/laboratorio_de_experiencias_mon_-_foto_catarina_franceira_5_0-scaled.jpg","type":"image\/jpeg"}],"author":"Ana Luiza Bonatto","twitter_card":"summary_large_image","twitter_misc":{"Escrito por":"Ana Luiza Bonatto","Est. tempo de leitura":"2 minutos"},"schema":{"@context":"https:\/\/schema.org","@graph":[{"@type":"Article","@id":"https:\/\/jornalboasnoticias.com.br\/home\/mon-promove-em-dezembro-oficina-gratuita-sobre-experiencia-com-tinta-acrilica\/#article","isPartOf":{"@id":"https:\/\/jornalboasnoticias.com.br\/home\/mon-promove-em-dezembro-oficina-gratuita-sobre-experiencia-com-tinta-acrilica\/"},"author":{"name":"Ana Luiza Bonatto","@id":"https:\/\/jornalboasnoticias.com.br\/home\/#\/schema\/person\/d641193e0afc6405b390164dac847971"},"headline":"MON promove em dezembro oficina gratuita sobre experi\u00eancia com tinta acr\u00edlica","datePublished":"2024-11-27T20:56:04+00:00","mainEntityOfPage":{"@id":"https:\/\/jornalboasnoticias.com.br\/home\/mon-promove-em-dezembro-oficina-gratuita-sobre-experiencia-com-tinta-acrilica\/"},"wordCount":346,"commentCount":0,"publisher":{"@id":"https:\/\/jornalboasnoticias.com.br\/home\/#organization"},"image":{"@id":"https:\/\/jornalboasnoticias.com.br\/home\/mon-promove-em-dezembro-oficina-gratuita-sobre-experiencia-com-tinta-acrilica\/#primaryimage"},"thumbnailUrl":"https:\/\/jornalboasnoticias.com.br\/home\/wp-content\/uploads\/2024\/11\/laboratorio_de_experiencias_mon_-_foto_catarina_franceira_5_0-scaled.jpg","articleSection":["DESTAQUE","PARAN\u00c1"],"inLanguage":"pt-BR","potentialAction":[{"@type":"CommentAction","name":"Comment","target":["https:\/\/jornalboasnoticias.com.br\/home\/mon-promove-em-dezembro-oficina-gratuita-sobre-experiencia-com-tinta-acrilica\/#respond"]}]},{"@type":"WebPage","@id":"https:\/\/jornalboasnoticias.com.br\/home\/mon-promove-em-dezembro-oficina-gratuita-sobre-experiencia-com-tinta-acrilica\/","url":"https:\/\/jornalboasnoticias.com.br\/home\/mon-promove-em-dezembro-oficina-gratuita-sobre-experiencia-com-tinta-acrilica\/","name":"MON promove em dezembro oficina gratuita sobre experi\u00eancia com tinta acr\u00edlica - Jornal","isPartOf":{"@id":"https:\/\/jornalboasnoticias.com.br\/home\/#website"},"primaryImageOfPage":{"@id":"https:\/\/jornalboasnoticias.com.br\/home\/mon-promove-em-dezembro-oficina-gratuita-sobre-experiencia-com-tinta-acrilica\/#primaryimage"},"image":{"@id":"https:\/\/jornalboasnoticias.com.br\/home\/mon-promove-em-dezembro-oficina-gratuita-sobre-experiencia-com-tinta-acrilica\/#primaryimage"},"thumbnailUrl":"https:\/\/jornalboasnoticias.com.br\/home\/wp-content\/uploads\/2024\/11\/laboratorio_de_experiencias_mon_-_foto_catarina_franceira_5_0-scaled.jpg","datePublished":"2024-11-27T20:56:04+00:00","description":"MON promove em dezembro oficina gratuita sobre experi\u00eancia com tinta acr\u00edlica","breadcrumb":{"@id":"https:\/\/jornalboasnoticias.com.br\/home\/mon-promove-em-dezembro-oficina-gratuita-sobre-experiencia-com-tinta-acrilica\/#breadcrumb"},"inLanguage":"pt-BR","potentialAction":[{"@type":"ReadAction","target":["https:\/\/jornalboasnoticias.com.br\/home\/mon-promove-em-dezembro-oficina-gratuita-sobre-experiencia-com-tinta-acrilica\/"]}]},{"@type":"ImageObject","inLanguage":"pt-BR","@id":"https:\/\/jornalboasnoticias.com.br\/home\/mon-promove-em-dezembro-oficina-gratuita-sobre-experiencia-com-tinta-acrilica\/#primaryimage","url":"https:\/\/jornalboasnoticias.com.br\/home\/wp-content\/uploads\/2024\/11\/laboratorio_de_experiencias_mon_-_foto_catarina_franceira_5_0-scaled.jpg","contentUrl":"https:\/\/jornalboasnoticias.com.br\/home\/wp-content\/uploads\/2024\/11\/laboratorio_de_experiencias_mon_-_foto_catarina_franceira_5_0-scaled.jpg","width":2560,"height":1707,"caption":"Foto: catarina_franceira"},{"@type":"BreadcrumbList","@id":"https:\/\/jornalboasnoticias.com.br\/home\/mon-promove-em-dezembro-oficina-gratuita-sobre-experiencia-com-tinta-acrilica\/#breadcrumb","itemListElement":[{"@type":"ListItem","position":1,"name":"In\u00edcio","item":"https:\/\/jornalboasnoticias.com.br\/home\/"},{"@type":"ListItem","position":2,"name":"MON promove em dezembro oficina gratuita sobre experi\u00eancia com tinta acr\u00edlica"}]},{"@type":"WebSite","@id":"https:\/\/jornalboasnoticias.com.br\/home\/#website","url":"https:\/\/jornalboasnoticias.com.br\/home\/","name":"Jornal Boas Not\u00edcias","description":"Boas not\u00edcias","publisher":{"@id":"https:\/\/jornalboasnoticias.com.br\/home\/#organization"},"potentialAction":[{"@type":"SearchAction","target":{"@type":"EntryPoint","urlTemplate":"https:\/\/jornalboasnoticias.com.br\/home\/?s={search_term_string}"},"query-input":{"@type":"PropertyValueSpecification","valueRequired":true,"valueName":"search_term_string"}}],"inLanguage":"pt-BR"},{"@type":"Organization","@id":"https:\/\/jornalboasnoticias.com.br\/home\/#organization","name":"Coq Editora Ltda","alternateName":"Jornal Boas Noticias","url":"https:\/\/jornalboasnoticias.com.br\/home\/","logo":{"@type":"ImageObject","inLanguage":"pt-BR","@id":"https:\/\/jornalboasnoticias.com.br\/home\/#\/schema\/logo\/image\/","url":"https:\/\/jornalboasnoticias.com.br\/home\/wp-content\/uploads\/2024\/07\/cropped-logo.jpg","contentUrl":"https:\/\/jornalboasnoticias.com.br\/home\/wp-content\/uploads\/2024\/07\/cropped-logo.jpg","width":290,"height":142,"caption":"Coq Editora Ltda"},"image":{"@id":"https:\/\/jornalboasnoticias.com.br\/home\/#\/schema\/logo\/image\/"},"sameAs":["https:\/\/www.facebook.com\/boasnoticiasjornal"]},{"@type":"Person","@id":"https:\/\/jornalboasnoticias.com.br\/home\/#\/schema\/person\/d641193e0afc6405b390164dac847971","name":"Ana Luiza Bonatto","image":{"@type":"ImageObject","inLanguage":"pt-BR","@id":"https:\/\/secure.gravatar.com\/avatar\/8a055ebe6373371f67ac6fcf313c0ac0b0a91157fdcdb9514fa62927373348f0?s=96&d=mm&r=g","url":"https:\/\/secure.gravatar.com\/avatar\/8a055ebe6373371f67ac6fcf313c0ac0b0a91157fdcdb9514fa62927373348f0?s=96&d=mm&r=g","contentUrl":"https:\/\/secure.gravatar.com\/avatar\/8a055ebe6373371f67ac6fcf313c0ac0b0a91157fdcdb9514fa62927373348f0?s=96&d=mm&r=g","caption":"Ana Luiza Bonatto"},"url":"https:\/\/jornalboasnoticias.com.br\/home\/author\/ana-luiza\/"}]}},"_links":{"self":[{"href":"https:\/\/jornalboasnoticias.com.br\/home\/wp-json\/wp\/v2\/posts\/45861","targetHints":{"allow":["GET"]}}],"collection":[{"href":"https:\/\/jornalboasnoticias.com.br\/home\/wp-json\/wp\/v2\/posts"}],"about":[{"href":"https:\/\/jornalboasnoticias.com.br\/home\/wp-json\/wp\/v2\/types\/post"}],"author":[{"embeddable":true,"href":"https:\/\/jornalboasnoticias.com.br\/home\/wp-json\/wp\/v2\/users\/4"}],"replies":[{"embeddable":true,"href":"https:\/\/jornalboasnoticias.com.br\/home\/wp-json\/wp\/v2\/comments?post=45861"}],"version-history":[{"count":1,"href":"https:\/\/jornalboasnoticias.com.br\/home\/wp-json\/wp\/v2\/posts\/45861\/revisions"}],"predecessor-version":[{"id":45863,"href":"https:\/\/jornalboasnoticias.com.br\/home\/wp-json\/wp\/v2\/posts\/45861\/revisions\/45863"}],"wp:featuredmedia":[{"embeddable":true,"href":"https:\/\/jornalboasnoticias.com.br\/home\/wp-json\/wp\/v2\/media\/45862"}],"wp:attachment":[{"href":"https:\/\/jornalboasnoticias.com.br\/home\/wp-json\/wp\/v2\/media?parent=45861"}],"wp:term":[{"taxonomy":"category","embeddable":true,"href":"https:\/\/jornalboasnoticias.com.br\/home\/wp-json\/wp\/v2\/categories?post=45861"},{"taxonomy":"post_tag","embeddable":true,"href":"https:\/\/jornalboasnoticias.com.br\/home\/wp-json\/wp\/v2\/tags?post=45861"}],"curies":[{"name":"wp","href":"https:\/\/api.w.org\/{rel}","templated":true}]}}