{"id":45855,"date":"2024-11-27T20:48:02","date_gmt":"2024-11-27T20:48:02","guid":{"rendered":"https:\/\/jornalboasnoticias.com.br\/home\/?p=45855"},"modified":"2024-11-27T20:48:02","modified_gmt":"2024-11-27T20:48:02","slug":"comunidades-sustentaveis-projeto-da-portos-do-parana-e-destaque-no-premio-antaq-2024","status":"publish","type":"post","link":"https:\/\/jornalboasnoticias.com.br\/home\/comunidades-sustentaveis-projeto-da-portos-do-parana-e-destaque-no-premio-antaq-2024\/","title":{"rendered":"Comunidades Sustent\u00e1veis: projeto da Portos do Paran\u00e1 \u00e9 destaque no Pr\u00eamio ANTAQ 2024"},"content":{"rendered":"<div class=\"not-escopo-destaque\">\n<div>\n<figure id=\"attachment_45856\" aria-describedby=\"caption-attachment-45856\" style=\"width: 2560px\" class=\"wp-caption alignnone\"><img loading=\"lazy\" decoding=\"async\" class=\"wp-image-45856 size-full\" src=\"https:\/\/jornalboasnoticias.com.br\/home\/wp-content\/uploads\/2024\/11\/whatsapp_image_2024-11-27_at_11.30.28-scaled.jpg\" alt=\"\" width=\"2560\" height=\"1707\" srcset=\"https:\/\/jornalboasnoticias.com.br\/home\/wp-content\/uploads\/2024\/11\/whatsapp_image_2024-11-27_at_11.30.28-scaled.jpg 2560w, https:\/\/jornalboasnoticias.com.br\/home\/wp-content\/uploads\/2024\/11\/whatsapp_image_2024-11-27_at_11.30.28-300x200.jpg 300w, https:\/\/jornalboasnoticias.com.br\/home\/wp-content\/uploads\/2024\/11\/whatsapp_image_2024-11-27_at_11.30.28-1024x683.jpg 1024w, https:\/\/jornalboasnoticias.com.br\/home\/wp-content\/uploads\/2024\/11\/whatsapp_image_2024-11-27_at_11.30.28-768x512.jpg 768w, https:\/\/jornalboasnoticias.com.br\/home\/wp-content\/uploads\/2024\/11\/whatsapp_image_2024-11-27_at_11.30.28-1536x1024.jpg 1536w, https:\/\/jornalboasnoticias.com.br\/home\/wp-content\/uploads\/2024\/11\/whatsapp_image_2024-11-27_at_11.30.28-2048x1365.jpg 2048w, https:\/\/jornalboasnoticias.com.br\/home\/wp-content\/uploads\/2024\/11\/whatsapp_image_2024-11-27_at_11.30.28-900x600.jpg 900w\" sizes=\"auto, (max-width: 2560px) 100vw, 2560px\" \/><figcaption id=\"caption-attachment-45856\" class=\"wp-caption-text\">Foto: Divulga\u00e7\u00e3o Portos do Paran\u00e1<\/figcaption><\/figure>\n<\/div>\n<\/div>\n<blockquote>\n<div class=\"not-escopo-destaque\">\n<div class=\"field field--name-field-escopo-destaque field--type-string-long field--label-hidden field--item\">O projeto Comunidades Sustent\u00e1veis consiste na implanta\u00e7\u00e3o de sistemas ecol\u00f3gicos, substituindo estruturas rudimentares de tratamento de esgoto por solu\u00e7\u00f5es de baixo custo e sustent\u00e1veis. Ele garantiu o terceiro lugar na categoria Iniciativas Inovadoras.<\/div>\n<\/div>\n<\/blockquote>\n<div>\n<p>A Portos do Paran\u00e1 foi destaque no Pr\u00eamio ANTAQ 2024, entregue nesta ter\u00e7a-feira (26), em Bras\u00edlia. Com o projeto \u201cComunidades Sustent\u00e1veis\u201d, a empresa p\u00fablica foi contemplada com o terceiro lugar na categoria Iniciativas Inovadoras em Emerg\u00eancia Clim\u00e1tica em ESG. O projeto consiste na implanta\u00e7\u00e3o de sistemas ecol\u00f3gicos, substituindo estruturas rudimentares de tratamento de esgoto por solu\u00e7\u00f5es de baixo custo e sustent\u00e1veis. O trabalho em larga escala come\u00e7ou neste ano na Ilha de Eufrasina, em Paranagu\u00e1.<\/p>\n<p>Receberam a premia\u00e7\u00e3o o diretor de Meio Ambiente, Jo\u00e3o Paulo Santana, e o secret\u00e1rio-geral, Felipe Gama. \u201cEste pr\u00eamio \u00e9 muito importante para n\u00f3s, pois \u00e9 um pr\u00eamio de inova\u00e7\u00e3o que reconhece nosso trabalho em prol das comunidades litor\u00e2neas com o uso de solu\u00e7\u00f5es baseadas na natureza, ou seja, sem o uso de tecnologia para isto\u201d, ressaltou Santana.<\/p>\n<p>\u201cAl\u00e9m disso, a iniciativa contribui para o enfrentamento das crises clim\u00e1ticas ao promover melhorias na infraestrutura das comunidades da Ba\u00eda de Paranagu\u00e1 atingindo Objetivos de Desenvolvimento Sustent\u00e1vel. Reconhece, ainda, o uso de metodologias permaculturais que aplicamos nas aulas de educa\u00e7\u00e3o ambientais\u201d, disse.<\/p>\n<p>A implanta\u00e7\u00e3o em larga escala dos sistemas ecol\u00f3gicos come\u00e7ou este ano na Ilha de Eufrasina, escolhida devido ao seu terreno rochoso e inclinado, que inviabiliza a instala\u00e7\u00e3o de sistemas tradicionais de coleta e tratamento. Dez resid\u00eancias receberam os sistemas de tratamento em car\u00e1ter experimental, com monitoramento por seis meses. Os resultados apontaram uma redu\u00e7\u00e3o de 90% nos coliformes fecais nas \u00e1guas.<\/p>\n<p>O projeto Comunidades Sustent\u00e1veis \u00e9 uma parceria entre a Portos do Paran\u00e1 e a Universidade Federal do Paran\u00e1 (UFPR). \u201cO objetivo \u00e9 beneficiar comunidades que carecem de infraestrutura urbana coletiva, al\u00e9m de fortalecer o ensino na universidade, permitindo que os alunos apliquem na pr\u00e1tica o conhecimento adquirido em sala de aula\u201d, afirmou o professor da UFPR e coordenador do projeto Comunidades Sustent\u00e1veis, Fernando Augusto Silveira Armani, que tamb\u00e9m esteve presente na premia\u00e7\u00e3o.<\/p>\n<p><strong>ODS<\/strong>\u00a0\u2013 O programa de tratamento de esgoto ecol\u00f3gico na Ilha de Eufrasina segue cinco dos 17 Objetivos de Desenvolvimento Sustent\u00e1vel (ODS) definidos pela Organiza\u00e7\u00e3o das Na\u00e7\u00f5es Unidas (ONU) em 2015. S\u00e3o eles: 6 (\u00c1gua Pot\u00e1vel e Saneamento); 11 (Cidades e Comunidades Sustent\u00e1veis); 14 (Vida na \u00c1gua); 15 (Vida Terrestre) e 17 (Parcerias e Meios de Implementa\u00e7\u00e3o).<\/p>\n<p><strong>PR\u00caMIO ANTAQ<\/strong>\u00a0\u2013 Esta foi a 7\u00aa edi\u00e7\u00e3o do pr\u00eamio realizado pela Ag\u00eancia Nacional dos Transportes Aquavi\u00e1rios (ANTAQ), que reconhece e estimula as melhores pr\u00e1ticas e a\u00e7\u00f5es do setor. Ao todo, 45 empresas, entidades e profissionais ligados ao transporte aquavi\u00e1rio foram premiados.<\/p>\n<p>Esta \u00e9 a quinta vez que a Portos do Paran\u00e1 \u00e9 contemplada pela ANTAQ.\u00a0A empresa p\u00fablica j\u00e1 venceu tr\u00eas vezes na categoria Conformidade Regulat\u00f3ria, uma vez com Desempenho Ambiental e uma vez com Projetos Inovadores, na edi\u00e7\u00e3o 2024.<\/p>\n<p><em><strong>AEN<\/strong><\/em><\/p>\n<\/div>\n","protected":false},"excerpt":{"rendered":"<p>O projeto Comunidades Sustent\u00e1veis consiste na implanta\u00e7\u00e3o de sistemas ecol\u00f3gicos, substituindo estruturas rudimentares de tratamento<\/p>\n","protected":false},"author":4,"featured_media":45856,"comment_status":"open","ping_status":"open","sticky":false,"template":"","format":"standard","meta":{"footnotes":""},"categories":[3,4],"tags":[],"class_list":["post-45855","post","type-post","status-publish","format-standard","has-post-thumbnail","hentry","category-destaques","category-parana"],"yoast_head":"<!-- This site is optimized with the Yoast SEO plugin v27.5 - https:\/\/yoast.com\/product\/yoast-seo-wordpress\/ -->\n<title>Comunidades Sustent\u00e1veis: projeto da Portos do Paran\u00e1 \u00e9 destaque no Pr\u00eamio ANTAQ 2024 - Jornal<\/title>\n<meta name=\"description\" content=\"Comunidades Sustent\u00e1veis: projeto da Portos do Paran\u00e1 \u00e9 destaque no Pr\u00eamio ANTAQ 2024\" \/>\n<meta name=\"robots\" content=\"index, follow, max-snippet:-1, max-image-preview:large, max-video-preview:-1\" \/>\n<link rel=\"canonical\" href=\"https:\/\/jornalboasnoticias.com.br\/home\/comunidades-sustentaveis-projeto-da-portos-do-parana-e-destaque-no-premio-antaq-2024\/\" \/>\n<meta property=\"og:locale\" content=\"pt_BR\" \/>\n<meta property=\"og:type\" content=\"article\" \/>\n<meta property=\"og:title\" content=\"Comunidades Sustent\u00e1veis: projeto da Portos do Paran\u00e1 \u00e9 destaque no Pr\u00eamio ANTAQ 2024 - Jornal\" \/>\n<meta property=\"og:description\" content=\"Comunidades Sustent\u00e1veis: projeto da Portos do Paran\u00e1 \u00e9 destaque no Pr\u00eamio ANTAQ 2024\" \/>\n<meta property=\"og:url\" content=\"https:\/\/jornalboasnoticias.com.br\/home\/comunidades-sustentaveis-projeto-da-portos-do-parana-e-destaque-no-premio-antaq-2024\/\" \/>\n<meta property=\"og:site_name\" content=\"Jornal\" \/>\n<meta property=\"article:publisher\" content=\"https:\/\/www.facebook.com\/boasnoticiasjornal\" \/>\n<meta property=\"article:published_time\" content=\"2024-11-27T20:48:02+00:00\" \/>\n<meta property=\"og:image\" content=\"https:\/\/jornalboasnoticias.com.br\/home\/wp-content\/uploads\/2024\/11\/whatsapp_image_2024-11-27_at_11.30.28-scaled.jpg\" \/>\n\t<meta property=\"og:image:width\" content=\"2560\" \/>\n\t<meta property=\"og:image:height\" content=\"1707\" \/>\n\t<meta property=\"og:image:type\" content=\"image\/jpeg\" \/>\n<meta name=\"author\" content=\"Ana Luiza Bonatto\" \/>\n<meta name=\"twitter:card\" content=\"summary_large_image\" \/>\n<meta name=\"twitter:label1\" content=\"Escrito por\" \/>\n\t<meta name=\"twitter:data1\" content=\"Ana Luiza Bonatto\" \/>\n\t<meta name=\"twitter:label2\" content=\"Est. tempo de leitura\" \/>\n\t<meta name=\"twitter:data2\" content=\"3 minutos\" \/>\n<script type=\"application\/ld+json\" class=\"yoast-schema-graph\">{\"@context\":\"https:\\\/\\\/schema.org\",\"@graph\":[{\"@type\":\"Article\",\"@id\":\"https:\\\/\\\/jornalboasnoticias.com.br\\\/home\\\/comunidades-sustentaveis-projeto-da-portos-do-parana-e-destaque-no-premio-antaq-2024\\\/#article\",\"isPartOf\":{\"@id\":\"https:\\\/\\\/jornalboasnoticias.com.br\\\/home\\\/comunidades-sustentaveis-projeto-da-portos-do-parana-e-destaque-no-premio-antaq-2024\\\/\"},\"author\":{\"name\":\"Ana Luiza Bonatto\",\"@id\":\"https:\\\/\\\/jornalboasnoticias.com.br\\\/home\\\/#\\\/schema\\\/person\\\/d641193e0afc6405b390164dac847971\"},\"headline\":\"Comunidades Sustent\u00e1veis: projeto da Portos do Paran\u00e1 \u00e9 destaque no Pr\u00eamio ANTAQ 2024\",\"datePublished\":\"2024-11-27T20:48:02+00:00\",\"mainEntityOfPage\":{\"@id\":\"https:\\\/\\\/jornalboasnoticias.com.br\\\/home\\\/comunidades-sustentaveis-projeto-da-portos-do-parana-e-destaque-no-premio-antaq-2024\\\/\"},\"wordCount\":548,\"commentCount\":0,\"publisher\":{\"@id\":\"https:\\\/\\\/jornalboasnoticias.com.br\\\/home\\\/#organization\"},\"image\":{\"@id\":\"https:\\\/\\\/jornalboasnoticias.com.br\\\/home\\\/comunidades-sustentaveis-projeto-da-portos-do-parana-e-destaque-no-premio-antaq-2024\\\/#primaryimage\"},\"thumbnailUrl\":\"https:\\\/\\\/jornalboasnoticias.com.br\\\/home\\\/wp-content\\\/uploads\\\/2024\\\/11\\\/whatsapp_image_2024-11-27_at_11.30.28-scaled.jpg\",\"articleSection\":[\"DESTAQUE\",\"PARAN\u00c1\"],\"inLanguage\":\"pt-BR\",\"potentialAction\":[{\"@type\":\"CommentAction\",\"name\":\"Comment\",\"target\":[\"https:\\\/\\\/jornalboasnoticias.com.br\\\/home\\\/comunidades-sustentaveis-projeto-da-portos-do-parana-e-destaque-no-premio-antaq-2024\\\/#respond\"]}]},{\"@type\":\"WebPage\",\"@id\":\"https:\\\/\\\/jornalboasnoticias.com.br\\\/home\\\/comunidades-sustentaveis-projeto-da-portos-do-parana-e-destaque-no-premio-antaq-2024\\\/\",\"url\":\"https:\\\/\\\/jornalboasnoticias.com.br\\\/home\\\/comunidades-sustentaveis-projeto-da-portos-do-parana-e-destaque-no-premio-antaq-2024\\\/\",\"name\":\"Comunidades Sustent\u00e1veis: projeto da Portos do Paran\u00e1 \u00e9 destaque no Pr\u00eamio ANTAQ 2024 - Jornal\",\"isPartOf\":{\"@id\":\"https:\\\/\\\/jornalboasnoticias.com.br\\\/home\\\/#website\"},\"primaryImageOfPage\":{\"@id\":\"https:\\\/\\\/jornalboasnoticias.com.br\\\/home\\\/comunidades-sustentaveis-projeto-da-portos-do-parana-e-destaque-no-premio-antaq-2024\\\/#primaryimage\"},\"image\":{\"@id\":\"https:\\\/\\\/jornalboasnoticias.com.br\\\/home\\\/comunidades-sustentaveis-projeto-da-portos-do-parana-e-destaque-no-premio-antaq-2024\\\/#primaryimage\"},\"thumbnailUrl\":\"https:\\\/\\\/jornalboasnoticias.com.br\\\/home\\\/wp-content\\\/uploads\\\/2024\\\/11\\\/whatsapp_image_2024-11-27_at_11.30.28-scaled.jpg\",\"datePublished\":\"2024-11-27T20:48:02+00:00\",\"description\":\"Comunidades Sustent\u00e1veis: projeto da Portos do Paran\u00e1 \u00e9 destaque no Pr\u00eamio ANTAQ 2024\",\"breadcrumb\":{\"@id\":\"https:\\\/\\\/jornalboasnoticias.com.br\\\/home\\\/comunidades-sustentaveis-projeto-da-portos-do-parana-e-destaque-no-premio-antaq-2024\\\/#breadcrumb\"},\"inLanguage\":\"pt-BR\",\"potentialAction\":[{\"@type\":\"ReadAction\",\"target\":[\"https:\\\/\\\/jornalboasnoticias.com.br\\\/home\\\/comunidades-sustentaveis-projeto-da-portos-do-parana-e-destaque-no-premio-antaq-2024\\\/\"]}]},{\"@type\":\"ImageObject\",\"inLanguage\":\"pt-BR\",\"@id\":\"https:\\\/\\\/jornalboasnoticias.com.br\\\/home\\\/comunidades-sustentaveis-projeto-da-portos-do-parana-e-destaque-no-premio-antaq-2024\\\/#primaryimage\",\"url\":\"https:\\\/\\\/jornalboasnoticias.com.br\\\/home\\\/wp-content\\\/uploads\\\/2024\\\/11\\\/whatsapp_image_2024-11-27_at_11.30.28-scaled.jpg\",\"contentUrl\":\"https:\\\/\\\/jornalboasnoticias.com.br\\\/home\\\/wp-content\\\/uploads\\\/2024\\\/11\\\/whatsapp_image_2024-11-27_at_11.30.28-scaled.jpg\",\"width\":2560,\"height\":1707},{\"@type\":\"BreadcrumbList\",\"@id\":\"https:\\\/\\\/jornalboasnoticias.com.br\\\/home\\\/comunidades-sustentaveis-projeto-da-portos-do-parana-e-destaque-no-premio-antaq-2024\\\/#breadcrumb\",\"itemListElement\":[{\"@type\":\"ListItem\",\"position\":1,\"name\":\"In\u00edcio\",\"item\":\"https:\\\/\\\/jornalboasnoticias.com.br\\\/home\\\/\"},{\"@type\":\"ListItem\",\"position\":2,\"name\":\"Comunidades Sustent\u00e1veis: projeto da Portos do Paran\u00e1 \u00e9 destaque no Pr\u00eamio ANTAQ 2024\"}]},{\"@type\":\"WebSite\",\"@id\":\"https:\\\/\\\/jornalboasnoticias.com.br\\\/home\\\/#website\",\"url\":\"https:\\\/\\\/jornalboasnoticias.com.br\\\/home\\\/\",\"name\":\"Jornal Boas Not\u00edcias\",\"description\":\"Boas not\u00edcias\",\"publisher\":{\"@id\":\"https:\\\/\\\/jornalboasnoticias.com.br\\\/home\\\/#organization\"},\"potentialAction\":[{\"@type\":\"SearchAction\",\"target\":{\"@type\":\"EntryPoint\",\"urlTemplate\":\"https:\\\/\\\/jornalboasnoticias.com.br\\\/home\\\/?s={search_term_string}\"},\"query-input\":{\"@type\":\"PropertyValueSpecification\",\"valueRequired\":true,\"valueName\":\"search_term_string\"}}],\"inLanguage\":\"pt-BR\"},{\"@type\":\"Organization\",\"@id\":\"https:\\\/\\\/jornalboasnoticias.com.br\\\/home\\\/#organization\",\"name\":\"Coq Editora Ltda\",\"alternateName\":\"Jornal Boas Noticias\",\"url\":\"https:\\\/\\\/jornalboasnoticias.com.br\\\/home\\\/\",\"logo\":{\"@type\":\"ImageObject\",\"inLanguage\":\"pt-BR\",\"@id\":\"https:\\\/\\\/jornalboasnoticias.com.br\\\/home\\\/#\\\/schema\\\/logo\\\/image\\\/\",\"url\":\"https:\\\/\\\/jornalboasnoticias.com.br\\\/home\\\/wp-content\\\/uploads\\\/2024\\\/07\\\/cropped-logo.jpg\",\"contentUrl\":\"https:\\\/\\\/jornalboasnoticias.com.br\\\/home\\\/wp-content\\\/uploads\\\/2024\\\/07\\\/cropped-logo.jpg\",\"width\":290,\"height\":142,\"caption\":\"Coq Editora Ltda\"},\"image\":{\"@id\":\"https:\\\/\\\/jornalboasnoticias.com.br\\\/home\\\/#\\\/schema\\\/logo\\\/image\\\/\"},\"sameAs\":[\"https:\\\/\\\/www.facebook.com\\\/boasnoticiasjornal\"]},{\"@type\":\"Person\",\"@id\":\"https:\\\/\\\/jornalboasnoticias.com.br\\\/home\\\/#\\\/schema\\\/person\\\/d641193e0afc6405b390164dac847971\",\"name\":\"Ana Luiza Bonatto\",\"image\":{\"@type\":\"ImageObject\",\"inLanguage\":\"pt-BR\",\"@id\":\"https:\\\/\\\/secure.gravatar.com\\\/avatar\\\/8a055ebe6373371f67ac6fcf313c0ac0b0a91157fdcdb9514fa62927373348f0?s=96&d=mm&r=g\",\"url\":\"https:\\\/\\\/secure.gravatar.com\\\/avatar\\\/8a055ebe6373371f67ac6fcf313c0ac0b0a91157fdcdb9514fa62927373348f0?s=96&d=mm&r=g\",\"contentUrl\":\"https:\\\/\\\/secure.gravatar.com\\\/avatar\\\/8a055ebe6373371f67ac6fcf313c0ac0b0a91157fdcdb9514fa62927373348f0?s=96&d=mm&r=g\",\"caption\":\"Ana Luiza Bonatto\"},\"url\":\"https:\\\/\\\/jornalboasnoticias.com.br\\\/home\\\/author\\\/ana-luiza\\\/\"}]}<\/script>\n<!-- \/ Yoast SEO plugin. -->","yoast_head_json":{"title":"Comunidades Sustent\u00e1veis: projeto da Portos do Paran\u00e1 \u00e9 destaque no Pr\u00eamio ANTAQ 2024 - Jornal","description":"Comunidades Sustent\u00e1veis: projeto da Portos do Paran\u00e1 \u00e9 destaque no Pr\u00eamio ANTAQ 2024","robots":{"index":"index","follow":"follow","max-snippet":"max-snippet:-1","max-image-preview":"max-image-preview:large","max-video-preview":"max-video-preview:-1"},"canonical":"https:\/\/jornalboasnoticias.com.br\/home\/comunidades-sustentaveis-projeto-da-portos-do-parana-e-destaque-no-premio-antaq-2024\/","og_locale":"pt_BR","og_type":"article","og_title":"Comunidades Sustent\u00e1veis: projeto da Portos do Paran\u00e1 \u00e9 destaque no Pr\u00eamio ANTAQ 2024 - Jornal","og_description":"Comunidades Sustent\u00e1veis: projeto da Portos do Paran\u00e1 \u00e9 destaque no Pr\u00eamio ANTAQ 2024","og_url":"https:\/\/jornalboasnoticias.com.br\/home\/comunidades-sustentaveis-projeto-da-portos-do-parana-e-destaque-no-premio-antaq-2024\/","og_site_name":"Jornal","article_publisher":"https:\/\/www.facebook.com\/boasnoticiasjornal","article_published_time":"2024-11-27T20:48:02+00:00","og_image":[{"width":2560,"height":1707,"url":"https:\/\/jornalboasnoticias.com.br\/home\/wp-content\/uploads\/2024\/11\/whatsapp_image_2024-11-27_at_11.30.28-scaled.jpg","type":"image\/jpeg"}],"author":"Ana Luiza Bonatto","twitter_card":"summary_large_image","twitter_misc":{"Escrito por":"Ana Luiza Bonatto","Est. tempo de leitura":"3 minutos"},"schema":{"@context":"https:\/\/schema.org","@graph":[{"@type":"Article","@id":"https:\/\/jornalboasnoticias.com.br\/home\/comunidades-sustentaveis-projeto-da-portos-do-parana-e-destaque-no-premio-antaq-2024\/#article","isPartOf":{"@id":"https:\/\/jornalboasnoticias.com.br\/home\/comunidades-sustentaveis-projeto-da-portos-do-parana-e-destaque-no-premio-antaq-2024\/"},"author":{"name":"Ana Luiza Bonatto","@id":"https:\/\/jornalboasnoticias.com.br\/home\/#\/schema\/person\/d641193e0afc6405b390164dac847971"},"headline":"Comunidades Sustent\u00e1veis: projeto da Portos do Paran\u00e1 \u00e9 destaque no Pr\u00eamio ANTAQ 2024","datePublished":"2024-11-27T20:48:02+00:00","mainEntityOfPage":{"@id":"https:\/\/jornalboasnoticias.com.br\/home\/comunidades-sustentaveis-projeto-da-portos-do-parana-e-destaque-no-premio-antaq-2024\/"},"wordCount":548,"commentCount":0,"publisher":{"@id":"https:\/\/jornalboasnoticias.com.br\/home\/#organization"},"image":{"@id":"https:\/\/jornalboasnoticias.com.br\/home\/comunidades-sustentaveis-projeto-da-portos-do-parana-e-destaque-no-premio-antaq-2024\/#primaryimage"},"thumbnailUrl":"https:\/\/jornalboasnoticias.com.br\/home\/wp-content\/uploads\/2024\/11\/whatsapp_image_2024-11-27_at_11.30.28-scaled.jpg","articleSection":["DESTAQUE","PARAN\u00c1"],"inLanguage":"pt-BR","potentialAction":[{"@type":"CommentAction","name":"Comment","target":["https:\/\/jornalboasnoticias.com.br\/home\/comunidades-sustentaveis-projeto-da-portos-do-parana-e-destaque-no-premio-antaq-2024\/#respond"]}]},{"@type":"WebPage","@id":"https:\/\/jornalboasnoticias.com.br\/home\/comunidades-sustentaveis-projeto-da-portos-do-parana-e-destaque-no-premio-antaq-2024\/","url":"https:\/\/jornalboasnoticias.com.br\/home\/comunidades-sustentaveis-projeto-da-portos-do-parana-e-destaque-no-premio-antaq-2024\/","name":"Comunidades Sustent\u00e1veis: projeto da Portos do Paran\u00e1 \u00e9 destaque no Pr\u00eamio ANTAQ 2024 - Jornal","isPartOf":{"@id":"https:\/\/jornalboasnoticias.com.br\/home\/#website"},"primaryImageOfPage":{"@id":"https:\/\/jornalboasnoticias.com.br\/home\/comunidades-sustentaveis-projeto-da-portos-do-parana-e-destaque-no-premio-antaq-2024\/#primaryimage"},"image":{"@id":"https:\/\/jornalboasnoticias.com.br\/home\/comunidades-sustentaveis-projeto-da-portos-do-parana-e-destaque-no-premio-antaq-2024\/#primaryimage"},"thumbnailUrl":"https:\/\/jornalboasnoticias.com.br\/home\/wp-content\/uploads\/2024\/11\/whatsapp_image_2024-11-27_at_11.30.28-scaled.jpg","datePublished":"2024-11-27T20:48:02+00:00","description":"Comunidades Sustent\u00e1veis: projeto da Portos do Paran\u00e1 \u00e9 destaque no Pr\u00eamio ANTAQ 2024","breadcrumb":{"@id":"https:\/\/jornalboasnoticias.com.br\/home\/comunidades-sustentaveis-projeto-da-portos-do-parana-e-destaque-no-premio-antaq-2024\/#breadcrumb"},"inLanguage":"pt-BR","potentialAction":[{"@type":"ReadAction","target":["https:\/\/jornalboasnoticias.com.br\/home\/comunidades-sustentaveis-projeto-da-portos-do-parana-e-destaque-no-premio-antaq-2024\/"]}]},{"@type":"ImageObject","inLanguage":"pt-BR","@id":"https:\/\/jornalboasnoticias.com.br\/home\/comunidades-sustentaveis-projeto-da-portos-do-parana-e-destaque-no-premio-antaq-2024\/#primaryimage","url":"https:\/\/jornalboasnoticias.com.br\/home\/wp-content\/uploads\/2024\/11\/whatsapp_image_2024-11-27_at_11.30.28-scaled.jpg","contentUrl":"https:\/\/jornalboasnoticias.com.br\/home\/wp-content\/uploads\/2024\/11\/whatsapp_image_2024-11-27_at_11.30.28-scaled.jpg","width":2560,"height":1707},{"@type":"BreadcrumbList","@id":"https:\/\/jornalboasnoticias.com.br\/home\/comunidades-sustentaveis-projeto-da-portos-do-parana-e-destaque-no-premio-antaq-2024\/#breadcrumb","itemListElement":[{"@type":"ListItem","position":1,"name":"In\u00edcio","item":"https:\/\/jornalboasnoticias.com.br\/home\/"},{"@type":"ListItem","position":2,"name":"Comunidades Sustent\u00e1veis: projeto da Portos do Paran\u00e1 \u00e9 destaque no Pr\u00eamio ANTAQ 2024"}]},{"@type":"WebSite","@id":"https:\/\/jornalboasnoticias.com.br\/home\/#website","url":"https:\/\/jornalboasnoticias.com.br\/home\/","name":"Jornal Boas Not\u00edcias","description":"Boas not\u00edcias","publisher":{"@id":"https:\/\/jornalboasnoticias.com.br\/home\/#organization"},"potentialAction":[{"@type":"SearchAction","target":{"@type":"EntryPoint","urlTemplate":"https:\/\/jornalboasnoticias.com.br\/home\/?s={search_term_string}"},"query-input":{"@type":"PropertyValueSpecification","valueRequired":true,"valueName":"search_term_string"}}],"inLanguage":"pt-BR"},{"@type":"Organization","@id":"https:\/\/jornalboasnoticias.com.br\/home\/#organization","name":"Coq Editora Ltda","alternateName":"Jornal Boas Noticias","url":"https:\/\/jornalboasnoticias.com.br\/home\/","logo":{"@type":"ImageObject","inLanguage":"pt-BR","@id":"https:\/\/jornalboasnoticias.com.br\/home\/#\/schema\/logo\/image\/","url":"https:\/\/jornalboasnoticias.com.br\/home\/wp-content\/uploads\/2024\/07\/cropped-logo.jpg","contentUrl":"https:\/\/jornalboasnoticias.com.br\/home\/wp-content\/uploads\/2024\/07\/cropped-logo.jpg","width":290,"height":142,"caption":"Coq Editora Ltda"},"image":{"@id":"https:\/\/jornalboasnoticias.com.br\/home\/#\/schema\/logo\/image\/"},"sameAs":["https:\/\/www.facebook.com\/boasnoticiasjornal"]},{"@type":"Person","@id":"https:\/\/jornalboasnoticias.com.br\/home\/#\/schema\/person\/d641193e0afc6405b390164dac847971","name":"Ana Luiza Bonatto","image":{"@type":"ImageObject","inLanguage":"pt-BR","@id":"https:\/\/secure.gravatar.com\/avatar\/8a055ebe6373371f67ac6fcf313c0ac0b0a91157fdcdb9514fa62927373348f0?s=96&d=mm&r=g","url":"https:\/\/secure.gravatar.com\/avatar\/8a055ebe6373371f67ac6fcf313c0ac0b0a91157fdcdb9514fa62927373348f0?s=96&d=mm&r=g","contentUrl":"https:\/\/secure.gravatar.com\/avatar\/8a055ebe6373371f67ac6fcf313c0ac0b0a91157fdcdb9514fa62927373348f0?s=96&d=mm&r=g","caption":"Ana Luiza Bonatto"},"url":"https:\/\/jornalboasnoticias.com.br\/home\/author\/ana-luiza\/"}]}},"_links":{"self":[{"href":"https:\/\/jornalboasnoticias.com.br\/home\/wp-json\/wp\/v2\/posts\/45855","targetHints":{"allow":["GET"]}}],"collection":[{"href":"https:\/\/jornalboasnoticias.com.br\/home\/wp-json\/wp\/v2\/posts"}],"about":[{"href":"https:\/\/jornalboasnoticias.com.br\/home\/wp-json\/wp\/v2\/types\/post"}],"author":[{"embeddable":true,"href":"https:\/\/jornalboasnoticias.com.br\/home\/wp-json\/wp\/v2\/users\/4"}],"replies":[{"embeddable":true,"href":"https:\/\/jornalboasnoticias.com.br\/home\/wp-json\/wp\/v2\/comments?post=45855"}],"version-history":[{"count":1,"href":"https:\/\/jornalboasnoticias.com.br\/home\/wp-json\/wp\/v2\/posts\/45855\/revisions"}],"predecessor-version":[{"id":45857,"href":"https:\/\/jornalboasnoticias.com.br\/home\/wp-json\/wp\/v2\/posts\/45855\/revisions\/45857"}],"wp:featuredmedia":[{"embeddable":true,"href":"https:\/\/jornalboasnoticias.com.br\/home\/wp-json\/wp\/v2\/media\/45856"}],"wp:attachment":[{"href":"https:\/\/jornalboasnoticias.com.br\/home\/wp-json\/wp\/v2\/media?parent=45855"}],"wp:term":[{"taxonomy":"category","embeddable":true,"href":"https:\/\/jornalboasnoticias.com.br\/home\/wp-json\/wp\/v2\/categories?post=45855"},{"taxonomy":"post_tag","embeddable":true,"href":"https:\/\/jornalboasnoticias.com.br\/home\/wp-json\/wp\/v2\/tags?post=45855"}],"curies":[{"name":"wp","href":"https:\/\/api.w.org\/{rel}","templated":true}]}}