{"id":45852,"date":"2024-11-27T20:46:19","date_gmt":"2024-11-27T20:46:19","guid":{"rendered":"https:\/\/jornalboasnoticias.com.br\/home\/?p=45852"},"modified":"2024-11-27T20:46:19","modified_gmt":"2024-11-27T20:46:19","slug":"mostra-no-arquivo-publico-destaca-mulheres-que-romperam-barreiras-e-deixaram-legados","status":"publish","type":"post","link":"https:\/\/jornalboasnoticias.com.br\/home\/mostra-no-arquivo-publico-destaca-mulheres-que-romperam-barreiras-e-deixaram-legados\/","title":{"rendered":"Mostra no Arquivo P\u00fablico destaca mulheres que romperam barreiras e deixaram legados"},"content":{"rendered":"<div class=\"not-escopo-destaque\">\n<div>\n<figure id=\"attachment_45853\" aria-describedby=\"caption-attachment-45853\" style=\"width: 2560px\" class=\"wp-caption alignnone\"><img loading=\"lazy\" decoding=\"async\" class=\"size-full wp-image-45853\" src=\"https:\/\/jornalboasnoticias.com.br\/home\/wp-content\/uploads\/2024\/11\/raizes_paranaenses_foto_rdziura-4092-scaled.jpg\" alt=\"\" width=\"2560\" height=\"1707\" srcset=\"https:\/\/jornalboasnoticias.com.br\/home\/wp-content\/uploads\/2024\/11\/raizes_paranaenses_foto_rdziura-4092-scaled.jpg 2560w, https:\/\/jornalboasnoticias.com.br\/home\/wp-content\/uploads\/2024\/11\/raizes_paranaenses_foto_rdziura-4092-300x200.jpg 300w, https:\/\/jornalboasnoticias.com.br\/home\/wp-content\/uploads\/2024\/11\/raizes_paranaenses_foto_rdziura-4092-1024x683.jpg 1024w, https:\/\/jornalboasnoticias.com.br\/home\/wp-content\/uploads\/2024\/11\/raizes_paranaenses_foto_rdziura-4092-768x512.jpg 768w, https:\/\/jornalboasnoticias.com.br\/home\/wp-content\/uploads\/2024\/11\/raizes_paranaenses_foto_rdziura-4092-1536x1024.jpg 1536w, https:\/\/jornalboasnoticias.com.br\/home\/wp-content\/uploads\/2024\/11\/raizes_paranaenses_foto_rdziura-4092-2048x1365.jpg 2048w, https:\/\/jornalboasnoticias.com.br\/home\/wp-content\/uploads\/2024\/11\/raizes_paranaenses_foto_rdziura-4092-900x600.jpg 900w\" sizes=\"auto, (max-width: 2560px) 100vw, 2560px\" \/><figcaption id=\"caption-attachment-45853\" class=\"wp-caption-text\">Foto: Roberto Dziura Jr\/AEN<\/figcaption><\/figure>\n<\/div>\n<\/div>\n<blockquote>\n<div class=\"not-escopo-destaque\">\n<div class=\"field field--name-field-escopo-destaque field--type-string-long field--label-hidden field--item\">Entre elas, Enedina Alves Marques, a primeira mulher negra a se formar em Engenharia Civil no Brasil (1940), que enfrentou preconceitos de g\u00eanero, ra\u00e7a e classe. Outro exemplo \u00e9 Julia Augusta de Souza Wanderley, pioneira no magist\u00e9rio e a primeira diretora mulher de uma escola estadual no Paran\u00e1 (1914).<\/div>\n<\/div>\n<\/blockquote>\n<div>\n<p>A nova exposi\u00e7\u00e3o do Arquivo P\u00fablico do Paran\u00e1, departamento ligado \u00e0 Secretaria estadual da Administra\u00e7\u00e3o e da Previd\u00eancia, \u201cRa\u00edzes Paranaenses: A Conquista do Feminino\u201d foi aberta nesta quarta-feira (27), na sede do Arquivo. A mostra celebra a for\u00e7a e a heran\u00e7a cultural das mulheres paranaenses e ficar\u00e1 em cartaz at\u00e9 o final de fevereiro (com pausa entre 20 de dezembro a 5 de janeiro). Com entrada gratuita, \u00e9 um convite para revisitar a hist\u00f3ria de mulheres que romperam barreiras e deixaram legados que inspiram as novas gera\u00e7\u00f5es.<\/p>\n<p>A exposi\u00e7\u00e3o destaca a trajet\u00f3ria de 12 mulheres paranaenses, como Enedina Alves Marques, a primeira mulher negra a se formar em Engenharia Civil no Brasil (1940), que enfrentou preconceitos de g\u00eanero, ra\u00e7a e classe em uma \u00e9poca de grandes desafios. Outro exemplo \u00e9 Julia Augusta de Souza Wanderley, pioneira no magist\u00e9rio e a primeira diretora mulher de uma escola estadual no Paran\u00e1 (1914), e a escritora Chloris Casagrande Justen, primeira mulher a presidir a Academia Paranaense de Letras (2012).<\/p>\n<p>Entre as homenageadas, a primeira desembargadora mulher do Tribunal de Justi\u00e7a do Paran\u00e1, Regina Helena Afonso de Oliveira Portes (1999), participou da abertura da exposi\u00e7\u00e3o. \u201c\u00c9 uma homenagem muito bonita e faz lembrar toda minha trajet\u00f3ria. Advoguei por 20 anos, ju\u00edza e desembargadora. \u00c9 uma emo\u00e7\u00e3o estar ao lado de mulheres como essas e acredito que essa exposi\u00e7\u00e3o pode inspirar outras mulheres refor\u00e7ando onde elas podem chegar\u201d, disse.<\/p>\n<p>Com documentos hist\u00f3ricos, fotografias e outros registros do acervo do Arquivo P\u00fablico, a mostra vai al\u00e9m de destacar conquistas individuais e apresenta lutas coletivas das mulheres em busca de maior equidade, justi\u00e7a e protagonismo social.<\/p>\n<p>\u201cO Arquivo P\u00fablico do Paran\u00e1 reafirma seu papel como guardi\u00e3o da mem\u00f3ria e da identidade do nosso Estado. Ao celebrar a trajet\u00f3ria dessas mulheres, convidamos o p\u00fablico a refletir sobre as barreiras que ainda precisam ser superadas e a se inspirar na for\u00e7a dessas hist\u00f3rias\u201d, ressaltou Kassia Cavalari Basso, chefe do departamento do Arquivo P\u00fablico do Paran\u00e1.<\/p>\n<p>Para a controladora-geral do Estado, Leticia Ferreira da Silva, a exposi\u00e7\u00e3o \u00e9 uma oportunidade de reflex\u00e3o. \u201cAcho que n\u00f3s chegamos onde estamos hoje por conta dessas mulheres. \u00c9 uma exposi\u00e7\u00e3o para celebrarmos e pensarmos nos legados que deixaremos para as novas gera\u00e7\u00f5es\u201d.<\/p>\n<p>A mostra est\u00e1 aberta ao p\u00fablico de segunda a sexta-feira, das 9h \u00e0s 12h e das 13h \u00e0s 17h, na sede do Arquivo P\u00fablico do Paran\u00e1, na Rua dos Funcion\u00e1rios, 1796, no bairro Cabral, em Curitiba.<\/p>\n<p><strong>ORGANIZA\u00c7\u00c3O<\/strong>\u00a0\u2013 A mostra \u00e9 promovida pelas Secretarias da Administra\u00e7\u00e3o e da Previd\u00eancia, e da Cultura, com o patroc\u00ednio da Fomento Paran\u00e1, Fecom\u00e9rcio e Sicredi, al\u00e9m de contar com o apoio cultural do Mercado das Pulgas de Curitiba e do Sindicato dos Permission\u00e1rios Centrais Abastecimento Alimentos (Sindaruc).<\/p>\n<p>De acordo com o secret\u00e1rio da Administra\u00e7\u00e3o e da Previd\u00eancia, Claudio Stabile, o Arquivo P\u00fablico tem se posicionado como um importante guardi\u00e3o da hist\u00f3ria do Estado. \u201cE, dessa forma, abrir as portas do Arquivo para a popula\u00e7\u00e3o, por meio de exposi\u00e7\u00f5es culturais, \u00e9 uma maneira de mantermos viva a nossa hist\u00f3ria\u201d, salienta.<\/p>\n<p><strong>Servi\u00e7o:<\/strong><\/p>\n<p>Exposi\u00e7\u00e3o \u201cRa\u00edzes Paranaenses: A Conquista do Feminino\u201d<\/p>\n<p>Data: at\u00e9 fevereiro<\/p>\n<p>Hor\u00e1rio: de segunda a sexta-feira, das 9h \u00e0s 12h e das 13h \u00e0s 17h<\/p>\n<p>Endere\u00e7o: Rua dos Funcion\u00e1rios, 1796 \u2013 Cabral, Curitiba<\/p>\n<p>Entrada gratuita<\/p>\n<p><em><strong>AEN<\/strong><\/em><\/p>\n<\/div>\n","protected":false},"excerpt":{"rendered":"<p>Entre elas, Enedina Alves Marques, a primeira mulher negra a se formar em Engenharia Civil<\/p>\n","protected":false},"author":4,"featured_media":45853,"comment_status":"open","ping_status":"open","sticky":false,"template":"","format":"standard","meta":{"footnotes":""},"categories":[3,4],"tags":[],"class_list":["post-45852","post","type-post","status-publish","format-standard","has-post-thumbnail","hentry","category-destaques","category-parana"],"yoast_head":"<!-- This site is optimized with the Yoast SEO plugin v27.5 - https:\/\/yoast.com\/product\/yoast-seo-wordpress\/ -->\n<title>Mostra no Arquivo P\u00fablico destaca mulheres que romperam barreiras e deixaram legados - Jornal<\/title>\n<meta name=\"description\" content=\"Mostra no Arquivo P\u00fablico destaca mulheres que romperam barreiras e deixaram legados\" \/>\n<meta name=\"robots\" content=\"index, follow, max-snippet:-1, max-image-preview:large, max-video-preview:-1\" \/>\n<link rel=\"canonical\" href=\"https:\/\/jornalboasnoticias.com.br\/home\/mostra-no-arquivo-publico-destaca-mulheres-que-romperam-barreiras-e-deixaram-legados\/\" \/>\n<meta property=\"og:locale\" content=\"pt_BR\" \/>\n<meta property=\"og:type\" content=\"article\" \/>\n<meta property=\"og:title\" content=\"Mostra no Arquivo P\u00fablico destaca mulheres que romperam barreiras e deixaram legados - Jornal\" \/>\n<meta property=\"og:description\" content=\"Mostra no Arquivo P\u00fablico destaca mulheres que romperam barreiras e deixaram legados\" \/>\n<meta property=\"og:url\" content=\"https:\/\/jornalboasnoticias.com.br\/home\/mostra-no-arquivo-publico-destaca-mulheres-que-romperam-barreiras-e-deixaram-legados\/\" \/>\n<meta property=\"og:site_name\" content=\"Jornal\" \/>\n<meta property=\"article:publisher\" content=\"https:\/\/www.facebook.com\/boasnoticiasjornal\" \/>\n<meta property=\"article:published_time\" content=\"2024-11-27T20:46:19+00:00\" \/>\n<meta property=\"og:image\" content=\"https:\/\/jornalboasnoticias.com.br\/home\/wp-content\/uploads\/2024\/11\/raizes_paranaenses_foto_rdziura-4092-scaled.jpg\" \/>\n\t<meta property=\"og:image:width\" content=\"2560\" \/>\n\t<meta property=\"og:image:height\" content=\"1707\" \/>\n\t<meta property=\"og:image:type\" content=\"image\/jpeg\" \/>\n<meta name=\"author\" content=\"Ana Luiza Bonatto\" \/>\n<meta name=\"twitter:card\" content=\"summary_large_image\" \/>\n<meta name=\"twitter:label1\" content=\"Escrito por\" \/>\n\t<meta name=\"twitter:data1\" content=\"Ana Luiza Bonatto\" \/>\n\t<meta name=\"twitter:label2\" content=\"Est. tempo de leitura\" \/>\n\t<meta name=\"twitter:data2\" content=\"4 minutos\" \/>\n<script type=\"application\/ld+json\" class=\"yoast-schema-graph\">{\"@context\":\"https:\\\/\\\/schema.org\",\"@graph\":[{\"@type\":\"Article\",\"@id\":\"https:\\\/\\\/jornalboasnoticias.com.br\\\/home\\\/mostra-no-arquivo-publico-destaca-mulheres-que-romperam-barreiras-e-deixaram-legados\\\/#article\",\"isPartOf\":{\"@id\":\"https:\\\/\\\/jornalboasnoticias.com.br\\\/home\\\/mostra-no-arquivo-publico-destaca-mulheres-que-romperam-barreiras-e-deixaram-legados\\\/\"},\"author\":{\"name\":\"Ana Luiza Bonatto\",\"@id\":\"https:\\\/\\\/jornalboasnoticias.com.br\\\/home\\\/#\\\/schema\\\/person\\\/d641193e0afc6405b390164dac847971\"},\"headline\":\"Mostra no Arquivo P\u00fablico destaca mulheres que romperam barreiras e deixaram legados\",\"datePublished\":\"2024-11-27T20:46:19+00:00\",\"mainEntityOfPage\":{\"@id\":\"https:\\\/\\\/jornalboasnoticias.com.br\\\/home\\\/mostra-no-arquivo-publico-destaca-mulheres-que-romperam-barreiras-e-deixaram-legados\\\/\"},\"wordCount\":654,\"commentCount\":0,\"publisher\":{\"@id\":\"https:\\\/\\\/jornalboasnoticias.com.br\\\/home\\\/#organization\"},\"image\":{\"@id\":\"https:\\\/\\\/jornalboasnoticias.com.br\\\/home\\\/mostra-no-arquivo-publico-destaca-mulheres-que-romperam-barreiras-e-deixaram-legados\\\/#primaryimage\"},\"thumbnailUrl\":\"https:\\\/\\\/jornalboasnoticias.com.br\\\/home\\\/wp-content\\\/uploads\\\/2024\\\/11\\\/raizes_paranaenses_foto_rdziura-4092-scaled.jpg\",\"articleSection\":[\"DESTAQUE\",\"PARAN\u00c1\"],\"inLanguage\":\"pt-BR\",\"potentialAction\":[{\"@type\":\"CommentAction\",\"name\":\"Comment\",\"target\":[\"https:\\\/\\\/jornalboasnoticias.com.br\\\/home\\\/mostra-no-arquivo-publico-destaca-mulheres-que-romperam-barreiras-e-deixaram-legados\\\/#respond\"]}]},{\"@type\":\"WebPage\",\"@id\":\"https:\\\/\\\/jornalboasnoticias.com.br\\\/home\\\/mostra-no-arquivo-publico-destaca-mulheres-que-romperam-barreiras-e-deixaram-legados\\\/\",\"url\":\"https:\\\/\\\/jornalboasnoticias.com.br\\\/home\\\/mostra-no-arquivo-publico-destaca-mulheres-que-romperam-barreiras-e-deixaram-legados\\\/\",\"name\":\"Mostra no Arquivo P\u00fablico destaca mulheres que romperam barreiras e deixaram legados - Jornal\",\"isPartOf\":{\"@id\":\"https:\\\/\\\/jornalboasnoticias.com.br\\\/home\\\/#website\"},\"primaryImageOfPage\":{\"@id\":\"https:\\\/\\\/jornalboasnoticias.com.br\\\/home\\\/mostra-no-arquivo-publico-destaca-mulheres-que-romperam-barreiras-e-deixaram-legados\\\/#primaryimage\"},\"image\":{\"@id\":\"https:\\\/\\\/jornalboasnoticias.com.br\\\/home\\\/mostra-no-arquivo-publico-destaca-mulheres-que-romperam-barreiras-e-deixaram-legados\\\/#primaryimage\"},\"thumbnailUrl\":\"https:\\\/\\\/jornalboasnoticias.com.br\\\/home\\\/wp-content\\\/uploads\\\/2024\\\/11\\\/raizes_paranaenses_foto_rdziura-4092-scaled.jpg\",\"datePublished\":\"2024-11-27T20:46:19+00:00\",\"description\":\"Mostra no Arquivo P\u00fablico destaca mulheres que romperam barreiras e deixaram legados\",\"breadcrumb\":{\"@id\":\"https:\\\/\\\/jornalboasnoticias.com.br\\\/home\\\/mostra-no-arquivo-publico-destaca-mulheres-que-romperam-barreiras-e-deixaram-legados\\\/#breadcrumb\"},\"inLanguage\":\"pt-BR\",\"potentialAction\":[{\"@type\":\"ReadAction\",\"target\":[\"https:\\\/\\\/jornalboasnoticias.com.br\\\/home\\\/mostra-no-arquivo-publico-destaca-mulheres-que-romperam-barreiras-e-deixaram-legados\\\/\"]}]},{\"@type\":\"ImageObject\",\"inLanguage\":\"pt-BR\",\"@id\":\"https:\\\/\\\/jornalboasnoticias.com.br\\\/home\\\/mostra-no-arquivo-publico-destaca-mulheres-que-romperam-barreiras-e-deixaram-legados\\\/#primaryimage\",\"url\":\"https:\\\/\\\/jornalboasnoticias.com.br\\\/home\\\/wp-content\\\/uploads\\\/2024\\\/11\\\/raizes_paranaenses_foto_rdziura-4092-scaled.jpg\",\"contentUrl\":\"https:\\\/\\\/jornalboasnoticias.com.br\\\/home\\\/wp-content\\\/uploads\\\/2024\\\/11\\\/raizes_paranaenses_foto_rdziura-4092-scaled.jpg\",\"width\":2560,\"height\":1707,\"caption\":\"Foto: Roberto Dziura Jr\\\/AEN\"},{\"@type\":\"BreadcrumbList\",\"@id\":\"https:\\\/\\\/jornalboasnoticias.com.br\\\/home\\\/mostra-no-arquivo-publico-destaca-mulheres-que-romperam-barreiras-e-deixaram-legados\\\/#breadcrumb\",\"itemListElement\":[{\"@type\":\"ListItem\",\"position\":1,\"name\":\"In\u00edcio\",\"item\":\"https:\\\/\\\/jornalboasnoticias.com.br\\\/home\\\/\"},{\"@type\":\"ListItem\",\"position\":2,\"name\":\"Mostra no Arquivo P\u00fablico destaca mulheres que romperam barreiras e deixaram legados\"}]},{\"@type\":\"WebSite\",\"@id\":\"https:\\\/\\\/jornalboasnoticias.com.br\\\/home\\\/#website\",\"url\":\"https:\\\/\\\/jornalboasnoticias.com.br\\\/home\\\/\",\"name\":\"Jornal Boas Not\u00edcias\",\"description\":\"Boas not\u00edcias\",\"publisher\":{\"@id\":\"https:\\\/\\\/jornalboasnoticias.com.br\\\/home\\\/#organization\"},\"potentialAction\":[{\"@type\":\"SearchAction\",\"target\":{\"@type\":\"EntryPoint\",\"urlTemplate\":\"https:\\\/\\\/jornalboasnoticias.com.br\\\/home\\\/?s={search_term_string}\"},\"query-input\":{\"@type\":\"PropertyValueSpecification\",\"valueRequired\":true,\"valueName\":\"search_term_string\"}}],\"inLanguage\":\"pt-BR\"},{\"@type\":\"Organization\",\"@id\":\"https:\\\/\\\/jornalboasnoticias.com.br\\\/home\\\/#organization\",\"name\":\"Coq Editora Ltda\",\"alternateName\":\"Jornal Boas Noticias\",\"url\":\"https:\\\/\\\/jornalboasnoticias.com.br\\\/home\\\/\",\"logo\":{\"@type\":\"ImageObject\",\"inLanguage\":\"pt-BR\",\"@id\":\"https:\\\/\\\/jornalboasnoticias.com.br\\\/home\\\/#\\\/schema\\\/logo\\\/image\\\/\",\"url\":\"https:\\\/\\\/jornalboasnoticias.com.br\\\/home\\\/wp-content\\\/uploads\\\/2024\\\/07\\\/cropped-logo.jpg\",\"contentUrl\":\"https:\\\/\\\/jornalboasnoticias.com.br\\\/home\\\/wp-content\\\/uploads\\\/2024\\\/07\\\/cropped-logo.jpg\",\"width\":290,\"height\":142,\"caption\":\"Coq Editora Ltda\"},\"image\":{\"@id\":\"https:\\\/\\\/jornalboasnoticias.com.br\\\/home\\\/#\\\/schema\\\/logo\\\/image\\\/\"},\"sameAs\":[\"https:\\\/\\\/www.facebook.com\\\/boasnoticiasjornal\"]},{\"@type\":\"Person\",\"@id\":\"https:\\\/\\\/jornalboasnoticias.com.br\\\/home\\\/#\\\/schema\\\/person\\\/d641193e0afc6405b390164dac847971\",\"name\":\"Ana Luiza Bonatto\",\"image\":{\"@type\":\"ImageObject\",\"inLanguage\":\"pt-BR\",\"@id\":\"https:\\\/\\\/secure.gravatar.com\\\/avatar\\\/8a055ebe6373371f67ac6fcf313c0ac0b0a91157fdcdb9514fa62927373348f0?s=96&d=mm&r=g\",\"url\":\"https:\\\/\\\/secure.gravatar.com\\\/avatar\\\/8a055ebe6373371f67ac6fcf313c0ac0b0a91157fdcdb9514fa62927373348f0?s=96&d=mm&r=g\",\"contentUrl\":\"https:\\\/\\\/secure.gravatar.com\\\/avatar\\\/8a055ebe6373371f67ac6fcf313c0ac0b0a91157fdcdb9514fa62927373348f0?s=96&d=mm&r=g\",\"caption\":\"Ana Luiza Bonatto\"},\"url\":\"https:\\\/\\\/jornalboasnoticias.com.br\\\/home\\\/author\\\/ana-luiza\\\/\"}]}<\/script>\n<!-- \/ Yoast SEO plugin. -->","yoast_head_json":{"title":"Mostra no Arquivo P\u00fablico destaca mulheres que romperam barreiras e deixaram legados - Jornal","description":"Mostra no Arquivo P\u00fablico destaca mulheres que romperam barreiras e deixaram legados","robots":{"index":"index","follow":"follow","max-snippet":"max-snippet:-1","max-image-preview":"max-image-preview:large","max-video-preview":"max-video-preview:-1"},"canonical":"https:\/\/jornalboasnoticias.com.br\/home\/mostra-no-arquivo-publico-destaca-mulheres-que-romperam-barreiras-e-deixaram-legados\/","og_locale":"pt_BR","og_type":"article","og_title":"Mostra no Arquivo P\u00fablico destaca mulheres que romperam barreiras e deixaram legados - Jornal","og_description":"Mostra no Arquivo P\u00fablico destaca mulheres que romperam barreiras e deixaram legados","og_url":"https:\/\/jornalboasnoticias.com.br\/home\/mostra-no-arquivo-publico-destaca-mulheres-que-romperam-barreiras-e-deixaram-legados\/","og_site_name":"Jornal","article_publisher":"https:\/\/www.facebook.com\/boasnoticiasjornal","article_published_time":"2024-11-27T20:46:19+00:00","og_image":[{"width":2560,"height":1707,"url":"https:\/\/jornalboasnoticias.com.br\/home\/wp-content\/uploads\/2024\/11\/raizes_paranaenses_foto_rdziura-4092-scaled.jpg","type":"image\/jpeg"}],"author":"Ana Luiza Bonatto","twitter_card":"summary_large_image","twitter_misc":{"Escrito por":"Ana Luiza Bonatto","Est. tempo de leitura":"4 minutos"},"schema":{"@context":"https:\/\/schema.org","@graph":[{"@type":"Article","@id":"https:\/\/jornalboasnoticias.com.br\/home\/mostra-no-arquivo-publico-destaca-mulheres-que-romperam-barreiras-e-deixaram-legados\/#article","isPartOf":{"@id":"https:\/\/jornalboasnoticias.com.br\/home\/mostra-no-arquivo-publico-destaca-mulheres-que-romperam-barreiras-e-deixaram-legados\/"},"author":{"name":"Ana Luiza Bonatto","@id":"https:\/\/jornalboasnoticias.com.br\/home\/#\/schema\/person\/d641193e0afc6405b390164dac847971"},"headline":"Mostra no Arquivo P\u00fablico destaca mulheres que romperam barreiras e deixaram legados","datePublished":"2024-11-27T20:46:19+00:00","mainEntityOfPage":{"@id":"https:\/\/jornalboasnoticias.com.br\/home\/mostra-no-arquivo-publico-destaca-mulheres-que-romperam-barreiras-e-deixaram-legados\/"},"wordCount":654,"commentCount":0,"publisher":{"@id":"https:\/\/jornalboasnoticias.com.br\/home\/#organization"},"image":{"@id":"https:\/\/jornalboasnoticias.com.br\/home\/mostra-no-arquivo-publico-destaca-mulheres-que-romperam-barreiras-e-deixaram-legados\/#primaryimage"},"thumbnailUrl":"https:\/\/jornalboasnoticias.com.br\/home\/wp-content\/uploads\/2024\/11\/raizes_paranaenses_foto_rdziura-4092-scaled.jpg","articleSection":["DESTAQUE","PARAN\u00c1"],"inLanguage":"pt-BR","potentialAction":[{"@type":"CommentAction","name":"Comment","target":["https:\/\/jornalboasnoticias.com.br\/home\/mostra-no-arquivo-publico-destaca-mulheres-que-romperam-barreiras-e-deixaram-legados\/#respond"]}]},{"@type":"WebPage","@id":"https:\/\/jornalboasnoticias.com.br\/home\/mostra-no-arquivo-publico-destaca-mulheres-que-romperam-barreiras-e-deixaram-legados\/","url":"https:\/\/jornalboasnoticias.com.br\/home\/mostra-no-arquivo-publico-destaca-mulheres-que-romperam-barreiras-e-deixaram-legados\/","name":"Mostra no Arquivo P\u00fablico destaca mulheres que romperam barreiras e deixaram legados - Jornal","isPartOf":{"@id":"https:\/\/jornalboasnoticias.com.br\/home\/#website"},"primaryImageOfPage":{"@id":"https:\/\/jornalboasnoticias.com.br\/home\/mostra-no-arquivo-publico-destaca-mulheres-que-romperam-barreiras-e-deixaram-legados\/#primaryimage"},"image":{"@id":"https:\/\/jornalboasnoticias.com.br\/home\/mostra-no-arquivo-publico-destaca-mulheres-que-romperam-barreiras-e-deixaram-legados\/#primaryimage"},"thumbnailUrl":"https:\/\/jornalboasnoticias.com.br\/home\/wp-content\/uploads\/2024\/11\/raizes_paranaenses_foto_rdziura-4092-scaled.jpg","datePublished":"2024-11-27T20:46:19+00:00","description":"Mostra no Arquivo P\u00fablico destaca mulheres que romperam barreiras e deixaram legados","breadcrumb":{"@id":"https:\/\/jornalboasnoticias.com.br\/home\/mostra-no-arquivo-publico-destaca-mulheres-que-romperam-barreiras-e-deixaram-legados\/#breadcrumb"},"inLanguage":"pt-BR","potentialAction":[{"@type":"ReadAction","target":["https:\/\/jornalboasnoticias.com.br\/home\/mostra-no-arquivo-publico-destaca-mulheres-que-romperam-barreiras-e-deixaram-legados\/"]}]},{"@type":"ImageObject","inLanguage":"pt-BR","@id":"https:\/\/jornalboasnoticias.com.br\/home\/mostra-no-arquivo-publico-destaca-mulheres-que-romperam-barreiras-e-deixaram-legados\/#primaryimage","url":"https:\/\/jornalboasnoticias.com.br\/home\/wp-content\/uploads\/2024\/11\/raizes_paranaenses_foto_rdziura-4092-scaled.jpg","contentUrl":"https:\/\/jornalboasnoticias.com.br\/home\/wp-content\/uploads\/2024\/11\/raizes_paranaenses_foto_rdziura-4092-scaled.jpg","width":2560,"height":1707,"caption":"Foto: Roberto Dziura Jr\/AEN"},{"@type":"BreadcrumbList","@id":"https:\/\/jornalboasnoticias.com.br\/home\/mostra-no-arquivo-publico-destaca-mulheres-que-romperam-barreiras-e-deixaram-legados\/#breadcrumb","itemListElement":[{"@type":"ListItem","position":1,"name":"In\u00edcio","item":"https:\/\/jornalboasnoticias.com.br\/home\/"},{"@type":"ListItem","position":2,"name":"Mostra no Arquivo P\u00fablico destaca mulheres que romperam barreiras e deixaram legados"}]},{"@type":"WebSite","@id":"https:\/\/jornalboasnoticias.com.br\/home\/#website","url":"https:\/\/jornalboasnoticias.com.br\/home\/","name":"Jornal Boas Not\u00edcias","description":"Boas not\u00edcias","publisher":{"@id":"https:\/\/jornalboasnoticias.com.br\/home\/#organization"},"potentialAction":[{"@type":"SearchAction","target":{"@type":"EntryPoint","urlTemplate":"https:\/\/jornalboasnoticias.com.br\/home\/?s={search_term_string}"},"query-input":{"@type":"PropertyValueSpecification","valueRequired":true,"valueName":"search_term_string"}}],"inLanguage":"pt-BR"},{"@type":"Organization","@id":"https:\/\/jornalboasnoticias.com.br\/home\/#organization","name":"Coq Editora Ltda","alternateName":"Jornal Boas Noticias","url":"https:\/\/jornalboasnoticias.com.br\/home\/","logo":{"@type":"ImageObject","inLanguage":"pt-BR","@id":"https:\/\/jornalboasnoticias.com.br\/home\/#\/schema\/logo\/image\/","url":"https:\/\/jornalboasnoticias.com.br\/home\/wp-content\/uploads\/2024\/07\/cropped-logo.jpg","contentUrl":"https:\/\/jornalboasnoticias.com.br\/home\/wp-content\/uploads\/2024\/07\/cropped-logo.jpg","width":290,"height":142,"caption":"Coq Editora Ltda"},"image":{"@id":"https:\/\/jornalboasnoticias.com.br\/home\/#\/schema\/logo\/image\/"},"sameAs":["https:\/\/www.facebook.com\/boasnoticiasjornal"]},{"@type":"Person","@id":"https:\/\/jornalboasnoticias.com.br\/home\/#\/schema\/person\/d641193e0afc6405b390164dac847971","name":"Ana Luiza Bonatto","image":{"@type":"ImageObject","inLanguage":"pt-BR","@id":"https:\/\/secure.gravatar.com\/avatar\/8a055ebe6373371f67ac6fcf313c0ac0b0a91157fdcdb9514fa62927373348f0?s=96&d=mm&r=g","url":"https:\/\/secure.gravatar.com\/avatar\/8a055ebe6373371f67ac6fcf313c0ac0b0a91157fdcdb9514fa62927373348f0?s=96&d=mm&r=g","contentUrl":"https:\/\/secure.gravatar.com\/avatar\/8a055ebe6373371f67ac6fcf313c0ac0b0a91157fdcdb9514fa62927373348f0?s=96&d=mm&r=g","caption":"Ana Luiza Bonatto"},"url":"https:\/\/jornalboasnoticias.com.br\/home\/author\/ana-luiza\/"}]}},"_links":{"self":[{"href":"https:\/\/jornalboasnoticias.com.br\/home\/wp-json\/wp\/v2\/posts\/45852","targetHints":{"allow":["GET"]}}],"collection":[{"href":"https:\/\/jornalboasnoticias.com.br\/home\/wp-json\/wp\/v2\/posts"}],"about":[{"href":"https:\/\/jornalboasnoticias.com.br\/home\/wp-json\/wp\/v2\/types\/post"}],"author":[{"embeddable":true,"href":"https:\/\/jornalboasnoticias.com.br\/home\/wp-json\/wp\/v2\/users\/4"}],"replies":[{"embeddable":true,"href":"https:\/\/jornalboasnoticias.com.br\/home\/wp-json\/wp\/v2\/comments?post=45852"}],"version-history":[{"count":1,"href":"https:\/\/jornalboasnoticias.com.br\/home\/wp-json\/wp\/v2\/posts\/45852\/revisions"}],"predecessor-version":[{"id":45854,"href":"https:\/\/jornalboasnoticias.com.br\/home\/wp-json\/wp\/v2\/posts\/45852\/revisions\/45854"}],"wp:featuredmedia":[{"embeddable":true,"href":"https:\/\/jornalboasnoticias.com.br\/home\/wp-json\/wp\/v2\/media\/45853"}],"wp:attachment":[{"href":"https:\/\/jornalboasnoticias.com.br\/home\/wp-json\/wp\/v2\/media?parent=45852"}],"wp:term":[{"taxonomy":"category","embeddable":true,"href":"https:\/\/jornalboasnoticias.com.br\/home\/wp-json\/wp\/v2\/categories?post=45852"},{"taxonomy":"post_tag","embeddable":true,"href":"https:\/\/jornalboasnoticias.com.br\/home\/wp-json\/wp\/v2\/tags?post=45852"}],"curies":[{"name":"wp","href":"https:\/\/api.w.org\/{rel}","templated":true}]}}