{"id":45849,"date":"2024-11-27T20:44:44","date_gmt":"2024-11-27T20:44:44","guid":{"rendered":"https:\/\/jornalboasnoticias.com.br\/home\/?p=45849"},"modified":"2024-11-27T20:44:44","modified_gmt":"2024-11-27T20:44:44","slug":"governo-propoe-criacao-do-corpo-de-militares-temporarios-para-atividades-administrativas","status":"publish","type":"post","link":"https:\/\/jornalboasnoticias.com.br\/home\/governo-propoe-criacao-do-corpo-de-militares-temporarios-para-atividades-administrativas\/","title":{"rendered":"Governo prop\u00f5e cria\u00e7\u00e3o do Corpo de Militares Tempor\u00e1rios para atividades administrativas"},"content":{"rendered":"<div class=\"not-escopo-destaque\">\n<div>\n<figure id=\"attachment_45850\" aria-describedby=\"caption-attachment-45850\" style=\"width: 2560px\" class=\"wp-caption alignnone\"><img loading=\"lazy\" decoding=\"async\" class=\"size-full wp-image-45850\" src=\"https:\/\/jornalboasnoticias.com.br\/home\/wp-content\/uploads\/2024\/11\/img_0188-scaled.jpg\" alt=\"\" width=\"2560\" height=\"1707\" srcset=\"https:\/\/jornalboasnoticias.com.br\/home\/wp-content\/uploads\/2024\/11\/img_0188-scaled.jpg 2560w, https:\/\/jornalboasnoticias.com.br\/home\/wp-content\/uploads\/2024\/11\/img_0188-300x200.jpg 300w, https:\/\/jornalboasnoticias.com.br\/home\/wp-content\/uploads\/2024\/11\/img_0188-1024x683.jpg 1024w, https:\/\/jornalboasnoticias.com.br\/home\/wp-content\/uploads\/2024\/11\/img_0188-768x512.jpg 768w, https:\/\/jornalboasnoticias.com.br\/home\/wp-content\/uploads\/2024\/11\/img_0188-1536x1024.jpg 1536w, https:\/\/jornalboasnoticias.com.br\/home\/wp-content\/uploads\/2024\/11\/img_0188-2048x1365.jpg 2048w, https:\/\/jornalboasnoticias.com.br\/home\/wp-content\/uploads\/2024\/11\/img_0188-900x600.jpg 900w\" sizes=\"auto, (max-width: 2560px) 100vw, 2560px\" \/><figcaption id=\"caption-attachment-45850\" class=\"wp-caption-text\">Foto: Ismael Ponchio\/PMPR<\/figcaption><\/figure>\n<\/div>\n<\/div>\n<blockquote>\n<div class=\"not-escopo-destaque\">\n<div class=\"field field--name-field-escopo-destaque field--type-string-long field--label-hidden field--item\">Proposta \u00e9 de que a Pol\u00edcia Militar e o Corpo de Bombeiros contratem profissionais em car\u00e1ter tempor\u00e1rio para atividades administrativas e da \u00e1rea da sa\u00fade. A atua\u00e7\u00e3o deve funcionar de forma semelhante ao Servi\u00e7o Militar Tempor\u00e1rio das For\u00e7as Armadas.<\/div>\n<\/div>\n<\/blockquote>\n<div>\n<div class=\"row\">\n<div class=\"col-sm-8 col-md-offset-1 bloco-central\">\n<article class=\"node node--type-noticia node--promoted node--view-mode-full clearfix\" role=\"article\" data-history-node-id=\"70227\">\n<div class=\"node__content clearfix\">\n<div class=\"field field--name-field-texto field--type-text-long field--label-hidden field--item\">\n<p>O governador Carlos Massa Ratinho Junior enviou nesta quarta-feira (27) \u00e0 Assembleia Legislativa do Paran\u00e1 o\u00a0<span class=\"embedded-entity\" title=\"projeto de lei\" data-embed-button=\"midia_embarcada\" data-entity-embed-display=\"view_mode:media.midia_anexada_em_outro_node\" data-entity-embed-display-settings=\"projeto de lei\" data-entity-type=\"media\" data-entity-uuid=\"7055a2d2-6204-4c7d-9b00-ec606025d9d2\" data-langcode=\"pt-br\"><a class=\"0\" href=\"https:\/\/www.aen.pr.gov.br\/sites\/default\/arquivos_restritos\/files\/documento\/2024-11\/82_-_21.408.349-3_-_corpo_de_militares_temporarios.pdf\" target=\"_blank\" rel=\"nofollow noopener\" type=\"application\/pdf; length=330327\">projeto de lei<\/a>\u00a0<\/span>que prev\u00ea a cria\u00e7\u00e3o do Corpo de Militares Tempor\u00e1rios, que vai atuar junto \u00e0 Pol\u00edcia Militar do Paran\u00e1 (PMPR) e ao Corpo de Bombeiros Militar do Paran\u00e1 (CBMPR). Os profissionais ser\u00e3o contratados em car\u00e1ter tempor\u00e1rio para exercer atividades administrativas internas e relacionadas \u00e0 \u00e1rea da sa\u00fade.<\/p>\n<p>A atua\u00e7\u00e3o do Corpo de Militares deve funcionar de forma semelhante ao Servi\u00e7o Militar Tempor\u00e1rio das For\u00e7as Armadas, contratando oficiais (2\u00ba tenentes) e pra\u00e7as (soldados) por um per\u00edodo de dois anos, prorrog\u00e1vel por iguais per\u00edodos, sem exceder oito anos de contrato. O n\u00famero de vagas ainda ser\u00e1 definido e a contrata\u00e7\u00e3o ser\u00e1 por Processo Seletivo Simplificado (PSS).<\/p>\n<p>Com a proposta, militares estaduais que hoje desempenham esse tipo de servi\u00e7o ser\u00e3o realocados nas atividades-fins das duas corpora\u00e7\u00f5es, o que vai refletir em uma maior efetividade nos servi\u00e7os prestados \u00e0 popula\u00e7\u00e3o paranaense. Eles devem retornar \u00e0s miss\u00f5es institucionais de seguran\u00e7a e preserva\u00e7\u00e3o da ordem p\u00fablica, de defesa civil, de preven\u00e7\u00e3o e combate a inc\u00eandios e desastres, entre outras.<\/p>\n<p>\u201c\u00c9 mais uma forma de modernizar e otimizar o servi\u00e7o p\u00fablico para prestar um trabalho de qualidade \u00e0 popula\u00e7\u00e3o. Estamos liberando nossos policiais e bombeiros para as atividades que eles est\u00e3o preparados para cumprir, refor\u00e7ando a seguran\u00e7a em todo o Paran\u00e1\u201d, afirmou Ratinho Junior.<\/p>\n<p>Al\u00e9m disso, a medida tamb\u00e9m vai permitir a incorpora\u00e7\u00e3o de profissionais especializados, em \u00e1reas como Direito, Contabilidade, Engenharia, Medicina e Odontologia. A ideia \u00e9 fortalecer e modernizar as estruturas da PMPR e do CBMPR, sem acarretar no aumento de despesas e tamb\u00e9m reduzindo eventuais impactos no sistema previdenci\u00e1rio estadual.<\/p>\n<p>O secret\u00e1rio da Seguran\u00e7a P\u00fablica, Hudson Le\u00f4ncio Teixeira, destacou os benef\u00edcios do projeto para a sociedade. \u201cA cria\u00e7\u00e3o do Corpo de Militares Tempor\u00e1rios permitir\u00e1 uma gest\u00e3o mais eficiente dos recursos humanos, com a realoca\u00e7\u00e3o de policiais militares e bombeiros militares de carreira para fun\u00e7\u00f5es estrat\u00e9gicas, enquanto profissionais qualificados refor\u00e7am as \u00e1reas administrativa e de sa\u00fade. Isso vai garantir servi\u00e7os mais \u00e1geis e eficazes para a popula\u00e7\u00e3o, fortalecendo a seguran\u00e7a p\u00fablica e o atendimento emergencial, tudo com responsabilidade fiscal\u201d, afirmou.<\/p>\n<p><strong>CURSO PREPARAT\u00d3RIO\u00a0<\/strong>\u2013<strong>\u00a0<\/strong>Os aprovados no processo seletivo v\u00e3o passar por um curso preparat\u00f3rio para cumprir suas atividades, com capacita\u00e7\u00f5es espec\u00edficas para oficiais, com carga hor\u00e1ria m\u00ednima de 360 horas-aula, e pra\u00e7as, de pelo menos 240 horas-aula. Eles n\u00e3o ser\u00e3o incorporados \u00e0 carreira militar, o que significa que n\u00e3o ir\u00e3o adquirir os direitos e prerrogativas dos oficiais e pra\u00e7as de carreira.<\/p>\n<p>O processo seletivo ser\u00e1 aberto a profissionais com idade entre 18 e 35 anos no ato de inscri\u00e7\u00e3o. Para ser contratado, ele tamb\u00e9m n\u00e3o pode ter sido demitido ou exonerado do servi\u00e7o p\u00fablico, nem ter sido submetido a processo administrativo disciplinar ou ainda n\u00e3o ser integrante da reserva remunerada ou reformado de outra corpora\u00e7\u00e3o ou for\u00e7a militar, al\u00e9m de outras quest\u00f5es previstas no texto.<\/p>\n<\/div>\n<\/div>\n<\/article>\n<\/div>\n<\/div>\n<div class=\"row\">\n<div class=\"col-sm-12\">\n<div id=\"medias\">\n<h3>AEN<\/h3>\n<\/div>\n<\/div>\n<\/div>\n<\/div>\n","protected":false},"excerpt":{"rendered":"<p>Proposta \u00e9 de que a Pol\u00edcia Militar e o Corpo de Bombeiros contratem profissionais em<\/p>\n","protected":false},"author":4,"featured_media":45850,"comment_status":"open","ping_status":"open","sticky":false,"template":"","format":"standard","meta":{"footnotes":""},"categories":[3,4],"tags":[],"class_list":["post-45849","post","type-post","status-publish","format-standard","has-post-thumbnail","hentry","category-destaques","category-parana"],"yoast_head":"<!-- This site is optimized with the Yoast SEO plugin v27.5 - https:\/\/yoast.com\/product\/yoast-seo-wordpress\/ -->\n<title>Governo prop\u00f5e cria\u00e7\u00e3o do Corpo de Militares Tempor\u00e1rios para atividades administrativas - Jornal<\/title>\n<meta name=\"description\" content=\"Governo prop\u00f5e cria\u00e7\u00e3o do Corpo de Militares Tempor\u00e1rios para atividades administrativas\" \/>\n<meta name=\"robots\" content=\"index, follow, max-snippet:-1, max-image-preview:large, max-video-preview:-1\" \/>\n<link rel=\"canonical\" href=\"https:\/\/jornalboasnoticias.com.br\/home\/governo-propoe-criacao-do-corpo-de-militares-temporarios-para-atividades-administrativas\/\" \/>\n<meta property=\"og:locale\" content=\"pt_BR\" \/>\n<meta property=\"og:type\" content=\"article\" \/>\n<meta property=\"og:title\" content=\"Governo prop\u00f5e cria\u00e7\u00e3o do Corpo de Militares Tempor\u00e1rios para atividades administrativas - Jornal\" \/>\n<meta property=\"og:description\" content=\"Governo prop\u00f5e cria\u00e7\u00e3o do Corpo de Militares Tempor\u00e1rios para atividades administrativas\" \/>\n<meta property=\"og:url\" content=\"https:\/\/jornalboasnoticias.com.br\/home\/governo-propoe-criacao-do-corpo-de-militares-temporarios-para-atividades-administrativas\/\" \/>\n<meta property=\"og:site_name\" content=\"Jornal\" \/>\n<meta property=\"article:publisher\" content=\"https:\/\/www.facebook.com\/boasnoticiasjornal\" \/>\n<meta property=\"article:published_time\" content=\"2024-11-27T20:44:44+00:00\" \/>\n<meta property=\"og:image\" content=\"https:\/\/jornalboasnoticias.com.br\/home\/wp-content\/uploads\/2024\/11\/img_0188-scaled.jpg\" \/>\n\t<meta property=\"og:image:width\" content=\"2560\" \/>\n\t<meta property=\"og:image:height\" content=\"1707\" \/>\n\t<meta property=\"og:image:type\" content=\"image\/jpeg\" \/>\n<meta name=\"author\" content=\"Ana Luiza Bonatto\" \/>\n<meta name=\"twitter:card\" content=\"summary_large_image\" \/>\n<meta name=\"twitter:label1\" content=\"Escrito por\" \/>\n\t<meta name=\"twitter:data1\" content=\"Ana Luiza Bonatto\" \/>\n\t<meta name=\"twitter:label2\" content=\"Est. tempo de leitura\" \/>\n\t<meta name=\"twitter:data2\" content=\"3 minutos\" \/>\n<script type=\"application\/ld+json\" class=\"yoast-schema-graph\">{\"@context\":\"https:\\\/\\\/schema.org\",\"@graph\":[{\"@type\":\"Article\",\"@id\":\"https:\\\/\\\/jornalboasnoticias.com.br\\\/home\\\/governo-propoe-criacao-do-corpo-de-militares-temporarios-para-atividades-administrativas\\\/#article\",\"isPartOf\":{\"@id\":\"https:\\\/\\\/jornalboasnoticias.com.br\\\/home\\\/governo-propoe-criacao-do-corpo-de-militares-temporarios-para-atividades-administrativas\\\/\"},\"author\":{\"name\":\"Ana Luiza Bonatto\",\"@id\":\"https:\\\/\\\/jornalboasnoticias.com.br\\\/home\\\/#\\\/schema\\\/person\\\/d641193e0afc6405b390164dac847971\"},\"headline\":\"Governo prop\u00f5e cria\u00e7\u00e3o do Corpo de Militares Tempor\u00e1rios para atividades administrativas\",\"datePublished\":\"2024-11-27T20:44:44+00:00\",\"mainEntityOfPage\":{\"@id\":\"https:\\\/\\\/jornalboasnoticias.com.br\\\/home\\\/governo-propoe-criacao-do-corpo-de-militares-temporarios-para-atividades-administrativas\\\/\"},\"wordCount\":614,\"commentCount\":0,\"publisher\":{\"@id\":\"https:\\\/\\\/jornalboasnoticias.com.br\\\/home\\\/#organization\"},\"image\":{\"@id\":\"https:\\\/\\\/jornalboasnoticias.com.br\\\/home\\\/governo-propoe-criacao-do-corpo-de-militares-temporarios-para-atividades-administrativas\\\/#primaryimage\"},\"thumbnailUrl\":\"https:\\\/\\\/jornalboasnoticias.com.br\\\/home\\\/wp-content\\\/uploads\\\/2024\\\/11\\\/img_0188-scaled.jpg\",\"articleSection\":[\"DESTAQUE\",\"PARAN\u00c1\"],\"inLanguage\":\"pt-BR\",\"potentialAction\":[{\"@type\":\"CommentAction\",\"name\":\"Comment\",\"target\":[\"https:\\\/\\\/jornalboasnoticias.com.br\\\/home\\\/governo-propoe-criacao-do-corpo-de-militares-temporarios-para-atividades-administrativas\\\/#respond\"]}]},{\"@type\":\"WebPage\",\"@id\":\"https:\\\/\\\/jornalboasnoticias.com.br\\\/home\\\/governo-propoe-criacao-do-corpo-de-militares-temporarios-para-atividades-administrativas\\\/\",\"url\":\"https:\\\/\\\/jornalboasnoticias.com.br\\\/home\\\/governo-propoe-criacao-do-corpo-de-militares-temporarios-para-atividades-administrativas\\\/\",\"name\":\"Governo prop\u00f5e cria\u00e7\u00e3o do Corpo de Militares Tempor\u00e1rios para atividades administrativas - Jornal\",\"isPartOf\":{\"@id\":\"https:\\\/\\\/jornalboasnoticias.com.br\\\/home\\\/#website\"},\"primaryImageOfPage\":{\"@id\":\"https:\\\/\\\/jornalboasnoticias.com.br\\\/home\\\/governo-propoe-criacao-do-corpo-de-militares-temporarios-para-atividades-administrativas\\\/#primaryimage\"},\"image\":{\"@id\":\"https:\\\/\\\/jornalboasnoticias.com.br\\\/home\\\/governo-propoe-criacao-do-corpo-de-militares-temporarios-para-atividades-administrativas\\\/#primaryimage\"},\"thumbnailUrl\":\"https:\\\/\\\/jornalboasnoticias.com.br\\\/home\\\/wp-content\\\/uploads\\\/2024\\\/11\\\/img_0188-scaled.jpg\",\"datePublished\":\"2024-11-27T20:44:44+00:00\",\"description\":\"Governo prop\u00f5e cria\u00e7\u00e3o do Corpo de Militares Tempor\u00e1rios para atividades administrativas\",\"breadcrumb\":{\"@id\":\"https:\\\/\\\/jornalboasnoticias.com.br\\\/home\\\/governo-propoe-criacao-do-corpo-de-militares-temporarios-para-atividades-administrativas\\\/#breadcrumb\"},\"inLanguage\":\"pt-BR\",\"potentialAction\":[{\"@type\":\"ReadAction\",\"target\":[\"https:\\\/\\\/jornalboasnoticias.com.br\\\/home\\\/governo-propoe-criacao-do-corpo-de-militares-temporarios-para-atividades-administrativas\\\/\"]}]},{\"@type\":\"ImageObject\",\"inLanguage\":\"pt-BR\",\"@id\":\"https:\\\/\\\/jornalboasnoticias.com.br\\\/home\\\/governo-propoe-criacao-do-corpo-de-militares-temporarios-para-atividades-administrativas\\\/#primaryimage\",\"url\":\"https:\\\/\\\/jornalboasnoticias.com.br\\\/home\\\/wp-content\\\/uploads\\\/2024\\\/11\\\/img_0188-scaled.jpg\",\"contentUrl\":\"https:\\\/\\\/jornalboasnoticias.com.br\\\/home\\\/wp-content\\\/uploads\\\/2024\\\/11\\\/img_0188-scaled.jpg\",\"width\":2560,\"height\":1707,\"caption\":\"Foto: Ismael Ponchio\\\/PMPR\"},{\"@type\":\"BreadcrumbList\",\"@id\":\"https:\\\/\\\/jornalboasnoticias.com.br\\\/home\\\/governo-propoe-criacao-do-corpo-de-militares-temporarios-para-atividades-administrativas\\\/#breadcrumb\",\"itemListElement\":[{\"@type\":\"ListItem\",\"position\":1,\"name\":\"In\u00edcio\",\"item\":\"https:\\\/\\\/jornalboasnoticias.com.br\\\/home\\\/\"},{\"@type\":\"ListItem\",\"position\":2,\"name\":\"Governo prop\u00f5e cria\u00e7\u00e3o do Corpo de Militares Tempor\u00e1rios para atividades administrativas\"}]},{\"@type\":\"WebSite\",\"@id\":\"https:\\\/\\\/jornalboasnoticias.com.br\\\/home\\\/#website\",\"url\":\"https:\\\/\\\/jornalboasnoticias.com.br\\\/home\\\/\",\"name\":\"Jornal Boas Not\u00edcias\",\"description\":\"Boas not\u00edcias\",\"publisher\":{\"@id\":\"https:\\\/\\\/jornalboasnoticias.com.br\\\/home\\\/#organization\"},\"potentialAction\":[{\"@type\":\"SearchAction\",\"target\":{\"@type\":\"EntryPoint\",\"urlTemplate\":\"https:\\\/\\\/jornalboasnoticias.com.br\\\/home\\\/?s={search_term_string}\"},\"query-input\":{\"@type\":\"PropertyValueSpecification\",\"valueRequired\":true,\"valueName\":\"search_term_string\"}}],\"inLanguage\":\"pt-BR\"},{\"@type\":\"Organization\",\"@id\":\"https:\\\/\\\/jornalboasnoticias.com.br\\\/home\\\/#organization\",\"name\":\"Coq Editora Ltda\",\"alternateName\":\"Jornal Boas Noticias\",\"url\":\"https:\\\/\\\/jornalboasnoticias.com.br\\\/home\\\/\",\"logo\":{\"@type\":\"ImageObject\",\"inLanguage\":\"pt-BR\",\"@id\":\"https:\\\/\\\/jornalboasnoticias.com.br\\\/home\\\/#\\\/schema\\\/logo\\\/image\\\/\",\"url\":\"https:\\\/\\\/jornalboasnoticias.com.br\\\/home\\\/wp-content\\\/uploads\\\/2024\\\/07\\\/cropped-logo.jpg\",\"contentUrl\":\"https:\\\/\\\/jornalboasnoticias.com.br\\\/home\\\/wp-content\\\/uploads\\\/2024\\\/07\\\/cropped-logo.jpg\",\"width\":290,\"height\":142,\"caption\":\"Coq Editora Ltda\"},\"image\":{\"@id\":\"https:\\\/\\\/jornalboasnoticias.com.br\\\/home\\\/#\\\/schema\\\/logo\\\/image\\\/\"},\"sameAs\":[\"https:\\\/\\\/www.facebook.com\\\/boasnoticiasjornal\"]},{\"@type\":\"Person\",\"@id\":\"https:\\\/\\\/jornalboasnoticias.com.br\\\/home\\\/#\\\/schema\\\/person\\\/d641193e0afc6405b390164dac847971\",\"name\":\"Ana Luiza Bonatto\",\"image\":{\"@type\":\"ImageObject\",\"inLanguage\":\"pt-BR\",\"@id\":\"https:\\\/\\\/secure.gravatar.com\\\/avatar\\\/8a055ebe6373371f67ac6fcf313c0ac0b0a91157fdcdb9514fa62927373348f0?s=96&d=mm&r=g\",\"url\":\"https:\\\/\\\/secure.gravatar.com\\\/avatar\\\/8a055ebe6373371f67ac6fcf313c0ac0b0a91157fdcdb9514fa62927373348f0?s=96&d=mm&r=g\",\"contentUrl\":\"https:\\\/\\\/secure.gravatar.com\\\/avatar\\\/8a055ebe6373371f67ac6fcf313c0ac0b0a91157fdcdb9514fa62927373348f0?s=96&d=mm&r=g\",\"caption\":\"Ana Luiza Bonatto\"},\"url\":\"https:\\\/\\\/jornalboasnoticias.com.br\\\/home\\\/author\\\/ana-luiza\\\/\"}]}<\/script>\n<!-- \/ Yoast SEO plugin. -->","yoast_head_json":{"title":"Governo prop\u00f5e cria\u00e7\u00e3o do Corpo de Militares Tempor\u00e1rios para atividades administrativas - Jornal","description":"Governo prop\u00f5e cria\u00e7\u00e3o do Corpo de Militares Tempor\u00e1rios para atividades administrativas","robots":{"index":"index","follow":"follow","max-snippet":"max-snippet:-1","max-image-preview":"max-image-preview:large","max-video-preview":"max-video-preview:-1"},"canonical":"https:\/\/jornalboasnoticias.com.br\/home\/governo-propoe-criacao-do-corpo-de-militares-temporarios-para-atividades-administrativas\/","og_locale":"pt_BR","og_type":"article","og_title":"Governo prop\u00f5e cria\u00e7\u00e3o do Corpo de Militares Tempor\u00e1rios para atividades administrativas - Jornal","og_description":"Governo prop\u00f5e cria\u00e7\u00e3o do Corpo de Militares Tempor\u00e1rios para atividades administrativas","og_url":"https:\/\/jornalboasnoticias.com.br\/home\/governo-propoe-criacao-do-corpo-de-militares-temporarios-para-atividades-administrativas\/","og_site_name":"Jornal","article_publisher":"https:\/\/www.facebook.com\/boasnoticiasjornal","article_published_time":"2024-11-27T20:44:44+00:00","og_image":[{"width":2560,"height":1707,"url":"https:\/\/jornalboasnoticias.com.br\/home\/wp-content\/uploads\/2024\/11\/img_0188-scaled.jpg","type":"image\/jpeg"}],"author":"Ana Luiza Bonatto","twitter_card":"summary_large_image","twitter_misc":{"Escrito por":"Ana Luiza Bonatto","Est. tempo de leitura":"3 minutos"},"schema":{"@context":"https:\/\/schema.org","@graph":[{"@type":"Article","@id":"https:\/\/jornalboasnoticias.com.br\/home\/governo-propoe-criacao-do-corpo-de-militares-temporarios-para-atividades-administrativas\/#article","isPartOf":{"@id":"https:\/\/jornalboasnoticias.com.br\/home\/governo-propoe-criacao-do-corpo-de-militares-temporarios-para-atividades-administrativas\/"},"author":{"name":"Ana Luiza Bonatto","@id":"https:\/\/jornalboasnoticias.com.br\/home\/#\/schema\/person\/d641193e0afc6405b390164dac847971"},"headline":"Governo prop\u00f5e cria\u00e7\u00e3o do Corpo de Militares Tempor\u00e1rios para atividades administrativas","datePublished":"2024-11-27T20:44:44+00:00","mainEntityOfPage":{"@id":"https:\/\/jornalboasnoticias.com.br\/home\/governo-propoe-criacao-do-corpo-de-militares-temporarios-para-atividades-administrativas\/"},"wordCount":614,"commentCount":0,"publisher":{"@id":"https:\/\/jornalboasnoticias.com.br\/home\/#organization"},"image":{"@id":"https:\/\/jornalboasnoticias.com.br\/home\/governo-propoe-criacao-do-corpo-de-militares-temporarios-para-atividades-administrativas\/#primaryimage"},"thumbnailUrl":"https:\/\/jornalboasnoticias.com.br\/home\/wp-content\/uploads\/2024\/11\/img_0188-scaled.jpg","articleSection":["DESTAQUE","PARAN\u00c1"],"inLanguage":"pt-BR","potentialAction":[{"@type":"CommentAction","name":"Comment","target":["https:\/\/jornalboasnoticias.com.br\/home\/governo-propoe-criacao-do-corpo-de-militares-temporarios-para-atividades-administrativas\/#respond"]}]},{"@type":"WebPage","@id":"https:\/\/jornalboasnoticias.com.br\/home\/governo-propoe-criacao-do-corpo-de-militares-temporarios-para-atividades-administrativas\/","url":"https:\/\/jornalboasnoticias.com.br\/home\/governo-propoe-criacao-do-corpo-de-militares-temporarios-para-atividades-administrativas\/","name":"Governo prop\u00f5e cria\u00e7\u00e3o do Corpo de Militares Tempor\u00e1rios para atividades administrativas - Jornal","isPartOf":{"@id":"https:\/\/jornalboasnoticias.com.br\/home\/#website"},"primaryImageOfPage":{"@id":"https:\/\/jornalboasnoticias.com.br\/home\/governo-propoe-criacao-do-corpo-de-militares-temporarios-para-atividades-administrativas\/#primaryimage"},"image":{"@id":"https:\/\/jornalboasnoticias.com.br\/home\/governo-propoe-criacao-do-corpo-de-militares-temporarios-para-atividades-administrativas\/#primaryimage"},"thumbnailUrl":"https:\/\/jornalboasnoticias.com.br\/home\/wp-content\/uploads\/2024\/11\/img_0188-scaled.jpg","datePublished":"2024-11-27T20:44:44+00:00","description":"Governo prop\u00f5e cria\u00e7\u00e3o do Corpo de Militares Tempor\u00e1rios para atividades administrativas","breadcrumb":{"@id":"https:\/\/jornalboasnoticias.com.br\/home\/governo-propoe-criacao-do-corpo-de-militares-temporarios-para-atividades-administrativas\/#breadcrumb"},"inLanguage":"pt-BR","potentialAction":[{"@type":"ReadAction","target":["https:\/\/jornalboasnoticias.com.br\/home\/governo-propoe-criacao-do-corpo-de-militares-temporarios-para-atividades-administrativas\/"]}]},{"@type":"ImageObject","inLanguage":"pt-BR","@id":"https:\/\/jornalboasnoticias.com.br\/home\/governo-propoe-criacao-do-corpo-de-militares-temporarios-para-atividades-administrativas\/#primaryimage","url":"https:\/\/jornalboasnoticias.com.br\/home\/wp-content\/uploads\/2024\/11\/img_0188-scaled.jpg","contentUrl":"https:\/\/jornalboasnoticias.com.br\/home\/wp-content\/uploads\/2024\/11\/img_0188-scaled.jpg","width":2560,"height":1707,"caption":"Foto: Ismael Ponchio\/PMPR"},{"@type":"BreadcrumbList","@id":"https:\/\/jornalboasnoticias.com.br\/home\/governo-propoe-criacao-do-corpo-de-militares-temporarios-para-atividades-administrativas\/#breadcrumb","itemListElement":[{"@type":"ListItem","position":1,"name":"In\u00edcio","item":"https:\/\/jornalboasnoticias.com.br\/home\/"},{"@type":"ListItem","position":2,"name":"Governo prop\u00f5e cria\u00e7\u00e3o do Corpo de Militares Tempor\u00e1rios para atividades administrativas"}]},{"@type":"WebSite","@id":"https:\/\/jornalboasnoticias.com.br\/home\/#website","url":"https:\/\/jornalboasnoticias.com.br\/home\/","name":"Jornal Boas Not\u00edcias","description":"Boas not\u00edcias","publisher":{"@id":"https:\/\/jornalboasnoticias.com.br\/home\/#organization"},"potentialAction":[{"@type":"SearchAction","target":{"@type":"EntryPoint","urlTemplate":"https:\/\/jornalboasnoticias.com.br\/home\/?s={search_term_string}"},"query-input":{"@type":"PropertyValueSpecification","valueRequired":true,"valueName":"search_term_string"}}],"inLanguage":"pt-BR"},{"@type":"Organization","@id":"https:\/\/jornalboasnoticias.com.br\/home\/#organization","name":"Coq Editora Ltda","alternateName":"Jornal Boas Noticias","url":"https:\/\/jornalboasnoticias.com.br\/home\/","logo":{"@type":"ImageObject","inLanguage":"pt-BR","@id":"https:\/\/jornalboasnoticias.com.br\/home\/#\/schema\/logo\/image\/","url":"https:\/\/jornalboasnoticias.com.br\/home\/wp-content\/uploads\/2024\/07\/cropped-logo.jpg","contentUrl":"https:\/\/jornalboasnoticias.com.br\/home\/wp-content\/uploads\/2024\/07\/cropped-logo.jpg","width":290,"height":142,"caption":"Coq Editora Ltda"},"image":{"@id":"https:\/\/jornalboasnoticias.com.br\/home\/#\/schema\/logo\/image\/"},"sameAs":["https:\/\/www.facebook.com\/boasnoticiasjornal"]},{"@type":"Person","@id":"https:\/\/jornalboasnoticias.com.br\/home\/#\/schema\/person\/d641193e0afc6405b390164dac847971","name":"Ana Luiza Bonatto","image":{"@type":"ImageObject","inLanguage":"pt-BR","@id":"https:\/\/secure.gravatar.com\/avatar\/8a055ebe6373371f67ac6fcf313c0ac0b0a91157fdcdb9514fa62927373348f0?s=96&d=mm&r=g","url":"https:\/\/secure.gravatar.com\/avatar\/8a055ebe6373371f67ac6fcf313c0ac0b0a91157fdcdb9514fa62927373348f0?s=96&d=mm&r=g","contentUrl":"https:\/\/secure.gravatar.com\/avatar\/8a055ebe6373371f67ac6fcf313c0ac0b0a91157fdcdb9514fa62927373348f0?s=96&d=mm&r=g","caption":"Ana Luiza Bonatto"},"url":"https:\/\/jornalboasnoticias.com.br\/home\/author\/ana-luiza\/"}]}},"_links":{"self":[{"href":"https:\/\/jornalboasnoticias.com.br\/home\/wp-json\/wp\/v2\/posts\/45849","targetHints":{"allow":["GET"]}}],"collection":[{"href":"https:\/\/jornalboasnoticias.com.br\/home\/wp-json\/wp\/v2\/posts"}],"about":[{"href":"https:\/\/jornalboasnoticias.com.br\/home\/wp-json\/wp\/v2\/types\/post"}],"author":[{"embeddable":true,"href":"https:\/\/jornalboasnoticias.com.br\/home\/wp-json\/wp\/v2\/users\/4"}],"replies":[{"embeddable":true,"href":"https:\/\/jornalboasnoticias.com.br\/home\/wp-json\/wp\/v2\/comments?post=45849"}],"version-history":[{"count":1,"href":"https:\/\/jornalboasnoticias.com.br\/home\/wp-json\/wp\/v2\/posts\/45849\/revisions"}],"predecessor-version":[{"id":45851,"href":"https:\/\/jornalboasnoticias.com.br\/home\/wp-json\/wp\/v2\/posts\/45849\/revisions\/45851"}],"wp:featuredmedia":[{"embeddable":true,"href":"https:\/\/jornalboasnoticias.com.br\/home\/wp-json\/wp\/v2\/media\/45850"}],"wp:attachment":[{"href":"https:\/\/jornalboasnoticias.com.br\/home\/wp-json\/wp\/v2\/media?parent=45849"}],"wp:term":[{"taxonomy":"category","embeddable":true,"href":"https:\/\/jornalboasnoticias.com.br\/home\/wp-json\/wp\/v2\/categories?post=45849"},{"taxonomy":"post_tag","embeddable":true,"href":"https:\/\/jornalboasnoticias.com.br\/home\/wp-json\/wp\/v2\/tags?post=45849"}],"curies":[{"name":"wp","href":"https:\/\/api.w.org\/{rel}","templated":true}]}}