{"id":45846,"date":"2024-11-27T20:42:51","date_gmt":"2024-11-27T20:42:51","guid":{"rendered":"https:\/\/jornalboasnoticias.com.br\/home\/?p=45846"},"modified":"2024-11-27T20:42:51","modified_gmt":"2024-11-27T20:42:51","slug":"estado-defende-proposta-de-mudanca-no-calendario-de-vazio-sanitario-para-a-regiao-sudoeste","status":"publish","type":"post","link":"https:\/\/jornalboasnoticias.com.br\/home\/estado-defende-proposta-de-mudanca-no-calendario-de-vazio-sanitario-para-a-regiao-sudoeste\/","title":{"rendered":"Estado defende proposta de mudan\u00e7a no calend\u00e1rio de vazio sanit\u00e1rio para a regi\u00e3o Sudoeste"},"content":{"rendered":"<div class=\"not-escopo-destaque\">\n<div>\n<figure id=\"attachment_45847\" aria-describedby=\"caption-attachment-45847\" style=\"width: 1600px\" class=\"wp-caption alignnone\"><img loading=\"lazy\" decoding=\"async\" class=\"size-full wp-image-45847\" src=\"https:\/\/jornalboasnoticias.com.br\/home\/wp-content\/uploads\/2024\/11\/whatsapp_image_2024-11-27_at_16.20.53_1.jpg\" alt=\"\" width=\"1600\" height=\"1067\" srcset=\"https:\/\/jornalboasnoticias.com.br\/home\/wp-content\/uploads\/2024\/11\/whatsapp_image_2024-11-27_at_16.20.53_1.jpg 1600w, https:\/\/jornalboasnoticias.com.br\/home\/wp-content\/uploads\/2024\/11\/whatsapp_image_2024-11-27_at_16.20.53_1-300x200.jpg 300w, https:\/\/jornalboasnoticias.com.br\/home\/wp-content\/uploads\/2024\/11\/whatsapp_image_2024-11-27_at_16.20.53_1-1024x683.jpg 1024w, https:\/\/jornalboasnoticias.com.br\/home\/wp-content\/uploads\/2024\/11\/whatsapp_image_2024-11-27_at_16.20.53_1-768x512.jpg 768w, https:\/\/jornalboasnoticias.com.br\/home\/wp-content\/uploads\/2024\/11\/whatsapp_image_2024-11-27_at_16.20.53_1-1536x1024.jpg 1536w, https:\/\/jornalboasnoticias.com.br\/home\/wp-content\/uploads\/2024\/11\/whatsapp_image_2024-11-27_at_16.20.53_1-900x600.jpg 900w\" sizes=\"auto, (max-width: 1600px) 100vw, 1600px\" \/><figcaption id=\"caption-attachment-45847\" class=\"wp-caption-text\">Foto: Alanis Barbosa\/SEAB<\/figcaption><\/figure>\n<\/div>\n<\/div>\n<blockquote>\n<div class=\"not-escopo-destaque\">\n<div class=\"field field--name-field-escopo-destaque field--type-string-long field--label-hidden field--item\">Os munic\u00edpios do Sudoeste do Estado s\u00e3o classificados como Regi\u00e3o 3, que \u00e9 a \u00faltima das tr\u00eas regi\u00f5es a iniciar o per\u00edodo do vazio sanit\u00e1rio. Se a proposta for aceita, a Regi\u00e3o 3 iniciar\u00e1 o per\u00edodo em 10 de junho de 2025 e terminar\u00e1 em 10 de setembro do mesmo ano.\u00a0A proposta deve ser enviada para avalia\u00e7\u00e3o do Minist\u00e9rio da Agricultura e Pecu\u00e1ria (Mapa).<\/div>\n<\/div>\n<\/blockquote>\n<div>\n<p>Um f\u00f3rum promovido pela Ag\u00eancia de Defesa Agropecu\u00e1ria do Paran\u00e1 (Adapar) na manh\u00e3 desta quarta-feira (28) no audit\u00f3rio do Sistema-Faep, em Curitiba, concluiu que \u00e9 necess\u00e1rio para a defesa agropecu\u00e1ria e conveniente para os produtores antecipar em doze dias o per\u00edodo de vazio sanit\u00e1rio na regi\u00e3o Sudoeste do Paran\u00e1.<\/p>\n<p>O secret\u00e1rio de Estado da Agricultura e do Abastecimento, Natalino Avance de Souza, participou da abertura do encontro, destacando a import\u00e2ncia de os agricultores seguirem as orienta\u00e7\u00f5es t\u00e9cnicas. \u201cUm Estado importante como o Paran\u00e1 no setor agr\u00edcola e com uma diversidade de clima precisa dessa aten\u00e7\u00e3o diferenciada por parte de todos\u201d, disse.<\/p>\n<p>Os munic\u00edpios do Sudoeste do Estado s\u00e3o classificados como Regi\u00e3o 3, que \u00e9 a \u00faltima das tr\u00eas regi\u00f5es a iniciar o per\u00edodo do vazio sanit\u00e1rio. Se a proposta for aceita, a Regi\u00e3o 3 iniciar\u00e1 o per\u00edodo em 10 de junho de 2025 e terminar\u00e1 em 10 de setembro do mesmo ano.\u00a0A proposta deve ser enviada para avalia\u00e7\u00e3o do Minist\u00e9rio da Agricultura e Pecu\u00e1ria (Mapa) at\u00e9 31 de janeiro de 2025, a quem cabe a aprova\u00e7\u00e3o.<\/p>\n<p>Durante o vazio sanit\u00e1rio n\u00e3o \u00e9 permitido cultivar ou manter plantas vivas de soja no campo, com o objetivo de que ela n\u00e3o se torne hospedeira do fungo<em>\u00a0Phakopsora pachyrhizi<\/em>. Devido \u00e0 severidade do ataque, dissemina\u00e7\u00e3o, custos de controle e o potencial de redu\u00e7\u00e3o de produtividade da lavoura, \u00e9 considerada a principal doen\u00e7a da soja.<\/p>\n<p>A Adapar \u00e9 a respons\u00e1vel pela fiscaliza\u00e7\u00e3o no territ\u00f3rio paranaense e tem a miss\u00e3o de responsabilizar e aplicar as penalidades previstas em legisla\u00e7\u00e3o para os produtores que n\u00e3o fizerem a erradica\u00e7\u00e3o das plantas vivas de soja durante o per\u00edodo do vazio sanit\u00e1rio.<\/p>\n<p><strong>EVENTO\u00a0<\/strong>\u2013\u00a0Organizado em parceria com o Sistema Faep\/Senar-PR e o Sistema Ocepar, o f\u00f3rum contou com palestras do coordenador geral de prote\u00e7\u00e3o de plantas do Mapa, Ricardo Hilman, da pesquisadora de soja da Empresa Brasileira de Pesquisa Agropecu\u00e1ria (Embrapa), Claudia Godoy, e do fiscal de defesa agropecu\u00e1ria da Adapar, Marc\u00edlio Martins Ara\u00fajo.<\/p>\n<p>Os temas discutidos foram o controle da ferrugem asi\u00e1tica da soja, o uso de fungicidas, e as a\u00e7\u00f5es da defesa agropecu\u00e1ria no cumprimento do Programa Nacional de Controle da Ferrugem Asi\u00e1tica da Soja (PNCFS).<\/p>\n<p>O chefe do Departamento de Sanidade Vegetal da Adapar, Renato Rezende Young Blood, tamb\u00e9m participou do encontro, que foi acompanhado ainda por sojicultores de forma presencial e online. Eles puderam contribuir com sugest\u00f5es e medidas para o manejo da safra 2025\/26.<\/p>\n<p><strong><em>AEN<\/em><\/strong><\/p>\n<\/div>\n","protected":false},"excerpt":{"rendered":"<p>Os munic\u00edpios do Sudoeste do Estado s\u00e3o classificados como Regi\u00e3o 3, que \u00e9 a \u00faltima<\/p>\n","protected":false},"author":4,"featured_media":45847,"comment_status":"open","ping_status":"open","sticky":false,"template":"","format":"standard","meta":{"footnotes":""},"categories":[3,4],"tags":[],"class_list":["post-45846","post","type-post","status-publish","format-standard","has-post-thumbnail","hentry","category-destaques","category-parana"],"yoast_head":"<!-- This site is optimized with the Yoast SEO plugin v27.5 - https:\/\/yoast.com\/product\/yoast-seo-wordpress\/ -->\n<title>Estado defende proposta de mudan\u00e7a no calend\u00e1rio de vazio sanit\u00e1rio para a regi\u00e3o Sudoeste - Jornal<\/title>\n<meta name=\"description\" content=\"Estado defende proposta de mudan\u00e7a no calend\u00e1rio de vazio sanit\u00e1rio para a regi\u00e3o Sudoeste\" \/>\n<meta name=\"robots\" content=\"index, follow, max-snippet:-1, max-image-preview:large, max-video-preview:-1\" \/>\n<link rel=\"canonical\" href=\"https:\/\/jornalboasnoticias.com.br\/home\/estado-defende-proposta-de-mudanca-no-calendario-de-vazio-sanitario-para-a-regiao-sudoeste\/\" \/>\n<meta property=\"og:locale\" content=\"pt_BR\" \/>\n<meta property=\"og:type\" content=\"article\" \/>\n<meta property=\"og:title\" content=\"Estado defende proposta de mudan\u00e7a no calend\u00e1rio de vazio sanit\u00e1rio para a regi\u00e3o Sudoeste - Jornal\" \/>\n<meta property=\"og:description\" content=\"Estado defende proposta de mudan\u00e7a no calend\u00e1rio de vazio sanit\u00e1rio para a regi\u00e3o Sudoeste\" \/>\n<meta property=\"og:url\" content=\"https:\/\/jornalboasnoticias.com.br\/home\/estado-defende-proposta-de-mudanca-no-calendario-de-vazio-sanitario-para-a-regiao-sudoeste\/\" \/>\n<meta property=\"og:site_name\" content=\"Jornal\" \/>\n<meta property=\"article:publisher\" content=\"https:\/\/www.facebook.com\/boasnoticiasjornal\" \/>\n<meta property=\"article:published_time\" content=\"2024-11-27T20:42:51+00:00\" \/>\n<meta property=\"og:image\" content=\"https:\/\/jornalboasnoticias.com.br\/home\/wp-content\/uploads\/2024\/11\/whatsapp_image_2024-11-27_at_16.20.53_1.jpg\" \/>\n\t<meta property=\"og:image:width\" content=\"1600\" \/>\n\t<meta property=\"og:image:height\" content=\"1067\" \/>\n\t<meta property=\"og:image:type\" content=\"image\/jpeg\" \/>\n<meta name=\"author\" content=\"Ana Luiza Bonatto\" \/>\n<meta name=\"twitter:card\" content=\"summary_large_image\" \/>\n<meta name=\"twitter:label1\" content=\"Escrito por\" \/>\n\t<meta name=\"twitter:data1\" content=\"Ana Luiza Bonatto\" \/>\n\t<meta name=\"twitter:label2\" content=\"Est. tempo de leitura\" \/>\n\t<meta name=\"twitter:data2\" content=\"3 minutos\" \/>\n<script type=\"application\/ld+json\" class=\"yoast-schema-graph\">{\"@context\":\"https:\\\/\\\/schema.org\",\"@graph\":[{\"@type\":\"Article\",\"@id\":\"https:\\\/\\\/jornalboasnoticias.com.br\\\/home\\\/estado-defende-proposta-de-mudanca-no-calendario-de-vazio-sanitario-para-a-regiao-sudoeste\\\/#article\",\"isPartOf\":{\"@id\":\"https:\\\/\\\/jornalboasnoticias.com.br\\\/home\\\/estado-defende-proposta-de-mudanca-no-calendario-de-vazio-sanitario-para-a-regiao-sudoeste\\\/\"},\"author\":{\"name\":\"Ana Luiza Bonatto\",\"@id\":\"https:\\\/\\\/jornalboasnoticias.com.br\\\/home\\\/#\\\/schema\\\/person\\\/d641193e0afc6405b390164dac847971\"},\"headline\":\"Estado defende proposta de mudan\u00e7a no calend\u00e1rio de vazio sanit\u00e1rio para a regi\u00e3o Sudoeste\",\"datePublished\":\"2024-11-27T20:42:51+00:00\",\"mainEntityOfPage\":{\"@id\":\"https:\\\/\\\/jornalboasnoticias.com.br\\\/home\\\/estado-defende-proposta-de-mudanca-no-calendario-de-vazio-sanitario-para-a-regiao-sudoeste\\\/\"},\"wordCount\":543,\"commentCount\":0,\"publisher\":{\"@id\":\"https:\\\/\\\/jornalboasnoticias.com.br\\\/home\\\/#organization\"},\"image\":{\"@id\":\"https:\\\/\\\/jornalboasnoticias.com.br\\\/home\\\/estado-defende-proposta-de-mudanca-no-calendario-de-vazio-sanitario-para-a-regiao-sudoeste\\\/#primaryimage\"},\"thumbnailUrl\":\"https:\\\/\\\/jornalboasnoticias.com.br\\\/home\\\/wp-content\\\/uploads\\\/2024\\\/11\\\/whatsapp_image_2024-11-27_at_16.20.53_1.jpg\",\"articleSection\":[\"DESTAQUE\",\"PARAN\u00c1\"],\"inLanguage\":\"pt-BR\",\"potentialAction\":[{\"@type\":\"CommentAction\",\"name\":\"Comment\",\"target\":[\"https:\\\/\\\/jornalboasnoticias.com.br\\\/home\\\/estado-defende-proposta-de-mudanca-no-calendario-de-vazio-sanitario-para-a-regiao-sudoeste\\\/#respond\"]}]},{\"@type\":\"WebPage\",\"@id\":\"https:\\\/\\\/jornalboasnoticias.com.br\\\/home\\\/estado-defende-proposta-de-mudanca-no-calendario-de-vazio-sanitario-para-a-regiao-sudoeste\\\/\",\"url\":\"https:\\\/\\\/jornalboasnoticias.com.br\\\/home\\\/estado-defende-proposta-de-mudanca-no-calendario-de-vazio-sanitario-para-a-regiao-sudoeste\\\/\",\"name\":\"Estado defende proposta de mudan\u00e7a no calend\u00e1rio de vazio sanit\u00e1rio para a regi\u00e3o Sudoeste - Jornal\",\"isPartOf\":{\"@id\":\"https:\\\/\\\/jornalboasnoticias.com.br\\\/home\\\/#website\"},\"primaryImageOfPage\":{\"@id\":\"https:\\\/\\\/jornalboasnoticias.com.br\\\/home\\\/estado-defende-proposta-de-mudanca-no-calendario-de-vazio-sanitario-para-a-regiao-sudoeste\\\/#primaryimage\"},\"image\":{\"@id\":\"https:\\\/\\\/jornalboasnoticias.com.br\\\/home\\\/estado-defende-proposta-de-mudanca-no-calendario-de-vazio-sanitario-para-a-regiao-sudoeste\\\/#primaryimage\"},\"thumbnailUrl\":\"https:\\\/\\\/jornalboasnoticias.com.br\\\/home\\\/wp-content\\\/uploads\\\/2024\\\/11\\\/whatsapp_image_2024-11-27_at_16.20.53_1.jpg\",\"datePublished\":\"2024-11-27T20:42:51+00:00\",\"description\":\"Estado defende proposta de mudan\u00e7a no calend\u00e1rio de vazio sanit\u00e1rio para a regi\u00e3o Sudoeste\",\"breadcrumb\":{\"@id\":\"https:\\\/\\\/jornalboasnoticias.com.br\\\/home\\\/estado-defende-proposta-de-mudanca-no-calendario-de-vazio-sanitario-para-a-regiao-sudoeste\\\/#breadcrumb\"},\"inLanguage\":\"pt-BR\",\"potentialAction\":[{\"@type\":\"ReadAction\",\"target\":[\"https:\\\/\\\/jornalboasnoticias.com.br\\\/home\\\/estado-defende-proposta-de-mudanca-no-calendario-de-vazio-sanitario-para-a-regiao-sudoeste\\\/\"]}]},{\"@type\":\"ImageObject\",\"inLanguage\":\"pt-BR\",\"@id\":\"https:\\\/\\\/jornalboasnoticias.com.br\\\/home\\\/estado-defende-proposta-de-mudanca-no-calendario-de-vazio-sanitario-para-a-regiao-sudoeste\\\/#primaryimage\",\"url\":\"https:\\\/\\\/jornalboasnoticias.com.br\\\/home\\\/wp-content\\\/uploads\\\/2024\\\/11\\\/whatsapp_image_2024-11-27_at_16.20.53_1.jpg\",\"contentUrl\":\"https:\\\/\\\/jornalboasnoticias.com.br\\\/home\\\/wp-content\\\/uploads\\\/2024\\\/11\\\/whatsapp_image_2024-11-27_at_16.20.53_1.jpg\",\"width\":1600,\"height\":1067,\"caption\":\"Foto: Alanis Barbosa\\\/SEAB\"},{\"@type\":\"BreadcrumbList\",\"@id\":\"https:\\\/\\\/jornalboasnoticias.com.br\\\/home\\\/estado-defende-proposta-de-mudanca-no-calendario-de-vazio-sanitario-para-a-regiao-sudoeste\\\/#breadcrumb\",\"itemListElement\":[{\"@type\":\"ListItem\",\"position\":1,\"name\":\"In\u00edcio\",\"item\":\"https:\\\/\\\/jornalboasnoticias.com.br\\\/home\\\/\"},{\"@type\":\"ListItem\",\"position\":2,\"name\":\"Estado defende proposta de mudan\u00e7a no calend\u00e1rio de vazio sanit\u00e1rio para a regi\u00e3o Sudoeste\"}]},{\"@type\":\"WebSite\",\"@id\":\"https:\\\/\\\/jornalboasnoticias.com.br\\\/home\\\/#website\",\"url\":\"https:\\\/\\\/jornalboasnoticias.com.br\\\/home\\\/\",\"name\":\"Jornal Boas Not\u00edcias\",\"description\":\"Boas not\u00edcias\",\"publisher\":{\"@id\":\"https:\\\/\\\/jornalboasnoticias.com.br\\\/home\\\/#organization\"},\"potentialAction\":[{\"@type\":\"SearchAction\",\"target\":{\"@type\":\"EntryPoint\",\"urlTemplate\":\"https:\\\/\\\/jornalboasnoticias.com.br\\\/home\\\/?s={search_term_string}\"},\"query-input\":{\"@type\":\"PropertyValueSpecification\",\"valueRequired\":true,\"valueName\":\"search_term_string\"}}],\"inLanguage\":\"pt-BR\"},{\"@type\":\"Organization\",\"@id\":\"https:\\\/\\\/jornalboasnoticias.com.br\\\/home\\\/#organization\",\"name\":\"Coq Editora Ltda\",\"alternateName\":\"Jornal Boas Noticias\",\"url\":\"https:\\\/\\\/jornalboasnoticias.com.br\\\/home\\\/\",\"logo\":{\"@type\":\"ImageObject\",\"inLanguage\":\"pt-BR\",\"@id\":\"https:\\\/\\\/jornalboasnoticias.com.br\\\/home\\\/#\\\/schema\\\/logo\\\/image\\\/\",\"url\":\"https:\\\/\\\/jornalboasnoticias.com.br\\\/home\\\/wp-content\\\/uploads\\\/2024\\\/07\\\/cropped-logo.jpg\",\"contentUrl\":\"https:\\\/\\\/jornalboasnoticias.com.br\\\/home\\\/wp-content\\\/uploads\\\/2024\\\/07\\\/cropped-logo.jpg\",\"width\":290,\"height\":142,\"caption\":\"Coq Editora Ltda\"},\"image\":{\"@id\":\"https:\\\/\\\/jornalboasnoticias.com.br\\\/home\\\/#\\\/schema\\\/logo\\\/image\\\/\"},\"sameAs\":[\"https:\\\/\\\/www.facebook.com\\\/boasnoticiasjornal\"]},{\"@type\":\"Person\",\"@id\":\"https:\\\/\\\/jornalboasnoticias.com.br\\\/home\\\/#\\\/schema\\\/person\\\/d641193e0afc6405b390164dac847971\",\"name\":\"Ana Luiza Bonatto\",\"image\":{\"@type\":\"ImageObject\",\"inLanguage\":\"pt-BR\",\"@id\":\"https:\\\/\\\/secure.gravatar.com\\\/avatar\\\/8a055ebe6373371f67ac6fcf313c0ac0b0a91157fdcdb9514fa62927373348f0?s=96&d=mm&r=g\",\"url\":\"https:\\\/\\\/secure.gravatar.com\\\/avatar\\\/8a055ebe6373371f67ac6fcf313c0ac0b0a91157fdcdb9514fa62927373348f0?s=96&d=mm&r=g\",\"contentUrl\":\"https:\\\/\\\/secure.gravatar.com\\\/avatar\\\/8a055ebe6373371f67ac6fcf313c0ac0b0a91157fdcdb9514fa62927373348f0?s=96&d=mm&r=g\",\"caption\":\"Ana Luiza Bonatto\"},\"url\":\"https:\\\/\\\/jornalboasnoticias.com.br\\\/home\\\/author\\\/ana-luiza\\\/\"}]}<\/script>\n<!-- \/ Yoast SEO plugin. -->","yoast_head_json":{"title":"Estado defende proposta de mudan\u00e7a no calend\u00e1rio de vazio sanit\u00e1rio para a regi\u00e3o Sudoeste - Jornal","description":"Estado defende proposta de mudan\u00e7a no calend\u00e1rio de vazio sanit\u00e1rio para a regi\u00e3o Sudoeste","robots":{"index":"index","follow":"follow","max-snippet":"max-snippet:-1","max-image-preview":"max-image-preview:large","max-video-preview":"max-video-preview:-1"},"canonical":"https:\/\/jornalboasnoticias.com.br\/home\/estado-defende-proposta-de-mudanca-no-calendario-de-vazio-sanitario-para-a-regiao-sudoeste\/","og_locale":"pt_BR","og_type":"article","og_title":"Estado defende proposta de mudan\u00e7a no calend\u00e1rio de vazio sanit\u00e1rio para a regi\u00e3o Sudoeste - Jornal","og_description":"Estado defende proposta de mudan\u00e7a no calend\u00e1rio de vazio sanit\u00e1rio para a regi\u00e3o Sudoeste","og_url":"https:\/\/jornalboasnoticias.com.br\/home\/estado-defende-proposta-de-mudanca-no-calendario-de-vazio-sanitario-para-a-regiao-sudoeste\/","og_site_name":"Jornal","article_publisher":"https:\/\/www.facebook.com\/boasnoticiasjornal","article_published_time":"2024-11-27T20:42:51+00:00","og_image":[{"width":1600,"height":1067,"url":"https:\/\/jornalboasnoticias.com.br\/home\/wp-content\/uploads\/2024\/11\/whatsapp_image_2024-11-27_at_16.20.53_1.jpg","type":"image\/jpeg"}],"author":"Ana Luiza Bonatto","twitter_card":"summary_large_image","twitter_misc":{"Escrito por":"Ana Luiza Bonatto","Est. tempo de leitura":"3 minutos"},"schema":{"@context":"https:\/\/schema.org","@graph":[{"@type":"Article","@id":"https:\/\/jornalboasnoticias.com.br\/home\/estado-defende-proposta-de-mudanca-no-calendario-de-vazio-sanitario-para-a-regiao-sudoeste\/#article","isPartOf":{"@id":"https:\/\/jornalboasnoticias.com.br\/home\/estado-defende-proposta-de-mudanca-no-calendario-de-vazio-sanitario-para-a-regiao-sudoeste\/"},"author":{"name":"Ana Luiza Bonatto","@id":"https:\/\/jornalboasnoticias.com.br\/home\/#\/schema\/person\/d641193e0afc6405b390164dac847971"},"headline":"Estado defende proposta de mudan\u00e7a no calend\u00e1rio de vazio sanit\u00e1rio para a regi\u00e3o Sudoeste","datePublished":"2024-11-27T20:42:51+00:00","mainEntityOfPage":{"@id":"https:\/\/jornalboasnoticias.com.br\/home\/estado-defende-proposta-de-mudanca-no-calendario-de-vazio-sanitario-para-a-regiao-sudoeste\/"},"wordCount":543,"commentCount":0,"publisher":{"@id":"https:\/\/jornalboasnoticias.com.br\/home\/#organization"},"image":{"@id":"https:\/\/jornalboasnoticias.com.br\/home\/estado-defende-proposta-de-mudanca-no-calendario-de-vazio-sanitario-para-a-regiao-sudoeste\/#primaryimage"},"thumbnailUrl":"https:\/\/jornalboasnoticias.com.br\/home\/wp-content\/uploads\/2024\/11\/whatsapp_image_2024-11-27_at_16.20.53_1.jpg","articleSection":["DESTAQUE","PARAN\u00c1"],"inLanguage":"pt-BR","potentialAction":[{"@type":"CommentAction","name":"Comment","target":["https:\/\/jornalboasnoticias.com.br\/home\/estado-defende-proposta-de-mudanca-no-calendario-de-vazio-sanitario-para-a-regiao-sudoeste\/#respond"]}]},{"@type":"WebPage","@id":"https:\/\/jornalboasnoticias.com.br\/home\/estado-defende-proposta-de-mudanca-no-calendario-de-vazio-sanitario-para-a-regiao-sudoeste\/","url":"https:\/\/jornalboasnoticias.com.br\/home\/estado-defende-proposta-de-mudanca-no-calendario-de-vazio-sanitario-para-a-regiao-sudoeste\/","name":"Estado defende proposta de mudan\u00e7a no calend\u00e1rio de vazio sanit\u00e1rio para a regi\u00e3o Sudoeste - Jornal","isPartOf":{"@id":"https:\/\/jornalboasnoticias.com.br\/home\/#website"},"primaryImageOfPage":{"@id":"https:\/\/jornalboasnoticias.com.br\/home\/estado-defende-proposta-de-mudanca-no-calendario-de-vazio-sanitario-para-a-regiao-sudoeste\/#primaryimage"},"image":{"@id":"https:\/\/jornalboasnoticias.com.br\/home\/estado-defende-proposta-de-mudanca-no-calendario-de-vazio-sanitario-para-a-regiao-sudoeste\/#primaryimage"},"thumbnailUrl":"https:\/\/jornalboasnoticias.com.br\/home\/wp-content\/uploads\/2024\/11\/whatsapp_image_2024-11-27_at_16.20.53_1.jpg","datePublished":"2024-11-27T20:42:51+00:00","description":"Estado defende proposta de mudan\u00e7a no calend\u00e1rio de vazio sanit\u00e1rio para a regi\u00e3o Sudoeste","breadcrumb":{"@id":"https:\/\/jornalboasnoticias.com.br\/home\/estado-defende-proposta-de-mudanca-no-calendario-de-vazio-sanitario-para-a-regiao-sudoeste\/#breadcrumb"},"inLanguage":"pt-BR","potentialAction":[{"@type":"ReadAction","target":["https:\/\/jornalboasnoticias.com.br\/home\/estado-defende-proposta-de-mudanca-no-calendario-de-vazio-sanitario-para-a-regiao-sudoeste\/"]}]},{"@type":"ImageObject","inLanguage":"pt-BR","@id":"https:\/\/jornalboasnoticias.com.br\/home\/estado-defende-proposta-de-mudanca-no-calendario-de-vazio-sanitario-para-a-regiao-sudoeste\/#primaryimage","url":"https:\/\/jornalboasnoticias.com.br\/home\/wp-content\/uploads\/2024\/11\/whatsapp_image_2024-11-27_at_16.20.53_1.jpg","contentUrl":"https:\/\/jornalboasnoticias.com.br\/home\/wp-content\/uploads\/2024\/11\/whatsapp_image_2024-11-27_at_16.20.53_1.jpg","width":1600,"height":1067,"caption":"Foto: Alanis Barbosa\/SEAB"},{"@type":"BreadcrumbList","@id":"https:\/\/jornalboasnoticias.com.br\/home\/estado-defende-proposta-de-mudanca-no-calendario-de-vazio-sanitario-para-a-regiao-sudoeste\/#breadcrumb","itemListElement":[{"@type":"ListItem","position":1,"name":"In\u00edcio","item":"https:\/\/jornalboasnoticias.com.br\/home\/"},{"@type":"ListItem","position":2,"name":"Estado defende proposta de mudan\u00e7a no calend\u00e1rio de vazio sanit\u00e1rio para a regi\u00e3o Sudoeste"}]},{"@type":"WebSite","@id":"https:\/\/jornalboasnoticias.com.br\/home\/#website","url":"https:\/\/jornalboasnoticias.com.br\/home\/","name":"Jornal Boas Not\u00edcias","description":"Boas not\u00edcias","publisher":{"@id":"https:\/\/jornalboasnoticias.com.br\/home\/#organization"},"potentialAction":[{"@type":"SearchAction","target":{"@type":"EntryPoint","urlTemplate":"https:\/\/jornalboasnoticias.com.br\/home\/?s={search_term_string}"},"query-input":{"@type":"PropertyValueSpecification","valueRequired":true,"valueName":"search_term_string"}}],"inLanguage":"pt-BR"},{"@type":"Organization","@id":"https:\/\/jornalboasnoticias.com.br\/home\/#organization","name":"Coq Editora Ltda","alternateName":"Jornal Boas Noticias","url":"https:\/\/jornalboasnoticias.com.br\/home\/","logo":{"@type":"ImageObject","inLanguage":"pt-BR","@id":"https:\/\/jornalboasnoticias.com.br\/home\/#\/schema\/logo\/image\/","url":"https:\/\/jornalboasnoticias.com.br\/home\/wp-content\/uploads\/2024\/07\/cropped-logo.jpg","contentUrl":"https:\/\/jornalboasnoticias.com.br\/home\/wp-content\/uploads\/2024\/07\/cropped-logo.jpg","width":290,"height":142,"caption":"Coq Editora Ltda"},"image":{"@id":"https:\/\/jornalboasnoticias.com.br\/home\/#\/schema\/logo\/image\/"},"sameAs":["https:\/\/www.facebook.com\/boasnoticiasjornal"]},{"@type":"Person","@id":"https:\/\/jornalboasnoticias.com.br\/home\/#\/schema\/person\/d641193e0afc6405b390164dac847971","name":"Ana Luiza Bonatto","image":{"@type":"ImageObject","inLanguage":"pt-BR","@id":"https:\/\/secure.gravatar.com\/avatar\/8a055ebe6373371f67ac6fcf313c0ac0b0a91157fdcdb9514fa62927373348f0?s=96&d=mm&r=g","url":"https:\/\/secure.gravatar.com\/avatar\/8a055ebe6373371f67ac6fcf313c0ac0b0a91157fdcdb9514fa62927373348f0?s=96&d=mm&r=g","contentUrl":"https:\/\/secure.gravatar.com\/avatar\/8a055ebe6373371f67ac6fcf313c0ac0b0a91157fdcdb9514fa62927373348f0?s=96&d=mm&r=g","caption":"Ana Luiza Bonatto"},"url":"https:\/\/jornalboasnoticias.com.br\/home\/author\/ana-luiza\/"}]}},"_links":{"self":[{"href":"https:\/\/jornalboasnoticias.com.br\/home\/wp-json\/wp\/v2\/posts\/45846","targetHints":{"allow":["GET"]}}],"collection":[{"href":"https:\/\/jornalboasnoticias.com.br\/home\/wp-json\/wp\/v2\/posts"}],"about":[{"href":"https:\/\/jornalboasnoticias.com.br\/home\/wp-json\/wp\/v2\/types\/post"}],"author":[{"embeddable":true,"href":"https:\/\/jornalboasnoticias.com.br\/home\/wp-json\/wp\/v2\/users\/4"}],"replies":[{"embeddable":true,"href":"https:\/\/jornalboasnoticias.com.br\/home\/wp-json\/wp\/v2\/comments?post=45846"}],"version-history":[{"count":1,"href":"https:\/\/jornalboasnoticias.com.br\/home\/wp-json\/wp\/v2\/posts\/45846\/revisions"}],"predecessor-version":[{"id":45848,"href":"https:\/\/jornalboasnoticias.com.br\/home\/wp-json\/wp\/v2\/posts\/45846\/revisions\/45848"}],"wp:featuredmedia":[{"embeddable":true,"href":"https:\/\/jornalboasnoticias.com.br\/home\/wp-json\/wp\/v2\/media\/45847"}],"wp:attachment":[{"href":"https:\/\/jornalboasnoticias.com.br\/home\/wp-json\/wp\/v2\/media?parent=45846"}],"wp:term":[{"taxonomy":"category","embeddable":true,"href":"https:\/\/jornalboasnoticias.com.br\/home\/wp-json\/wp\/v2\/categories?post=45846"},{"taxonomy":"post_tag","embeddable":true,"href":"https:\/\/jornalboasnoticias.com.br\/home\/wp-json\/wp\/v2\/tags?post=45846"}],"curies":[{"name":"wp","href":"https:\/\/api.w.org\/{rel}","templated":true}]}}