{"id":45843,"date":"2024-11-27T20:41:37","date_gmt":"2024-11-27T20:41:37","guid":{"rendered":"https:\/\/jornalboasnoticias.com.br\/home\/?p=45843"},"modified":"2024-11-27T20:41:37","modified_gmt":"2024-11-27T20:41:37","slug":"parana-foi-o-3o-estado-que-mais-gerou-empregos-com-carteira-assinada-no-ano-aponta-caged","status":"publish","type":"post","link":"https:\/\/jornalboasnoticias.com.br\/home\/parana-foi-o-3o-estado-que-mais-gerou-empregos-com-carteira-assinada-no-ano-aponta-caged\/","title":{"rendered":"Paran\u00e1 foi o 3\u00ba estado que mais gerou empregos com carteira assinada no ano, aponta Caged"},"content":{"rendered":"<div class=\"not-escopo-destaque\">\n<div>\n<figure id=\"attachment_45844\" aria-describedby=\"caption-attachment-45844\" style=\"width: 2560px\" class=\"wp-caption alignnone\"><img loading=\"lazy\" decoding=\"async\" class=\"size-full wp-image-45844\" src=\"https:\/\/jornalboasnoticias.com.br\/home\/wp-content\/uploads\/2024\/11\/colibri_moveis051_0-scaled.jpg\" alt=\"\" width=\"2560\" height=\"1707\" srcset=\"https:\/\/jornalboasnoticias.com.br\/home\/wp-content\/uploads\/2024\/11\/colibri_moveis051_0-scaled.jpg 2560w, https:\/\/jornalboasnoticias.com.br\/home\/wp-content\/uploads\/2024\/11\/colibri_moveis051_0-300x200.jpg 300w, https:\/\/jornalboasnoticias.com.br\/home\/wp-content\/uploads\/2024\/11\/colibri_moveis051_0-1024x683.jpg 1024w, https:\/\/jornalboasnoticias.com.br\/home\/wp-content\/uploads\/2024\/11\/colibri_moveis051_0-768x512.jpg 768w, https:\/\/jornalboasnoticias.com.br\/home\/wp-content\/uploads\/2024\/11\/colibri_moveis051_0-1536x1024.jpg 1536w, https:\/\/jornalboasnoticias.com.br\/home\/wp-content\/uploads\/2024\/11\/colibri_moveis051_0-2048x1365.jpg 2048w, https:\/\/jornalboasnoticias.com.br\/home\/wp-content\/uploads\/2024\/11\/colibri_moveis051_0-900x600.jpg 900w\" sizes=\"auto, (max-width: 2560px) 100vw, 2560px\" \/><figcaption id=\"caption-attachment-45844\" class=\"wp-caption-text\">Foto: Gilson Abreu\/AEN<\/figcaption><\/figure>\n<\/div>\n<blockquote>\n<div class=\"field field--name-field-escopo-destaque field--type-string-long field--label-hidden field--item\">Estado acumula 163 mil contrata\u00e7\u00f5es a mais do que desligamentos nos 10 primeiros meses de 2024, melhor desempenho do Sul do Brasil neste per\u00edodo de acordo com dados do Novo Caged. Maior volume de novas vagas est\u00e1 concentrada no setor de servi\u00e7os e na ind\u00fastria.<\/div>\n<\/blockquote>\n<\/div>\n<div>\n<p>O Paran\u00e1 acumula um saldo positivo de 163.206 empregos com carteira assinada gerados nos dez primeiros meses de 2024, segundo dados do Cadastro Geral de Empregados e Desempregados (Caged) divulgados nesta quarta-feira (27) pelo Minist\u00e9rio do Trabalho e Emprego (MTE). O resultado garante ao Estado o terceiro maior volume de contrata\u00e7\u00f5es formais do Brasil, atr\u00e1s apenas de estados mais populosos como S\u00e3o Paulo, que gerou 609.153 vagas, e Minas Gerais, com 207.773.<\/p>\n<p>O resultado tamb\u00e9m marca o melhor desempenho da regi\u00e3o Sul. Santa Catarina teve um saldo positivo de 140.011 vagas criadas no ano, enquanto o Rio Grande do Sul, que se recupera dos impactos das enchentes do in\u00edcio de 2024, agora registra 79.925 empregos com carteira assinada a mais do que em rela\u00e7\u00e3o ao per\u00edodo de janeiro a outubro do ano passado.<\/p>\n<p>Apenas em outubro, o Paran\u00e1 teve um saldo positivo de 10.132 vagas de emprego, que resulta de 173.621 admiss\u00f5es descontadas de 163.489 desligamentos que aconteceram ao longo dos 31 dias do m\u00eas. No ano, at\u00e9 o momento, foram registradas 1.731.470 contrata\u00e7\u00f5es e 1.568.264 demiss\u00f5es no Estado.<\/p>\n<p>Com o acr\u00e9scimo mais recente, o Paran\u00e1 soma agora um estoque de 3.254.607 vagas de emprego com carteira assinada, o maior volume do Sul do Brasil e o quarto maior em n\u00edvel nacional, atr\u00e1s apenas de S\u00e3o Paulo, Minas Gerais e Rio de Janeiro.<\/p>\n<p>Na avalia\u00e7\u00e3o do secret\u00e1rio estadual do Trabalho, Qualifica\u00e7\u00e3o e Renda, Mauro Moraes, os n\u00fameros revelados at\u00e9 agora d\u00e3o otimismo para a conclus\u00e3o de 2024. \u201cDesde o in\u00edcio do ano, o Paran\u00e1 mant\u00e9m excelente desempenho no Caged, sempre com saldo positivo e bem posicionado no ranking nacional, perdendo apenas para estados muito mais populosos\u201d, afirmou.<\/p>\n<p>\u201cCom as a\u00e7\u00f5es adotadas pelo Governo do Estado e a economia aquecida, estamos otimistas que, ao final deste ano, teremos um saldo de novos empregos superior ao do ano passado e certamente entre os primeiros do Pa\u00eds\u201d, acrescentou Moraes.<\/p>\n<p><strong>SETORES ECON\u00d4MICOS<\/strong>\u00a0\u2013 Todos os segmentos analisados pelo MTE apresentam saldo positivo de vagas criadas em 2024 no Paran\u00e1. O destaque \u00e9 para o setor de servi\u00e7os, com 81.314 empregos com carteira assinada a mais at\u00e9 outubro. Depois, aparecem a ind\u00fastria, com 40.679 vagas, o com\u00e9rcio (20.610), a constru\u00e7\u00e3o (20.196) e a agropecu\u00e1ria (413).<\/p>\n<p>O desempenho tamb\u00e9m foi positivo na an\u00e1lise espec\u00edfica de outubro, com maiores aumentos nos servi\u00e7os (3.603 vagas), ind\u00fastria (3.063), com\u00e9rcio (2.704) e constru\u00e7\u00e3o (1.099). A exce\u00e7\u00e3o foi a agropecu\u00e1ria, que se manteve praticamente est\u00e1vel no m\u00eas, com 337 desligamentos a mais do que admiss\u00f5es.<\/p>\n<p><strong>PERFIL DAS CONTRATA\u00c7\u00d5ES\u00a0<\/strong>\u2013 Os dados do Caged apontam para um equil\u00edbrio de g\u00eanero na gera\u00e7\u00e3o de empregos no Paran\u00e1 em 2024. De janeiro a outubro, 82.111 homens e 81.095 mulheres a mais passaram a integrar o mercado de trabalho formal, uma propor\u00e7\u00e3o de 50,3% de trabalhadores para 47,7% de trabalhadoras.<\/p>\n<p>J\u00e1 em rela\u00e7\u00e3o \u00e0 idade, houve uma preval\u00eancia maior de contrata\u00e7\u00f5es na faixa et\u00e1ria de 18 a 24 anos, que somam 80.000 novas vagas no ano. Depois, aparecem os trabalhadores at\u00e9 17 anos, com 29.559 contrata\u00e7\u00f5es a mais do que desligamentos, seguidos por aqueles com 30 a 39 anos (21.541), 40 a 49 anos (18.251), 25 a 29 anos (16.581) e 50 a 64 anos (731). A \u00fanica faixa com saldo negativo foi aquela acima dos 65 anos, que teve 3.457 demiss\u00f5es a mais do que admiss\u00f5es no per\u00edodo.<\/p>\n<p>As vagas para quem possui at\u00e9 o ensino m\u00e9dio completo representam a maior parte das novas oportunidades de trabalho, com 109.898 vagas no entre janeiro e outubro em rela\u00e7\u00e3o a 2023. Os outros maiores volumes est\u00e3o concentrados entre aqueles com ensino m\u00e9dio incompleto (19.614), ensino fundamental completo (10.234), ensino superior completo (9.311) e ensino superior incompleto (6.322).<\/p>\n<p><strong>CEN\u00c1RIO NACIONAL<\/strong>\u00a0\u2013 Em todo o Brasil, foram gerados 132.714 empregos formais em outubro, resultado de 2,22 milh\u00f5es de contrata\u00e7\u00f5es e de 2,09 milh\u00f5es de demiss\u00f5es. Ao fim de outubro de 2024, ainda conforme os dados oficiais do MTE, o Brasil chegou a um saldo acumulado de 47,63 milh\u00f5es de empregos com carteira assinada.<\/p>\n<p>(AEN)<\/p>\n<\/div>\n","protected":false},"excerpt":{"rendered":"<p>Estado acumula 163 mil contrata\u00e7\u00f5es a mais do que desligamentos nos 10 primeiros meses de<\/p>\n","protected":false},"author":4,"featured_media":45844,"comment_status":"open","ping_status":"open","sticky":false,"template":"","format":"standard","meta":{"footnotes":""},"categories":[3,4],"tags":[],"class_list":["post-45843","post","type-post","status-publish","format-standard","has-post-thumbnail","hentry","category-destaques","category-parana"],"yoast_head":"<!-- This site is optimized with the Yoast SEO plugin v27.5 - https:\/\/yoast.com\/product\/yoast-seo-wordpress\/ -->\n<title>Paran\u00e1 foi o 3\u00ba estado que mais gerou empregos com carteira assinada no ano, aponta Caged - Jornal<\/title>\n<meta name=\"description\" content=\"Paran\u00e1 foi o 3\u00ba estado que mais gerou empregos com carteira assinada no ano, aponta Caged\" \/>\n<meta name=\"robots\" content=\"index, follow, max-snippet:-1, max-image-preview:large, max-video-preview:-1\" \/>\n<link rel=\"canonical\" href=\"https:\/\/jornalboasnoticias.com.br\/home\/parana-foi-o-3o-estado-que-mais-gerou-empregos-com-carteira-assinada-no-ano-aponta-caged\/\" \/>\n<meta property=\"og:locale\" content=\"pt_BR\" \/>\n<meta property=\"og:type\" content=\"article\" \/>\n<meta property=\"og:title\" content=\"Paran\u00e1 foi o 3\u00ba estado que mais gerou empregos com carteira assinada no ano, aponta Caged - Jornal\" \/>\n<meta property=\"og:description\" content=\"Paran\u00e1 foi o 3\u00ba estado que mais gerou empregos com carteira assinada no ano, aponta Caged\" \/>\n<meta property=\"og:url\" content=\"https:\/\/jornalboasnoticias.com.br\/home\/parana-foi-o-3o-estado-que-mais-gerou-empregos-com-carteira-assinada-no-ano-aponta-caged\/\" \/>\n<meta property=\"og:site_name\" content=\"Jornal\" \/>\n<meta property=\"article:publisher\" content=\"https:\/\/www.facebook.com\/boasnoticiasjornal\" \/>\n<meta property=\"article:published_time\" content=\"2024-11-27T20:41:37+00:00\" \/>\n<meta property=\"og:image\" content=\"https:\/\/jornalboasnoticias.com.br\/home\/wp-content\/uploads\/2024\/11\/colibri_moveis051_0-scaled.jpg\" \/>\n\t<meta property=\"og:image:width\" content=\"2560\" \/>\n\t<meta property=\"og:image:height\" content=\"1707\" \/>\n\t<meta property=\"og:image:type\" content=\"image\/jpeg\" \/>\n<meta name=\"author\" content=\"Ana Luiza Bonatto\" \/>\n<meta name=\"twitter:card\" content=\"summary_large_image\" \/>\n<meta name=\"twitter:label1\" content=\"Escrito por\" \/>\n\t<meta name=\"twitter:data1\" content=\"Ana Luiza Bonatto\" \/>\n\t<meta name=\"twitter:label2\" content=\"Est. tempo de leitura\" \/>\n\t<meta name=\"twitter:data2\" content=\"4 minutos\" \/>\n<script type=\"application\/ld+json\" class=\"yoast-schema-graph\">{\"@context\":\"https:\\\/\\\/schema.org\",\"@graph\":[{\"@type\":\"Article\",\"@id\":\"https:\\\/\\\/jornalboasnoticias.com.br\\\/home\\\/parana-foi-o-3o-estado-que-mais-gerou-empregos-com-carteira-assinada-no-ano-aponta-caged\\\/#article\",\"isPartOf\":{\"@id\":\"https:\\\/\\\/jornalboasnoticias.com.br\\\/home\\\/parana-foi-o-3o-estado-que-mais-gerou-empregos-com-carteira-assinada-no-ano-aponta-caged\\\/\"},\"author\":{\"name\":\"Ana Luiza Bonatto\",\"@id\":\"https:\\\/\\\/jornalboasnoticias.com.br\\\/home\\\/#\\\/schema\\\/person\\\/d641193e0afc6405b390164dac847971\"},\"headline\":\"Paran\u00e1 foi o 3\u00ba estado que mais gerou empregos com carteira assinada no ano, aponta Caged\",\"datePublished\":\"2024-11-27T20:41:37+00:00\",\"mainEntityOfPage\":{\"@id\":\"https:\\\/\\\/jornalboasnoticias.com.br\\\/home\\\/parana-foi-o-3o-estado-que-mais-gerou-empregos-com-carteira-assinada-no-ano-aponta-caged\\\/\"},\"wordCount\":739,\"commentCount\":0,\"publisher\":{\"@id\":\"https:\\\/\\\/jornalboasnoticias.com.br\\\/home\\\/#organization\"},\"image\":{\"@id\":\"https:\\\/\\\/jornalboasnoticias.com.br\\\/home\\\/parana-foi-o-3o-estado-que-mais-gerou-empregos-com-carteira-assinada-no-ano-aponta-caged\\\/#primaryimage\"},\"thumbnailUrl\":\"https:\\\/\\\/jornalboasnoticias.com.br\\\/home\\\/wp-content\\\/uploads\\\/2024\\\/11\\\/colibri_moveis051_0-scaled.jpg\",\"articleSection\":[\"DESTAQUE\",\"PARAN\u00c1\"],\"inLanguage\":\"pt-BR\",\"potentialAction\":[{\"@type\":\"CommentAction\",\"name\":\"Comment\",\"target\":[\"https:\\\/\\\/jornalboasnoticias.com.br\\\/home\\\/parana-foi-o-3o-estado-que-mais-gerou-empregos-com-carteira-assinada-no-ano-aponta-caged\\\/#respond\"]}]},{\"@type\":\"WebPage\",\"@id\":\"https:\\\/\\\/jornalboasnoticias.com.br\\\/home\\\/parana-foi-o-3o-estado-que-mais-gerou-empregos-com-carteira-assinada-no-ano-aponta-caged\\\/\",\"url\":\"https:\\\/\\\/jornalboasnoticias.com.br\\\/home\\\/parana-foi-o-3o-estado-que-mais-gerou-empregos-com-carteira-assinada-no-ano-aponta-caged\\\/\",\"name\":\"Paran\u00e1 foi o 3\u00ba estado que mais gerou empregos com carteira assinada no ano, aponta Caged - Jornal\",\"isPartOf\":{\"@id\":\"https:\\\/\\\/jornalboasnoticias.com.br\\\/home\\\/#website\"},\"primaryImageOfPage\":{\"@id\":\"https:\\\/\\\/jornalboasnoticias.com.br\\\/home\\\/parana-foi-o-3o-estado-que-mais-gerou-empregos-com-carteira-assinada-no-ano-aponta-caged\\\/#primaryimage\"},\"image\":{\"@id\":\"https:\\\/\\\/jornalboasnoticias.com.br\\\/home\\\/parana-foi-o-3o-estado-que-mais-gerou-empregos-com-carteira-assinada-no-ano-aponta-caged\\\/#primaryimage\"},\"thumbnailUrl\":\"https:\\\/\\\/jornalboasnoticias.com.br\\\/home\\\/wp-content\\\/uploads\\\/2024\\\/11\\\/colibri_moveis051_0-scaled.jpg\",\"datePublished\":\"2024-11-27T20:41:37+00:00\",\"description\":\"Paran\u00e1 foi o 3\u00ba estado que mais gerou empregos com carteira assinada no ano, aponta Caged\",\"breadcrumb\":{\"@id\":\"https:\\\/\\\/jornalboasnoticias.com.br\\\/home\\\/parana-foi-o-3o-estado-que-mais-gerou-empregos-com-carteira-assinada-no-ano-aponta-caged\\\/#breadcrumb\"},\"inLanguage\":\"pt-BR\",\"potentialAction\":[{\"@type\":\"ReadAction\",\"target\":[\"https:\\\/\\\/jornalboasnoticias.com.br\\\/home\\\/parana-foi-o-3o-estado-que-mais-gerou-empregos-com-carteira-assinada-no-ano-aponta-caged\\\/\"]}]},{\"@type\":\"ImageObject\",\"inLanguage\":\"pt-BR\",\"@id\":\"https:\\\/\\\/jornalboasnoticias.com.br\\\/home\\\/parana-foi-o-3o-estado-que-mais-gerou-empregos-com-carteira-assinada-no-ano-aponta-caged\\\/#primaryimage\",\"url\":\"https:\\\/\\\/jornalboasnoticias.com.br\\\/home\\\/wp-content\\\/uploads\\\/2024\\\/11\\\/colibri_moveis051_0-scaled.jpg\",\"contentUrl\":\"https:\\\/\\\/jornalboasnoticias.com.br\\\/home\\\/wp-content\\\/uploads\\\/2024\\\/11\\\/colibri_moveis051_0-scaled.jpg\",\"width\":2560,\"height\":1707,\"caption\":\"Foto: Gilson Abreu\\\/AEN Foto Gilson Abreu\\\/AEN\"},{\"@type\":\"BreadcrumbList\",\"@id\":\"https:\\\/\\\/jornalboasnoticias.com.br\\\/home\\\/parana-foi-o-3o-estado-que-mais-gerou-empregos-com-carteira-assinada-no-ano-aponta-caged\\\/#breadcrumb\",\"itemListElement\":[{\"@type\":\"ListItem\",\"position\":1,\"name\":\"In\u00edcio\",\"item\":\"https:\\\/\\\/jornalboasnoticias.com.br\\\/home\\\/\"},{\"@type\":\"ListItem\",\"position\":2,\"name\":\"Paran\u00e1 foi o 3\u00ba estado que mais gerou empregos com carteira assinada no ano, aponta Caged\"}]},{\"@type\":\"WebSite\",\"@id\":\"https:\\\/\\\/jornalboasnoticias.com.br\\\/home\\\/#website\",\"url\":\"https:\\\/\\\/jornalboasnoticias.com.br\\\/home\\\/\",\"name\":\"Jornal Boas Not\u00edcias\",\"description\":\"Boas not\u00edcias\",\"publisher\":{\"@id\":\"https:\\\/\\\/jornalboasnoticias.com.br\\\/home\\\/#organization\"},\"potentialAction\":[{\"@type\":\"SearchAction\",\"target\":{\"@type\":\"EntryPoint\",\"urlTemplate\":\"https:\\\/\\\/jornalboasnoticias.com.br\\\/home\\\/?s={search_term_string}\"},\"query-input\":{\"@type\":\"PropertyValueSpecification\",\"valueRequired\":true,\"valueName\":\"search_term_string\"}}],\"inLanguage\":\"pt-BR\"},{\"@type\":\"Organization\",\"@id\":\"https:\\\/\\\/jornalboasnoticias.com.br\\\/home\\\/#organization\",\"name\":\"Coq Editora Ltda\",\"alternateName\":\"Jornal Boas Noticias\",\"url\":\"https:\\\/\\\/jornalboasnoticias.com.br\\\/home\\\/\",\"logo\":{\"@type\":\"ImageObject\",\"inLanguage\":\"pt-BR\",\"@id\":\"https:\\\/\\\/jornalboasnoticias.com.br\\\/home\\\/#\\\/schema\\\/logo\\\/image\\\/\",\"url\":\"https:\\\/\\\/jornalboasnoticias.com.br\\\/home\\\/wp-content\\\/uploads\\\/2024\\\/07\\\/cropped-logo.jpg\",\"contentUrl\":\"https:\\\/\\\/jornalboasnoticias.com.br\\\/home\\\/wp-content\\\/uploads\\\/2024\\\/07\\\/cropped-logo.jpg\",\"width\":290,\"height\":142,\"caption\":\"Coq Editora Ltda\"},\"image\":{\"@id\":\"https:\\\/\\\/jornalboasnoticias.com.br\\\/home\\\/#\\\/schema\\\/logo\\\/image\\\/\"},\"sameAs\":[\"https:\\\/\\\/www.facebook.com\\\/boasnoticiasjornal\"]},{\"@type\":\"Person\",\"@id\":\"https:\\\/\\\/jornalboasnoticias.com.br\\\/home\\\/#\\\/schema\\\/person\\\/d641193e0afc6405b390164dac847971\",\"name\":\"Ana Luiza Bonatto\",\"image\":{\"@type\":\"ImageObject\",\"inLanguage\":\"pt-BR\",\"@id\":\"https:\\\/\\\/secure.gravatar.com\\\/avatar\\\/8a055ebe6373371f67ac6fcf313c0ac0b0a91157fdcdb9514fa62927373348f0?s=96&d=mm&r=g\",\"url\":\"https:\\\/\\\/secure.gravatar.com\\\/avatar\\\/8a055ebe6373371f67ac6fcf313c0ac0b0a91157fdcdb9514fa62927373348f0?s=96&d=mm&r=g\",\"contentUrl\":\"https:\\\/\\\/secure.gravatar.com\\\/avatar\\\/8a055ebe6373371f67ac6fcf313c0ac0b0a91157fdcdb9514fa62927373348f0?s=96&d=mm&r=g\",\"caption\":\"Ana Luiza Bonatto\"},\"url\":\"https:\\\/\\\/jornalboasnoticias.com.br\\\/home\\\/author\\\/ana-luiza\\\/\"}]}<\/script>\n<!-- \/ Yoast SEO plugin. -->","yoast_head_json":{"title":"Paran\u00e1 foi o 3\u00ba estado que mais gerou empregos com carteira assinada no ano, aponta Caged - Jornal","description":"Paran\u00e1 foi o 3\u00ba estado que mais gerou empregos com carteira assinada no ano, aponta Caged","robots":{"index":"index","follow":"follow","max-snippet":"max-snippet:-1","max-image-preview":"max-image-preview:large","max-video-preview":"max-video-preview:-1"},"canonical":"https:\/\/jornalboasnoticias.com.br\/home\/parana-foi-o-3o-estado-que-mais-gerou-empregos-com-carteira-assinada-no-ano-aponta-caged\/","og_locale":"pt_BR","og_type":"article","og_title":"Paran\u00e1 foi o 3\u00ba estado que mais gerou empregos com carteira assinada no ano, aponta Caged - Jornal","og_description":"Paran\u00e1 foi o 3\u00ba estado que mais gerou empregos com carteira assinada no ano, aponta Caged","og_url":"https:\/\/jornalboasnoticias.com.br\/home\/parana-foi-o-3o-estado-que-mais-gerou-empregos-com-carteira-assinada-no-ano-aponta-caged\/","og_site_name":"Jornal","article_publisher":"https:\/\/www.facebook.com\/boasnoticiasjornal","article_published_time":"2024-11-27T20:41:37+00:00","og_image":[{"width":2560,"height":1707,"url":"https:\/\/jornalboasnoticias.com.br\/home\/wp-content\/uploads\/2024\/11\/colibri_moveis051_0-scaled.jpg","type":"image\/jpeg"}],"author":"Ana Luiza Bonatto","twitter_card":"summary_large_image","twitter_misc":{"Escrito por":"Ana Luiza Bonatto","Est. tempo de leitura":"4 minutos"},"schema":{"@context":"https:\/\/schema.org","@graph":[{"@type":"Article","@id":"https:\/\/jornalboasnoticias.com.br\/home\/parana-foi-o-3o-estado-que-mais-gerou-empregos-com-carteira-assinada-no-ano-aponta-caged\/#article","isPartOf":{"@id":"https:\/\/jornalboasnoticias.com.br\/home\/parana-foi-o-3o-estado-que-mais-gerou-empregos-com-carteira-assinada-no-ano-aponta-caged\/"},"author":{"name":"Ana Luiza Bonatto","@id":"https:\/\/jornalboasnoticias.com.br\/home\/#\/schema\/person\/d641193e0afc6405b390164dac847971"},"headline":"Paran\u00e1 foi o 3\u00ba estado que mais gerou empregos com carteira assinada no ano, aponta Caged","datePublished":"2024-11-27T20:41:37+00:00","mainEntityOfPage":{"@id":"https:\/\/jornalboasnoticias.com.br\/home\/parana-foi-o-3o-estado-que-mais-gerou-empregos-com-carteira-assinada-no-ano-aponta-caged\/"},"wordCount":739,"commentCount":0,"publisher":{"@id":"https:\/\/jornalboasnoticias.com.br\/home\/#organization"},"image":{"@id":"https:\/\/jornalboasnoticias.com.br\/home\/parana-foi-o-3o-estado-que-mais-gerou-empregos-com-carteira-assinada-no-ano-aponta-caged\/#primaryimage"},"thumbnailUrl":"https:\/\/jornalboasnoticias.com.br\/home\/wp-content\/uploads\/2024\/11\/colibri_moveis051_0-scaled.jpg","articleSection":["DESTAQUE","PARAN\u00c1"],"inLanguage":"pt-BR","potentialAction":[{"@type":"CommentAction","name":"Comment","target":["https:\/\/jornalboasnoticias.com.br\/home\/parana-foi-o-3o-estado-que-mais-gerou-empregos-com-carteira-assinada-no-ano-aponta-caged\/#respond"]}]},{"@type":"WebPage","@id":"https:\/\/jornalboasnoticias.com.br\/home\/parana-foi-o-3o-estado-que-mais-gerou-empregos-com-carteira-assinada-no-ano-aponta-caged\/","url":"https:\/\/jornalboasnoticias.com.br\/home\/parana-foi-o-3o-estado-que-mais-gerou-empregos-com-carteira-assinada-no-ano-aponta-caged\/","name":"Paran\u00e1 foi o 3\u00ba estado que mais gerou empregos com carteira assinada no ano, aponta Caged - Jornal","isPartOf":{"@id":"https:\/\/jornalboasnoticias.com.br\/home\/#website"},"primaryImageOfPage":{"@id":"https:\/\/jornalboasnoticias.com.br\/home\/parana-foi-o-3o-estado-que-mais-gerou-empregos-com-carteira-assinada-no-ano-aponta-caged\/#primaryimage"},"image":{"@id":"https:\/\/jornalboasnoticias.com.br\/home\/parana-foi-o-3o-estado-que-mais-gerou-empregos-com-carteira-assinada-no-ano-aponta-caged\/#primaryimage"},"thumbnailUrl":"https:\/\/jornalboasnoticias.com.br\/home\/wp-content\/uploads\/2024\/11\/colibri_moveis051_0-scaled.jpg","datePublished":"2024-11-27T20:41:37+00:00","description":"Paran\u00e1 foi o 3\u00ba estado que mais gerou empregos com carteira assinada no ano, aponta Caged","breadcrumb":{"@id":"https:\/\/jornalboasnoticias.com.br\/home\/parana-foi-o-3o-estado-que-mais-gerou-empregos-com-carteira-assinada-no-ano-aponta-caged\/#breadcrumb"},"inLanguage":"pt-BR","potentialAction":[{"@type":"ReadAction","target":["https:\/\/jornalboasnoticias.com.br\/home\/parana-foi-o-3o-estado-que-mais-gerou-empregos-com-carteira-assinada-no-ano-aponta-caged\/"]}]},{"@type":"ImageObject","inLanguage":"pt-BR","@id":"https:\/\/jornalboasnoticias.com.br\/home\/parana-foi-o-3o-estado-que-mais-gerou-empregos-com-carteira-assinada-no-ano-aponta-caged\/#primaryimage","url":"https:\/\/jornalboasnoticias.com.br\/home\/wp-content\/uploads\/2024\/11\/colibri_moveis051_0-scaled.jpg","contentUrl":"https:\/\/jornalboasnoticias.com.br\/home\/wp-content\/uploads\/2024\/11\/colibri_moveis051_0-scaled.jpg","width":2560,"height":1707,"caption":"Foto: Gilson Abreu\/AEN Foto Gilson Abreu\/AEN"},{"@type":"BreadcrumbList","@id":"https:\/\/jornalboasnoticias.com.br\/home\/parana-foi-o-3o-estado-que-mais-gerou-empregos-com-carteira-assinada-no-ano-aponta-caged\/#breadcrumb","itemListElement":[{"@type":"ListItem","position":1,"name":"In\u00edcio","item":"https:\/\/jornalboasnoticias.com.br\/home\/"},{"@type":"ListItem","position":2,"name":"Paran\u00e1 foi o 3\u00ba estado que mais gerou empregos com carteira assinada no ano, aponta Caged"}]},{"@type":"WebSite","@id":"https:\/\/jornalboasnoticias.com.br\/home\/#website","url":"https:\/\/jornalboasnoticias.com.br\/home\/","name":"Jornal Boas Not\u00edcias","description":"Boas not\u00edcias","publisher":{"@id":"https:\/\/jornalboasnoticias.com.br\/home\/#organization"},"potentialAction":[{"@type":"SearchAction","target":{"@type":"EntryPoint","urlTemplate":"https:\/\/jornalboasnoticias.com.br\/home\/?s={search_term_string}"},"query-input":{"@type":"PropertyValueSpecification","valueRequired":true,"valueName":"search_term_string"}}],"inLanguage":"pt-BR"},{"@type":"Organization","@id":"https:\/\/jornalboasnoticias.com.br\/home\/#organization","name":"Coq Editora Ltda","alternateName":"Jornal Boas Noticias","url":"https:\/\/jornalboasnoticias.com.br\/home\/","logo":{"@type":"ImageObject","inLanguage":"pt-BR","@id":"https:\/\/jornalboasnoticias.com.br\/home\/#\/schema\/logo\/image\/","url":"https:\/\/jornalboasnoticias.com.br\/home\/wp-content\/uploads\/2024\/07\/cropped-logo.jpg","contentUrl":"https:\/\/jornalboasnoticias.com.br\/home\/wp-content\/uploads\/2024\/07\/cropped-logo.jpg","width":290,"height":142,"caption":"Coq Editora Ltda"},"image":{"@id":"https:\/\/jornalboasnoticias.com.br\/home\/#\/schema\/logo\/image\/"},"sameAs":["https:\/\/www.facebook.com\/boasnoticiasjornal"]},{"@type":"Person","@id":"https:\/\/jornalboasnoticias.com.br\/home\/#\/schema\/person\/d641193e0afc6405b390164dac847971","name":"Ana Luiza Bonatto","image":{"@type":"ImageObject","inLanguage":"pt-BR","@id":"https:\/\/secure.gravatar.com\/avatar\/8a055ebe6373371f67ac6fcf313c0ac0b0a91157fdcdb9514fa62927373348f0?s=96&d=mm&r=g","url":"https:\/\/secure.gravatar.com\/avatar\/8a055ebe6373371f67ac6fcf313c0ac0b0a91157fdcdb9514fa62927373348f0?s=96&d=mm&r=g","contentUrl":"https:\/\/secure.gravatar.com\/avatar\/8a055ebe6373371f67ac6fcf313c0ac0b0a91157fdcdb9514fa62927373348f0?s=96&d=mm&r=g","caption":"Ana Luiza Bonatto"},"url":"https:\/\/jornalboasnoticias.com.br\/home\/author\/ana-luiza\/"}]}},"_links":{"self":[{"href":"https:\/\/jornalboasnoticias.com.br\/home\/wp-json\/wp\/v2\/posts\/45843","targetHints":{"allow":["GET"]}}],"collection":[{"href":"https:\/\/jornalboasnoticias.com.br\/home\/wp-json\/wp\/v2\/posts"}],"about":[{"href":"https:\/\/jornalboasnoticias.com.br\/home\/wp-json\/wp\/v2\/types\/post"}],"author":[{"embeddable":true,"href":"https:\/\/jornalboasnoticias.com.br\/home\/wp-json\/wp\/v2\/users\/4"}],"replies":[{"embeddable":true,"href":"https:\/\/jornalboasnoticias.com.br\/home\/wp-json\/wp\/v2\/comments?post=45843"}],"version-history":[{"count":1,"href":"https:\/\/jornalboasnoticias.com.br\/home\/wp-json\/wp\/v2\/posts\/45843\/revisions"}],"predecessor-version":[{"id":45845,"href":"https:\/\/jornalboasnoticias.com.br\/home\/wp-json\/wp\/v2\/posts\/45843\/revisions\/45845"}],"wp:featuredmedia":[{"embeddable":true,"href":"https:\/\/jornalboasnoticias.com.br\/home\/wp-json\/wp\/v2\/media\/45844"}],"wp:attachment":[{"href":"https:\/\/jornalboasnoticias.com.br\/home\/wp-json\/wp\/v2\/media?parent=45843"}],"wp:term":[{"taxonomy":"category","embeddable":true,"href":"https:\/\/jornalboasnoticias.com.br\/home\/wp-json\/wp\/v2\/categories?post=45843"},{"taxonomy":"post_tag","embeddable":true,"href":"https:\/\/jornalboasnoticias.com.br\/home\/wp-json\/wp\/v2\/tags?post=45843"}],"curies":[{"name":"wp","href":"https:\/\/api.w.org\/{rel}","templated":true}]}}