{"id":45840,"date":"2024-11-27T20:40:26","date_gmt":"2024-11-27T20:40:26","guid":{"rendered":"https:\/\/jornalboasnoticias.com.br\/home\/?p=45840"},"modified":"2024-11-27T20:40:26","modified_gmt":"2024-11-27T20:40:26","slug":"ultima-avaliacao-do-ano-prova-parana-e-aplicada-com-prioridade-a-inclusao","status":"publish","type":"post","link":"https:\/\/jornalboasnoticias.com.br\/home\/ultima-avaliacao-do-ano-prova-parana-e-aplicada-com-prioridade-a-inclusao\/","title":{"rendered":"\u00daltima avalia\u00e7\u00e3o do ano: Prova Paran\u00e1 \u00e9 aplicada com prioridade \u00e0 inclus\u00e3o"},"content":{"rendered":"<div class=\"not-escopo-destaque\">\n<div>\n<figure id=\"attachment_45841\" aria-describedby=\"caption-attachment-45841\" style=\"width: 2560px\" class=\"wp-caption alignnone\"><img loading=\"lazy\" decoding=\"async\" class=\"size-full wp-image-45841\" src=\"https:\/\/jornalboasnoticias.com.br\/home\/wp-content\/uploads\/2024\/11\/dsc00145-aprimorado-nr-scaled.jpg\" alt=\"\" width=\"2560\" height=\"1707\" srcset=\"https:\/\/jornalboasnoticias.com.br\/home\/wp-content\/uploads\/2024\/11\/dsc00145-aprimorado-nr-scaled.jpg 2560w, https:\/\/jornalboasnoticias.com.br\/home\/wp-content\/uploads\/2024\/11\/dsc00145-aprimorado-nr-300x200.jpg 300w, https:\/\/jornalboasnoticias.com.br\/home\/wp-content\/uploads\/2024\/11\/dsc00145-aprimorado-nr-1024x683.jpg 1024w, https:\/\/jornalboasnoticias.com.br\/home\/wp-content\/uploads\/2024\/11\/dsc00145-aprimorado-nr-768x512.jpg 768w, https:\/\/jornalboasnoticias.com.br\/home\/wp-content\/uploads\/2024\/11\/dsc00145-aprimorado-nr-1536x1024.jpg 1536w, https:\/\/jornalboasnoticias.com.br\/home\/wp-content\/uploads\/2024\/11\/dsc00145-aprimorado-nr-2048x1365.jpg 2048w, https:\/\/jornalboasnoticias.com.br\/home\/wp-content\/uploads\/2024\/11\/dsc00145-aprimorado-nr-900x600.jpg 900w\" sizes=\"auto, (max-width: 2560px) 100vw, 2560px\" \/><figcaption id=\"caption-attachment-45841\" class=\"wp-caption-text\">Foto: Lucas Fermin\/Seed-Pr<\/figcaption><\/figure>\n<\/div>\n<\/div>\n<blockquote>\n<div class=\"not-escopo-destaque\">\n<div class=\"field field--name-field-escopo-destaque field--type-string-long field--label-hidden field--item\">Estudantes da Educa\u00e7\u00e3o Especial t\u00eam provas adaptadas \u00e0s suas necessidades, al\u00e9m de acompanhamento de professor especializado em determinados casos. Tempo de prova tamb\u00e9m pode ser flexibilizado. A terceira edi\u00e7\u00e3o da Prova Paran\u00e1 2024 est\u00e1 sendo aplicada nos formatos impresso (do 5\u00ba ano \u00e0 3\u00aa s\u00e9rie do Ensino M\u00e9dio) e digital (apenas para os 8\u00ba e 9\u00ba anos).<\/div>\n<\/div>\n<\/blockquote>\n<div>\n<div class=\"row\">\n<div class=\"col-sm-8 col-md-offset-1 bloco-central\">\n<article class=\"node node--type-noticia node--promoted node--view-mode-full clearfix\" role=\"article\" data-history-node-id=\"70231\">\n<div class=\"node__content clearfix\">\n<div class=\"field field--name-field-texto field--type-text-long field--label-hidden field--item\">\n<p>A Secretaria de Estado da Educa\u00e7\u00e3o aplica, nesta quarta e quinta-feira (27 e 28), a terceira e \u00faltima avalia\u00e7\u00e3o de 2024 da Prova Paran\u00e1 para todos os alunos da rede estadual de ensino. Estudantes da Educa\u00e7\u00e3o Especial t\u00eam provas adaptadas \u00e0s suas necessidades, al\u00e9m de acompanhamento de professor especializado em determinados casos.<\/p>\n<p>\u201cOs nossos estudantes da Educa\u00e7\u00e3o Especial contam com atendimento individualizado para que possam responder \u00e0s quest\u00f5es com toda a tranquilidade, inclusive com o tempo de prova ampliado, se for o caso\u201d, ressalta o secret\u00e1rio de Estado da Educa\u00e7\u00e3o, Roni Miranda.<\/p>\n<p>O teste, que ocorre a cada trimestre, abrange todas as disciplinas, com o objetivo de fornecer um diagn\u00f3stico sobre o n\u00edvel de aprendizado dos alunos de cada s\u00e9rie em rela\u00e7\u00e3o aos conte\u00fados abordados em sala de aula no per\u00edodo. Aplicada na escola onde o aluno est\u00e1 matriculado, a avalia\u00e7\u00e3o tem dura\u00e7\u00e3o de 2h30, durante o hor\u00e1rio de aula.<\/p>\n<p>\u201c\u00c9 uma avalia\u00e7\u00e3o com o objetivo de analisar o desempenho dos estudantes da rede estadual em diferentes etapas da educa\u00e7\u00e3o e, a partir dos resultados, monitorar e melhorar a qualidade da educa\u00e7\u00e3o no Estado. Os dados s\u00e3o utilizados para a implementa\u00e7\u00e3o das estrat\u00e9gias pedag\u00f3gicas necess\u00e1rias para o fortalecimento do aprendizado\u201d, explica a coordenadora de Avalia\u00e7\u00e3o da Secretaria de Estado da Educa\u00e7\u00e3o do Paran\u00e1, Jussielli de Oliveira.<\/p>\n<p>A terceira edi\u00e7\u00e3o da Prova Paran\u00e1 2024 est\u00e1 sendo aplicada nos formatos impresso (do 5\u00ba ano \u00e0 3\u00aa s\u00e9rie do Ensino M\u00e9dio) e digital (apenas para os 8\u00ba e 9\u00ba anos).<\/p>\n<p>Para garantir o direito ao acesso, \u00e0 perman\u00eancia e \u00e0 escolariza\u00e7\u00e3o dos estudantes com defici\u00eancias, transtornos globais do desenvolvimento, transtornos funcionais espec\u00edficos e altas habilidades\/superdota\u00e7\u00e3o, as N\u00facleos regionais de Educa\u00e7\u00e3o (NREs), assim como as escolas, s\u00e3o orientados para que proporcionem todas as condi\u00e7\u00f5es para a realiza\u00e7\u00e3o das provas, que s\u00e3o impressas, na maioria dos casos.<\/p>\n<p>Esse trabalho fica sob responsabilidade do Departamento de Educa\u00e7\u00e3o Inclusiva da Seed (DEIN) e do Departamento de Acompanhamento Pedag\u00f3gico (DAP), por meio da Coordena\u00e7\u00e3o de Avalia\u00e7\u00e3o (CAV).<\/p>\n<p><strong>SUPORTE T\u00c9CNICO<\/strong>\u00a0\u2013 Para os alunos com baixa vis\u00e3o, por exemplo, s\u00e3o oferecidas provas ampliadas e superampliadas, al\u00e9m de recursos \u00f3pticos espec\u00edficos: \u00f3culos, lupas, telelupas ou outros de magnifica\u00e7\u00e3o de imagem e programa de leitor de tela.<\/p>\n<p>S\u00e3o permitidas provas em folhas coloridas, para estudantes com S\u00edndrome de Irlen, que possuem sensibilidade e dificuldade de leitura, e material acompanhado de v\u00eddeo com tradu\u00e7\u00e3o em L\u00edngua Brasileira de Sinais \u2013 Libras, nos componentes curriculares de L\u00edngua Portuguesa e Matem\u00e1tica, para os estudantes surdos, que tamb\u00e9m t\u00eam garantida a presen\u00e7a do guia-int\u00e9rprete para mediar a comunica\u00e7\u00e3o e as orienta\u00e7\u00f5es para a execu\u00e7\u00e3o da prova em Libras.<\/p>\n<p>\u201cQuando for necess\u00e1rio aos estudantes da Educa\u00e7\u00e3o Especial, as avalia\u00e7\u00f5es poder\u00e3o ser flexibilizadas, podendo o professor aplicador viabilizar adequa\u00e7\u00f5es nos enunciados das quest\u00f5es, mediando com explica\u00e7\u00f5es para melhor compreens\u00e3o do estudante, considerando suas especificidades e possibilidades diante da avalia\u00e7\u00e3o diagn\u00f3stica\u201d, refor\u00e7a Ma\u00edra de Oliveira, chefe do Departamento de Educa\u00e7\u00e3o Inclusiva da Seed.<\/p>\n<p>\u201cPoder\u00e1 ainda ser flexibilizado o tempo para a realiza\u00e7\u00e3o da prova. Com rela\u00e7\u00e3o ao gabarito, se necess\u00e1rio, n\u00f3s disponibilizamos um profissional de apoio para realizar o preenchimento\u201d, acrescenta.<\/p>\n<p>Para estudantes com Transtorno do Espectro Autista (TEA) e Defici\u00eancia Intelectual, a Seed conta com profissionais especializados para verbalizar as instru\u00e7\u00f5es com ordens compreens\u00edveis e sequenciais, com explica\u00e7\u00f5es objetivas e linguagem de f\u00e1cil entendimento, contudo, sem interferir ou induzir as respostas dos estudantes.<\/p>\n<p>Caso seja identificada a necessidade de um espa\u00e7o espec\u00edfico e individualizado, a Seed orienta as escolas a utilizarem a Sala de Recursos Multifuncionais ou que a institui\u00e7\u00e3o de ensino disponibilize uma sala adequada \u00e0 necessidade do estudante, priorizando sua participa\u00e7\u00e3o efetiva nesse momento de avalia\u00e7\u00e3o diagn\u00f3stica.<\/p>\n<p><strong>OUTRAS MEDIDAS<\/strong>\u00a0\u2013 Em casos de Transtornos Funcionais Espec\u00edficos, a rede estadual disponibiliza leitor ou transcritor durante a prova (media\u00e7\u00e3o de um professor sem a interfer\u00eancia na resposta do estudante); recursos de apoio, como calculadoras ou dicion\u00e1rios; flexibilidade na forma de resposta, permitindo respostas verbais ou uso de tecnologias assistivas, aplica\u00e7\u00e3o das provas em salas com menor n\u00famero de estudantes e um ambiente tranquilo e com menos est\u00edmulos externos.<\/p>\n<p>Para os estudantes com suporte do Servi\u00e7o de Atendimento \u00e0 Rede de Escolariza\u00e7\u00e3o Hospitalar e Domiciliar (SAREH), os NREs dever\u00e3o orientar as institui\u00e7\u00f5es de ensino de origem dos estudantes afastados a fornecerem os instrumentos de avalia\u00e7\u00e3o para o professor mediador.<\/p>\n<p><strong>HOR\u00c1RIOS E RESULTADOS<\/strong>\u00a0\u2013 As provas s\u00e3o aplicadas de manh\u00e3, das 8h \u00e0s 10h30, \u00e0 tarde, das 14h \u00e0s 16h30, e \u00e0 noite, das 19h30 \u00e0s 22h. Para os estudantes da Educa\u00e7\u00e3o Integral, o hor\u00e1rio \u00e9 das 8h \u00e0s 10h30. Os relat\u00f3rios com as notas ser\u00e3o enviados por e-mail para as institui\u00e7\u00f5es de ensino, a partir de 11 de dezembro.<\/p>\n<p>Os dois dias de prova s\u00e3o divididos de acordo com as \u00e1reas de conhecimento. Em um os alunos respondem perguntas de L\u00edngua Portuguesa e Matem\u00e1tica. No outro, o conte\u00fado ser\u00e1 referente \u00e0s \u00e1reas de L\u00edngua Inglesa, Ci\u00eancias Humanas e Ci\u00eancias da Natureza.<\/p>\n<p>A divis\u00e3o \u00e9 a mesma para todos os estudantes da modalidade regular, desde o Ensino Fundamental II (6\u00ba a 9\u00ba ano) at\u00e9 o Ensino M\u00e9dio (1\u00aa a 3\u00aa s\u00e9rie), com a inclus\u00e3o dos componentes de Educa\u00e7\u00e3o Financeira, Pensamento Computacional e, para as 3\u00aa s\u00e9ries, as quest\u00f5es dos Itiner\u00e1rios Formativos do Novo Ensino M\u00e9dio (NEM).<\/p>\n<p>J\u00e1 para alunos da EJA (Educa\u00e7\u00e3o de Jovens e Adultos), a divis\u00e3o dos conte\u00fados varia de acordo com o semestre cursado.<\/p>\n<p><strong>ESTRAT\u00c9GIA\u00a0<\/strong>\u2013\u00a0A Prova Paran\u00e1 comp\u00f5e o Sistema de Avalia\u00e7\u00e3o da Educa\u00e7\u00e3o B\u00e1sica do Paran\u00e1 (SAEP) e tem como objetivo o diagn\u00f3stico das aprendizagens dos estudantes matriculados nas institui\u00e7\u00f5es de ensino da rede p\u00fablica estadual e da rede p\u00fablica municipal de educa\u00e7\u00e3o daqueles munic\u00edpios que fizeram a ades\u00e3o.<\/p>\n<p>Os resultados dessa avalia\u00e7\u00e3o subsidiam os professores, as equipes gestoras, a Secretaria de Estado da Educa\u00e7\u00e3o (SEED) e as Secretarias Municipais na defini\u00e7\u00e3o de a\u00e7\u00f5es e estrat\u00e9gias que contribuem para o processo de ensino e aprendizagem.<\/p>\n<p>(aen)<\/p>\n<\/div>\n<\/div>\n<\/article>\n<\/div>\n<\/div>\n<\/div>\n","protected":false},"excerpt":{"rendered":"<p>Estudantes da Educa\u00e7\u00e3o Especial t\u00eam provas adaptadas \u00e0s suas necessidades, al\u00e9m de acompanhamento de professor<\/p>\n","protected":false},"author":4,"featured_media":45841,"comment_status":"open","ping_status":"open","sticky":false,"template":"","format":"standard","meta":{"footnotes":""},"categories":[3,8],"tags":[],"class_list":["post-45840","post","type-post","status-publish","format-standard","has-post-thumbnail","hentry","category-destaques","category-educacao"],"yoast_head":"<!-- This site is optimized with the Yoast SEO plugin v27.5 - https:\/\/yoast.com\/product\/yoast-seo-wordpress\/ -->\n<title>\u00daltima avalia\u00e7\u00e3o do ano: Prova Paran\u00e1 \u00e9 aplicada com prioridade \u00e0 inclus\u00e3o - Jornal<\/title>\n<meta name=\"description\" content=\"\u00daltima avalia\u00e7\u00e3o do ano: Prova Paran\u00e1 \u00e9 aplicada com prioridade \u00e0 inclus\u00e3o\" \/>\n<meta name=\"robots\" content=\"index, follow, max-snippet:-1, max-image-preview:large, max-video-preview:-1\" \/>\n<link rel=\"canonical\" href=\"https:\/\/jornalboasnoticias.com.br\/home\/ultima-avaliacao-do-ano-prova-parana-e-aplicada-com-prioridade-a-inclusao\/\" \/>\n<meta property=\"og:locale\" content=\"pt_BR\" \/>\n<meta property=\"og:type\" content=\"article\" \/>\n<meta property=\"og:title\" content=\"\u00daltima avalia\u00e7\u00e3o do ano: Prova Paran\u00e1 \u00e9 aplicada com prioridade \u00e0 inclus\u00e3o - Jornal\" \/>\n<meta property=\"og:description\" content=\"\u00daltima avalia\u00e7\u00e3o do ano: Prova Paran\u00e1 \u00e9 aplicada com prioridade \u00e0 inclus\u00e3o\" \/>\n<meta property=\"og:url\" content=\"https:\/\/jornalboasnoticias.com.br\/home\/ultima-avaliacao-do-ano-prova-parana-e-aplicada-com-prioridade-a-inclusao\/\" \/>\n<meta property=\"og:site_name\" content=\"Jornal\" \/>\n<meta property=\"article:publisher\" content=\"https:\/\/www.facebook.com\/boasnoticiasjornal\" \/>\n<meta property=\"article:published_time\" content=\"2024-11-27T20:40:26+00:00\" \/>\n<meta property=\"og:image\" content=\"https:\/\/jornalboasnoticias.com.br\/home\/wp-content\/uploads\/2024\/11\/dsc00145-aprimorado-nr-scaled.jpg\" \/>\n\t<meta property=\"og:image:width\" content=\"2560\" \/>\n\t<meta property=\"og:image:height\" content=\"1707\" \/>\n\t<meta property=\"og:image:type\" content=\"image\/jpeg\" \/>\n<meta name=\"author\" content=\"Ana Luiza Bonatto\" \/>\n<meta name=\"twitter:card\" content=\"summary_large_image\" \/>\n<meta name=\"twitter:label1\" content=\"Escrito por\" \/>\n\t<meta name=\"twitter:data1\" content=\"Ana Luiza Bonatto\" \/>\n\t<meta name=\"twitter:label2\" content=\"Est. tempo de leitura\" \/>\n\t<meta name=\"twitter:data2\" content=\"6 minutos\" \/>\n<script type=\"application\/ld+json\" class=\"yoast-schema-graph\">{\"@context\":\"https:\\\/\\\/schema.org\",\"@graph\":[{\"@type\":\"Article\",\"@id\":\"https:\\\/\\\/jornalboasnoticias.com.br\\\/home\\\/ultima-avaliacao-do-ano-prova-parana-e-aplicada-com-prioridade-a-inclusao\\\/#article\",\"isPartOf\":{\"@id\":\"https:\\\/\\\/jornalboasnoticias.com.br\\\/home\\\/ultima-avaliacao-do-ano-prova-parana-e-aplicada-com-prioridade-a-inclusao\\\/\"},\"author\":{\"name\":\"Ana Luiza Bonatto\",\"@id\":\"https:\\\/\\\/jornalboasnoticias.com.br\\\/home\\\/#\\\/schema\\\/person\\\/d641193e0afc6405b390164dac847971\"},\"headline\":\"\u00daltima avalia\u00e7\u00e3o do ano: Prova Paran\u00e1 \u00e9 aplicada com prioridade \u00e0 inclus\u00e3o\",\"datePublished\":\"2024-11-27T20:40:26+00:00\",\"mainEntityOfPage\":{\"@id\":\"https:\\\/\\\/jornalboasnoticias.com.br\\\/home\\\/ultima-avaliacao-do-ano-prova-parana-e-aplicada-com-prioridade-a-inclusao\\\/\"},\"wordCount\":1175,\"commentCount\":0,\"publisher\":{\"@id\":\"https:\\\/\\\/jornalboasnoticias.com.br\\\/home\\\/#organization\"},\"image\":{\"@id\":\"https:\\\/\\\/jornalboasnoticias.com.br\\\/home\\\/ultima-avaliacao-do-ano-prova-parana-e-aplicada-com-prioridade-a-inclusao\\\/#primaryimage\"},\"thumbnailUrl\":\"https:\\\/\\\/jornalboasnoticias.com.br\\\/home\\\/wp-content\\\/uploads\\\/2024\\\/11\\\/dsc00145-aprimorado-nr-scaled.jpg\",\"articleSection\":[\"DESTAQUE\",\"EDUCA\u00c7\u00c3O\"],\"inLanguage\":\"pt-BR\",\"potentialAction\":[{\"@type\":\"CommentAction\",\"name\":\"Comment\",\"target\":[\"https:\\\/\\\/jornalboasnoticias.com.br\\\/home\\\/ultima-avaliacao-do-ano-prova-parana-e-aplicada-com-prioridade-a-inclusao\\\/#respond\"]}]},{\"@type\":\"WebPage\",\"@id\":\"https:\\\/\\\/jornalboasnoticias.com.br\\\/home\\\/ultima-avaliacao-do-ano-prova-parana-e-aplicada-com-prioridade-a-inclusao\\\/\",\"url\":\"https:\\\/\\\/jornalboasnoticias.com.br\\\/home\\\/ultima-avaliacao-do-ano-prova-parana-e-aplicada-com-prioridade-a-inclusao\\\/\",\"name\":\"\u00daltima avalia\u00e7\u00e3o do ano: Prova Paran\u00e1 \u00e9 aplicada com prioridade \u00e0 inclus\u00e3o - Jornal\",\"isPartOf\":{\"@id\":\"https:\\\/\\\/jornalboasnoticias.com.br\\\/home\\\/#website\"},\"primaryImageOfPage\":{\"@id\":\"https:\\\/\\\/jornalboasnoticias.com.br\\\/home\\\/ultima-avaliacao-do-ano-prova-parana-e-aplicada-com-prioridade-a-inclusao\\\/#primaryimage\"},\"image\":{\"@id\":\"https:\\\/\\\/jornalboasnoticias.com.br\\\/home\\\/ultima-avaliacao-do-ano-prova-parana-e-aplicada-com-prioridade-a-inclusao\\\/#primaryimage\"},\"thumbnailUrl\":\"https:\\\/\\\/jornalboasnoticias.com.br\\\/home\\\/wp-content\\\/uploads\\\/2024\\\/11\\\/dsc00145-aprimorado-nr-scaled.jpg\",\"datePublished\":\"2024-11-27T20:40:26+00:00\",\"description\":\"\u00daltima avalia\u00e7\u00e3o do ano: Prova Paran\u00e1 \u00e9 aplicada com prioridade \u00e0 inclus\u00e3o\",\"breadcrumb\":{\"@id\":\"https:\\\/\\\/jornalboasnoticias.com.br\\\/home\\\/ultima-avaliacao-do-ano-prova-parana-e-aplicada-com-prioridade-a-inclusao\\\/#breadcrumb\"},\"inLanguage\":\"pt-BR\",\"potentialAction\":[{\"@type\":\"ReadAction\",\"target\":[\"https:\\\/\\\/jornalboasnoticias.com.br\\\/home\\\/ultima-avaliacao-do-ano-prova-parana-e-aplicada-com-prioridade-a-inclusao\\\/\"]}]},{\"@type\":\"ImageObject\",\"inLanguage\":\"pt-BR\",\"@id\":\"https:\\\/\\\/jornalboasnoticias.com.br\\\/home\\\/ultima-avaliacao-do-ano-prova-parana-e-aplicada-com-prioridade-a-inclusao\\\/#primaryimage\",\"url\":\"https:\\\/\\\/jornalboasnoticias.com.br\\\/home\\\/wp-content\\\/uploads\\\/2024\\\/11\\\/dsc00145-aprimorado-nr-scaled.jpg\",\"contentUrl\":\"https:\\\/\\\/jornalboasnoticias.com.br\\\/home\\\/wp-content\\\/uploads\\\/2024\\\/11\\\/dsc00145-aprimorado-nr-scaled.jpg\",\"width\":2560,\"height\":1707,\"caption\":\"Foto: Lucas Fermin\\\/Seed-Pr\"},{\"@type\":\"BreadcrumbList\",\"@id\":\"https:\\\/\\\/jornalboasnoticias.com.br\\\/home\\\/ultima-avaliacao-do-ano-prova-parana-e-aplicada-com-prioridade-a-inclusao\\\/#breadcrumb\",\"itemListElement\":[{\"@type\":\"ListItem\",\"position\":1,\"name\":\"In\u00edcio\",\"item\":\"https:\\\/\\\/jornalboasnoticias.com.br\\\/home\\\/\"},{\"@type\":\"ListItem\",\"position\":2,\"name\":\"\u00daltima avalia\u00e7\u00e3o do ano: Prova Paran\u00e1 \u00e9 aplicada com prioridade \u00e0 inclus\u00e3o\"}]},{\"@type\":\"WebSite\",\"@id\":\"https:\\\/\\\/jornalboasnoticias.com.br\\\/home\\\/#website\",\"url\":\"https:\\\/\\\/jornalboasnoticias.com.br\\\/home\\\/\",\"name\":\"Jornal Boas Not\u00edcias\",\"description\":\"Boas not\u00edcias\",\"publisher\":{\"@id\":\"https:\\\/\\\/jornalboasnoticias.com.br\\\/home\\\/#organization\"},\"potentialAction\":[{\"@type\":\"SearchAction\",\"target\":{\"@type\":\"EntryPoint\",\"urlTemplate\":\"https:\\\/\\\/jornalboasnoticias.com.br\\\/home\\\/?s={search_term_string}\"},\"query-input\":{\"@type\":\"PropertyValueSpecification\",\"valueRequired\":true,\"valueName\":\"search_term_string\"}}],\"inLanguage\":\"pt-BR\"},{\"@type\":\"Organization\",\"@id\":\"https:\\\/\\\/jornalboasnoticias.com.br\\\/home\\\/#organization\",\"name\":\"Coq Editora Ltda\",\"alternateName\":\"Jornal Boas Noticias\",\"url\":\"https:\\\/\\\/jornalboasnoticias.com.br\\\/home\\\/\",\"logo\":{\"@type\":\"ImageObject\",\"inLanguage\":\"pt-BR\",\"@id\":\"https:\\\/\\\/jornalboasnoticias.com.br\\\/home\\\/#\\\/schema\\\/logo\\\/image\\\/\",\"url\":\"https:\\\/\\\/jornalboasnoticias.com.br\\\/home\\\/wp-content\\\/uploads\\\/2024\\\/07\\\/cropped-logo.jpg\",\"contentUrl\":\"https:\\\/\\\/jornalboasnoticias.com.br\\\/home\\\/wp-content\\\/uploads\\\/2024\\\/07\\\/cropped-logo.jpg\",\"width\":290,\"height\":142,\"caption\":\"Coq Editora Ltda\"},\"image\":{\"@id\":\"https:\\\/\\\/jornalboasnoticias.com.br\\\/home\\\/#\\\/schema\\\/logo\\\/image\\\/\"},\"sameAs\":[\"https:\\\/\\\/www.facebook.com\\\/boasnoticiasjornal\"]},{\"@type\":\"Person\",\"@id\":\"https:\\\/\\\/jornalboasnoticias.com.br\\\/home\\\/#\\\/schema\\\/person\\\/d641193e0afc6405b390164dac847971\",\"name\":\"Ana Luiza Bonatto\",\"image\":{\"@type\":\"ImageObject\",\"inLanguage\":\"pt-BR\",\"@id\":\"https:\\\/\\\/secure.gravatar.com\\\/avatar\\\/8a055ebe6373371f67ac6fcf313c0ac0b0a91157fdcdb9514fa62927373348f0?s=96&d=mm&r=g\",\"url\":\"https:\\\/\\\/secure.gravatar.com\\\/avatar\\\/8a055ebe6373371f67ac6fcf313c0ac0b0a91157fdcdb9514fa62927373348f0?s=96&d=mm&r=g\",\"contentUrl\":\"https:\\\/\\\/secure.gravatar.com\\\/avatar\\\/8a055ebe6373371f67ac6fcf313c0ac0b0a91157fdcdb9514fa62927373348f0?s=96&d=mm&r=g\",\"caption\":\"Ana Luiza Bonatto\"},\"url\":\"https:\\\/\\\/jornalboasnoticias.com.br\\\/home\\\/author\\\/ana-luiza\\\/\"}]}<\/script>\n<!-- \/ Yoast SEO plugin. -->","yoast_head_json":{"title":"\u00daltima avalia\u00e7\u00e3o do ano: Prova Paran\u00e1 \u00e9 aplicada com prioridade \u00e0 inclus\u00e3o - Jornal","description":"\u00daltima avalia\u00e7\u00e3o do ano: Prova Paran\u00e1 \u00e9 aplicada com prioridade \u00e0 inclus\u00e3o","robots":{"index":"index","follow":"follow","max-snippet":"max-snippet:-1","max-image-preview":"max-image-preview:large","max-video-preview":"max-video-preview:-1"},"canonical":"https:\/\/jornalboasnoticias.com.br\/home\/ultima-avaliacao-do-ano-prova-parana-e-aplicada-com-prioridade-a-inclusao\/","og_locale":"pt_BR","og_type":"article","og_title":"\u00daltima avalia\u00e7\u00e3o do ano: Prova Paran\u00e1 \u00e9 aplicada com prioridade \u00e0 inclus\u00e3o - Jornal","og_description":"\u00daltima avalia\u00e7\u00e3o do ano: Prova Paran\u00e1 \u00e9 aplicada com prioridade \u00e0 inclus\u00e3o","og_url":"https:\/\/jornalboasnoticias.com.br\/home\/ultima-avaliacao-do-ano-prova-parana-e-aplicada-com-prioridade-a-inclusao\/","og_site_name":"Jornal","article_publisher":"https:\/\/www.facebook.com\/boasnoticiasjornal","article_published_time":"2024-11-27T20:40:26+00:00","og_image":[{"width":2560,"height":1707,"url":"https:\/\/jornalboasnoticias.com.br\/home\/wp-content\/uploads\/2024\/11\/dsc00145-aprimorado-nr-scaled.jpg","type":"image\/jpeg"}],"author":"Ana Luiza Bonatto","twitter_card":"summary_large_image","twitter_misc":{"Escrito por":"Ana Luiza Bonatto","Est. tempo de leitura":"6 minutos"},"schema":{"@context":"https:\/\/schema.org","@graph":[{"@type":"Article","@id":"https:\/\/jornalboasnoticias.com.br\/home\/ultima-avaliacao-do-ano-prova-parana-e-aplicada-com-prioridade-a-inclusao\/#article","isPartOf":{"@id":"https:\/\/jornalboasnoticias.com.br\/home\/ultima-avaliacao-do-ano-prova-parana-e-aplicada-com-prioridade-a-inclusao\/"},"author":{"name":"Ana Luiza Bonatto","@id":"https:\/\/jornalboasnoticias.com.br\/home\/#\/schema\/person\/d641193e0afc6405b390164dac847971"},"headline":"\u00daltima avalia\u00e7\u00e3o do ano: Prova Paran\u00e1 \u00e9 aplicada com prioridade \u00e0 inclus\u00e3o","datePublished":"2024-11-27T20:40:26+00:00","mainEntityOfPage":{"@id":"https:\/\/jornalboasnoticias.com.br\/home\/ultima-avaliacao-do-ano-prova-parana-e-aplicada-com-prioridade-a-inclusao\/"},"wordCount":1175,"commentCount":0,"publisher":{"@id":"https:\/\/jornalboasnoticias.com.br\/home\/#organization"},"image":{"@id":"https:\/\/jornalboasnoticias.com.br\/home\/ultima-avaliacao-do-ano-prova-parana-e-aplicada-com-prioridade-a-inclusao\/#primaryimage"},"thumbnailUrl":"https:\/\/jornalboasnoticias.com.br\/home\/wp-content\/uploads\/2024\/11\/dsc00145-aprimorado-nr-scaled.jpg","articleSection":["DESTAQUE","EDUCA\u00c7\u00c3O"],"inLanguage":"pt-BR","potentialAction":[{"@type":"CommentAction","name":"Comment","target":["https:\/\/jornalboasnoticias.com.br\/home\/ultima-avaliacao-do-ano-prova-parana-e-aplicada-com-prioridade-a-inclusao\/#respond"]}]},{"@type":"WebPage","@id":"https:\/\/jornalboasnoticias.com.br\/home\/ultima-avaliacao-do-ano-prova-parana-e-aplicada-com-prioridade-a-inclusao\/","url":"https:\/\/jornalboasnoticias.com.br\/home\/ultima-avaliacao-do-ano-prova-parana-e-aplicada-com-prioridade-a-inclusao\/","name":"\u00daltima avalia\u00e7\u00e3o do ano: Prova Paran\u00e1 \u00e9 aplicada com prioridade \u00e0 inclus\u00e3o - Jornal","isPartOf":{"@id":"https:\/\/jornalboasnoticias.com.br\/home\/#website"},"primaryImageOfPage":{"@id":"https:\/\/jornalboasnoticias.com.br\/home\/ultima-avaliacao-do-ano-prova-parana-e-aplicada-com-prioridade-a-inclusao\/#primaryimage"},"image":{"@id":"https:\/\/jornalboasnoticias.com.br\/home\/ultima-avaliacao-do-ano-prova-parana-e-aplicada-com-prioridade-a-inclusao\/#primaryimage"},"thumbnailUrl":"https:\/\/jornalboasnoticias.com.br\/home\/wp-content\/uploads\/2024\/11\/dsc00145-aprimorado-nr-scaled.jpg","datePublished":"2024-11-27T20:40:26+00:00","description":"\u00daltima avalia\u00e7\u00e3o do ano: Prova Paran\u00e1 \u00e9 aplicada com prioridade \u00e0 inclus\u00e3o","breadcrumb":{"@id":"https:\/\/jornalboasnoticias.com.br\/home\/ultima-avaliacao-do-ano-prova-parana-e-aplicada-com-prioridade-a-inclusao\/#breadcrumb"},"inLanguage":"pt-BR","potentialAction":[{"@type":"ReadAction","target":["https:\/\/jornalboasnoticias.com.br\/home\/ultima-avaliacao-do-ano-prova-parana-e-aplicada-com-prioridade-a-inclusao\/"]}]},{"@type":"ImageObject","inLanguage":"pt-BR","@id":"https:\/\/jornalboasnoticias.com.br\/home\/ultima-avaliacao-do-ano-prova-parana-e-aplicada-com-prioridade-a-inclusao\/#primaryimage","url":"https:\/\/jornalboasnoticias.com.br\/home\/wp-content\/uploads\/2024\/11\/dsc00145-aprimorado-nr-scaled.jpg","contentUrl":"https:\/\/jornalboasnoticias.com.br\/home\/wp-content\/uploads\/2024\/11\/dsc00145-aprimorado-nr-scaled.jpg","width":2560,"height":1707,"caption":"Foto: Lucas Fermin\/Seed-Pr"},{"@type":"BreadcrumbList","@id":"https:\/\/jornalboasnoticias.com.br\/home\/ultima-avaliacao-do-ano-prova-parana-e-aplicada-com-prioridade-a-inclusao\/#breadcrumb","itemListElement":[{"@type":"ListItem","position":1,"name":"In\u00edcio","item":"https:\/\/jornalboasnoticias.com.br\/home\/"},{"@type":"ListItem","position":2,"name":"\u00daltima avalia\u00e7\u00e3o do ano: Prova Paran\u00e1 \u00e9 aplicada com prioridade \u00e0 inclus\u00e3o"}]},{"@type":"WebSite","@id":"https:\/\/jornalboasnoticias.com.br\/home\/#website","url":"https:\/\/jornalboasnoticias.com.br\/home\/","name":"Jornal Boas Not\u00edcias","description":"Boas not\u00edcias","publisher":{"@id":"https:\/\/jornalboasnoticias.com.br\/home\/#organization"},"potentialAction":[{"@type":"SearchAction","target":{"@type":"EntryPoint","urlTemplate":"https:\/\/jornalboasnoticias.com.br\/home\/?s={search_term_string}"},"query-input":{"@type":"PropertyValueSpecification","valueRequired":true,"valueName":"search_term_string"}}],"inLanguage":"pt-BR"},{"@type":"Organization","@id":"https:\/\/jornalboasnoticias.com.br\/home\/#organization","name":"Coq Editora Ltda","alternateName":"Jornal Boas Noticias","url":"https:\/\/jornalboasnoticias.com.br\/home\/","logo":{"@type":"ImageObject","inLanguage":"pt-BR","@id":"https:\/\/jornalboasnoticias.com.br\/home\/#\/schema\/logo\/image\/","url":"https:\/\/jornalboasnoticias.com.br\/home\/wp-content\/uploads\/2024\/07\/cropped-logo.jpg","contentUrl":"https:\/\/jornalboasnoticias.com.br\/home\/wp-content\/uploads\/2024\/07\/cropped-logo.jpg","width":290,"height":142,"caption":"Coq Editora Ltda"},"image":{"@id":"https:\/\/jornalboasnoticias.com.br\/home\/#\/schema\/logo\/image\/"},"sameAs":["https:\/\/www.facebook.com\/boasnoticiasjornal"]},{"@type":"Person","@id":"https:\/\/jornalboasnoticias.com.br\/home\/#\/schema\/person\/d641193e0afc6405b390164dac847971","name":"Ana Luiza Bonatto","image":{"@type":"ImageObject","inLanguage":"pt-BR","@id":"https:\/\/secure.gravatar.com\/avatar\/8a055ebe6373371f67ac6fcf313c0ac0b0a91157fdcdb9514fa62927373348f0?s=96&d=mm&r=g","url":"https:\/\/secure.gravatar.com\/avatar\/8a055ebe6373371f67ac6fcf313c0ac0b0a91157fdcdb9514fa62927373348f0?s=96&d=mm&r=g","contentUrl":"https:\/\/secure.gravatar.com\/avatar\/8a055ebe6373371f67ac6fcf313c0ac0b0a91157fdcdb9514fa62927373348f0?s=96&d=mm&r=g","caption":"Ana Luiza Bonatto"},"url":"https:\/\/jornalboasnoticias.com.br\/home\/author\/ana-luiza\/"}]}},"_links":{"self":[{"href":"https:\/\/jornalboasnoticias.com.br\/home\/wp-json\/wp\/v2\/posts\/45840","targetHints":{"allow":["GET"]}}],"collection":[{"href":"https:\/\/jornalboasnoticias.com.br\/home\/wp-json\/wp\/v2\/posts"}],"about":[{"href":"https:\/\/jornalboasnoticias.com.br\/home\/wp-json\/wp\/v2\/types\/post"}],"author":[{"embeddable":true,"href":"https:\/\/jornalboasnoticias.com.br\/home\/wp-json\/wp\/v2\/users\/4"}],"replies":[{"embeddable":true,"href":"https:\/\/jornalboasnoticias.com.br\/home\/wp-json\/wp\/v2\/comments?post=45840"}],"version-history":[{"count":1,"href":"https:\/\/jornalboasnoticias.com.br\/home\/wp-json\/wp\/v2\/posts\/45840\/revisions"}],"predecessor-version":[{"id":45842,"href":"https:\/\/jornalboasnoticias.com.br\/home\/wp-json\/wp\/v2\/posts\/45840\/revisions\/45842"}],"wp:featuredmedia":[{"embeddable":true,"href":"https:\/\/jornalboasnoticias.com.br\/home\/wp-json\/wp\/v2\/media\/45841"}],"wp:attachment":[{"href":"https:\/\/jornalboasnoticias.com.br\/home\/wp-json\/wp\/v2\/media?parent=45840"}],"wp:term":[{"taxonomy":"category","embeddable":true,"href":"https:\/\/jornalboasnoticias.com.br\/home\/wp-json\/wp\/v2\/categories?post=45840"},{"taxonomy":"post_tag","embeddable":true,"href":"https:\/\/jornalboasnoticias.com.br\/home\/wp-json\/wp\/v2\/tags?post=45840"}],"curies":[{"name":"wp","href":"https:\/\/api.w.org\/{rel}","templated":true}]}}