{"id":45829,"date":"2024-11-27T20:03:20","date_gmt":"2024-11-27T20:03:20","guid":{"rendered":"https:\/\/jornalboasnoticias.com.br\/home\/?p=45829"},"modified":"2024-11-27T20:03:20","modified_gmt":"2024-11-27T20:03:20","slug":"adesao-ao-mutirao-de-negociacao-financeira-vai-ate-sabado","status":"publish","type":"post","link":"https:\/\/jornalboasnoticias.com.br\/home\/adesao-ao-mutirao-de-negociacao-financeira-vai-ate-sabado\/","title":{"rendered":"Ades\u00e3o ao Mutir\u00e3o de Negocia\u00e7\u00e3o Financeira vai at\u00e9 s\u00e1bado"},"content":{"rendered":"<div class=\"header-noticia full-width\">\n<div>\n<figure id=\"attachment_45830\" aria-describedby=\"caption-attachment-45830\" style=\"width: 1170px\" class=\"wp-caption alignnone\"><img loading=\"lazy\" decoding=\"async\" class=\"size-full wp-image-45830\" src=\"https:\/\/jornalboasnoticias.com.br\/home\/wp-content\/uploads\/2024\/11\/0d8a1409.webp\" alt=\"\" width=\"1170\" height=\"700\" srcset=\"https:\/\/jornalboasnoticias.com.br\/home\/wp-content\/uploads\/2024\/11\/0d8a1409.webp 1170w, https:\/\/jornalboasnoticias.com.br\/home\/wp-content\/uploads\/2024\/11\/0d8a1409-300x179.webp 300w, https:\/\/jornalboasnoticias.com.br\/home\/wp-content\/uploads\/2024\/11\/0d8a1409-1024x613.webp 1024w, https:\/\/jornalboasnoticias.com.br\/home\/wp-content\/uploads\/2024\/11\/0d8a1409-768x459.webp 768w\" sizes=\"auto, (max-width: 1170px) 100vw, 1170px\" \/><figcaption id=\"caption-attachment-45830\" class=\"wp-caption-text\">\u00a9 Jo\u00e9dson Alves\/Ag\u00eancia Brasil<\/figcaption><\/figure>\n<\/div>\n<\/div>\n<blockquote>\n<div class=\"header-noticia full-width\">\n<div class=\"linha-fina-noticia\">A\u00e7\u00e3o \u00e9 promovida pela Febraban e parceiros<\/div>\n<\/div>\n<\/blockquote>\n<div class=\"container-autoria\">\n<p>Consumidores interessados em negociar d\u00edvidas banc\u00e1rias em atraso t\u00eam at\u00e9 o pr\u00f3ximo s\u00e1bado (30) para aderir ao Mutir\u00e3o de Negocia\u00e7\u00e3o e Orienta\u00e7\u00e3o Financeira promovido pela Federa\u00e7\u00e3o Brasileira de Bancos (Febraban) em parceria com o Banco Central (BC), a Secretaria Nacional do Consumidor (Senacon) e Procons de todo o pa\u00eds e envolve mais de 160 institui\u00e7\u00f5es financeiras, al\u00e9m de entidades parceiras. O Serasa tamb\u00e9m participa por meio do Feir\u00e3o Limpa Nome.<img decoding=\"async\" src=\"https:\/\/agenciabrasil.ebc.com.br\/ebc.png?id=1621462&amp;o=node\" \/><img decoding=\"async\" src=\"https:\/\/agenciabrasil.ebc.com.br\/ebc.gif?id=1621462&amp;o=node\" \/><\/p>\n<p>Para aderir \u00e9 preciso ter uma conta prata ou ouro. Podem ser negociadas d\u00edvidas no cart\u00e3o de cr\u00e9dito, cheque especial, cr\u00e9dito consignado e demais modalidades de cr\u00e9dito contra\u00eddas de bancos e institui\u00e7\u00f5es financeiras, que estejam em atraso e n\u00e3o tenham bens dados em garantia, nem d\u00edvidas prescritas. Os bancos participantes oferecem parcelamento, descontos no valor da d\u00edvida ou ainda taxas de juros reduzidas para refinanciamento, conforme sua pol\u00edtica de cr\u00e9dito.<\/p>\n<p>\u201cAgora, os dois maiores eventos de negocia\u00e7\u00f5es de d\u00edvidas do pa\u00eds se complementam para fortalecer o combate \u00e0 inadimpl\u00eancia e prevenir o superendividamento. Al\u00e9m das negocia\u00e7\u00f5es, o consumidor ter\u00e1 acesso a conte\u00fado gratuito sobre educa\u00e7\u00e3o financeira, que ir\u00e1 ajud\u00e1-lo a ter uma rela\u00e7\u00e3o mais saud\u00e1vel com suas finan\u00e7as\u201d, disse o diretor executivo de Cidadania Financeira da Febraban, Amaury Oliva.<\/p>\n<p>As negocia\u00e7\u00f5es podem ser feitas pelo canal remoto dos bancos e pela plataforma\u00a0<a href=\"https:\/\/www.consumidor.gov.br\/pages\/principal\/?1732732860771\" target=\"_blank\" rel=\"noopener\">ConsumidorGovBr<\/a>. Tamb\u00e9m \u00e9 poss\u00edvel negociar nos Procons participantes at\u00e9 sexta-feira, presencialmente; Via Serasa, pelo site ou aplicativo; nas ag\u00eancias dos Correios, at\u00e9 o final do feir\u00e3o, na sexta-feira.<\/p>\n<p>As informa\u00e7\u00f5es completas sobre o Mutir\u00e3o 2024, o passo a passo para negociar, assim como a lista das entidades participantes, podem ser consultadas na\u00a0<a href=\"https:\/\/plataforma.meubolsoemdia.com.br\/?utm_source=googleads&amp;utm_medium=Search&amp;utm_campaign=controle&amp;gad_source=1&amp;gclid=Cj0KCQiAo5u6BhDJARIsAAVoDWu3dsvA0Fv3NQtRWTD2QU8YPyOq6lLfFbguazoAJlkmsxOyZIFBcw0aAnKvEALw_wcB\" target=\"_blank\" rel=\"noopener\">p\u00e1gina Meu Bolso em Dia Febraban<\/a>.<\/p>\n<p>(Ag\u00eancia Brasil)<\/p>\n<\/div>\n","protected":false},"excerpt":{"rendered":"<p>A\u00e7\u00e3o \u00e9 promovida pela Febraban e parceiros Consumidores interessados em negociar d\u00edvidas banc\u00e1rias em atraso<\/p>\n","protected":false},"author":4,"featured_media":45830,"comment_status":"open","ping_status":"open","sticky":false,"template":"","format":"standard","meta":{"footnotes":""},"categories":[3,5],"tags":[],"class_list":["post-45829","post","type-post","status-publish","format-standard","has-post-thumbnail","hentry","category-destaques","category-economia"],"yoast_head":"<!-- This site is optimized with the Yoast SEO plugin v27.5 - https:\/\/yoast.com\/product\/yoast-seo-wordpress\/ -->\n<title>Ades\u00e3o ao Mutir\u00e3o de Negocia\u00e7\u00e3o Financeira vai at\u00e9 s\u00e1bado - Jornal<\/title>\n<meta name=\"description\" content=\"Ades\u00e3o ao Mutir\u00e3o de Negocia\u00e7\u00e3o Financeira vai at\u00e9 s\u00e1bado\" \/>\n<meta name=\"robots\" content=\"index, follow, max-snippet:-1, max-image-preview:large, max-video-preview:-1\" \/>\n<link rel=\"canonical\" href=\"https:\/\/jornalboasnoticias.com.br\/home\/adesao-ao-mutirao-de-negociacao-financeira-vai-ate-sabado\/\" \/>\n<meta property=\"og:locale\" content=\"pt_BR\" \/>\n<meta property=\"og:type\" content=\"article\" \/>\n<meta property=\"og:title\" content=\"Ades\u00e3o ao Mutir\u00e3o de Negocia\u00e7\u00e3o Financeira vai at\u00e9 s\u00e1bado - Jornal\" \/>\n<meta property=\"og:description\" content=\"Ades\u00e3o ao Mutir\u00e3o de Negocia\u00e7\u00e3o Financeira vai at\u00e9 s\u00e1bado\" \/>\n<meta property=\"og:url\" content=\"https:\/\/jornalboasnoticias.com.br\/home\/adesao-ao-mutirao-de-negociacao-financeira-vai-ate-sabado\/\" \/>\n<meta property=\"og:site_name\" content=\"Jornal\" \/>\n<meta property=\"article:publisher\" content=\"https:\/\/www.facebook.com\/boasnoticiasjornal\" \/>\n<meta property=\"article:published_time\" content=\"2024-11-27T20:03:20+00:00\" \/>\n<meta property=\"og:image\" content=\"https:\/\/jornalboasnoticias.com.br\/home\/wp-content\/uploads\/2024\/11\/0d8a1409.webp\" \/>\n\t<meta property=\"og:image:width\" content=\"1170\" \/>\n\t<meta property=\"og:image:height\" content=\"700\" \/>\n\t<meta property=\"og:image:type\" content=\"image\/webp\" \/>\n<meta name=\"author\" content=\"Ana Luiza Bonatto\" \/>\n<meta name=\"twitter:card\" content=\"summary_large_image\" \/>\n<meta name=\"twitter:label1\" content=\"Escrito por\" \/>\n\t<meta name=\"twitter:data1\" content=\"Ana Luiza Bonatto\" \/>\n\t<meta name=\"twitter:label2\" content=\"Est. tempo de leitura\" \/>\n\t<meta name=\"twitter:data2\" content=\"3 minutos\" \/>\n<script type=\"application\/ld+json\" class=\"yoast-schema-graph\">{\"@context\":\"https:\\\/\\\/schema.org\",\"@graph\":[{\"@type\":\"Article\",\"@id\":\"https:\\\/\\\/jornalboasnoticias.com.br\\\/home\\\/adesao-ao-mutirao-de-negociacao-financeira-vai-ate-sabado\\\/#article\",\"isPartOf\":{\"@id\":\"https:\\\/\\\/jornalboasnoticias.com.br\\\/home\\\/adesao-ao-mutirao-de-negociacao-financeira-vai-ate-sabado\\\/\"},\"author\":{\"name\":\"Ana Luiza Bonatto\",\"@id\":\"https:\\\/\\\/jornalboasnoticias.com.br\\\/home\\\/#\\\/schema\\\/person\\\/d641193e0afc6405b390164dac847971\"},\"headline\":\"Ades\u00e3o ao Mutir\u00e3o de Negocia\u00e7\u00e3o Financeira vai at\u00e9 s\u00e1bado\",\"datePublished\":\"2024-11-27T20:03:20+00:00\",\"mainEntityOfPage\":{\"@id\":\"https:\\\/\\\/jornalboasnoticias.com.br\\\/home\\\/adesao-ao-mutirao-de-negociacao-financeira-vai-ate-sabado\\\/\"},\"wordCount\":346,\"commentCount\":0,\"publisher\":{\"@id\":\"https:\\\/\\\/jornalboasnoticias.com.br\\\/home\\\/#organization\"},\"image\":{\"@id\":\"https:\\\/\\\/jornalboasnoticias.com.br\\\/home\\\/adesao-ao-mutirao-de-negociacao-financeira-vai-ate-sabado\\\/#primaryimage\"},\"thumbnailUrl\":\"https:\\\/\\\/jornalboasnoticias.com.br\\\/home\\\/wp-content\\\/uploads\\\/2024\\\/11\\\/0d8a1409.webp\",\"articleSection\":[\"DESTAQUE\",\"ECONOMIA\"],\"inLanguage\":\"pt-BR\",\"potentialAction\":[{\"@type\":\"CommentAction\",\"name\":\"Comment\",\"target\":[\"https:\\\/\\\/jornalboasnoticias.com.br\\\/home\\\/adesao-ao-mutirao-de-negociacao-financeira-vai-ate-sabado\\\/#respond\"]}]},{\"@type\":\"WebPage\",\"@id\":\"https:\\\/\\\/jornalboasnoticias.com.br\\\/home\\\/adesao-ao-mutirao-de-negociacao-financeira-vai-ate-sabado\\\/\",\"url\":\"https:\\\/\\\/jornalboasnoticias.com.br\\\/home\\\/adesao-ao-mutirao-de-negociacao-financeira-vai-ate-sabado\\\/\",\"name\":\"Ades\u00e3o ao Mutir\u00e3o de Negocia\u00e7\u00e3o Financeira vai at\u00e9 s\u00e1bado - Jornal\",\"isPartOf\":{\"@id\":\"https:\\\/\\\/jornalboasnoticias.com.br\\\/home\\\/#website\"},\"primaryImageOfPage\":{\"@id\":\"https:\\\/\\\/jornalboasnoticias.com.br\\\/home\\\/adesao-ao-mutirao-de-negociacao-financeira-vai-ate-sabado\\\/#primaryimage\"},\"image\":{\"@id\":\"https:\\\/\\\/jornalboasnoticias.com.br\\\/home\\\/adesao-ao-mutirao-de-negociacao-financeira-vai-ate-sabado\\\/#primaryimage\"},\"thumbnailUrl\":\"https:\\\/\\\/jornalboasnoticias.com.br\\\/home\\\/wp-content\\\/uploads\\\/2024\\\/11\\\/0d8a1409.webp\",\"datePublished\":\"2024-11-27T20:03:20+00:00\",\"description\":\"Ades\u00e3o ao Mutir\u00e3o de Negocia\u00e7\u00e3o Financeira vai at\u00e9 s\u00e1bado\",\"breadcrumb\":{\"@id\":\"https:\\\/\\\/jornalboasnoticias.com.br\\\/home\\\/adesao-ao-mutirao-de-negociacao-financeira-vai-ate-sabado\\\/#breadcrumb\"},\"inLanguage\":\"pt-BR\",\"potentialAction\":[{\"@type\":\"ReadAction\",\"target\":[\"https:\\\/\\\/jornalboasnoticias.com.br\\\/home\\\/adesao-ao-mutirao-de-negociacao-financeira-vai-ate-sabado\\\/\"]}]},{\"@type\":\"ImageObject\",\"inLanguage\":\"pt-BR\",\"@id\":\"https:\\\/\\\/jornalboasnoticias.com.br\\\/home\\\/adesao-ao-mutirao-de-negociacao-financeira-vai-ate-sabado\\\/#primaryimage\",\"url\":\"https:\\\/\\\/jornalboasnoticias.com.br\\\/home\\\/wp-content\\\/uploads\\\/2024\\\/11\\\/0d8a1409.webp\",\"contentUrl\":\"https:\\\/\\\/jornalboasnoticias.com.br\\\/home\\\/wp-content\\\/uploads\\\/2024\\\/11\\\/0d8a1409.webp\",\"width\":1170,\"height\":700,\"caption\":\"\u00a9 Jo\u00e9dson Alves\\\/Ag\u00eancia Brasil\"},{\"@type\":\"BreadcrumbList\",\"@id\":\"https:\\\/\\\/jornalboasnoticias.com.br\\\/home\\\/adesao-ao-mutirao-de-negociacao-financeira-vai-ate-sabado\\\/#breadcrumb\",\"itemListElement\":[{\"@type\":\"ListItem\",\"position\":1,\"name\":\"In\u00edcio\",\"item\":\"https:\\\/\\\/jornalboasnoticias.com.br\\\/home\\\/\"},{\"@type\":\"ListItem\",\"position\":2,\"name\":\"Ades\u00e3o ao Mutir\u00e3o de Negocia\u00e7\u00e3o Financeira vai at\u00e9 s\u00e1bado\"}]},{\"@type\":\"WebSite\",\"@id\":\"https:\\\/\\\/jornalboasnoticias.com.br\\\/home\\\/#website\",\"url\":\"https:\\\/\\\/jornalboasnoticias.com.br\\\/home\\\/\",\"name\":\"Jornal Boas Not\u00edcias\",\"description\":\"Boas not\u00edcias\",\"publisher\":{\"@id\":\"https:\\\/\\\/jornalboasnoticias.com.br\\\/home\\\/#organization\"},\"potentialAction\":[{\"@type\":\"SearchAction\",\"target\":{\"@type\":\"EntryPoint\",\"urlTemplate\":\"https:\\\/\\\/jornalboasnoticias.com.br\\\/home\\\/?s={search_term_string}\"},\"query-input\":{\"@type\":\"PropertyValueSpecification\",\"valueRequired\":true,\"valueName\":\"search_term_string\"}}],\"inLanguage\":\"pt-BR\"},{\"@type\":\"Organization\",\"@id\":\"https:\\\/\\\/jornalboasnoticias.com.br\\\/home\\\/#organization\",\"name\":\"Coq Editora Ltda\",\"alternateName\":\"Jornal Boas Noticias\",\"url\":\"https:\\\/\\\/jornalboasnoticias.com.br\\\/home\\\/\",\"logo\":{\"@type\":\"ImageObject\",\"inLanguage\":\"pt-BR\",\"@id\":\"https:\\\/\\\/jornalboasnoticias.com.br\\\/home\\\/#\\\/schema\\\/logo\\\/image\\\/\",\"url\":\"https:\\\/\\\/jornalboasnoticias.com.br\\\/home\\\/wp-content\\\/uploads\\\/2024\\\/07\\\/cropped-logo.jpg\",\"contentUrl\":\"https:\\\/\\\/jornalboasnoticias.com.br\\\/home\\\/wp-content\\\/uploads\\\/2024\\\/07\\\/cropped-logo.jpg\",\"width\":290,\"height\":142,\"caption\":\"Coq Editora Ltda\"},\"image\":{\"@id\":\"https:\\\/\\\/jornalboasnoticias.com.br\\\/home\\\/#\\\/schema\\\/logo\\\/image\\\/\"},\"sameAs\":[\"https:\\\/\\\/www.facebook.com\\\/boasnoticiasjornal\"]},{\"@type\":\"Person\",\"@id\":\"https:\\\/\\\/jornalboasnoticias.com.br\\\/home\\\/#\\\/schema\\\/person\\\/d641193e0afc6405b390164dac847971\",\"name\":\"Ana Luiza Bonatto\",\"image\":{\"@type\":\"ImageObject\",\"inLanguage\":\"pt-BR\",\"@id\":\"https:\\\/\\\/secure.gravatar.com\\\/avatar\\\/8a055ebe6373371f67ac6fcf313c0ac0b0a91157fdcdb9514fa62927373348f0?s=96&d=mm&r=g\",\"url\":\"https:\\\/\\\/secure.gravatar.com\\\/avatar\\\/8a055ebe6373371f67ac6fcf313c0ac0b0a91157fdcdb9514fa62927373348f0?s=96&d=mm&r=g\",\"contentUrl\":\"https:\\\/\\\/secure.gravatar.com\\\/avatar\\\/8a055ebe6373371f67ac6fcf313c0ac0b0a91157fdcdb9514fa62927373348f0?s=96&d=mm&r=g\",\"caption\":\"Ana Luiza Bonatto\"},\"url\":\"https:\\\/\\\/jornalboasnoticias.com.br\\\/home\\\/author\\\/ana-luiza\\\/\"}]}<\/script>\n<!-- \/ Yoast SEO plugin. -->","yoast_head_json":{"title":"Ades\u00e3o ao Mutir\u00e3o de Negocia\u00e7\u00e3o Financeira vai at\u00e9 s\u00e1bado - Jornal","description":"Ades\u00e3o ao Mutir\u00e3o de Negocia\u00e7\u00e3o Financeira vai at\u00e9 s\u00e1bado","robots":{"index":"index","follow":"follow","max-snippet":"max-snippet:-1","max-image-preview":"max-image-preview:large","max-video-preview":"max-video-preview:-1"},"canonical":"https:\/\/jornalboasnoticias.com.br\/home\/adesao-ao-mutirao-de-negociacao-financeira-vai-ate-sabado\/","og_locale":"pt_BR","og_type":"article","og_title":"Ades\u00e3o ao Mutir\u00e3o de Negocia\u00e7\u00e3o Financeira vai at\u00e9 s\u00e1bado - Jornal","og_description":"Ades\u00e3o ao Mutir\u00e3o de Negocia\u00e7\u00e3o Financeira vai at\u00e9 s\u00e1bado","og_url":"https:\/\/jornalboasnoticias.com.br\/home\/adesao-ao-mutirao-de-negociacao-financeira-vai-ate-sabado\/","og_site_name":"Jornal","article_publisher":"https:\/\/www.facebook.com\/boasnoticiasjornal","article_published_time":"2024-11-27T20:03:20+00:00","og_image":[{"width":1170,"height":700,"url":"https:\/\/jornalboasnoticias.com.br\/home\/wp-content\/uploads\/2024\/11\/0d8a1409.webp","type":"image\/webp"}],"author":"Ana Luiza Bonatto","twitter_card":"summary_large_image","twitter_misc":{"Escrito por":"Ana Luiza Bonatto","Est. tempo de leitura":"3 minutos"},"schema":{"@context":"https:\/\/schema.org","@graph":[{"@type":"Article","@id":"https:\/\/jornalboasnoticias.com.br\/home\/adesao-ao-mutirao-de-negociacao-financeira-vai-ate-sabado\/#article","isPartOf":{"@id":"https:\/\/jornalboasnoticias.com.br\/home\/adesao-ao-mutirao-de-negociacao-financeira-vai-ate-sabado\/"},"author":{"name":"Ana Luiza Bonatto","@id":"https:\/\/jornalboasnoticias.com.br\/home\/#\/schema\/person\/d641193e0afc6405b390164dac847971"},"headline":"Ades\u00e3o ao Mutir\u00e3o de Negocia\u00e7\u00e3o Financeira vai at\u00e9 s\u00e1bado","datePublished":"2024-11-27T20:03:20+00:00","mainEntityOfPage":{"@id":"https:\/\/jornalboasnoticias.com.br\/home\/adesao-ao-mutirao-de-negociacao-financeira-vai-ate-sabado\/"},"wordCount":346,"commentCount":0,"publisher":{"@id":"https:\/\/jornalboasnoticias.com.br\/home\/#organization"},"image":{"@id":"https:\/\/jornalboasnoticias.com.br\/home\/adesao-ao-mutirao-de-negociacao-financeira-vai-ate-sabado\/#primaryimage"},"thumbnailUrl":"https:\/\/jornalboasnoticias.com.br\/home\/wp-content\/uploads\/2024\/11\/0d8a1409.webp","articleSection":["DESTAQUE","ECONOMIA"],"inLanguage":"pt-BR","potentialAction":[{"@type":"CommentAction","name":"Comment","target":["https:\/\/jornalboasnoticias.com.br\/home\/adesao-ao-mutirao-de-negociacao-financeira-vai-ate-sabado\/#respond"]}]},{"@type":"WebPage","@id":"https:\/\/jornalboasnoticias.com.br\/home\/adesao-ao-mutirao-de-negociacao-financeira-vai-ate-sabado\/","url":"https:\/\/jornalboasnoticias.com.br\/home\/adesao-ao-mutirao-de-negociacao-financeira-vai-ate-sabado\/","name":"Ades\u00e3o ao Mutir\u00e3o de Negocia\u00e7\u00e3o Financeira vai at\u00e9 s\u00e1bado - Jornal","isPartOf":{"@id":"https:\/\/jornalboasnoticias.com.br\/home\/#website"},"primaryImageOfPage":{"@id":"https:\/\/jornalboasnoticias.com.br\/home\/adesao-ao-mutirao-de-negociacao-financeira-vai-ate-sabado\/#primaryimage"},"image":{"@id":"https:\/\/jornalboasnoticias.com.br\/home\/adesao-ao-mutirao-de-negociacao-financeira-vai-ate-sabado\/#primaryimage"},"thumbnailUrl":"https:\/\/jornalboasnoticias.com.br\/home\/wp-content\/uploads\/2024\/11\/0d8a1409.webp","datePublished":"2024-11-27T20:03:20+00:00","description":"Ades\u00e3o ao Mutir\u00e3o de Negocia\u00e7\u00e3o Financeira vai at\u00e9 s\u00e1bado","breadcrumb":{"@id":"https:\/\/jornalboasnoticias.com.br\/home\/adesao-ao-mutirao-de-negociacao-financeira-vai-ate-sabado\/#breadcrumb"},"inLanguage":"pt-BR","potentialAction":[{"@type":"ReadAction","target":["https:\/\/jornalboasnoticias.com.br\/home\/adesao-ao-mutirao-de-negociacao-financeira-vai-ate-sabado\/"]}]},{"@type":"ImageObject","inLanguage":"pt-BR","@id":"https:\/\/jornalboasnoticias.com.br\/home\/adesao-ao-mutirao-de-negociacao-financeira-vai-ate-sabado\/#primaryimage","url":"https:\/\/jornalboasnoticias.com.br\/home\/wp-content\/uploads\/2024\/11\/0d8a1409.webp","contentUrl":"https:\/\/jornalboasnoticias.com.br\/home\/wp-content\/uploads\/2024\/11\/0d8a1409.webp","width":1170,"height":700,"caption":"\u00a9 Jo\u00e9dson Alves\/Ag\u00eancia Brasil"},{"@type":"BreadcrumbList","@id":"https:\/\/jornalboasnoticias.com.br\/home\/adesao-ao-mutirao-de-negociacao-financeira-vai-ate-sabado\/#breadcrumb","itemListElement":[{"@type":"ListItem","position":1,"name":"In\u00edcio","item":"https:\/\/jornalboasnoticias.com.br\/home\/"},{"@type":"ListItem","position":2,"name":"Ades\u00e3o ao Mutir\u00e3o de Negocia\u00e7\u00e3o Financeira vai at\u00e9 s\u00e1bado"}]},{"@type":"WebSite","@id":"https:\/\/jornalboasnoticias.com.br\/home\/#website","url":"https:\/\/jornalboasnoticias.com.br\/home\/","name":"Jornal Boas Not\u00edcias","description":"Boas not\u00edcias","publisher":{"@id":"https:\/\/jornalboasnoticias.com.br\/home\/#organization"},"potentialAction":[{"@type":"SearchAction","target":{"@type":"EntryPoint","urlTemplate":"https:\/\/jornalboasnoticias.com.br\/home\/?s={search_term_string}"},"query-input":{"@type":"PropertyValueSpecification","valueRequired":true,"valueName":"search_term_string"}}],"inLanguage":"pt-BR"},{"@type":"Organization","@id":"https:\/\/jornalboasnoticias.com.br\/home\/#organization","name":"Coq Editora Ltda","alternateName":"Jornal Boas Noticias","url":"https:\/\/jornalboasnoticias.com.br\/home\/","logo":{"@type":"ImageObject","inLanguage":"pt-BR","@id":"https:\/\/jornalboasnoticias.com.br\/home\/#\/schema\/logo\/image\/","url":"https:\/\/jornalboasnoticias.com.br\/home\/wp-content\/uploads\/2024\/07\/cropped-logo.jpg","contentUrl":"https:\/\/jornalboasnoticias.com.br\/home\/wp-content\/uploads\/2024\/07\/cropped-logo.jpg","width":290,"height":142,"caption":"Coq Editora Ltda"},"image":{"@id":"https:\/\/jornalboasnoticias.com.br\/home\/#\/schema\/logo\/image\/"},"sameAs":["https:\/\/www.facebook.com\/boasnoticiasjornal"]},{"@type":"Person","@id":"https:\/\/jornalboasnoticias.com.br\/home\/#\/schema\/person\/d641193e0afc6405b390164dac847971","name":"Ana Luiza Bonatto","image":{"@type":"ImageObject","inLanguage":"pt-BR","@id":"https:\/\/secure.gravatar.com\/avatar\/8a055ebe6373371f67ac6fcf313c0ac0b0a91157fdcdb9514fa62927373348f0?s=96&d=mm&r=g","url":"https:\/\/secure.gravatar.com\/avatar\/8a055ebe6373371f67ac6fcf313c0ac0b0a91157fdcdb9514fa62927373348f0?s=96&d=mm&r=g","contentUrl":"https:\/\/secure.gravatar.com\/avatar\/8a055ebe6373371f67ac6fcf313c0ac0b0a91157fdcdb9514fa62927373348f0?s=96&d=mm&r=g","caption":"Ana Luiza Bonatto"},"url":"https:\/\/jornalboasnoticias.com.br\/home\/author\/ana-luiza\/"}]}},"_links":{"self":[{"href":"https:\/\/jornalboasnoticias.com.br\/home\/wp-json\/wp\/v2\/posts\/45829","targetHints":{"allow":["GET"]}}],"collection":[{"href":"https:\/\/jornalboasnoticias.com.br\/home\/wp-json\/wp\/v2\/posts"}],"about":[{"href":"https:\/\/jornalboasnoticias.com.br\/home\/wp-json\/wp\/v2\/types\/post"}],"author":[{"embeddable":true,"href":"https:\/\/jornalboasnoticias.com.br\/home\/wp-json\/wp\/v2\/users\/4"}],"replies":[{"embeddable":true,"href":"https:\/\/jornalboasnoticias.com.br\/home\/wp-json\/wp\/v2\/comments?post=45829"}],"version-history":[{"count":1,"href":"https:\/\/jornalboasnoticias.com.br\/home\/wp-json\/wp\/v2\/posts\/45829\/revisions"}],"predecessor-version":[{"id":45831,"href":"https:\/\/jornalboasnoticias.com.br\/home\/wp-json\/wp\/v2\/posts\/45829\/revisions\/45831"}],"wp:featuredmedia":[{"embeddable":true,"href":"https:\/\/jornalboasnoticias.com.br\/home\/wp-json\/wp\/v2\/media\/45830"}],"wp:attachment":[{"href":"https:\/\/jornalboasnoticias.com.br\/home\/wp-json\/wp\/v2\/media?parent=45829"}],"wp:term":[{"taxonomy":"category","embeddable":true,"href":"https:\/\/jornalboasnoticias.com.br\/home\/wp-json\/wp\/v2\/categories?post=45829"},{"taxonomy":"post_tag","embeddable":true,"href":"https:\/\/jornalboasnoticias.com.br\/home\/wp-json\/wp\/v2\/tags?post=45829"}],"curies":[{"name":"wp","href":"https:\/\/api.w.org\/{rel}","templated":true}]}}