{"id":45820,"date":"2024-11-27T19:59:06","date_gmt":"2024-11-27T19:59:06","guid":{"rendered":"https:\/\/jornalboasnoticias.com.br\/home\/?p=45820"},"modified":"2024-11-27T19:59:06","modified_gmt":"2024-11-27T19:59:06","slug":"pacote-de-cortes-de-gastos-abordara-supersalarios-e-grandes-fortunas","status":"publish","type":"post","link":"https:\/\/jornalboasnoticias.com.br\/home\/pacote-de-cortes-de-gastos-abordara-supersalarios-e-grandes-fortunas\/","title":{"rendered":"Pacote de cortes de gastos abordar\u00e1 supersal\u00e1rios e grandes fortunas"},"content":{"rendered":"<div class=\"header-noticia full-width\">\n<div>\n<figure id=\"attachment_45821\" aria-describedby=\"caption-attachment-45821\" style=\"width: 1170px\" class=\"wp-caption alignnone\"><img loading=\"lazy\" decoding=\"async\" class=\"size-full wp-image-45821\" src=\"https:\/\/jornalboasnoticias.com.br\/home\/wp-content\/uploads\/2024\/11\/real_moedadinheiro_jfcrz_abr_1701220043_1.webp\" alt=\"\" width=\"1170\" height=\"700\" srcset=\"https:\/\/jornalboasnoticias.com.br\/home\/wp-content\/uploads\/2024\/11\/real_moedadinheiro_jfcrz_abr_1701220043_1.webp 1170w, https:\/\/jornalboasnoticias.com.br\/home\/wp-content\/uploads\/2024\/11\/real_moedadinheiro_jfcrz_abr_1701220043_1-300x179.webp 300w, https:\/\/jornalboasnoticias.com.br\/home\/wp-content\/uploads\/2024\/11\/real_moedadinheiro_jfcrz_abr_1701220043_1-1024x613.webp 1024w, https:\/\/jornalboasnoticias.com.br\/home\/wp-content\/uploads\/2024\/11\/real_moedadinheiro_jfcrz_abr_1701220043_1-768x459.webp 768w\" sizes=\"auto, (max-width: 1170px) 100vw, 1170px\" \/><figcaption id=\"caption-attachment-45821\" class=\"wp-caption-text\">\u00a9 Jos\u00e9 Cruz\/Ag\u00eancia Brasil<\/figcaption><\/figure>\n<\/div>\n<\/div>\n<blockquote>\n<div class=\"header-noticia full-width\">\n<div class=\"linha-fina-noticia\">Ministro do Trabalho, Luiz Marinho adiantou pontos das medidas<\/div>\n<\/div>\n<\/blockquote>\n<div>\n<p>O pacote de corte de gastos a ser anunciado nesta quarta-feira (27) pelo governo federal abordar\u00e1 supersal\u00e1rios no servi\u00e7o p\u00fablico e imposto sobre grandes fortunas, disse h\u00e1 pouco o ministro do Trabalho e Emprego, Luiz Marinho. Em entrevista coletiva para explicar a\u00a0<a href=\"https:\/\/agenciabrasil.ebc.com.br\/economia\/noticia\/2024-11\/caged-registra-criacao-de-1327-mil-postos-de-trabalho-em-outubro\" target=\"_blank\" rel=\"noopener\">cria\u00e7\u00e3o de 132,7 mil postos de trabalho<\/a>\u00a0em outubro,\u00a0o ministro adiantou alguns pontos das medidas.<img decoding=\"async\" src=\"https:\/\/agenciabrasil.ebc.com.br\/ebc.png?id=1621472&amp;o=node\" \/><img decoding=\"async\" src=\"https:\/\/agenciabrasil.ebc.com.br\/ebc.gif?id=1621472&amp;o=node\" \/><\/p>\n<p>\u201cSupersal\u00e1rios, imposto para super-ricos, vem tudo a\u00ed. Pacote completo\u201d, disse Marinho. Perguntado se o pacote tamb\u00e9m envolve aumento de corre\u00e7\u00e3o na tabela do Imposto de Renda, o ministro simplesmente disse: \u201cTudo\u201d, sem entrar em detalhes.<\/p>\n<p>Em rela\u00e7\u00e3o ao seguro-desemprego, Marinho declarou que n\u00e3o haver\u00e1 mudan\u00e7a de regra. Segundo o ministro, a ideia chegou a ser discutida no pacote, mas n\u00e3o avan\u00e7ou.<\/p>\n<p>\u201cN\u00e3o h\u00e1 mudan\u00e7a de regra para o seguro-desemprego, por exemplo, mas vamos aguardar os detalhes. Se n\u00e3o eu vou furar o olho do colega [ministro da Fazenda, Fernando Haddad]. [O pacote] ser\u00e1 muito diferente do que estava sendo desenhado at\u00e9 ent\u00e3o\u201d, disse. Em rela\u00e7\u00e3o ao abono, Marinho nem confirmou nem negou altera\u00e7\u00f5es.<\/p>\n<h2>An\u00fancio<\/h2>\n<p>Marinho confirmou que o pacote a ser anunciado \u00e0s 20h30, em cadeia de r\u00e1dio e TV, pelo ministro Haddad ser\u00e1 detalhado nesta quinta-feira (28) em entrevista coletiva. H\u00e1 um m\u00eas, o governo tenta enviar medidas de corte de gastos obrigat\u00f3rios que impe\u00e7am, at\u00e9 2027, o estouro do limite das despesas do arcabou\u00e7o fiscal. Em vigor desde o ano passado, o marco fiscal restringe o crescimento real (acima da infla\u00e7\u00e3o) das despesas do governo a 70% do crescimento real das receitas, limitado a 2,5% acima da infla\u00e7\u00e3o por ano.<\/p>\n<h2>Debates<\/h2>\n<p>Em outubro, Marinho chegou a anunciar que pediria demiss\u00e3o se o Minist\u00e9rio do Trabalho n\u00e3o fosse ouvido na elabora\u00e7\u00e3o do pacote. Nesta quarta-feira, o ministro disse ter mudado de opini\u00e3o porque conseguiu botar as \u201cimpress\u00f5es digitais\u201d nas medidas.<\/p>\n<p>\u201cEu disse [em outubro] que, se n\u00e3o fosse ouvido, eu pediria demiss\u00e3o. Mas fui envolvido. Participei do debate. Hoje Haddad far\u00e1 o pronunciamento. Amanh\u00e3 ser\u00e3o anunciados os detalhes. L\u00e1 tem as minhas digitais nos debates l\u00e1 colocados\u201d, declarou.<\/p>\n<h2>Outras medidas<\/h2>\n<p>Na segunda-feira (25), Haddad confirmou que o pacote tamb\u00e9m trar\u00e1 medidas para reformar a previd\u00eancia dos militares, reformular o Vale G\u00e1s e limitar os supersal\u00e1rios no funcionalismo p\u00fablico federal.<\/p>\n<p>Na entrevista de hoje, Marinho disse que o pacote de corte de gastos \u00e9 necess\u00e1rio para ajustar o ritmo de crescimento dos gastos ao das receitas. \u201cA PEC [proposta de emenda \u00e0 Constitui\u00e7\u00e3o] da Transi\u00e7\u00e3o resolveu um problema herdado do governo anterior e resolveu que a economia funcionasse por dois anos. Agora \u00e9 preciso ajustar a velocidade de despesas com receitas. No ano passado, o Congresso n\u00e3o aprovou todo o desejado [pelo governo]\u201d, declarou.<\/p>\n<p>(Ag\u00eancia Brasil)<\/p>\n<\/div>\n","protected":false},"excerpt":{"rendered":"<p>Ministro do Trabalho, Luiz Marinho adiantou pontos das medidas O pacote de corte de gastos<\/p>\n","protected":false},"author":4,"featured_media":45821,"comment_status":"open","ping_status":"open","sticky":false,"template":"","format":"standard","meta":{"footnotes":""},"categories":[3,5],"tags":[],"class_list":["post-45820","post","type-post","status-publish","format-standard","has-post-thumbnail","hentry","category-destaques","category-economia"],"yoast_head":"<!-- This site is optimized with the Yoast SEO plugin v27.5 - https:\/\/yoast.com\/product\/yoast-seo-wordpress\/ -->\n<title>Pacote de cortes de gastos abordar\u00e1 supersal\u00e1rios e grandes fortunas - Jornal<\/title>\n<meta name=\"description\" content=\"Pacote de cortes de gastos abordar\u00e1 supersal\u00e1rios e grandes fortunas\" \/>\n<meta name=\"robots\" content=\"index, follow, max-snippet:-1, max-image-preview:large, max-video-preview:-1\" \/>\n<link rel=\"canonical\" href=\"https:\/\/jornalboasnoticias.com.br\/home\/pacote-de-cortes-de-gastos-abordara-supersalarios-e-grandes-fortunas\/\" \/>\n<meta property=\"og:locale\" content=\"pt_BR\" \/>\n<meta property=\"og:type\" content=\"article\" \/>\n<meta property=\"og:title\" content=\"Pacote de cortes de gastos abordar\u00e1 supersal\u00e1rios e grandes fortunas - Jornal\" \/>\n<meta property=\"og:description\" content=\"Pacote de cortes de gastos abordar\u00e1 supersal\u00e1rios e grandes fortunas\" \/>\n<meta property=\"og:url\" content=\"https:\/\/jornalboasnoticias.com.br\/home\/pacote-de-cortes-de-gastos-abordara-supersalarios-e-grandes-fortunas\/\" \/>\n<meta property=\"og:site_name\" content=\"Jornal\" \/>\n<meta property=\"article:publisher\" content=\"https:\/\/www.facebook.com\/boasnoticiasjornal\" \/>\n<meta property=\"article:published_time\" content=\"2024-11-27T19:59:06+00:00\" \/>\n<meta property=\"og:image\" content=\"https:\/\/jornalboasnoticias.com.br\/home\/wp-content\/uploads\/2024\/11\/real_moedadinheiro_jfcrz_abr_1701220043_1.webp\" \/>\n\t<meta property=\"og:image:width\" content=\"1170\" \/>\n\t<meta property=\"og:image:height\" content=\"700\" \/>\n\t<meta property=\"og:image:type\" content=\"image\/webp\" \/>\n<meta name=\"author\" content=\"Ana Luiza Bonatto\" \/>\n<meta name=\"twitter:card\" content=\"summary_large_image\" \/>\n<meta name=\"twitter:label1\" content=\"Escrito por\" \/>\n\t<meta name=\"twitter:data1\" content=\"Ana Luiza Bonatto\" \/>\n\t<meta name=\"twitter:label2\" content=\"Est. tempo de leitura\" \/>\n\t<meta name=\"twitter:data2\" content=\"4 minutos\" \/>\n<script type=\"application\/ld+json\" class=\"yoast-schema-graph\">{\"@context\":\"https:\\\/\\\/schema.org\",\"@graph\":[{\"@type\":\"Article\",\"@id\":\"https:\\\/\\\/jornalboasnoticias.com.br\\\/home\\\/pacote-de-cortes-de-gastos-abordara-supersalarios-e-grandes-fortunas\\\/#article\",\"isPartOf\":{\"@id\":\"https:\\\/\\\/jornalboasnoticias.com.br\\\/home\\\/pacote-de-cortes-de-gastos-abordara-supersalarios-e-grandes-fortunas\\\/\"},\"author\":{\"name\":\"Ana Luiza Bonatto\",\"@id\":\"https:\\\/\\\/jornalboasnoticias.com.br\\\/home\\\/#\\\/schema\\\/person\\\/d641193e0afc6405b390164dac847971\"},\"headline\":\"Pacote de cortes de gastos abordar\u00e1 supersal\u00e1rios e grandes fortunas\",\"datePublished\":\"2024-11-27T19:59:06+00:00\",\"mainEntityOfPage\":{\"@id\":\"https:\\\/\\\/jornalboasnoticias.com.br\\\/home\\\/pacote-de-cortes-de-gastos-abordara-supersalarios-e-grandes-fortunas\\\/\"},\"wordCount\":511,\"commentCount\":0,\"publisher\":{\"@id\":\"https:\\\/\\\/jornalboasnoticias.com.br\\\/home\\\/#organization\"},\"image\":{\"@id\":\"https:\\\/\\\/jornalboasnoticias.com.br\\\/home\\\/pacote-de-cortes-de-gastos-abordara-supersalarios-e-grandes-fortunas\\\/#primaryimage\"},\"thumbnailUrl\":\"https:\\\/\\\/jornalboasnoticias.com.br\\\/home\\\/wp-content\\\/uploads\\\/2024\\\/11\\\/real_moedadinheiro_jfcrz_abr_1701220043_1.webp\",\"articleSection\":[\"DESTAQUE\",\"ECONOMIA\"],\"inLanguage\":\"pt-BR\",\"potentialAction\":[{\"@type\":\"CommentAction\",\"name\":\"Comment\",\"target\":[\"https:\\\/\\\/jornalboasnoticias.com.br\\\/home\\\/pacote-de-cortes-de-gastos-abordara-supersalarios-e-grandes-fortunas\\\/#respond\"]}]},{\"@type\":\"WebPage\",\"@id\":\"https:\\\/\\\/jornalboasnoticias.com.br\\\/home\\\/pacote-de-cortes-de-gastos-abordara-supersalarios-e-grandes-fortunas\\\/\",\"url\":\"https:\\\/\\\/jornalboasnoticias.com.br\\\/home\\\/pacote-de-cortes-de-gastos-abordara-supersalarios-e-grandes-fortunas\\\/\",\"name\":\"Pacote de cortes de gastos abordar\u00e1 supersal\u00e1rios e grandes fortunas - Jornal\",\"isPartOf\":{\"@id\":\"https:\\\/\\\/jornalboasnoticias.com.br\\\/home\\\/#website\"},\"primaryImageOfPage\":{\"@id\":\"https:\\\/\\\/jornalboasnoticias.com.br\\\/home\\\/pacote-de-cortes-de-gastos-abordara-supersalarios-e-grandes-fortunas\\\/#primaryimage\"},\"image\":{\"@id\":\"https:\\\/\\\/jornalboasnoticias.com.br\\\/home\\\/pacote-de-cortes-de-gastos-abordara-supersalarios-e-grandes-fortunas\\\/#primaryimage\"},\"thumbnailUrl\":\"https:\\\/\\\/jornalboasnoticias.com.br\\\/home\\\/wp-content\\\/uploads\\\/2024\\\/11\\\/real_moedadinheiro_jfcrz_abr_1701220043_1.webp\",\"datePublished\":\"2024-11-27T19:59:06+00:00\",\"description\":\"Pacote de cortes de gastos abordar\u00e1 supersal\u00e1rios e grandes fortunas\",\"breadcrumb\":{\"@id\":\"https:\\\/\\\/jornalboasnoticias.com.br\\\/home\\\/pacote-de-cortes-de-gastos-abordara-supersalarios-e-grandes-fortunas\\\/#breadcrumb\"},\"inLanguage\":\"pt-BR\",\"potentialAction\":[{\"@type\":\"ReadAction\",\"target\":[\"https:\\\/\\\/jornalboasnoticias.com.br\\\/home\\\/pacote-de-cortes-de-gastos-abordara-supersalarios-e-grandes-fortunas\\\/\"]}]},{\"@type\":\"ImageObject\",\"inLanguage\":\"pt-BR\",\"@id\":\"https:\\\/\\\/jornalboasnoticias.com.br\\\/home\\\/pacote-de-cortes-de-gastos-abordara-supersalarios-e-grandes-fortunas\\\/#primaryimage\",\"url\":\"https:\\\/\\\/jornalboasnoticias.com.br\\\/home\\\/wp-content\\\/uploads\\\/2024\\\/11\\\/real_moedadinheiro_jfcrz_abr_1701220043_1.webp\",\"contentUrl\":\"https:\\\/\\\/jornalboasnoticias.com.br\\\/home\\\/wp-content\\\/uploads\\\/2024\\\/11\\\/real_moedadinheiro_jfcrz_abr_1701220043_1.webp\",\"width\":1170,\"height\":700,\"caption\":\"\u00a9 Jos\u00e9 Cruz\\\/Ag\u00eancia Brasil\"},{\"@type\":\"BreadcrumbList\",\"@id\":\"https:\\\/\\\/jornalboasnoticias.com.br\\\/home\\\/pacote-de-cortes-de-gastos-abordara-supersalarios-e-grandes-fortunas\\\/#breadcrumb\",\"itemListElement\":[{\"@type\":\"ListItem\",\"position\":1,\"name\":\"In\u00edcio\",\"item\":\"https:\\\/\\\/jornalboasnoticias.com.br\\\/home\\\/\"},{\"@type\":\"ListItem\",\"position\":2,\"name\":\"Pacote de cortes de gastos abordar\u00e1 supersal\u00e1rios e grandes fortunas\"}]},{\"@type\":\"WebSite\",\"@id\":\"https:\\\/\\\/jornalboasnoticias.com.br\\\/home\\\/#website\",\"url\":\"https:\\\/\\\/jornalboasnoticias.com.br\\\/home\\\/\",\"name\":\"Jornal Boas Not\u00edcias\",\"description\":\"Boas not\u00edcias\",\"publisher\":{\"@id\":\"https:\\\/\\\/jornalboasnoticias.com.br\\\/home\\\/#organization\"},\"potentialAction\":[{\"@type\":\"SearchAction\",\"target\":{\"@type\":\"EntryPoint\",\"urlTemplate\":\"https:\\\/\\\/jornalboasnoticias.com.br\\\/home\\\/?s={search_term_string}\"},\"query-input\":{\"@type\":\"PropertyValueSpecification\",\"valueRequired\":true,\"valueName\":\"search_term_string\"}}],\"inLanguage\":\"pt-BR\"},{\"@type\":\"Organization\",\"@id\":\"https:\\\/\\\/jornalboasnoticias.com.br\\\/home\\\/#organization\",\"name\":\"Coq Editora Ltda\",\"alternateName\":\"Jornal Boas Noticias\",\"url\":\"https:\\\/\\\/jornalboasnoticias.com.br\\\/home\\\/\",\"logo\":{\"@type\":\"ImageObject\",\"inLanguage\":\"pt-BR\",\"@id\":\"https:\\\/\\\/jornalboasnoticias.com.br\\\/home\\\/#\\\/schema\\\/logo\\\/image\\\/\",\"url\":\"https:\\\/\\\/jornalboasnoticias.com.br\\\/home\\\/wp-content\\\/uploads\\\/2024\\\/07\\\/cropped-logo.jpg\",\"contentUrl\":\"https:\\\/\\\/jornalboasnoticias.com.br\\\/home\\\/wp-content\\\/uploads\\\/2024\\\/07\\\/cropped-logo.jpg\",\"width\":290,\"height\":142,\"caption\":\"Coq Editora Ltda\"},\"image\":{\"@id\":\"https:\\\/\\\/jornalboasnoticias.com.br\\\/home\\\/#\\\/schema\\\/logo\\\/image\\\/\"},\"sameAs\":[\"https:\\\/\\\/www.facebook.com\\\/boasnoticiasjornal\"]},{\"@type\":\"Person\",\"@id\":\"https:\\\/\\\/jornalboasnoticias.com.br\\\/home\\\/#\\\/schema\\\/person\\\/d641193e0afc6405b390164dac847971\",\"name\":\"Ana Luiza Bonatto\",\"image\":{\"@type\":\"ImageObject\",\"inLanguage\":\"pt-BR\",\"@id\":\"https:\\\/\\\/secure.gravatar.com\\\/avatar\\\/8a055ebe6373371f67ac6fcf313c0ac0b0a91157fdcdb9514fa62927373348f0?s=96&d=mm&r=g\",\"url\":\"https:\\\/\\\/secure.gravatar.com\\\/avatar\\\/8a055ebe6373371f67ac6fcf313c0ac0b0a91157fdcdb9514fa62927373348f0?s=96&d=mm&r=g\",\"contentUrl\":\"https:\\\/\\\/secure.gravatar.com\\\/avatar\\\/8a055ebe6373371f67ac6fcf313c0ac0b0a91157fdcdb9514fa62927373348f0?s=96&d=mm&r=g\",\"caption\":\"Ana Luiza Bonatto\"},\"url\":\"https:\\\/\\\/jornalboasnoticias.com.br\\\/home\\\/author\\\/ana-luiza\\\/\"}]}<\/script>\n<!-- \/ Yoast SEO plugin. -->","yoast_head_json":{"title":"Pacote de cortes de gastos abordar\u00e1 supersal\u00e1rios e grandes fortunas - Jornal","description":"Pacote de cortes de gastos abordar\u00e1 supersal\u00e1rios e grandes fortunas","robots":{"index":"index","follow":"follow","max-snippet":"max-snippet:-1","max-image-preview":"max-image-preview:large","max-video-preview":"max-video-preview:-1"},"canonical":"https:\/\/jornalboasnoticias.com.br\/home\/pacote-de-cortes-de-gastos-abordara-supersalarios-e-grandes-fortunas\/","og_locale":"pt_BR","og_type":"article","og_title":"Pacote de cortes de gastos abordar\u00e1 supersal\u00e1rios e grandes fortunas - Jornal","og_description":"Pacote de cortes de gastos abordar\u00e1 supersal\u00e1rios e grandes fortunas","og_url":"https:\/\/jornalboasnoticias.com.br\/home\/pacote-de-cortes-de-gastos-abordara-supersalarios-e-grandes-fortunas\/","og_site_name":"Jornal","article_publisher":"https:\/\/www.facebook.com\/boasnoticiasjornal","article_published_time":"2024-11-27T19:59:06+00:00","og_image":[{"width":1170,"height":700,"url":"https:\/\/jornalboasnoticias.com.br\/home\/wp-content\/uploads\/2024\/11\/real_moedadinheiro_jfcrz_abr_1701220043_1.webp","type":"image\/webp"}],"author":"Ana Luiza Bonatto","twitter_card":"summary_large_image","twitter_misc":{"Escrito por":"Ana Luiza Bonatto","Est. tempo de leitura":"4 minutos"},"schema":{"@context":"https:\/\/schema.org","@graph":[{"@type":"Article","@id":"https:\/\/jornalboasnoticias.com.br\/home\/pacote-de-cortes-de-gastos-abordara-supersalarios-e-grandes-fortunas\/#article","isPartOf":{"@id":"https:\/\/jornalboasnoticias.com.br\/home\/pacote-de-cortes-de-gastos-abordara-supersalarios-e-grandes-fortunas\/"},"author":{"name":"Ana Luiza Bonatto","@id":"https:\/\/jornalboasnoticias.com.br\/home\/#\/schema\/person\/d641193e0afc6405b390164dac847971"},"headline":"Pacote de cortes de gastos abordar\u00e1 supersal\u00e1rios e grandes fortunas","datePublished":"2024-11-27T19:59:06+00:00","mainEntityOfPage":{"@id":"https:\/\/jornalboasnoticias.com.br\/home\/pacote-de-cortes-de-gastos-abordara-supersalarios-e-grandes-fortunas\/"},"wordCount":511,"commentCount":0,"publisher":{"@id":"https:\/\/jornalboasnoticias.com.br\/home\/#organization"},"image":{"@id":"https:\/\/jornalboasnoticias.com.br\/home\/pacote-de-cortes-de-gastos-abordara-supersalarios-e-grandes-fortunas\/#primaryimage"},"thumbnailUrl":"https:\/\/jornalboasnoticias.com.br\/home\/wp-content\/uploads\/2024\/11\/real_moedadinheiro_jfcrz_abr_1701220043_1.webp","articleSection":["DESTAQUE","ECONOMIA"],"inLanguage":"pt-BR","potentialAction":[{"@type":"CommentAction","name":"Comment","target":["https:\/\/jornalboasnoticias.com.br\/home\/pacote-de-cortes-de-gastos-abordara-supersalarios-e-grandes-fortunas\/#respond"]}]},{"@type":"WebPage","@id":"https:\/\/jornalboasnoticias.com.br\/home\/pacote-de-cortes-de-gastos-abordara-supersalarios-e-grandes-fortunas\/","url":"https:\/\/jornalboasnoticias.com.br\/home\/pacote-de-cortes-de-gastos-abordara-supersalarios-e-grandes-fortunas\/","name":"Pacote de cortes de gastos abordar\u00e1 supersal\u00e1rios e grandes fortunas - Jornal","isPartOf":{"@id":"https:\/\/jornalboasnoticias.com.br\/home\/#website"},"primaryImageOfPage":{"@id":"https:\/\/jornalboasnoticias.com.br\/home\/pacote-de-cortes-de-gastos-abordara-supersalarios-e-grandes-fortunas\/#primaryimage"},"image":{"@id":"https:\/\/jornalboasnoticias.com.br\/home\/pacote-de-cortes-de-gastos-abordara-supersalarios-e-grandes-fortunas\/#primaryimage"},"thumbnailUrl":"https:\/\/jornalboasnoticias.com.br\/home\/wp-content\/uploads\/2024\/11\/real_moedadinheiro_jfcrz_abr_1701220043_1.webp","datePublished":"2024-11-27T19:59:06+00:00","description":"Pacote de cortes de gastos abordar\u00e1 supersal\u00e1rios e grandes fortunas","breadcrumb":{"@id":"https:\/\/jornalboasnoticias.com.br\/home\/pacote-de-cortes-de-gastos-abordara-supersalarios-e-grandes-fortunas\/#breadcrumb"},"inLanguage":"pt-BR","potentialAction":[{"@type":"ReadAction","target":["https:\/\/jornalboasnoticias.com.br\/home\/pacote-de-cortes-de-gastos-abordara-supersalarios-e-grandes-fortunas\/"]}]},{"@type":"ImageObject","inLanguage":"pt-BR","@id":"https:\/\/jornalboasnoticias.com.br\/home\/pacote-de-cortes-de-gastos-abordara-supersalarios-e-grandes-fortunas\/#primaryimage","url":"https:\/\/jornalboasnoticias.com.br\/home\/wp-content\/uploads\/2024\/11\/real_moedadinheiro_jfcrz_abr_1701220043_1.webp","contentUrl":"https:\/\/jornalboasnoticias.com.br\/home\/wp-content\/uploads\/2024\/11\/real_moedadinheiro_jfcrz_abr_1701220043_1.webp","width":1170,"height":700,"caption":"\u00a9 Jos\u00e9 Cruz\/Ag\u00eancia Brasil"},{"@type":"BreadcrumbList","@id":"https:\/\/jornalboasnoticias.com.br\/home\/pacote-de-cortes-de-gastos-abordara-supersalarios-e-grandes-fortunas\/#breadcrumb","itemListElement":[{"@type":"ListItem","position":1,"name":"In\u00edcio","item":"https:\/\/jornalboasnoticias.com.br\/home\/"},{"@type":"ListItem","position":2,"name":"Pacote de cortes de gastos abordar\u00e1 supersal\u00e1rios e grandes fortunas"}]},{"@type":"WebSite","@id":"https:\/\/jornalboasnoticias.com.br\/home\/#website","url":"https:\/\/jornalboasnoticias.com.br\/home\/","name":"Jornal Boas Not\u00edcias","description":"Boas not\u00edcias","publisher":{"@id":"https:\/\/jornalboasnoticias.com.br\/home\/#organization"},"potentialAction":[{"@type":"SearchAction","target":{"@type":"EntryPoint","urlTemplate":"https:\/\/jornalboasnoticias.com.br\/home\/?s={search_term_string}"},"query-input":{"@type":"PropertyValueSpecification","valueRequired":true,"valueName":"search_term_string"}}],"inLanguage":"pt-BR"},{"@type":"Organization","@id":"https:\/\/jornalboasnoticias.com.br\/home\/#organization","name":"Coq Editora Ltda","alternateName":"Jornal Boas Noticias","url":"https:\/\/jornalboasnoticias.com.br\/home\/","logo":{"@type":"ImageObject","inLanguage":"pt-BR","@id":"https:\/\/jornalboasnoticias.com.br\/home\/#\/schema\/logo\/image\/","url":"https:\/\/jornalboasnoticias.com.br\/home\/wp-content\/uploads\/2024\/07\/cropped-logo.jpg","contentUrl":"https:\/\/jornalboasnoticias.com.br\/home\/wp-content\/uploads\/2024\/07\/cropped-logo.jpg","width":290,"height":142,"caption":"Coq Editora Ltda"},"image":{"@id":"https:\/\/jornalboasnoticias.com.br\/home\/#\/schema\/logo\/image\/"},"sameAs":["https:\/\/www.facebook.com\/boasnoticiasjornal"]},{"@type":"Person","@id":"https:\/\/jornalboasnoticias.com.br\/home\/#\/schema\/person\/d641193e0afc6405b390164dac847971","name":"Ana Luiza Bonatto","image":{"@type":"ImageObject","inLanguage":"pt-BR","@id":"https:\/\/secure.gravatar.com\/avatar\/8a055ebe6373371f67ac6fcf313c0ac0b0a91157fdcdb9514fa62927373348f0?s=96&d=mm&r=g","url":"https:\/\/secure.gravatar.com\/avatar\/8a055ebe6373371f67ac6fcf313c0ac0b0a91157fdcdb9514fa62927373348f0?s=96&d=mm&r=g","contentUrl":"https:\/\/secure.gravatar.com\/avatar\/8a055ebe6373371f67ac6fcf313c0ac0b0a91157fdcdb9514fa62927373348f0?s=96&d=mm&r=g","caption":"Ana Luiza Bonatto"},"url":"https:\/\/jornalboasnoticias.com.br\/home\/author\/ana-luiza\/"}]}},"_links":{"self":[{"href":"https:\/\/jornalboasnoticias.com.br\/home\/wp-json\/wp\/v2\/posts\/45820","targetHints":{"allow":["GET"]}}],"collection":[{"href":"https:\/\/jornalboasnoticias.com.br\/home\/wp-json\/wp\/v2\/posts"}],"about":[{"href":"https:\/\/jornalboasnoticias.com.br\/home\/wp-json\/wp\/v2\/types\/post"}],"author":[{"embeddable":true,"href":"https:\/\/jornalboasnoticias.com.br\/home\/wp-json\/wp\/v2\/users\/4"}],"replies":[{"embeddable":true,"href":"https:\/\/jornalboasnoticias.com.br\/home\/wp-json\/wp\/v2\/comments?post=45820"}],"version-history":[{"count":1,"href":"https:\/\/jornalboasnoticias.com.br\/home\/wp-json\/wp\/v2\/posts\/45820\/revisions"}],"predecessor-version":[{"id":45822,"href":"https:\/\/jornalboasnoticias.com.br\/home\/wp-json\/wp\/v2\/posts\/45820\/revisions\/45822"}],"wp:featuredmedia":[{"embeddable":true,"href":"https:\/\/jornalboasnoticias.com.br\/home\/wp-json\/wp\/v2\/media\/45821"}],"wp:attachment":[{"href":"https:\/\/jornalboasnoticias.com.br\/home\/wp-json\/wp\/v2\/media?parent=45820"}],"wp:term":[{"taxonomy":"category","embeddable":true,"href":"https:\/\/jornalboasnoticias.com.br\/home\/wp-json\/wp\/v2\/categories?post=45820"},{"taxonomy":"post_tag","embeddable":true,"href":"https:\/\/jornalboasnoticias.com.br\/home\/wp-json\/wp\/v2\/tags?post=45820"}],"curies":[{"name":"wp","href":"https:\/\/api.w.org\/{rel}","templated":true}]}}