{"id":45809,"date":"2024-11-27T17:47:00","date_gmt":"2024-11-27T17:47:00","guid":{"rendered":"https:\/\/jornalboasnoticias.com.br\/home\/?p=45809"},"modified":"2024-11-27T17:47:00","modified_gmt":"2024-11-27T17:47:00","slug":"universidades-estaduais-sobem-em-ranking-continental-e-reforcam-excelencia-em-ensino","status":"publish","type":"post","link":"https:\/\/jornalboasnoticias.com.br\/home\/universidades-estaduais-sobem-em-ranking-continental-e-reforcam-excelencia-em-ensino\/","title":{"rendered":"Universidades estaduais sobem em ranking continental e refor\u00e7am excel\u00eancia em ensino"},"content":{"rendered":"<div class=\"not-escopo-destaque\">\n<div>\n<figure id=\"attachment_45812\" aria-describedby=\"caption-attachment-45812\" style=\"width: 2560px\" class=\"wp-caption alignnone\"><img loading=\"lazy\" decoding=\"async\" class=\"size-full wp-image-45812\" src=\"https:\/\/jornalboasnoticias.com.br\/home\/wp-content\/uploads\/2024\/11\/capa-the-2024-scaled.jpg\" alt=\"\" width=\"2560\" height=\"1707\" srcset=\"https:\/\/jornalboasnoticias.com.br\/home\/wp-content\/uploads\/2024\/11\/capa-the-2024-scaled.jpg 2560w, https:\/\/jornalboasnoticias.com.br\/home\/wp-content\/uploads\/2024\/11\/capa-the-2024-300x200.jpg 300w, https:\/\/jornalboasnoticias.com.br\/home\/wp-content\/uploads\/2024\/11\/capa-the-2024-1024x683.jpg 1024w, https:\/\/jornalboasnoticias.com.br\/home\/wp-content\/uploads\/2024\/11\/capa-the-2024-768x512.jpg 768w, https:\/\/jornalboasnoticias.com.br\/home\/wp-content\/uploads\/2024\/11\/capa-the-2024-1536x1024.jpg 1536w, https:\/\/jornalboasnoticias.com.br\/home\/wp-content\/uploads\/2024\/11\/capa-the-2024-2048x1365.jpg 2048w, https:\/\/jornalboasnoticias.com.br\/home\/wp-content\/uploads\/2024\/11\/capa-the-2024-900x600.jpg 900w\" sizes=\"auto, (max-width: 2560px) 100vw, 2560px\" \/><figcaption id=\"caption-attachment-45812\" class=\"wp-caption-text\">Foto: SETI<\/figcaption><\/figure>\n<\/div>\n<\/div>\n<blockquote>\n<div class=\"not-escopo-destaque\">\n<div class=\"field field--name-field-escopo-destaque field--type-string-long field--label-hidden field--item\">UEL, UEM, UEPG e Unioeste se destacam novamente entre as institui\u00e7\u00f5es de ensino superior mais bem avaliadas do Brasil. A informa\u00e7\u00e3o est\u00e1 no Ranking Universit\u00e1rio da Am\u00e9rica Latina, divulgado pela revista brit\u00e2nica Times Higher Education (THE). O levantamento inclui crit\u00e9rios de ensino, pesquisa, internacionaliza\u00e7\u00e3o e rela\u00e7\u00e3o com o setor produtivo.<\/div>\n<\/div>\n<\/blockquote>\n<div>\n<article class=\"node node--type-noticia node--promoted node--view-mode-full clearfix\" role=\"article\" data-history-node-id=\"70208\">\n<div class=\"node__content clearfix\">\n<div class=\"field field--name-field-texto field--type-text-long field--label-hidden field--item\">\n<p>As universidades estaduais de Londrina (UEL), de Maring\u00e1 (UEM), de Ponta Grossa (UEPG) e do Oeste do Paran\u00e1 (Unioeste) se destacam novamente entre as institui\u00e7\u00f5es de ensino superior mais bem avaliadas do Brasil. A informa\u00e7\u00e3o est\u00e1 no Ranking Universit\u00e1rio da Am\u00e9rica Latina, divulgado neste m\u00eas pela revista brit\u00e2nica\u00a0<strong><a class=\"0\" href=\"https:\/\/www.timeshighereducation.com\/world-university-rankings\/2024\/latin-america-university-rankings\" target=\"_blank\" rel=\"nofollow noopener\">Times Higher Education (THE)<\/a><\/strong>. O levantamento classifica 70 universidades brasileiras e 144 institui\u00e7\u00f5es de outros 15 pa\u00edses da Am\u00e9rica Latina em crit\u00e9rios de ensino, pesquisa, internacionaliza\u00e7\u00e3o e rela\u00e7\u00e3o com o setor produtivo.<\/p>\n<p>A UEM e a UEL registraram uma melhoria no desempenho individual, na compara\u00e7\u00e3o com a edi\u00e7\u00e3o de 2023. Com um salto de quatro posi\u00e7\u00f5es, a UEM figura agora em 24\u00ba lugar entre as institui\u00e7\u00f5es de ensino superior brasileiras, consolidada como a segunda melhor universidade do Paran\u00e1. Na sequ\u00eancia, a UEL figura na 27\u00aa coloca\u00e7\u00e3o, duas posi\u00e7\u00f5es acima da registrada no ano anterior. Na classifica\u00e7\u00e3o geral, as duas estaduais ocupam as posi\u00e7\u00f5es 38 e 45, respectivamente. A UEPG e a Unioeste est\u00e3o nas coloca\u00e7\u00f5es 46 e 48 do Brasil e na faixa 101-125 da Am\u00e9rica Latina.<\/p>\n<p>Entre os par\u00e2metros individuais de avalia\u00e7\u00e3o, a UEM alcan\u00e7ou o melhor resultado nos dois quesitos que abrangem a produ\u00e7\u00e3o cient\u00edfica, com destaque no n\u00famero de publica\u00e7\u00f5es acad\u00eamicas. J\u00e1 a UEL, a UEPG e a Unioeste obtiveram um desempenho expressivo na qualidade do ensino, que analisa a forma\u00e7\u00e3o de novos pesquisadores, a capacidade da institui\u00e7\u00e3o de investimento na infraestrutura acad\u00eamica, a propor\u00e7\u00e3o entre as quantidades de professores e alunos e a titula\u00e7\u00e3o dos professores.<\/p>\n<p>O pr\u00f3-reitor de Pesquisa e P\u00f3s-Gradua\u00e7\u00e3o da UEM, Mauro Antonio da Silva S\u00e1 Ravagnani, reconhece a evolu\u00e7\u00e3o das iniciativas institucionais de pesquisa. \u201cEsse avan\u00e7o no desenvolvimento de pesquisa \u00e9 resultado de investimento em capacita\u00e7\u00e3o de docentes e t\u00e9cnicos no n\u00edvel de doutorado e, principalmente, na expans\u00e3o dos cursos de gradua\u00e7\u00e3o e de p\u00f3s-gradua\u00e7\u00e3o, o que influencia para termos mais alunos atuando na pesquisa\u201d, destaca.<\/p>\n<p>Ele diz, ainda, que os resultados das pesquisas cient\u00edficas contribuem para o atendimento de demandas locais e regionais, com impacto no desenvolvimento sustent\u00e1vel. \u201cEsse avan\u00e7o cient\u00edfico reflete em desenvolvimento tecnol\u00f3gico e inova\u00e7\u00e3o e contribui para a resolu\u00e7\u00e3o de quest\u00f5es sociais e econ\u00f4micas\u201d, afirma.<\/p>\n<p>Al\u00e9m da qualidade do ensino e da pesquisa, para a composi\u00e7\u00e3o da classifica\u00e7\u00e3o acad\u00eamica, a THE considera a\u00e7\u00f5es de colabora\u00e7\u00e3o internacional desenvolvidas pelas universidades. A revista tamb\u00e9m analisa as din\u00e2micas entre as institui\u00e7\u00f5es de ensino superior e com os segmentos produtivos empresariais, observando fatores como a transfer\u00eancia de tecnologia e a inser\u00e7\u00e3o de solu\u00e7\u00f5es inovadoras no mercado.<\/p>\n<p>Entre as institui\u00e7\u00f5es paranaenses, a Universidade Federal do Paran\u00e1 (UFPR) ocupa a 16\u00aa posi\u00e7\u00e3o geral do ranking, e a Universidade Tecnol\u00f3gica Federal do Paran\u00e1 (UTFPR), a 69\u00aa coloca\u00e7\u00e3o. A Pontif\u00edcia Universidade Cat\u00f3lica do Paran\u00e1 (PUCPR) est\u00e1 classificada em 46\u00ba lugar.<\/p>\n<p><strong>REFER\u00caNCIAS<\/strong>\u00a0\u2013 Um outro\u00a0<a class=\"0\" href=\"https:\/\/elsevier.digitalcommonsdata.com\/datasets\/btchxktzyw\/7\" target=\"_blank\" rel=\"nofollow noopener\">levantamento divulgado neste m\u00eas pela Universidade Stanford<\/a>, dos Estados Unidos, aponta que as institui\u00e7\u00f5es de ensino superior ligadas ao Governo do Paran\u00e1 aumentaram em cinco o n\u00famero de professores que integram a lista de cientistas mais citados do mundo, em 2024. Juntas, a UEL, a UEM, a UEPG e a Universidade Estadual do Centro-Oeste (Unicentro) somam agora 27 professores classificados entre os pesquisadores mais influentes, considerando dados bibliom\u00e9tricos coletados at\u00e9 2023, entre universidades de diferentes pa\u00edses e continentes.<\/p>\n<p>A UEM saltou de nove para 12 professores no ranking deste ano. A UEL e a Unicentro inclu\u00edram, cada uma, o nome de um professor e passam a contar com 9 e 3 pesquisadores entre os mais citados, nessa ordem. A UEPG manteve os tr\u00eas cientistas elencados na edi\u00e7\u00e3o anterior desse levantamento que est\u00e1 diretamente relacionado ao impacto da produ\u00e7\u00e3o cient\u00edfica global.<\/p>\n<p>O ranking est\u00e1 na s\u00e9tima edi\u00e7\u00e3o e classifica os cientistas em rela\u00e7\u00e3o \u00e0s cita\u00e7\u00f5es e publica\u00e7\u00f5es ao longo das carreiras acad\u00eamicas, al\u00e9m do desempenho relativo ao \u00faltimo ano. A iniciativa acontece em parceria com a Elsevier, uma empresa holandesa especializada em dados de publica\u00e7\u00e3o cient\u00edfica. A empresa utiliza um padr\u00e3o de cita\u00e7\u00f5es e indicadores com base na plataforma Scopus, um banco de dados de resumos e cita\u00e7\u00f5es que abrange as diferentes \u00e1reas do conhecimento.<\/p>\n<p>O seleto grupo de professores das universidades estaduais paranaenses atuam em estudos nas \u00e1reas da administra\u00e7\u00e3o, agricultura, biologia marinha, ci\u00eancia de alimentos, engenharia qu\u00edmica, farm\u00e1cia, f\u00edsica, fisiologia, fisioterapia, geografia, matem\u00e1tica, medicina veterin\u00e1ria, odontologia, pesca, qu\u00edmica, zoologia e zootecnia.<\/p>\n<p><strong>Confira o desempenho das universidades estaduais no ranking universit\u00e1rio da Am\u00e9rica Latina da THE:<\/strong><\/p>\n<div><\/div>\n<div>\n<div class=\"field field--name-field-media-image field--type-image field--label-hidden field--item\"><img loading=\"lazy\" decoding=\"async\" class=\"alignnone size-full wp-image-45810\" src=\"https:\/\/jornalboasnoticias.com.br\/home\/wp-content\/uploads\/2024\/11\/1_uem_e_uel-the-2024_0.webp\" alt=\"\" width=\"1140\" height=\"760\" srcset=\"https:\/\/jornalboasnoticias.com.br\/home\/wp-content\/uploads\/2024\/11\/1_uem_e_uel-the-2024_0.webp 1140w, https:\/\/jornalboasnoticias.com.br\/home\/wp-content\/uploads\/2024\/11\/1_uem_e_uel-the-2024_0-300x200.webp 300w, https:\/\/jornalboasnoticias.com.br\/home\/wp-content\/uploads\/2024\/11\/1_uem_e_uel-the-2024_0-1024x683.webp 1024w, https:\/\/jornalboasnoticias.com.br\/home\/wp-content\/uploads\/2024\/11\/1_uem_e_uel-the-2024_0-768x512.webp 768w, https:\/\/jornalboasnoticias.com.br\/home\/wp-content\/uploads\/2024\/11\/1_uem_e_uel-the-2024_0-900x600.webp 900w\" sizes=\"auto, (max-width: 1140px) 100vw, 1140px\" \/> <img loading=\"lazy\" decoding=\"async\" class=\"alignnone size-full wp-image-45811\" src=\"https:\/\/jornalboasnoticias.com.br\/home\/wp-content\/uploads\/2024\/11\/2_uepg_e_unioeste-the-2024_0.webp\" alt=\"\" width=\"1140\" height=\"760\" srcset=\"https:\/\/jornalboasnoticias.com.br\/home\/wp-content\/uploads\/2024\/11\/2_uepg_e_unioeste-the-2024_0.webp 1140w, https:\/\/jornalboasnoticias.com.br\/home\/wp-content\/uploads\/2024\/11\/2_uepg_e_unioeste-the-2024_0-300x200.webp 300w, https:\/\/jornalboasnoticias.com.br\/home\/wp-content\/uploads\/2024\/11\/2_uepg_e_unioeste-the-2024_0-1024x683.webp 1024w, https:\/\/jornalboasnoticias.com.br\/home\/wp-content\/uploads\/2024\/11\/2_uepg_e_unioeste-the-2024_0-768x512.webp 768w, https:\/\/jornalboasnoticias.com.br\/home\/wp-content\/uploads\/2024\/11\/2_uepg_e_unioeste-the-2024_0-900x600.webp 900w\" sizes=\"auto, (max-width: 1140px) 100vw, 1140px\" \/><\/div>\n<\/div>\n<\/div>\n<\/div>\n<\/article>\n<\/div>\n","protected":false},"excerpt":{"rendered":"<p>UEL, UEM, UEPG e Unioeste se destacam novamente entre as institui\u00e7\u00f5es de ensino superior mais<\/p>\n","protected":false},"author":4,"featured_media":45812,"comment_status":"open","ping_status":"open","sticky":false,"template":"","format":"standard","meta":{"footnotes":""},"categories":[8],"tags":[],"class_list":["post-45809","post","type-post","status-publish","format-standard","has-post-thumbnail","hentry","category-educacao"],"yoast_head":"<!-- This site is optimized with the Yoast SEO plugin v27.5 - https:\/\/yoast.com\/product\/yoast-seo-wordpress\/ -->\n<title>Universidades estaduais sobem em ranking continental e refor\u00e7am excel\u00eancia em ensino - Jornal<\/title>\n<meta name=\"description\" content=\"Universidades estaduais sobem em ranking continental e refor\u00e7am excel\u00eancia em ensino\" \/>\n<meta name=\"robots\" content=\"index, follow, max-snippet:-1, max-image-preview:large, max-video-preview:-1\" \/>\n<link rel=\"canonical\" href=\"https:\/\/jornalboasnoticias.com.br\/home\/universidades-estaduais-sobem-em-ranking-continental-e-reforcam-excelencia-em-ensino\/\" \/>\n<meta property=\"og:locale\" content=\"pt_BR\" \/>\n<meta property=\"og:type\" content=\"article\" \/>\n<meta property=\"og:title\" content=\"Universidades estaduais sobem em ranking continental e refor\u00e7am excel\u00eancia em ensino - Jornal\" \/>\n<meta property=\"og:description\" content=\"Universidades estaduais sobem em ranking continental e refor\u00e7am excel\u00eancia em ensino\" \/>\n<meta property=\"og:url\" content=\"https:\/\/jornalboasnoticias.com.br\/home\/universidades-estaduais-sobem-em-ranking-continental-e-reforcam-excelencia-em-ensino\/\" \/>\n<meta property=\"og:site_name\" content=\"Jornal\" \/>\n<meta property=\"article:publisher\" content=\"https:\/\/www.facebook.com\/boasnoticiasjornal\" \/>\n<meta property=\"article:published_time\" content=\"2024-11-27T17:47:00+00:00\" \/>\n<meta property=\"og:image\" content=\"https:\/\/jornalboasnoticias.com.br\/home\/wp-content\/uploads\/2024\/11\/capa-the-2024-scaled.jpg\" \/>\n\t<meta property=\"og:image:width\" content=\"2560\" \/>\n\t<meta property=\"og:image:height\" content=\"1707\" \/>\n\t<meta property=\"og:image:type\" content=\"image\/jpeg\" \/>\n<meta name=\"author\" content=\"Ana Luiza Bonatto\" \/>\n<meta name=\"twitter:card\" content=\"summary_large_image\" \/>\n<meta name=\"twitter:label1\" content=\"Escrito por\" \/>\n\t<meta name=\"twitter:data1\" content=\"Ana Luiza Bonatto\" \/>\n\t<meta name=\"twitter:label2\" content=\"Est. tempo de leitura\" \/>\n\t<meta name=\"twitter:data2\" content=\"5 minutos\" \/>\n<script type=\"application\/ld+json\" class=\"yoast-schema-graph\">{\"@context\":\"https:\\\/\\\/schema.org\",\"@graph\":[{\"@type\":\"Article\",\"@id\":\"https:\\\/\\\/jornalboasnoticias.com.br\\\/home\\\/universidades-estaduais-sobem-em-ranking-continental-e-reforcam-excelencia-em-ensino\\\/#article\",\"isPartOf\":{\"@id\":\"https:\\\/\\\/jornalboasnoticias.com.br\\\/home\\\/universidades-estaduais-sobem-em-ranking-continental-e-reforcam-excelencia-em-ensino\\\/\"},\"author\":{\"name\":\"Ana Luiza Bonatto\",\"@id\":\"https:\\\/\\\/jornalboasnoticias.com.br\\\/home\\\/#\\\/schema\\\/person\\\/d641193e0afc6405b390164dac847971\"},\"headline\":\"Universidades estaduais sobem em ranking continental e refor\u00e7am excel\u00eancia em ensino\",\"datePublished\":\"2024-11-27T17:47:00+00:00\",\"mainEntityOfPage\":{\"@id\":\"https:\\\/\\\/jornalboasnoticias.com.br\\\/home\\\/universidades-estaduais-sobem-em-ranking-continental-e-reforcam-excelencia-em-ensino\\\/\"},\"wordCount\":890,\"commentCount\":0,\"publisher\":{\"@id\":\"https:\\\/\\\/jornalboasnoticias.com.br\\\/home\\\/#organization\"},\"image\":{\"@id\":\"https:\\\/\\\/jornalboasnoticias.com.br\\\/home\\\/universidades-estaduais-sobem-em-ranking-continental-e-reforcam-excelencia-em-ensino\\\/#primaryimage\"},\"thumbnailUrl\":\"https:\\\/\\\/jornalboasnoticias.com.br\\\/home\\\/wp-content\\\/uploads\\\/2024\\\/11\\\/capa-the-2024-scaled.jpg\",\"articleSection\":[\"EDUCA\u00c7\u00c3O\"],\"inLanguage\":\"pt-BR\",\"potentialAction\":[{\"@type\":\"CommentAction\",\"name\":\"Comment\",\"target\":[\"https:\\\/\\\/jornalboasnoticias.com.br\\\/home\\\/universidades-estaduais-sobem-em-ranking-continental-e-reforcam-excelencia-em-ensino\\\/#respond\"]}]},{\"@type\":\"WebPage\",\"@id\":\"https:\\\/\\\/jornalboasnoticias.com.br\\\/home\\\/universidades-estaduais-sobem-em-ranking-continental-e-reforcam-excelencia-em-ensino\\\/\",\"url\":\"https:\\\/\\\/jornalboasnoticias.com.br\\\/home\\\/universidades-estaduais-sobem-em-ranking-continental-e-reforcam-excelencia-em-ensino\\\/\",\"name\":\"Universidades estaduais sobem em ranking continental e refor\u00e7am excel\u00eancia em ensino - Jornal\",\"isPartOf\":{\"@id\":\"https:\\\/\\\/jornalboasnoticias.com.br\\\/home\\\/#website\"},\"primaryImageOfPage\":{\"@id\":\"https:\\\/\\\/jornalboasnoticias.com.br\\\/home\\\/universidades-estaduais-sobem-em-ranking-continental-e-reforcam-excelencia-em-ensino\\\/#primaryimage\"},\"image\":{\"@id\":\"https:\\\/\\\/jornalboasnoticias.com.br\\\/home\\\/universidades-estaduais-sobem-em-ranking-continental-e-reforcam-excelencia-em-ensino\\\/#primaryimage\"},\"thumbnailUrl\":\"https:\\\/\\\/jornalboasnoticias.com.br\\\/home\\\/wp-content\\\/uploads\\\/2024\\\/11\\\/capa-the-2024-scaled.jpg\",\"datePublished\":\"2024-11-27T17:47:00+00:00\",\"description\":\"Universidades estaduais sobem em ranking continental e refor\u00e7am excel\u00eancia em ensino\",\"breadcrumb\":{\"@id\":\"https:\\\/\\\/jornalboasnoticias.com.br\\\/home\\\/universidades-estaduais-sobem-em-ranking-continental-e-reforcam-excelencia-em-ensino\\\/#breadcrumb\"},\"inLanguage\":\"pt-BR\",\"potentialAction\":[{\"@type\":\"ReadAction\",\"target\":[\"https:\\\/\\\/jornalboasnoticias.com.br\\\/home\\\/universidades-estaduais-sobem-em-ranking-continental-e-reforcam-excelencia-em-ensino\\\/\"]}]},{\"@type\":\"ImageObject\",\"inLanguage\":\"pt-BR\",\"@id\":\"https:\\\/\\\/jornalboasnoticias.com.br\\\/home\\\/universidades-estaduais-sobem-em-ranking-continental-e-reforcam-excelencia-em-ensino\\\/#primaryimage\",\"url\":\"https:\\\/\\\/jornalboasnoticias.com.br\\\/home\\\/wp-content\\\/uploads\\\/2024\\\/11\\\/capa-the-2024-scaled.jpg\",\"contentUrl\":\"https:\\\/\\\/jornalboasnoticias.com.br\\\/home\\\/wp-content\\\/uploads\\\/2024\\\/11\\\/capa-the-2024-scaled.jpg\",\"width\":2560,\"height\":1707,\"caption\":\"Foto: SETI\"},{\"@type\":\"BreadcrumbList\",\"@id\":\"https:\\\/\\\/jornalboasnoticias.com.br\\\/home\\\/universidades-estaduais-sobem-em-ranking-continental-e-reforcam-excelencia-em-ensino\\\/#breadcrumb\",\"itemListElement\":[{\"@type\":\"ListItem\",\"position\":1,\"name\":\"In\u00edcio\",\"item\":\"https:\\\/\\\/jornalboasnoticias.com.br\\\/home\\\/\"},{\"@type\":\"ListItem\",\"position\":2,\"name\":\"Universidades estaduais sobem em ranking continental e refor\u00e7am excel\u00eancia em ensino\"}]},{\"@type\":\"WebSite\",\"@id\":\"https:\\\/\\\/jornalboasnoticias.com.br\\\/home\\\/#website\",\"url\":\"https:\\\/\\\/jornalboasnoticias.com.br\\\/home\\\/\",\"name\":\"Jornal Boas Not\u00edcias\",\"description\":\"Boas not\u00edcias\",\"publisher\":{\"@id\":\"https:\\\/\\\/jornalboasnoticias.com.br\\\/home\\\/#organization\"},\"potentialAction\":[{\"@type\":\"SearchAction\",\"target\":{\"@type\":\"EntryPoint\",\"urlTemplate\":\"https:\\\/\\\/jornalboasnoticias.com.br\\\/home\\\/?s={search_term_string}\"},\"query-input\":{\"@type\":\"PropertyValueSpecification\",\"valueRequired\":true,\"valueName\":\"search_term_string\"}}],\"inLanguage\":\"pt-BR\"},{\"@type\":\"Organization\",\"@id\":\"https:\\\/\\\/jornalboasnoticias.com.br\\\/home\\\/#organization\",\"name\":\"Coq Editora Ltda\",\"alternateName\":\"Jornal Boas Noticias\",\"url\":\"https:\\\/\\\/jornalboasnoticias.com.br\\\/home\\\/\",\"logo\":{\"@type\":\"ImageObject\",\"inLanguage\":\"pt-BR\",\"@id\":\"https:\\\/\\\/jornalboasnoticias.com.br\\\/home\\\/#\\\/schema\\\/logo\\\/image\\\/\",\"url\":\"https:\\\/\\\/jornalboasnoticias.com.br\\\/home\\\/wp-content\\\/uploads\\\/2024\\\/07\\\/cropped-logo.jpg\",\"contentUrl\":\"https:\\\/\\\/jornalboasnoticias.com.br\\\/home\\\/wp-content\\\/uploads\\\/2024\\\/07\\\/cropped-logo.jpg\",\"width\":290,\"height\":142,\"caption\":\"Coq Editora Ltda\"},\"image\":{\"@id\":\"https:\\\/\\\/jornalboasnoticias.com.br\\\/home\\\/#\\\/schema\\\/logo\\\/image\\\/\"},\"sameAs\":[\"https:\\\/\\\/www.facebook.com\\\/boasnoticiasjornal\"]},{\"@type\":\"Person\",\"@id\":\"https:\\\/\\\/jornalboasnoticias.com.br\\\/home\\\/#\\\/schema\\\/person\\\/d641193e0afc6405b390164dac847971\",\"name\":\"Ana Luiza Bonatto\",\"image\":{\"@type\":\"ImageObject\",\"inLanguage\":\"pt-BR\",\"@id\":\"https:\\\/\\\/secure.gravatar.com\\\/avatar\\\/8a055ebe6373371f67ac6fcf313c0ac0b0a91157fdcdb9514fa62927373348f0?s=96&d=mm&r=g\",\"url\":\"https:\\\/\\\/secure.gravatar.com\\\/avatar\\\/8a055ebe6373371f67ac6fcf313c0ac0b0a91157fdcdb9514fa62927373348f0?s=96&d=mm&r=g\",\"contentUrl\":\"https:\\\/\\\/secure.gravatar.com\\\/avatar\\\/8a055ebe6373371f67ac6fcf313c0ac0b0a91157fdcdb9514fa62927373348f0?s=96&d=mm&r=g\",\"caption\":\"Ana Luiza Bonatto\"},\"url\":\"https:\\\/\\\/jornalboasnoticias.com.br\\\/home\\\/author\\\/ana-luiza\\\/\"}]}<\/script>\n<!-- \/ Yoast SEO plugin. -->","yoast_head_json":{"title":"Universidades estaduais sobem em ranking continental e refor\u00e7am excel\u00eancia em ensino - Jornal","description":"Universidades estaduais sobem em ranking continental e refor\u00e7am excel\u00eancia em ensino","robots":{"index":"index","follow":"follow","max-snippet":"max-snippet:-1","max-image-preview":"max-image-preview:large","max-video-preview":"max-video-preview:-1"},"canonical":"https:\/\/jornalboasnoticias.com.br\/home\/universidades-estaduais-sobem-em-ranking-continental-e-reforcam-excelencia-em-ensino\/","og_locale":"pt_BR","og_type":"article","og_title":"Universidades estaduais sobem em ranking continental e refor\u00e7am excel\u00eancia em ensino - Jornal","og_description":"Universidades estaduais sobem em ranking continental e refor\u00e7am excel\u00eancia em ensino","og_url":"https:\/\/jornalboasnoticias.com.br\/home\/universidades-estaduais-sobem-em-ranking-continental-e-reforcam-excelencia-em-ensino\/","og_site_name":"Jornal","article_publisher":"https:\/\/www.facebook.com\/boasnoticiasjornal","article_published_time":"2024-11-27T17:47:00+00:00","og_image":[{"width":2560,"height":1707,"url":"https:\/\/jornalboasnoticias.com.br\/home\/wp-content\/uploads\/2024\/11\/capa-the-2024-scaled.jpg","type":"image\/jpeg"}],"author":"Ana Luiza Bonatto","twitter_card":"summary_large_image","twitter_misc":{"Escrito por":"Ana Luiza Bonatto","Est. tempo de leitura":"5 minutos"},"schema":{"@context":"https:\/\/schema.org","@graph":[{"@type":"Article","@id":"https:\/\/jornalboasnoticias.com.br\/home\/universidades-estaduais-sobem-em-ranking-continental-e-reforcam-excelencia-em-ensino\/#article","isPartOf":{"@id":"https:\/\/jornalboasnoticias.com.br\/home\/universidades-estaduais-sobem-em-ranking-continental-e-reforcam-excelencia-em-ensino\/"},"author":{"name":"Ana Luiza Bonatto","@id":"https:\/\/jornalboasnoticias.com.br\/home\/#\/schema\/person\/d641193e0afc6405b390164dac847971"},"headline":"Universidades estaduais sobem em ranking continental e refor\u00e7am excel\u00eancia em ensino","datePublished":"2024-11-27T17:47:00+00:00","mainEntityOfPage":{"@id":"https:\/\/jornalboasnoticias.com.br\/home\/universidades-estaduais-sobem-em-ranking-continental-e-reforcam-excelencia-em-ensino\/"},"wordCount":890,"commentCount":0,"publisher":{"@id":"https:\/\/jornalboasnoticias.com.br\/home\/#organization"},"image":{"@id":"https:\/\/jornalboasnoticias.com.br\/home\/universidades-estaduais-sobem-em-ranking-continental-e-reforcam-excelencia-em-ensino\/#primaryimage"},"thumbnailUrl":"https:\/\/jornalboasnoticias.com.br\/home\/wp-content\/uploads\/2024\/11\/capa-the-2024-scaled.jpg","articleSection":["EDUCA\u00c7\u00c3O"],"inLanguage":"pt-BR","potentialAction":[{"@type":"CommentAction","name":"Comment","target":["https:\/\/jornalboasnoticias.com.br\/home\/universidades-estaduais-sobem-em-ranking-continental-e-reforcam-excelencia-em-ensino\/#respond"]}]},{"@type":"WebPage","@id":"https:\/\/jornalboasnoticias.com.br\/home\/universidades-estaduais-sobem-em-ranking-continental-e-reforcam-excelencia-em-ensino\/","url":"https:\/\/jornalboasnoticias.com.br\/home\/universidades-estaduais-sobem-em-ranking-continental-e-reforcam-excelencia-em-ensino\/","name":"Universidades estaduais sobem em ranking continental e refor\u00e7am excel\u00eancia em ensino - Jornal","isPartOf":{"@id":"https:\/\/jornalboasnoticias.com.br\/home\/#website"},"primaryImageOfPage":{"@id":"https:\/\/jornalboasnoticias.com.br\/home\/universidades-estaduais-sobem-em-ranking-continental-e-reforcam-excelencia-em-ensino\/#primaryimage"},"image":{"@id":"https:\/\/jornalboasnoticias.com.br\/home\/universidades-estaduais-sobem-em-ranking-continental-e-reforcam-excelencia-em-ensino\/#primaryimage"},"thumbnailUrl":"https:\/\/jornalboasnoticias.com.br\/home\/wp-content\/uploads\/2024\/11\/capa-the-2024-scaled.jpg","datePublished":"2024-11-27T17:47:00+00:00","description":"Universidades estaduais sobem em ranking continental e refor\u00e7am excel\u00eancia em ensino","breadcrumb":{"@id":"https:\/\/jornalboasnoticias.com.br\/home\/universidades-estaduais-sobem-em-ranking-continental-e-reforcam-excelencia-em-ensino\/#breadcrumb"},"inLanguage":"pt-BR","potentialAction":[{"@type":"ReadAction","target":["https:\/\/jornalboasnoticias.com.br\/home\/universidades-estaduais-sobem-em-ranking-continental-e-reforcam-excelencia-em-ensino\/"]}]},{"@type":"ImageObject","inLanguage":"pt-BR","@id":"https:\/\/jornalboasnoticias.com.br\/home\/universidades-estaduais-sobem-em-ranking-continental-e-reforcam-excelencia-em-ensino\/#primaryimage","url":"https:\/\/jornalboasnoticias.com.br\/home\/wp-content\/uploads\/2024\/11\/capa-the-2024-scaled.jpg","contentUrl":"https:\/\/jornalboasnoticias.com.br\/home\/wp-content\/uploads\/2024\/11\/capa-the-2024-scaled.jpg","width":2560,"height":1707,"caption":"Foto: SETI"},{"@type":"BreadcrumbList","@id":"https:\/\/jornalboasnoticias.com.br\/home\/universidades-estaduais-sobem-em-ranking-continental-e-reforcam-excelencia-em-ensino\/#breadcrumb","itemListElement":[{"@type":"ListItem","position":1,"name":"In\u00edcio","item":"https:\/\/jornalboasnoticias.com.br\/home\/"},{"@type":"ListItem","position":2,"name":"Universidades estaduais sobem em ranking continental e refor\u00e7am excel\u00eancia em ensino"}]},{"@type":"WebSite","@id":"https:\/\/jornalboasnoticias.com.br\/home\/#website","url":"https:\/\/jornalboasnoticias.com.br\/home\/","name":"Jornal Boas Not\u00edcias","description":"Boas not\u00edcias","publisher":{"@id":"https:\/\/jornalboasnoticias.com.br\/home\/#organization"},"potentialAction":[{"@type":"SearchAction","target":{"@type":"EntryPoint","urlTemplate":"https:\/\/jornalboasnoticias.com.br\/home\/?s={search_term_string}"},"query-input":{"@type":"PropertyValueSpecification","valueRequired":true,"valueName":"search_term_string"}}],"inLanguage":"pt-BR"},{"@type":"Organization","@id":"https:\/\/jornalboasnoticias.com.br\/home\/#organization","name":"Coq Editora Ltda","alternateName":"Jornal Boas Noticias","url":"https:\/\/jornalboasnoticias.com.br\/home\/","logo":{"@type":"ImageObject","inLanguage":"pt-BR","@id":"https:\/\/jornalboasnoticias.com.br\/home\/#\/schema\/logo\/image\/","url":"https:\/\/jornalboasnoticias.com.br\/home\/wp-content\/uploads\/2024\/07\/cropped-logo.jpg","contentUrl":"https:\/\/jornalboasnoticias.com.br\/home\/wp-content\/uploads\/2024\/07\/cropped-logo.jpg","width":290,"height":142,"caption":"Coq Editora Ltda"},"image":{"@id":"https:\/\/jornalboasnoticias.com.br\/home\/#\/schema\/logo\/image\/"},"sameAs":["https:\/\/www.facebook.com\/boasnoticiasjornal"]},{"@type":"Person","@id":"https:\/\/jornalboasnoticias.com.br\/home\/#\/schema\/person\/d641193e0afc6405b390164dac847971","name":"Ana Luiza Bonatto","image":{"@type":"ImageObject","inLanguage":"pt-BR","@id":"https:\/\/secure.gravatar.com\/avatar\/8a055ebe6373371f67ac6fcf313c0ac0b0a91157fdcdb9514fa62927373348f0?s=96&d=mm&r=g","url":"https:\/\/secure.gravatar.com\/avatar\/8a055ebe6373371f67ac6fcf313c0ac0b0a91157fdcdb9514fa62927373348f0?s=96&d=mm&r=g","contentUrl":"https:\/\/secure.gravatar.com\/avatar\/8a055ebe6373371f67ac6fcf313c0ac0b0a91157fdcdb9514fa62927373348f0?s=96&d=mm&r=g","caption":"Ana Luiza Bonatto"},"url":"https:\/\/jornalboasnoticias.com.br\/home\/author\/ana-luiza\/"}]}},"_links":{"self":[{"href":"https:\/\/jornalboasnoticias.com.br\/home\/wp-json\/wp\/v2\/posts\/45809","targetHints":{"allow":["GET"]}}],"collection":[{"href":"https:\/\/jornalboasnoticias.com.br\/home\/wp-json\/wp\/v2\/posts"}],"about":[{"href":"https:\/\/jornalboasnoticias.com.br\/home\/wp-json\/wp\/v2\/types\/post"}],"author":[{"embeddable":true,"href":"https:\/\/jornalboasnoticias.com.br\/home\/wp-json\/wp\/v2\/users\/4"}],"replies":[{"embeddable":true,"href":"https:\/\/jornalboasnoticias.com.br\/home\/wp-json\/wp\/v2\/comments?post=45809"}],"version-history":[{"count":2,"href":"https:\/\/jornalboasnoticias.com.br\/home\/wp-json\/wp\/v2\/posts\/45809\/revisions"}],"predecessor-version":[{"id":45814,"href":"https:\/\/jornalboasnoticias.com.br\/home\/wp-json\/wp\/v2\/posts\/45809\/revisions\/45814"}],"wp:featuredmedia":[{"embeddable":true,"href":"https:\/\/jornalboasnoticias.com.br\/home\/wp-json\/wp\/v2\/media\/45812"}],"wp:attachment":[{"href":"https:\/\/jornalboasnoticias.com.br\/home\/wp-json\/wp\/v2\/media?parent=45809"}],"wp:term":[{"taxonomy":"category","embeddable":true,"href":"https:\/\/jornalboasnoticias.com.br\/home\/wp-json\/wp\/v2\/categories?post=45809"},{"taxonomy":"post_tag","embeddable":true,"href":"https:\/\/jornalboasnoticias.com.br\/home\/wp-json\/wp\/v2\/tags?post=45809"}],"curies":[{"name":"wp","href":"https:\/\/api.w.org\/{rel}","templated":true}]}}