{"id":45806,"date":"2024-11-27T17:45:17","date_gmt":"2024-11-27T17:45:17","guid":{"rendered":"https:\/\/jornalboasnoticias.com.br\/home\/?p=45806"},"modified":"2024-11-27T17:45:17","modified_gmt":"2024-11-27T17:45:17","slug":"comeca-nesta-quinta-a-feira-sabores-do-parana-com-produtos-da-agricultura-familiar","status":"publish","type":"post","link":"https:\/\/jornalboasnoticias.com.br\/home\/comeca-nesta-quinta-a-feira-sabores-do-parana-com-produtos-da-agricultura-familiar\/","title":{"rendered":"Come\u00e7a nesta quinta a Feira Sabores do Paran\u00e1 com produtos da agricultura familiar"},"content":{"rendered":"<div class=\"not-escopo-destaque\">\n<div>\n<figure id=\"attachment_45807\" aria-describedby=\"caption-attachment-45807\" style=\"width: 1500px\" class=\"wp-caption alignnone\"><img loading=\"lazy\" decoding=\"async\" class=\"size-full wp-image-45807\" src=\"https:\/\/jornalboasnoticias.com.br\/home\/wp-content\/uploads\/2024\/11\/6.jpg\" alt=\"\" width=\"1500\" height=\"1000\" srcset=\"https:\/\/jornalboasnoticias.com.br\/home\/wp-content\/uploads\/2024\/11\/6.jpg 1500w, https:\/\/jornalboasnoticias.com.br\/home\/wp-content\/uploads\/2024\/11\/6-300x200.jpg 300w, https:\/\/jornalboasnoticias.com.br\/home\/wp-content\/uploads\/2024\/11\/6-1024x683.jpg 1024w, https:\/\/jornalboasnoticias.com.br\/home\/wp-content\/uploads\/2024\/11\/6-768x512.jpg 768w, https:\/\/jornalboasnoticias.com.br\/home\/wp-content\/uploads\/2024\/11\/6-900x600.jpg 900w\" sizes=\"auto, (max-width: 1500px) 100vw, 1500px\" \/><figcaption id=\"caption-attachment-45807\" class=\"wp-caption-text\">Foto: Arquivo AEN<\/figcaption><\/figure>\n<\/div>\n<\/div>\n<blockquote>\n<div class=\"not-escopo-destaque\">\n<div class=\"field field--name-field-escopo-destaque field--type-string-long field--label-hidden field--item\">Evento ser\u00e1 realizado no sal\u00e3o de eventos do Museu Oscar Niemeyer, em Curitiba, com a presen\u00e7a de 76 empreendedores da agricultura familiar do Paran\u00e1 e Rio Grande do Sul. Feira vai at\u00e9 domingo (1\u00ba).<\/div>\n<\/div>\n<\/blockquote>\n<div>\n<div class=\"row\">\n<div class=\"col-sm-8 col-md-offset-1 bloco-central\">\n<article class=\"node node--type-noticia node--promoted node--view-mode-full clearfix\" role=\"article\" data-history-node-id=\"70210\">\n<div class=\"node__content clearfix\">\n<div class=\"field field--name-field-texto field--type-text-long field--label-hidden field--item\">\n<p>A partir das 16 horas desta quinta-feira (28) at\u00e9 as 20 horas de domingo (1\u00ba) a popula\u00e7\u00e3o de Curitiba e regi\u00e3o poder\u00e1 experimentar e adquirir produtos industrializados da agricultura familiar paranaense durante a\u00a0<strong><a href=\"https:\/\/www.aen.pr.gov.br\/Noticia\/Retorno-da-Feira-Sabores-do-Parana-valoriza-produtos-da-agroindustria-familiar\" target=\"_blank\" rel=\"noopener\">Feira Sabores do Paran\u00e1<\/a><\/strong>, que acontece no Museu Oscar Niemeyer. Estar\u00e3o presentes 66 agroind\u00fastrias de 46 munic\u00edpios paranaenses e dez do Rio Grande do Sul. A entrada \u00e9 gratuita.<\/p>\n<p>A Feira Sabores do Paran\u00e1 \u00e9 retomada ap\u00f3s uma interrup\u00e7\u00e3o de 10 anos, para ser mais uma vitrine da produ\u00e7\u00e3o dos agricultores familiares. Todos os participantes possuem Cadastro Nacional da Agricultura Familiar (CAF) ativo e as agroind\u00fastrias aliment\u00edcias est\u00e3o regularizadas sanitariamente. Os produtos que forem comercializados estar\u00e3o todos rotulados, seguindo a legisla\u00e7\u00e3o vigente.<\/p>\n<p>O evento \u00e9 promovido pela secretaria estadual da Agricultura e do Abastecimento (Seab), com execu\u00e7\u00e3o do Instituto de Desenvolvimento Rural do Paran\u00e1 &#8211; Iapar-Emater (IDR-Paran\u00e1) e apoio da Ag\u00eancia de Defesa Agropecu\u00e1ria do Paran\u00e1 (Adapar), Secretaria Municipal de Seguran\u00e7a Alimentar e Nutricional de Curitiba, Sistema Faep\/Senar-PR, Sebrae\/PR e Fetaep.<\/p>\n<p><strong>FEIRA SABORES\u00a0<\/strong>\u2013 A Feira Sabores do Paran\u00e1 aconteceu de 2000 a 2014, com edi\u00e7\u00f5es em Curitiba e em diversos munic\u00edpios do Estado. Como naquela \u00e9poca, a gastronomia continua sendo o carro-chefe para divulgar as atra\u00e7\u00f5es tur\u00edsticas paranaenses. Tamb\u00e9m ser\u00e3o realizadas aulas-show de culin\u00e1ria, com ingredientes dispon\u00edveis na feira ou alguma cultivar desenvolvida pela pesquisa do IDR-Paran\u00e1. Cada aula-show ter\u00e1 o n\u00famero m\u00e1ximo de 30 participantes e a inscri\u00e7\u00e3o \u00e9 gratuita e feita no local.<\/p>\n<p>A abertura da feira ser\u00e1 nesta quinta-feira (28), \u00e0s 16 horas, no sal\u00e3o de eventos do Museu Oscar Niemeyer. De sexta a domingo estar\u00e1 aberta ao p\u00fablico sempre das 10 horas \u00e0s 20 horas.<\/p>\n<\/div>\n<\/div>\n<\/article>\n<\/div>\n<\/div>\n<div class=\"row\">\n<div class=\"col-sm-12\">\n<div id=\"medias\">(Ag\u00eancia Brasil)<\/div>\n<\/div>\n<\/div>\n<\/div>\n","protected":false},"excerpt":{"rendered":"<p>Evento ser\u00e1 realizado no sal\u00e3o de eventos do Museu Oscar Niemeyer, em Curitiba, com a<\/p>\n","protected":false},"author":4,"featured_media":45807,"comment_status":"open","ping_status":"open","sticky":false,"template":"","format":"standard","meta":{"footnotes":""},"categories":[3,4],"tags":[],"class_list":["post-45806","post","type-post","status-publish","format-standard","has-post-thumbnail","hentry","category-destaques","category-parana"],"yoast_head":"<!-- This site is optimized with the Yoast SEO plugin v27.5 - https:\/\/yoast.com\/product\/yoast-seo-wordpress\/ -->\n<title>Come\u00e7a nesta quinta a Feira Sabores do Paran\u00e1 com produtos da agricultura familiar - Jornal<\/title>\n<meta name=\"description\" content=\"Come\u00e7a nesta quinta a Feira Sabores do Paran\u00e1 com produtos da agricultura familiar\" \/>\n<meta name=\"robots\" content=\"index, follow, max-snippet:-1, max-image-preview:large, max-video-preview:-1\" \/>\n<link rel=\"canonical\" href=\"https:\/\/jornalboasnoticias.com.br\/home\/comeca-nesta-quinta-a-feira-sabores-do-parana-com-produtos-da-agricultura-familiar\/\" \/>\n<meta property=\"og:locale\" content=\"pt_BR\" \/>\n<meta property=\"og:type\" content=\"article\" \/>\n<meta property=\"og:title\" content=\"Come\u00e7a nesta quinta a Feira Sabores do Paran\u00e1 com produtos da agricultura familiar - Jornal\" \/>\n<meta property=\"og:description\" content=\"Come\u00e7a nesta quinta a Feira Sabores do Paran\u00e1 com produtos da agricultura familiar\" \/>\n<meta property=\"og:url\" content=\"https:\/\/jornalboasnoticias.com.br\/home\/comeca-nesta-quinta-a-feira-sabores-do-parana-com-produtos-da-agricultura-familiar\/\" \/>\n<meta property=\"og:site_name\" content=\"Jornal\" \/>\n<meta property=\"article:publisher\" content=\"https:\/\/www.facebook.com\/boasnoticiasjornal\" \/>\n<meta property=\"article:published_time\" content=\"2024-11-27T17:45:17+00:00\" \/>\n<meta property=\"og:image\" content=\"https:\/\/jornalboasnoticias.com.br\/home\/wp-content\/uploads\/2024\/11\/6.jpg\" \/>\n\t<meta property=\"og:image:width\" content=\"1500\" \/>\n\t<meta property=\"og:image:height\" content=\"1000\" \/>\n\t<meta property=\"og:image:type\" content=\"image\/jpeg\" \/>\n<meta name=\"author\" content=\"Ana Luiza Bonatto\" \/>\n<meta name=\"twitter:card\" content=\"summary_large_image\" \/>\n<meta name=\"twitter:label1\" content=\"Escrito por\" \/>\n\t<meta name=\"twitter:data1\" content=\"Ana Luiza Bonatto\" \/>\n\t<meta name=\"twitter:label2\" content=\"Est. tempo de leitura\" \/>\n\t<meta name=\"twitter:data2\" content=\"2 minutos\" \/>\n<script type=\"application\/ld+json\" class=\"yoast-schema-graph\">{\"@context\":\"https:\\\/\\\/schema.org\",\"@graph\":[{\"@type\":\"Article\",\"@id\":\"https:\\\/\\\/jornalboasnoticias.com.br\\\/home\\\/comeca-nesta-quinta-a-feira-sabores-do-parana-com-produtos-da-agricultura-familiar\\\/#article\",\"isPartOf\":{\"@id\":\"https:\\\/\\\/jornalboasnoticias.com.br\\\/home\\\/comeca-nesta-quinta-a-feira-sabores-do-parana-com-produtos-da-agricultura-familiar\\\/\"},\"author\":{\"name\":\"Ana Luiza Bonatto\",\"@id\":\"https:\\\/\\\/jornalboasnoticias.com.br\\\/home\\\/#\\\/schema\\\/person\\\/d641193e0afc6405b390164dac847971\"},\"headline\":\"Come\u00e7a nesta quinta a Feira Sabores do Paran\u00e1 com produtos da agricultura familiar\",\"datePublished\":\"2024-11-27T17:45:17+00:00\",\"mainEntityOfPage\":{\"@id\":\"https:\\\/\\\/jornalboasnoticias.com.br\\\/home\\\/comeca-nesta-quinta-a-feira-sabores-do-parana-com-produtos-da-agricultura-familiar\\\/\"},\"wordCount\":347,\"commentCount\":0,\"publisher\":{\"@id\":\"https:\\\/\\\/jornalboasnoticias.com.br\\\/home\\\/#organization\"},\"image\":{\"@id\":\"https:\\\/\\\/jornalboasnoticias.com.br\\\/home\\\/comeca-nesta-quinta-a-feira-sabores-do-parana-com-produtos-da-agricultura-familiar\\\/#primaryimage\"},\"thumbnailUrl\":\"https:\\\/\\\/jornalboasnoticias.com.br\\\/home\\\/wp-content\\\/uploads\\\/2024\\\/11\\\/6.jpg\",\"articleSection\":[\"DESTAQUE\",\"PARAN\u00c1\"],\"inLanguage\":\"pt-BR\",\"potentialAction\":[{\"@type\":\"CommentAction\",\"name\":\"Comment\",\"target\":[\"https:\\\/\\\/jornalboasnoticias.com.br\\\/home\\\/comeca-nesta-quinta-a-feira-sabores-do-parana-com-produtos-da-agricultura-familiar\\\/#respond\"]}]},{\"@type\":\"WebPage\",\"@id\":\"https:\\\/\\\/jornalboasnoticias.com.br\\\/home\\\/comeca-nesta-quinta-a-feira-sabores-do-parana-com-produtos-da-agricultura-familiar\\\/\",\"url\":\"https:\\\/\\\/jornalboasnoticias.com.br\\\/home\\\/comeca-nesta-quinta-a-feira-sabores-do-parana-com-produtos-da-agricultura-familiar\\\/\",\"name\":\"Come\u00e7a nesta quinta a Feira Sabores do Paran\u00e1 com produtos da agricultura familiar - Jornal\",\"isPartOf\":{\"@id\":\"https:\\\/\\\/jornalboasnoticias.com.br\\\/home\\\/#website\"},\"primaryImageOfPage\":{\"@id\":\"https:\\\/\\\/jornalboasnoticias.com.br\\\/home\\\/comeca-nesta-quinta-a-feira-sabores-do-parana-com-produtos-da-agricultura-familiar\\\/#primaryimage\"},\"image\":{\"@id\":\"https:\\\/\\\/jornalboasnoticias.com.br\\\/home\\\/comeca-nesta-quinta-a-feira-sabores-do-parana-com-produtos-da-agricultura-familiar\\\/#primaryimage\"},\"thumbnailUrl\":\"https:\\\/\\\/jornalboasnoticias.com.br\\\/home\\\/wp-content\\\/uploads\\\/2024\\\/11\\\/6.jpg\",\"datePublished\":\"2024-11-27T17:45:17+00:00\",\"description\":\"Come\u00e7a nesta quinta a Feira Sabores do Paran\u00e1 com produtos da agricultura familiar\",\"breadcrumb\":{\"@id\":\"https:\\\/\\\/jornalboasnoticias.com.br\\\/home\\\/comeca-nesta-quinta-a-feira-sabores-do-parana-com-produtos-da-agricultura-familiar\\\/#breadcrumb\"},\"inLanguage\":\"pt-BR\",\"potentialAction\":[{\"@type\":\"ReadAction\",\"target\":[\"https:\\\/\\\/jornalboasnoticias.com.br\\\/home\\\/comeca-nesta-quinta-a-feira-sabores-do-parana-com-produtos-da-agricultura-familiar\\\/\"]}]},{\"@type\":\"ImageObject\",\"inLanguage\":\"pt-BR\",\"@id\":\"https:\\\/\\\/jornalboasnoticias.com.br\\\/home\\\/comeca-nesta-quinta-a-feira-sabores-do-parana-com-produtos-da-agricultura-familiar\\\/#primaryimage\",\"url\":\"https:\\\/\\\/jornalboasnoticias.com.br\\\/home\\\/wp-content\\\/uploads\\\/2024\\\/11\\\/6.jpg\",\"contentUrl\":\"https:\\\/\\\/jornalboasnoticias.com.br\\\/home\\\/wp-content\\\/uploads\\\/2024\\\/11\\\/6.jpg\",\"width\":1500,\"height\":1000,\"caption\":\"Foto: Arquivo AEN\"},{\"@type\":\"BreadcrumbList\",\"@id\":\"https:\\\/\\\/jornalboasnoticias.com.br\\\/home\\\/comeca-nesta-quinta-a-feira-sabores-do-parana-com-produtos-da-agricultura-familiar\\\/#breadcrumb\",\"itemListElement\":[{\"@type\":\"ListItem\",\"position\":1,\"name\":\"In\u00edcio\",\"item\":\"https:\\\/\\\/jornalboasnoticias.com.br\\\/home\\\/\"},{\"@type\":\"ListItem\",\"position\":2,\"name\":\"Come\u00e7a nesta quinta a Feira Sabores do Paran\u00e1 com produtos da agricultura familiar\"}]},{\"@type\":\"WebSite\",\"@id\":\"https:\\\/\\\/jornalboasnoticias.com.br\\\/home\\\/#website\",\"url\":\"https:\\\/\\\/jornalboasnoticias.com.br\\\/home\\\/\",\"name\":\"Jornal Boas Not\u00edcias\",\"description\":\"Boas not\u00edcias\",\"publisher\":{\"@id\":\"https:\\\/\\\/jornalboasnoticias.com.br\\\/home\\\/#organization\"},\"potentialAction\":[{\"@type\":\"SearchAction\",\"target\":{\"@type\":\"EntryPoint\",\"urlTemplate\":\"https:\\\/\\\/jornalboasnoticias.com.br\\\/home\\\/?s={search_term_string}\"},\"query-input\":{\"@type\":\"PropertyValueSpecification\",\"valueRequired\":true,\"valueName\":\"search_term_string\"}}],\"inLanguage\":\"pt-BR\"},{\"@type\":\"Organization\",\"@id\":\"https:\\\/\\\/jornalboasnoticias.com.br\\\/home\\\/#organization\",\"name\":\"Coq Editora Ltda\",\"alternateName\":\"Jornal Boas Noticias\",\"url\":\"https:\\\/\\\/jornalboasnoticias.com.br\\\/home\\\/\",\"logo\":{\"@type\":\"ImageObject\",\"inLanguage\":\"pt-BR\",\"@id\":\"https:\\\/\\\/jornalboasnoticias.com.br\\\/home\\\/#\\\/schema\\\/logo\\\/image\\\/\",\"url\":\"https:\\\/\\\/jornalboasnoticias.com.br\\\/home\\\/wp-content\\\/uploads\\\/2024\\\/07\\\/cropped-logo.jpg\",\"contentUrl\":\"https:\\\/\\\/jornalboasnoticias.com.br\\\/home\\\/wp-content\\\/uploads\\\/2024\\\/07\\\/cropped-logo.jpg\",\"width\":290,\"height\":142,\"caption\":\"Coq Editora Ltda\"},\"image\":{\"@id\":\"https:\\\/\\\/jornalboasnoticias.com.br\\\/home\\\/#\\\/schema\\\/logo\\\/image\\\/\"},\"sameAs\":[\"https:\\\/\\\/www.facebook.com\\\/boasnoticiasjornal\"]},{\"@type\":\"Person\",\"@id\":\"https:\\\/\\\/jornalboasnoticias.com.br\\\/home\\\/#\\\/schema\\\/person\\\/d641193e0afc6405b390164dac847971\",\"name\":\"Ana Luiza Bonatto\",\"image\":{\"@type\":\"ImageObject\",\"inLanguage\":\"pt-BR\",\"@id\":\"https:\\\/\\\/secure.gravatar.com\\\/avatar\\\/8a055ebe6373371f67ac6fcf313c0ac0b0a91157fdcdb9514fa62927373348f0?s=96&d=mm&r=g\",\"url\":\"https:\\\/\\\/secure.gravatar.com\\\/avatar\\\/8a055ebe6373371f67ac6fcf313c0ac0b0a91157fdcdb9514fa62927373348f0?s=96&d=mm&r=g\",\"contentUrl\":\"https:\\\/\\\/secure.gravatar.com\\\/avatar\\\/8a055ebe6373371f67ac6fcf313c0ac0b0a91157fdcdb9514fa62927373348f0?s=96&d=mm&r=g\",\"caption\":\"Ana Luiza Bonatto\"},\"url\":\"https:\\\/\\\/jornalboasnoticias.com.br\\\/home\\\/author\\\/ana-luiza\\\/\"}]}<\/script>\n<!-- \/ Yoast SEO plugin. -->","yoast_head_json":{"title":"Come\u00e7a nesta quinta a Feira Sabores do Paran\u00e1 com produtos da agricultura familiar - Jornal","description":"Come\u00e7a nesta quinta a Feira Sabores do Paran\u00e1 com produtos da agricultura familiar","robots":{"index":"index","follow":"follow","max-snippet":"max-snippet:-1","max-image-preview":"max-image-preview:large","max-video-preview":"max-video-preview:-1"},"canonical":"https:\/\/jornalboasnoticias.com.br\/home\/comeca-nesta-quinta-a-feira-sabores-do-parana-com-produtos-da-agricultura-familiar\/","og_locale":"pt_BR","og_type":"article","og_title":"Come\u00e7a nesta quinta a Feira Sabores do Paran\u00e1 com produtos da agricultura familiar - Jornal","og_description":"Come\u00e7a nesta quinta a Feira Sabores do Paran\u00e1 com produtos da agricultura familiar","og_url":"https:\/\/jornalboasnoticias.com.br\/home\/comeca-nesta-quinta-a-feira-sabores-do-parana-com-produtos-da-agricultura-familiar\/","og_site_name":"Jornal","article_publisher":"https:\/\/www.facebook.com\/boasnoticiasjornal","article_published_time":"2024-11-27T17:45:17+00:00","og_image":[{"width":1500,"height":1000,"url":"https:\/\/jornalboasnoticias.com.br\/home\/wp-content\/uploads\/2024\/11\/6.jpg","type":"image\/jpeg"}],"author":"Ana Luiza Bonatto","twitter_card":"summary_large_image","twitter_misc":{"Escrito por":"Ana Luiza Bonatto","Est. tempo de leitura":"2 minutos"},"schema":{"@context":"https:\/\/schema.org","@graph":[{"@type":"Article","@id":"https:\/\/jornalboasnoticias.com.br\/home\/comeca-nesta-quinta-a-feira-sabores-do-parana-com-produtos-da-agricultura-familiar\/#article","isPartOf":{"@id":"https:\/\/jornalboasnoticias.com.br\/home\/comeca-nesta-quinta-a-feira-sabores-do-parana-com-produtos-da-agricultura-familiar\/"},"author":{"name":"Ana Luiza Bonatto","@id":"https:\/\/jornalboasnoticias.com.br\/home\/#\/schema\/person\/d641193e0afc6405b390164dac847971"},"headline":"Come\u00e7a nesta quinta a Feira Sabores do Paran\u00e1 com produtos da agricultura familiar","datePublished":"2024-11-27T17:45:17+00:00","mainEntityOfPage":{"@id":"https:\/\/jornalboasnoticias.com.br\/home\/comeca-nesta-quinta-a-feira-sabores-do-parana-com-produtos-da-agricultura-familiar\/"},"wordCount":347,"commentCount":0,"publisher":{"@id":"https:\/\/jornalboasnoticias.com.br\/home\/#organization"},"image":{"@id":"https:\/\/jornalboasnoticias.com.br\/home\/comeca-nesta-quinta-a-feira-sabores-do-parana-com-produtos-da-agricultura-familiar\/#primaryimage"},"thumbnailUrl":"https:\/\/jornalboasnoticias.com.br\/home\/wp-content\/uploads\/2024\/11\/6.jpg","articleSection":["DESTAQUE","PARAN\u00c1"],"inLanguage":"pt-BR","potentialAction":[{"@type":"CommentAction","name":"Comment","target":["https:\/\/jornalboasnoticias.com.br\/home\/comeca-nesta-quinta-a-feira-sabores-do-parana-com-produtos-da-agricultura-familiar\/#respond"]}]},{"@type":"WebPage","@id":"https:\/\/jornalboasnoticias.com.br\/home\/comeca-nesta-quinta-a-feira-sabores-do-parana-com-produtos-da-agricultura-familiar\/","url":"https:\/\/jornalboasnoticias.com.br\/home\/comeca-nesta-quinta-a-feira-sabores-do-parana-com-produtos-da-agricultura-familiar\/","name":"Come\u00e7a nesta quinta a Feira Sabores do Paran\u00e1 com produtos da agricultura familiar - Jornal","isPartOf":{"@id":"https:\/\/jornalboasnoticias.com.br\/home\/#website"},"primaryImageOfPage":{"@id":"https:\/\/jornalboasnoticias.com.br\/home\/comeca-nesta-quinta-a-feira-sabores-do-parana-com-produtos-da-agricultura-familiar\/#primaryimage"},"image":{"@id":"https:\/\/jornalboasnoticias.com.br\/home\/comeca-nesta-quinta-a-feira-sabores-do-parana-com-produtos-da-agricultura-familiar\/#primaryimage"},"thumbnailUrl":"https:\/\/jornalboasnoticias.com.br\/home\/wp-content\/uploads\/2024\/11\/6.jpg","datePublished":"2024-11-27T17:45:17+00:00","description":"Come\u00e7a nesta quinta a Feira Sabores do Paran\u00e1 com produtos da agricultura familiar","breadcrumb":{"@id":"https:\/\/jornalboasnoticias.com.br\/home\/comeca-nesta-quinta-a-feira-sabores-do-parana-com-produtos-da-agricultura-familiar\/#breadcrumb"},"inLanguage":"pt-BR","potentialAction":[{"@type":"ReadAction","target":["https:\/\/jornalboasnoticias.com.br\/home\/comeca-nesta-quinta-a-feira-sabores-do-parana-com-produtos-da-agricultura-familiar\/"]}]},{"@type":"ImageObject","inLanguage":"pt-BR","@id":"https:\/\/jornalboasnoticias.com.br\/home\/comeca-nesta-quinta-a-feira-sabores-do-parana-com-produtos-da-agricultura-familiar\/#primaryimage","url":"https:\/\/jornalboasnoticias.com.br\/home\/wp-content\/uploads\/2024\/11\/6.jpg","contentUrl":"https:\/\/jornalboasnoticias.com.br\/home\/wp-content\/uploads\/2024\/11\/6.jpg","width":1500,"height":1000,"caption":"Foto: Arquivo AEN"},{"@type":"BreadcrumbList","@id":"https:\/\/jornalboasnoticias.com.br\/home\/comeca-nesta-quinta-a-feira-sabores-do-parana-com-produtos-da-agricultura-familiar\/#breadcrumb","itemListElement":[{"@type":"ListItem","position":1,"name":"In\u00edcio","item":"https:\/\/jornalboasnoticias.com.br\/home\/"},{"@type":"ListItem","position":2,"name":"Come\u00e7a nesta quinta a Feira Sabores do Paran\u00e1 com produtos da agricultura familiar"}]},{"@type":"WebSite","@id":"https:\/\/jornalboasnoticias.com.br\/home\/#website","url":"https:\/\/jornalboasnoticias.com.br\/home\/","name":"Jornal Boas Not\u00edcias","description":"Boas not\u00edcias","publisher":{"@id":"https:\/\/jornalboasnoticias.com.br\/home\/#organization"},"potentialAction":[{"@type":"SearchAction","target":{"@type":"EntryPoint","urlTemplate":"https:\/\/jornalboasnoticias.com.br\/home\/?s={search_term_string}"},"query-input":{"@type":"PropertyValueSpecification","valueRequired":true,"valueName":"search_term_string"}}],"inLanguage":"pt-BR"},{"@type":"Organization","@id":"https:\/\/jornalboasnoticias.com.br\/home\/#organization","name":"Coq Editora Ltda","alternateName":"Jornal Boas Noticias","url":"https:\/\/jornalboasnoticias.com.br\/home\/","logo":{"@type":"ImageObject","inLanguage":"pt-BR","@id":"https:\/\/jornalboasnoticias.com.br\/home\/#\/schema\/logo\/image\/","url":"https:\/\/jornalboasnoticias.com.br\/home\/wp-content\/uploads\/2024\/07\/cropped-logo.jpg","contentUrl":"https:\/\/jornalboasnoticias.com.br\/home\/wp-content\/uploads\/2024\/07\/cropped-logo.jpg","width":290,"height":142,"caption":"Coq Editora Ltda"},"image":{"@id":"https:\/\/jornalboasnoticias.com.br\/home\/#\/schema\/logo\/image\/"},"sameAs":["https:\/\/www.facebook.com\/boasnoticiasjornal"]},{"@type":"Person","@id":"https:\/\/jornalboasnoticias.com.br\/home\/#\/schema\/person\/d641193e0afc6405b390164dac847971","name":"Ana Luiza Bonatto","image":{"@type":"ImageObject","inLanguage":"pt-BR","@id":"https:\/\/secure.gravatar.com\/avatar\/8a055ebe6373371f67ac6fcf313c0ac0b0a91157fdcdb9514fa62927373348f0?s=96&d=mm&r=g","url":"https:\/\/secure.gravatar.com\/avatar\/8a055ebe6373371f67ac6fcf313c0ac0b0a91157fdcdb9514fa62927373348f0?s=96&d=mm&r=g","contentUrl":"https:\/\/secure.gravatar.com\/avatar\/8a055ebe6373371f67ac6fcf313c0ac0b0a91157fdcdb9514fa62927373348f0?s=96&d=mm&r=g","caption":"Ana Luiza Bonatto"},"url":"https:\/\/jornalboasnoticias.com.br\/home\/author\/ana-luiza\/"}]}},"_links":{"self":[{"href":"https:\/\/jornalboasnoticias.com.br\/home\/wp-json\/wp\/v2\/posts\/45806","targetHints":{"allow":["GET"]}}],"collection":[{"href":"https:\/\/jornalboasnoticias.com.br\/home\/wp-json\/wp\/v2\/posts"}],"about":[{"href":"https:\/\/jornalboasnoticias.com.br\/home\/wp-json\/wp\/v2\/types\/post"}],"author":[{"embeddable":true,"href":"https:\/\/jornalboasnoticias.com.br\/home\/wp-json\/wp\/v2\/users\/4"}],"replies":[{"embeddable":true,"href":"https:\/\/jornalboasnoticias.com.br\/home\/wp-json\/wp\/v2\/comments?post=45806"}],"version-history":[{"count":1,"href":"https:\/\/jornalboasnoticias.com.br\/home\/wp-json\/wp\/v2\/posts\/45806\/revisions"}],"predecessor-version":[{"id":45808,"href":"https:\/\/jornalboasnoticias.com.br\/home\/wp-json\/wp\/v2\/posts\/45806\/revisions\/45808"}],"wp:featuredmedia":[{"embeddable":true,"href":"https:\/\/jornalboasnoticias.com.br\/home\/wp-json\/wp\/v2\/media\/45807"}],"wp:attachment":[{"href":"https:\/\/jornalboasnoticias.com.br\/home\/wp-json\/wp\/v2\/media?parent=45806"}],"wp:term":[{"taxonomy":"category","embeddable":true,"href":"https:\/\/jornalboasnoticias.com.br\/home\/wp-json\/wp\/v2\/categories?post=45806"},{"taxonomy":"post_tag","embeddable":true,"href":"https:\/\/jornalboasnoticias.com.br\/home\/wp-json\/wp\/v2\/tags?post=45806"}],"curies":[{"name":"wp","href":"https:\/\/api.w.org\/{rel}","templated":true}]}}