{"id":45803,"date":"2024-11-27T17:44:03","date_gmt":"2024-11-27T17:44:03","guid":{"rendered":"https:\/\/jornalboasnoticias.com.br\/home\/?p=45803"},"modified":"2024-11-27T17:44:03","modified_gmt":"2024-11-27T17:44:03","slug":"uem-tem-mais-de-33-mil-inscritos-no-vestibular-de-verao-e-pas-2024","status":"publish","type":"post","link":"https:\/\/jornalboasnoticias.com.br\/home\/uem-tem-mais-de-33-mil-inscritos-no-vestibular-de-verao-e-pas-2024\/","title":{"rendered":"UEM tem mais de 33 mil inscritos no Vestibular de Ver\u00e3o e PAS 2024"},"content":{"rendered":"<div class=\"not-escopo-destaque\">\n<div>\n<figure id=\"attachment_45804\" aria-describedby=\"caption-attachment-45804\" style=\"width: 1200px\" class=\"wp-caption alignnone\"><img loading=\"lazy\" decoding=\"async\" class=\"size-full wp-image-45804\" src=\"https:\/\/jornalboasnoticias.com.br\/home\/wp-content\/uploads\/2024\/11\/2024-07-14_vestibular_2024_28_de_48-1.jpg\" alt=\"\" width=\"1200\" height=\"800\" srcset=\"https:\/\/jornalboasnoticias.com.br\/home\/wp-content\/uploads\/2024\/11\/2024-07-14_vestibular_2024_28_de_48-1.jpg 1200w, https:\/\/jornalboasnoticias.com.br\/home\/wp-content\/uploads\/2024\/11\/2024-07-14_vestibular_2024_28_de_48-1-300x200.jpg 300w, https:\/\/jornalboasnoticias.com.br\/home\/wp-content\/uploads\/2024\/11\/2024-07-14_vestibular_2024_28_de_48-1-1024x683.jpg 1024w, https:\/\/jornalboasnoticias.com.br\/home\/wp-content\/uploads\/2024\/11\/2024-07-14_vestibular_2024_28_de_48-1-768x512.jpg 768w, https:\/\/jornalboasnoticias.com.br\/home\/wp-content\/uploads\/2024\/11\/2024-07-14_vestibular_2024_28_de_48-1-900x600.jpg 900w\" sizes=\"auto, (max-width: 1200px) 100vw, 1200px\" \/><figcaption id=\"caption-attachment-45804\" class=\"wp-caption-text\">Foto: UEM<\/figcaption><\/figure>\n<\/div>\n<\/div>\n<blockquote>\n<div class=\"not-escopo-destaque\">\n<div class=\"field field--name-field-escopo-destaque field--type-string-long field--label-hidden field--item\">N\u00fameros representam aumento de 1,2 mil candidatos em rela\u00e7\u00e3o ao ano passado. Prova do PAS ser\u00e1 neste domingo (1\u00ba) e a do vestibular em 12 de janeiro. Concursos ofertam 1.266 vagas para mais de 70 cursos de gradua\u00e7\u00e3o presenciais e gratuitos da UEM.<\/div>\n<\/div>\n<\/blockquote>\n<div>\n<p>Mais de 33 mil pessoas v\u00e3o concorrer a vagas de gradua\u00e7\u00e3o na Universidade Estadual de Maring\u00e1 (UEM) por meio do Vestibular de Ver\u00e3o e do Processo de Avalia\u00e7\u00e3o Seriada (PAS) 2024. As inscri\u00e7\u00f5es para ambos os processos seletivos terminaram em novembro. S\u00e3o 1,2 mil inscritos a mais em rela\u00e7\u00e3o ao ano passado. Foram 31.899 candidatos em 2023 e 33.115 neste ano, somadas as duas modalidade.<\/p>\n<p>Os editais com a rela\u00e7\u00e3o de inscri\u00e7\u00f5es homologadas podem ser consultados no site da Comiss\u00e3o de Vestibular Unificado (<strong><a class=\"0\" href=\"https:\/\/vestibular.uem.br\/\" target=\"_blank\" rel=\"nofollow noopener\">CVU<\/a><\/strong>)<sup><strong><a class=\"0\" href=\"https:\/\/vestibular.uem.br\/\" target=\"_blank\" rel=\"nofollow noopener\">\u00a0<\/a><\/strong><\/sup>ou no\u00a0<strong><a class=\"0\" href=\"https:\/\/play.google.com\/store\/apps\/details?id=br.uem.vestibular.appvestibularuem&amp;hl=pt_BR\" target=\"_blank\" rel=\"nofollow noopener\">App Vestibular UEM<\/a><\/strong>.<\/p>\n<p>A prova do PAS ser\u00e1 aplicada neste domingo (1\u00ba) em Maring\u00e1 e em outras dez cidades paranaenses \u2013 Apucarana, Campo Mour\u00e3o, Cascavel, Cianorte, Goioer\u00ea, Ivaipor\u00e3, Loanda, Londrina, Paranava\u00ed e Umuarama. J\u00e1 a prova do Vestibular de Ver\u00e3o 2024 ser\u00e1 realizada em 12 de janeiro de 2025. No \u00faltimo domingo (24), por\u00e9m, candidatos ao curso de M\u00fasica prestaram a prova de habilidades espec\u00edficas e o resultado da avalia\u00e7\u00e3o j\u00e1 est\u00e1 dispon\u00edvel no\u00a0site da CVU\u00a0e no\u00a0App Vestibular UEM.<\/p>\n<p>Somados, os processos seletivos ofertam 1.266 vagas para mais de 70 cursos de gradua\u00e7\u00e3o presenciais e gratuitos da UEM, distribu\u00eddos entre o c\u00e2mpus-sede, em Maring\u00e1, e outros cinco c\u00e2mpus regionais da institui\u00e7\u00e3o: Cianorte, Cidade Ga\u00facha, Goioer\u00ea, Ivaipor\u00e3 e Umuarama. Os resultados dos processos seletivos ser\u00e3o divulgados em 31 de janeiro.<\/p>\n<p>Ambos os concursos preveem ingresso em 2025, quando\u00a0o calend\u00e1rio acad\u00eamico da UEM voltar\u00e1 a coincidir com o calend\u00e1rio civil. O pr\u00f3ximo ano letivo ter\u00e1 in\u00edcio em mar\u00e7o e t\u00e9rmino em dezembro do ano que vem. Portanto, os aprovados no Vestibular de Ver\u00e3o e no PAS 2024 ingressar\u00e3o na Universidade com o calend\u00e1rio j\u00e1 ajustado, o que n\u00e3o ocorria h\u00e1 seis anos.<\/p>\n<p>Outra novidade \u00e9 que tanto Vestibular de Ver\u00e3o quanto PAS ofertam vagas para cinco novos cursos de gradua\u00e7\u00e3o da UEM \u2013 Engenharia T\u00eaxtil e Servi\u00e7o Social, no c\u00e2mpus de Maring\u00e1; e Arquitetura e Urbanismo, Engenharia de Computa\u00e7\u00e3o e Tecnologia em Gastronomia, no C\u00e2mpus Regional de Umuarama (CAU). Rec\u00e9m-aprovadas, as novas gradua\u00e7\u00f5es receber\u00e3o estudantes pela primeira vez.<\/p>\n<p>Al\u00e9m disso, cursos j\u00e1 ofertados pela institui\u00e7\u00e3o ser\u00e3o desenvolvidos em novos turnos. \u00c9 o caso da gradua\u00e7\u00e3o em M\u00fasica, no c\u00e2mpus Maring\u00e1, que ter\u00e1 aulas em per\u00edodo matutino. J\u00e1 os cursos de Engenharia Ambiental e Engenharia de Alimentos, ambas do CAU, em Umuarama, passar\u00e3o a ser ofertados no per\u00edodo noturno.<\/p>\n<p><strong>DADOS<\/strong>\u00a0\u2013 Ao todo,\u00a09.189 candidatos se inscreveram no Vestibular de Ver\u00e3o 2024 &#8211; um aumento de 4,4% em rela\u00e7\u00e3o aos 8,7 mil inscritos do ano passado. O processo seletivo oferta 892 vagas de gradua\u00e7\u00e3o, sendo 489 para ampla concorr\u00eancia e 403 destinadas \u00e0s cotas sociais, para negros e para Pessoas com Defici\u00eancia (PcD).<\/p>\n<p>A maior parte dos candidatos vem do Paran\u00e1: 85,7%. O estado de S\u00e3o Paulo \u00e9 representado por 9,4% dos inscritos, seguido por Mato Grosso do Sul (1,8%), Santa Catarina (1%) e Mato Grosso (0,5%). Os outros 1,5% s\u00e3o oriundos de demais estados brasileiros.<\/p>\n<p>Para o vestibular, seguem v\u00e1lidas as mudan\u00e7as promovidas pela CVU no ano passado. A principal delas foi a elimina\u00e7\u00e3o da prova de conhecimentos espec\u00edficos, para que cada candidato possa se inscrever em at\u00e9 tr\u00eas op\u00e7\u00f5es de cursos diferentes . As gradua\u00e7\u00f5es escolhidas n\u00e3o precisam ser de uma mesma \u00e1rea.<\/p>\n<p>O curso de Medicina foi o mais procurado como primeira op\u00e7\u00e3o dos candidatos ao vestibular, com 608,6 candidatos para cada vaga na gradua\u00e7\u00e3o. Entre os cursos mais concorridos, tamb\u00e9m destacam-se Odontologia (67,75 candidatos por vaga), Ci\u00eancia da Computa\u00e7\u00e3o (51,5),\u00a0Direito Noturno (50,45) e\u00a0Psicologia (50,45). \u00c9 poss\u00edvel consultar a rela\u00e7\u00e3o candidato\/vaga de todos os cursos no Vestibular de Ver\u00e3o 2024\u00a0<strong>\u00a0<span class=\"embedded-entity\" data-embed-button=\"midia_embarcada\" data-entity-embed-display=\"view_mode:media.midia_anexada_em_outro_node\" data-entity-type=\"media\" data-entity-uuid=\"ef958478-0b52-4e3f-b452-23b70293b3a2\" data-langcode=\"pt-br\">aqui\u00a0<\/span><\/strong>, ou por meio do site da CVU e do App Vestibular da UEM<\/p>\n<p>J\u00e1 o PAS 2024 somou, ao todo, 23.926 inscri\u00e7\u00f5es, ou seja, 824 a mais do que em 2023. O predom\u00ednio tamb\u00e9m \u00e9 de estudantes paranaenses, que representam 84,3% dos candidatos. Ainda h\u00e1 inscritos de S\u00e3o Paulo (12,4%), Mato Grosso do Sul (2,5%), Mato Grosso (0,3%) e Santa Catarina (0,2%), entre outros estados brasileiros (0,2%).<\/p>\n<p>Participam do PAS estudantes de ensino m\u00e9dio de escolas p\u00fablicas ou privadas cadastradas junto \u00e0 UEM. A avalia\u00e7\u00e3o ocorre de forma seriada: ao final de cada ano do ensino m\u00e9dio, os estudantes realizam uma prova que contempla conte\u00fados espec\u00edficos da s\u00e9rie em que est\u00e3o matriculados. O desempenho obtido em cada prova \u00e9 acumulado e determina o escore final do estudante no processo.<\/p>\n<p>Neste ano, os 3,2 mil inscritos na terceira etapa do PAS concorrem a 374 oportunidades de ingresso na UEM. S\u00e3o 209 para ampla concorr\u00eancia e 165 via pol\u00edtica de cotas.\u00a0Novamente, Medicina aparece como o curso mais concorrido, com 159,5 candidatos por vaga na modalidade universal. Biomedicina (63), Ci\u00eancia da Computa\u00e7\u00e3o (62), Psicologia (58) e Enfermagem (48) tamb\u00e9m est\u00e3o entre as gradua\u00e7\u00f5es mais procuradas pelos candidatos.<\/p>\n<p>A\u00a0<strong>\u00a0<span class=\"embedded-entity\" data-embed-button=\"midia_embarcada\" data-entity-embed-display=\"view_mode:media.midia_anexada_em_outro_node\" data-entity-type=\"media\" data-entity-uuid=\"5a2ba09e-ed0b-4e20-903c-68e0197c6e4a\" data-langcode=\"pt-br\">rela\u00e7\u00e3o candidato\/vaga\u00a0\u00a0<\/span><\/strong>de todos os cursos ofertados pelo PAS tamb\u00e9m est\u00e1 dispon\u00edvel nos canais de comunica\u00e7\u00e3o oficiais do processo seletivo.<\/p>\n<p>Mais informa\u00e7\u00f5es sobre ambos os concursos podem ser encontradas nos sites do Vestibular da UEM e do PAS e no App Vestibular da UEM. Em caso de d\u00favidas, \u00e9 poss\u00edvel consultar a\u00a0<strong><a class=\"0\" href=\"https:\/\/www.npd.uem.br\/cvu\/chat.zul\" target=\"_blank\" rel=\"nofollow noopener\">Secretaria Virtual da CVU<\/a><\/strong>.<\/p>\n<p>(AEN)<\/p>\n<\/div>\n","protected":false},"excerpt":{"rendered":"<p>N\u00fameros representam aumento de 1,2 mil candidatos em rela\u00e7\u00e3o ao ano passado. Prova do PAS<\/p>\n","protected":false},"author":4,"featured_media":45804,"comment_status":"open","ping_status":"open","sticky":false,"template":"","format":"standard","meta":{"footnotes":""},"categories":[3,8],"tags":[],"class_list":["post-45803","post","type-post","status-publish","format-standard","has-post-thumbnail","hentry","category-destaques","category-educacao"],"yoast_head":"<!-- This site is optimized with the Yoast SEO plugin v27.5 - https:\/\/yoast.com\/product\/yoast-seo-wordpress\/ -->\n<title>UEM tem mais de 33 mil inscritos no Vestibular de Ver\u00e3o e PAS 2024 - Jornal<\/title>\n<meta name=\"description\" content=\"UEM tem mais de 33 mil inscritos no Vestibular de Ver\u00e3o e PAS 2024\" \/>\n<meta name=\"robots\" content=\"index, follow, max-snippet:-1, max-image-preview:large, max-video-preview:-1\" \/>\n<link rel=\"canonical\" href=\"https:\/\/jornalboasnoticias.com.br\/home\/uem-tem-mais-de-33-mil-inscritos-no-vestibular-de-verao-e-pas-2024\/\" \/>\n<meta property=\"og:locale\" content=\"pt_BR\" \/>\n<meta property=\"og:type\" content=\"article\" \/>\n<meta property=\"og:title\" content=\"UEM tem mais de 33 mil inscritos no Vestibular de Ver\u00e3o e PAS 2024 - Jornal\" \/>\n<meta property=\"og:description\" content=\"UEM tem mais de 33 mil inscritos no Vestibular de Ver\u00e3o e PAS 2024\" \/>\n<meta property=\"og:url\" content=\"https:\/\/jornalboasnoticias.com.br\/home\/uem-tem-mais-de-33-mil-inscritos-no-vestibular-de-verao-e-pas-2024\/\" \/>\n<meta property=\"og:site_name\" content=\"Jornal\" \/>\n<meta property=\"article:publisher\" content=\"https:\/\/www.facebook.com\/boasnoticiasjornal\" \/>\n<meta property=\"article:published_time\" content=\"2024-11-27T17:44:03+00:00\" \/>\n<meta property=\"og:image\" content=\"https:\/\/jornalboasnoticias.com.br\/home\/wp-content\/uploads\/2024\/11\/2024-07-14_vestibular_2024_28_de_48-1.jpg\" \/>\n\t<meta property=\"og:image:width\" content=\"1200\" \/>\n\t<meta property=\"og:image:height\" content=\"800\" \/>\n\t<meta property=\"og:image:type\" content=\"image\/jpeg\" \/>\n<meta name=\"author\" content=\"Ana Luiza Bonatto\" \/>\n<meta name=\"twitter:card\" content=\"summary_large_image\" \/>\n<meta name=\"twitter:label1\" content=\"Escrito por\" \/>\n\t<meta name=\"twitter:data1\" content=\"Ana Luiza Bonatto\" \/>\n\t<meta name=\"twitter:label2\" content=\"Est. tempo de leitura\" \/>\n\t<meta name=\"twitter:data2\" content=\"5 minutos\" \/>\n<script type=\"application\/ld+json\" class=\"yoast-schema-graph\">{\"@context\":\"https:\\\/\\\/schema.org\",\"@graph\":[{\"@type\":\"Article\",\"@id\":\"https:\\\/\\\/jornalboasnoticias.com.br\\\/home\\\/uem-tem-mais-de-33-mil-inscritos-no-vestibular-de-verao-e-pas-2024\\\/#article\",\"isPartOf\":{\"@id\":\"https:\\\/\\\/jornalboasnoticias.com.br\\\/home\\\/uem-tem-mais-de-33-mil-inscritos-no-vestibular-de-verao-e-pas-2024\\\/\"},\"author\":{\"name\":\"Ana Luiza Bonatto\",\"@id\":\"https:\\\/\\\/jornalboasnoticias.com.br\\\/home\\\/#\\\/schema\\\/person\\\/d641193e0afc6405b390164dac847971\"},\"headline\":\"UEM tem mais de 33 mil inscritos no Vestibular de Ver\u00e3o e PAS 2024\",\"datePublished\":\"2024-11-27T17:44:03+00:00\",\"mainEntityOfPage\":{\"@id\":\"https:\\\/\\\/jornalboasnoticias.com.br\\\/home\\\/uem-tem-mais-de-33-mil-inscritos-no-vestibular-de-verao-e-pas-2024\\\/\"},\"wordCount\":949,\"commentCount\":0,\"publisher\":{\"@id\":\"https:\\\/\\\/jornalboasnoticias.com.br\\\/home\\\/#organization\"},\"image\":{\"@id\":\"https:\\\/\\\/jornalboasnoticias.com.br\\\/home\\\/uem-tem-mais-de-33-mil-inscritos-no-vestibular-de-verao-e-pas-2024\\\/#primaryimage\"},\"thumbnailUrl\":\"https:\\\/\\\/jornalboasnoticias.com.br\\\/home\\\/wp-content\\\/uploads\\\/2024\\\/11\\\/2024-07-14_vestibular_2024_28_de_48-1.jpg\",\"articleSection\":[\"DESTAQUE\",\"EDUCA\u00c7\u00c3O\"],\"inLanguage\":\"pt-BR\",\"potentialAction\":[{\"@type\":\"CommentAction\",\"name\":\"Comment\",\"target\":[\"https:\\\/\\\/jornalboasnoticias.com.br\\\/home\\\/uem-tem-mais-de-33-mil-inscritos-no-vestibular-de-verao-e-pas-2024\\\/#respond\"]}]},{\"@type\":\"WebPage\",\"@id\":\"https:\\\/\\\/jornalboasnoticias.com.br\\\/home\\\/uem-tem-mais-de-33-mil-inscritos-no-vestibular-de-verao-e-pas-2024\\\/\",\"url\":\"https:\\\/\\\/jornalboasnoticias.com.br\\\/home\\\/uem-tem-mais-de-33-mil-inscritos-no-vestibular-de-verao-e-pas-2024\\\/\",\"name\":\"UEM tem mais de 33 mil inscritos no Vestibular de Ver\u00e3o e PAS 2024 - Jornal\",\"isPartOf\":{\"@id\":\"https:\\\/\\\/jornalboasnoticias.com.br\\\/home\\\/#website\"},\"primaryImageOfPage\":{\"@id\":\"https:\\\/\\\/jornalboasnoticias.com.br\\\/home\\\/uem-tem-mais-de-33-mil-inscritos-no-vestibular-de-verao-e-pas-2024\\\/#primaryimage\"},\"image\":{\"@id\":\"https:\\\/\\\/jornalboasnoticias.com.br\\\/home\\\/uem-tem-mais-de-33-mil-inscritos-no-vestibular-de-verao-e-pas-2024\\\/#primaryimage\"},\"thumbnailUrl\":\"https:\\\/\\\/jornalboasnoticias.com.br\\\/home\\\/wp-content\\\/uploads\\\/2024\\\/11\\\/2024-07-14_vestibular_2024_28_de_48-1.jpg\",\"datePublished\":\"2024-11-27T17:44:03+00:00\",\"description\":\"UEM tem mais de 33 mil inscritos no Vestibular de Ver\u00e3o e PAS 2024\",\"breadcrumb\":{\"@id\":\"https:\\\/\\\/jornalboasnoticias.com.br\\\/home\\\/uem-tem-mais-de-33-mil-inscritos-no-vestibular-de-verao-e-pas-2024\\\/#breadcrumb\"},\"inLanguage\":\"pt-BR\",\"potentialAction\":[{\"@type\":\"ReadAction\",\"target\":[\"https:\\\/\\\/jornalboasnoticias.com.br\\\/home\\\/uem-tem-mais-de-33-mil-inscritos-no-vestibular-de-verao-e-pas-2024\\\/\"]}]},{\"@type\":\"ImageObject\",\"inLanguage\":\"pt-BR\",\"@id\":\"https:\\\/\\\/jornalboasnoticias.com.br\\\/home\\\/uem-tem-mais-de-33-mil-inscritos-no-vestibular-de-verao-e-pas-2024\\\/#primaryimage\",\"url\":\"https:\\\/\\\/jornalboasnoticias.com.br\\\/home\\\/wp-content\\\/uploads\\\/2024\\\/11\\\/2024-07-14_vestibular_2024_28_de_48-1.jpg\",\"contentUrl\":\"https:\\\/\\\/jornalboasnoticias.com.br\\\/home\\\/wp-content\\\/uploads\\\/2024\\\/11\\\/2024-07-14_vestibular_2024_28_de_48-1.jpg\",\"width\":1200,\"height\":800,\"caption\":\"Foto: UEM\"},{\"@type\":\"BreadcrumbList\",\"@id\":\"https:\\\/\\\/jornalboasnoticias.com.br\\\/home\\\/uem-tem-mais-de-33-mil-inscritos-no-vestibular-de-verao-e-pas-2024\\\/#breadcrumb\",\"itemListElement\":[{\"@type\":\"ListItem\",\"position\":1,\"name\":\"In\u00edcio\",\"item\":\"https:\\\/\\\/jornalboasnoticias.com.br\\\/home\\\/\"},{\"@type\":\"ListItem\",\"position\":2,\"name\":\"UEM tem mais de 33 mil inscritos no Vestibular de Ver\u00e3o e PAS 2024\"}]},{\"@type\":\"WebSite\",\"@id\":\"https:\\\/\\\/jornalboasnoticias.com.br\\\/home\\\/#website\",\"url\":\"https:\\\/\\\/jornalboasnoticias.com.br\\\/home\\\/\",\"name\":\"Jornal Boas Not\u00edcias\",\"description\":\"Boas not\u00edcias\",\"publisher\":{\"@id\":\"https:\\\/\\\/jornalboasnoticias.com.br\\\/home\\\/#organization\"},\"potentialAction\":[{\"@type\":\"SearchAction\",\"target\":{\"@type\":\"EntryPoint\",\"urlTemplate\":\"https:\\\/\\\/jornalboasnoticias.com.br\\\/home\\\/?s={search_term_string}\"},\"query-input\":{\"@type\":\"PropertyValueSpecification\",\"valueRequired\":true,\"valueName\":\"search_term_string\"}}],\"inLanguage\":\"pt-BR\"},{\"@type\":\"Organization\",\"@id\":\"https:\\\/\\\/jornalboasnoticias.com.br\\\/home\\\/#organization\",\"name\":\"Coq Editora Ltda\",\"alternateName\":\"Jornal Boas Noticias\",\"url\":\"https:\\\/\\\/jornalboasnoticias.com.br\\\/home\\\/\",\"logo\":{\"@type\":\"ImageObject\",\"inLanguage\":\"pt-BR\",\"@id\":\"https:\\\/\\\/jornalboasnoticias.com.br\\\/home\\\/#\\\/schema\\\/logo\\\/image\\\/\",\"url\":\"https:\\\/\\\/jornalboasnoticias.com.br\\\/home\\\/wp-content\\\/uploads\\\/2024\\\/07\\\/cropped-logo.jpg\",\"contentUrl\":\"https:\\\/\\\/jornalboasnoticias.com.br\\\/home\\\/wp-content\\\/uploads\\\/2024\\\/07\\\/cropped-logo.jpg\",\"width\":290,\"height\":142,\"caption\":\"Coq Editora Ltda\"},\"image\":{\"@id\":\"https:\\\/\\\/jornalboasnoticias.com.br\\\/home\\\/#\\\/schema\\\/logo\\\/image\\\/\"},\"sameAs\":[\"https:\\\/\\\/www.facebook.com\\\/boasnoticiasjornal\"]},{\"@type\":\"Person\",\"@id\":\"https:\\\/\\\/jornalboasnoticias.com.br\\\/home\\\/#\\\/schema\\\/person\\\/d641193e0afc6405b390164dac847971\",\"name\":\"Ana Luiza Bonatto\",\"image\":{\"@type\":\"ImageObject\",\"inLanguage\":\"pt-BR\",\"@id\":\"https:\\\/\\\/secure.gravatar.com\\\/avatar\\\/8a055ebe6373371f67ac6fcf313c0ac0b0a91157fdcdb9514fa62927373348f0?s=96&d=mm&r=g\",\"url\":\"https:\\\/\\\/secure.gravatar.com\\\/avatar\\\/8a055ebe6373371f67ac6fcf313c0ac0b0a91157fdcdb9514fa62927373348f0?s=96&d=mm&r=g\",\"contentUrl\":\"https:\\\/\\\/secure.gravatar.com\\\/avatar\\\/8a055ebe6373371f67ac6fcf313c0ac0b0a91157fdcdb9514fa62927373348f0?s=96&d=mm&r=g\",\"caption\":\"Ana Luiza Bonatto\"},\"url\":\"https:\\\/\\\/jornalboasnoticias.com.br\\\/home\\\/author\\\/ana-luiza\\\/\"}]}<\/script>\n<!-- \/ Yoast SEO plugin. -->","yoast_head_json":{"title":"UEM tem mais de 33 mil inscritos no Vestibular de Ver\u00e3o e PAS 2024 - Jornal","description":"UEM tem mais de 33 mil inscritos no Vestibular de Ver\u00e3o e PAS 2024","robots":{"index":"index","follow":"follow","max-snippet":"max-snippet:-1","max-image-preview":"max-image-preview:large","max-video-preview":"max-video-preview:-1"},"canonical":"https:\/\/jornalboasnoticias.com.br\/home\/uem-tem-mais-de-33-mil-inscritos-no-vestibular-de-verao-e-pas-2024\/","og_locale":"pt_BR","og_type":"article","og_title":"UEM tem mais de 33 mil inscritos no Vestibular de Ver\u00e3o e PAS 2024 - Jornal","og_description":"UEM tem mais de 33 mil inscritos no Vestibular de Ver\u00e3o e PAS 2024","og_url":"https:\/\/jornalboasnoticias.com.br\/home\/uem-tem-mais-de-33-mil-inscritos-no-vestibular-de-verao-e-pas-2024\/","og_site_name":"Jornal","article_publisher":"https:\/\/www.facebook.com\/boasnoticiasjornal","article_published_time":"2024-11-27T17:44:03+00:00","og_image":[{"width":1200,"height":800,"url":"https:\/\/jornalboasnoticias.com.br\/home\/wp-content\/uploads\/2024\/11\/2024-07-14_vestibular_2024_28_de_48-1.jpg","type":"image\/jpeg"}],"author":"Ana Luiza Bonatto","twitter_card":"summary_large_image","twitter_misc":{"Escrito por":"Ana Luiza Bonatto","Est. tempo de leitura":"5 minutos"},"schema":{"@context":"https:\/\/schema.org","@graph":[{"@type":"Article","@id":"https:\/\/jornalboasnoticias.com.br\/home\/uem-tem-mais-de-33-mil-inscritos-no-vestibular-de-verao-e-pas-2024\/#article","isPartOf":{"@id":"https:\/\/jornalboasnoticias.com.br\/home\/uem-tem-mais-de-33-mil-inscritos-no-vestibular-de-verao-e-pas-2024\/"},"author":{"name":"Ana Luiza Bonatto","@id":"https:\/\/jornalboasnoticias.com.br\/home\/#\/schema\/person\/d641193e0afc6405b390164dac847971"},"headline":"UEM tem mais de 33 mil inscritos no Vestibular de Ver\u00e3o e PAS 2024","datePublished":"2024-11-27T17:44:03+00:00","mainEntityOfPage":{"@id":"https:\/\/jornalboasnoticias.com.br\/home\/uem-tem-mais-de-33-mil-inscritos-no-vestibular-de-verao-e-pas-2024\/"},"wordCount":949,"commentCount":0,"publisher":{"@id":"https:\/\/jornalboasnoticias.com.br\/home\/#organization"},"image":{"@id":"https:\/\/jornalboasnoticias.com.br\/home\/uem-tem-mais-de-33-mil-inscritos-no-vestibular-de-verao-e-pas-2024\/#primaryimage"},"thumbnailUrl":"https:\/\/jornalboasnoticias.com.br\/home\/wp-content\/uploads\/2024\/11\/2024-07-14_vestibular_2024_28_de_48-1.jpg","articleSection":["DESTAQUE","EDUCA\u00c7\u00c3O"],"inLanguage":"pt-BR","potentialAction":[{"@type":"CommentAction","name":"Comment","target":["https:\/\/jornalboasnoticias.com.br\/home\/uem-tem-mais-de-33-mil-inscritos-no-vestibular-de-verao-e-pas-2024\/#respond"]}]},{"@type":"WebPage","@id":"https:\/\/jornalboasnoticias.com.br\/home\/uem-tem-mais-de-33-mil-inscritos-no-vestibular-de-verao-e-pas-2024\/","url":"https:\/\/jornalboasnoticias.com.br\/home\/uem-tem-mais-de-33-mil-inscritos-no-vestibular-de-verao-e-pas-2024\/","name":"UEM tem mais de 33 mil inscritos no Vestibular de Ver\u00e3o e PAS 2024 - Jornal","isPartOf":{"@id":"https:\/\/jornalboasnoticias.com.br\/home\/#website"},"primaryImageOfPage":{"@id":"https:\/\/jornalboasnoticias.com.br\/home\/uem-tem-mais-de-33-mil-inscritos-no-vestibular-de-verao-e-pas-2024\/#primaryimage"},"image":{"@id":"https:\/\/jornalboasnoticias.com.br\/home\/uem-tem-mais-de-33-mil-inscritos-no-vestibular-de-verao-e-pas-2024\/#primaryimage"},"thumbnailUrl":"https:\/\/jornalboasnoticias.com.br\/home\/wp-content\/uploads\/2024\/11\/2024-07-14_vestibular_2024_28_de_48-1.jpg","datePublished":"2024-11-27T17:44:03+00:00","description":"UEM tem mais de 33 mil inscritos no Vestibular de Ver\u00e3o e PAS 2024","breadcrumb":{"@id":"https:\/\/jornalboasnoticias.com.br\/home\/uem-tem-mais-de-33-mil-inscritos-no-vestibular-de-verao-e-pas-2024\/#breadcrumb"},"inLanguage":"pt-BR","potentialAction":[{"@type":"ReadAction","target":["https:\/\/jornalboasnoticias.com.br\/home\/uem-tem-mais-de-33-mil-inscritos-no-vestibular-de-verao-e-pas-2024\/"]}]},{"@type":"ImageObject","inLanguage":"pt-BR","@id":"https:\/\/jornalboasnoticias.com.br\/home\/uem-tem-mais-de-33-mil-inscritos-no-vestibular-de-verao-e-pas-2024\/#primaryimage","url":"https:\/\/jornalboasnoticias.com.br\/home\/wp-content\/uploads\/2024\/11\/2024-07-14_vestibular_2024_28_de_48-1.jpg","contentUrl":"https:\/\/jornalboasnoticias.com.br\/home\/wp-content\/uploads\/2024\/11\/2024-07-14_vestibular_2024_28_de_48-1.jpg","width":1200,"height":800,"caption":"Foto: UEM"},{"@type":"BreadcrumbList","@id":"https:\/\/jornalboasnoticias.com.br\/home\/uem-tem-mais-de-33-mil-inscritos-no-vestibular-de-verao-e-pas-2024\/#breadcrumb","itemListElement":[{"@type":"ListItem","position":1,"name":"In\u00edcio","item":"https:\/\/jornalboasnoticias.com.br\/home\/"},{"@type":"ListItem","position":2,"name":"UEM tem mais de 33 mil inscritos no Vestibular de Ver\u00e3o e PAS 2024"}]},{"@type":"WebSite","@id":"https:\/\/jornalboasnoticias.com.br\/home\/#website","url":"https:\/\/jornalboasnoticias.com.br\/home\/","name":"Jornal Boas Not\u00edcias","description":"Boas not\u00edcias","publisher":{"@id":"https:\/\/jornalboasnoticias.com.br\/home\/#organization"},"potentialAction":[{"@type":"SearchAction","target":{"@type":"EntryPoint","urlTemplate":"https:\/\/jornalboasnoticias.com.br\/home\/?s={search_term_string}"},"query-input":{"@type":"PropertyValueSpecification","valueRequired":true,"valueName":"search_term_string"}}],"inLanguage":"pt-BR"},{"@type":"Organization","@id":"https:\/\/jornalboasnoticias.com.br\/home\/#organization","name":"Coq Editora Ltda","alternateName":"Jornal Boas Noticias","url":"https:\/\/jornalboasnoticias.com.br\/home\/","logo":{"@type":"ImageObject","inLanguage":"pt-BR","@id":"https:\/\/jornalboasnoticias.com.br\/home\/#\/schema\/logo\/image\/","url":"https:\/\/jornalboasnoticias.com.br\/home\/wp-content\/uploads\/2024\/07\/cropped-logo.jpg","contentUrl":"https:\/\/jornalboasnoticias.com.br\/home\/wp-content\/uploads\/2024\/07\/cropped-logo.jpg","width":290,"height":142,"caption":"Coq Editora Ltda"},"image":{"@id":"https:\/\/jornalboasnoticias.com.br\/home\/#\/schema\/logo\/image\/"},"sameAs":["https:\/\/www.facebook.com\/boasnoticiasjornal"]},{"@type":"Person","@id":"https:\/\/jornalboasnoticias.com.br\/home\/#\/schema\/person\/d641193e0afc6405b390164dac847971","name":"Ana Luiza Bonatto","image":{"@type":"ImageObject","inLanguage":"pt-BR","@id":"https:\/\/secure.gravatar.com\/avatar\/8a055ebe6373371f67ac6fcf313c0ac0b0a91157fdcdb9514fa62927373348f0?s=96&d=mm&r=g","url":"https:\/\/secure.gravatar.com\/avatar\/8a055ebe6373371f67ac6fcf313c0ac0b0a91157fdcdb9514fa62927373348f0?s=96&d=mm&r=g","contentUrl":"https:\/\/secure.gravatar.com\/avatar\/8a055ebe6373371f67ac6fcf313c0ac0b0a91157fdcdb9514fa62927373348f0?s=96&d=mm&r=g","caption":"Ana Luiza Bonatto"},"url":"https:\/\/jornalboasnoticias.com.br\/home\/author\/ana-luiza\/"}]}},"_links":{"self":[{"href":"https:\/\/jornalboasnoticias.com.br\/home\/wp-json\/wp\/v2\/posts\/45803","targetHints":{"allow":["GET"]}}],"collection":[{"href":"https:\/\/jornalboasnoticias.com.br\/home\/wp-json\/wp\/v2\/posts"}],"about":[{"href":"https:\/\/jornalboasnoticias.com.br\/home\/wp-json\/wp\/v2\/types\/post"}],"author":[{"embeddable":true,"href":"https:\/\/jornalboasnoticias.com.br\/home\/wp-json\/wp\/v2\/users\/4"}],"replies":[{"embeddable":true,"href":"https:\/\/jornalboasnoticias.com.br\/home\/wp-json\/wp\/v2\/comments?post=45803"}],"version-history":[{"count":1,"href":"https:\/\/jornalboasnoticias.com.br\/home\/wp-json\/wp\/v2\/posts\/45803\/revisions"}],"predecessor-version":[{"id":45805,"href":"https:\/\/jornalboasnoticias.com.br\/home\/wp-json\/wp\/v2\/posts\/45803\/revisions\/45805"}],"wp:featuredmedia":[{"embeddable":true,"href":"https:\/\/jornalboasnoticias.com.br\/home\/wp-json\/wp\/v2\/media\/45804"}],"wp:attachment":[{"href":"https:\/\/jornalboasnoticias.com.br\/home\/wp-json\/wp\/v2\/media?parent=45803"}],"wp:term":[{"taxonomy":"category","embeddable":true,"href":"https:\/\/jornalboasnoticias.com.br\/home\/wp-json\/wp\/v2\/categories?post=45803"},{"taxonomy":"post_tag","embeddable":true,"href":"https:\/\/jornalboasnoticias.com.br\/home\/wp-json\/wp\/v2\/tags?post=45803"}],"curies":[{"name":"wp","href":"https:\/\/api.w.org\/{rel}","templated":true}]}}