{"id":45793,"date":"2024-11-27T17:31:31","date_gmt":"2024-11-27T17:31:31","guid":{"rendered":"https:\/\/jornalboasnoticias.com.br\/home\/?p=45793"},"modified":"2024-11-27T17:31:31","modified_gmt":"2024-11-27T17:31:31","slug":"problema-com-carrefour-esta-superado-diz-mauro-vieira","status":"publish","type":"post","link":"https:\/\/jornalboasnoticias.com.br\/home\/problema-com-carrefour-esta-superado-diz-mauro-vieira\/","title":{"rendered":"Problema com Carrefour est\u00e1 superado, diz Mauro Vieira"},"content":{"rendered":"<div class=\"header-noticia full-width\">\n<div>\n<figure id=\"attachment_45794\" aria-describedby=\"caption-attachment-45794\" style=\"width: 1170px\" class=\"wp-caption alignnone\"><img loading=\"lazy\" decoding=\"async\" class=\"size-full wp-image-45794\" src=\"https:\/\/jornalboasnoticias.com.br\/home\/wp-content\/uploads\/2024\/11\/pzzb3137.webp\" alt=\"\" width=\"1170\" height=\"700\" srcset=\"https:\/\/jornalboasnoticias.com.br\/home\/wp-content\/uploads\/2024\/11\/pzzb3137.webp 1170w, https:\/\/jornalboasnoticias.com.br\/home\/wp-content\/uploads\/2024\/11\/pzzb3137-300x179.webp 300w, https:\/\/jornalboasnoticias.com.br\/home\/wp-content\/uploads\/2024\/11\/pzzb3137-1024x613.webp 1024w, https:\/\/jornalboasnoticias.com.br\/home\/wp-content\/uploads\/2024\/11\/pzzb3137-768x459.webp 768w\" sizes=\"auto, (max-width: 1170px) 100vw, 1170px\" \/><figcaption id=\"caption-attachment-45794\" class=\"wp-caption-text\">\u00a9 Fabio Rodrigues-Pozzebom\/ Ag\u00eancia Brasil<\/figcaption><\/figure>\n<\/div>\n<\/div>\n<blockquote>\n<div class=\"header-noticia full-width\">\n<div class=\"linha-fina-noticia\">Retrata\u00e7\u00e3o do grupo franc\u00eas reitera qualidade da carne, diz ministro<\/div>\n<\/div>\n<\/blockquote>\n<div class=\"container-autoria\">\n<p>O mal-estar causado pelas declara\u00e7\u00f5es infundadas do presidente do Carrefour na Fran\u00e7a, Alexandre Bompard, sobre a carne produzida no Brasil j\u00e1 est\u00e1 superado, tanto do ponto de vista empresarial como entre governos, ap\u00f3s o pedido de desculpas manifestado pelo executivo do grupo franc\u00eas. A\u00a0avalia\u00e7\u00e3o \u00e9 do ministro das Rela\u00e7\u00f5es Exteriores, Mauro Vieira, que participou, nesta quarta-feira (27), do programa\u00a0<em>Bom Dia, Ministro<\/em>, produzido pela\u00a0<strong>Empresa Brasil de Comunica\u00e7\u00e3o (EBC)<\/strong>.<img decoding=\"async\" src=\"https:\/\/agenciabrasil.ebc.com.br\/ebc.png?id=1621381&amp;o=node\" \/><img decoding=\"async\" src=\"https:\/\/agenciabrasil.ebc.com.br\/ebc.gif?id=1621381&amp;o=node\" \/><\/p>\n<p>Na semana passada, Bompard disse que a carne produzida no Brasil n\u00e3o respeitaria as normas estabelecidas pela Fran\u00e7a e que, por isso, n\u00e3o comercializaria mais as carnes do Mercosul em seus mercados naquele pa\u00eds. A declara\u00e7\u00e3o resultou em cr\u00edticas manifestadas por diversos produtores brasileiros, que iniciaram um movimento de boicote no fornecimento de prote\u00ednas aos mercados Carrefour no Brasil. Diante da repercuss\u00e3o,\u00a0Bompard divulgou ontem (26) uma nota de retrata\u00e7\u00e3o, na qual ressalta a boa qualidade dos produtos brasileiros.<\/p>\n<p>Durante a entrevista ao\u00a0<em>Bom Dia, Ministro,<\/em>\u00a0Mauro Vieira disse que o problema envolve, a priori, empresas, e que a atua\u00e7\u00e3o do governo federal foi no sentido de defender a qualidade dos produtos brasileiros. \u201cSurgiu de uma manifesta\u00e7\u00e3o do presidente mundial de uma grande cadeia de supermercados francesa que tem, fora da Fran\u00e7a, sua maior plataforma de opera\u00e7\u00e3o no Brasil. Acho que ele deve ter feito isso por quest\u00f5es dom\u00e9sticas e pol\u00edticas internas\u201d, disse o ministro.<\/p>\n<p>\u201cFoi a manifesta\u00e7\u00e3o de uma empresa privada, e governos n\u00e3o se envolvem nisso. O que fizemos foi uma nota. Ontem houve uma segunda nota de esclarecimento da situa\u00e7\u00e3o. A carta retrata\u00e7\u00e3o do presidente dessa empresa foi enviada ao Minist\u00e9rio da Agricultura. Ao que parece, ele se desculpou. Reconheceu a qualidade sanit\u00e1ria e de paladar dos produtos brasileiros. Ent\u00e3o acho que isso j\u00e1 \u00e9 uma resposta; uma boa resposta para essa quest\u00e3o entre empresas\u201d, acrescentou.<\/p>\n<p>Na avalia\u00e7\u00e3o de Mauro Vieira, a retrata\u00e7\u00e3o do empres\u00e1rio p\u00f4s fim ao problema. \u201cDo ponto de vista de governo, n\u00e3o houve nenhum problema maior. E, do ponto de vista empresarial, [o problema] est\u00e1 superado, com ele falando da qualidade dos produtos brasileiros\u201d, disse.<\/p>\n<p>Ele lembrou que a exporta\u00e7\u00e3o de carne brasileira \u00e9 feita para mais de 140 destinos, cumprindo todos os requisitos sanit\u00e1rios e quest\u00f5es de controle de qualidade de todos os pa\u00edses. \u201cInclusive de mercados muito exigentes, como a Uni\u00e3o Europeia, Jap\u00e3o, Estados Unidos e China\u201d.<\/p>\n<p>(Ag\u00eancia Brasil)<\/p>\n<\/div>\n","protected":false},"excerpt":{"rendered":"<p>Retrata\u00e7\u00e3o do grupo franc\u00eas reitera qualidade da carne, diz ministro O mal-estar causado pelas declara\u00e7\u00f5es<\/p>\n","protected":false},"author":4,"featured_media":45794,"comment_status":"open","ping_status":"open","sticky":false,"template":"","format":"standard","meta":{"footnotes":""},"categories":[3,5],"tags":[],"class_list":["post-45793","post","type-post","status-publish","format-standard","has-post-thumbnail","hentry","category-destaques","category-economia"],"yoast_head":"<!-- This site is optimized with the Yoast SEO plugin v27.5 - https:\/\/yoast.com\/product\/yoast-seo-wordpress\/ -->\n<title>Problema com Carrefour est\u00e1 superado, diz Mauro Vieira - Jornal<\/title>\n<meta name=\"description\" content=\"Problema com Carrefour est\u00e1 superado, diz Mauro Vieira\" \/>\n<meta name=\"robots\" content=\"index, follow, max-snippet:-1, max-image-preview:large, max-video-preview:-1\" \/>\n<link rel=\"canonical\" href=\"https:\/\/jornalboasnoticias.com.br\/home\/problema-com-carrefour-esta-superado-diz-mauro-vieira\/\" \/>\n<meta property=\"og:locale\" content=\"pt_BR\" \/>\n<meta property=\"og:type\" content=\"article\" \/>\n<meta property=\"og:title\" content=\"Problema com Carrefour est\u00e1 superado, diz Mauro Vieira - Jornal\" \/>\n<meta property=\"og:description\" content=\"Problema com Carrefour est\u00e1 superado, diz Mauro Vieira\" \/>\n<meta property=\"og:url\" content=\"https:\/\/jornalboasnoticias.com.br\/home\/problema-com-carrefour-esta-superado-diz-mauro-vieira\/\" \/>\n<meta property=\"og:site_name\" content=\"Jornal\" \/>\n<meta property=\"article:publisher\" content=\"https:\/\/www.facebook.com\/boasnoticiasjornal\" \/>\n<meta property=\"article:published_time\" content=\"2024-11-27T17:31:31+00:00\" \/>\n<meta property=\"og:image\" content=\"https:\/\/jornalboasnoticias.com.br\/home\/wp-content\/uploads\/2024\/11\/pzzb3137.webp\" \/>\n\t<meta property=\"og:image:width\" content=\"1170\" \/>\n\t<meta property=\"og:image:height\" content=\"700\" \/>\n\t<meta property=\"og:image:type\" content=\"image\/webp\" \/>\n<meta name=\"author\" content=\"Ana Luiza Bonatto\" \/>\n<meta name=\"twitter:card\" content=\"summary_large_image\" \/>\n<meta name=\"twitter:label1\" content=\"Escrito por\" \/>\n\t<meta name=\"twitter:data1\" content=\"Ana Luiza Bonatto\" \/>\n\t<meta name=\"twitter:label2\" content=\"Est. tempo de leitura\" \/>\n\t<meta name=\"twitter:data2\" content=\"3 minutos\" \/>\n<script type=\"application\/ld+json\" class=\"yoast-schema-graph\">{\"@context\":\"https:\\\/\\\/schema.org\",\"@graph\":[{\"@type\":\"Article\",\"@id\":\"https:\\\/\\\/jornalboasnoticias.com.br\\\/home\\\/problema-com-carrefour-esta-superado-diz-mauro-vieira\\\/#article\",\"isPartOf\":{\"@id\":\"https:\\\/\\\/jornalboasnoticias.com.br\\\/home\\\/problema-com-carrefour-esta-superado-diz-mauro-vieira\\\/\"},\"author\":{\"name\":\"Ana Luiza Bonatto\",\"@id\":\"https:\\\/\\\/jornalboasnoticias.com.br\\\/home\\\/#\\\/schema\\\/person\\\/d641193e0afc6405b390164dac847971\"},\"headline\":\"Problema com Carrefour est\u00e1 superado, diz Mauro Vieira\",\"datePublished\":\"2024-11-27T17:31:31+00:00\",\"mainEntityOfPage\":{\"@id\":\"https:\\\/\\\/jornalboasnoticias.com.br\\\/home\\\/problema-com-carrefour-esta-superado-diz-mauro-vieira\\\/\"},\"wordCount\":457,\"commentCount\":0,\"publisher\":{\"@id\":\"https:\\\/\\\/jornalboasnoticias.com.br\\\/home\\\/#organization\"},\"image\":{\"@id\":\"https:\\\/\\\/jornalboasnoticias.com.br\\\/home\\\/problema-com-carrefour-esta-superado-diz-mauro-vieira\\\/#primaryimage\"},\"thumbnailUrl\":\"https:\\\/\\\/jornalboasnoticias.com.br\\\/home\\\/wp-content\\\/uploads\\\/2024\\\/11\\\/pzzb3137.webp\",\"articleSection\":[\"DESTAQUE\",\"ECONOMIA\"],\"inLanguage\":\"pt-BR\",\"potentialAction\":[{\"@type\":\"CommentAction\",\"name\":\"Comment\",\"target\":[\"https:\\\/\\\/jornalboasnoticias.com.br\\\/home\\\/problema-com-carrefour-esta-superado-diz-mauro-vieira\\\/#respond\"]}]},{\"@type\":\"WebPage\",\"@id\":\"https:\\\/\\\/jornalboasnoticias.com.br\\\/home\\\/problema-com-carrefour-esta-superado-diz-mauro-vieira\\\/\",\"url\":\"https:\\\/\\\/jornalboasnoticias.com.br\\\/home\\\/problema-com-carrefour-esta-superado-diz-mauro-vieira\\\/\",\"name\":\"Problema com Carrefour est\u00e1 superado, diz Mauro Vieira - Jornal\",\"isPartOf\":{\"@id\":\"https:\\\/\\\/jornalboasnoticias.com.br\\\/home\\\/#website\"},\"primaryImageOfPage\":{\"@id\":\"https:\\\/\\\/jornalboasnoticias.com.br\\\/home\\\/problema-com-carrefour-esta-superado-diz-mauro-vieira\\\/#primaryimage\"},\"image\":{\"@id\":\"https:\\\/\\\/jornalboasnoticias.com.br\\\/home\\\/problema-com-carrefour-esta-superado-diz-mauro-vieira\\\/#primaryimage\"},\"thumbnailUrl\":\"https:\\\/\\\/jornalboasnoticias.com.br\\\/home\\\/wp-content\\\/uploads\\\/2024\\\/11\\\/pzzb3137.webp\",\"datePublished\":\"2024-11-27T17:31:31+00:00\",\"description\":\"Problema com Carrefour est\u00e1 superado, diz Mauro Vieira\",\"breadcrumb\":{\"@id\":\"https:\\\/\\\/jornalboasnoticias.com.br\\\/home\\\/problema-com-carrefour-esta-superado-diz-mauro-vieira\\\/#breadcrumb\"},\"inLanguage\":\"pt-BR\",\"potentialAction\":[{\"@type\":\"ReadAction\",\"target\":[\"https:\\\/\\\/jornalboasnoticias.com.br\\\/home\\\/problema-com-carrefour-esta-superado-diz-mauro-vieira\\\/\"]}]},{\"@type\":\"ImageObject\",\"inLanguage\":\"pt-BR\",\"@id\":\"https:\\\/\\\/jornalboasnoticias.com.br\\\/home\\\/problema-com-carrefour-esta-superado-diz-mauro-vieira\\\/#primaryimage\",\"url\":\"https:\\\/\\\/jornalboasnoticias.com.br\\\/home\\\/wp-content\\\/uploads\\\/2024\\\/11\\\/pzzb3137.webp\",\"contentUrl\":\"https:\\\/\\\/jornalboasnoticias.com.br\\\/home\\\/wp-content\\\/uploads\\\/2024\\\/11\\\/pzzb3137.webp\",\"width\":1170,\"height\":700,\"caption\":\"\u00a9 Fabio Rodrigues-Pozzebom\\\/ Ag\u00eancia Brasil\"},{\"@type\":\"BreadcrumbList\",\"@id\":\"https:\\\/\\\/jornalboasnoticias.com.br\\\/home\\\/problema-com-carrefour-esta-superado-diz-mauro-vieira\\\/#breadcrumb\",\"itemListElement\":[{\"@type\":\"ListItem\",\"position\":1,\"name\":\"In\u00edcio\",\"item\":\"https:\\\/\\\/jornalboasnoticias.com.br\\\/home\\\/\"},{\"@type\":\"ListItem\",\"position\":2,\"name\":\"Problema com Carrefour est\u00e1 superado, diz Mauro Vieira\"}]},{\"@type\":\"WebSite\",\"@id\":\"https:\\\/\\\/jornalboasnoticias.com.br\\\/home\\\/#website\",\"url\":\"https:\\\/\\\/jornalboasnoticias.com.br\\\/home\\\/\",\"name\":\"Jornal Boas Not\u00edcias\",\"description\":\"Boas not\u00edcias\",\"publisher\":{\"@id\":\"https:\\\/\\\/jornalboasnoticias.com.br\\\/home\\\/#organization\"},\"potentialAction\":[{\"@type\":\"SearchAction\",\"target\":{\"@type\":\"EntryPoint\",\"urlTemplate\":\"https:\\\/\\\/jornalboasnoticias.com.br\\\/home\\\/?s={search_term_string}\"},\"query-input\":{\"@type\":\"PropertyValueSpecification\",\"valueRequired\":true,\"valueName\":\"search_term_string\"}}],\"inLanguage\":\"pt-BR\"},{\"@type\":\"Organization\",\"@id\":\"https:\\\/\\\/jornalboasnoticias.com.br\\\/home\\\/#organization\",\"name\":\"Coq Editora Ltda\",\"alternateName\":\"Jornal Boas Noticias\",\"url\":\"https:\\\/\\\/jornalboasnoticias.com.br\\\/home\\\/\",\"logo\":{\"@type\":\"ImageObject\",\"inLanguage\":\"pt-BR\",\"@id\":\"https:\\\/\\\/jornalboasnoticias.com.br\\\/home\\\/#\\\/schema\\\/logo\\\/image\\\/\",\"url\":\"https:\\\/\\\/jornalboasnoticias.com.br\\\/home\\\/wp-content\\\/uploads\\\/2024\\\/07\\\/cropped-logo.jpg\",\"contentUrl\":\"https:\\\/\\\/jornalboasnoticias.com.br\\\/home\\\/wp-content\\\/uploads\\\/2024\\\/07\\\/cropped-logo.jpg\",\"width\":290,\"height\":142,\"caption\":\"Coq Editora Ltda\"},\"image\":{\"@id\":\"https:\\\/\\\/jornalboasnoticias.com.br\\\/home\\\/#\\\/schema\\\/logo\\\/image\\\/\"},\"sameAs\":[\"https:\\\/\\\/www.facebook.com\\\/boasnoticiasjornal\"]},{\"@type\":\"Person\",\"@id\":\"https:\\\/\\\/jornalboasnoticias.com.br\\\/home\\\/#\\\/schema\\\/person\\\/d641193e0afc6405b390164dac847971\",\"name\":\"Ana Luiza Bonatto\",\"image\":{\"@type\":\"ImageObject\",\"inLanguage\":\"pt-BR\",\"@id\":\"https:\\\/\\\/secure.gravatar.com\\\/avatar\\\/8a055ebe6373371f67ac6fcf313c0ac0b0a91157fdcdb9514fa62927373348f0?s=96&d=mm&r=g\",\"url\":\"https:\\\/\\\/secure.gravatar.com\\\/avatar\\\/8a055ebe6373371f67ac6fcf313c0ac0b0a91157fdcdb9514fa62927373348f0?s=96&d=mm&r=g\",\"contentUrl\":\"https:\\\/\\\/secure.gravatar.com\\\/avatar\\\/8a055ebe6373371f67ac6fcf313c0ac0b0a91157fdcdb9514fa62927373348f0?s=96&d=mm&r=g\",\"caption\":\"Ana Luiza Bonatto\"},\"url\":\"https:\\\/\\\/jornalboasnoticias.com.br\\\/home\\\/author\\\/ana-luiza\\\/\"}]}<\/script>\n<!-- \/ Yoast SEO plugin. -->","yoast_head_json":{"title":"Problema com Carrefour est\u00e1 superado, diz Mauro Vieira - Jornal","description":"Problema com Carrefour est\u00e1 superado, diz Mauro Vieira","robots":{"index":"index","follow":"follow","max-snippet":"max-snippet:-1","max-image-preview":"max-image-preview:large","max-video-preview":"max-video-preview:-1"},"canonical":"https:\/\/jornalboasnoticias.com.br\/home\/problema-com-carrefour-esta-superado-diz-mauro-vieira\/","og_locale":"pt_BR","og_type":"article","og_title":"Problema com Carrefour est\u00e1 superado, diz Mauro Vieira - Jornal","og_description":"Problema com Carrefour est\u00e1 superado, diz Mauro Vieira","og_url":"https:\/\/jornalboasnoticias.com.br\/home\/problema-com-carrefour-esta-superado-diz-mauro-vieira\/","og_site_name":"Jornal","article_publisher":"https:\/\/www.facebook.com\/boasnoticiasjornal","article_published_time":"2024-11-27T17:31:31+00:00","og_image":[{"width":1170,"height":700,"url":"https:\/\/jornalboasnoticias.com.br\/home\/wp-content\/uploads\/2024\/11\/pzzb3137.webp","type":"image\/webp"}],"author":"Ana Luiza Bonatto","twitter_card":"summary_large_image","twitter_misc":{"Escrito por":"Ana Luiza Bonatto","Est. tempo de leitura":"3 minutos"},"schema":{"@context":"https:\/\/schema.org","@graph":[{"@type":"Article","@id":"https:\/\/jornalboasnoticias.com.br\/home\/problema-com-carrefour-esta-superado-diz-mauro-vieira\/#article","isPartOf":{"@id":"https:\/\/jornalboasnoticias.com.br\/home\/problema-com-carrefour-esta-superado-diz-mauro-vieira\/"},"author":{"name":"Ana Luiza Bonatto","@id":"https:\/\/jornalboasnoticias.com.br\/home\/#\/schema\/person\/d641193e0afc6405b390164dac847971"},"headline":"Problema com Carrefour est\u00e1 superado, diz Mauro Vieira","datePublished":"2024-11-27T17:31:31+00:00","mainEntityOfPage":{"@id":"https:\/\/jornalboasnoticias.com.br\/home\/problema-com-carrefour-esta-superado-diz-mauro-vieira\/"},"wordCount":457,"commentCount":0,"publisher":{"@id":"https:\/\/jornalboasnoticias.com.br\/home\/#organization"},"image":{"@id":"https:\/\/jornalboasnoticias.com.br\/home\/problema-com-carrefour-esta-superado-diz-mauro-vieira\/#primaryimage"},"thumbnailUrl":"https:\/\/jornalboasnoticias.com.br\/home\/wp-content\/uploads\/2024\/11\/pzzb3137.webp","articleSection":["DESTAQUE","ECONOMIA"],"inLanguage":"pt-BR","potentialAction":[{"@type":"CommentAction","name":"Comment","target":["https:\/\/jornalboasnoticias.com.br\/home\/problema-com-carrefour-esta-superado-diz-mauro-vieira\/#respond"]}]},{"@type":"WebPage","@id":"https:\/\/jornalboasnoticias.com.br\/home\/problema-com-carrefour-esta-superado-diz-mauro-vieira\/","url":"https:\/\/jornalboasnoticias.com.br\/home\/problema-com-carrefour-esta-superado-diz-mauro-vieira\/","name":"Problema com Carrefour est\u00e1 superado, diz Mauro Vieira - Jornal","isPartOf":{"@id":"https:\/\/jornalboasnoticias.com.br\/home\/#website"},"primaryImageOfPage":{"@id":"https:\/\/jornalboasnoticias.com.br\/home\/problema-com-carrefour-esta-superado-diz-mauro-vieira\/#primaryimage"},"image":{"@id":"https:\/\/jornalboasnoticias.com.br\/home\/problema-com-carrefour-esta-superado-diz-mauro-vieira\/#primaryimage"},"thumbnailUrl":"https:\/\/jornalboasnoticias.com.br\/home\/wp-content\/uploads\/2024\/11\/pzzb3137.webp","datePublished":"2024-11-27T17:31:31+00:00","description":"Problema com Carrefour est\u00e1 superado, diz Mauro Vieira","breadcrumb":{"@id":"https:\/\/jornalboasnoticias.com.br\/home\/problema-com-carrefour-esta-superado-diz-mauro-vieira\/#breadcrumb"},"inLanguage":"pt-BR","potentialAction":[{"@type":"ReadAction","target":["https:\/\/jornalboasnoticias.com.br\/home\/problema-com-carrefour-esta-superado-diz-mauro-vieira\/"]}]},{"@type":"ImageObject","inLanguage":"pt-BR","@id":"https:\/\/jornalboasnoticias.com.br\/home\/problema-com-carrefour-esta-superado-diz-mauro-vieira\/#primaryimage","url":"https:\/\/jornalboasnoticias.com.br\/home\/wp-content\/uploads\/2024\/11\/pzzb3137.webp","contentUrl":"https:\/\/jornalboasnoticias.com.br\/home\/wp-content\/uploads\/2024\/11\/pzzb3137.webp","width":1170,"height":700,"caption":"\u00a9 Fabio Rodrigues-Pozzebom\/ Ag\u00eancia Brasil"},{"@type":"BreadcrumbList","@id":"https:\/\/jornalboasnoticias.com.br\/home\/problema-com-carrefour-esta-superado-diz-mauro-vieira\/#breadcrumb","itemListElement":[{"@type":"ListItem","position":1,"name":"In\u00edcio","item":"https:\/\/jornalboasnoticias.com.br\/home\/"},{"@type":"ListItem","position":2,"name":"Problema com Carrefour est\u00e1 superado, diz Mauro Vieira"}]},{"@type":"WebSite","@id":"https:\/\/jornalboasnoticias.com.br\/home\/#website","url":"https:\/\/jornalboasnoticias.com.br\/home\/","name":"Jornal Boas Not\u00edcias","description":"Boas not\u00edcias","publisher":{"@id":"https:\/\/jornalboasnoticias.com.br\/home\/#organization"},"potentialAction":[{"@type":"SearchAction","target":{"@type":"EntryPoint","urlTemplate":"https:\/\/jornalboasnoticias.com.br\/home\/?s={search_term_string}"},"query-input":{"@type":"PropertyValueSpecification","valueRequired":true,"valueName":"search_term_string"}}],"inLanguage":"pt-BR"},{"@type":"Organization","@id":"https:\/\/jornalboasnoticias.com.br\/home\/#organization","name":"Coq Editora Ltda","alternateName":"Jornal Boas Noticias","url":"https:\/\/jornalboasnoticias.com.br\/home\/","logo":{"@type":"ImageObject","inLanguage":"pt-BR","@id":"https:\/\/jornalboasnoticias.com.br\/home\/#\/schema\/logo\/image\/","url":"https:\/\/jornalboasnoticias.com.br\/home\/wp-content\/uploads\/2024\/07\/cropped-logo.jpg","contentUrl":"https:\/\/jornalboasnoticias.com.br\/home\/wp-content\/uploads\/2024\/07\/cropped-logo.jpg","width":290,"height":142,"caption":"Coq Editora Ltda"},"image":{"@id":"https:\/\/jornalboasnoticias.com.br\/home\/#\/schema\/logo\/image\/"},"sameAs":["https:\/\/www.facebook.com\/boasnoticiasjornal"]},{"@type":"Person","@id":"https:\/\/jornalboasnoticias.com.br\/home\/#\/schema\/person\/d641193e0afc6405b390164dac847971","name":"Ana Luiza Bonatto","image":{"@type":"ImageObject","inLanguage":"pt-BR","@id":"https:\/\/secure.gravatar.com\/avatar\/8a055ebe6373371f67ac6fcf313c0ac0b0a91157fdcdb9514fa62927373348f0?s=96&d=mm&r=g","url":"https:\/\/secure.gravatar.com\/avatar\/8a055ebe6373371f67ac6fcf313c0ac0b0a91157fdcdb9514fa62927373348f0?s=96&d=mm&r=g","contentUrl":"https:\/\/secure.gravatar.com\/avatar\/8a055ebe6373371f67ac6fcf313c0ac0b0a91157fdcdb9514fa62927373348f0?s=96&d=mm&r=g","caption":"Ana Luiza Bonatto"},"url":"https:\/\/jornalboasnoticias.com.br\/home\/author\/ana-luiza\/"}]}},"_links":{"self":[{"href":"https:\/\/jornalboasnoticias.com.br\/home\/wp-json\/wp\/v2\/posts\/45793","targetHints":{"allow":["GET"]}}],"collection":[{"href":"https:\/\/jornalboasnoticias.com.br\/home\/wp-json\/wp\/v2\/posts"}],"about":[{"href":"https:\/\/jornalboasnoticias.com.br\/home\/wp-json\/wp\/v2\/types\/post"}],"author":[{"embeddable":true,"href":"https:\/\/jornalboasnoticias.com.br\/home\/wp-json\/wp\/v2\/users\/4"}],"replies":[{"embeddable":true,"href":"https:\/\/jornalboasnoticias.com.br\/home\/wp-json\/wp\/v2\/comments?post=45793"}],"version-history":[{"count":1,"href":"https:\/\/jornalboasnoticias.com.br\/home\/wp-json\/wp\/v2\/posts\/45793\/revisions"}],"predecessor-version":[{"id":45795,"href":"https:\/\/jornalboasnoticias.com.br\/home\/wp-json\/wp\/v2\/posts\/45793\/revisions\/45795"}],"wp:featuredmedia":[{"embeddable":true,"href":"https:\/\/jornalboasnoticias.com.br\/home\/wp-json\/wp\/v2\/media\/45794"}],"wp:attachment":[{"href":"https:\/\/jornalboasnoticias.com.br\/home\/wp-json\/wp\/v2\/media?parent=45793"}],"wp:term":[{"taxonomy":"category","embeddable":true,"href":"https:\/\/jornalboasnoticias.com.br\/home\/wp-json\/wp\/v2\/categories?post=45793"},{"taxonomy":"post_tag","embeddable":true,"href":"https:\/\/jornalboasnoticias.com.br\/home\/wp-json\/wp\/v2\/tags?post=45793"}],"curies":[{"name":"wp","href":"https:\/\/api.w.org\/{rel}","templated":true}]}}