{"id":45790,"date":"2024-11-27T17:30:09","date_gmt":"2024-11-27T17:30:09","guid":{"rendered":"https:\/\/jornalboasnoticias.com.br\/home\/?p=45790"},"modified":"2024-11-27T17:30:09","modified_gmt":"2024-11-27T17:30:09","slug":"empresas-tem-ate-esta-sexta-feira-para-pagar-o-decimo-terceiro-salario","status":"publish","type":"post","link":"https:\/\/jornalboasnoticias.com.br\/home\/empresas-tem-ate-esta-sexta-feira-para-pagar-o-decimo-terceiro-salario\/","title":{"rendered":"Empresas t\u00eam at\u00e9 esta sexta-feira para pagar o d\u00e9cimo terceiro sal\u00e1rio"},"content":{"rendered":"<div class=\"header-noticia full-width\">\n<div>\n<figure id=\"attachment_45791\" aria-describedby=\"caption-attachment-45791\" style=\"width: 1170px\" class=\"wp-caption alignnone\"><img loading=\"lazy\" decoding=\"async\" class=\"size-full wp-image-45791\" src=\"https:\/\/jornalboasnoticias.com.br\/home\/wp-content\/uploads\/2024\/11\/dinheiro_caixa_mcajr_abr_2907221128.webp\" alt=\"\" width=\"1170\" height=\"700\" srcset=\"https:\/\/jornalboasnoticias.com.br\/home\/wp-content\/uploads\/2024\/11\/dinheiro_caixa_mcajr_abr_2907221128.webp 1170w, https:\/\/jornalboasnoticias.com.br\/home\/wp-content\/uploads\/2024\/11\/dinheiro_caixa_mcajr_abr_2907221128-300x179.webp 300w, https:\/\/jornalboasnoticias.com.br\/home\/wp-content\/uploads\/2024\/11\/dinheiro_caixa_mcajr_abr_2907221128-1024x613.webp 1024w, https:\/\/jornalboasnoticias.com.br\/home\/wp-content\/uploads\/2024\/11\/dinheiro_caixa_mcajr_abr_2907221128-768x459.webp 768w\" sizes=\"auto, (max-width: 1170px) 100vw, 1170px\" \/><figcaption id=\"caption-attachment-45791\" class=\"wp-caption-text\">\u00a9 Marcello Casal JrAg\u00eancia Brasil<\/figcaption><\/figure>\n<\/div>\n<\/div>\n<blockquote>\n<div class=\"header-noticia full-width\">\n<div class=\"linha-fina-noticia\">Remunera\u00e7\u00e3o extra \u00e9 garantida a trabalhadores com carteira assinada<\/div>\n<\/div>\n<\/blockquote>\n<div>\n<p>Trabalhadores com carteira de trabalho assinada devem receber a primeira metade ou a parcela \u00fanica do d\u00e9cimo terceiro sal\u00e1rio at\u00e9 30 de novembro. Como a data cai em um s\u00e1bado, o pagamento deve ser antecipado pelos empregadores para esta sexta-feira (29).<img decoding=\"async\" src=\"https:\/\/agenciabrasil.ebc.com.br\/ebc.png?id=1621268&amp;o=node\" \/><img decoding=\"async\" src=\"https:\/\/agenciabrasil.ebc.com.br\/ebc.gif?id=1621268&amp;o=node\" \/><\/p>\n<p>O benef\u00edcio extra anual foi criado pela Lei 4.090\/1962, que\u00a0<a href=\"https:\/\/www.planalto.gov.br\/ccivil_03\/leis\/l4090.htm\" target=\"_blank\" rel=\"noopener\">instituiu a Gratifica\u00e7\u00e3o de Natal<\/a>\u00a0para os trabalhadores com contrato de trabalho fixo ou tempor\u00e1rio. O pagamento deve ser feito em parcela \u00fanica durante o ano at\u00e9 30 de novembro ou em at\u00e9 duas vezes. Neste caso, a segunda parcela deve ser paga at\u00e9 20 de dezembro.<\/p>\n<h2>Como calcular<\/h2>\n<p>O d\u00e9cimo terceiro equivale ao valor do sal\u00e1rio bruto mensal do empregado, dividido por 12 meses. O c\u00e1lculo considera o valor de 1\/12 do sal\u00e1rio, multiplicado pelo n\u00famero de meses trabalhados durante o ano corrente.<\/p>\n<p>Se o empregado n\u00e3o trabalhou o ano inteiro com o mesmo empregador, receber\u00e1 de forma proporcional aos meses trabalhadores. Caso o trabalhador com carteira assinada for demitido, ter\u00e1 direito a receber a parte proporcional do 13\u00ba sal\u00e1rio referente aos meses trabalhados no ano, no momento de homologa\u00e7\u00e3o do encerramento do contrato de trabalho.<\/p>\n<h2>Como \u00e9 composto<\/h2>\n<p>Al\u00e9m do sal\u00e1rio bruto, pagamentos de horas extras, adicionais noturnos, de insalubridade e de periculosidade tamb\u00e9m entram no c\u00e1lculo do d\u00e9cimo terceiro sal\u00e1rio.<\/p>\n<p>O trabalhador recebe um valor maior na primeira metade do d\u00e9cimo terceiro porque n\u00e3o h\u00e1 incid\u00eancia de tributa\u00e7\u00e3o. J\u00e1 a segunda parcela \u00e9 menor porque tem os descontos obrigat\u00f3rios do Imposto de Renda Retido na Fonte (IRRF), de acordo com a tabela progressiva de descontos relacionada \u00e0 faixa salarial.<\/p>\n<p>H\u00e1 tamb\u00e9m o desconto da contribui\u00e7\u00e3o previdenci\u00e1ria ao Instituto Nacional do Seguro Social (INSS). Al\u00e9m disso, o empregador dever\u00e1 depositar na conta do Fundo de Garantia do Tempo de Servi\u00e7o (FGTS) do trabalhador o valor do fundo correspondente ao d\u00e9cimo terceiro sal\u00e1rio.<\/p>\n<h2>Aposentados e pensionistas<\/h2>\n<p>O abono anual tamb\u00e9m \u00e9 pago a alguns segurados do INSS. A quantia paga varia de acordo com a quantidade de meses em que o segurado foi contemplado com o benef\u00edcio do INSS.<\/p>\n<p>Mais de a 33,6 milh\u00f5es de benefici\u00e1rios do Regime Geral de Previd\u00eancia Social (RGPS)\u00a0j\u00e1 receberam a primeira metade\u00a0da parcela do d\u00e9cimo terceiro sal\u00e1rio de forma antecipada, entre 24 de abril e 08 de maio. Enquanto, a segunda parcela do abono foi distribu\u00edda entre 24 de maio e 7 de junho deste ano.<\/p>\n<p>Aqueles benefici\u00e1rios do INSS que tiveram a concess\u00e3o do benef\u00edcio ap\u00f3s o pagamento da primeira e segunda parcelas, ou seja, depois de junho de 2024, recebem o abono anual a partir desta segunda-feira (25) at\u00e9 6 de dezembro, conforme o\u00a0calend\u00e1rio oficial de 2024.<\/p>\n<p>O calend\u00e1rio de pagamento leva em conta o n\u00famero final do cart\u00e3o de benef\u00edcio, sem considerar o \u00faltimo d\u00edgito verificador, que aparece depois do tra\u00e7o, tamb\u00e9m chamado de N\u00famero de Identifica\u00e7\u00e3o Social (NIS).<\/p>\n<p>O INSS informa que ser\u00e3o pagos R$ 1,5 bilh\u00e3o para a gratifica\u00e7\u00e3o natalina das pessoas que come\u00e7aram a receber depois de junho deste ano.<\/p>\n<p>Para consultar o pagamento do benef\u00edcio, os segurados do INSS devem acessar o site ou o aplicativo\u00a0<a href=\"https:\/\/www.gov.br\/pt-br\/temas\/meu-inss\" target=\"_blank\" rel=\"noopener\">Meu INSS<\/a>\u00a0e visualizar\u00a0o extrato de pagamento diretamente no aplicativo ap\u00f3s fazer login no portal Gov.br. \u00c9 poss\u00edvel ter acesso ao extrato e todos os detalhes sobre o pagamento do benef\u00edcio.<\/p>\n<p>Para quem n\u00e3o tem acesso \u00e0 internet, basta ligar para a Central 135. Ao ligar, informe o n\u00famero do CPF e confirme algumas informa\u00e7\u00f5es cadastrais, para evitar fraudes. O atendimento est\u00e1 dispon\u00edvel de segunda-feira a s\u00e1bado, das 7h \u00e0s 22h.<\/p>\n<h2>Programa sociais<\/h2>\n<p>O programa Bolsa Fam\u00edlia, gerido pelo Minist\u00e9rio do Desenvolvimento e Assist\u00eancia Social, Fam\u00edlia e Combate \u00e0 Fome (MDS), n\u00e3o paga a gratifica\u00e7\u00e3o de Natal, pois n\u00e3o h\u00e1 previs\u00e3o or\u00e7ament\u00e1ria para esta despesa federal.<\/p>\n<p>Em rela\u00e7\u00e3o a outros programas federais, ser\u00e3o contemplados com o d\u00e9cimo terceiro os benefici\u00e1rios de aux\u00edlio por incapacidade tempor\u00e1ria (antigo aux\u00edlio-doen\u00e7a), aux\u00edlio-acidente, fam\u00edlia de segurado preso em regime fechado que recebe o aux\u00edlio-reclus\u00e3o e sal\u00e1rio-maternidade implantados a partir de junho.<\/p>\n<p>No caso de benefici\u00e1rios que t\u00eam fim de aux\u00edlio programado para antes de 31 de dezembro, ser\u00e1 pago o valor proporcional do abono anual.<\/p>\n<p>N\u00e3o recebem o benef\u00edcio extra os segurados pelo Benef\u00edcio de Presta\u00e7\u00e3o Continuada (BPC) a idosos com mais de 65 anos de idade; pessoas com defici\u00eancia, de baixa renda e benefici\u00e1rios de Renda Mensal Vital\u00edcia \u2013 benef\u00edcio em extin\u00e7\u00e3o, mantido apenas para aqueles que j\u00e1 eram benefici\u00e1rios at\u00e9 1995.<\/p>\n<p>(Ag\u00eancia Brasil)<\/p>\n<\/div>\n","protected":false},"excerpt":{"rendered":"<p>Remunera\u00e7\u00e3o extra \u00e9 garantida a trabalhadores com carteira assinada Trabalhadores com carteira de trabalho assinada<\/p>\n","protected":false},"author":4,"featured_media":45791,"comment_status":"open","ping_status":"open","sticky":false,"template":"","format":"standard","meta":{"footnotes":""},"categories":[6,3],"tags":[],"class_list":["post-45790","post","type-post","status-publish","format-standard","has-post-thumbnail","hentry","category-brasil","category-destaques"],"yoast_head":"<!-- This site is optimized with the Yoast SEO plugin v27.5 - https:\/\/yoast.com\/product\/yoast-seo-wordpress\/ -->\n<title>Empresas t\u00eam at\u00e9 esta sexta-feira para pagar o d\u00e9cimo terceiro sal\u00e1rio - Jornal<\/title>\n<meta name=\"description\" content=\"Empresas t\u00eam at\u00e9 esta sexta-feira para pagar o d\u00e9cimo terceiro sal\u00e1rio\" \/>\n<meta name=\"robots\" content=\"index, follow, max-snippet:-1, max-image-preview:large, max-video-preview:-1\" \/>\n<link rel=\"canonical\" href=\"https:\/\/jornalboasnoticias.com.br\/home\/empresas-tem-ate-esta-sexta-feira-para-pagar-o-decimo-terceiro-salario\/\" \/>\n<meta property=\"og:locale\" content=\"pt_BR\" \/>\n<meta property=\"og:type\" content=\"article\" \/>\n<meta property=\"og:title\" content=\"Empresas t\u00eam at\u00e9 esta sexta-feira para pagar o d\u00e9cimo terceiro sal\u00e1rio - Jornal\" \/>\n<meta property=\"og:description\" content=\"Empresas t\u00eam at\u00e9 esta sexta-feira para pagar o d\u00e9cimo terceiro sal\u00e1rio\" \/>\n<meta property=\"og:url\" content=\"https:\/\/jornalboasnoticias.com.br\/home\/empresas-tem-ate-esta-sexta-feira-para-pagar-o-decimo-terceiro-salario\/\" \/>\n<meta property=\"og:site_name\" content=\"Jornal\" \/>\n<meta property=\"article:publisher\" content=\"https:\/\/www.facebook.com\/boasnoticiasjornal\" \/>\n<meta property=\"article:published_time\" content=\"2024-11-27T17:30:09+00:00\" \/>\n<meta property=\"og:image\" content=\"https:\/\/jornalboasnoticias.com.br\/home\/wp-content\/uploads\/2024\/11\/dinheiro_caixa_mcajr_abr_2907221128.webp\" \/>\n\t<meta property=\"og:image:width\" content=\"1170\" \/>\n\t<meta property=\"og:image:height\" content=\"700\" \/>\n\t<meta property=\"og:image:type\" content=\"image\/webp\" \/>\n<meta name=\"author\" content=\"Ana Luiza Bonatto\" \/>\n<meta name=\"twitter:card\" content=\"summary_large_image\" \/>\n<meta name=\"twitter:label1\" content=\"Escrito por\" \/>\n\t<meta name=\"twitter:data1\" content=\"Ana Luiza Bonatto\" \/>\n\t<meta name=\"twitter:label2\" content=\"Est. tempo de leitura\" \/>\n\t<meta name=\"twitter:data2\" content=\"5 minutos\" \/>\n<script type=\"application\/ld+json\" class=\"yoast-schema-graph\">{\"@context\":\"https:\\\/\\\/schema.org\",\"@graph\":[{\"@type\":\"Article\",\"@id\":\"https:\\\/\\\/jornalboasnoticias.com.br\\\/home\\\/empresas-tem-ate-esta-sexta-feira-para-pagar-o-decimo-terceiro-salario\\\/#article\",\"isPartOf\":{\"@id\":\"https:\\\/\\\/jornalboasnoticias.com.br\\\/home\\\/empresas-tem-ate-esta-sexta-feira-para-pagar-o-decimo-terceiro-salario\\\/\"},\"author\":{\"name\":\"Ana Luiza Bonatto\",\"@id\":\"https:\\\/\\\/jornalboasnoticias.com.br\\\/home\\\/#\\\/schema\\\/person\\\/d641193e0afc6405b390164dac847971\"},\"headline\":\"Empresas t\u00eam at\u00e9 esta sexta-feira para pagar o d\u00e9cimo terceiro sal\u00e1rio\",\"datePublished\":\"2024-11-27T17:30:09+00:00\",\"mainEntityOfPage\":{\"@id\":\"https:\\\/\\\/jornalboasnoticias.com.br\\\/home\\\/empresas-tem-ate-esta-sexta-feira-para-pagar-o-decimo-terceiro-salario\\\/\"},\"wordCount\":844,\"commentCount\":0,\"publisher\":{\"@id\":\"https:\\\/\\\/jornalboasnoticias.com.br\\\/home\\\/#organization\"},\"image\":{\"@id\":\"https:\\\/\\\/jornalboasnoticias.com.br\\\/home\\\/empresas-tem-ate-esta-sexta-feira-para-pagar-o-decimo-terceiro-salario\\\/#primaryimage\"},\"thumbnailUrl\":\"https:\\\/\\\/jornalboasnoticias.com.br\\\/home\\\/wp-content\\\/uploads\\\/2024\\\/11\\\/dinheiro_caixa_mcajr_abr_2907221128.webp\",\"articleSection\":[\"BRASIL\",\"DESTAQUE\"],\"inLanguage\":\"pt-BR\",\"potentialAction\":[{\"@type\":\"CommentAction\",\"name\":\"Comment\",\"target\":[\"https:\\\/\\\/jornalboasnoticias.com.br\\\/home\\\/empresas-tem-ate-esta-sexta-feira-para-pagar-o-decimo-terceiro-salario\\\/#respond\"]}]},{\"@type\":\"WebPage\",\"@id\":\"https:\\\/\\\/jornalboasnoticias.com.br\\\/home\\\/empresas-tem-ate-esta-sexta-feira-para-pagar-o-decimo-terceiro-salario\\\/\",\"url\":\"https:\\\/\\\/jornalboasnoticias.com.br\\\/home\\\/empresas-tem-ate-esta-sexta-feira-para-pagar-o-decimo-terceiro-salario\\\/\",\"name\":\"Empresas t\u00eam at\u00e9 esta sexta-feira para pagar o d\u00e9cimo terceiro sal\u00e1rio - Jornal\",\"isPartOf\":{\"@id\":\"https:\\\/\\\/jornalboasnoticias.com.br\\\/home\\\/#website\"},\"primaryImageOfPage\":{\"@id\":\"https:\\\/\\\/jornalboasnoticias.com.br\\\/home\\\/empresas-tem-ate-esta-sexta-feira-para-pagar-o-decimo-terceiro-salario\\\/#primaryimage\"},\"image\":{\"@id\":\"https:\\\/\\\/jornalboasnoticias.com.br\\\/home\\\/empresas-tem-ate-esta-sexta-feira-para-pagar-o-decimo-terceiro-salario\\\/#primaryimage\"},\"thumbnailUrl\":\"https:\\\/\\\/jornalboasnoticias.com.br\\\/home\\\/wp-content\\\/uploads\\\/2024\\\/11\\\/dinheiro_caixa_mcajr_abr_2907221128.webp\",\"datePublished\":\"2024-11-27T17:30:09+00:00\",\"description\":\"Empresas t\u00eam at\u00e9 esta sexta-feira para pagar o d\u00e9cimo terceiro sal\u00e1rio\",\"breadcrumb\":{\"@id\":\"https:\\\/\\\/jornalboasnoticias.com.br\\\/home\\\/empresas-tem-ate-esta-sexta-feira-para-pagar-o-decimo-terceiro-salario\\\/#breadcrumb\"},\"inLanguage\":\"pt-BR\",\"potentialAction\":[{\"@type\":\"ReadAction\",\"target\":[\"https:\\\/\\\/jornalboasnoticias.com.br\\\/home\\\/empresas-tem-ate-esta-sexta-feira-para-pagar-o-decimo-terceiro-salario\\\/\"]}]},{\"@type\":\"ImageObject\",\"inLanguage\":\"pt-BR\",\"@id\":\"https:\\\/\\\/jornalboasnoticias.com.br\\\/home\\\/empresas-tem-ate-esta-sexta-feira-para-pagar-o-decimo-terceiro-salario\\\/#primaryimage\",\"url\":\"https:\\\/\\\/jornalboasnoticias.com.br\\\/home\\\/wp-content\\\/uploads\\\/2024\\\/11\\\/dinheiro_caixa_mcajr_abr_2907221128.webp\",\"contentUrl\":\"https:\\\/\\\/jornalboasnoticias.com.br\\\/home\\\/wp-content\\\/uploads\\\/2024\\\/11\\\/dinheiro_caixa_mcajr_abr_2907221128.webp\",\"width\":1170,\"height\":700,\"caption\":\"\u00a9 Marcello Casal JrAg\u00eancia Brasil\"},{\"@type\":\"BreadcrumbList\",\"@id\":\"https:\\\/\\\/jornalboasnoticias.com.br\\\/home\\\/empresas-tem-ate-esta-sexta-feira-para-pagar-o-decimo-terceiro-salario\\\/#breadcrumb\",\"itemListElement\":[{\"@type\":\"ListItem\",\"position\":1,\"name\":\"In\u00edcio\",\"item\":\"https:\\\/\\\/jornalboasnoticias.com.br\\\/home\\\/\"},{\"@type\":\"ListItem\",\"position\":2,\"name\":\"Empresas t\u00eam at\u00e9 esta sexta-feira para pagar o d\u00e9cimo terceiro sal\u00e1rio\"}]},{\"@type\":\"WebSite\",\"@id\":\"https:\\\/\\\/jornalboasnoticias.com.br\\\/home\\\/#website\",\"url\":\"https:\\\/\\\/jornalboasnoticias.com.br\\\/home\\\/\",\"name\":\"Jornal Boas Not\u00edcias\",\"description\":\"Boas not\u00edcias\",\"publisher\":{\"@id\":\"https:\\\/\\\/jornalboasnoticias.com.br\\\/home\\\/#organization\"},\"potentialAction\":[{\"@type\":\"SearchAction\",\"target\":{\"@type\":\"EntryPoint\",\"urlTemplate\":\"https:\\\/\\\/jornalboasnoticias.com.br\\\/home\\\/?s={search_term_string}\"},\"query-input\":{\"@type\":\"PropertyValueSpecification\",\"valueRequired\":true,\"valueName\":\"search_term_string\"}}],\"inLanguage\":\"pt-BR\"},{\"@type\":\"Organization\",\"@id\":\"https:\\\/\\\/jornalboasnoticias.com.br\\\/home\\\/#organization\",\"name\":\"Coq Editora Ltda\",\"alternateName\":\"Jornal Boas Noticias\",\"url\":\"https:\\\/\\\/jornalboasnoticias.com.br\\\/home\\\/\",\"logo\":{\"@type\":\"ImageObject\",\"inLanguage\":\"pt-BR\",\"@id\":\"https:\\\/\\\/jornalboasnoticias.com.br\\\/home\\\/#\\\/schema\\\/logo\\\/image\\\/\",\"url\":\"https:\\\/\\\/jornalboasnoticias.com.br\\\/home\\\/wp-content\\\/uploads\\\/2024\\\/07\\\/cropped-logo.jpg\",\"contentUrl\":\"https:\\\/\\\/jornalboasnoticias.com.br\\\/home\\\/wp-content\\\/uploads\\\/2024\\\/07\\\/cropped-logo.jpg\",\"width\":290,\"height\":142,\"caption\":\"Coq Editora Ltda\"},\"image\":{\"@id\":\"https:\\\/\\\/jornalboasnoticias.com.br\\\/home\\\/#\\\/schema\\\/logo\\\/image\\\/\"},\"sameAs\":[\"https:\\\/\\\/www.facebook.com\\\/boasnoticiasjornal\"]},{\"@type\":\"Person\",\"@id\":\"https:\\\/\\\/jornalboasnoticias.com.br\\\/home\\\/#\\\/schema\\\/person\\\/d641193e0afc6405b390164dac847971\",\"name\":\"Ana Luiza Bonatto\",\"image\":{\"@type\":\"ImageObject\",\"inLanguage\":\"pt-BR\",\"@id\":\"https:\\\/\\\/secure.gravatar.com\\\/avatar\\\/8a055ebe6373371f67ac6fcf313c0ac0b0a91157fdcdb9514fa62927373348f0?s=96&d=mm&r=g\",\"url\":\"https:\\\/\\\/secure.gravatar.com\\\/avatar\\\/8a055ebe6373371f67ac6fcf313c0ac0b0a91157fdcdb9514fa62927373348f0?s=96&d=mm&r=g\",\"contentUrl\":\"https:\\\/\\\/secure.gravatar.com\\\/avatar\\\/8a055ebe6373371f67ac6fcf313c0ac0b0a91157fdcdb9514fa62927373348f0?s=96&d=mm&r=g\",\"caption\":\"Ana Luiza Bonatto\"},\"url\":\"https:\\\/\\\/jornalboasnoticias.com.br\\\/home\\\/author\\\/ana-luiza\\\/\"}]}<\/script>\n<!-- \/ Yoast SEO plugin. -->","yoast_head_json":{"title":"Empresas t\u00eam at\u00e9 esta sexta-feira para pagar o d\u00e9cimo terceiro sal\u00e1rio - Jornal","description":"Empresas t\u00eam at\u00e9 esta sexta-feira para pagar o d\u00e9cimo terceiro sal\u00e1rio","robots":{"index":"index","follow":"follow","max-snippet":"max-snippet:-1","max-image-preview":"max-image-preview:large","max-video-preview":"max-video-preview:-1"},"canonical":"https:\/\/jornalboasnoticias.com.br\/home\/empresas-tem-ate-esta-sexta-feira-para-pagar-o-decimo-terceiro-salario\/","og_locale":"pt_BR","og_type":"article","og_title":"Empresas t\u00eam at\u00e9 esta sexta-feira para pagar o d\u00e9cimo terceiro sal\u00e1rio - Jornal","og_description":"Empresas t\u00eam at\u00e9 esta sexta-feira para pagar o d\u00e9cimo terceiro sal\u00e1rio","og_url":"https:\/\/jornalboasnoticias.com.br\/home\/empresas-tem-ate-esta-sexta-feira-para-pagar-o-decimo-terceiro-salario\/","og_site_name":"Jornal","article_publisher":"https:\/\/www.facebook.com\/boasnoticiasjornal","article_published_time":"2024-11-27T17:30:09+00:00","og_image":[{"width":1170,"height":700,"url":"https:\/\/jornalboasnoticias.com.br\/home\/wp-content\/uploads\/2024\/11\/dinheiro_caixa_mcajr_abr_2907221128.webp","type":"image\/webp"}],"author":"Ana Luiza Bonatto","twitter_card":"summary_large_image","twitter_misc":{"Escrito por":"Ana Luiza Bonatto","Est. tempo de leitura":"5 minutos"},"schema":{"@context":"https:\/\/schema.org","@graph":[{"@type":"Article","@id":"https:\/\/jornalboasnoticias.com.br\/home\/empresas-tem-ate-esta-sexta-feira-para-pagar-o-decimo-terceiro-salario\/#article","isPartOf":{"@id":"https:\/\/jornalboasnoticias.com.br\/home\/empresas-tem-ate-esta-sexta-feira-para-pagar-o-decimo-terceiro-salario\/"},"author":{"name":"Ana Luiza Bonatto","@id":"https:\/\/jornalboasnoticias.com.br\/home\/#\/schema\/person\/d641193e0afc6405b390164dac847971"},"headline":"Empresas t\u00eam at\u00e9 esta sexta-feira para pagar o d\u00e9cimo terceiro sal\u00e1rio","datePublished":"2024-11-27T17:30:09+00:00","mainEntityOfPage":{"@id":"https:\/\/jornalboasnoticias.com.br\/home\/empresas-tem-ate-esta-sexta-feira-para-pagar-o-decimo-terceiro-salario\/"},"wordCount":844,"commentCount":0,"publisher":{"@id":"https:\/\/jornalboasnoticias.com.br\/home\/#organization"},"image":{"@id":"https:\/\/jornalboasnoticias.com.br\/home\/empresas-tem-ate-esta-sexta-feira-para-pagar-o-decimo-terceiro-salario\/#primaryimage"},"thumbnailUrl":"https:\/\/jornalboasnoticias.com.br\/home\/wp-content\/uploads\/2024\/11\/dinheiro_caixa_mcajr_abr_2907221128.webp","articleSection":["BRASIL","DESTAQUE"],"inLanguage":"pt-BR","potentialAction":[{"@type":"CommentAction","name":"Comment","target":["https:\/\/jornalboasnoticias.com.br\/home\/empresas-tem-ate-esta-sexta-feira-para-pagar-o-decimo-terceiro-salario\/#respond"]}]},{"@type":"WebPage","@id":"https:\/\/jornalboasnoticias.com.br\/home\/empresas-tem-ate-esta-sexta-feira-para-pagar-o-decimo-terceiro-salario\/","url":"https:\/\/jornalboasnoticias.com.br\/home\/empresas-tem-ate-esta-sexta-feira-para-pagar-o-decimo-terceiro-salario\/","name":"Empresas t\u00eam at\u00e9 esta sexta-feira para pagar o d\u00e9cimo terceiro sal\u00e1rio - Jornal","isPartOf":{"@id":"https:\/\/jornalboasnoticias.com.br\/home\/#website"},"primaryImageOfPage":{"@id":"https:\/\/jornalboasnoticias.com.br\/home\/empresas-tem-ate-esta-sexta-feira-para-pagar-o-decimo-terceiro-salario\/#primaryimage"},"image":{"@id":"https:\/\/jornalboasnoticias.com.br\/home\/empresas-tem-ate-esta-sexta-feira-para-pagar-o-decimo-terceiro-salario\/#primaryimage"},"thumbnailUrl":"https:\/\/jornalboasnoticias.com.br\/home\/wp-content\/uploads\/2024\/11\/dinheiro_caixa_mcajr_abr_2907221128.webp","datePublished":"2024-11-27T17:30:09+00:00","description":"Empresas t\u00eam at\u00e9 esta sexta-feira para pagar o d\u00e9cimo terceiro sal\u00e1rio","breadcrumb":{"@id":"https:\/\/jornalboasnoticias.com.br\/home\/empresas-tem-ate-esta-sexta-feira-para-pagar-o-decimo-terceiro-salario\/#breadcrumb"},"inLanguage":"pt-BR","potentialAction":[{"@type":"ReadAction","target":["https:\/\/jornalboasnoticias.com.br\/home\/empresas-tem-ate-esta-sexta-feira-para-pagar-o-decimo-terceiro-salario\/"]}]},{"@type":"ImageObject","inLanguage":"pt-BR","@id":"https:\/\/jornalboasnoticias.com.br\/home\/empresas-tem-ate-esta-sexta-feira-para-pagar-o-decimo-terceiro-salario\/#primaryimage","url":"https:\/\/jornalboasnoticias.com.br\/home\/wp-content\/uploads\/2024\/11\/dinheiro_caixa_mcajr_abr_2907221128.webp","contentUrl":"https:\/\/jornalboasnoticias.com.br\/home\/wp-content\/uploads\/2024\/11\/dinheiro_caixa_mcajr_abr_2907221128.webp","width":1170,"height":700,"caption":"\u00a9 Marcello Casal JrAg\u00eancia Brasil"},{"@type":"BreadcrumbList","@id":"https:\/\/jornalboasnoticias.com.br\/home\/empresas-tem-ate-esta-sexta-feira-para-pagar-o-decimo-terceiro-salario\/#breadcrumb","itemListElement":[{"@type":"ListItem","position":1,"name":"In\u00edcio","item":"https:\/\/jornalboasnoticias.com.br\/home\/"},{"@type":"ListItem","position":2,"name":"Empresas t\u00eam at\u00e9 esta sexta-feira para pagar o d\u00e9cimo terceiro sal\u00e1rio"}]},{"@type":"WebSite","@id":"https:\/\/jornalboasnoticias.com.br\/home\/#website","url":"https:\/\/jornalboasnoticias.com.br\/home\/","name":"Jornal Boas Not\u00edcias","description":"Boas not\u00edcias","publisher":{"@id":"https:\/\/jornalboasnoticias.com.br\/home\/#organization"},"potentialAction":[{"@type":"SearchAction","target":{"@type":"EntryPoint","urlTemplate":"https:\/\/jornalboasnoticias.com.br\/home\/?s={search_term_string}"},"query-input":{"@type":"PropertyValueSpecification","valueRequired":true,"valueName":"search_term_string"}}],"inLanguage":"pt-BR"},{"@type":"Organization","@id":"https:\/\/jornalboasnoticias.com.br\/home\/#organization","name":"Coq Editora Ltda","alternateName":"Jornal Boas Noticias","url":"https:\/\/jornalboasnoticias.com.br\/home\/","logo":{"@type":"ImageObject","inLanguage":"pt-BR","@id":"https:\/\/jornalboasnoticias.com.br\/home\/#\/schema\/logo\/image\/","url":"https:\/\/jornalboasnoticias.com.br\/home\/wp-content\/uploads\/2024\/07\/cropped-logo.jpg","contentUrl":"https:\/\/jornalboasnoticias.com.br\/home\/wp-content\/uploads\/2024\/07\/cropped-logo.jpg","width":290,"height":142,"caption":"Coq Editora Ltda"},"image":{"@id":"https:\/\/jornalboasnoticias.com.br\/home\/#\/schema\/logo\/image\/"},"sameAs":["https:\/\/www.facebook.com\/boasnoticiasjornal"]},{"@type":"Person","@id":"https:\/\/jornalboasnoticias.com.br\/home\/#\/schema\/person\/d641193e0afc6405b390164dac847971","name":"Ana Luiza Bonatto","image":{"@type":"ImageObject","inLanguage":"pt-BR","@id":"https:\/\/secure.gravatar.com\/avatar\/8a055ebe6373371f67ac6fcf313c0ac0b0a91157fdcdb9514fa62927373348f0?s=96&d=mm&r=g","url":"https:\/\/secure.gravatar.com\/avatar\/8a055ebe6373371f67ac6fcf313c0ac0b0a91157fdcdb9514fa62927373348f0?s=96&d=mm&r=g","contentUrl":"https:\/\/secure.gravatar.com\/avatar\/8a055ebe6373371f67ac6fcf313c0ac0b0a91157fdcdb9514fa62927373348f0?s=96&d=mm&r=g","caption":"Ana Luiza Bonatto"},"url":"https:\/\/jornalboasnoticias.com.br\/home\/author\/ana-luiza\/"}]}},"_links":{"self":[{"href":"https:\/\/jornalboasnoticias.com.br\/home\/wp-json\/wp\/v2\/posts\/45790","targetHints":{"allow":["GET"]}}],"collection":[{"href":"https:\/\/jornalboasnoticias.com.br\/home\/wp-json\/wp\/v2\/posts"}],"about":[{"href":"https:\/\/jornalboasnoticias.com.br\/home\/wp-json\/wp\/v2\/types\/post"}],"author":[{"embeddable":true,"href":"https:\/\/jornalboasnoticias.com.br\/home\/wp-json\/wp\/v2\/users\/4"}],"replies":[{"embeddable":true,"href":"https:\/\/jornalboasnoticias.com.br\/home\/wp-json\/wp\/v2\/comments?post=45790"}],"version-history":[{"count":1,"href":"https:\/\/jornalboasnoticias.com.br\/home\/wp-json\/wp\/v2\/posts\/45790\/revisions"}],"predecessor-version":[{"id":45792,"href":"https:\/\/jornalboasnoticias.com.br\/home\/wp-json\/wp\/v2\/posts\/45790\/revisions\/45792"}],"wp:featuredmedia":[{"embeddable":true,"href":"https:\/\/jornalboasnoticias.com.br\/home\/wp-json\/wp\/v2\/media\/45791"}],"wp:attachment":[{"href":"https:\/\/jornalboasnoticias.com.br\/home\/wp-json\/wp\/v2\/media?parent=45790"}],"wp:term":[{"taxonomy":"category","embeddable":true,"href":"https:\/\/jornalboasnoticias.com.br\/home\/wp-json\/wp\/v2\/categories?post=45790"},{"taxonomy":"post_tag","embeddable":true,"href":"https:\/\/jornalboasnoticias.com.br\/home\/wp-json\/wp\/v2\/tags?post=45790"}],"curies":[{"name":"wp","href":"https:\/\/api.w.org\/{rel}","templated":true}]}}